{"id":49458,"date":"2025-07-04T21:00:00","date_gmt":"2025-07-04T19:00:00","guid":{"rendered":"https:\/\/hijasdejesus.org\/we-celebrate-the-life-of-fr-herranz-sj\/"},"modified":"2025-07-14T17:06:25","modified_gmt":"2025-07-14T15:06:25","slug":"we-celebrate-the-life-of-fr-herranz-sj","status":"publish","type":"post","link":"https:\/\/hijasdejesus.org\/en\/we-celebrate-the-life-of-fr-herranz-sj\/","title":{"rendered":"We celebrate the life of Fr. Herranz, sj"},"content":{"rendered":"\n<h2 class=\"wp-block-heading\">Providential encounter  <\/h2>\n\n<p>Today, July 5, <a href=\"https:\/\/hijasdejesus.org\/en\/events\/birth-of-fr-herranz-sj\/\">we remember with gratitude and affection the birth of Fr. Miguel San Jos\u00e9 Herranz, sj<\/a>, a Jesuit priest whom the Lord placed on the path of Mother Candida Maria de Jesus to accompany her in the beginnings of the Congregation of the Daughters of Jesus.<\/p>\n\n<p><strong>Herranz was for Mother Candida a spiritual companion, a brother in the following of Jesus and a fundamental help in discovering and confirming her vocation.  <\/strong>Providence would have it that their paths crossed in 1868, in Valladolid, in the church of San Felipe de la Penitencia. From that meeting, a relationship of deep trust and spiritual discernment was born, always oriented to seek the greater glory of God. <\/p>\n\n<h2 class=\"wp-block-heading\">A fruitful spiritual accompaniment<\/h2>\n\n<p>From that time and its links, 209 letters written by Father Herranz to Mother Candida are preserved in our Archives. Unfortunately, her replies have not been preserved, but in <a href=\"https:\/\/recursos.hijasdejesus.org\/?view=file&amp;id=11:cartas-mf-001-al-p-herranz-sj&amp;catid=24\">one of the oldest autograph letters we have, dated September 22, 1872<\/a>, the foundress shows on the one hand the closeness and affection with which she treats Father Herranz and also her strength and unshakable faith in the midst of difficulties: <\/p>\n\n<blockquote class=\"wp-block-quote is-layout-flow wp-block-quote-is-layout-flow\">\n<p><em>My unforgettable Rev. Father: I received your letter, which gave me so much joy, on Saturday afternoon, and I could not read it until the next day because I went to bed in the middle of the afternoon, as I was so sick in the head and threw out the little food I had eaten, as you know. But don&#8217;t be frightened, for God is stronger than the devil. Don&#8217;t you think it&#8217;s a good sign when the enemy is angry? At least, I have no more pleasure than to see him in despair, and then I say: &#8220;Thank God, we are doing well, we are going ahead with great courage to wage war against hell. Who like God?&#8221; [&#8230;] You cannot imagine how happy we all are, conforming ourselves to the will of God and His Most Holy Mother, in the hope that He will obtain for me what I ask of Him if it is for the greater glory of God; and, if not, may He give us conformity and strength with His most holy will.    <\/em><\/p>\n<\/blockquote>\n\n<p>The relationship between the two was not only one of spiritual direction (which is what spiritual accompaniment was called at that time), but also of working together to define the way of life of the Institute and to draw up its first Constitutions.<strong>. Father Herranz presided over the act of foundation on December 8, 1871 in Salamanca, imposing the habit on Mother Candida and the first companions.<\/strong><\/p>\n\n<p>M. Candida will say in another part of the letter: M. Candida, in another part of the letter:<\/p>\n\n<blockquote class=\"wp-block-quote is-layout-flow wp-block-quote-is-layout-flow\">\n<p><em>I tell you again that we are very satisfied and happy. I tell you how I feel. You made me cry with the news of San Francisco. We are looking step by step, and we will see the hand of God, and we will be more affirmed by his divine finger. (&#8230;)<\/em> <em>Farewell, my Father, En\u00e9! This is your daughter who wants to see you in the Heart of Jesus,  <\/em><\/p>\n<\/blockquote>\n\n<h2 class=\"wp-block-heading\">Friendship in God, fruits for the Kingdom<\/h2>\n\n<p>Miguel San Jos\u00e9 Herranz continue to inspire us to live with righteousness, firmness and goodness, as he knew how to do, always attentive to the voice of God and available to his will. <strong>His life and his friendship in the Lord with Mother Candida remind us how spiritual accompaniment and friendships born in God can bear abundant fruit for the Kingdom<\/strong>, sustaining paths, encouraging vocations and making possible the work that He dreams of for His Church.<\/p>\n\n<p><strong>Happy Birthday to Fr. Herranz in the Father&#8217;s House!<\/strong><\/p>\n","protected":false},"excerpt":{"rendered":"<p>Providential encounter Today, July 5, we remember with gratitude and affection the birth of Fr. Miguel San Jos\u00e9 Herranz, sj, a Jesuit priest whom the Lord placed on the path of Mother Candida Maria de Jesus to accompany her in the beginnings of the Congregation of the Daughters of Jesus. Herranz was for Mother Candida [&hellip;]<\/p>\n","protected":false},"author":36,"featured_media":49439,"comment_status":"closed","ping_status":"closed","sticky":false,"template":"","format":"standard","meta":{"_et_pb_use_builder":"","_et_pb_old_content":"","_et_gb_content_width":"","footnotes":"","_links_to":"","_links_to_target":""},"categories":[528,412],"tags":[1374,789],"class_list":["post-49458","post","type-post","status-publish","format-standard","has-post-thumbnail","hentry","category-hijas-de-jesus-en","category-news","tag-father-herranz-sj","tag-saint-candida"],"yoast_head":"<!-- This site is optimized with the Yoast SEO plugin v27.5 - https:\/\/yoast.com\/product\/yoast-seo-wordpress\/ -->\n<title>We celebrate the life of Fr. Herranz, sj - Hijas de Jes\u00fas<\/title>\n<meta name=\"description\" content=\"We remember Fr. Herranz, spiritual director and friend in the Lord of Mother Candida. His friendship in God bore fruit for the Kingdom.\" \/>\n<meta name=\"robots\" content=\"index, follow, max-snippet:-1, max-image-preview:large, max-video-preview:-1\" \/>\n<link rel=\"canonical\" href=\"https:\/\/hijasdejesus.org\/en\/we-celebrate-the-life-of-fr-herranz-sj\/\" \/>\n<meta property=\"og:locale\" content=\"en_US\" \/>\n<meta property=\"og:type\" content=\"article\" \/>\n<meta property=\"og:title\" content=\"We celebrate the life of Fr. Herranz, sj - Hijas de Jes\u00fas\" \/>\n<meta property=\"og:description\" content=\"We remember Fr. Herranz, spiritual director and friend in the Lord of Mother Candida. His friendship in God bore fruit for the Kingdom.\" \/>\n<meta property=\"og:url\" content=\"https:\/\/hijasdejesus.org\/en\/we-celebrate-the-life-of-fr-herranz-sj\/\" \/>\n<meta property=\"og:site_name\" content=\"Hijas de Jes\u00fas\" \/>\n<meta property=\"article:publisher\" content=\"https:\/\/www.facebook.com\/hijasdejesusenelmundo\/\" \/>\n<meta property=\"article:published_time\" content=\"2025-07-04T19:00:00+00:00\" \/>\n<meta property=\"article:modified_time\" content=\"2025-07-14T15:06:25+00:00\" \/>\n<meta property=\"og:image\" content=\"https:\/\/hijasdejesus.org\/wp-content\/uploads\/2025\/07\/Portadas-web-5-1024x726.png\" \/>\n\t<meta property=\"og:image:width\" content=\"1024\" \/>\n\t<meta property=\"og:image:height\" content=\"726\" \/>\n\t<meta property=\"og:image:type\" content=\"image\/png\" \/>\n<meta name=\"author\" content=\"Comunicaci\u00f3n Internacional\" \/>\n<meta name=\"twitter:card\" content=\"summary_large_image\" \/>\n<meta name=\"twitter:creator\" content=\"@hijasdjesus\" \/>\n<meta name=\"twitter:site\" content=\"@hijasdjesus\" \/>\n<meta name=\"twitter:label1\" content=\"Written by\" \/>\n\t<meta name=\"twitter:data1\" content=\"Comunicaci\u00f3n Internacional\" \/>\n\t<meta name=\"twitter:label2\" content=\"Est. reading time\" \/>\n\t<meta name=\"twitter:data2\" content=\"3 minutes\" \/>\n<script type=\"application\/ld+json\" class=\"yoast-schema-graph\">{\"@context\":\"https:\\\/\\\/schema.org\",\"@graph\":[{\"@type\":\"Article\",\"@id\":\"https:\\\/\\\/hijasdejesus.org\\\/en\\\/we-celebrate-the-life-of-fr-herranz-sj\\\/#article\",\"isPartOf\":{\"@id\":\"https:\\\/\\\/hijasdejesus.org\\\/en\\\/we-celebrate-the-life-of-fr-herranz-sj\\\/\"},\"author\":{\"name\":\"Comunicaci\u00f3n Internacional\",\"@id\":\"https:\\\/\\\/hijasdejesus.org\\\/en\\\/#\\\/schema\\\/person\\\/91b9e676dca8842a983b89793a34e5b8\"},\"headline\":\"We celebrate the life of Fr. Herranz, sj\",\"datePublished\":\"2025-07-04T19:00:00+00:00\",\"dateModified\":\"2025-07-14T15:06:25+00:00\",\"mainEntityOfPage\":{\"@id\":\"https:\\\/\\\/hijasdejesus.org\\\/en\\\/we-celebrate-the-life-of-fr-herranz-sj\\\/\"},\"wordCount\":621,\"publisher\":{\"@id\":\"https:\\\/\\\/hijasdejesus.org\\\/en\\\/#organization\"},\"image\":{\"@id\":\"https:\\\/\\\/hijasdejesus.org\\\/en\\\/we-celebrate-the-life-of-fr-herranz-sj\\\/#primaryimage\"},\"thumbnailUrl\":\"https:\\\/\\\/hijasdejesus.org\\\/wp-content\\\/uploads\\\/2025\\\/07\\\/Portadas-web-5.png\",\"keywords\":[\"Father Herranz sj\",\"Saint Candida\"],\"articleSection\":[\"Hijas de Jes\u00fas\",\"News\"],\"inLanguage\":\"en-US\"},{\"@type\":\"WebPage\",\"@id\":\"https:\\\/\\\/hijasdejesus.org\\\/en\\\/we-celebrate-the-life-of-fr-herranz-sj\\\/\",\"url\":\"https:\\\/\\\/hijasdejesus.org\\\/en\\\/we-celebrate-the-life-of-fr-herranz-sj\\\/\",\"name\":\"We celebrate the life of Fr. Herranz, sj - Hijas de Jes\u00fas\",\"isPartOf\":{\"@id\":\"https:\\\/\\\/hijasdejesus.org\\\/en\\\/#website\"},\"primaryImageOfPage\":{\"@id\":\"https:\\\/\\\/hijasdejesus.org\\\/en\\\/we-celebrate-the-life-of-fr-herranz-sj\\\/#primaryimage\"},\"image\":{\"@id\":\"https:\\\/\\\/hijasdejesus.org\\\/en\\\/we-celebrate-the-life-of-fr-herranz-sj\\\/#primaryimage\"},\"thumbnailUrl\":\"https:\\\/\\\/hijasdejesus.org\\\/wp-content\\\/uploads\\\/2025\\\/07\\\/Portadas-web-5.png\",\"datePublished\":\"2025-07-04T19:00:00+00:00\",\"dateModified\":\"2025-07-14T15:06:25+00:00\",\"description\":\"We remember Fr. Herranz, spiritual director and friend in the Lord of Mother Candida. His friendship in God bore fruit for the Kingdom.\",\"breadcrumb\":{\"@id\":\"https:\\\/\\\/hijasdejesus.org\\\/en\\\/we-celebrate-the-life-of-fr-herranz-sj\\\/#breadcrumb\"},\"inLanguage\":\"en-US\",\"potentialAction\":[{\"@type\":\"ReadAction\",\"target\":[\"https:\\\/\\\/hijasdejesus.org\\\/en\\\/we-celebrate-the-life-of-fr-herranz-sj\\\/\"]}]},{\"@type\":\"ImageObject\",\"inLanguage\":\"en-US\",\"@id\":\"https:\\\/\\\/hijasdejesus.org\\\/en\\\/we-celebrate-the-life-of-fr-herranz-sj\\\/#primaryimage\",\"url\":\"https:\\\/\\\/hijasdejesus.org\\\/wp-content\\\/uploads\\\/2025\\\/07\\\/Portadas-web-5.png\",\"contentUrl\":\"https:\\\/\\\/hijasdejesus.org\\\/wp-content\\\/uploads\\\/2025\\\/07\\\/Portadas-web-5.png\",\"width\":1748,\"height\":1240},{\"@type\":\"BreadcrumbList\",\"@id\":\"https:\\\/\\\/hijasdejesus.org\\\/en\\\/we-celebrate-the-life-of-fr-herranz-sj\\\/#breadcrumb\",\"itemListElement\":[{\"@type\":\"ListItem\",\"position\":1,\"name\":\"Portada\",\"item\":\"https:\\\/\\\/hijasdejesus.org\\\/en\\\/\"},{\"@type\":\"ListItem\",\"position\":2,\"name\":\"We celebrate the life of Fr. Herranz, sj\"}]},{\"@type\":\"WebSite\",\"@id\":\"https:\\\/\\\/hijasdejesus.org\\\/en\\\/#website\",\"url\":\"https:\\\/\\\/hijasdejesus.org\\\/en\\\/\",\"name\":\"Hijas de Jes\u00fas\",\"description\":\"Despertamos a Jes\u00fas en el coraz\u00f3n, sacando lo mejor de las personas. Somos una congregaci\u00f3n religiosa ignaciana fundada por la Madre Candida\",\"publisher\":{\"@id\":\"https:\\\/\\\/hijasdejesus.org\\\/en\\\/#organization\"},\"potentialAction\":[{\"@type\":\"SearchAction\",\"target\":{\"@type\":\"EntryPoint\",\"urlTemplate\":\"https:\\\/\\\/hijasdejesus.org\\\/en\\\/?s={search_term_string}\"},\"query-input\":{\"@type\":\"PropertyValueSpecification\",\"valueRequired\":true,\"valueName\":\"search_term_string\"}}],\"inLanguage\":\"en-US\"},{\"@type\":\"Organization\",\"@id\":\"https:\\\/\\\/hijasdejesus.org\\\/en\\\/#organization\",\"name\":\"Hijas de Jes\u00fas\",\"url\":\"https:\\\/\\\/hijasdejesus.org\\\/en\\\/\",\"logo\":{\"@type\":\"ImageObject\",\"inLanguage\":\"en-US\",\"@id\":\"https:\\\/\\\/hijasdejesus.org\\\/en\\\/#\\\/schema\\\/logo\\\/image\\\/\",\"url\":\"https:\\\/\\\/hijasdejesus.org\\\/wp-content\\\/uploads\\\/2023\\\/01\\\/Hijas-de-Jesus_hor-A7C957.png\",\"contentUrl\":\"https:\\\/\\\/hijasdejesus.org\\\/wp-content\\\/uploads\\\/2023\\\/01\\\/Hijas-de-Jesus_hor-A7C957.png\",\"width\":700,\"height\":360,\"caption\":\"Hijas de Jes\u00fas\"},\"image\":{\"@id\":\"https:\\\/\\\/hijasdejesus.org\\\/en\\\/#\\\/schema\\\/logo\\\/image\\\/\"},\"sameAs\":[\"https:\\\/\\\/www.facebook.com\\\/hijasdejesusenelmundo\\\/\",\"https:\\\/\\\/x.com\\\/hijasdjesus\"]},{\"@type\":\"Person\",\"@id\":\"https:\\\/\\\/hijasdejesus.org\\\/en\\\/#\\\/schema\\\/person\\\/91b9e676dca8842a983b89793a34e5b8\",\"name\":\"Comunicaci\u00f3n Internacional\",\"image\":{\"@type\":\"ImageObject\",\"inLanguage\":\"en-US\",\"@id\":\"https:\\\/\\\/secure.gravatar.com\\\/avatar\\\/dcb9b61797c934872aa9209ebf48b92edfeb0819dcdcaa77cd84879d6def414d?s=96&d=mm&r=g\",\"url\":\"https:\\\/\\\/secure.gravatar.com\\\/avatar\\\/dcb9b61797c934872aa9209ebf48b92edfeb0819dcdcaa77cd84879d6def414d?s=96&d=mm&r=g\",\"contentUrl\":\"https:\\\/\\\/secure.gravatar.com\\\/avatar\\\/dcb9b61797c934872aa9209ebf48b92edfeb0819dcdcaa77cd84879d6def414d?s=96&d=mm&r=g\",\"caption\":\"Comunicaci\u00f3n Internacional\"},\"url\":\"https:\\\/\\\/hijasdejesus.org\\\/en\\\/author\\\/comunicacion-internacional\\\/\"}]}<\/script>\n<!-- \/ Yoast SEO plugin. -->","yoast_head_json":{"title":"We celebrate the life of Fr. Herranz, sj - Hijas de Jes\u00fas","description":"We remember Fr. Herranz, spiritual director and friend in the Lord of Mother Candida. His friendship in God bore fruit for the Kingdom.","robots":{"index":"index","follow":"follow","max-snippet":"max-snippet:-1","max-image-preview":"max-image-preview:large","max-video-preview":"max-video-preview:-1"},"canonical":"https:\/\/hijasdejesus.org\/en\/we-celebrate-the-life-of-fr-herranz-sj\/","og_locale":"en_US","og_type":"article","og_title":"We celebrate the life of Fr. Herranz, sj - Hijas de Jes\u00fas","og_description":"We remember Fr. Herranz, spiritual director and friend in the Lord of Mother Candida. His friendship in God bore fruit for the Kingdom.","og_url":"https:\/\/hijasdejesus.org\/en\/we-celebrate-the-life-of-fr-herranz-sj\/","og_site_name":"Hijas de Jes\u00fas","article_publisher":"https:\/\/www.facebook.com\/hijasdejesusenelmundo\/","article_published_time":"2025-07-04T19:00:00+00:00","article_modified_time":"2025-07-14T15:06:25+00:00","og_image":[{"width":1024,"height":726,"url":"https:\/\/hijasdejesus.org\/wp-content\/uploads\/2025\/07\/Portadas-web-5-1024x726.png","type":"image\/png"}],"author":"Comunicaci\u00f3n Internacional","twitter_card":"summary_large_image","twitter_creator":"@hijasdjesus","twitter_site":"@hijasdjesus","twitter_misc":{"Written by":"Comunicaci\u00f3n Internacional","Est. reading time":"3 minutes"},"schema":{"@context":"https:\/\/schema.org","@graph":[{"@type":"Article","@id":"https:\/\/hijasdejesus.org\/en\/we-celebrate-the-life-of-fr-herranz-sj\/#article","isPartOf":{"@id":"https:\/\/hijasdejesus.org\/en\/we-celebrate-the-life-of-fr-herranz-sj\/"},"author":{"name":"Comunicaci\u00f3n Internacional","@id":"https:\/\/hijasdejesus.org\/en\/#\/schema\/person\/91b9e676dca8842a983b89793a34e5b8"},"headline":"We celebrate the life of Fr. Herranz, sj","datePublished":"2025-07-04T19:00:00+00:00","dateModified":"2025-07-14T15:06:25+00:00","mainEntityOfPage":{"@id":"https:\/\/hijasdejesus.org\/en\/we-celebrate-the-life-of-fr-herranz-sj\/"},"wordCount":621,"publisher":{"@id":"https:\/\/hijasdejesus.org\/en\/#organization"},"image":{"@id":"https:\/\/hijasdejesus.org\/en\/we-celebrate-the-life-of-fr-herranz-sj\/#primaryimage"},"thumbnailUrl":"https:\/\/hijasdejesus.org\/wp-content\/uploads\/2025\/07\/Portadas-web-5.png","keywords":["Father Herranz sj","Saint Candida"],"articleSection":["Hijas de Jes\u00fas","News"],"inLanguage":"en-US"},{"@type":"WebPage","@id":"https:\/\/hijasdejesus.org\/en\/we-celebrate-the-life-of-fr-herranz-sj\/","url":"https:\/\/hijasdejesus.org\/en\/we-celebrate-the-life-of-fr-herranz-sj\/","name":"We celebrate the life of Fr. Herranz, sj - Hijas de Jes\u00fas","isPartOf":{"@id":"https:\/\/hijasdejesus.org\/en\/#website"},"primaryImageOfPage":{"@id":"https:\/\/hijasdejesus.org\/en\/we-celebrate-the-life-of-fr-herranz-sj\/#primaryimage"},"image":{"@id":"https:\/\/hijasdejesus.org\/en\/we-celebrate-the-life-of-fr-herranz-sj\/#primaryimage"},"thumbnailUrl":"https:\/\/hijasdejesus.org\/wp-content\/uploads\/2025\/07\/Portadas-web-5.png","datePublished":"2025-07-04T19:00:00+00:00","dateModified":"2025-07-14T15:06:25+00:00","description":"We remember Fr. Herranz, spiritual director and friend in the Lord of Mother Candida. His friendship in God bore fruit for the Kingdom.","breadcrumb":{"@id":"https:\/\/hijasdejesus.org\/en\/we-celebrate-the-life-of-fr-herranz-sj\/#breadcrumb"},"inLanguage":"en-US","potentialAction":[{"@type":"ReadAction","target":["https:\/\/hijasdejesus.org\/en\/we-celebrate-the-life-of-fr-herranz-sj\/"]}]},{"@type":"ImageObject","inLanguage":"en-US","@id":"https:\/\/hijasdejesus.org\/en\/we-celebrate-the-life-of-fr-herranz-sj\/#primaryimage","url":"https:\/\/hijasdejesus.org\/wp-content\/uploads\/2025\/07\/Portadas-web-5.png","contentUrl":"https:\/\/hijasdejesus.org\/wp-content\/uploads\/2025\/07\/Portadas-web-5.png","width":1748,"height":1240},{"@type":"BreadcrumbList","@id":"https:\/\/hijasdejesus.org\/en\/we-celebrate-the-life-of-fr-herranz-sj\/#breadcrumb","itemListElement":[{"@type":"ListItem","position":1,"name":"Portada","item":"https:\/\/hijasdejesus.org\/en\/"},{"@type":"ListItem","position":2,"name":"We celebrate the life of Fr. Herranz, sj"}]},{"@type":"WebSite","@id":"https:\/\/hijasdejesus.org\/en\/#website","url":"https:\/\/hijasdejesus.org\/en\/","name":"Hijas de Jes\u00fas","description":"Despertamos a Jes\u00fas en el coraz\u00f3n, sacando lo mejor de las personas. Somos una congregaci\u00f3n religiosa ignaciana fundada por la Madre Candida","publisher":{"@id":"https:\/\/hijasdejesus.org\/en\/#organization"},"potentialAction":[{"@type":"SearchAction","target":{"@type":"EntryPoint","urlTemplate":"https:\/\/hijasdejesus.org\/en\/?s={search_term_string}"},"query-input":{"@type":"PropertyValueSpecification","valueRequired":true,"valueName":"search_term_string"}}],"inLanguage":"en-US"},{"@type":"Organization","@id":"https:\/\/hijasdejesus.org\/en\/#organization","name":"Hijas de Jes\u00fas","url":"https:\/\/hijasdejesus.org\/en\/","logo":{"@type":"ImageObject","inLanguage":"en-US","@id":"https:\/\/hijasdejesus.org\/en\/#\/schema\/logo\/image\/","url":"https:\/\/hijasdejesus.org\/wp-content\/uploads\/2023\/01\/Hijas-de-Jesus_hor-A7C957.png","contentUrl":"https:\/\/hijasdejesus.org\/wp-content\/uploads\/2023\/01\/Hijas-de-Jesus_hor-A7C957.png","width":700,"height":360,"caption":"Hijas de Jes\u00fas"},"image":{"@id":"https:\/\/hijasdejesus.org\/en\/#\/schema\/logo\/image\/"},"sameAs":["https:\/\/www.facebook.com\/hijasdejesusenelmundo\/","https:\/\/x.com\/hijasdjesus"]},{"@type":"Person","@id":"https:\/\/hijasdejesus.org\/en\/#\/schema\/person\/91b9e676dca8842a983b89793a34e5b8","name":"Comunicaci\u00f3n Internacional","image":{"@type":"ImageObject","inLanguage":"en-US","@id":"https:\/\/secure.gravatar.com\/avatar\/dcb9b61797c934872aa9209ebf48b92edfeb0819dcdcaa77cd84879d6def414d?s=96&d=mm&r=g","url":"https:\/\/secure.gravatar.com\/avatar\/dcb9b61797c934872aa9209ebf48b92edfeb0819dcdcaa77cd84879d6def414d?s=96&d=mm&r=g","contentUrl":"https:\/\/secure.gravatar.com\/avatar\/dcb9b61797c934872aa9209ebf48b92edfeb0819dcdcaa77cd84879d6def414d?s=96&d=mm&r=g","caption":"Comunicaci\u00f3n Internacional"},"url":"https:\/\/hijasdejesus.org\/en\/author\/comunicacion-internacional\/"}]}},"_links":{"self":[{"href":"https:\/\/hijasdejesus.org\/en\/wp-json\/wp\/v2\/posts\/49458","targetHints":{"allow":["GET"]}}],"collection":[{"href":"https:\/\/hijasdejesus.org\/en\/wp-json\/wp\/v2\/posts"}],"about":[{"href":"https:\/\/hijasdejesus.org\/en\/wp-json\/wp\/v2\/types\/post"}],"author":[{"embeddable":true,"href":"https:\/\/hijasdejesus.org\/en\/wp-json\/wp\/v2\/users\/36"}],"replies":[{"embeddable":true,"href":"https:\/\/hijasdejesus.org\/en\/wp-json\/wp\/v2\/comments?post=49458"}],"version-history":[{"count":1,"href":"https:\/\/hijasdejesus.org\/en\/wp-json\/wp\/v2\/posts\/49458\/revisions"}],"predecessor-version":[{"id":49459,"href":"https:\/\/hijasdejesus.org\/en\/wp-json\/wp\/v2\/posts\/49458\/revisions\/49459"}],"wp:featuredmedia":[{"embeddable":true,"href":"https:\/\/hijasdejesus.org\/en\/wp-json\/wp\/v2\/media\/49439"}],"wp:attachment":[{"href":"https:\/\/hijasdejesus.org\/en\/wp-json\/wp\/v2\/media?parent=49458"}],"wp:term":[{"taxonomy":"category","embeddable":true,"href":"https:\/\/hijasdejesus.org\/en\/wp-json\/wp\/v2\/categories?post=49458"},{"taxonomy":"post_tag","embeddable":true,"href":"https:\/\/hijasdejesus.org\/en\/wp-json\/wp\/v2\/tags?post=49458"}],"curies":[{"name":"wp","href":"https:\/\/api.w.org\/{rel}","templated":true}]}}