{"id":49978,"date":"2025-07-31T02:05:55","date_gmt":"2025-07-31T00:05:55","guid":{"rendered":"https:\/\/hijasdejesus.org\/day-6-pilgrims-of-hope-in-rome\/"},"modified":"2025-07-31T13:34:33","modified_gmt":"2025-07-31T11:34:33","slug":"day-6-pilgrims-of-hope-in-rome","status":"publish","type":"post","link":"https:\/\/hijasdejesus.org\/en\/day-6-pilgrims-of-hope-in-rome\/","title":{"rendered":"Day 6 : Pilgrims of hope in Rome!"},"content":{"rendered":"\n<h3 class=\"wp-block-heading\">A day of travel and collaboration<\/h3>\n\n<p>The sixth day of the pilgrimage was marked by the journey from Badalona to Rome. It was a day of transit, but no less significant for that. The journey was lived with enthusiasm, collaboration and joy among the young IFs from America and Spain, who are already walking together as a single pilgrim community.  <\/p>\n\n<p>Upon arrival in Rome, they completed the necessary formalities for their participation in the Youth Jubilee: credentials, activation of QRs to access meals and public transportation, and the download of the official app. Each step was lived as an opportunity to help each other, continue to get to know each other and strengthen the shared experience. <\/p>\n\n<figure class=\"wp-block-gallery has-nested-images columns-default is-cropped wp-block-gallery-1 is-layout-flex wp-block-gallery-is-layout-flex\">\n<figure class=\"wp-block-image size-large\"><img loading=\"lazy\" decoding=\"async\" width=\"1024\" height=\"726\" data-id=\"49950\" src=\"https:\/\/hijasdejesus.org\/wp-content\/uploads\/2025\/07\/2-2-1024x726.png\" alt=\"\" class=\"wp-image-49950\" srcset=\"https:\/\/hijasdejesus.org\/wp-content\/uploads\/2025\/07\/2-2-980x695.png 980w, https:\/\/hijasdejesus.org\/wp-content\/uploads\/2025\/07\/2-2-480x341.png 480w\" sizes=\"(min-width: 0px) and (max-width: 480px) 480px, (min-width: 481px) and (max-width: 980px) 980px, (min-width: 981px) 1024px, 100vw\" \/><\/figure>\n\n\n\n<figure class=\"wp-block-image size-large\"><img loading=\"lazy\" decoding=\"async\" width=\"1024\" height=\"726\" data-id=\"49954\" src=\"https:\/\/hijasdejesus.org\/wp-content\/uploads\/2025\/07\/3-2-1024x726.png\" alt=\"\" class=\"wp-image-49954\" srcset=\"https:\/\/hijasdejesus.org\/wp-content\/uploads\/2025\/07\/3-2-980x695.png 980w, https:\/\/hijasdejesus.org\/wp-content\/uploads\/2025\/07\/3-2-480x341.png 480w\" sizes=\"(min-width: 0px) and (max-width: 480px) 480px, (min-width: 481px) and (max-width: 980px) 980px, (min-width: 981px) 1024px, 100vw\" \/><\/figure>\n\n\n\n<figure class=\"wp-block-image size-large\"><img loading=\"lazy\" decoding=\"async\" width=\"1024\" height=\"726\" data-id=\"49958\" src=\"https:\/\/hijasdejesus.org\/wp-content\/uploads\/2025\/07\/1-2-1024x726.png\" alt=\"\" class=\"wp-image-49958\" srcset=\"https:\/\/hijasdejesus.org\/wp-content\/uploads\/2025\/07\/1-2-980x695.png 980w, https:\/\/hijasdejesus.org\/wp-content\/uploads\/2025\/07\/1-2-480x341.png 480w\" sizes=\"(min-width: 0px) and (max-width: 480px) 480px, (min-width: 481px) and (max-width: 980px) 980px, (min-width: 981px) 1024px, 100vw\" \/><\/figure>\n<\/figure>\n\n<p><\/p>\n\n<h3 class=\"wp-block-heading\">A closing with music and prayer<\/h3>\n\n<p>Already installed in the parish of <strong>St. Damasus<\/strong>, a community that has opened its doors to the pilgrims, the young people rested briefly before a very special experience.<\/p>\n\n<p>The day concluded with a <strong>concert by Cristobal Fones, sj<\/strong>, in the emblematic church of San Ignacio. The music, deep and prayerful, resonated in their hearts and turned into grateful prayer at the end of the day. <\/p>\n\n<figure class=\"wp-block-gallery has-nested-images columns-default is-cropped wp-block-gallery-2 is-layout-flex wp-block-gallery-is-layout-flex\">\n<figure class=\"wp-block-image size-large\"><img loading=\"lazy\" decoding=\"async\" width=\"1024\" height=\"726\" data-id=\"49966\" src=\"https:\/\/hijasdejesus.org\/wp-content\/uploads\/2025\/07\/4-2-1024x726.png\" alt=\"\" class=\"wp-image-49966\" srcset=\"https:\/\/hijasdejesus.org\/wp-content\/uploads\/2025\/07\/4-2-980x695.png 980w, https:\/\/hijasdejesus.org\/wp-content\/uploads\/2025\/07\/4-2-480x341.png 480w\" sizes=\"(min-width: 0px) and (max-width: 480px) 480px, (min-width: 481px) and (max-width: 980px) 980px, (min-width: 981px) 1024px, 100vw\" \/><\/figure>\n\n\n\n<figure class=\"wp-block-image size-large\"><img loading=\"lazy\" decoding=\"async\" width=\"1024\" height=\"726\" data-id=\"49962\" src=\"https:\/\/hijasdejesus.org\/wp-content\/uploads\/2025\/07\/5-2-1024x726.png\" alt=\"\" class=\"wp-image-49962\" srcset=\"https:\/\/hijasdejesus.org\/wp-content\/uploads\/2025\/07\/5-2-980x695.png 980w, https:\/\/hijasdejesus.org\/wp-content\/uploads\/2025\/07\/5-2-480x341.png 480w\" sizes=\"(min-width: 0px) and (max-width: 480px) 480px, (min-width: 481px) and (max-width: 980px) 980px, (min-width: 981px) 1024px, 100vw\" \/><\/figure>\n\n\n\n<figure class=\"wp-block-image size-large\"><img loading=\"lazy\" decoding=\"async\" width=\"1024\" height=\"726\" data-id=\"49970\" src=\"https:\/\/hijasdejesus.org\/wp-content\/uploads\/2025\/07\/6-2-1024x726.png\" alt=\"\" class=\"wp-image-49970\" srcset=\"https:\/\/hijasdejesus.org\/wp-content\/uploads\/2025\/07\/6-2-980x695.png 980w, https:\/\/hijasdejesus.org\/wp-content\/uploads\/2025\/07\/6-2-480x341.png 480w\" sizes=\"(min-width: 0px) and (max-width: 480px) 480px, (min-width: 481px) and (max-width: 980px) 980px, (min-width: 981px) 1024px, 100vw\" \/><\/figure>\n<\/figure>\n","protected":false},"excerpt":{"rendered":"<p>A day of travel and collaboration The sixth day of the pilgrimage was marked by the journey from Badalona to Rome. It was a day of transit, but no less significant for that. The journey was lived with enthusiasm, collaboration and joy among the young IFs from America and Spain, who are already walking together [&hellip;]<\/p>\n","protected":false},"author":36,"featured_media":49931,"comment_status":"closed","ping_status":"closed","sticky":false,"template":"","format":"standard","meta":{"_et_pb_use_builder":"","_et_pb_old_content":"","_et_gb_content_width":"","footnotes":"","_links_to":"","_links_to_target":""},"categories":[482,506,412,518,1287,536],"tags":[1270],"class_list":["post-49978","post","type-post","status-publish","format-standard","has-post-thumbnail","hentry","category-andean-america","category-brazil-caribbean","category-news","category-spain","category-young-fi","category-youth","tag-jubilee"],"yoast_head":"<!-- This site is optimized with the Yoast SEO plugin v27.5 - https:\/\/yoast.com\/product\/yoast-seo-wordpress\/ -->\n<title>Day 6 : Pilgrims of hope in Rome! - Hijas de Jes\u00fas<\/title>\n<meta name=\"description\" content=\"The group of young FIs from America and Spain arrived in Rome after a day of travel and preparation. A day marked by welcome, mutual service and the spiritual gift of the concert by Cristobal Fones sj.\" \/>\n<meta name=\"robots\" content=\"index, follow, max-snippet:-1, max-image-preview:large, max-video-preview:-1\" \/>\n<link rel=\"canonical\" href=\"https:\/\/hijasdejesus.org\/en\/day-6-pilgrims-of-hope-in-rome\/\" \/>\n<meta property=\"og:locale\" content=\"en_US\" \/>\n<meta property=\"og:type\" content=\"article\" \/>\n<meta property=\"og:title\" content=\"Day 6 : Pilgrims of hope in Rome! - Hijas de Jes\u00fas\" \/>\n<meta property=\"og:description\" content=\"The group of young FIs from America and Spain arrived in Rome after a day of travel and preparation. A day marked by welcome, mutual service and the spiritual gift of the concert by Cristobal Fones sj.\" \/>\n<meta property=\"og:url\" content=\"https:\/\/hijasdejesus.org\/en\/day-6-pilgrims-of-hope-in-rome\/\" \/>\n<meta property=\"og:site_name\" content=\"Hijas de Jes\u00fas\" \/>\n<meta property=\"article:publisher\" content=\"https:\/\/www.facebook.com\/hijasdejesusenelmundo\/\" \/>\n<meta property=\"article:published_time\" content=\"2025-07-31T00:05:55+00:00\" \/>\n<meta property=\"article:modified_time\" content=\"2025-07-31T11:34:33+00:00\" \/>\n<meta property=\"og:image\" content=\"https:\/\/hijasdejesus.org\/wp-content\/uploads\/2025\/07\/Portadas-web-10-1024x726.png\" \/>\n\t<meta property=\"og:image:width\" content=\"1024\" \/>\n\t<meta property=\"og:image:height\" content=\"726\" \/>\n\t<meta property=\"og:image:type\" content=\"image\/png\" \/>\n<meta name=\"author\" content=\"Comunicaci\u00f3n Internacional\" \/>\n<meta name=\"twitter:card\" content=\"summary_large_image\" \/>\n<meta name=\"twitter:creator\" content=\"@hijasdjesus\" \/>\n<meta name=\"twitter:site\" content=\"@hijasdjesus\" \/>\n<meta name=\"twitter:label1\" content=\"Written by\" \/>\n\t<meta name=\"twitter:data1\" content=\"Comunicaci\u00f3n Internacional\" \/>\n\t<meta name=\"twitter:label2\" content=\"Est. reading time\" \/>\n\t<meta name=\"twitter:data2\" content=\"1 minute\" \/>\n<script type=\"application\/ld+json\" class=\"yoast-schema-graph\">{\"@context\":\"https:\\\/\\\/schema.org\",\"@graph\":[{\"@type\":\"Article\",\"@id\":\"https:\\\/\\\/hijasdejesus.org\\\/en\\\/day-6-pilgrims-of-hope-in-rome\\\/#article\",\"isPartOf\":{\"@id\":\"https:\\\/\\\/hijasdejesus.org\\\/en\\\/day-6-pilgrims-of-hope-in-rome\\\/\"},\"author\":{\"name\":\"Comunicaci\u00f3n Internacional\",\"@id\":\"https:\\\/\\\/hijasdejesus.org\\\/en\\\/#\\\/schema\\\/person\\\/91b9e676dca8842a983b89793a34e5b8\"},\"headline\":\"Day 6 : Pilgrims of hope in Rome!\",\"datePublished\":\"2025-07-31T00:05:55+00:00\",\"dateModified\":\"2025-07-31T11:34:33+00:00\",\"mainEntityOfPage\":{\"@id\":\"https:\\\/\\\/hijasdejesus.org\\\/en\\\/day-6-pilgrims-of-hope-in-rome\\\/\"},\"wordCount\":193,\"publisher\":{\"@id\":\"https:\\\/\\\/hijasdejesus.org\\\/en\\\/#organization\"},\"image\":{\"@id\":\"https:\\\/\\\/hijasdejesus.org\\\/en\\\/day-6-pilgrims-of-hope-in-rome\\\/#primaryimage\"},\"thumbnailUrl\":\"https:\\\/\\\/hijasdejesus.org\\\/wp-content\\\/uploads\\\/2025\\\/07\\\/Portadas-web-10.png\",\"keywords\":[\"Jubilee\"],\"articleSection\":[\"Andean America\",\"Brazil-Caribbean\",\"News\",\"Spain\",\"Young FI\",\"Youth\"],\"inLanguage\":\"en-US\"},{\"@type\":\"WebPage\",\"@id\":\"https:\\\/\\\/hijasdejesus.org\\\/en\\\/day-6-pilgrims-of-hope-in-rome\\\/\",\"url\":\"https:\\\/\\\/hijasdejesus.org\\\/en\\\/day-6-pilgrims-of-hope-in-rome\\\/\",\"name\":\"Day 6 : Pilgrims of hope in Rome! - Hijas de Jes\u00fas\",\"isPartOf\":{\"@id\":\"https:\\\/\\\/hijasdejesus.org\\\/en\\\/#website\"},\"primaryImageOfPage\":{\"@id\":\"https:\\\/\\\/hijasdejesus.org\\\/en\\\/day-6-pilgrims-of-hope-in-rome\\\/#primaryimage\"},\"image\":{\"@id\":\"https:\\\/\\\/hijasdejesus.org\\\/en\\\/day-6-pilgrims-of-hope-in-rome\\\/#primaryimage\"},\"thumbnailUrl\":\"https:\\\/\\\/hijasdejesus.org\\\/wp-content\\\/uploads\\\/2025\\\/07\\\/Portadas-web-10.png\",\"datePublished\":\"2025-07-31T00:05:55+00:00\",\"dateModified\":\"2025-07-31T11:34:33+00:00\",\"description\":\"The group of young FIs from America and Spain arrived in Rome after a day of travel and preparation. A day marked by welcome, mutual service and the spiritual gift of the concert by Cristobal Fones sj.\",\"breadcrumb\":{\"@id\":\"https:\\\/\\\/hijasdejesus.org\\\/en\\\/day-6-pilgrims-of-hope-in-rome\\\/#breadcrumb\"},\"inLanguage\":\"en-US\",\"potentialAction\":[{\"@type\":\"ReadAction\",\"target\":[\"https:\\\/\\\/hijasdejesus.org\\\/en\\\/day-6-pilgrims-of-hope-in-rome\\\/\"]}]},{\"@type\":\"ImageObject\",\"inLanguage\":\"en-US\",\"@id\":\"https:\\\/\\\/hijasdejesus.org\\\/en\\\/day-6-pilgrims-of-hope-in-rome\\\/#primaryimage\",\"url\":\"https:\\\/\\\/hijasdejesus.org\\\/wp-content\\\/uploads\\\/2025\\\/07\\\/Portadas-web-10.png\",\"contentUrl\":\"https:\\\/\\\/hijasdejesus.org\\\/wp-content\\\/uploads\\\/2025\\\/07\\\/Portadas-web-10.png\",\"width\":1748,\"height\":1240},{\"@type\":\"BreadcrumbList\",\"@id\":\"https:\\\/\\\/hijasdejesus.org\\\/en\\\/day-6-pilgrims-of-hope-in-rome\\\/#breadcrumb\",\"itemListElement\":[{\"@type\":\"ListItem\",\"position\":1,\"name\":\"Portada\",\"item\":\"https:\\\/\\\/hijasdejesus.org\\\/en\\\/\"},{\"@type\":\"ListItem\",\"position\":2,\"name\":\"Day 6 : Pilgrims of hope in Rome!\"}]},{\"@type\":\"WebSite\",\"@id\":\"https:\\\/\\\/hijasdejesus.org\\\/en\\\/#website\",\"url\":\"https:\\\/\\\/hijasdejesus.org\\\/en\\\/\",\"name\":\"Hijas de Jes\u00fas\",\"description\":\"Despertamos a Jes\u00fas en el coraz\u00f3n, sacando lo mejor de las personas. Somos una congregaci\u00f3n religiosa ignaciana fundada por la Madre Candida\",\"publisher\":{\"@id\":\"https:\\\/\\\/hijasdejesus.org\\\/en\\\/#organization\"},\"potentialAction\":[{\"@type\":\"SearchAction\",\"target\":{\"@type\":\"EntryPoint\",\"urlTemplate\":\"https:\\\/\\\/hijasdejesus.org\\\/en\\\/?s={search_term_string}\"},\"query-input\":{\"@type\":\"PropertyValueSpecification\",\"valueRequired\":true,\"valueName\":\"search_term_string\"}}],\"inLanguage\":\"en-US\"},{\"@type\":\"Organization\",\"@id\":\"https:\\\/\\\/hijasdejesus.org\\\/en\\\/#organization\",\"name\":\"Hijas de Jes\u00fas\",\"url\":\"https:\\\/\\\/hijasdejesus.org\\\/en\\\/\",\"logo\":{\"@type\":\"ImageObject\",\"inLanguage\":\"en-US\",\"@id\":\"https:\\\/\\\/hijasdejesus.org\\\/en\\\/#\\\/schema\\\/logo\\\/image\\\/\",\"url\":\"https:\\\/\\\/hijasdejesus.org\\\/wp-content\\\/uploads\\\/2023\\\/01\\\/Hijas-de-Jesus_hor-A7C957.png\",\"contentUrl\":\"https:\\\/\\\/hijasdejesus.org\\\/wp-content\\\/uploads\\\/2023\\\/01\\\/Hijas-de-Jesus_hor-A7C957.png\",\"width\":700,\"height\":360,\"caption\":\"Hijas de Jes\u00fas\"},\"image\":{\"@id\":\"https:\\\/\\\/hijasdejesus.org\\\/en\\\/#\\\/schema\\\/logo\\\/image\\\/\"},\"sameAs\":[\"https:\\\/\\\/www.facebook.com\\\/hijasdejesusenelmundo\\\/\",\"https:\\\/\\\/x.com\\\/hijasdjesus\"]},{\"@type\":\"Person\",\"@id\":\"https:\\\/\\\/hijasdejesus.org\\\/en\\\/#\\\/schema\\\/person\\\/91b9e676dca8842a983b89793a34e5b8\",\"name\":\"Comunicaci\u00f3n Internacional\",\"image\":{\"@type\":\"ImageObject\",\"inLanguage\":\"en-US\",\"@id\":\"https:\\\/\\\/secure.gravatar.com\\\/avatar\\\/dcb9b61797c934872aa9209ebf48b92edfeb0819dcdcaa77cd84879d6def414d?s=96&d=mm&r=g\",\"url\":\"https:\\\/\\\/secure.gravatar.com\\\/avatar\\\/dcb9b61797c934872aa9209ebf48b92edfeb0819dcdcaa77cd84879d6def414d?s=96&d=mm&r=g\",\"contentUrl\":\"https:\\\/\\\/secure.gravatar.com\\\/avatar\\\/dcb9b61797c934872aa9209ebf48b92edfeb0819dcdcaa77cd84879d6def414d?s=96&d=mm&r=g\",\"caption\":\"Comunicaci\u00f3n Internacional\"},\"url\":\"https:\\\/\\\/hijasdejesus.org\\\/en\\\/author\\\/comunicacion-internacional\\\/\"}]}<\/script>\n<!-- \/ Yoast SEO plugin. -->","yoast_head_json":{"title":"Day 6 : Pilgrims of hope in Rome! - Hijas de Jes\u00fas","description":"The group of young FIs from America and Spain arrived in Rome after a day of travel and preparation. A day marked by welcome, mutual service and the spiritual gift of the concert by Cristobal Fones sj.","robots":{"index":"index","follow":"follow","max-snippet":"max-snippet:-1","max-image-preview":"max-image-preview:large","max-video-preview":"max-video-preview:-1"},"canonical":"https:\/\/hijasdejesus.org\/en\/day-6-pilgrims-of-hope-in-rome\/","og_locale":"en_US","og_type":"article","og_title":"Day 6 : Pilgrims of hope in Rome! - Hijas de Jes\u00fas","og_description":"The group of young FIs from America and Spain arrived in Rome after a day of travel and preparation. A day marked by welcome, mutual service and the spiritual gift of the concert by Cristobal Fones sj.","og_url":"https:\/\/hijasdejesus.org\/en\/day-6-pilgrims-of-hope-in-rome\/","og_site_name":"Hijas de Jes\u00fas","article_publisher":"https:\/\/www.facebook.com\/hijasdejesusenelmundo\/","article_published_time":"2025-07-31T00:05:55+00:00","article_modified_time":"2025-07-31T11:34:33+00:00","og_image":[{"width":1024,"height":726,"url":"https:\/\/hijasdejesus.org\/wp-content\/uploads\/2025\/07\/Portadas-web-10-1024x726.png","type":"image\/png"}],"author":"Comunicaci\u00f3n Internacional","twitter_card":"summary_large_image","twitter_creator":"@hijasdjesus","twitter_site":"@hijasdjesus","twitter_misc":{"Written by":"Comunicaci\u00f3n Internacional","Est. reading time":"1 minute"},"schema":{"@context":"https:\/\/schema.org","@graph":[{"@type":"Article","@id":"https:\/\/hijasdejesus.org\/en\/day-6-pilgrims-of-hope-in-rome\/#article","isPartOf":{"@id":"https:\/\/hijasdejesus.org\/en\/day-6-pilgrims-of-hope-in-rome\/"},"author":{"name":"Comunicaci\u00f3n Internacional","@id":"https:\/\/hijasdejesus.org\/en\/#\/schema\/person\/91b9e676dca8842a983b89793a34e5b8"},"headline":"Day 6 : Pilgrims of hope in Rome!","datePublished":"2025-07-31T00:05:55+00:00","dateModified":"2025-07-31T11:34:33+00:00","mainEntityOfPage":{"@id":"https:\/\/hijasdejesus.org\/en\/day-6-pilgrims-of-hope-in-rome\/"},"wordCount":193,"publisher":{"@id":"https:\/\/hijasdejesus.org\/en\/#organization"},"image":{"@id":"https:\/\/hijasdejesus.org\/en\/day-6-pilgrims-of-hope-in-rome\/#primaryimage"},"thumbnailUrl":"https:\/\/hijasdejesus.org\/wp-content\/uploads\/2025\/07\/Portadas-web-10.png","keywords":["Jubilee"],"articleSection":["Andean America","Brazil-Caribbean","News","Spain","Young FI","Youth"],"inLanguage":"en-US"},{"@type":"WebPage","@id":"https:\/\/hijasdejesus.org\/en\/day-6-pilgrims-of-hope-in-rome\/","url":"https:\/\/hijasdejesus.org\/en\/day-6-pilgrims-of-hope-in-rome\/","name":"Day 6 : Pilgrims of hope in Rome! - Hijas de Jes\u00fas","isPartOf":{"@id":"https:\/\/hijasdejesus.org\/en\/#website"},"primaryImageOfPage":{"@id":"https:\/\/hijasdejesus.org\/en\/day-6-pilgrims-of-hope-in-rome\/#primaryimage"},"image":{"@id":"https:\/\/hijasdejesus.org\/en\/day-6-pilgrims-of-hope-in-rome\/#primaryimage"},"thumbnailUrl":"https:\/\/hijasdejesus.org\/wp-content\/uploads\/2025\/07\/Portadas-web-10.png","datePublished":"2025-07-31T00:05:55+00:00","dateModified":"2025-07-31T11:34:33+00:00","description":"The group of young FIs from America and Spain arrived in Rome after a day of travel and preparation. A day marked by welcome, mutual service and the spiritual gift of the concert by Cristobal Fones sj.","breadcrumb":{"@id":"https:\/\/hijasdejesus.org\/en\/day-6-pilgrims-of-hope-in-rome\/#breadcrumb"},"inLanguage":"en-US","potentialAction":[{"@type":"ReadAction","target":["https:\/\/hijasdejesus.org\/en\/day-6-pilgrims-of-hope-in-rome\/"]}]},{"@type":"ImageObject","inLanguage":"en-US","@id":"https:\/\/hijasdejesus.org\/en\/day-6-pilgrims-of-hope-in-rome\/#primaryimage","url":"https:\/\/hijasdejesus.org\/wp-content\/uploads\/2025\/07\/Portadas-web-10.png","contentUrl":"https:\/\/hijasdejesus.org\/wp-content\/uploads\/2025\/07\/Portadas-web-10.png","width":1748,"height":1240},{"@type":"BreadcrumbList","@id":"https:\/\/hijasdejesus.org\/en\/day-6-pilgrims-of-hope-in-rome\/#breadcrumb","itemListElement":[{"@type":"ListItem","position":1,"name":"Portada","item":"https:\/\/hijasdejesus.org\/en\/"},{"@type":"ListItem","position":2,"name":"Day 6 : Pilgrims of hope in Rome!"}]},{"@type":"WebSite","@id":"https:\/\/hijasdejesus.org\/en\/#website","url":"https:\/\/hijasdejesus.org\/en\/","name":"Hijas de Jes\u00fas","description":"Despertamos a Jes\u00fas en el coraz\u00f3n, sacando lo mejor de las personas. Somos una congregaci\u00f3n religiosa ignaciana fundada por la Madre Candida","publisher":{"@id":"https:\/\/hijasdejesus.org\/en\/#organization"},"potentialAction":[{"@type":"SearchAction","target":{"@type":"EntryPoint","urlTemplate":"https:\/\/hijasdejesus.org\/en\/?s={search_term_string}"},"query-input":{"@type":"PropertyValueSpecification","valueRequired":true,"valueName":"search_term_string"}}],"inLanguage":"en-US"},{"@type":"Organization","@id":"https:\/\/hijasdejesus.org\/en\/#organization","name":"Hijas de Jes\u00fas","url":"https:\/\/hijasdejesus.org\/en\/","logo":{"@type":"ImageObject","inLanguage":"en-US","@id":"https:\/\/hijasdejesus.org\/en\/#\/schema\/logo\/image\/","url":"https:\/\/hijasdejesus.org\/wp-content\/uploads\/2023\/01\/Hijas-de-Jesus_hor-A7C957.png","contentUrl":"https:\/\/hijasdejesus.org\/wp-content\/uploads\/2023\/01\/Hijas-de-Jesus_hor-A7C957.png","width":700,"height":360,"caption":"Hijas de Jes\u00fas"},"image":{"@id":"https:\/\/hijasdejesus.org\/en\/#\/schema\/logo\/image\/"},"sameAs":["https:\/\/www.facebook.com\/hijasdejesusenelmundo\/","https:\/\/x.com\/hijasdjesus"]},{"@type":"Person","@id":"https:\/\/hijasdejesus.org\/en\/#\/schema\/person\/91b9e676dca8842a983b89793a34e5b8","name":"Comunicaci\u00f3n Internacional","image":{"@type":"ImageObject","inLanguage":"en-US","@id":"https:\/\/secure.gravatar.com\/avatar\/dcb9b61797c934872aa9209ebf48b92edfeb0819dcdcaa77cd84879d6def414d?s=96&d=mm&r=g","url":"https:\/\/secure.gravatar.com\/avatar\/dcb9b61797c934872aa9209ebf48b92edfeb0819dcdcaa77cd84879d6def414d?s=96&d=mm&r=g","contentUrl":"https:\/\/secure.gravatar.com\/avatar\/dcb9b61797c934872aa9209ebf48b92edfeb0819dcdcaa77cd84879d6def414d?s=96&d=mm&r=g","caption":"Comunicaci\u00f3n Internacional"},"url":"https:\/\/hijasdejesus.org\/en\/author\/comunicacion-internacional\/"}]}},"_links":{"self":[{"href":"https:\/\/hijasdejesus.org\/en\/wp-json\/wp\/v2\/posts\/49978","targetHints":{"allow":["GET"]}}],"collection":[{"href":"https:\/\/hijasdejesus.org\/en\/wp-json\/wp\/v2\/posts"}],"about":[{"href":"https:\/\/hijasdejesus.org\/en\/wp-json\/wp\/v2\/types\/post"}],"author":[{"embeddable":true,"href":"https:\/\/hijasdejesus.org\/en\/wp-json\/wp\/v2\/users\/36"}],"replies":[{"embeddable":true,"href":"https:\/\/hijasdejesus.org\/en\/wp-json\/wp\/v2\/comments?post=49978"}],"version-history":[{"count":2,"href":"https:\/\/hijasdejesus.org\/en\/wp-json\/wp\/v2\/posts\/49978\/revisions"}],"predecessor-version":[{"id":49985,"href":"https:\/\/hijasdejesus.org\/en\/wp-json\/wp\/v2\/posts\/49978\/revisions\/49985"}],"wp:featuredmedia":[{"embeddable":true,"href":"https:\/\/hijasdejesus.org\/en\/wp-json\/wp\/v2\/media\/49931"}],"wp:attachment":[{"href":"https:\/\/hijasdejesus.org\/en\/wp-json\/wp\/v2\/media?parent=49978"}],"wp:term":[{"taxonomy":"category","embeddable":true,"href":"https:\/\/hijasdejesus.org\/en\/wp-json\/wp\/v2\/categories?post=49978"},{"taxonomy":"post_tag","embeddable":true,"href":"https:\/\/hijasdejesus.org\/en\/wp-json\/wp\/v2\/tags?post=49978"}],"curies":[{"name":"wp","href":"https:\/\/api.w.org\/{rel}","templated":true}]}}