{"id":50017,"date":"2025-07-31T21:14:13","date_gmt":"2025-07-31T19:14:13","guid":{"rendered":"https:\/\/hijasdejesus.org\/day-7-crossing-the-holy-door-on-st-ignatius-day\/"},"modified":"2025-08-02T15:54:27","modified_gmt":"2025-08-02T13:54:27","slug":"day-7-crossing-the-holy-door-on-st-ignatius-day","status":"publish","type":"post","link":"https:\/\/hijasdejesus.org\/en\/day-7-crossing-the-holy-door-on-st-ignatius-day\/","title":{"rendered":"Day 7 | Crossing the Holy Door on St. Ignatius Day"},"content":{"rendered":"\n<h2 class=\"wp-block-heading\"><strong>A central day, full of emotion and Ignatian spirituality<\/strong><\/h2>\n\n<p>This seventh day has been one of the most intense and significant of this Pilgrimage of Hope. Precisely on the feast of <strong>St. Ignatius of Loyola<\/strong>, FI Youth experienced the grace of crossing the <strong>Holy Door<\/strong> in Rome, marking a milestone in this pilgrimage of the Jubilee Year. <\/p>\n\n<p>This detail has not gone unnoticed: God makes himself present in the signs, in the times, in the encounters.  <\/p>\n\n<p>The day began by walking together along the <strong>Via della Conciliazione<\/strong>, carrying the Jubilee cross, praying with psalms, readings, the Our Father, the Hail Mary, litanies, and meaningful songs such as &#8220;In Jesus we have everything&#8221; and &#8220;I want to give&#8221;.<\/p>\n\n<p>At the heart of the Church, before the tomb of St. Peter, the whole group gathered in deep prayer. With the <strong>pilgrim cross of the Jubilee<\/strong> as a symbol of unity and sending forth, the FI Youth felt themselves to be a living part of a universal Church that walks in hope. <\/p>\n\n<figure class=\"wp-block-gallery has-nested-images columns-default is-cropped wp-block-gallery-1 is-layout-flex wp-block-gallery-is-layout-flex\">\n<figure class=\"wp-block-image size-large\"><img loading=\"lazy\" decoding=\"async\" width=\"1024\" height=\"726\" data-id=\"49995\" src=\"https:\/\/hijasdejesus.org\/wp-content\/uploads\/2025\/07\/5-3-1024x726.png\" alt=\"\" class=\"wp-image-49995\" srcset=\"https:\/\/hijasdejesus.org\/wp-content\/uploads\/2025\/07\/5-3-980x695.png 980w, https:\/\/hijasdejesus.org\/wp-content\/uploads\/2025\/07\/5-3-480x341.png 480w\" sizes=\"(min-width: 0px) and (max-width: 480px) 480px, (min-width: 481px) and (max-width: 980px) 980px, (min-width: 981px) 1024px, 100vw\" \/><\/figure>\n\n\n\n<figure class=\"wp-block-image size-large\"><img loading=\"lazy\" decoding=\"async\" width=\"1024\" height=\"726\" data-id=\"49987\" src=\"https:\/\/hijasdejesus.org\/wp-content\/uploads\/2025\/07\/6-3-1024x726.png\" alt=\"\" class=\"wp-image-49987\" srcset=\"https:\/\/hijasdejesus.org\/wp-content\/uploads\/2025\/07\/6-3-980x695.png 980w, https:\/\/hijasdejesus.org\/wp-content\/uploads\/2025\/07\/6-3-480x341.png 480w\" sizes=\"(min-width: 0px) and (max-width: 480px) 480px, (min-width: 481px) and (max-width: 980px) 980px, (min-width: 981px) 1024px, 100vw\" \/><\/figure>\n\n\n\n<figure class=\"wp-block-image size-large\"><img loading=\"lazy\" decoding=\"async\" width=\"1024\" height=\"726\" data-id=\"49991\" src=\"https:\/\/hijasdejesus.org\/wp-content\/uploads\/2025\/07\/7-1024x726.png\" alt=\"\" class=\"wp-image-49991\" srcset=\"https:\/\/hijasdejesus.org\/wp-content\/uploads\/2025\/07\/7-980x695.png 980w, https:\/\/hijasdejesus.org\/wp-content\/uploads\/2025\/07\/7-480x341.png 480w\" sizes=\"(min-width: 0px) and (max-width: 480px) 480px, (min-width: 481px) and (max-width: 980px) 980px, (min-width: 981px) 1024px, 100vw\" \/><\/figure>\n<\/figure>\n\n<p><\/p>\n\n<h2 class=\"wp-block-heading\"><strong>The gift of feeling like family<\/strong><\/h2>\n\n<p>In the afternoon, in spontaneous groups, they took walks through the center of Rome. Then the pilgrims visited the <strong>chambers of St. Ignatius<\/strong>, a place so significant for Ignatian spirituality. On their way out, they met sisters from the Curia of the Daughters of Jesus&#8230; and also Fr. Arturo Sosa SJ, Superior General of the Jesuits!  <\/p>\n\n<p>In addition, the group from <strong>Argentina and Bolivia<\/strong> participated in the meeting of Argentines of the Youth Jubilee. It was an occasion to recognize each other in community, share with their compatriots and celebrate their faith in a festive and committed way. <\/p>\n\n<p>It was engraved in their hearts: <em>&#8220;May this Eucharist be a sacred space where God remains forever in our lives. This is the time for you, dear young people, and God walks with you always&#8221;.<\/em><\/p>\n\n<p>Crossing the Holy Door on St. Ignatius Day, praying at the tomb of St. Peter, and meeting familiar faces. Undoubtedly, what we experienced was an <strong>immense gift<\/strong>. Those days that leave a deep impression and strengthen the certainty that <strong>God walks with us<\/strong>.  <\/p>\n\n<figure class=\"wp-block-gallery has-nested-images columns-default is-cropped wp-block-gallery-2 is-layout-flex wp-block-gallery-is-layout-flex\">\n<figure class=\"wp-block-image size-large\"><img loading=\"lazy\" decoding=\"async\" width=\"1024\" height=\"726\" data-id=\"50007\" src=\"https:\/\/hijasdejesus.org\/wp-content\/uploads\/2025\/07\/4-3-1024x726.png\" alt=\"\" class=\"wp-image-50007\" srcset=\"https:\/\/hijasdejesus.org\/wp-content\/uploads\/2025\/07\/4-3-980x695.png 980w, https:\/\/hijasdejesus.org\/wp-content\/uploads\/2025\/07\/4-3-480x341.png 480w\" sizes=\"(min-width: 0px) and (max-width: 480px) 480px, (min-width: 481px) and (max-width: 980px) 980px, (min-width: 981px) 1024px, 100vw\" \/><\/figure>\n\n\n\n<figure class=\"wp-block-image size-large\"><img loading=\"lazy\" decoding=\"async\" width=\"1024\" height=\"726\" data-id=\"49999\" src=\"https:\/\/hijasdejesus.org\/wp-content\/uploads\/2025\/07\/2-3-1024x726.png\" alt=\"\" class=\"wp-image-49999\" srcset=\"https:\/\/hijasdejesus.org\/wp-content\/uploads\/2025\/07\/2-3-980x695.png 980w, https:\/\/hijasdejesus.org\/wp-content\/uploads\/2025\/07\/2-3-480x341.png 480w\" sizes=\"(min-width: 0px) and (max-width: 480px) 480px, (min-width: 481px) and (max-width: 980px) 980px, (min-width: 981px) 1024px, 100vw\" \/><\/figure>\n\n\n\n<figure class=\"wp-block-image size-large\"><img loading=\"lazy\" decoding=\"async\" width=\"1024\" height=\"726\" data-id=\"50027\" src=\"https:\/\/hijasdejesus.org\/wp-content\/uploads\/2025\/07\/Portadas-web-12-1024x726.png\" alt=\"\" class=\"wp-image-50027\" srcset=\"https:\/\/hijasdejesus.org\/wp-content\/uploads\/2025\/07\/Portadas-web-12-980x695.png 980w, https:\/\/hijasdejesus.org\/wp-content\/uploads\/2025\/07\/Portadas-web-12-480x341.png 480w\" sizes=\"(min-width: 0px) and (max-width: 480px) 480px, (min-width: 481px) and (max-width: 980px) 980px, (min-width: 981px) 1024px, 100vw\" \/><\/figure>\n<\/figure>\n\n<p><strong>Relive the moment with this short and exciting video&#8230;<\/strong><\/p>\n\n<figure class=\"wp-block-embed is-type-video is-provider-youtube wp-block-embed-youtube wp-embed-aspect-16-9 wp-has-aspect-ratio\"><div class=\"wp-block-embed__wrapper\">\n<iframe loading=\"lazy\" title=\"J\u00f3venes FI cruzan la puerta santa\" width=\"1080\" height=\"608\" src=\"https:\/\/www.youtube.com\/embed\/dx_rElDjFaI?feature=oembed\"  allow=\"accelerometer; autoplay; clipboard-write; encrypted-media; gyroscope; picture-in-picture; web-share\" referrerpolicy=\"strict-origin-when-cross-origin\" allowfullscreen><\/iframe>\n<\/div><\/figure>\n","protected":false},"excerpt":{"rendered":"<p>A central day, full of emotion and Ignatian spirituality This seventh day has been one of the most intense and significant of this Pilgrimage of Hope. Precisely on the feast of St. Ignatius of Loyola, FI Youth experienced the grace of crossing the Holy Door in Rome, marking a milestone in this pilgrimage of the [&hellip;]<\/p>\n","protected":false},"author":36,"featured_media":50013,"comment_status":"closed","ping_status":"closed","sticky":false,"template":"","format":"standard","meta":{"_et_pb_use_builder":"","_et_pb_old_content":"","_et_gb_content_width":"","footnotes":"","_links_to":"","_links_to_target":""},"categories":[482,506,412,518,1287,536],"tags":[1270],"class_list":["post-50017","post","type-post","status-publish","format-standard","has-post-thumbnail","hentry","category-andean-america","category-brazil-caribbean","category-news","category-spain","category-young-fi","category-youth","tag-jubilee"],"yoast_head":"<!-- This site is optimized with the Yoast SEO plugin v27.5 - https:\/\/yoast.com\/product\/yoast-seo-wordpress\/ -->\n<title>Day 7 | Crossing the Holy Door on St. Ignatius Day - Hijas de Jes\u00fas<\/title>\n<meta name=\"description\" content=\"On St. Ignatius Day, Esperanza pilgrims cross the Holy Door in Rome, praying at the tomb of St. Peter and celebrating the universality of the Church and the charism of Mother Candida.\" \/>\n<meta name=\"robots\" content=\"index, follow, max-snippet:-1, max-image-preview:large, max-video-preview:-1\" \/>\n<link rel=\"canonical\" href=\"https:\/\/hijasdejesus.org\/en\/day-7-crossing-the-holy-door-on-st-ignatius-day\/\" \/>\n<meta property=\"og:locale\" content=\"en_US\" \/>\n<meta property=\"og:type\" content=\"article\" \/>\n<meta property=\"og:title\" content=\"Day 7 | Crossing the Holy Door on St. Ignatius Day - Hijas de Jes\u00fas\" \/>\n<meta property=\"og:description\" content=\"On St. Ignatius Day, Esperanza pilgrims cross the Holy Door in Rome, praying at the tomb of St. Peter and celebrating the universality of the Church and the charism of Mother Candida.\" \/>\n<meta property=\"og:url\" content=\"https:\/\/hijasdejesus.org\/en\/day-7-crossing-the-holy-door-on-st-ignatius-day\/\" \/>\n<meta property=\"og:site_name\" content=\"Hijas de Jes\u00fas\" \/>\n<meta property=\"article:publisher\" content=\"https:\/\/www.facebook.com\/hijasdejesusenelmundo\/\" \/>\n<meta property=\"article:published_time\" content=\"2025-07-31T19:14:13+00:00\" \/>\n<meta property=\"article:modified_time\" content=\"2025-08-02T13:54:27+00:00\" \/>\n<meta property=\"og:image\" content=\"https:\/\/hijasdejesus.org\/wp-content\/uploads\/2025\/07\/8-1024x726.png\" \/>\n\t<meta property=\"og:image:width\" content=\"1024\" \/>\n\t<meta property=\"og:image:height\" content=\"726\" \/>\n\t<meta property=\"og:image:type\" content=\"image\/png\" \/>\n<meta name=\"author\" content=\"Comunicaci\u00f3n Internacional\" \/>\n<meta name=\"twitter:card\" content=\"summary_large_image\" \/>\n<meta name=\"twitter:creator\" content=\"@hijasdjesus\" \/>\n<meta name=\"twitter:site\" content=\"@hijasdjesus\" \/>\n<meta name=\"twitter:label1\" content=\"Written by\" \/>\n\t<meta name=\"twitter:data1\" content=\"Comunicaci\u00f3n Internacional\" \/>\n\t<meta name=\"twitter:label2\" content=\"Est. reading time\" \/>\n\t<meta name=\"twitter:data2\" content=\"2 minutes\" \/>\n<script type=\"application\/ld+json\" class=\"yoast-schema-graph\">{\"@context\":\"https:\\\/\\\/schema.org\",\"@graph\":[{\"@type\":\"Article\",\"@id\":\"https:\\\/\\\/hijasdejesus.org\\\/en\\\/day-7-crossing-the-holy-door-on-st-ignatius-day\\\/#article\",\"isPartOf\":{\"@id\":\"https:\\\/\\\/hijasdejesus.org\\\/en\\\/day-7-crossing-the-holy-door-on-st-ignatius-day\\\/\"},\"author\":{\"name\":\"Comunicaci\u00f3n Internacional\",\"@id\":\"https:\\\/\\\/hijasdejesus.org\\\/en\\\/#\\\/schema\\\/person\\\/91b9e676dca8842a983b89793a34e5b8\"},\"headline\":\"Day 7 | Crossing the Holy Door on St. Ignatius Day\",\"datePublished\":\"2025-07-31T19:14:13+00:00\",\"dateModified\":\"2025-08-02T13:54:27+00:00\",\"mainEntityOfPage\":{\"@id\":\"https:\\\/\\\/hijasdejesus.org\\\/en\\\/day-7-crossing-the-holy-door-on-st-ignatius-day\\\/\"},\"wordCount\":377,\"publisher\":{\"@id\":\"https:\\\/\\\/hijasdejesus.org\\\/en\\\/#organization\"},\"image\":{\"@id\":\"https:\\\/\\\/hijasdejesus.org\\\/en\\\/day-7-crossing-the-holy-door-on-st-ignatius-day\\\/#primaryimage\"},\"thumbnailUrl\":\"https:\\\/\\\/hijasdejesus.org\\\/wp-content\\\/uploads\\\/2025\\\/07\\\/8.png\",\"keywords\":[\"Jubilee\"],\"articleSection\":[\"Andean America\",\"Brazil-Caribbean\",\"News\",\"Spain\",\"Young FI\",\"Youth\"],\"inLanguage\":\"en-US\"},{\"@type\":\"WebPage\",\"@id\":\"https:\\\/\\\/hijasdejesus.org\\\/en\\\/day-7-crossing-the-holy-door-on-st-ignatius-day\\\/\",\"url\":\"https:\\\/\\\/hijasdejesus.org\\\/en\\\/day-7-crossing-the-holy-door-on-st-ignatius-day\\\/\",\"name\":\"Day 7 | Crossing the Holy Door on St. Ignatius Day - Hijas de Jes\u00fas\",\"isPartOf\":{\"@id\":\"https:\\\/\\\/hijasdejesus.org\\\/en\\\/#website\"},\"primaryImageOfPage\":{\"@id\":\"https:\\\/\\\/hijasdejesus.org\\\/en\\\/day-7-crossing-the-holy-door-on-st-ignatius-day\\\/#primaryimage\"},\"image\":{\"@id\":\"https:\\\/\\\/hijasdejesus.org\\\/en\\\/day-7-crossing-the-holy-door-on-st-ignatius-day\\\/#primaryimage\"},\"thumbnailUrl\":\"https:\\\/\\\/hijasdejesus.org\\\/wp-content\\\/uploads\\\/2025\\\/07\\\/8.png\",\"datePublished\":\"2025-07-31T19:14:13+00:00\",\"dateModified\":\"2025-08-02T13:54:27+00:00\",\"description\":\"On St. Ignatius Day, Esperanza pilgrims cross the Holy Door in Rome, praying at the tomb of St. Peter and celebrating the universality of the Church and the charism of Mother Candida.\",\"breadcrumb\":{\"@id\":\"https:\\\/\\\/hijasdejesus.org\\\/en\\\/day-7-crossing-the-holy-door-on-st-ignatius-day\\\/#breadcrumb\"},\"inLanguage\":\"en-US\",\"potentialAction\":[{\"@type\":\"ReadAction\",\"target\":[\"https:\\\/\\\/hijasdejesus.org\\\/en\\\/day-7-crossing-the-holy-door-on-st-ignatius-day\\\/\"]}]},{\"@type\":\"ImageObject\",\"inLanguage\":\"en-US\",\"@id\":\"https:\\\/\\\/hijasdejesus.org\\\/en\\\/day-7-crossing-the-holy-door-on-st-ignatius-day\\\/#primaryimage\",\"url\":\"https:\\\/\\\/hijasdejesus.org\\\/wp-content\\\/uploads\\\/2025\\\/07\\\/8.png\",\"contentUrl\":\"https:\\\/\\\/hijasdejesus.org\\\/wp-content\\\/uploads\\\/2025\\\/07\\\/8.png\",\"width\":1748,\"height\":1240},{\"@type\":\"BreadcrumbList\",\"@id\":\"https:\\\/\\\/hijasdejesus.org\\\/en\\\/day-7-crossing-the-holy-door-on-st-ignatius-day\\\/#breadcrumb\",\"itemListElement\":[{\"@type\":\"ListItem\",\"position\":1,\"name\":\"Portada\",\"item\":\"https:\\\/\\\/hijasdejesus.org\\\/en\\\/\"},{\"@type\":\"ListItem\",\"position\":2,\"name\":\"Day 7 | Crossing the Holy Door on St. Ignatius Day\"}]},{\"@type\":\"WebSite\",\"@id\":\"https:\\\/\\\/hijasdejesus.org\\\/en\\\/#website\",\"url\":\"https:\\\/\\\/hijasdejesus.org\\\/en\\\/\",\"name\":\"Hijas de Jes\u00fas\",\"description\":\"Despertamos a Jes\u00fas en el coraz\u00f3n, sacando lo mejor de las personas. Somos una congregaci\u00f3n religiosa ignaciana fundada por la Madre Candida\",\"publisher\":{\"@id\":\"https:\\\/\\\/hijasdejesus.org\\\/en\\\/#organization\"},\"potentialAction\":[{\"@type\":\"SearchAction\",\"target\":{\"@type\":\"EntryPoint\",\"urlTemplate\":\"https:\\\/\\\/hijasdejesus.org\\\/en\\\/?s={search_term_string}\"},\"query-input\":{\"@type\":\"PropertyValueSpecification\",\"valueRequired\":true,\"valueName\":\"search_term_string\"}}],\"inLanguage\":\"en-US\"},{\"@type\":\"Organization\",\"@id\":\"https:\\\/\\\/hijasdejesus.org\\\/en\\\/#organization\",\"name\":\"Hijas de Jes\u00fas\",\"url\":\"https:\\\/\\\/hijasdejesus.org\\\/en\\\/\",\"logo\":{\"@type\":\"ImageObject\",\"inLanguage\":\"en-US\",\"@id\":\"https:\\\/\\\/hijasdejesus.org\\\/en\\\/#\\\/schema\\\/logo\\\/image\\\/\",\"url\":\"https:\\\/\\\/hijasdejesus.org\\\/wp-content\\\/uploads\\\/2023\\\/01\\\/Hijas-de-Jesus_hor-A7C957.png\",\"contentUrl\":\"https:\\\/\\\/hijasdejesus.org\\\/wp-content\\\/uploads\\\/2023\\\/01\\\/Hijas-de-Jesus_hor-A7C957.png\",\"width\":700,\"height\":360,\"caption\":\"Hijas de Jes\u00fas\"},\"image\":{\"@id\":\"https:\\\/\\\/hijasdejesus.org\\\/en\\\/#\\\/schema\\\/logo\\\/image\\\/\"},\"sameAs\":[\"https:\\\/\\\/www.facebook.com\\\/hijasdejesusenelmundo\\\/\",\"https:\\\/\\\/x.com\\\/hijasdjesus\"]},{\"@type\":\"Person\",\"@id\":\"https:\\\/\\\/hijasdejesus.org\\\/en\\\/#\\\/schema\\\/person\\\/91b9e676dca8842a983b89793a34e5b8\",\"name\":\"Comunicaci\u00f3n Internacional\",\"image\":{\"@type\":\"ImageObject\",\"inLanguage\":\"en-US\",\"@id\":\"https:\\\/\\\/secure.gravatar.com\\\/avatar\\\/dcb9b61797c934872aa9209ebf48b92edfeb0819dcdcaa77cd84879d6def414d?s=96&d=mm&r=g\",\"url\":\"https:\\\/\\\/secure.gravatar.com\\\/avatar\\\/dcb9b61797c934872aa9209ebf48b92edfeb0819dcdcaa77cd84879d6def414d?s=96&d=mm&r=g\",\"contentUrl\":\"https:\\\/\\\/secure.gravatar.com\\\/avatar\\\/dcb9b61797c934872aa9209ebf48b92edfeb0819dcdcaa77cd84879d6def414d?s=96&d=mm&r=g\",\"caption\":\"Comunicaci\u00f3n Internacional\"},\"url\":\"https:\\\/\\\/hijasdejesus.org\\\/en\\\/author\\\/comunicacion-internacional\\\/\"}]}<\/script>\n<!-- \/ Yoast SEO plugin. -->","yoast_head_json":{"title":"Day 7 | Crossing the Holy Door on St. Ignatius Day - Hijas de Jes\u00fas","description":"On St. Ignatius Day, Esperanza pilgrims cross the Holy Door in Rome, praying at the tomb of St. Peter and celebrating the universality of the Church and the charism of Mother Candida.","robots":{"index":"index","follow":"follow","max-snippet":"max-snippet:-1","max-image-preview":"max-image-preview:large","max-video-preview":"max-video-preview:-1"},"canonical":"https:\/\/hijasdejesus.org\/en\/day-7-crossing-the-holy-door-on-st-ignatius-day\/","og_locale":"en_US","og_type":"article","og_title":"Day 7 | Crossing the Holy Door on St. Ignatius Day - Hijas de Jes\u00fas","og_description":"On St. Ignatius Day, Esperanza pilgrims cross the Holy Door in Rome, praying at the tomb of St. Peter and celebrating the universality of the Church and the charism of Mother Candida.","og_url":"https:\/\/hijasdejesus.org\/en\/day-7-crossing-the-holy-door-on-st-ignatius-day\/","og_site_name":"Hijas de Jes\u00fas","article_publisher":"https:\/\/www.facebook.com\/hijasdejesusenelmundo\/","article_published_time":"2025-07-31T19:14:13+00:00","article_modified_time":"2025-08-02T13:54:27+00:00","og_image":[{"width":1024,"height":726,"url":"https:\/\/hijasdejesus.org\/wp-content\/uploads\/2025\/07\/8-1024x726.png","type":"image\/png"}],"author":"Comunicaci\u00f3n Internacional","twitter_card":"summary_large_image","twitter_creator":"@hijasdjesus","twitter_site":"@hijasdjesus","twitter_misc":{"Written by":"Comunicaci\u00f3n Internacional","Est. reading time":"2 minutes"},"schema":{"@context":"https:\/\/schema.org","@graph":[{"@type":"Article","@id":"https:\/\/hijasdejesus.org\/en\/day-7-crossing-the-holy-door-on-st-ignatius-day\/#article","isPartOf":{"@id":"https:\/\/hijasdejesus.org\/en\/day-7-crossing-the-holy-door-on-st-ignatius-day\/"},"author":{"name":"Comunicaci\u00f3n Internacional","@id":"https:\/\/hijasdejesus.org\/en\/#\/schema\/person\/91b9e676dca8842a983b89793a34e5b8"},"headline":"Day 7 | Crossing the Holy Door on St. Ignatius Day","datePublished":"2025-07-31T19:14:13+00:00","dateModified":"2025-08-02T13:54:27+00:00","mainEntityOfPage":{"@id":"https:\/\/hijasdejesus.org\/en\/day-7-crossing-the-holy-door-on-st-ignatius-day\/"},"wordCount":377,"publisher":{"@id":"https:\/\/hijasdejesus.org\/en\/#organization"},"image":{"@id":"https:\/\/hijasdejesus.org\/en\/day-7-crossing-the-holy-door-on-st-ignatius-day\/#primaryimage"},"thumbnailUrl":"https:\/\/hijasdejesus.org\/wp-content\/uploads\/2025\/07\/8.png","keywords":["Jubilee"],"articleSection":["Andean America","Brazil-Caribbean","News","Spain","Young FI","Youth"],"inLanguage":"en-US"},{"@type":"WebPage","@id":"https:\/\/hijasdejesus.org\/en\/day-7-crossing-the-holy-door-on-st-ignatius-day\/","url":"https:\/\/hijasdejesus.org\/en\/day-7-crossing-the-holy-door-on-st-ignatius-day\/","name":"Day 7 | Crossing the Holy Door on St. Ignatius Day - Hijas de Jes\u00fas","isPartOf":{"@id":"https:\/\/hijasdejesus.org\/en\/#website"},"primaryImageOfPage":{"@id":"https:\/\/hijasdejesus.org\/en\/day-7-crossing-the-holy-door-on-st-ignatius-day\/#primaryimage"},"image":{"@id":"https:\/\/hijasdejesus.org\/en\/day-7-crossing-the-holy-door-on-st-ignatius-day\/#primaryimage"},"thumbnailUrl":"https:\/\/hijasdejesus.org\/wp-content\/uploads\/2025\/07\/8.png","datePublished":"2025-07-31T19:14:13+00:00","dateModified":"2025-08-02T13:54:27+00:00","description":"On St. Ignatius Day, Esperanza pilgrims cross the Holy Door in Rome, praying at the tomb of St. Peter and celebrating the universality of the Church and the charism of Mother Candida.","breadcrumb":{"@id":"https:\/\/hijasdejesus.org\/en\/day-7-crossing-the-holy-door-on-st-ignatius-day\/#breadcrumb"},"inLanguage":"en-US","potentialAction":[{"@type":"ReadAction","target":["https:\/\/hijasdejesus.org\/en\/day-7-crossing-the-holy-door-on-st-ignatius-day\/"]}]},{"@type":"ImageObject","inLanguage":"en-US","@id":"https:\/\/hijasdejesus.org\/en\/day-7-crossing-the-holy-door-on-st-ignatius-day\/#primaryimage","url":"https:\/\/hijasdejesus.org\/wp-content\/uploads\/2025\/07\/8.png","contentUrl":"https:\/\/hijasdejesus.org\/wp-content\/uploads\/2025\/07\/8.png","width":1748,"height":1240},{"@type":"BreadcrumbList","@id":"https:\/\/hijasdejesus.org\/en\/day-7-crossing-the-holy-door-on-st-ignatius-day\/#breadcrumb","itemListElement":[{"@type":"ListItem","position":1,"name":"Portada","item":"https:\/\/hijasdejesus.org\/en\/"},{"@type":"ListItem","position":2,"name":"Day 7 | Crossing the Holy Door on St. Ignatius Day"}]},{"@type":"WebSite","@id":"https:\/\/hijasdejesus.org\/en\/#website","url":"https:\/\/hijasdejesus.org\/en\/","name":"Hijas de Jes\u00fas","description":"Despertamos a Jes\u00fas en el coraz\u00f3n, sacando lo mejor de las personas. Somos una congregaci\u00f3n religiosa ignaciana fundada por la Madre Candida","publisher":{"@id":"https:\/\/hijasdejesus.org\/en\/#organization"},"potentialAction":[{"@type":"SearchAction","target":{"@type":"EntryPoint","urlTemplate":"https:\/\/hijasdejesus.org\/en\/?s={search_term_string}"},"query-input":{"@type":"PropertyValueSpecification","valueRequired":true,"valueName":"search_term_string"}}],"inLanguage":"en-US"},{"@type":"Organization","@id":"https:\/\/hijasdejesus.org\/en\/#organization","name":"Hijas de Jes\u00fas","url":"https:\/\/hijasdejesus.org\/en\/","logo":{"@type":"ImageObject","inLanguage":"en-US","@id":"https:\/\/hijasdejesus.org\/en\/#\/schema\/logo\/image\/","url":"https:\/\/hijasdejesus.org\/wp-content\/uploads\/2023\/01\/Hijas-de-Jesus_hor-A7C957.png","contentUrl":"https:\/\/hijasdejesus.org\/wp-content\/uploads\/2023\/01\/Hijas-de-Jesus_hor-A7C957.png","width":700,"height":360,"caption":"Hijas de Jes\u00fas"},"image":{"@id":"https:\/\/hijasdejesus.org\/en\/#\/schema\/logo\/image\/"},"sameAs":["https:\/\/www.facebook.com\/hijasdejesusenelmundo\/","https:\/\/x.com\/hijasdjesus"]},{"@type":"Person","@id":"https:\/\/hijasdejesus.org\/en\/#\/schema\/person\/91b9e676dca8842a983b89793a34e5b8","name":"Comunicaci\u00f3n Internacional","image":{"@type":"ImageObject","inLanguage":"en-US","@id":"https:\/\/secure.gravatar.com\/avatar\/dcb9b61797c934872aa9209ebf48b92edfeb0819dcdcaa77cd84879d6def414d?s=96&d=mm&r=g","url":"https:\/\/secure.gravatar.com\/avatar\/dcb9b61797c934872aa9209ebf48b92edfeb0819dcdcaa77cd84879d6def414d?s=96&d=mm&r=g","contentUrl":"https:\/\/secure.gravatar.com\/avatar\/dcb9b61797c934872aa9209ebf48b92edfeb0819dcdcaa77cd84879d6def414d?s=96&d=mm&r=g","caption":"Comunicaci\u00f3n Internacional"},"url":"https:\/\/hijasdejesus.org\/en\/author\/comunicacion-internacional\/"}]}},"_links":{"self":[{"href":"https:\/\/hijasdejesus.org\/en\/wp-json\/wp\/v2\/posts\/50017","targetHints":{"allow":["GET"]}}],"collection":[{"href":"https:\/\/hijasdejesus.org\/en\/wp-json\/wp\/v2\/posts"}],"about":[{"href":"https:\/\/hijasdejesus.org\/en\/wp-json\/wp\/v2\/types\/post"}],"author":[{"embeddable":true,"href":"https:\/\/hijasdejesus.org\/en\/wp-json\/wp\/v2\/users\/36"}],"replies":[{"embeddable":true,"href":"https:\/\/hijasdejesus.org\/en\/wp-json\/wp\/v2\/comments?post=50017"}],"version-history":[{"count":4,"href":"https:\/\/hijasdejesus.org\/en\/wp-json\/wp\/v2\/posts\/50017\/revisions"}],"predecessor-version":[{"id":50098,"href":"https:\/\/hijasdejesus.org\/en\/wp-json\/wp\/v2\/posts\/50017\/revisions\/50098"}],"wp:featuredmedia":[{"embeddable":true,"href":"https:\/\/hijasdejesus.org\/en\/wp-json\/wp\/v2\/media\/50013"}],"wp:attachment":[{"href":"https:\/\/hijasdejesus.org\/en\/wp-json\/wp\/v2\/media?parent=50017"}],"wp:term":[{"taxonomy":"category","embeddable":true,"href":"https:\/\/hijasdejesus.org\/en\/wp-json\/wp\/v2\/categories?post=50017"},{"taxonomy":"post_tag","embeddable":true,"href":"https:\/\/hijasdejesus.org\/en\/wp-json\/wp\/v2\/tags?post=50017"}],"curies":[{"name":"wp","href":"https:\/\/api.w.org\/{rel}","templated":true}]}}