{"id":52864,"date":"2026-02-10T18:00:00","date_gmt":"2026-02-10T17:00:00","guid":{"rendered":"https:\/\/hijasdejesus.org\/whose-neighbor-do-i-become\/"},"modified":"2026-02-13T22:10:21","modified_gmt":"2026-02-13T21:10:21","slug":"whose-neighbor-do-i-become","status":"publish","type":"post","link":"https:\/\/hijasdejesus.org\/en\/whose-neighbor-do-i-become\/","title":{"rendered":"Whose neighbor do I become?"},"content":{"rendered":"\n<p>Every February 11, in memory of Our Lady of Lourdes, the Church celebrates the <strong>World Day of the Sick<\/strong>, a privileged occasion to turn our gaze towards those who are experiencing the fragility of illness and towards all those who accompany them with tenderness, knowledge and commitment.<\/p>\n\n<p>In <a href=\"https:\/\/press.vatican.va\/content\/salastampa\/es\/bollettino\/pubblico\/2026\/01\/20\/200126a.html\">his message for this Day<\/a>, the Pope invites us to contemplate sickness not only as a time of trial, but also as a place where God becomes close, where compassion becomes concrete and where hope can be reborn even in the midst of pain. It helps us to see that in the Gospel, Jesus changes the question, it is not who is my neighbor? <strong>and<\/strong> the answer questions us about the authenticity of our life and our following of Jesus. The experience of sickness &#8211; he also reminds us &#8211; challenges the entire Christian community: no one can remain on the sidelines when a brother or sister suffers. At the end of his message, he picks up these simple words of his predecessor Pope Francis, with which we identify so much: &#8220;the true remedy for the wounds of humanity is a way of life based on fraternal love, which has its roots in the love of God.&#8221;<\/p>\n\n<h2 class=\"wp-block-heading\"><strong>Healing closeness<\/strong><\/h2>\n\n<p>The Word of God and the example of Jesus show us that the path of care passes through <strong>proximity<\/strong>. Like the Good Samaritan, we are called to stop, look, be moved and act. It is not just a matter of extraordinary gestures, but of a faithful presence, capable of listening, supporting and accompanying the processes of pain with respect and love.  <\/p>\n\n<p>In this regard, the Pope underlines the irreplaceable value of those who care: family members, health professionals, pastoral workers and volunteers. In them, an authentic culture of care becomes visible, which recognizes the dignity of every person, especially when weakness seems to muffle the voice and strength. <\/p>\n\n<h2 class=\"wp-block-heading\"><strong>Illness, a place of hope<\/strong><\/h2>\n\n<p>Far from a superficial view, the <a href=\"https:\/\/www.humandevelopment.va\/es\/news\/2025\/mensaje-del-papa-para-la-jornada-mundial-del-enfermo-2026.html\" type=\"link\" id=\"https:\/\/www.humandevelopment.va\/es\/news\/2025\/mensaje-del-papa-para-la-jornada-mundial-del-enfermo-2026.html\">34th World Day of the Sick<\/a> helps us to rediscover that illness does not define a person, nor does it exhaust his or her value. Fragility also opens a space for grace, for a hope that does not disappoint and that is sustained by the certainty that God does not abandon his children.<\/p>\n\n<p>As Daughters of Jesus, we feel called to renew our commitment to <strong>be neighbors<\/strong>, to build bridges of humanity where suffering isolates and to be good news for those who bear the burden of illness. Our charism, whose singular note is closeness and familiarity, impels us to care for life, to accompany with compassion and to announce, with simple and faithful gestures, that God&#8217;s love continues to work in the midst of pain. <\/p>\n\n<p>On this Day, we unite our prayer to that of the whole Church, entrusting to the intercession of Our Lady of Lourdes the sick, those who care for them and those who, from different places, work every day for a more humane and fraternal care.<\/p>\n\n<h2 class=\"wp-block-heading\"><strong>Prayer<\/strong><\/h2>\n\n<blockquote class=\"wp-block-quote is-layout-flow wp-block-quote-is-layout-flow\">\n<p>Lord of Life, on this occasion we come to You with our hearts and minds full of names and stories of sisters and brothers troubled by some illness. They, in the midst of their pain, cry out for your Mercy; we ask for the grace to know how to accompany and love while bearing their pain. You who know pain and suffering, give us the strength of your Spirit, so that imitating the Good Samaritan, we may live the sending of being close to others, always doing good as a profound call for every human being. May Mary, our Mother, in the invocation of the Virgin of Lourdes, the heart of God attentive to the pain and suffering of humanity, take us by the hand and lead us to her Son Jesus, never tiring of consoling, healing and doing good. <strong>Amen<\/strong>.   <\/p>\n<\/blockquote>\n\n<p><\/p>\n\n<figure class=\"wp-block-embed is-type-video is-provider-youtube wp-block-embed-youtube wp-embed-aspect-9-16 wp-has-aspect-ratio\"><div class=\"wp-block-embed__wrapper\">\n<iframe loading=\"lazy\" title=\"Oraci\u00f3n por la Jornada  Mundial del Enfermo\" width=\"563\" height=\"1000\" src=\"https:\/\/www.youtube.com\/embed\/AGn5Y6vaksI?feature=oembed\"  allow=\"accelerometer; autoplay; clipboard-write; encrypted-media; gyroscope; picture-in-picture; web-share\" referrerpolicy=\"strict-origin-when-cross-origin\" allowfullscreen><\/iframe>\n<\/div><\/figure>\n","protected":false},"excerpt":{"rendered":"<p>Every February 11, in memory of Our Lady of Lourdes, the Church celebrates the World Day of the Sick, a privileged occasion to turn our gaze towards those who are experiencing the fragility of illness and towards all those who accompany them with tenderness, knowledge and commitment. In his message for this Day, the Pope [&hellip;]<\/p>\n","protected":false},"author":36,"featured_media":52836,"comment_status":"closed","ping_status":"closed","sticky":false,"template":"","format":"standard","meta":{"_et_pb_use_builder":"","_et_pb_old_content":"","_et_gb_content_width":"","footnotes":"","_links_to":"","_links_to_target":""},"categories":[532,412],"tags":[1367],"class_list":["post-52864","post","type-post","status-publish","format-standard","has-post-thumbnail","hentry","category-church","category-news","tag-pope-leo-xiv"],"yoast_head":"<!-- This site is optimized with the Yoast SEO plugin v27.5 - https:\/\/yoast.com\/product\/yoast-seo-wordpress\/ -->\n<title>Whose neighbor do I become? - Hijas de Jes\u00fas<\/title>\n<meta name=\"description\" content=\"On the World Day of the Sick 2026, we reflect on Christian closeness, care and hope in the face of suffering, in light of the Pope&#039;s message and the Gospel of the Good Samaritan.\" \/>\n<meta name=\"robots\" content=\"index, follow, max-snippet:-1, max-image-preview:large, max-video-preview:-1\" \/>\n<link rel=\"canonical\" href=\"https:\/\/hijasdejesus.org\/en\/whose-neighbor-do-i-become\/\" \/>\n<meta property=\"og:locale\" content=\"en_US\" \/>\n<meta property=\"og:type\" content=\"article\" \/>\n<meta property=\"og:title\" content=\"Whose neighbor do I become? - Hijas de Jes\u00fas\" \/>\n<meta property=\"og:description\" content=\"On the World Day of the Sick 2026, we reflect on Christian closeness, care and hope in the face of suffering, in light of the Pope&#039;s message and the Gospel of the Good Samaritan.\" \/>\n<meta property=\"og:url\" content=\"https:\/\/hijasdejesus.org\/en\/whose-neighbor-do-i-become\/\" \/>\n<meta property=\"og:site_name\" content=\"Hijas de Jes\u00fas\" \/>\n<meta property=\"article:publisher\" content=\"https:\/\/www.facebook.com\/hijasdejesusenelmundo\/\" \/>\n<meta property=\"article:published_time\" content=\"2026-02-10T17:00:00+00:00\" \/>\n<meta property=\"article:modified_time\" content=\"2026-02-13T21:10:21+00:00\" \/>\n<meta property=\"og:image\" content=\"https:\/\/hijasdejesus.org\/wp-content\/uploads\/2026\/02\/Portadas-web-19.png\" \/>\n\t<meta property=\"og:image:width\" content=\"1748\" \/>\n\t<meta property=\"og:image:height\" content=\"1240\" \/>\n\t<meta property=\"og:image:type\" content=\"image\/png\" \/>\n<meta name=\"author\" content=\"Comunicaci\u00f3n Internacional\" \/>\n<meta name=\"twitter:card\" content=\"summary_large_image\" \/>\n<meta name=\"twitter:creator\" content=\"@hijasdjesus\" \/>\n<meta name=\"twitter:site\" content=\"@hijasdjesus\" \/>\n<meta name=\"twitter:label1\" content=\"Written by\" \/>\n\t<meta name=\"twitter:data1\" content=\"Comunicaci\u00f3n Internacional\" \/>\n\t<meta name=\"twitter:label2\" content=\"Est. reading time\" \/>\n\t<meta name=\"twitter:data2\" content=\"3 minutes\" \/>\n<script type=\"application\/ld+json\" class=\"yoast-schema-graph\">{\"@context\":\"https:\\\/\\\/schema.org\",\"@graph\":[{\"@type\":\"Article\",\"@id\":\"https:\\\/\\\/hijasdejesus.org\\\/en\\\/whose-neighbor-do-i-become\\\/#article\",\"isPartOf\":{\"@id\":\"https:\\\/\\\/hijasdejesus.org\\\/en\\\/whose-neighbor-do-i-become\\\/\"},\"author\":{\"name\":\"Comunicaci\u00f3n Internacional\",\"@id\":\"https:\\\/\\\/hijasdejesus.org\\\/en\\\/#\\\/schema\\\/person\\\/91b9e676dca8842a983b89793a34e5b8\"},\"headline\":\"Whose neighbor do I become?\",\"datePublished\":\"2026-02-10T17:00:00+00:00\",\"dateModified\":\"2026-02-13T21:10:21+00:00\",\"mainEntityOfPage\":{\"@id\":\"https:\\\/\\\/hijasdejesus.org\\\/en\\\/whose-neighbor-do-i-become\\\/\"},\"wordCount\":653,\"publisher\":{\"@id\":\"https:\\\/\\\/hijasdejesus.org\\\/en\\\/#organization\"},\"image\":{\"@id\":\"https:\\\/\\\/hijasdejesus.org\\\/en\\\/whose-neighbor-do-i-become\\\/#primaryimage\"},\"thumbnailUrl\":\"https:\\\/\\\/hijasdejesus.org\\\/wp-content\\\/uploads\\\/2026\\\/02\\\/Portadas-web-19.png\",\"keywords\":[\"Pope Leo XIV\"],\"articleSection\":[\"Church\",\"News\"],\"inLanguage\":\"en-US\"},{\"@type\":\"WebPage\",\"@id\":\"https:\\\/\\\/hijasdejesus.org\\\/en\\\/whose-neighbor-do-i-become\\\/\",\"url\":\"https:\\\/\\\/hijasdejesus.org\\\/en\\\/whose-neighbor-do-i-become\\\/\",\"name\":\"Whose neighbor do I become? - Hijas de Jes\u00fas\",\"isPartOf\":{\"@id\":\"https:\\\/\\\/hijasdejesus.org\\\/en\\\/#website\"},\"primaryImageOfPage\":{\"@id\":\"https:\\\/\\\/hijasdejesus.org\\\/en\\\/whose-neighbor-do-i-become\\\/#primaryimage\"},\"image\":{\"@id\":\"https:\\\/\\\/hijasdejesus.org\\\/en\\\/whose-neighbor-do-i-become\\\/#primaryimage\"},\"thumbnailUrl\":\"https:\\\/\\\/hijasdejesus.org\\\/wp-content\\\/uploads\\\/2026\\\/02\\\/Portadas-web-19.png\",\"datePublished\":\"2026-02-10T17:00:00+00:00\",\"dateModified\":\"2026-02-13T21:10:21+00:00\",\"description\":\"On the World Day of the Sick 2026, we reflect on Christian closeness, care and hope in the face of suffering, in light of the Pope's message and the Gospel of the Good Samaritan.\",\"breadcrumb\":{\"@id\":\"https:\\\/\\\/hijasdejesus.org\\\/en\\\/whose-neighbor-do-i-become\\\/#breadcrumb\"},\"inLanguage\":\"en-US\",\"potentialAction\":[{\"@type\":\"ReadAction\",\"target\":[\"https:\\\/\\\/hijasdejesus.org\\\/en\\\/whose-neighbor-do-i-become\\\/\"]}]},{\"@type\":\"ImageObject\",\"inLanguage\":\"en-US\",\"@id\":\"https:\\\/\\\/hijasdejesus.org\\\/en\\\/whose-neighbor-do-i-become\\\/#primaryimage\",\"url\":\"https:\\\/\\\/hijasdejesus.org\\\/wp-content\\\/uploads\\\/2026\\\/02\\\/Portadas-web-19.png\",\"contentUrl\":\"https:\\\/\\\/hijasdejesus.org\\\/wp-content\\\/uploads\\\/2026\\\/02\\\/Portadas-web-19.png\",\"width\":1748,\"height\":1240},{\"@type\":\"BreadcrumbList\",\"@id\":\"https:\\\/\\\/hijasdejesus.org\\\/en\\\/whose-neighbor-do-i-become\\\/#breadcrumb\",\"itemListElement\":[{\"@type\":\"ListItem\",\"position\":1,\"name\":\"Portada\",\"item\":\"https:\\\/\\\/hijasdejesus.org\\\/en\\\/\"},{\"@type\":\"ListItem\",\"position\":2,\"name\":\"Whose neighbor do I become?\"}]},{\"@type\":\"WebSite\",\"@id\":\"https:\\\/\\\/hijasdejesus.org\\\/en\\\/#website\",\"url\":\"https:\\\/\\\/hijasdejesus.org\\\/en\\\/\",\"name\":\"Hijas de Jes\u00fas\",\"description\":\"Despertamos a Jes\u00fas en el coraz\u00f3n, sacando lo mejor de las personas. Somos una congregaci\u00f3n religiosa ignaciana fundada por la Madre Candida\",\"publisher\":{\"@id\":\"https:\\\/\\\/hijasdejesus.org\\\/en\\\/#organization\"},\"potentialAction\":[{\"@type\":\"SearchAction\",\"target\":{\"@type\":\"EntryPoint\",\"urlTemplate\":\"https:\\\/\\\/hijasdejesus.org\\\/en\\\/?s={search_term_string}\"},\"query-input\":{\"@type\":\"PropertyValueSpecification\",\"valueRequired\":true,\"valueName\":\"search_term_string\"}}],\"inLanguage\":\"en-US\"},{\"@type\":\"Organization\",\"@id\":\"https:\\\/\\\/hijasdejesus.org\\\/en\\\/#organization\",\"name\":\"Hijas de Jes\u00fas\",\"url\":\"https:\\\/\\\/hijasdejesus.org\\\/en\\\/\",\"logo\":{\"@type\":\"ImageObject\",\"inLanguage\":\"en-US\",\"@id\":\"https:\\\/\\\/hijasdejesus.org\\\/en\\\/#\\\/schema\\\/logo\\\/image\\\/\",\"url\":\"https:\\\/\\\/hijasdejesus.org\\\/wp-content\\\/uploads\\\/2023\\\/01\\\/Hijas-de-Jesus_hor-A7C957.png\",\"contentUrl\":\"https:\\\/\\\/hijasdejesus.org\\\/wp-content\\\/uploads\\\/2023\\\/01\\\/Hijas-de-Jesus_hor-A7C957.png\",\"width\":700,\"height\":360,\"caption\":\"Hijas de Jes\u00fas\"},\"image\":{\"@id\":\"https:\\\/\\\/hijasdejesus.org\\\/en\\\/#\\\/schema\\\/logo\\\/image\\\/\"},\"sameAs\":[\"https:\\\/\\\/www.facebook.com\\\/hijasdejesusenelmundo\\\/\",\"https:\\\/\\\/x.com\\\/hijasdjesus\"]},{\"@type\":\"Person\",\"@id\":\"https:\\\/\\\/hijasdejesus.org\\\/en\\\/#\\\/schema\\\/person\\\/91b9e676dca8842a983b89793a34e5b8\",\"name\":\"Comunicaci\u00f3n Internacional\",\"image\":{\"@type\":\"ImageObject\",\"inLanguage\":\"en-US\",\"@id\":\"https:\\\/\\\/secure.gravatar.com\\\/avatar\\\/dcb9b61797c934872aa9209ebf48b92edfeb0819dcdcaa77cd84879d6def414d?s=96&d=mm&r=g\",\"url\":\"https:\\\/\\\/secure.gravatar.com\\\/avatar\\\/dcb9b61797c934872aa9209ebf48b92edfeb0819dcdcaa77cd84879d6def414d?s=96&d=mm&r=g\",\"contentUrl\":\"https:\\\/\\\/secure.gravatar.com\\\/avatar\\\/dcb9b61797c934872aa9209ebf48b92edfeb0819dcdcaa77cd84879d6def414d?s=96&d=mm&r=g\",\"caption\":\"Comunicaci\u00f3n Internacional\"},\"url\":\"https:\\\/\\\/hijasdejesus.org\\\/en\\\/author\\\/comunicacion-internacional\\\/\"}]}<\/script>\n<!-- \/ Yoast SEO plugin. -->","yoast_head_json":{"title":"Whose neighbor do I become? - Hijas de Jes\u00fas","description":"On the World Day of the Sick 2026, we reflect on Christian closeness, care and hope in the face of suffering, in light of the Pope's message and the Gospel of the Good Samaritan.","robots":{"index":"index","follow":"follow","max-snippet":"max-snippet:-1","max-image-preview":"max-image-preview:large","max-video-preview":"max-video-preview:-1"},"canonical":"https:\/\/hijasdejesus.org\/en\/whose-neighbor-do-i-become\/","og_locale":"en_US","og_type":"article","og_title":"Whose neighbor do I become? - Hijas de Jes\u00fas","og_description":"On the World Day of the Sick 2026, we reflect on Christian closeness, care and hope in the face of suffering, in light of the Pope's message and the Gospel of the Good Samaritan.","og_url":"https:\/\/hijasdejesus.org\/en\/whose-neighbor-do-i-become\/","og_site_name":"Hijas de Jes\u00fas","article_publisher":"https:\/\/www.facebook.com\/hijasdejesusenelmundo\/","article_published_time":"2026-02-10T17:00:00+00:00","article_modified_time":"2026-02-13T21:10:21+00:00","og_image":[{"width":1748,"height":1240,"url":"https:\/\/hijasdejesus.org\/wp-content\/uploads\/2026\/02\/Portadas-web-19.png","type":"image\/png"}],"author":"Comunicaci\u00f3n Internacional","twitter_card":"summary_large_image","twitter_creator":"@hijasdjesus","twitter_site":"@hijasdjesus","twitter_misc":{"Written by":"Comunicaci\u00f3n Internacional","Est. reading time":"3 minutes"},"schema":{"@context":"https:\/\/schema.org","@graph":[{"@type":"Article","@id":"https:\/\/hijasdejesus.org\/en\/whose-neighbor-do-i-become\/#article","isPartOf":{"@id":"https:\/\/hijasdejesus.org\/en\/whose-neighbor-do-i-become\/"},"author":{"name":"Comunicaci\u00f3n Internacional","@id":"https:\/\/hijasdejesus.org\/en\/#\/schema\/person\/91b9e676dca8842a983b89793a34e5b8"},"headline":"Whose neighbor do I become?","datePublished":"2026-02-10T17:00:00+00:00","dateModified":"2026-02-13T21:10:21+00:00","mainEntityOfPage":{"@id":"https:\/\/hijasdejesus.org\/en\/whose-neighbor-do-i-become\/"},"wordCount":653,"publisher":{"@id":"https:\/\/hijasdejesus.org\/en\/#organization"},"image":{"@id":"https:\/\/hijasdejesus.org\/en\/whose-neighbor-do-i-become\/#primaryimage"},"thumbnailUrl":"https:\/\/hijasdejesus.org\/wp-content\/uploads\/2026\/02\/Portadas-web-19.png","keywords":["Pope Leo XIV"],"articleSection":["Church","News"],"inLanguage":"en-US"},{"@type":"WebPage","@id":"https:\/\/hijasdejesus.org\/en\/whose-neighbor-do-i-become\/","url":"https:\/\/hijasdejesus.org\/en\/whose-neighbor-do-i-become\/","name":"Whose neighbor do I become? - Hijas de Jes\u00fas","isPartOf":{"@id":"https:\/\/hijasdejesus.org\/en\/#website"},"primaryImageOfPage":{"@id":"https:\/\/hijasdejesus.org\/en\/whose-neighbor-do-i-become\/#primaryimage"},"image":{"@id":"https:\/\/hijasdejesus.org\/en\/whose-neighbor-do-i-become\/#primaryimage"},"thumbnailUrl":"https:\/\/hijasdejesus.org\/wp-content\/uploads\/2026\/02\/Portadas-web-19.png","datePublished":"2026-02-10T17:00:00+00:00","dateModified":"2026-02-13T21:10:21+00:00","description":"On the World Day of the Sick 2026, we reflect on Christian closeness, care and hope in the face of suffering, in light of the Pope's message and the Gospel of the Good Samaritan.","breadcrumb":{"@id":"https:\/\/hijasdejesus.org\/en\/whose-neighbor-do-i-become\/#breadcrumb"},"inLanguage":"en-US","potentialAction":[{"@type":"ReadAction","target":["https:\/\/hijasdejesus.org\/en\/whose-neighbor-do-i-become\/"]}]},{"@type":"ImageObject","inLanguage":"en-US","@id":"https:\/\/hijasdejesus.org\/en\/whose-neighbor-do-i-become\/#primaryimage","url":"https:\/\/hijasdejesus.org\/wp-content\/uploads\/2026\/02\/Portadas-web-19.png","contentUrl":"https:\/\/hijasdejesus.org\/wp-content\/uploads\/2026\/02\/Portadas-web-19.png","width":1748,"height":1240},{"@type":"BreadcrumbList","@id":"https:\/\/hijasdejesus.org\/en\/whose-neighbor-do-i-become\/#breadcrumb","itemListElement":[{"@type":"ListItem","position":1,"name":"Portada","item":"https:\/\/hijasdejesus.org\/en\/"},{"@type":"ListItem","position":2,"name":"Whose neighbor do I become?"}]},{"@type":"WebSite","@id":"https:\/\/hijasdejesus.org\/en\/#website","url":"https:\/\/hijasdejesus.org\/en\/","name":"Hijas de Jes\u00fas","description":"Despertamos a Jes\u00fas en el coraz\u00f3n, sacando lo mejor de las personas. Somos una congregaci\u00f3n religiosa ignaciana fundada por la Madre Candida","publisher":{"@id":"https:\/\/hijasdejesus.org\/en\/#organization"},"potentialAction":[{"@type":"SearchAction","target":{"@type":"EntryPoint","urlTemplate":"https:\/\/hijasdejesus.org\/en\/?s={search_term_string}"},"query-input":{"@type":"PropertyValueSpecification","valueRequired":true,"valueName":"search_term_string"}}],"inLanguage":"en-US"},{"@type":"Organization","@id":"https:\/\/hijasdejesus.org\/en\/#organization","name":"Hijas de Jes\u00fas","url":"https:\/\/hijasdejesus.org\/en\/","logo":{"@type":"ImageObject","inLanguage":"en-US","@id":"https:\/\/hijasdejesus.org\/en\/#\/schema\/logo\/image\/","url":"https:\/\/hijasdejesus.org\/wp-content\/uploads\/2023\/01\/Hijas-de-Jesus_hor-A7C957.png","contentUrl":"https:\/\/hijasdejesus.org\/wp-content\/uploads\/2023\/01\/Hijas-de-Jesus_hor-A7C957.png","width":700,"height":360,"caption":"Hijas de Jes\u00fas"},"image":{"@id":"https:\/\/hijasdejesus.org\/en\/#\/schema\/logo\/image\/"},"sameAs":["https:\/\/www.facebook.com\/hijasdejesusenelmundo\/","https:\/\/x.com\/hijasdjesus"]},{"@type":"Person","@id":"https:\/\/hijasdejesus.org\/en\/#\/schema\/person\/91b9e676dca8842a983b89793a34e5b8","name":"Comunicaci\u00f3n Internacional","image":{"@type":"ImageObject","inLanguage":"en-US","@id":"https:\/\/secure.gravatar.com\/avatar\/dcb9b61797c934872aa9209ebf48b92edfeb0819dcdcaa77cd84879d6def414d?s=96&d=mm&r=g","url":"https:\/\/secure.gravatar.com\/avatar\/dcb9b61797c934872aa9209ebf48b92edfeb0819dcdcaa77cd84879d6def414d?s=96&d=mm&r=g","contentUrl":"https:\/\/secure.gravatar.com\/avatar\/dcb9b61797c934872aa9209ebf48b92edfeb0819dcdcaa77cd84879d6def414d?s=96&d=mm&r=g","caption":"Comunicaci\u00f3n Internacional"},"url":"https:\/\/hijasdejesus.org\/en\/author\/comunicacion-internacional\/"}]}},"_links":{"self":[{"href":"https:\/\/hijasdejesus.org\/en\/wp-json\/wp\/v2\/posts\/52864","targetHints":{"allow":["GET"]}}],"collection":[{"href":"https:\/\/hijasdejesus.org\/en\/wp-json\/wp\/v2\/posts"}],"about":[{"href":"https:\/\/hijasdejesus.org\/en\/wp-json\/wp\/v2\/types\/post"}],"author":[{"embeddable":true,"href":"https:\/\/hijasdejesus.org\/en\/wp-json\/wp\/v2\/users\/36"}],"replies":[{"embeddable":true,"href":"https:\/\/hijasdejesus.org\/en\/wp-json\/wp\/v2\/comments?post=52864"}],"version-history":[{"count":2,"href":"https:\/\/hijasdejesus.org\/en\/wp-json\/wp\/v2\/posts\/52864\/revisions"}],"predecessor-version":[{"id":52873,"href":"https:\/\/hijasdejesus.org\/en\/wp-json\/wp\/v2\/posts\/52864\/revisions\/52873"}],"wp:featuredmedia":[{"embeddable":true,"href":"https:\/\/hijasdejesus.org\/en\/wp-json\/wp\/v2\/media\/52836"}],"wp:attachment":[{"href":"https:\/\/hijasdejesus.org\/en\/wp-json\/wp\/v2\/media?parent=52864"}],"wp:term":[{"taxonomy":"category","embeddable":true,"href":"https:\/\/hijasdejesus.org\/en\/wp-json\/wp\/v2\/categories?post=52864"},{"taxonomy":"post_tag","embeddable":true,"href":"https:\/\/hijasdejesus.org\/en\/wp-json\/wp\/v2\/tags?post=52864"}],"curies":[{"name":"wp","href":"https:\/\/api.w.org\/{rel}","templated":true}]}}