{"id":53135,"date":"2026-03-14T19:00:00","date_gmt":"2026-03-14T18:00:00","guid":{"rendered":"https:\/\/hijasdejesus.org\/iv-sunday-of-lent\/"},"modified":"2026-03-18T19:52:42","modified_gmt":"2026-03-18T18:52:42","slug":"iv-sunday-of-lent","status":"publish","type":"post","link":"https:\/\/hijasdejesus.org\/en\/iv-sunday-of-lent\/","title":{"rendered":"IV Sunday of Lent"},"content":{"rendered":"\n<p>The <a href=\"https:\/\/hijasdejesus.org\/en\/i-sunday-of-lent\/\" type=\"link\" id=\"https:\/\/hijasdejesus.org\/i-domingo-cuaresma-2026\/\">first Sunday<\/a> invited us to recognize that sin breaks, but God recreates; where death expands, grace overflows. On the <a href=\"https:\/\/hijasdejesus.org\/en\/ii-sunday-of-lent\/\" type=\"link\" id=\"https:\/\/hijasdejesus.org\/ii-domingo-de-cuaresma-2026\/\">second Sunday<\/a>, vocation resounded strongly as gift and call, and the<a href=\"https:\/\/hijasdejesus.org\/en\/iii-sunday-of-lent\/\"> third Sunday <\/a> invited us to be present to accompany life and sustain hope. <\/p>\n\n<p>This fourth Sunday we are invited to be light, to walk as children of light does not mean not to have shadows, but to <strong>let ourselves be illuminated by Christ and reflect his light. <\/strong>Our works and apostolic presences are called to be spaces where people grow, feel welcomed and discover paths of life. <strong>The educational and evangelizing mission is called to be a space of life, truth and social transformation.<\/strong><\/p>\n\n<p>On this Sunday, the Word invites us to review whether our presences are helping to awaken, to uplift, to transform reality, to live more fully and justly.<\/p>\n\n<p><\/p>\n\n<h2 class=\"wp-block-heading\">Once you were darkness, but now you are light in the Lord.<\/h2>\n\n<blockquote class=\"wp-block-quote is-layout-flow wp-block-quote-is-layout-flow\">\n<p>Brethren: Once you were darkness, but now you are light in the Lord. Walk as children of light-all goodness, righteousness and truth are the fruit of light-seeking what is pleasing to the Lord, taking no part in the unfruitful works of darkness, but rather denouncing them. For it is even shameful to mention the things they do in secret. But the light, denouncing them, brings them to light, and all that is uncovered is light.    Therefore he says: &#8220;Awake, thou that sleepest, arise from the dead, and Christ shall be thy light&#8221;.  <strong>Eph 5:8-14<\/strong><\/p>\n<\/blockquote>\n\n<p><\/p>\n\n<h2 class=\"wp-block-heading\">Apostolic presences that evangelize and transform.<\/h2>\n\n<blockquote class=\"wp-block-quote is-layout-flow wp-block-quote-is-layout-flow\">\n<p>We take care of our apostolic presences, ensuring that they are spaces of evangelization and agents of social transformation, so that in each of them &#8220;our own way of educating&#8221; is brought to life. Aware of the importance of education in building a more just and fraternal future, we continue to promote the Global Education Pact in them, thus responding to this initiative of the Church and to the needs of today with our educational mission. <strong>  Det CGXIX n. 24<\/strong><\/p>\n<\/blockquote>\n\n<p><\/p>\n\n<h2 class=\"wp-block-heading\">Question for discernment<\/h2>\n\n<p class=\"has-text-align-center\"><kbd>To what extent are our apostolic presences today being spaces of light that evangelize, transform and generate new life, justice and hope, according to our own way of educating?<\/kbd><\/p>\n\n<p><\/p>\n\n<p class=\"has-text-align-center\"><strong>Ignatian prayer proposal<\/strong><\/p>\n\n<div class=\"wp-block-buttons is-content-justification-center is-layout-flex wp-container-core-buttons-is-layout-16018d1d wp-block-buttons-is-layout-flex\">\n<div class=\"wp-block-button is-style-outline is-style-outline--1\"><a class=\"wp-block-button__link wp-element-button\" href=\"https:\/\/recursos.hijasdejesus.org\/?view=file&amp;id=787:oracion-iv-domingo-de-cuaresma-2026&amp;catid=24\">Download here<\/a><\/div>\n<\/div>\n","protected":false},"excerpt":{"rendered":"<p>The first Sunday invited us to recognize that sin breaks, but God recreates; where death expands, grace overflows. On the second Sunday, vocation resounded strongly as gift and call, and the third Sunday invited us to be present to accompany life and sustain hope. This fourth Sunday we are invited to be light, to walk [&hellip;]<\/p>\n","protected":false},"author":36,"featured_media":53123,"comment_status":"closed","ping_status":"closed","sticky":false,"template":"","format":"standard","meta":{"_et_pb_use_builder":"","_et_pb_old_content":"","_et_gb_content_width":"","footnotes":"","_links_to":"","_links_to_target":""},"categories":[510,990,412],"tags":[994,756],"class_list":["post-53135","post","type-post","status-publish","format-standard","has-post-thumbnail","hentry","category-communication","category-liturgia-oracion-en","category-news","tag-congregacion-general-en","tag-lent"],"yoast_head":"<!-- This site is optimized with the Yoast SEO plugin v27.5 - https:\/\/yoast.com\/product\/yoast-seo-wordpress\/ -->\n<title>IV Sunday of Lent - Hijas de Jes\u00fas<\/title>\n<meta name=\"description\" content=\"In this Lenten journey, the Word reminds us that to be light, to walk as children of light, does not mean to have no shadows, but to allow ourselves to be illuminated by Christ and to reflect his light.\" \/>\n<meta name=\"robots\" content=\"index, follow, max-snippet:-1, max-image-preview:large, max-video-preview:-1\" \/>\n<link rel=\"canonical\" href=\"https:\/\/hijasdejesus.org\/en\/iv-sunday-of-lent\/\" \/>\n<meta property=\"og:locale\" content=\"en_US\" \/>\n<meta property=\"og:type\" content=\"article\" \/>\n<meta property=\"og:title\" content=\"IV Sunday of Lent - Hijas de Jes\u00fas\" \/>\n<meta property=\"og:description\" content=\"In this Lenten journey, the Word reminds us that to be light, to walk as children of light, does not mean to have no shadows, but to allow ourselves to be illuminated by Christ and to reflect his light.\" \/>\n<meta property=\"og:url\" content=\"https:\/\/hijasdejesus.org\/en\/iv-sunday-of-lent\/\" \/>\n<meta property=\"og:site_name\" content=\"Hijas de Jes\u00fas\" \/>\n<meta property=\"article:publisher\" content=\"https:\/\/www.facebook.com\/hijasdejesusenelmundo\/\" \/>\n<meta property=\"article:published_time\" content=\"2026-03-14T18:00:00+00:00\" \/>\n<meta property=\"article:modified_time\" content=\"2026-03-18T18:52:42+00:00\" \/>\n<meta property=\"og:image\" content=\"https:\/\/hijasdejesus.org\/wp-content\/uploads\/2026\/03\/Portadas-web-4-1024x726.png\" \/>\n\t<meta property=\"og:image:width\" content=\"1024\" \/>\n\t<meta property=\"og:image:height\" content=\"726\" \/>\n\t<meta property=\"og:image:type\" content=\"image\/png\" \/>\n<meta name=\"author\" content=\"Comunicaci\u00f3n Internacional\" \/>\n<meta name=\"twitter:card\" content=\"summary_large_image\" \/>\n<meta name=\"twitter:creator\" content=\"@hijasdjesus\" \/>\n<meta name=\"twitter:site\" content=\"@hijasdjesus\" \/>\n<meta name=\"twitter:label1\" content=\"Written by\" \/>\n\t<meta name=\"twitter:data1\" content=\"Comunicaci\u00f3n Internacional\" \/>\n\t<meta name=\"twitter:label2\" content=\"Est. reading time\" \/>\n\t<meta name=\"twitter:data2\" content=\"2 minutes\" \/>\n<script type=\"application\/ld+json\" class=\"yoast-schema-graph\">{\"@context\":\"https:\\\/\\\/schema.org\",\"@graph\":[{\"@type\":\"Article\",\"@id\":\"https:\\\/\\\/hijasdejesus.org\\\/en\\\/iv-sunday-of-lent\\\/#article\",\"isPartOf\":{\"@id\":\"https:\\\/\\\/hijasdejesus.org\\\/en\\\/iv-sunday-of-lent\\\/\"},\"author\":{\"name\":\"Comunicaci\u00f3n Internacional\",\"@id\":\"https:\\\/\\\/hijasdejesus.org\\\/en\\\/#\\\/schema\\\/person\\\/91b9e676dca8842a983b89793a34e5b8\"},\"headline\":\"IV Sunday of Lent\",\"datePublished\":\"2026-03-14T18:00:00+00:00\",\"dateModified\":\"2026-03-18T18:52:42+00:00\",\"mainEntityOfPage\":{\"@id\":\"https:\\\/\\\/hijasdejesus.org\\\/en\\\/iv-sunday-of-lent\\\/\"},\"wordCount\":374,\"publisher\":{\"@id\":\"https:\\\/\\\/hijasdejesus.org\\\/en\\\/#organization\"},\"image\":{\"@id\":\"https:\\\/\\\/hijasdejesus.org\\\/en\\\/iv-sunday-of-lent\\\/#primaryimage\"},\"thumbnailUrl\":\"https:\\\/\\\/hijasdejesus.org\\\/wp-content\\\/uploads\\\/2026\\\/03\\\/Portadas-web-4.png\",\"keywords\":[\"Congregaci\u00f3n General\",\"Lent\"],\"articleSection\":[\"Communication\",\"Liturgia &#8211; oraci\u00f3n\",\"News\"],\"inLanguage\":\"en-US\"},{\"@type\":\"WebPage\",\"@id\":\"https:\\\/\\\/hijasdejesus.org\\\/en\\\/iv-sunday-of-lent\\\/\",\"url\":\"https:\\\/\\\/hijasdejesus.org\\\/en\\\/iv-sunday-of-lent\\\/\",\"name\":\"IV Sunday of Lent - Hijas de Jes\u00fas\",\"isPartOf\":{\"@id\":\"https:\\\/\\\/hijasdejesus.org\\\/en\\\/#website\"},\"primaryImageOfPage\":{\"@id\":\"https:\\\/\\\/hijasdejesus.org\\\/en\\\/iv-sunday-of-lent\\\/#primaryimage\"},\"image\":{\"@id\":\"https:\\\/\\\/hijasdejesus.org\\\/en\\\/iv-sunday-of-lent\\\/#primaryimage\"},\"thumbnailUrl\":\"https:\\\/\\\/hijasdejesus.org\\\/wp-content\\\/uploads\\\/2026\\\/03\\\/Portadas-web-4.png\",\"datePublished\":\"2026-03-14T18:00:00+00:00\",\"dateModified\":\"2026-03-18T18:52:42+00:00\",\"description\":\"In this Lenten journey, the Word reminds us that to be light, to walk as children of light, does not mean to have no shadows, but to allow ourselves to be illuminated by Christ and to reflect his light.\",\"breadcrumb\":{\"@id\":\"https:\\\/\\\/hijasdejesus.org\\\/en\\\/iv-sunday-of-lent\\\/#breadcrumb\"},\"inLanguage\":\"en-US\",\"potentialAction\":[{\"@type\":\"ReadAction\",\"target\":[\"https:\\\/\\\/hijasdejesus.org\\\/en\\\/iv-sunday-of-lent\\\/\"]}]},{\"@type\":\"ImageObject\",\"inLanguage\":\"en-US\",\"@id\":\"https:\\\/\\\/hijasdejesus.org\\\/en\\\/iv-sunday-of-lent\\\/#primaryimage\",\"url\":\"https:\\\/\\\/hijasdejesus.org\\\/wp-content\\\/uploads\\\/2026\\\/03\\\/Portadas-web-4.png\",\"contentUrl\":\"https:\\\/\\\/hijasdejesus.org\\\/wp-content\\\/uploads\\\/2026\\\/03\\\/Portadas-web-4.png\",\"width\":1748,\"height\":1240},{\"@type\":\"BreadcrumbList\",\"@id\":\"https:\\\/\\\/hijasdejesus.org\\\/en\\\/iv-sunday-of-lent\\\/#breadcrumb\",\"itemListElement\":[{\"@type\":\"ListItem\",\"position\":1,\"name\":\"Portada\",\"item\":\"https:\\\/\\\/hijasdejesus.org\\\/en\\\/\"},{\"@type\":\"ListItem\",\"position\":2,\"name\":\"IV Sunday of Lent\"}]},{\"@type\":\"WebSite\",\"@id\":\"https:\\\/\\\/hijasdejesus.org\\\/en\\\/#website\",\"url\":\"https:\\\/\\\/hijasdejesus.org\\\/en\\\/\",\"name\":\"Hijas de Jes\u00fas\",\"description\":\"Despertamos a Jes\u00fas en el coraz\u00f3n, sacando lo mejor de las personas. Somos una congregaci\u00f3n religiosa ignaciana fundada por la Madre Candida\",\"publisher\":{\"@id\":\"https:\\\/\\\/hijasdejesus.org\\\/en\\\/#organization\"},\"potentialAction\":[{\"@type\":\"SearchAction\",\"target\":{\"@type\":\"EntryPoint\",\"urlTemplate\":\"https:\\\/\\\/hijasdejesus.org\\\/en\\\/?s={search_term_string}\"},\"query-input\":{\"@type\":\"PropertyValueSpecification\",\"valueRequired\":true,\"valueName\":\"search_term_string\"}}],\"inLanguage\":\"en-US\"},{\"@type\":\"Organization\",\"@id\":\"https:\\\/\\\/hijasdejesus.org\\\/en\\\/#organization\",\"name\":\"Hijas de Jes\u00fas\",\"url\":\"https:\\\/\\\/hijasdejesus.org\\\/en\\\/\",\"logo\":{\"@type\":\"ImageObject\",\"inLanguage\":\"en-US\",\"@id\":\"https:\\\/\\\/hijasdejesus.org\\\/en\\\/#\\\/schema\\\/logo\\\/image\\\/\",\"url\":\"https:\\\/\\\/hijasdejesus.org\\\/wp-content\\\/uploads\\\/2023\\\/01\\\/Hijas-de-Jesus_hor-A7C957.png\",\"contentUrl\":\"https:\\\/\\\/hijasdejesus.org\\\/wp-content\\\/uploads\\\/2023\\\/01\\\/Hijas-de-Jesus_hor-A7C957.png\",\"width\":700,\"height\":360,\"caption\":\"Hijas de Jes\u00fas\"},\"image\":{\"@id\":\"https:\\\/\\\/hijasdejesus.org\\\/en\\\/#\\\/schema\\\/logo\\\/image\\\/\"},\"sameAs\":[\"https:\\\/\\\/www.facebook.com\\\/hijasdejesusenelmundo\\\/\",\"https:\\\/\\\/x.com\\\/hijasdjesus\"]},{\"@type\":\"Person\",\"@id\":\"https:\\\/\\\/hijasdejesus.org\\\/en\\\/#\\\/schema\\\/person\\\/91b9e676dca8842a983b89793a34e5b8\",\"name\":\"Comunicaci\u00f3n Internacional\",\"image\":{\"@type\":\"ImageObject\",\"inLanguage\":\"en-US\",\"@id\":\"https:\\\/\\\/secure.gravatar.com\\\/avatar\\\/dcb9b61797c934872aa9209ebf48b92edfeb0819dcdcaa77cd84879d6def414d?s=96&d=mm&r=g\",\"url\":\"https:\\\/\\\/secure.gravatar.com\\\/avatar\\\/dcb9b61797c934872aa9209ebf48b92edfeb0819dcdcaa77cd84879d6def414d?s=96&d=mm&r=g\",\"contentUrl\":\"https:\\\/\\\/secure.gravatar.com\\\/avatar\\\/dcb9b61797c934872aa9209ebf48b92edfeb0819dcdcaa77cd84879d6def414d?s=96&d=mm&r=g\",\"caption\":\"Comunicaci\u00f3n Internacional\"},\"url\":\"https:\\\/\\\/hijasdejesus.org\\\/en\\\/author\\\/comunicacion-internacional\\\/\"}]}<\/script>\n<!-- \/ Yoast SEO plugin. -->","yoast_head_json":{"title":"IV Sunday of Lent - Hijas de Jes\u00fas","description":"In this Lenten journey, the Word reminds us that to be light, to walk as children of light, does not mean to have no shadows, but to allow ourselves to be illuminated by Christ and to reflect his light.","robots":{"index":"index","follow":"follow","max-snippet":"max-snippet:-1","max-image-preview":"max-image-preview:large","max-video-preview":"max-video-preview:-1"},"canonical":"https:\/\/hijasdejesus.org\/en\/iv-sunday-of-lent\/","og_locale":"en_US","og_type":"article","og_title":"IV Sunday of Lent - Hijas de Jes\u00fas","og_description":"In this Lenten journey, the Word reminds us that to be light, to walk as children of light, does not mean to have no shadows, but to allow ourselves to be illuminated by Christ and to reflect his light.","og_url":"https:\/\/hijasdejesus.org\/en\/iv-sunday-of-lent\/","og_site_name":"Hijas de Jes\u00fas","article_publisher":"https:\/\/www.facebook.com\/hijasdejesusenelmundo\/","article_published_time":"2026-03-14T18:00:00+00:00","article_modified_time":"2026-03-18T18:52:42+00:00","og_image":[{"width":1024,"height":726,"url":"https:\/\/hijasdejesus.org\/wp-content\/uploads\/2026\/03\/Portadas-web-4-1024x726.png","type":"image\/png"}],"author":"Comunicaci\u00f3n Internacional","twitter_card":"summary_large_image","twitter_creator":"@hijasdjesus","twitter_site":"@hijasdjesus","twitter_misc":{"Written by":"Comunicaci\u00f3n Internacional","Est. reading time":"2 minutes"},"schema":{"@context":"https:\/\/schema.org","@graph":[{"@type":"Article","@id":"https:\/\/hijasdejesus.org\/en\/iv-sunday-of-lent\/#article","isPartOf":{"@id":"https:\/\/hijasdejesus.org\/en\/iv-sunday-of-lent\/"},"author":{"name":"Comunicaci\u00f3n Internacional","@id":"https:\/\/hijasdejesus.org\/en\/#\/schema\/person\/91b9e676dca8842a983b89793a34e5b8"},"headline":"IV Sunday of Lent","datePublished":"2026-03-14T18:00:00+00:00","dateModified":"2026-03-18T18:52:42+00:00","mainEntityOfPage":{"@id":"https:\/\/hijasdejesus.org\/en\/iv-sunday-of-lent\/"},"wordCount":374,"publisher":{"@id":"https:\/\/hijasdejesus.org\/en\/#organization"},"image":{"@id":"https:\/\/hijasdejesus.org\/en\/iv-sunday-of-lent\/#primaryimage"},"thumbnailUrl":"https:\/\/hijasdejesus.org\/wp-content\/uploads\/2026\/03\/Portadas-web-4.png","keywords":["Congregaci\u00f3n General","Lent"],"articleSection":["Communication","Liturgia &#8211; oraci\u00f3n","News"],"inLanguage":"en-US"},{"@type":"WebPage","@id":"https:\/\/hijasdejesus.org\/en\/iv-sunday-of-lent\/","url":"https:\/\/hijasdejesus.org\/en\/iv-sunday-of-lent\/","name":"IV Sunday of Lent - Hijas de Jes\u00fas","isPartOf":{"@id":"https:\/\/hijasdejesus.org\/en\/#website"},"primaryImageOfPage":{"@id":"https:\/\/hijasdejesus.org\/en\/iv-sunday-of-lent\/#primaryimage"},"image":{"@id":"https:\/\/hijasdejesus.org\/en\/iv-sunday-of-lent\/#primaryimage"},"thumbnailUrl":"https:\/\/hijasdejesus.org\/wp-content\/uploads\/2026\/03\/Portadas-web-4.png","datePublished":"2026-03-14T18:00:00+00:00","dateModified":"2026-03-18T18:52:42+00:00","description":"In this Lenten journey, the Word reminds us that to be light, to walk as children of light, does not mean to have no shadows, but to allow ourselves to be illuminated by Christ and to reflect his light.","breadcrumb":{"@id":"https:\/\/hijasdejesus.org\/en\/iv-sunday-of-lent\/#breadcrumb"},"inLanguage":"en-US","potentialAction":[{"@type":"ReadAction","target":["https:\/\/hijasdejesus.org\/en\/iv-sunday-of-lent\/"]}]},{"@type":"ImageObject","inLanguage":"en-US","@id":"https:\/\/hijasdejesus.org\/en\/iv-sunday-of-lent\/#primaryimage","url":"https:\/\/hijasdejesus.org\/wp-content\/uploads\/2026\/03\/Portadas-web-4.png","contentUrl":"https:\/\/hijasdejesus.org\/wp-content\/uploads\/2026\/03\/Portadas-web-4.png","width":1748,"height":1240},{"@type":"BreadcrumbList","@id":"https:\/\/hijasdejesus.org\/en\/iv-sunday-of-lent\/#breadcrumb","itemListElement":[{"@type":"ListItem","position":1,"name":"Portada","item":"https:\/\/hijasdejesus.org\/en\/"},{"@type":"ListItem","position":2,"name":"IV Sunday of Lent"}]},{"@type":"WebSite","@id":"https:\/\/hijasdejesus.org\/en\/#website","url":"https:\/\/hijasdejesus.org\/en\/","name":"Hijas de Jes\u00fas","description":"Despertamos a Jes\u00fas en el coraz\u00f3n, sacando lo mejor de las personas. Somos una congregaci\u00f3n religiosa ignaciana fundada por la Madre Candida","publisher":{"@id":"https:\/\/hijasdejesus.org\/en\/#organization"},"potentialAction":[{"@type":"SearchAction","target":{"@type":"EntryPoint","urlTemplate":"https:\/\/hijasdejesus.org\/en\/?s={search_term_string}"},"query-input":{"@type":"PropertyValueSpecification","valueRequired":true,"valueName":"search_term_string"}}],"inLanguage":"en-US"},{"@type":"Organization","@id":"https:\/\/hijasdejesus.org\/en\/#organization","name":"Hijas de Jes\u00fas","url":"https:\/\/hijasdejesus.org\/en\/","logo":{"@type":"ImageObject","inLanguage":"en-US","@id":"https:\/\/hijasdejesus.org\/en\/#\/schema\/logo\/image\/","url":"https:\/\/hijasdejesus.org\/wp-content\/uploads\/2023\/01\/Hijas-de-Jesus_hor-A7C957.png","contentUrl":"https:\/\/hijasdejesus.org\/wp-content\/uploads\/2023\/01\/Hijas-de-Jesus_hor-A7C957.png","width":700,"height":360,"caption":"Hijas de Jes\u00fas"},"image":{"@id":"https:\/\/hijasdejesus.org\/en\/#\/schema\/logo\/image\/"},"sameAs":["https:\/\/www.facebook.com\/hijasdejesusenelmundo\/","https:\/\/x.com\/hijasdjesus"]},{"@type":"Person","@id":"https:\/\/hijasdejesus.org\/en\/#\/schema\/person\/91b9e676dca8842a983b89793a34e5b8","name":"Comunicaci\u00f3n Internacional","image":{"@type":"ImageObject","inLanguage":"en-US","@id":"https:\/\/secure.gravatar.com\/avatar\/dcb9b61797c934872aa9209ebf48b92edfeb0819dcdcaa77cd84879d6def414d?s=96&d=mm&r=g","url":"https:\/\/secure.gravatar.com\/avatar\/dcb9b61797c934872aa9209ebf48b92edfeb0819dcdcaa77cd84879d6def414d?s=96&d=mm&r=g","contentUrl":"https:\/\/secure.gravatar.com\/avatar\/dcb9b61797c934872aa9209ebf48b92edfeb0819dcdcaa77cd84879d6def414d?s=96&d=mm&r=g","caption":"Comunicaci\u00f3n Internacional"},"url":"https:\/\/hijasdejesus.org\/en\/author\/comunicacion-internacional\/"}]}},"_links":{"self":[{"href":"https:\/\/hijasdejesus.org\/en\/wp-json\/wp\/v2\/posts\/53135","targetHints":{"allow":["GET"]}}],"collection":[{"href":"https:\/\/hijasdejesus.org\/en\/wp-json\/wp\/v2\/posts"}],"about":[{"href":"https:\/\/hijasdejesus.org\/en\/wp-json\/wp\/v2\/types\/post"}],"author":[{"embeddable":true,"href":"https:\/\/hijasdejesus.org\/en\/wp-json\/wp\/v2\/users\/36"}],"replies":[{"embeddable":true,"href":"https:\/\/hijasdejesus.org\/en\/wp-json\/wp\/v2\/comments?post=53135"}],"version-history":[{"count":2,"href":"https:\/\/hijasdejesus.org\/en\/wp-json\/wp\/v2\/posts\/53135\/revisions"}],"predecessor-version":[{"id":53169,"href":"https:\/\/hijasdejesus.org\/en\/wp-json\/wp\/v2\/posts\/53135\/revisions\/53169"}],"wp:featuredmedia":[{"embeddable":true,"href":"https:\/\/hijasdejesus.org\/en\/wp-json\/wp\/v2\/media\/53123"}],"wp:attachment":[{"href":"https:\/\/hijasdejesus.org\/en\/wp-json\/wp\/v2\/media?parent=53135"}],"wp:term":[{"taxonomy":"category","embeddable":true,"href":"https:\/\/hijasdejesus.org\/en\/wp-json\/wp\/v2\/categories?post=53135"},{"taxonomy":"post_tag","embeddable":true,"href":"https:\/\/hijasdejesus.org\/en\/wp-json\/wp\/v2\/tags?post=53135"}],"curies":[{"name":"wp","href":"https:\/\/api.w.org\/{rel}","templated":true}]}}