{"id":53456,"date":"2026-04-03T23:00:00","date_gmt":"2026-04-03T21:00:00","guid":{"rendered":"https:\/\/hijasdejesus.org\/holy-saturday-caring-for-hope\/"},"modified":"2026-04-06T15:07:37","modified_gmt":"2026-04-06T13:07:37","slug":"holy-saturday-caring-for-hope","status":"publish","type":"post","link":"https:\/\/hijasdejesus.org\/en\/holy-saturday-caring-for-hope\/","title":{"rendered":"Holy Saturday | Caring for Hope"},"content":{"rendered":"\n<p>We continue to walk in this Holy Week. After <strong>entering with Jesus<\/strong> on <a href=\"https:\/\/hijasdejesus.org\/en\/palm-sunday-enter-with-jesus\/\" type=\"link\" id=\"https:\/\/hijasdejesus.org\/domingo-de-ramos-2026\/\">Palm Sunday<\/a>, learning to <strong>love without calculation<\/strong> on <a href=\"https:\/\/hijasdejesus.org\/en\/easter-monday-caring-with-gratuity\/\" type=\"link\" id=\"https:\/\/hijasdejesus.org\/lunes-santo-2026\/\">Monday<\/a>, allowing ourselves to be transformed in the <strong>truth of the heart<\/strong> on <a href=\"https:\/\/hijasdejesus.org\/en\/holy-tuesday-the-truth-of-the-heart\/\" type=\"link\" id=\"https:\/\/hijasdejesus.org\/martes-santo-2026\/\">Tuesday<\/a>, recognizing the call to <strong>rebuild bonds<\/strong> on <a href=\"https:\/\/hijasdejesus.org\/en\/holy-wednesday-when-love-is-sold\/\" type=\"link\" id=\"https:\/\/hijasdejesus.org\/miercoles-santo-2026\/\">Wednesday<\/a>, discovering on <a href=\"https:\/\/hijasdejesus.org\/en\/maundy-thursday-care-becomes-service\/\" type=\"link\" id=\"https:\/\/hijasdejesus.org\/jueves-santo-2026\/\">Thursday <\/a>that to <strong>love is to serve<\/strong> and <a href=\"https:\/\/hijasdejesus.org\/en\/good-friday-god-cares-even-in-pain\/\" type=\"link\" id=\"https:\/\/hijasdejesus.org\/?p=53361\">yesterday<\/a>, to remain <strong>close to the cross,<\/strong> today the road leads us to silence. <\/p>\n\n<p>The silence of the tomb is not the end. It is also God&#8217;s time. Even when everything seems to have stopped, even when darkness seems to have conquered, God continues to act, even when we do not see him, even when everything seems to be over.  <\/p>\n\n<p>This day invites us to <strong>take care of hope<\/strong>. To sustain it with faith, to protect it in the midst of uncertainty, to trust that life has the last word. <\/p>\n\n<p>We believe that the Spirit continues to work in history (GCXIX), in the hidden, in the small, in what is not yet fully manifested.<\/p>\n\n<p>Therefore, today we ask ourselves:<br\/><strong>What hope needs to be nurtured in my life and in the world?<\/strong><\/p>\n\n<p>Perhaps the gesture is simple and meaningful: to light a candle and, in its light, to entrust to God the whole of humanity, with its wounds and its yearnings.<\/p>\n\n<p>And from there, we pray: <strong>Lord, sustain our hope.<\/strong><\/p>\n\n<p><\/p>\n\n<figure class=\"wp-block-embed is-type-video is-provider-youtube wp-block-embed-youtube wp-embed-aspect-9-16 wp-has-aspect-ratio\"><div class=\"wp-block-embed__wrapper\">\n<iframe loading=\"lazy\" title=\"S\u00e1bado Santo | Cuidar la esperanza\" width=\"563\" height=\"1000\" src=\"https:\/\/www.youtube.com\/embed\/4VjMQrfqqGE?feature=oembed\"  allow=\"accelerometer; autoplay; clipboard-write; encrypted-media; gyroscope; picture-in-picture; web-share\" referrerpolicy=\"strict-origin-when-cross-origin\" allowfullscreen><\/iframe>\n<\/div><\/figure>\n","protected":false},"excerpt":{"rendered":"<p>We continue to walk in this Holy Week. After entering with Jesus on Palm Sunday, learning to love without calculation on Monday, allowing ourselves to be transformed in the truth of the heart on Tuesday, recognizing the call to rebuild bonds on Wednesday, discovering on Thursday that to love is to serve and yesterday, to [&hellip;]<\/p>\n","protected":false},"author":36,"featured_media":53425,"comment_status":"closed","ping_status":"closed","sticky":false,"template":"","format":"standard","meta":{"_et_pb_use_builder":"","_et_pb_old_content":"","_et_gb_content_width":"","footnotes":"","_links_to":"","_links_to_target":""},"categories":[990,412],"tags":[824],"class_list":["post-53456","post","type-post","status-publish","format-standard","has-post-thumbnail","hentry","category-liturgia-oracion-en","category-news","tag-semana-santa-en"],"yoast_head":"<!-- This site is optimized with the Yoast SEO plugin v27.4 - https:\/\/yoast.com\/product\/yoast-seo-wordpress\/ -->\n<title>Holy Saturday | Caring for Hope - Hijas de Jes\u00fas<\/title>\n<meta name=\"description\" content=\"The path of Holy Week today leads us to silence. The silence of the tomb is not the end. It is also God&#039;s time.\" \/>\n<meta name=\"robots\" content=\"index, follow, max-snippet:-1, max-image-preview:large, max-video-preview:-1\" \/>\n<link rel=\"canonical\" href=\"https:\/\/hijasdejesus.org\/en\/holy-saturday-caring-for-hope\/\" \/>\n<meta property=\"og:locale\" content=\"en_US\" \/>\n<meta property=\"og:type\" content=\"article\" \/>\n<meta property=\"og:title\" content=\"Holy Saturday | Caring for Hope - Hijas de Jes\u00fas\" \/>\n<meta property=\"og:description\" content=\"The path of Holy Week today leads us to silence. The silence of the tomb is not the end. It is also God&#039;s time.\" \/>\n<meta property=\"og:url\" content=\"https:\/\/hijasdejesus.org\/en\/holy-saturday-caring-for-hope\/\" \/>\n<meta property=\"og:site_name\" content=\"Hijas de Jes\u00fas\" \/>\n<meta property=\"article:publisher\" content=\"https:\/\/www.facebook.com\/hijasdejesusenelmundo\/\" \/>\n<meta property=\"article:published_time\" content=\"2026-04-03T21:00:00+00:00\" \/>\n<meta property=\"article:modified_time\" content=\"2026-04-06T13:07:37+00:00\" \/>\n<meta property=\"og:image\" content=\"https:\/\/hijasdejesus.org\/wp-content\/uploads\/2026\/04\/Portadas-web-18.png\" \/>\n\t<meta property=\"og:image:width\" content=\"1748\" \/>\n\t<meta property=\"og:image:height\" content=\"1240\" \/>\n\t<meta property=\"og:image:type\" content=\"image\/png\" \/>\n<meta name=\"author\" content=\"Comunicaci\u00f3n Internacional\" \/>\n<meta name=\"twitter:card\" content=\"summary_large_image\" \/>\n<meta name=\"twitter:creator\" content=\"@hijasdjesus\" \/>\n<meta name=\"twitter:site\" content=\"@hijasdjesus\" \/>\n<meta name=\"twitter:label1\" content=\"Written by\" \/>\n\t<meta name=\"twitter:data1\" content=\"Comunicaci\u00f3n Internacional\" \/>\n\t<meta name=\"twitter:label2\" content=\"Est. reading time\" \/>\n\t<meta name=\"twitter:data2\" content=\"1 minute\" \/>\n<script type=\"application\/ld+json\" class=\"yoast-schema-graph\">{\"@context\":\"https:\\\/\\\/schema.org\",\"@graph\":[{\"@type\":\"Article\",\"@id\":\"https:\\\/\\\/hijasdejesus.org\\\/en\\\/holy-saturday-caring-for-hope\\\/#article\",\"isPartOf\":{\"@id\":\"https:\\\/\\\/hijasdejesus.org\\\/en\\\/holy-saturday-caring-for-hope\\\/\"},\"author\":{\"name\":\"Comunicaci\u00f3n Internacional\",\"@id\":\"https:\\\/\\\/hijasdejesus.org\\\/en\\\/#\\\/schema\\\/person\\\/91b9e676dca8842a983b89793a34e5b8\"},\"headline\":\"Holy Saturday | Caring for Hope\",\"datePublished\":\"2026-04-03T21:00:00+00:00\",\"dateModified\":\"2026-04-06T13:07:37+00:00\",\"mainEntityOfPage\":{\"@id\":\"https:\\\/\\\/hijasdejesus.org\\\/en\\\/holy-saturday-caring-for-hope\\\/\"},\"wordCount\":236,\"publisher\":{\"@id\":\"https:\\\/\\\/hijasdejesus.org\\\/en\\\/#organization\"},\"image\":{\"@id\":\"https:\\\/\\\/hijasdejesus.org\\\/en\\\/holy-saturday-caring-for-hope\\\/#primaryimage\"},\"thumbnailUrl\":\"https:\\\/\\\/hijasdejesus.org\\\/wp-content\\\/uploads\\\/2026\\\/04\\\/Portadas-web-18.png\",\"keywords\":[\"Semana Santa\"],\"articleSection\":[\"Liturgia &#8211; oraci\u00f3n\",\"News\"],\"inLanguage\":\"en-US\"},{\"@type\":\"WebPage\",\"@id\":\"https:\\\/\\\/hijasdejesus.org\\\/en\\\/holy-saturday-caring-for-hope\\\/\",\"url\":\"https:\\\/\\\/hijasdejesus.org\\\/en\\\/holy-saturday-caring-for-hope\\\/\",\"name\":\"Holy Saturday | Caring for Hope - Hijas de Jes\u00fas\",\"isPartOf\":{\"@id\":\"https:\\\/\\\/hijasdejesus.org\\\/en\\\/#website\"},\"primaryImageOfPage\":{\"@id\":\"https:\\\/\\\/hijasdejesus.org\\\/en\\\/holy-saturday-caring-for-hope\\\/#primaryimage\"},\"image\":{\"@id\":\"https:\\\/\\\/hijasdejesus.org\\\/en\\\/holy-saturday-caring-for-hope\\\/#primaryimage\"},\"thumbnailUrl\":\"https:\\\/\\\/hijasdejesus.org\\\/wp-content\\\/uploads\\\/2026\\\/04\\\/Portadas-web-18.png\",\"datePublished\":\"2026-04-03T21:00:00+00:00\",\"dateModified\":\"2026-04-06T13:07:37+00:00\",\"description\":\"The path of Holy Week today leads us to silence. The silence of the tomb is not the end. It is also God's time.\",\"breadcrumb\":{\"@id\":\"https:\\\/\\\/hijasdejesus.org\\\/en\\\/holy-saturday-caring-for-hope\\\/#breadcrumb\"},\"inLanguage\":\"en-US\",\"potentialAction\":[{\"@type\":\"ReadAction\",\"target\":[\"https:\\\/\\\/hijasdejesus.org\\\/en\\\/holy-saturday-caring-for-hope\\\/\"]}]},{\"@type\":\"ImageObject\",\"inLanguage\":\"en-US\",\"@id\":\"https:\\\/\\\/hijasdejesus.org\\\/en\\\/holy-saturday-caring-for-hope\\\/#primaryimage\",\"url\":\"https:\\\/\\\/hijasdejesus.org\\\/wp-content\\\/uploads\\\/2026\\\/04\\\/Portadas-web-18.png\",\"contentUrl\":\"https:\\\/\\\/hijasdejesus.org\\\/wp-content\\\/uploads\\\/2026\\\/04\\\/Portadas-web-18.png\",\"width\":1748,\"height\":1240},{\"@type\":\"BreadcrumbList\",\"@id\":\"https:\\\/\\\/hijasdejesus.org\\\/en\\\/holy-saturday-caring-for-hope\\\/#breadcrumb\",\"itemListElement\":[{\"@type\":\"ListItem\",\"position\":1,\"name\":\"Portada\",\"item\":\"https:\\\/\\\/hijasdejesus.org\\\/en\\\/\"},{\"@type\":\"ListItem\",\"position\":2,\"name\":\"Holy Saturday | Caring for Hope\"}]},{\"@type\":\"WebSite\",\"@id\":\"https:\\\/\\\/hijasdejesus.org\\\/en\\\/#website\",\"url\":\"https:\\\/\\\/hijasdejesus.org\\\/en\\\/\",\"name\":\"Hijas de Jes\u00fas\",\"description\":\"Despertamos a Jes\u00fas en el coraz\u00f3n, sacando lo mejor de las personas. Somos una congregaci\u00f3n religiosa ignaciana fundada por la Madre Candida\",\"publisher\":{\"@id\":\"https:\\\/\\\/hijasdejesus.org\\\/en\\\/#organization\"},\"potentialAction\":[{\"@type\":\"SearchAction\",\"target\":{\"@type\":\"EntryPoint\",\"urlTemplate\":\"https:\\\/\\\/hijasdejesus.org\\\/en\\\/?s={search_term_string}\"},\"query-input\":{\"@type\":\"PropertyValueSpecification\",\"valueRequired\":true,\"valueName\":\"search_term_string\"}}],\"inLanguage\":\"en-US\"},{\"@type\":\"Organization\",\"@id\":\"https:\\\/\\\/hijasdejesus.org\\\/en\\\/#organization\",\"name\":\"Hijas de Jes\u00fas\",\"url\":\"https:\\\/\\\/hijasdejesus.org\\\/en\\\/\",\"logo\":{\"@type\":\"ImageObject\",\"inLanguage\":\"en-US\",\"@id\":\"https:\\\/\\\/hijasdejesus.org\\\/en\\\/#\\\/schema\\\/logo\\\/image\\\/\",\"url\":\"https:\\\/\\\/hijasdejesus.org\\\/wp-content\\\/uploads\\\/2023\\\/01\\\/Hijas-de-Jesus_hor-A7C957.png\",\"contentUrl\":\"https:\\\/\\\/hijasdejesus.org\\\/wp-content\\\/uploads\\\/2023\\\/01\\\/Hijas-de-Jesus_hor-A7C957.png\",\"width\":700,\"height\":360,\"caption\":\"Hijas de Jes\u00fas\"},\"image\":{\"@id\":\"https:\\\/\\\/hijasdejesus.org\\\/en\\\/#\\\/schema\\\/logo\\\/image\\\/\"},\"sameAs\":[\"https:\\\/\\\/www.facebook.com\\\/hijasdejesusenelmundo\\\/\",\"https:\\\/\\\/x.com\\\/hijasdjesus\"]},{\"@type\":\"Person\",\"@id\":\"https:\\\/\\\/hijasdejesus.org\\\/en\\\/#\\\/schema\\\/person\\\/91b9e676dca8842a983b89793a34e5b8\",\"name\":\"Comunicaci\u00f3n Internacional\",\"image\":{\"@type\":\"ImageObject\",\"inLanguage\":\"en-US\",\"@id\":\"https:\\\/\\\/secure.gravatar.com\\\/avatar\\\/dcb9b61797c934872aa9209ebf48b92edfeb0819dcdcaa77cd84879d6def414d?s=96&d=mm&r=g\",\"url\":\"https:\\\/\\\/secure.gravatar.com\\\/avatar\\\/dcb9b61797c934872aa9209ebf48b92edfeb0819dcdcaa77cd84879d6def414d?s=96&d=mm&r=g\",\"contentUrl\":\"https:\\\/\\\/secure.gravatar.com\\\/avatar\\\/dcb9b61797c934872aa9209ebf48b92edfeb0819dcdcaa77cd84879d6def414d?s=96&d=mm&r=g\",\"caption\":\"Comunicaci\u00f3n Internacional\"},\"url\":\"https:\\\/\\\/hijasdejesus.org\\\/en\\\/author\\\/comunicacion-internacional\\\/\"}]}<\/script>\n<!-- \/ Yoast SEO plugin. -->","yoast_head_json":{"title":"Holy Saturday | Caring for Hope - Hijas de Jes\u00fas","description":"The path of Holy Week today leads us to silence. The silence of the tomb is not the end. It is also God's time.","robots":{"index":"index","follow":"follow","max-snippet":"max-snippet:-1","max-image-preview":"max-image-preview:large","max-video-preview":"max-video-preview:-1"},"canonical":"https:\/\/hijasdejesus.org\/en\/holy-saturday-caring-for-hope\/","og_locale":"en_US","og_type":"article","og_title":"Holy Saturday | Caring for Hope - Hijas de Jes\u00fas","og_description":"The path of Holy Week today leads us to silence. The silence of the tomb is not the end. It is also God's time.","og_url":"https:\/\/hijasdejesus.org\/en\/holy-saturday-caring-for-hope\/","og_site_name":"Hijas de Jes\u00fas","article_publisher":"https:\/\/www.facebook.com\/hijasdejesusenelmundo\/","article_published_time":"2026-04-03T21:00:00+00:00","article_modified_time":"2026-04-06T13:07:37+00:00","og_image":[{"width":1748,"height":1240,"url":"https:\/\/hijasdejesus.org\/wp-content\/uploads\/2026\/04\/Portadas-web-18.png","type":"image\/png"}],"author":"Comunicaci\u00f3n Internacional","twitter_card":"summary_large_image","twitter_creator":"@hijasdjesus","twitter_site":"@hijasdjesus","twitter_misc":{"Written by":"Comunicaci\u00f3n Internacional","Est. reading time":"1 minute"},"schema":{"@context":"https:\/\/schema.org","@graph":[{"@type":"Article","@id":"https:\/\/hijasdejesus.org\/en\/holy-saturday-caring-for-hope\/#article","isPartOf":{"@id":"https:\/\/hijasdejesus.org\/en\/holy-saturday-caring-for-hope\/"},"author":{"name":"Comunicaci\u00f3n Internacional","@id":"https:\/\/hijasdejesus.org\/en\/#\/schema\/person\/91b9e676dca8842a983b89793a34e5b8"},"headline":"Holy Saturday | Caring for Hope","datePublished":"2026-04-03T21:00:00+00:00","dateModified":"2026-04-06T13:07:37+00:00","mainEntityOfPage":{"@id":"https:\/\/hijasdejesus.org\/en\/holy-saturday-caring-for-hope\/"},"wordCount":236,"publisher":{"@id":"https:\/\/hijasdejesus.org\/en\/#organization"},"image":{"@id":"https:\/\/hijasdejesus.org\/en\/holy-saturday-caring-for-hope\/#primaryimage"},"thumbnailUrl":"https:\/\/hijasdejesus.org\/wp-content\/uploads\/2026\/04\/Portadas-web-18.png","keywords":["Semana Santa"],"articleSection":["Liturgia &#8211; oraci\u00f3n","News"],"inLanguage":"en-US"},{"@type":"WebPage","@id":"https:\/\/hijasdejesus.org\/en\/holy-saturday-caring-for-hope\/","url":"https:\/\/hijasdejesus.org\/en\/holy-saturday-caring-for-hope\/","name":"Holy Saturday | Caring for Hope - Hijas de Jes\u00fas","isPartOf":{"@id":"https:\/\/hijasdejesus.org\/en\/#website"},"primaryImageOfPage":{"@id":"https:\/\/hijasdejesus.org\/en\/holy-saturday-caring-for-hope\/#primaryimage"},"image":{"@id":"https:\/\/hijasdejesus.org\/en\/holy-saturday-caring-for-hope\/#primaryimage"},"thumbnailUrl":"https:\/\/hijasdejesus.org\/wp-content\/uploads\/2026\/04\/Portadas-web-18.png","datePublished":"2026-04-03T21:00:00+00:00","dateModified":"2026-04-06T13:07:37+00:00","description":"The path of Holy Week today leads us to silence. The silence of the tomb is not the end. It is also God's time.","breadcrumb":{"@id":"https:\/\/hijasdejesus.org\/en\/holy-saturday-caring-for-hope\/#breadcrumb"},"inLanguage":"en-US","potentialAction":[{"@type":"ReadAction","target":["https:\/\/hijasdejesus.org\/en\/holy-saturday-caring-for-hope\/"]}]},{"@type":"ImageObject","inLanguage":"en-US","@id":"https:\/\/hijasdejesus.org\/en\/holy-saturday-caring-for-hope\/#primaryimage","url":"https:\/\/hijasdejesus.org\/wp-content\/uploads\/2026\/04\/Portadas-web-18.png","contentUrl":"https:\/\/hijasdejesus.org\/wp-content\/uploads\/2026\/04\/Portadas-web-18.png","width":1748,"height":1240},{"@type":"BreadcrumbList","@id":"https:\/\/hijasdejesus.org\/en\/holy-saturday-caring-for-hope\/#breadcrumb","itemListElement":[{"@type":"ListItem","position":1,"name":"Portada","item":"https:\/\/hijasdejesus.org\/en\/"},{"@type":"ListItem","position":2,"name":"Holy Saturday | Caring for Hope"}]},{"@type":"WebSite","@id":"https:\/\/hijasdejesus.org\/en\/#website","url":"https:\/\/hijasdejesus.org\/en\/","name":"Hijas de Jes\u00fas","description":"Despertamos a Jes\u00fas en el coraz\u00f3n, sacando lo mejor de las personas. Somos una congregaci\u00f3n religiosa ignaciana fundada por la Madre Candida","publisher":{"@id":"https:\/\/hijasdejesus.org\/en\/#organization"},"potentialAction":[{"@type":"SearchAction","target":{"@type":"EntryPoint","urlTemplate":"https:\/\/hijasdejesus.org\/en\/?s={search_term_string}"},"query-input":{"@type":"PropertyValueSpecification","valueRequired":true,"valueName":"search_term_string"}}],"inLanguage":"en-US"},{"@type":"Organization","@id":"https:\/\/hijasdejesus.org\/en\/#organization","name":"Hijas de Jes\u00fas","url":"https:\/\/hijasdejesus.org\/en\/","logo":{"@type":"ImageObject","inLanguage":"en-US","@id":"https:\/\/hijasdejesus.org\/en\/#\/schema\/logo\/image\/","url":"https:\/\/hijasdejesus.org\/wp-content\/uploads\/2023\/01\/Hijas-de-Jesus_hor-A7C957.png","contentUrl":"https:\/\/hijasdejesus.org\/wp-content\/uploads\/2023\/01\/Hijas-de-Jesus_hor-A7C957.png","width":700,"height":360,"caption":"Hijas de Jes\u00fas"},"image":{"@id":"https:\/\/hijasdejesus.org\/en\/#\/schema\/logo\/image\/"},"sameAs":["https:\/\/www.facebook.com\/hijasdejesusenelmundo\/","https:\/\/x.com\/hijasdjesus"]},{"@type":"Person","@id":"https:\/\/hijasdejesus.org\/en\/#\/schema\/person\/91b9e676dca8842a983b89793a34e5b8","name":"Comunicaci\u00f3n Internacional","image":{"@type":"ImageObject","inLanguage":"en-US","@id":"https:\/\/secure.gravatar.com\/avatar\/dcb9b61797c934872aa9209ebf48b92edfeb0819dcdcaa77cd84879d6def414d?s=96&d=mm&r=g","url":"https:\/\/secure.gravatar.com\/avatar\/dcb9b61797c934872aa9209ebf48b92edfeb0819dcdcaa77cd84879d6def414d?s=96&d=mm&r=g","contentUrl":"https:\/\/secure.gravatar.com\/avatar\/dcb9b61797c934872aa9209ebf48b92edfeb0819dcdcaa77cd84879d6def414d?s=96&d=mm&r=g","caption":"Comunicaci\u00f3n Internacional"},"url":"https:\/\/hijasdejesus.org\/en\/author\/comunicacion-internacional\/"}]}},"_links":{"self":[{"href":"https:\/\/hijasdejesus.org\/en\/wp-json\/wp\/v2\/posts\/53456","targetHints":{"allow":["GET"]}}],"collection":[{"href":"https:\/\/hijasdejesus.org\/en\/wp-json\/wp\/v2\/posts"}],"about":[{"href":"https:\/\/hijasdejesus.org\/en\/wp-json\/wp\/v2\/types\/post"}],"author":[{"embeddable":true,"href":"https:\/\/hijasdejesus.org\/en\/wp-json\/wp\/v2\/users\/36"}],"replies":[{"embeddable":true,"href":"https:\/\/hijasdejesus.org\/en\/wp-json\/wp\/v2\/comments?post=53456"}],"version-history":[{"count":1,"href":"https:\/\/hijasdejesus.org\/en\/wp-json\/wp\/v2\/posts\/53456\/revisions"}],"predecessor-version":[{"id":53460,"href":"https:\/\/hijasdejesus.org\/en\/wp-json\/wp\/v2\/posts\/53456\/revisions\/53460"}],"wp:featuredmedia":[{"embeddable":true,"href":"https:\/\/hijasdejesus.org\/en\/wp-json\/wp\/v2\/media\/53425"}],"wp:attachment":[{"href":"https:\/\/hijasdejesus.org\/en\/wp-json\/wp\/v2\/media?parent=53456"}],"wp:term":[{"taxonomy":"category","embeddable":true,"href":"https:\/\/hijasdejesus.org\/en\/wp-json\/wp\/v2\/categories?post=53456"},{"taxonomy":"post_tag","embeddable":true,"href":"https:\/\/hijasdejesus.org\/en\/wp-json\/wp\/v2\/tags?post=53456"}],"curies":[{"name":"wp","href":"https:\/\/api.w.org\/{rel}","templated":true}]}}