{"id":53638,"date":"2026-04-26T01:00:00","date_gmt":"2026-04-25T23:00:00","guid":{"rendered":"https:\/\/hijasdejesus.org\/world-day-of-prayer-for-vocations\/"},"modified":"2026-04-26T01:00:27","modified_gmt":"2026-04-25T23:00:27","slug":"world-day-of-prayer-for-vocations","status":"publish","type":"post","link":"https:\/\/hijasdejesus.org\/en\/world-day-of-prayer-for-vocations\/","title":{"rendered":"World Day of Prayer for Vocations"},"content":{"rendered":"\n<p>On this <strong>World Day of Prayer for Vocations<\/strong>, the Daughters of Jesus join the universal Church in celebrating the gift of the call. As <a href=\"https:\/\/www.vatican.va\/content\/leo-xiv\/es\/messages\/vocations\/documents\/20260316-messaggio-vocazioni.html\">Pope Leo XIV reminds us in his message for this year<\/a>, vocation is not a human project, but a transforming encounter with the Love that precedes us and launches us into mission. <\/p>\n\n<p>In his words for this day, the Pope reminds us that vocation is above all a: <em>&#8220;discovery of the free gift of God that blossoms in the depths of the heart of each one of us&#8221;<\/em>. He also adds a fundamental key to understanding it: <em>&#8220;it is never an imposition&#8230; but a project of love and happiness&#8221;<\/em>. <\/p>\n\n<p>These words resonate strongly when we contemplate the life of Anto\u00f1ita, our young Blessed. In her we see how this gift was accepted with simplicity and trust, turning into a life of total dedication. <\/p>\n\n<h3 class=\"wp-block-heading\"><strong>God&#8217;s dream: Our common goal<\/strong><\/h3>\n\n<p>In the <strong>Determination of the GCXIX (N. 25)<\/strong> we are invited to encourage vocation ministry. Our commitment is to help each young woman to clarify the <strong>dream that God has for her life<\/strong>, with the conviction that this dream can be fully realized as a <strong>Daughter of Jesus<\/strong>. <\/p>\n\n<h3 class=\"wp-block-heading\"><strong>Under the shelter of Anto\u00f1ita: Companion on the road<\/strong><\/h3>\n\n<p>The vitality of our charism is reflected in the faces of those who have said &#8220;yes&#8221; and today are going through their <a href=\"https:\/\/hijasdejesus.org\/en\/tag\/formacion-inicial-en\/\" type=\"link\" id=\"https:\/\/hijasdejesus.org\/tag\/formacion-inicial\/\">first stages in the Congregation.<\/a> In this journey, they are not alone. They count on the intercession of <strong>Blessed Maria Antonia Bandr\u00e9s (Anto\u00f1ita)<\/strong>, patroness of the Daughters of Jesus in initial formation. <\/p>\n\n<p>Anto\u00f1ita, with her dedicated youth and deep joy, teaches us that vocation is a trusting abandonment into the hands of the Father. Her life is a reminder that holiness is possible through simplicity and daily commitment to the Kingdom. <\/p>\n\n<p>Today, April 27, on his feast of &#8220;passing over to the Father,&#8221; we place our sisters in initial formation under his special protection:<\/p>\n\n<figure class=\"wp-block-image size-large\"><img loading=\"lazy\" decoding=\"async\" width=\"1024\" height=\"726\" src=\"https:\/\/hijasdejesus.org\/wp-content\/uploads\/2026\/04\/Portadas-web-9-1024x726.png\" alt=\"\" class=\"wp-image-53620\" srcset=\"https:\/\/hijasdejesus.org\/wp-content\/uploads\/2026\/04\/Portadas-web-9-980x695.png 980w, https:\/\/hijasdejesus.org\/wp-content\/uploads\/2026\/04\/Portadas-web-9-480x341.png 480w\" sizes=\"(min-width: 0px) and (max-width: 480px) 480px, (min-width: 481px) and (max-width: 980px) 980px, (min-width: 981px) 1024px, 100vw\" \/><\/figure>\n\n<p><\/p>\n\n<h3 class=\"wp-block-heading\"><strong>A space for prayer<\/strong><\/h3>\n\n<p>We invite you to join us in our prayer. Pause, silence your heart and ask the Lord of the harvest to continue to raise up generous hearts. <\/p>\n\n<p>We would especially like to invite you to pray:<\/p>\n\n<ul class=\"wp-block-list\">\n<li>For those who are in the process of discernment<\/li>\n\n\n\n<li>For young women in initial training<\/li>\n\n\n\n<li>For new vocations that dare to respond generously to the challenges of the future.<\/li>\n<\/ul>\n\n<p><\/p>\n\n<p class=\"has-text-align-center\"><kbd>Good Father God,<br\/>who continues to call and sow life in the heart of the world,<br\/>awaken also today courageous and generous young people<br\/>who want to follow Jesus with joy and freedom.<\/kbd><\/p>\n\n<p class=\"has-text-align-center\"><kbd>Give birth in many hearts<br\/>to the desire for a life dedicated, fraternal and full of meaning;<br\/>a life that cares, accompanies, brings peace and joy<br\/>where hope is most needed.<\/kbd><\/p>\n\n<p class=\"has-text-align-center\"><kbd>Encourage and strengthen vocations with simple hearts,<br\/>capable of listening to your voice in the midst of the noise,<br\/>to walk with others, to love without measure<br\/>and to serve with audacity in the peripheries of the world.<\/kbd><\/p>\n\n<p><\/p>\n\n<p>Like Anto\u00f1ita, may we know how to live with an open heart, trusting fully in God and placing our lives at the service of others.<\/p>\n","protected":false},"excerpt":{"rendered":"<p>On this World Day of Prayer for Vocations, the Daughters of Jesus join the universal Church in celebrating the gift of the call. As Pope Leo XIV reminds us in his message for this year, vocation is not a human project, but a transforming encounter with the Love that precedes us and launches us into [&hellip;]<\/p>\n","protected":false},"author":36,"featured_media":53615,"comment_status":"closed","ping_status":"closed","sticky":false,"template":"","format":"standard","meta":{"_et_pb_use_builder":"","_et_pb_old_content":"","_et_gb_content_width":"","footnotes":"","_links_to":"","_links_to_target":""},"categories":[532,698,990,702,536],"tags":[858,703,1011,1367],"class_list":["post-53638","post","type-post","status-publish","format-standard","has-post-thumbnail","hentry","category-church","category-featured","category-liturgia-oracion-en","category-vida-religiosa-en","category-youth","tag-antonita-en","tag-formacion-inicial-en","tag-ma-antonia-bandres-en","tag-pope-leo-xiv"],"yoast_head":"<!-- This site is optimized with the Yoast SEO plugin v27.4 - https:\/\/yoast.com\/product\/yoast-seo-wordpress\/ -->\n<title>World Day of Prayer for Vocations - Hijas de Jes\u00fas<\/title>\n<meta name=\"description\" content=\"On this World Day of Prayer for Vocations, the Daughters of Jesus join the universal Church in celebrating the gift of the call.\" \/>\n<meta name=\"robots\" content=\"index, follow, max-snippet:-1, max-image-preview:large, max-video-preview:-1\" \/>\n<link rel=\"canonical\" href=\"https:\/\/hijasdejesus.org\/en\/world-day-of-prayer-for-vocations\/\" \/>\n<meta property=\"og:locale\" content=\"en_US\" \/>\n<meta property=\"og:type\" content=\"article\" \/>\n<meta property=\"og:title\" content=\"World Day of Prayer for Vocations - Hijas de Jes\u00fas\" \/>\n<meta property=\"og:description\" content=\"On this World Day of Prayer for Vocations, the Daughters of Jesus join the universal Church in celebrating the gift of the call.\" \/>\n<meta property=\"og:url\" content=\"https:\/\/hijasdejesus.org\/en\/world-day-of-prayer-for-vocations\/\" \/>\n<meta property=\"og:site_name\" content=\"Hijas de Jes\u00fas\" \/>\n<meta property=\"article:publisher\" content=\"https:\/\/www.facebook.com\/hijasdejesusenelmundo\/\" \/>\n<meta property=\"article:published_time\" content=\"2026-04-25T23:00:00+00:00\" \/>\n<meta property=\"article:modified_time\" content=\"2026-04-25T23:00:27+00:00\" \/>\n<meta property=\"og:image\" content=\"https:\/\/hijasdejesus.org\/wp-content\/uploads\/2026\/04\/Portadas-web-8-1024x726.png\" \/>\n\t<meta property=\"og:image:width\" content=\"1024\" \/>\n\t<meta property=\"og:image:height\" content=\"726\" \/>\n\t<meta property=\"og:image:type\" content=\"image\/png\" \/>\n<meta name=\"author\" content=\"Comunicaci\u00f3n Internacional\" \/>\n<meta name=\"twitter:card\" content=\"summary_large_image\" \/>\n<meta name=\"twitter:creator\" content=\"@hijasdjesus\" \/>\n<meta name=\"twitter:site\" content=\"@hijasdjesus\" \/>\n<meta name=\"twitter:label1\" content=\"Written by\" \/>\n\t<meta name=\"twitter:data1\" content=\"Comunicaci\u00f3n Internacional\" \/>\n\t<meta name=\"twitter:label2\" content=\"Est. reading time\" \/>\n\t<meta name=\"twitter:data2\" content=\"3 minutes\" \/>\n<script type=\"application\/ld+json\" class=\"yoast-schema-graph\">{\"@context\":\"https:\\\/\\\/schema.org\",\"@graph\":[{\"@type\":\"Article\",\"@id\":\"https:\\\/\\\/hijasdejesus.org\\\/en\\\/world-day-of-prayer-for-vocations\\\/#article\",\"isPartOf\":{\"@id\":\"https:\\\/\\\/hijasdejesus.org\\\/en\\\/world-day-of-prayer-for-vocations\\\/\"},\"author\":{\"name\":\"Comunicaci\u00f3n Internacional\",\"@id\":\"https:\\\/\\\/hijasdejesus.org\\\/en\\\/#\\\/schema\\\/person\\\/91b9e676dca8842a983b89793a34e5b8\"},\"headline\":\"World Day of Prayer for Vocations\",\"datePublished\":\"2026-04-25T23:00:00+00:00\",\"dateModified\":\"2026-04-25T23:00:27+00:00\",\"mainEntityOfPage\":{\"@id\":\"https:\\\/\\\/hijasdejesus.org\\\/en\\\/world-day-of-prayer-for-vocations\\\/\"},\"wordCount\":528,\"publisher\":{\"@id\":\"https:\\\/\\\/hijasdejesus.org\\\/en\\\/#organization\"},\"image\":{\"@id\":\"https:\\\/\\\/hijasdejesus.org\\\/en\\\/world-day-of-prayer-for-vocations\\\/#primaryimage\"},\"thumbnailUrl\":\"https:\\\/\\\/hijasdejesus.org\\\/wp-content\\\/uploads\\\/2026\\\/04\\\/Portadas-web-8.png\",\"keywords\":[\"Anto\u00f1ita\",\"Formaci\u00f3n inicial\",\"M\u00aa Antonia Bandr\u00e9s\",\"Pope Leo XIV\"],\"articleSection\":[\"Church\",\"Featured\",\"Liturgia &#8211; oraci\u00f3n\",\"Vida Religiosa\",\"Youth\"],\"inLanguage\":\"en-US\"},{\"@type\":\"WebPage\",\"@id\":\"https:\\\/\\\/hijasdejesus.org\\\/en\\\/world-day-of-prayer-for-vocations\\\/\",\"url\":\"https:\\\/\\\/hijasdejesus.org\\\/en\\\/world-day-of-prayer-for-vocations\\\/\",\"name\":\"World Day of Prayer for Vocations - Hijas de Jes\u00fas\",\"isPartOf\":{\"@id\":\"https:\\\/\\\/hijasdejesus.org\\\/en\\\/#website\"},\"primaryImageOfPage\":{\"@id\":\"https:\\\/\\\/hijasdejesus.org\\\/en\\\/world-day-of-prayer-for-vocations\\\/#primaryimage\"},\"image\":{\"@id\":\"https:\\\/\\\/hijasdejesus.org\\\/en\\\/world-day-of-prayer-for-vocations\\\/#primaryimage\"},\"thumbnailUrl\":\"https:\\\/\\\/hijasdejesus.org\\\/wp-content\\\/uploads\\\/2026\\\/04\\\/Portadas-web-8.png\",\"datePublished\":\"2026-04-25T23:00:00+00:00\",\"dateModified\":\"2026-04-25T23:00:27+00:00\",\"description\":\"On this World Day of Prayer for Vocations, the Daughters of Jesus join the universal Church in celebrating the gift of the call.\",\"breadcrumb\":{\"@id\":\"https:\\\/\\\/hijasdejesus.org\\\/en\\\/world-day-of-prayer-for-vocations\\\/#breadcrumb\"},\"inLanguage\":\"en-US\",\"potentialAction\":[{\"@type\":\"ReadAction\",\"target\":[\"https:\\\/\\\/hijasdejesus.org\\\/en\\\/world-day-of-prayer-for-vocations\\\/\"]}]},{\"@type\":\"ImageObject\",\"inLanguage\":\"en-US\",\"@id\":\"https:\\\/\\\/hijasdejesus.org\\\/en\\\/world-day-of-prayer-for-vocations\\\/#primaryimage\",\"url\":\"https:\\\/\\\/hijasdejesus.org\\\/wp-content\\\/uploads\\\/2026\\\/04\\\/Portadas-web-8.png\",\"contentUrl\":\"https:\\\/\\\/hijasdejesus.org\\\/wp-content\\\/uploads\\\/2026\\\/04\\\/Portadas-web-8.png\",\"width\":1748,\"height\":1240},{\"@type\":\"BreadcrumbList\",\"@id\":\"https:\\\/\\\/hijasdejesus.org\\\/en\\\/world-day-of-prayer-for-vocations\\\/#breadcrumb\",\"itemListElement\":[{\"@type\":\"ListItem\",\"position\":1,\"name\":\"Portada\",\"item\":\"https:\\\/\\\/hijasdejesus.org\\\/en\\\/\"},{\"@type\":\"ListItem\",\"position\":2,\"name\":\"World Day of Prayer for Vocations\"}]},{\"@type\":\"WebSite\",\"@id\":\"https:\\\/\\\/hijasdejesus.org\\\/en\\\/#website\",\"url\":\"https:\\\/\\\/hijasdejesus.org\\\/en\\\/\",\"name\":\"Hijas de Jes\u00fas\",\"description\":\"Despertamos a Jes\u00fas en el coraz\u00f3n, sacando lo mejor de las personas. Somos una congregaci\u00f3n religiosa ignaciana fundada por la Madre Candida\",\"publisher\":{\"@id\":\"https:\\\/\\\/hijasdejesus.org\\\/en\\\/#organization\"},\"potentialAction\":[{\"@type\":\"SearchAction\",\"target\":{\"@type\":\"EntryPoint\",\"urlTemplate\":\"https:\\\/\\\/hijasdejesus.org\\\/en\\\/?s={search_term_string}\"},\"query-input\":{\"@type\":\"PropertyValueSpecification\",\"valueRequired\":true,\"valueName\":\"search_term_string\"}}],\"inLanguage\":\"en-US\"},{\"@type\":\"Organization\",\"@id\":\"https:\\\/\\\/hijasdejesus.org\\\/en\\\/#organization\",\"name\":\"Hijas de Jes\u00fas\",\"url\":\"https:\\\/\\\/hijasdejesus.org\\\/en\\\/\",\"logo\":{\"@type\":\"ImageObject\",\"inLanguage\":\"en-US\",\"@id\":\"https:\\\/\\\/hijasdejesus.org\\\/en\\\/#\\\/schema\\\/logo\\\/image\\\/\",\"url\":\"https:\\\/\\\/hijasdejesus.org\\\/wp-content\\\/uploads\\\/2023\\\/01\\\/Hijas-de-Jesus_hor-A7C957.png\",\"contentUrl\":\"https:\\\/\\\/hijasdejesus.org\\\/wp-content\\\/uploads\\\/2023\\\/01\\\/Hijas-de-Jesus_hor-A7C957.png\",\"width\":700,\"height\":360,\"caption\":\"Hijas de Jes\u00fas\"},\"image\":{\"@id\":\"https:\\\/\\\/hijasdejesus.org\\\/en\\\/#\\\/schema\\\/logo\\\/image\\\/\"},\"sameAs\":[\"https:\\\/\\\/www.facebook.com\\\/hijasdejesusenelmundo\\\/\",\"https:\\\/\\\/x.com\\\/hijasdjesus\"]},{\"@type\":\"Person\",\"@id\":\"https:\\\/\\\/hijasdejesus.org\\\/en\\\/#\\\/schema\\\/person\\\/91b9e676dca8842a983b89793a34e5b8\",\"name\":\"Comunicaci\u00f3n Internacional\",\"image\":{\"@type\":\"ImageObject\",\"inLanguage\":\"en-US\",\"@id\":\"https:\\\/\\\/secure.gravatar.com\\\/avatar\\\/dcb9b61797c934872aa9209ebf48b92edfeb0819dcdcaa77cd84879d6def414d?s=96&d=mm&r=g\",\"url\":\"https:\\\/\\\/secure.gravatar.com\\\/avatar\\\/dcb9b61797c934872aa9209ebf48b92edfeb0819dcdcaa77cd84879d6def414d?s=96&d=mm&r=g\",\"contentUrl\":\"https:\\\/\\\/secure.gravatar.com\\\/avatar\\\/dcb9b61797c934872aa9209ebf48b92edfeb0819dcdcaa77cd84879d6def414d?s=96&d=mm&r=g\",\"caption\":\"Comunicaci\u00f3n Internacional\"},\"url\":\"https:\\\/\\\/hijasdejesus.org\\\/en\\\/author\\\/comunicacion-internacional\\\/\"}]}<\/script>\n<!-- \/ Yoast SEO plugin. -->","yoast_head_json":{"title":"World Day of Prayer for Vocations - Hijas de Jes\u00fas","description":"On this World Day of Prayer for Vocations, the Daughters of Jesus join the universal Church in celebrating the gift of the call.","robots":{"index":"index","follow":"follow","max-snippet":"max-snippet:-1","max-image-preview":"max-image-preview:large","max-video-preview":"max-video-preview:-1"},"canonical":"https:\/\/hijasdejesus.org\/en\/world-day-of-prayer-for-vocations\/","og_locale":"en_US","og_type":"article","og_title":"World Day of Prayer for Vocations - Hijas de Jes\u00fas","og_description":"On this World Day of Prayer for Vocations, the Daughters of Jesus join the universal Church in celebrating the gift of the call.","og_url":"https:\/\/hijasdejesus.org\/en\/world-day-of-prayer-for-vocations\/","og_site_name":"Hijas de Jes\u00fas","article_publisher":"https:\/\/www.facebook.com\/hijasdejesusenelmundo\/","article_published_time":"2026-04-25T23:00:00+00:00","article_modified_time":"2026-04-25T23:00:27+00:00","og_image":[{"width":1024,"height":726,"url":"https:\/\/hijasdejesus.org\/wp-content\/uploads\/2026\/04\/Portadas-web-8-1024x726.png","type":"image\/png"}],"author":"Comunicaci\u00f3n Internacional","twitter_card":"summary_large_image","twitter_creator":"@hijasdjesus","twitter_site":"@hijasdjesus","twitter_misc":{"Written by":"Comunicaci\u00f3n Internacional","Est. reading time":"3 minutes"},"schema":{"@context":"https:\/\/schema.org","@graph":[{"@type":"Article","@id":"https:\/\/hijasdejesus.org\/en\/world-day-of-prayer-for-vocations\/#article","isPartOf":{"@id":"https:\/\/hijasdejesus.org\/en\/world-day-of-prayer-for-vocations\/"},"author":{"name":"Comunicaci\u00f3n Internacional","@id":"https:\/\/hijasdejesus.org\/en\/#\/schema\/person\/91b9e676dca8842a983b89793a34e5b8"},"headline":"World Day of Prayer for Vocations","datePublished":"2026-04-25T23:00:00+00:00","dateModified":"2026-04-25T23:00:27+00:00","mainEntityOfPage":{"@id":"https:\/\/hijasdejesus.org\/en\/world-day-of-prayer-for-vocations\/"},"wordCount":528,"publisher":{"@id":"https:\/\/hijasdejesus.org\/en\/#organization"},"image":{"@id":"https:\/\/hijasdejesus.org\/en\/world-day-of-prayer-for-vocations\/#primaryimage"},"thumbnailUrl":"https:\/\/hijasdejesus.org\/wp-content\/uploads\/2026\/04\/Portadas-web-8.png","keywords":["Anto\u00f1ita","Formaci\u00f3n inicial","M\u00aa Antonia Bandr\u00e9s","Pope Leo XIV"],"articleSection":["Church","Featured","Liturgia &#8211; oraci\u00f3n","Vida Religiosa","Youth"],"inLanguage":"en-US"},{"@type":"WebPage","@id":"https:\/\/hijasdejesus.org\/en\/world-day-of-prayer-for-vocations\/","url":"https:\/\/hijasdejesus.org\/en\/world-day-of-prayer-for-vocations\/","name":"World Day of Prayer for Vocations - Hijas de Jes\u00fas","isPartOf":{"@id":"https:\/\/hijasdejesus.org\/en\/#website"},"primaryImageOfPage":{"@id":"https:\/\/hijasdejesus.org\/en\/world-day-of-prayer-for-vocations\/#primaryimage"},"image":{"@id":"https:\/\/hijasdejesus.org\/en\/world-day-of-prayer-for-vocations\/#primaryimage"},"thumbnailUrl":"https:\/\/hijasdejesus.org\/wp-content\/uploads\/2026\/04\/Portadas-web-8.png","datePublished":"2026-04-25T23:00:00+00:00","dateModified":"2026-04-25T23:00:27+00:00","description":"On this World Day of Prayer for Vocations, the Daughters of Jesus join the universal Church in celebrating the gift of the call.","breadcrumb":{"@id":"https:\/\/hijasdejesus.org\/en\/world-day-of-prayer-for-vocations\/#breadcrumb"},"inLanguage":"en-US","potentialAction":[{"@type":"ReadAction","target":["https:\/\/hijasdejesus.org\/en\/world-day-of-prayer-for-vocations\/"]}]},{"@type":"ImageObject","inLanguage":"en-US","@id":"https:\/\/hijasdejesus.org\/en\/world-day-of-prayer-for-vocations\/#primaryimage","url":"https:\/\/hijasdejesus.org\/wp-content\/uploads\/2026\/04\/Portadas-web-8.png","contentUrl":"https:\/\/hijasdejesus.org\/wp-content\/uploads\/2026\/04\/Portadas-web-8.png","width":1748,"height":1240},{"@type":"BreadcrumbList","@id":"https:\/\/hijasdejesus.org\/en\/world-day-of-prayer-for-vocations\/#breadcrumb","itemListElement":[{"@type":"ListItem","position":1,"name":"Portada","item":"https:\/\/hijasdejesus.org\/en\/"},{"@type":"ListItem","position":2,"name":"World Day of Prayer for Vocations"}]},{"@type":"WebSite","@id":"https:\/\/hijasdejesus.org\/en\/#website","url":"https:\/\/hijasdejesus.org\/en\/","name":"Hijas de Jes\u00fas","description":"Despertamos a Jes\u00fas en el coraz\u00f3n, sacando lo mejor de las personas. Somos una congregaci\u00f3n religiosa ignaciana fundada por la Madre Candida","publisher":{"@id":"https:\/\/hijasdejesus.org\/en\/#organization"},"potentialAction":[{"@type":"SearchAction","target":{"@type":"EntryPoint","urlTemplate":"https:\/\/hijasdejesus.org\/en\/?s={search_term_string}"},"query-input":{"@type":"PropertyValueSpecification","valueRequired":true,"valueName":"search_term_string"}}],"inLanguage":"en-US"},{"@type":"Organization","@id":"https:\/\/hijasdejesus.org\/en\/#organization","name":"Hijas de Jes\u00fas","url":"https:\/\/hijasdejesus.org\/en\/","logo":{"@type":"ImageObject","inLanguage":"en-US","@id":"https:\/\/hijasdejesus.org\/en\/#\/schema\/logo\/image\/","url":"https:\/\/hijasdejesus.org\/wp-content\/uploads\/2023\/01\/Hijas-de-Jesus_hor-A7C957.png","contentUrl":"https:\/\/hijasdejesus.org\/wp-content\/uploads\/2023\/01\/Hijas-de-Jesus_hor-A7C957.png","width":700,"height":360,"caption":"Hijas de Jes\u00fas"},"image":{"@id":"https:\/\/hijasdejesus.org\/en\/#\/schema\/logo\/image\/"},"sameAs":["https:\/\/www.facebook.com\/hijasdejesusenelmundo\/","https:\/\/x.com\/hijasdjesus"]},{"@type":"Person","@id":"https:\/\/hijasdejesus.org\/en\/#\/schema\/person\/91b9e676dca8842a983b89793a34e5b8","name":"Comunicaci\u00f3n Internacional","image":{"@type":"ImageObject","inLanguage":"en-US","@id":"https:\/\/secure.gravatar.com\/avatar\/dcb9b61797c934872aa9209ebf48b92edfeb0819dcdcaa77cd84879d6def414d?s=96&d=mm&r=g","url":"https:\/\/secure.gravatar.com\/avatar\/dcb9b61797c934872aa9209ebf48b92edfeb0819dcdcaa77cd84879d6def414d?s=96&d=mm&r=g","contentUrl":"https:\/\/secure.gravatar.com\/avatar\/dcb9b61797c934872aa9209ebf48b92edfeb0819dcdcaa77cd84879d6def414d?s=96&d=mm&r=g","caption":"Comunicaci\u00f3n Internacional"},"url":"https:\/\/hijasdejesus.org\/en\/author\/comunicacion-internacional\/"}]}},"_links":{"self":[{"href":"https:\/\/hijasdejesus.org\/en\/wp-json\/wp\/v2\/posts\/53638","targetHints":{"allow":["GET"]}}],"collection":[{"href":"https:\/\/hijasdejesus.org\/en\/wp-json\/wp\/v2\/posts"}],"about":[{"href":"https:\/\/hijasdejesus.org\/en\/wp-json\/wp\/v2\/types\/post"}],"author":[{"embeddable":true,"href":"https:\/\/hijasdejesus.org\/en\/wp-json\/wp\/v2\/users\/36"}],"replies":[{"embeddable":true,"href":"https:\/\/hijasdejesus.org\/en\/wp-json\/wp\/v2\/comments?post=53638"}],"version-history":[{"count":1,"href":"https:\/\/hijasdejesus.org\/en\/wp-json\/wp\/v2\/posts\/53638\/revisions"}],"predecessor-version":[{"id":53641,"href":"https:\/\/hijasdejesus.org\/en\/wp-json\/wp\/v2\/posts\/53638\/revisions\/53641"}],"wp:featuredmedia":[{"embeddable":true,"href":"https:\/\/hijasdejesus.org\/en\/wp-json\/wp\/v2\/media\/53615"}],"wp:attachment":[{"href":"https:\/\/hijasdejesus.org\/en\/wp-json\/wp\/v2\/media?parent=53638"}],"wp:term":[{"taxonomy":"category","embeddable":true,"href":"https:\/\/hijasdejesus.org\/en\/wp-json\/wp\/v2\/categories?post=53638"},{"taxonomy":"post_tag","embeddable":true,"href":"https:\/\/hijasdejesus.org\/en\/wp-json\/wp\/v2\/tags?post=53638"}],"curies":[{"name":"wp","href":"https:\/\/api.w.org\/{rel}","templated":true}]}}