{"id":53649,"date":"2026-04-27T01:00:00","date_gmt":"2026-04-26T23:00:00","guid":{"rendered":"https:\/\/hijasdejesus.org\/antonita-and-fasfi-i-want-to-serve-everyone\/"},"modified":"2026-04-27T01:00:34","modified_gmt":"2026-04-26T23:00:34","slug":"antonita-and-fasfi-i-want-to-serve-everyone","status":"publish","type":"post","link":"https:\/\/hijasdejesus.org\/en\/antonita-and-fasfi-i-want-to-serve-everyone\/","title":{"rendered":"Anto\u00f1ita and FASFI: I want to serve everyone."},"content":{"rendered":"\n<p><a href=\"https:\/\/hijasdejesus.org\/en\/april-27th-antonita-day-and-fasfi-day\/\" type=\"link\" id=\"https:\/\/hijasdejesus.org\/27-de-abril-dia-de-antonita-y-dia-fasfi\/\">This April 27<\/a> we celebrate <strong>Blessed Mar\u00eda Antonia Bandr\u00e9s (Anto\u00f1ita)<\/strong> and, together with her, <strong>FASFI Day<\/strong>. Anto\u00f1ita is not only a model of youth, but also a reference of deep solidarity. Her life left us a lesson that resonates today more strongly than ever: <em>&#8220;Following Jesus and being at the side of the poor are one and the same thing&#8221;.<\/em>  <\/p>\n\n<h2 class=\"wp-block-heading\">Presence and hope in the peripheries<\/h2>\n\n<p><strong>Determination GCXIX (N. 23)<\/strong> urges us to look at the geographical and existential peripheries that are multiplying in our world. In the face of the throwaway culture, the Daughters of Jesus feel called to: <\/p>\n\n<p class=\"has-text-align-center\"><em><kbd>\"To make ourselves present with our suffering brothers and sisters, contributing our grain of mustard seed... embodying the living presence of Christ.\"<\/kbd><\/em><\/p>\n\n<p>This &#8220;mustard seed&#8221; is precisely what the <strong>Daughters of Jesus Solidarity Aid Foundation (FASFI)<\/strong> embodies. The Foundation&#8217;s response to today&#8217;s challenges is the same one that moved Anto\u00f1ita in the neighborhoods of Toulouse: a charity that does not wait, that rolls up its sleeves and seeks to dignify each person. <\/p>\n\n<h2 class=\"wp-block-heading\">FASFI: Join our mission of solidarity<\/h2>\n\n<p>The Daughters of Jesus Solidarity Aid Foundation is a non-governmental organization created in 2003 by the Daughters of Jesus Congregation to support countries and groups in vulnerable situations. Its mission is to raise awareness, to inform, to make international cooperation a reality, as well as to promote participation and social volunteering.<\/p>\n\n<p>The mustard seed grows thanks to shared commitment. We invite you to learn more about the projects we support around the world and discover how you can be part of this engine of change. Whether through volunteering, becoming a member or making a one-time donation, your help allows hope to reach where it is most needed.  <\/p>\n\n<p><\/p>\n\n<div class=\"wp-block-buttons is-content-justification-center is-layout-flex wp-container-core-buttons-is-layout-16018d1d wp-block-buttons-is-layout-flex\">\n<div class=\"wp-block-button is-style-outline is-style-outline--1\"><a class=\"wp-block-button__link has-text-align-center wp-element-button\" href=\"https:\/\/www.fasfi.org\/\"><strong>Visit the FASFI website!  <\/strong><\/a><\/div>\n<\/div>\n\n<p><\/p>\n\n<p>May the joy of Anto\u00f1ita and the impulse of the CGXIX help us to continue to be instruments of equity and social welfare wherever life needs it most.<\/p>\n","protected":false},"excerpt":{"rendered":"<p>This April 27 we celebrate Blessed Mar\u00eda Antonia Bandr\u00e9s (Anto\u00f1ita) and, together with her, FASFI Day. Anto\u00f1ita is not only a model of youth, but also a reference of deep solidarity. Her life left us a lesson that resonates today more strongly than ever: &#8220;Following Jesus and being at the side of the poor are [&hellip;]<\/p>\n","protected":false},"author":36,"featured_media":53606,"comment_status":"closed","ping_status":"closed","sticky":false,"template":"","format":"standard","meta":{"_et_pb_use_builder":"","_et_pb_old_content":"","_et_gb_content_width":"","footnotes":"","_links_to":"","_links_to_target":""},"categories":[522,412,802],"tags":[858,1011],"class_list":["post-53649","post","type-post","status-publish","format-standard","has-post-thumbnail","hentry","category-fasfi-en","category-news","category-social-justice","tag-antonita-en","tag-ma-antonia-bandres-en"],"yoast_head":"<!-- This site is optimized with the Yoast SEO plugin v27.4 - https:\/\/yoast.com\/product\/yoast-seo-wordpress\/ -->\n<title>Anto\u00f1ita and FASFI: I want to serve everyone. - Hijas de Jes\u00fas<\/title>\n<meta name=\"description\" content=\"This April 27 we celebrate Blessed Mar\u00eda Antonia Bandr\u00e9s (Anto\u00f1ita) and, together with her, FASFI Day. Anto\u00f1ita is not only a model of youth, but also a reference of deep solidarity. Her life left us a lesson that resonates today more strongly than ever: &quot;Following Jesus and being at the side of the poor are one and the same thing&quot;.\" \/>\n<meta name=\"robots\" content=\"index, follow, max-snippet:-1, max-image-preview:large, max-video-preview:-1\" \/>\n<link rel=\"canonical\" href=\"https:\/\/hijasdejesus.org\/en\/antonita-and-fasfi-i-want-to-serve-everyone\/\" \/>\n<meta property=\"og:locale\" content=\"en_US\" \/>\n<meta property=\"og:type\" content=\"article\" \/>\n<meta property=\"og:title\" content=\"Anto\u00f1ita and FASFI: I want to serve everyone. - Hijas de Jes\u00fas\" \/>\n<meta property=\"og:description\" content=\"This April 27 we celebrate Blessed Mar\u00eda Antonia Bandr\u00e9s (Anto\u00f1ita) and, together with her, FASFI Day. Anto\u00f1ita is not only a model of youth, but also a reference of deep solidarity. Her life left us a lesson that resonates today more strongly than ever: &quot;Following Jesus and being at the side of the poor are one and the same thing&quot;.\" \/>\n<meta property=\"og:url\" content=\"https:\/\/hijasdejesus.org\/en\/antonita-and-fasfi-i-want-to-serve-everyone\/\" \/>\n<meta property=\"og:site_name\" content=\"Hijas de Jes\u00fas\" \/>\n<meta property=\"article:publisher\" content=\"https:\/\/www.facebook.com\/hijasdejesusenelmundo\/\" \/>\n<meta property=\"article:published_time\" content=\"2026-04-26T23:00:00+00:00\" \/>\n<meta property=\"article:modified_time\" content=\"2026-04-26T23:00:34+00:00\" \/>\n<meta property=\"og:image\" content=\"https:\/\/hijasdejesus.org\/wp-content\/uploads\/2026\/04\/Portadas-web-7.png\" \/>\n\t<meta property=\"og:image:width\" content=\"1748\" \/>\n\t<meta property=\"og:image:height\" content=\"1240\" \/>\n\t<meta property=\"og:image:type\" content=\"image\/png\" \/>\n<meta name=\"author\" content=\"Comunicaci\u00f3n Internacional\" \/>\n<meta name=\"twitter:card\" content=\"summary_large_image\" \/>\n<meta name=\"twitter:creator\" content=\"@hijasdjesus\" \/>\n<meta name=\"twitter:site\" content=\"@hijasdjesus\" \/>\n<meta name=\"twitter:label1\" content=\"Written by\" \/>\n\t<meta name=\"twitter:data1\" content=\"Comunicaci\u00f3n Internacional\" \/>\n\t<meta name=\"twitter:label2\" content=\"Est. reading time\" \/>\n\t<meta name=\"twitter:data2\" content=\"2 minutes\" \/>\n<script type=\"application\/ld+json\" class=\"yoast-schema-graph\">{\"@context\":\"https:\\\/\\\/schema.org\",\"@graph\":[{\"@type\":\"Article\",\"@id\":\"https:\\\/\\\/hijasdejesus.org\\\/en\\\/antonita-and-fasfi-i-want-to-serve-everyone\\\/#article\",\"isPartOf\":{\"@id\":\"https:\\\/\\\/hijasdejesus.org\\\/en\\\/antonita-and-fasfi-i-want-to-serve-everyone\\\/\"},\"author\":{\"name\":\"Comunicaci\u00f3n Internacional\",\"@id\":\"https:\\\/\\\/hijasdejesus.org\\\/en\\\/#\\\/schema\\\/person\\\/91b9e676dca8842a983b89793a34e5b8\"},\"headline\":\"Anto\u00f1ita and FASFI: I want to serve everyone.\",\"datePublished\":\"2026-04-26T23:00:00+00:00\",\"dateModified\":\"2026-04-26T23:00:34+00:00\",\"mainEntityOfPage\":{\"@id\":\"https:\\\/\\\/hijasdejesus.org\\\/en\\\/antonita-and-fasfi-i-want-to-serve-everyone\\\/\"},\"wordCount\":331,\"publisher\":{\"@id\":\"https:\\\/\\\/hijasdejesus.org\\\/en\\\/#organization\"},\"image\":{\"@id\":\"https:\\\/\\\/hijasdejesus.org\\\/en\\\/antonita-and-fasfi-i-want-to-serve-everyone\\\/#primaryimage\"},\"thumbnailUrl\":\"https:\\\/\\\/hijasdejesus.org\\\/wp-content\\\/uploads\\\/2026\\\/04\\\/Portadas-web-7.png\",\"keywords\":[\"Anto\u00f1ita\",\"M\u00aa Antonia Bandr\u00e9s\"],\"articleSection\":[\"FASFI\",\"News\",\"Social Justice\"],\"inLanguage\":\"en-US\"},{\"@type\":\"WebPage\",\"@id\":\"https:\\\/\\\/hijasdejesus.org\\\/en\\\/antonita-and-fasfi-i-want-to-serve-everyone\\\/\",\"url\":\"https:\\\/\\\/hijasdejesus.org\\\/en\\\/antonita-and-fasfi-i-want-to-serve-everyone\\\/\",\"name\":\"Anto\u00f1ita and FASFI: I want to serve everyone. - Hijas de Jes\u00fas\",\"isPartOf\":{\"@id\":\"https:\\\/\\\/hijasdejesus.org\\\/en\\\/#website\"},\"primaryImageOfPage\":{\"@id\":\"https:\\\/\\\/hijasdejesus.org\\\/en\\\/antonita-and-fasfi-i-want-to-serve-everyone\\\/#primaryimage\"},\"image\":{\"@id\":\"https:\\\/\\\/hijasdejesus.org\\\/en\\\/antonita-and-fasfi-i-want-to-serve-everyone\\\/#primaryimage\"},\"thumbnailUrl\":\"https:\\\/\\\/hijasdejesus.org\\\/wp-content\\\/uploads\\\/2026\\\/04\\\/Portadas-web-7.png\",\"datePublished\":\"2026-04-26T23:00:00+00:00\",\"dateModified\":\"2026-04-26T23:00:34+00:00\",\"description\":\"This April 27 we celebrate Blessed Mar\u00eda Antonia Bandr\u00e9s (Anto\u00f1ita) and, together with her, FASFI Day. Anto\u00f1ita is not only a model of youth, but also a reference of deep solidarity. Her life left us a lesson that resonates today more strongly than ever: \\\"Following Jesus and being at the side of the poor are one and the same thing\\\".\",\"breadcrumb\":{\"@id\":\"https:\\\/\\\/hijasdejesus.org\\\/en\\\/antonita-and-fasfi-i-want-to-serve-everyone\\\/#breadcrumb\"},\"inLanguage\":\"en-US\",\"potentialAction\":[{\"@type\":\"ReadAction\",\"target\":[\"https:\\\/\\\/hijasdejesus.org\\\/en\\\/antonita-and-fasfi-i-want-to-serve-everyone\\\/\"]}]},{\"@type\":\"ImageObject\",\"inLanguage\":\"en-US\",\"@id\":\"https:\\\/\\\/hijasdejesus.org\\\/en\\\/antonita-and-fasfi-i-want-to-serve-everyone\\\/#primaryimage\",\"url\":\"https:\\\/\\\/hijasdejesus.org\\\/wp-content\\\/uploads\\\/2026\\\/04\\\/Portadas-web-7.png\",\"contentUrl\":\"https:\\\/\\\/hijasdejesus.org\\\/wp-content\\\/uploads\\\/2026\\\/04\\\/Portadas-web-7.png\",\"width\":1748,\"height\":1240},{\"@type\":\"BreadcrumbList\",\"@id\":\"https:\\\/\\\/hijasdejesus.org\\\/en\\\/antonita-and-fasfi-i-want-to-serve-everyone\\\/#breadcrumb\",\"itemListElement\":[{\"@type\":\"ListItem\",\"position\":1,\"name\":\"Portada\",\"item\":\"https:\\\/\\\/hijasdejesus.org\\\/en\\\/\"},{\"@type\":\"ListItem\",\"position\":2,\"name\":\"Anto\u00f1ita and FASFI: I want to serve everyone.\"}]},{\"@type\":\"WebSite\",\"@id\":\"https:\\\/\\\/hijasdejesus.org\\\/en\\\/#website\",\"url\":\"https:\\\/\\\/hijasdejesus.org\\\/en\\\/\",\"name\":\"Hijas de Jes\u00fas\",\"description\":\"Despertamos a Jes\u00fas en el coraz\u00f3n, sacando lo mejor de las personas. Somos una congregaci\u00f3n religiosa ignaciana fundada por la Madre Candida\",\"publisher\":{\"@id\":\"https:\\\/\\\/hijasdejesus.org\\\/en\\\/#organization\"},\"potentialAction\":[{\"@type\":\"SearchAction\",\"target\":{\"@type\":\"EntryPoint\",\"urlTemplate\":\"https:\\\/\\\/hijasdejesus.org\\\/en\\\/?s={search_term_string}\"},\"query-input\":{\"@type\":\"PropertyValueSpecification\",\"valueRequired\":true,\"valueName\":\"search_term_string\"}}],\"inLanguage\":\"en-US\"},{\"@type\":\"Organization\",\"@id\":\"https:\\\/\\\/hijasdejesus.org\\\/en\\\/#organization\",\"name\":\"Hijas de Jes\u00fas\",\"url\":\"https:\\\/\\\/hijasdejesus.org\\\/en\\\/\",\"logo\":{\"@type\":\"ImageObject\",\"inLanguage\":\"en-US\",\"@id\":\"https:\\\/\\\/hijasdejesus.org\\\/en\\\/#\\\/schema\\\/logo\\\/image\\\/\",\"url\":\"https:\\\/\\\/hijasdejesus.org\\\/wp-content\\\/uploads\\\/2023\\\/01\\\/Hijas-de-Jesus_hor-A7C957.png\",\"contentUrl\":\"https:\\\/\\\/hijasdejesus.org\\\/wp-content\\\/uploads\\\/2023\\\/01\\\/Hijas-de-Jesus_hor-A7C957.png\",\"width\":700,\"height\":360,\"caption\":\"Hijas de Jes\u00fas\"},\"image\":{\"@id\":\"https:\\\/\\\/hijasdejesus.org\\\/en\\\/#\\\/schema\\\/logo\\\/image\\\/\"},\"sameAs\":[\"https:\\\/\\\/www.facebook.com\\\/hijasdejesusenelmundo\\\/\",\"https:\\\/\\\/x.com\\\/hijasdjesus\"]},{\"@type\":\"Person\",\"@id\":\"https:\\\/\\\/hijasdejesus.org\\\/en\\\/#\\\/schema\\\/person\\\/91b9e676dca8842a983b89793a34e5b8\",\"name\":\"Comunicaci\u00f3n Internacional\",\"image\":{\"@type\":\"ImageObject\",\"inLanguage\":\"en-US\",\"@id\":\"https:\\\/\\\/secure.gravatar.com\\\/avatar\\\/dcb9b61797c934872aa9209ebf48b92edfeb0819dcdcaa77cd84879d6def414d?s=96&d=mm&r=g\",\"url\":\"https:\\\/\\\/secure.gravatar.com\\\/avatar\\\/dcb9b61797c934872aa9209ebf48b92edfeb0819dcdcaa77cd84879d6def414d?s=96&d=mm&r=g\",\"contentUrl\":\"https:\\\/\\\/secure.gravatar.com\\\/avatar\\\/dcb9b61797c934872aa9209ebf48b92edfeb0819dcdcaa77cd84879d6def414d?s=96&d=mm&r=g\",\"caption\":\"Comunicaci\u00f3n Internacional\"},\"url\":\"https:\\\/\\\/hijasdejesus.org\\\/en\\\/author\\\/comunicacion-internacional\\\/\"}]}<\/script>\n<!-- \/ Yoast SEO plugin. -->","yoast_head_json":{"title":"Anto\u00f1ita and FASFI: I want to serve everyone. - Hijas de Jes\u00fas","description":"This April 27 we celebrate Blessed Mar\u00eda Antonia Bandr\u00e9s (Anto\u00f1ita) and, together with her, FASFI Day. Anto\u00f1ita is not only a model of youth, but also a reference of deep solidarity. Her life left us a lesson that resonates today more strongly than ever: \"Following Jesus and being at the side of the poor are one and the same thing\".","robots":{"index":"index","follow":"follow","max-snippet":"max-snippet:-1","max-image-preview":"max-image-preview:large","max-video-preview":"max-video-preview:-1"},"canonical":"https:\/\/hijasdejesus.org\/en\/antonita-and-fasfi-i-want-to-serve-everyone\/","og_locale":"en_US","og_type":"article","og_title":"Anto\u00f1ita and FASFI: I want to serve everyone. - Hijas de Jes\u00fas","og_description":"This April 27 we celebrate Blessed Mar\u00eda Antonia Bandr\u00e9s (Anto\u00f1ita) and, together with her, FASFI Day. Anto\u00f1ita is not only a model of youth, but also a reference of deep solidarity. Her life left us a lesson that resonates today more strongly than ever: \"Following Jesus and being at the side of the poor are one and the same thing\".","og_url":"https:\/\/hijasdejesus.org\/en\/antonita-and-fasfi-i-want-to-serve-everyone\/","og_site_name":"Hijas de Jes\u00fas","article_publisher":"https:\/\/www.facebook.com\/hijasdejesusenelmundo\/","article_published_time":"2026-04-26T23:00:00+00:00","article_modified_time":"2026-04-26T23:00:34+00:00","og_image":[{"width":1748,"height":1240,"url":"https:\/\/hijasdejesus.org\/wp-content\/uploads\/2026\/04\/Portadas-web-7.png","type":"image\/png"}],"author":"Comunicaci\u00f3n Internacional","twitter_card":"summary_large_image","twitter_creator":"@hijasdjesus","twitter_site":"@hijasdjesus","twitter_misc":{"Written by":"Comunicaci\u00f3n Internacional","Est. reading time":"2 minutes"},"schema":{"@context":"https:\/\/schema.org","@graph":[{"@type":"Article","@id":"https:\/\/hijasdejesus.org\/en\/antonita-and-fasfi-i-want-to-serve-everyone\/#article","isPartOf":{"@id":"https:\/\/hijasdejesus.org\/en\/antonita-and-fasfi-i-want-to-serve-everyone\/"},"author":{"name":"Comunicaci\u00f3n Internacional","@id":"https:\/\/hijasdejesus.org\/en\/#\/schema\/person\/91b9e676dca8842a983b89793a34e5b8"},"headline":"Anto\u00f1ita and FASFI: I want to serve everyone.","datePublished":"2026-04-26T23:00:00+00:00","dateModified":"2026-04-26T23:00:34+00:00","mainEntityOfPage":{"@id":"https:\/\/hijasdejesus.org\/en\/antonita-and-fasfi-i-want-to-serve-everyone\/"},"wordCount":331,"publisher":{"@id":"https:\/\/hijasdejesus.org\/en\/#organization"},"image":{"@id":"https:\/\/hijasdejesus.org\/en\/antonita-and-fasfi-i-want-to-serve-everyone\/#primaryimage"},"thumbnailUrl":"https:\/\/hijasdejesus.org\/wp-content\/uploads\/2026\/04\/Portadas-web-7.png","keywords":["Anto\u00f1ita","M\u00aa Antonia Bandr\u00e9s"],"articleSection":["FASFI","News","Social Justice"],"inLanguage":"en-US"},{"@type":"WebPage","@id":"https:\/\/hijasdejesus.org\/en\/antonita-and-fasfi-i-want-to-serve-everyone\/","url":"https:\/\/hijasdejesus.org\/en\/antonita-and-fasfi-i-want-to-serve-everyone\/","name":"Anto\u00f1ita and FASFI: I want to serve everyone. - Hijas de Jes\u00fas","isPartOf":{"@id":"https:\/\/hijasdejesus.org\/en\/#website"},"primaryImageOfPage":{"@id":"https:\/\/hijasdejesus.org\/en\/antonita-and-fasfi-i-want-to-serve-everyone\/#primaryimage"},"image":{"@id":"https:\/\/hijasdejesus.org\/en\/antonita-and-fasfi-i-want-to-serve-everyone\/#primaryimage"},"thumbnailUrl":"https:\/\/hijasdejesus.org\/wp-content\/uploads\/2026\/04\/Portadas-web-7.png","datePublished":"2026-04-26T23:00:00+00:00","dateModified":"2026-04-26T23:00:34+00:00","description":"This April 27 we celebrate Blessed Mar\u00eda Antonia Bandr\u00e9s (Anto\u00f1ita) and, together with her, FASFI Day. Anto\u00f1ita is not only a model of youth, but also a reference of deep solidarity. Her life left us a lesson that resonates today more strongly than ever: \"Following Jesus and being at the side of the poor are one and the same thing\".","breadcrumb":{"@id":"https:\/\/hijasdejesus.org\/en\/antonita-and-fasfi-i-want-to-serve-everyone\/#breadcrumb"},"inLanguage":"en-US","potentialAction":[{"@type":"ReadAction","target":["https:\/\/hijasdejesus.org\/en\/antonita-and-fasfi-i-want-to-serve-everyone\/"]}]},{"@type":"ImageObject","inLanguage":"en-US","@id":"https:\/\/hijasdejesus.org\/en\/antonita-and-fasfi-i-want-to-serve-everyone\/#primaryimage","url":"https:\/\/hijasdejesus.org\/wp-content\/uploads\/2026\/04\/Portadas-web-7.png","contentUrl":"https:\/\/hijasdejesus.org\/wp-content\/uploads\/2026\/04\/Portadas-web-7.png","width":1748,"height":1240},{"@type":"BreadcrumbList","@id":"https:\/\/hijasdejesus.org\/en\/antonita-and-fasfi-i-want-to-serve-everyone\/#breadcrumb","itemListElement":[{"@type":"ListItem","position":1,"name":"Portada","item":"https:\/\/hijasdejesus.org\/en\/"},{"@type":"ListItem","position":2,"name":"Anto\u00f1ita and FASFI: I want to serve everyone."}]},{"@type":"WebSite","@id":"https:\/\/hijasdejesus.org\/en\/#website","url":"https:\/\/hijasdejesus.org\/en\/","name":"Hijas de Jes\u00fas","description":"Despertamos a Jes\u00fas en el coraz\u00f3n, sacando lo mejor de las personas. Somos una congregaci\u00f3n religiosa ignaciana fundada por la Madre Candida","publisher":{"@id":"https:\/\/hijasdejesus.org\/en\/#organization"},"potentialAction":[{"@type":"SearchAction","target":{"@type":"EntryPoint","urlTemplate":"https:\/\/hijasdejesus.org\/en\/?s={search_term_string}"},"query-input":{"@type":"PropertyValueSpecification","valueRequired":true,"valueName":"search_term_string"}}],"inLanguage":"en-US"},{"@type":"Organization","@id":"https:\/\/hijasdejesus.org\/en\/#organization","name":"Hijas de Jes\u00fas","url":"https:\/\/hijasdejesus.org\/en\/","logo":{"@type":"ImageObject","inLanguage":"en-US","@id":"https:\/\/hijasdejesus.org\/en\/#\/schema\/logo\/image\/","url":"https:\/\/hijasdejesus.org\/wp-content\/uploads\/2023\/01\/Hijas-de-Jesus_hor-A7C957.png","contentUrl":"https:\/\/hijasdejesus.org\/wp-content\/uploads\/2023\/01\/Hijas-de-Jesus_hor-A7C957.png","width":700,"height":360,"caption":"Hijas de Jes\u00fas"},"image":{"@id":"https:\/\/hijasdejesus.org\/en\/#\/schema\/logo\/image\/"},"sameAs":["https:\/\/www.facebook.com\/hijasdejesusenelmundo\/","https:\/\/x.com\/hijasdjesus"]},{"@type":"Person","@id":"https:\/\/hijasdejesus.org\/en\/#\/schema\/person\/91b9e676dca8842a983b89793a34e5b8","name":"Comunicaci\u00f3n Internacional","image":{"@type":"ImageObject","inLanguage":"en-US","@id":"https:\/\/secure.gravatar.com\/avatar\/dcb9b61797c934872aa9209ebf48b92edfeb0819dcdcaa77cd84879d6def414d?s=96&d=mm&r=g","url":"https:\/\/secure.gravatar.com\/avatar\/dcb9b61797c934872aa9209ebf48b92edfeb0819dcdcaa77cd84879d6def414d?s=96&d=mm&r=g","contentUrl":"https:\/\/secure.gravatar.com\/avatar\/dcb9b61797c934872aa9209ebf48b92edfeb0819dcdcaa77cd84879d6def414d?s=96&d=mm&r=g","caption":"Comunicaci\u00f3n Internacional"},"url":"https:\/\/hijasdejesus.org\/en\/author\/comunicacion-internacional\/"}]}},"_links":{"self":[{"href":"https:\/\/hijasdejesus.org\/en\/wp-json\/wp\/v2\/posts\/53649","targetHints":{"allow":["GET"]}}],"collection":[{"href":"https:\/\/hijasdejesus.org\/en\/wp-json\/wp\/v2\/posts"}],"about":[{"href":"https:\/\/hijasdejesus.org\/en\/wp-json\/wp\/v2\/types\/post"}],"author":[{"embeddable":true,"href":"https:\/\/hijasdejesus.org\/en\/wp-json\/wp\/v2\/users\/36"}],"replies":[{"embeddable":true,"href":"https:\/\/hijasdejesus.org\/en\/wp-json\/wp\/v2\/comments?post=53649"}],"version-history":[{"count":1,"href":"https:\/\/hijasdejesus.org\/en\/wp-json\/wp\/v2\/posts\/53649\/revisions"}],"predecessor-version":[{"id":53652,"href":"https:\/\/hijasdejesus.org\/en\/wp-json\/wp\/v2\/posts\/53649\/revisions\/53652"}],"wp:featuredmedia":[{"embeddable":true,"href":"https:\/\/hijasdejesus.org\/en\/wp-json\/wp\/v2\/media\/53606"}],"wp:attachment":[{"href":"https:\/\/hijasdejesus.org\/en\/wp-json\/wp\/v2\/media?parent=53649"}],"wp:term":[{"taxonomy":"category","embeddable":true,"href":"https:\/\/hijasdejesus.org\/en\/wp-json\/wp\/v2\/categories?post=53649"},{"taxonomy":"post_tag","embeddable":true,"href":"https:\/\/hijasdejesus.org\/en\/wp-json\/wp\/v2\/tags?post=53649"}],"curies":[{"name":"wp","href":"https:\/\/api.w.org\/{rel}","templated":true}]}}