{"id":53739,"date":"2026-05-01T09:00:00","date_gmt":"2026-05-01T07:00:00","guid":{"rendered":"https:\/\/hijasdejesus.org\/one-year-on-the-road-gratitude-to-the-general-government\/"},"modified":"2026-05-01T09:00:50","modified_gmt":"2026-05-01T07:00:50","slug":"one-year-on-the-road-gratitude-to-the-general-government","status":"publish","type":"post","link":"https:\/\/hijasdejesus.org\/en\/one-year-on-the-road-gratitude-to-the-general-government\/","title":{"rendered":"One Year on the Road: Gratitude to the General Government"},"content":{"rendered":"\n<p>On May 1, we joyfully celebrated the first anniversary of the <a type=\"link\" id=\"https:\/\/hijasdejesus.org\/graciela-francovig-fi-reelegida-superiora-general\/\" href=\"https:\/\/hijasdejesus.org\/en\/graciela-francovig-fi-reelected-superior-general\/\">election of the Superior General<\/a>, our sister Graciela Francovig. Two days later, on May 3, <a type=\"link\" id=\"https:\/\/hijasdejesus.org\/nuevas-consejeras-generales\/\" href=\"https:\/\/hijasdejesus.org\/en\/new-general-counsel\/\">her councilors, Emelinda Falsis, Rosa M. Espinosa, Iris Altagracia Gonz\u00e1lez and Magda, whom we all know, were elected<\/a>, thus constituting the <a type=\"link\" id=\"https:\/\/hijasdejesus.org\/accion-de-gracias-por-el-nuevo-gobierno-general-de-las-hijas-de-jesus\/\" href=\"https:\/\/hijasdejesus.org\/en\/thanksgiving-for-the-new-general-government-of-the-daughters-of-jesus\/\">General Government of the Daughters of Jesus<\/a> for the 2025-2031 sexennium. <\/p>\n\n<p>Meeting on this first anniversary of the General Government gives us a good moment to pause, look at the road we have traveled and, above all, express our gratitude for the generous availability and the &#8220;yes&#8221; of these sisters who have assumed the mission of guiding and animating our Congregational body.<\/p>\n\n<h3 class=\"wp-block-heading\"><strong>A time of sowing and internal organization<\/strong><\/h3>\n\n<p>For a General Government, the first year is usually a time of &#8220;landing&#8221; and structuring. Although the desire to meet the different local realities is great, this time has been marked by intense work from Rome. Because of the residency procedures, the councilors have experienced this period as a providential opportunity to deepen their understanding of the issues that will mark the planning of the coming years.  <\/p>\n\n<p>This has been a time of <strong>fruitful and silent activity<\/strong>. Among the tasks that have occupied his day to day, the following stand out: <\/p>\n\n<p>\u25cf <strong>Accompaniment and discernment:<\/strong> The <a href=\"https:\/\/hijasdejesus.org\/en\/meeting-of-the-general-government-and-provincial-governments\/\" type=\"link\" id=\"https:\/\/hijasdejesus.org\/encuentro-del-gobierno-general-y-los-gobiernos-provinciales\/\">ordinary treatment of the affairs of the provinces<\/a> and the accompaniment of each place in the spiritual reception of the GC XIX Determination.<\/p>\n\n<p>\u25cf <strong>Formation and in-depth study:<\/strong> Reflection on urgent issues in the life of the Church, especially with regard to the <strong>culture of care<\/strong>. This study seeks not only theory, but the creation of a Code of Ethics that will help us to live our charism with greater coherence. <\/p>\n\n<p>\u25cf <strong>Boosting international teams:<\/strong> Working together with the Formation, Youth and Vocation Ministry teams, and the commissions in charge of deepening the sense of our affiliation and networks of care and peripheries.<\/p>\n\n<p>Every council meeting, every study of the Constitutions and every administrative decision is, in the end, an act of service so that the mission of Mother Candida may continue to be alive and up to date in every corner where we are present.<\/p>\n\n<h3 class=\"wp-block-heading\"><strong>A shared mission in a network<\/strong><\/h3>\n\n<p>The daily life of the General Government is also a life of communion with the universal Church. Its <a href=\"https:\/\/hijasdejesus.org\/en\/graciela-francovig-superior-general-of-the-daughters-of-jesus-re-elected-also-vice-president-of-the-uisg\/\" type=\"link\" id=\"https:\/\/hijasdejesus.org\/graciela-francovig-reelegida-vicepresidenta-de-la-uisg\/\">participation in the UISG<\/a> (International Union of Superiors General), especially as vice-president under the leadership of our Superior General, Graciela Francovig, reminds us that we are part of a large network that does good throughout the world, often &#8220;quietly&#8221; but with<strong>total<\/strong> dedication. <\/p>\n\n<h3 class=\"wp-block-heading\"><strong>An invitation to the Mother Candida Family<\/strong><\/h3>\n\n<p>As we celebrate this first year, we would like to invite the entire Mother Candida Family to unite in prayer for them.<\/p>\n\n<p>\u25cf <strong>Let us be grateful for <\/strong>his life and his vocation of service.<\/p>\n\n<p>\u25cf <strong>Pray for <\/strong>wisdom and discretion for their discernments and strength for the administrative and spiritual challenges they face.<\/p>\n\n<p>\u25cf <strong>Let us walk <\/strong>together, knowing that their work of animation strengthens us all as a body.<\/p>\n\n<p>May Mary continue to inspire your dedication and may the joy of service be your greatest reward.<\/p>\n\n<p class=\"has-text-align-center\"><strong><kbd>Thank you, Sisters, for this first year of general government, in a spirit of guidance, service and dedication!<\/kbd><\/strong><\/p>\n","protected":false},"excerpt":{"rendered":"<p>On May 1, we joyfully celebrated the first anniversary of the election of the Superior General, our sister Graciela Francovig. Two days later, on May 3, her councilors, Emelinda Falsis, Rosa M. Espinosa, Iris Altagracia Gonz\u00e1lez and Magda, whom we all know, were elected, thus constituting the General Government of the Daughters of Jesus for [&hellip;]<\/p>\n","protected":false},"author":36,"featured_media":53736,"comment_status":"closed","ping_status":"closed","sticky":false,"template":"","format":"standard","meta":{"_et_pb_use_builder":"","_et_pb_old_content":"","_et_gb_content_width":"","footnotes":"","_links_to":"","_links_to_target":""},"categories":[698,526],"tags":[775],"class_list":["post-53739","post","type-post","status-publish","format-standard","has-post-thumbnail","hentry","category-featured","category-general_government","tag-general-superior"],"yoast_head":"<!-- This site is optimized with the Yoast SEO plugin v27.5 - https:\/\/yoast.com\/product\/yoast-seo-wordpress\/ -->\n<title>One Year on the Road: Gratitude to the General Government - Hijas de Jes\u00fas<\/title>\n<meta name=\"description\" content=\"We joyfully celebrate the first anniversary of the election of the Superior General for the 2025-2031 sexennium.\" \/>\n<meta name=\"robots\" content=\"index, follow, max-snippet:-1, max-image-preview:large, max-video-preview:-1\" \/>\n<link rel=\"canonical\" href=\"https:\/\/hijasdejesus.org\/en\/one-year-on-the-road-gratitude-to-the-general-government\/\" \/>\n<meta property=\"og:locale\" content=\"en_US\" \/>\n<meta property=\"og:type\" content=\"article\" \/>\n<meta property=\"og:title\" content=\"One Year on the Road: Gratitude to the General Government - Hijas de Jes\u00fas\" \/>\n<meta property=\"og:description\" content=\"We joyfully celebrate the first anniversary of the election of the Superior General for the 2025-2031 sexennium.\" \/>\n<meta property=\"og:url\" content=\"https:\/\/hijasdejesus.org\/en\/one-year-on-the-road-gratitude-to-the-general-government\/\" \/>\n<meta property=\"og:site_name\" content=\"Hijas de Jes\u00fas\" \/>\n<meta property=\"article:publisher\" content=\"https:\/\/www.facebook.com\/hijasdejesusenelmundo\/\" \/>\n<meta property=\"article:published_time\" content=\"2026-05-01T07:00:00+00:00\" \/>\n<meta property=\"article:modified_time\" content=\"2026-05-01T07:00:50+00:00\" \/>\n<meta property=\"og:image\" content=\"https:\/\/hijasdejesus.org\/wp-content\/uploads\/2026\/05\/Portadas-web-16-1024x726.png\" \/>\n\t<meta property=\"og:image:width\" content=\"1024\" \/>\n\t<meta property=\"og:image:height\" content=\"726\" \/>\n\t<meta property=\"og:image:type\" content=\"image\/png\" \/>\n<meta name=\"author\" content=\"Comunicaci\u00f3n Internacional\" \/>\n<meta name=\"twitter:card\" content=\"summary_large_image\" \/>\n<meta name=\"twitter:creator\" content=\"@hijasdjesus\" \/>\n<meta name=\"twitter:site\" content=\"@hijasdjesus\" \/>\n<meta name=\"twitter:label1\" content=\"Written by\" \/>\n\t<meta name=\"twitter:data1\" content=\"Comunicaci\u00f3n Internacional\" \/>\n\t<meta name=\"twitter:label2\" content=\"Est. reading time\" \/>\n\t<meta name=\"twitter:data2\" content=\"3 minutes\" \/>\n<script type=\"application\/ld+json\" class=\"yoast-schema-graph\">{\"@context\":\"https:\\\/\\\/schema.org\",\"@graph\":[{\"@type\":\"Article\",\"@id\":\"https:\\\/\\\/hijasdejesus.org\\\/en\\\/one-year-on-the-road-gratitude-to-the-general-government\\\/#article\",\"isPartOf\":{\"@id\":\"https:\\\/\\\/hijasdejesus.org\\\/en\\\/one-year-on-the-road-gratitude-to-the-general-government\\\/\"},\"author\":{\"name\":\"Comunicaci\u00f3n Internacional\",\"@id\":\"https:\\\/\\\/hijasdejesus.org\\\/en\\\/#\\\/schema\\\/person\\\/91b9e676dca8842a983b89793a34e5b8\"},\"headline\":\"One Year on the Road: Gratitude to the General Government\",\"datePublished\":\"2026-05-01T07:00:00+00:00\",\"dateModified\":\"2026-05-01T07:00:50+00:00\",\"mainEntityOfPage\":{\"@id\":\"https:\\\/\\\/hijasdejesus.org\\\/en\\\/one-year-on-the-road-gratitude-to-the-general-government\\\/\"},\"wordCount\":540,\"publisher\":{\"@id\":\"https:\\\/\\\/hijasdejesus.org\\\/en\\\/#organization\"},\"image\":{\"@id\":\"https:\\\/\\\/hijasdejesus.org\\\/en\\\/one-year-on-the-road-gratitude-to-the-general-government\\\/#primaryimage\"},\"thumbnailUrl\":\"https:\\\/\\\/hijasdejesus.org\\\/wp-content\\\/uploads\\\/2026\\\/05\\\/Portadas-web-16.png\",\"keywords\":[\"General Superior\"],\"articleSection\":[\"Featured\",\"General government\"],\"inLanguage\":\"en-US\"},{\"@type\":\"WebPage\",\"@id\":\"https:\\\/\\\/hijasdejesus.org\\\/en\\\/one-year-on-the-road-gratitude-to-the-general-government\\\/\",\"url\":\"https:\\\/\\\/hijasdejesus.org\\\/en\\\/one-year-on-the-road-gratitude-to-the-general-government\\\/\",\"name\":\"One Year on the Road: Gratitude to the General Government - Hijas de Jes\u00fas\",\"isPartOf\":{\"@id\":\"https:\\\/\\\/hijasdejesus.org\\\/en\\\/#website\"},\"primaryImageOfPage\":{\"@id\":\"https:\\\/\\\/hijasdejesus.org\\\/en\\\/one-year-on-the-road-gratitude-to-the-general-government\\\/#primaryimage\"},\"image\":{\"@id\":\"https:\\\/\\\/hijasdejesus.org\\\/en\\\/one-year-on-the-road-gratitude-to-the-general-government\\\/#primaryimage\"},\"thumbnailUrl\":\"https:\\\/\\\/hijasdejesus.org\\\/wp-content\\\/uploads\\\/2026\\\/05\\\/Portadas-web-16.png\",\"datePublished\":\"2026-05-01T07:00:00+00:00\",\"dateModified\":\"2026-05-01T07:00:50+00:00\",\"description\":\"We joyfully celebrate the first anniversary of the election of the Superior General for the 2025-2031 sexennium.\",\"breadcrumb\":{\"@id\":\"https:\\\/\\\/hijasdejesus.org\\\/en\\\/one-year-on-the-road-gratitude-to-the-general-government\\\/#breadcrumb\"},\"inLanguage\":\"en-US\",\"potentialAction\":[{\"@type\":\"ReadAction\",\"target\":[\"https:\\\/\\\/hijasdejesus.org\\\/en\\\/one-year-on-the-road-gratitude-to-the-general-government\\\/\"]}]},{\"@type\":\"ImageObject\",\"inLanguage\":\"en-US\",\"@id\":\"https:\\\/\\\/hijasdejesus.org\\\/en\\\/one-year-on-the-road-gratitude-to-the-general-government\\\/#primaryimage\",\"url\":\"https:\\\/\\\/hijasdejesus.org\\\/wp-content\\\/uploads\\\/2026\\\/05\\\/Portadas-web-16.png\",\"contentUrl\":\"https:\\\/\\\/hijasdejesus.org\\\/wp-content\\\/uploads\\\/2026\\\/05\\\/Portadas-web-16.png\",\"width\":1748,\"height\":1240},{\"@type\":\"BreadcrumbList\",\"@id\":\"https:\\\/\\\/hijasdejesus.org\\\/en\\\/one-year-on-the-road-gratitude-to-the-general-government\\\/#breadcrumb\",\"itemListElement\":[{\"@type\":\"ListItem\",\"position\":1,\"name\":\"Portada\",\"item\":\"https:\\\/\\\/hijasdejesus.org\\\/en\\\/\"},{\"@type\":\"ListItem\",\"position\":2,\"name\":\"One Year on the Road: Gratitude to the General Government\"}]},{\"@type\":\"WebSite\",\"@id\":\"https:\\\/\\\/hijasdejesus.org\\\/en\\\/#website\",\"url\":\"https:\\\/\\\/hijasdejesus.org\\\/en\\\/\",\"name\":\"Hijas de Jes\u00fas\",\"description\":\"Despertamos a Jes\u00fas en el coraz\u00f3n, sacando lo mejor de las personas. Somos una congregaci\u00f3n religiosa ignaciana fundada por la Madre Candida\",\"publisher\":{\"@id\":\"https:\\\/\\\/hijasdejesus.org\\\/en\\\/#organization\"},\"potentialAction\":[{\"@type\":\"SearchAction\",\"target\":{\"@type\":\"EntryPoint\",\"urlTemplate\":\"https:\\\/\\\/hijasdejesus.org\\\/en\\\/?s={search_term_string}\"},\"query-input\":{\"@type\":\"PropertyValueSpecification\",\"valueRequired\":true,\"valueName\":\"search_term_string\"}}],\"inLanguage\":\"en-US\"},{\"@type\":\"Organization\",\"@id\":\"https:\\\/\\\/hijasdejesus.org\\\/en\\\/#organization\",\"name\":\"Hijas de Jes\u00fas\",\"url\":\"https:\\\/\\\/hijasdejesus.org\\\/en\\\/\",\"logo\":{\"@type\":\"ImageObject\",\"inLanguage\":\"en-US\",\"@id\":\"https:\\\/\\\/hijasdejesus.org\\\/en\\\/#\\\/schema\\\/logo\\\/image\\\/\",\"url\":\"https:\\\/\\\/hijasdejesus.org\\\/wp-content\\\/uploads\\\/2023\\\/01\\\/Hijas-de-Jesus_hor-A7C957.png\",\"contentUrl\":\"https:\\\/\\\/hijasdejesus.org\\\/wp-content\\\/uploads\\\/2023\\\/01\\\/Hijas-de-Jesus_hor-A7C957.png\",\"width\":700,\"height\":360,\"caption\":\"Hijas de Jes\u00fas\"},\"image\":{\"@id\":\"https:\\\/\\\/hijasdejesus.org\\\/en\\\/#\\\/schema\\\/logo\\\/image\\\/\"},\"sameAs\":[\"https:\\\/\\\/www.facebook.com\\\/hijasdejesusenelmundo\\\/\",\"https:\\\/\\\/x.com\\\/hijasdjesus\"]},{\"@type\":\"Person\",\"@id\":\"https:\\\/\\\/hijasdejesus.org\\\/en\\\/#\\\/schema\\\/person\\\/91b9e676dca8842a983b89793a34e5b8\",\"name\":\"Comunicaci\u00f3n Internacional\",\"image\":{\"@type\":\"ImageObject\",\"inLanguage\":\"en-US\",\"@id\":\"https:\\\/\\\/secure.gravatar.com\\\/avatar\\\/dcb9b61797c934872aa9209ebf48b92edfeb0819dcdcaa77cd84879d6def414d?s=96&d=mm&r=g\",\"url\":\"https:\\\/\\\/secure.gravatar.com\\\/avatar\\\/dcb9b61797c934872aa9209ebf48b92edfeb0819dcdcaa77cd84879d6def414d?s=96&d=mm&r=g\",\"contentUrl\":\"https:\\\/\\\/secure.gravatar.com\\\/avatar\\\/dcb9b61797c934872aa9209ebf48b92edfeb0819dcdcaa77cd84879d6def414d?s=96&d=mm&r=g\",\"caption\":\"Comunicaci\u00f3n Internacional\"},\"url\":\"https:\\\/\\\/hijasdejesus.org\\\/en\\\/author\\\/comunicacion-internacional\\\/\"}]}<\/script>\n<!-- \/ Yoast SEO plugin. -->","yoast_head_json":{"title":"One Year on the Road: Gratitude to the General Government - Hijas de Jes\u00fas","description":"We joyfully celebrate the first anniversary of the election of the Superior General for the 2025-2031 sexennium.","robots":{"index":"index","follow":"follow","max-snippet":"max-snippet:-1","max-image-preview":"max-image-preview:large","max-video-preview":"max-video-preview:-1"},"canonical":"https:\/\/hijasdejesus.org\/en\/one-year-on-the-road-gratitude-to-the-general-government\/","og_locale":"en_US","og_type":"article","og_title":"One Year on the Road: Gratitude to the General Government - Hijas de Jes\u00fas","og_description":"We joyfully celebrate the first anniversary of the election of the Superior General for the 2025-2031 sexennium.","og_url":"https:\/\/hijasdejesus.org\/en\/one-year-on-the-road-gratitude-to-the-general-government\/","og_site_name":"Hijas de Jes\u00fas","article_publisher":"https:\/\/www.facebook.com\/hijasdejesusenelmundo\/","article_published_time":"2026-05-01T07:00:00+00:00","article_modified_time":"2026-05-01T07:00:50+00:00","og_image":[{"width":1024,"height":726,"url":"https:\/\/hijasdejesus.org\/wp-content\/uploads\/2026\/05\/Portadas-web-16-1024x726.png","type":"image\/png"}],"author":"Comunicaci\u00f3n Internacional","twitter_card":"summary_large_image","twitter_creator":"@hijasdjesus","twitter_site":"@hijasdjesus","twitter_misc":{"Written by":"Comunicaci\u00f3n Internacional","Est. reading time":"3 minutes"},"schema":{"@context":"https:\/\/schema.org","@graph":[{"@type":"Article","@id":"https:\/\/hijasdejesus.org\/en\/one-year-on-the-road-gratitude-to-the-general-government\/#article","isPartOf":{"@id":"https:\/\/hijasdejesus.org\/en\/one-year-on-the-road-gratitude-to-the-general-government\/"},"author":{"name":"Comunicaci\u00f3n Internacional","@id":"https:\/\/hijasdejesus.org\/en\/#\/schema\/person\/91b9e676dca8842a983b89793a34e5b8"},"headline":"One Year on the Road: Gratitude to the General Government","datePublished":"2026-05-01T07:00:00+00:00","dateModified":"2026-05-01T07:00:50+00:00","mainEntityOfPage":{"@id":"https:\/\/hijasdejesus.org\/en\/one-year-on-the-road-gratitude-to-the-general-government\/"},"wordCount":540,"publisher":{"@id":"https:\/\/hijasdejesus.org\/en\/#organization"},"image":{"@id":"https:\/\/hijasdejesus.org\/en\/one-year-on-the-road-gratitude-to-the-general-government\/#primaryimage"},"thumbnailUrl":"https:\/\/hijasdejesus.org\/wp-content\/uploads\/2026\/05\/Portadas-web-16.png","keywords":["General Superior"],"articleSection":["Featured","General government"],"inLanguage":"en-US"},{"@type":"WebPage","@id":"https:\/\/hijasdejesus.org\/en\/one-year-on-the-road-gratitude-to-the-general-government\/","url":"https:\/\/hijasdejesus.org\/en\/one-year-on-the-road-gratitude-to-the-general-government\/","name":"One Year on the Road: Gratitude to the General Government - Hijas de Jes\u00fas","isPartOf":{"@id":"https:\/\/hijasdejesus.org\/en\/#website"},"primaryImageOfPage":{"@id":"https:\/\/hijasdejesus.org\/en\/one-year-on-the-road-gratitude-to-the-general-government\/#primaryimage"},"image":{"@id":"https:\/\/hijasdejesus.org\/en\/one-year-on-the-road-gratitude-to-the-general-government\/#primaryimage"},"thumbnailUrl":"https:\/\/hijasdejesus.org\/wp-content\/uploads\/2026\/05\/Portadas-web-16.png","datePublished":"2026-05-01T07:00:00+00:00","dateModified":"2026-05-01T07:00:50+00:00","description":"We joyfully celebrate the first anniversary of the election of the Superior General for the 2025-2031 sexennium.","breadcrumb":{"@id":"https:\/\/hijasdejesus.org\/en\/one-year-on-the-road-gratitude-to-the-general-government\/#breadcrumb"},"inLanguage":"en-US","potentialAction":[{"@type":"ReadAction","target":["https:\/\/hijasdejesus.org\/en\/one-year-on-the-road-gratitude-to-the-general-government\/"]}]},{"@type":"ImageObject","inLanguage":"en-US","@id":"https:\/\/hijasdejesus.org\/en\/one-year-on-the-road-gratitude-to-the-general-government\/#primaryimage","url":"https:\/\/hijasdejesus.org\/wp-content\/uploads\/2026\/05\/Portadas-web-16.png","contentUrl":"https:\/\/hijasdejesus.org\/wp-content\/uploads\/2026\/05\/Portadas-web-16.png","width":1748,"height":1240},{"@type":"BreadcrumbList","@id":"https:\/\/hijasdejesus.org\/en\/one-year-on-the-road-gratitude-to-the-general-government\/#breadcrumb","itemListElement":[{"@type":"ListItem","position":1,"name":"Portada","item":"https:\/\/hijasdejesus.org\/en\/"},{"@type":"ListItem","position":2,"name":"One Year on the Road: Gratitude to the General Government"}]},{"@type":"WebSite","@id":"https:\/\/hijasdejesus.org\/en\/#website","url":"https:\/\/hijasdejesus.org\/en\/","name":"Hijas de Jes\u00fas","description":"Despertamos a Jes\u00fas en el coraz\u00f3n, sacando lo mejor de las personas. Somos una congregaci\u00f3n religiosa ignaciana fundada por la Madre Candida","publisher":{"@id":"https:\/\/hijasdejesus.org\/en\/#organization"},"potentialAction":[{"@type":"SearchAction","target":{"@type":"EntryPoint","urlTemplate":"https:\/\/hijasdejesus.org\/en\/?s={search_term_string}"},"query-input":{"@type":"PropertyValueSpecification","valueRequired":true,"valueName":"search_term_string"}}],"inLanguage":"en-US"},{"@type":"Organization","@id":"https:\/\/hijasdejesus.org\/en\/#organization","name":"Hijas de Jes\u00fas","url":"https:\/\/hijasdejesus.org\/en\/","logo":{"@type":"ImageObject","inLanguage":"en-US","@id":"https:\/\/hijasdejesus.org\/en\/#\/schema\/logo\/image\/","url":"https:\/\/hijasdejesus.org\/wp-content\/uploads\/2023\/01\/Hijas-de-Jesus_hor-A7C957.png","contentUrl":"https:\/\/hijasdejesus.org\/wp-content\/uploads\/2023\/01\/Hijas-de-Jesus_hor-A7C957.png","width":700,"height":360,"caption":"Hijas de Jes\u00fas"},"image":{"@id":"https:\/\/hijasdejesus.org\/en\/#\/schema\/logo\/image\/"},"sameAs":["https:\/\/www.facebook.com\/hijasdejesusenelmundo\/","https:\/\/x.com\/hijasdjesus"]},{"@type":"Person","@id":"https:\/\/hijasdejesus.org\/en\/#\/schema\/person\/91b9e676dca8842a983b89793a34e5b8","name":"Comunicaci\u00f3n Internacional","image":{"@type":"ImageObject","inLanguage":"en-US","@id":"https:\/\/secure.gravatar.com\/avatar\/dcb9b61797c934872aa9209ebf48b92edfeb0819dcdcaa77cd84879d6def414d?s=96&d=mm&r=g","url":"https:\/\/secure.gravatar.com\/avatar\/dcb9b61797c934872aa9209ebf48b92edfeb0819dcdcaa77cd84879d6def414d?s=96&d=mm&r=g","contentUrl":"https:\/\/secure.gravatar.com\/avatar\/dcb9b61797c934872aa9209ebf48b92edfeb0819dcdcaa77cd84879d6def414d?s=96&d=mm&r=g","caption":"Comunicaci\u00f3n Internacional"},"url":"https:\/\/hijasdejesus.org\/en\/author\/comunicacion-internacional\/"}]}},"_links":{"self":[{"href":"https:\/\/hijasdejesus.org\/en\/wp-json\/wp\/v2\/posts\/53739","targetHints":{"allow":["GET"]}}],"collection":[{"href":"https:\/\/hijasdejesus.org\/en\/wp-json\/wp\/v2\/posts"}],"about":[{"href":"https:\/\/hijasdejesus.org\/en\/wp-json\/wp\/v2\/types\/post"}],"author":[{"embeddable":true,"href":"https:\/\/hijasdejesus.org\/en\/wp-json\/wp\/v2\/users\/36"}],"replies":[{"embeddable":true,"href":"https:\/\/hijasdejesus.org\/en\/wp-json\/wp\/v2\/comments?post=53739"}],"version-history":[{"count":1,"href":"https:\/\/hijasdejesus.org\/en\/wp-json\/wp\/v2\/posts\/53739\/revisions"}],"predecessor-version":[{"id":53742,"href":"https:\/\/hijasdejesus.org\/en\/wp-json\/wp\/v2\/posts\/53739\/revisions\/53742"}],"wp:featuredmedia":[{"embeddable":true,"href":"https:\/\/hijasdejesus.org\/en\/wp-json\/wp\/v2\/media\/53736"}],"wp:attachment":[{"href":"https:\/\/hijasdejesus.org\/en\/wp-json\/wp\/v2\/media?parent=53739"}],"wp:term":[{"taxonomy":"category","embeddable":true,"href":"https:\/\/hijasdejesus.org\/en\/wp-json\/wp\/v2\/categories?post=53739"},{"taxonomy":"post_tag","embeddable":true,"href":"https:\/\/hijasdejesus.org\/en\/wp-json\/wp\/v2\/tags?post=53739"}],"curies":[{"name":"wp","href":"https:\/\/api.w.org\/{rel}","templated":true}]}}