{"id":56168,"date":"2026-09-02T16:06:13","date_gmt":"2026-09-02T14:06:13","guid":{"rendered":"https:\/\/hijasdejesus.org\/the-europa-africa-province-begins-its-journey\/"},"modified":"2026-09-02T16:25:16","modified_gmt":"2026-09-02T14:25:16","slug":"the-europa-africa-province-begins-its-journey","status":"publish","type":"post","link":"https:\/\/hijasdejesus.org\/en\/the-europa-africa-province-begins-its-journey\/","title":{"rendered":"The Europa-Africa Province Begins Its Journey"},"content":{"rendered":"\n<p class=\"wp-block-paragraph\">On September 1, 2026, the Spain-Italy Province took a step that had been in the works for months: <a href=\"https:\/\/hijasdejesus.es\/una-nueva-realidad-de-las-hijas-de-jesus-la-provincia-europa-africa\/\">it officially became<\/a> the <strong>Europe-Africa Province<\/strong>, comprising Spain, Italy, and Mozambique. A new era is dawning, born of the desire to continue responding, together, to humanity\u2019s most pressing cries. <\/p>\n\n<h2 class=\"wp-block-heading\"><strong>Something new is sprouting<\/strong><\/h2>\n\n<p class=\"wp-block-paragraph\">In May, our Superior General, Graciela Francovig, announced in her circular letter No. 53 <a href=\"https:\/\/hijasdejesus.org\/en\/spain-italy-and-mozambique-a-new-stage-that-broadens-life\/\">the incorporation of the community in Mozambique<\/a> \u2014located in the Diocese of Inhambane\u2014into what was then the Spain-Italy Province.  <\/p>\n\n<p class=\"wp-block-paragraph\">From Andoain, in the midst of her canonical visit, the provincial superior, Mar\u00eda del Mar Dom\u00ednguez L\u00f3pez, fi, wrote in her circular letter No. 8:<\/p>\n\n<p class=\"wp-block-paragraph\">&#8220;Something new is springing up\u2014don\u2019t you see it?&#8221; (Is 43:19)&#8230; We are reorganizing ourselves in a different way to &#8220;continue responding to humanity\u2019s most pressing cries.&#8221; But it is not just a matter of organization, dear sisters; it is, above all, a matter of conversion\u2014a \u201cspiritual renewal and a genuine openness to the newness of recognizing and supporting God\u2019s action in our present\u201d (Det. XIX,39).  <\/p>\n\n<p class=\"wp-block-paragraph\">A period of transition was then beginning\u2014a time to pray for one another and, with a universal spirit, broaden the province\u2019s horizons.<\/p>\n\n<h2 class=\"wp-block-heading\"><strong>A name with an eye toward the future<\/strong><\/h2>\n\n<p class=\"wp-block-paragraph\">Over the past few months, the sisters were asked for suggestions on a name for this new entity. Following discussions between the general government and the provincial government, in August the Superior General, Graciela Francovig, announced the final choice in her circular letter No. 55: <\/p>\n\n<p class=\"wp-block-paragraph\">We chose Europe-Africa. We felt that geography was the criterion that best defined this province\u2014just as it does for other provinces\u2014and that it offers opportunities for the future. <\/p>\n\n<h2 class=\"wp-block-heading\"><strong>Since September, a new reality<\/strong><\/h2>\n\n<p class=\"wp-block-paragraph\">Since September 1, 2026, Spain, Italy, and Mozambique have been moving forward together under a single name and a single provincial project. A province that is young in its structure but heir to a long history. <\/p>\n\n<p class=\"wp-block-paragraph\">We give thanks to God for everyone\u2019s willingness to make this new life possible, and we accompany the Europe-Africa Province with our prayers as it begins this journey. May the Spirit, who always gives life, guide every step of this journey that begins today. <\/p>\n","protected":false},"excerpt":{"rendered":"<p>On September 1, 2026, the Spain-Italy Province took a step that had been in the works for months: it officially became the Europe-Africa Province, comprising Spain, Italy, and Mozambique. A new era is dawning, born of the desire to continue responding, together, to humanity\u2019s most pressing cries. Something new is sprouting In May, our Superior [&hellip;]<\/p>\n","protected":false},"author":36,"featured_media":56174,"comment_status":"closed","ping_status":"closed","sticky":false,"template":"","format":"standard","meta":{"_et_pb_use_builder":"","_et_pb_old_content":"","_et_gb_content_width":"","footnotes":"","_links_to":"","_links_to_target":""},"categories":[698,526,528,534,540,518,520],"tags":[741],"class_list":["post-56168","post","type-post","status-publish","format-standard","has-post-thumbnail","hentry","category-featured","category-general_government","category-hijas-de-jesus-en","category-italy","category-mozambique-en","category-spain","category-spain-italy","tag-letters-superior-general"],"yoast_head":"<!-- This site is optimized with the Yoast SEO plugin v28.4 - https:\/\/yoast.com\/product\/yoast-seo-wordpress\/ -->\n<title>The Europa-Africa Province Begins Its Journey - Hijas de Jes\u00fas<\/title>\n<meta name=\"description\" content=\"On September 1, 2026, the Spain-Italy Province took a step that had been in the works for months: it officially became the Europe-Africa Province, comprising Spain, Italy, and Mozambique. A new era has dawned, born of the desire to continue responding, together, to humanity\u2019s most pressing cries for help.\" \/>\n<meta name=\"robots\" content=\"index, follow, max-snippet:-1, max-image-preview:large, max-video-preview:-1\" \/>\n<link rel=\"canonical\" href=\"https:\/\/hijasdejesus.org\/en\/the-europa-africa-province-begins-its-journey\/\" \/>\n<meta property=\"og:locale\" content=\"en_US\" \/>\n<meta property=\"og:type\" content=\"article\" \/>\n<meta property=\"og:title\" content=\"The Europa-Africa Province Begins Its Journey - Hijas de Jes\u00fas\" \/>\n<meta property=\"og:description\" content=\"On September 1, 2026, the Spain-Italy Province took a step that had been in the works for months: it officially became the Europe-Africa Province, comprising Spain, Italy, and Mozambique. A new era has dawned, born of the desire to continue responding, together, to humanity\u2019s most pressing cries for help.\" \/>\n<meta property=\"og:url\" content=\"https:\/\/hijasdejesus.org\/en\/the-europa-africa-province-begins-its-journey\/\" \/>\n<meta property=\"og:site_name\" content=\"Hijas de Jes\u00fas\" \/>\n<meta property=\"article:publisher\" content=\"https:\/\/www.facebook.com\/hijasdejesusenelmundo\/\" \/>\n<meta property=\"article:published_time\" content=\"2026-09-02T14:06:13+00:00\" \/>\n<meta property=\"article:modified_time\" content=\"2026-09-02T14:25:16+00:00\" \/>\n<meta property=\"og:image\" content=\"https:\/\/hijasdejesus.org\/wp-content\/uploads\/2026\/09\/Portadas-web-.jpg\" \/>\n\t<meta property=\"og:image:width\" content=\"1748\" \/>\n\t<meta property=\"og:image:height\" content=\"1240\" \/>\n\t<meta property=\"og:image:type\" content=\"image\/jpeg\" \/>\n<meta name=\"author\" content=\"Comunicaci\u00f3n Internacional\" \/>\n<meta name=\"twitter:card\" content=\"summary_large_image\" \/>\n<meta name=\"twitter:creator\" content=\"@hijasdjesus\" \/>\n<meta name=\"twitter:site\" content=\"@hijasdjesus\" \/>\n<meta name=\"twitter:label1\" content=\"Written by\" \/>\n\t<meta name=\"twitter:data1\" content=\"Comunicaci\u00f3n Internacional\" \/>\n\t<meta name=\"twitter:label2\" content=\"Est. reading time\" \/>\n\t<meta name=\"twitter:data2\" content=\"2 minutes\" \/>\n<script type=\"application\/ld+json\" class=\"yoast-schema-graph\">{\"@context\":\"https:\\\/\\\/schema.org\",\"@graph\":[{\"@type\":\"Article\",\"@id\":\"https:\\\/\\\/hijasdejesus.org\\\/en\\\/the-europa-africa-province-begins-its-journey\\\/#article\",\"isPartOf\":{\"@id\":\"https:\\\/\\\/hijasdejesus.org\\\/en\\\/the-europa-africa-province-begins-its-journey\\\/\"},\"author\":{\"name\":\"Comunicaci\u00f3n Internacional\",\"@id\":\"https:\\\/\\\/hijasdejesus.org\\\/en\\\/#\\\/schema\\\/person\\\/91b9e676dca8842a983b89793a34e5b8\"},\"headline\":\"The Europa-Africa Province Begins Its Journey\",\"datePublished\":\"2026-09-02T14:06:13+00:00\",\"dateModified\":\"2026-09-02T14:25:16+00:00\",\"mainEntityOfPage\":{\"@id\":\"https:\\\/\\\/hijasdejesus.org\\\/en\\\/the-europa-africa-province-begins-its-journey\\\/\"},\"wordCount\":375,\"publisher\":{\"@id\":\"https:\\\/\\\/hijasdejesus.org\\\/en\\\/#organization\"},\"image\":{\"@id\":\"https:\\\/\\\/hijasdejesus.org\\\/en\\\/the-europa-africa-province-begins-its-journey\\\/#primaryimage\"},\"thumbnailUrl\":\"https:\\\/\\\/hijasdejesus.org\\\/wp-content\\\/uploads\\\/2026\\\/09\\\/Portadas-web-.jpg\",\"keywords\":[\"Letters Superior General\"],\"articleSection\":[\"Featured\",\"General government\",\"Hijas de Jes\u00fas\",\"Italy\",\"Mozambique\",\"Spain\",\"Spain-Italy\"],\"inLanguage\":\"en-US\"},{\"@type\":\"WebPage\",\"@id\":\"https:\\\/\\\/hijasdejesus.org\\\/en\\\/the-europa-africa-province-begins-its-journey\\\/\",\"url\":\"https:\\\/\\\/hijasdejesus.org\\\/en\\\/the-europa-africa-province-begins-its-journey\\\/\",\"name\":\"The Europa-Africa Province Begins Its Journey - Hijas de Jes\u00fas\",\"isPartOf\":{\"@id\":\"https:\\\/\\\/hijasdejesus.org\\\/en\\\/#website\"},\"primaryImageOfPage\":{\"@id\":\"https:\\\/\\\/hijasdejesus.org\\\/en\\\/the-europa-africa-province-begins-its-journey\\\/#primaryimage\"},\"image\":{\"@id\":\"https:\\\/\\\/hijasdejesus.org\\\/en\\\/the-europa-africa-province-begins-its-journey\\\/#primaryimage\"},\"thumbnailUrl\":\"https:\\\/\\\/hijasdejesus.org\\\/wp-content\\\/uploads\\\/2026\\\/09\\\/Portadas-web-.jpg\",\"datePublished\":\"2026-09-02T14:06:13+00:00\",\"dateModified\":\"2026-09-02T14:25:16+00:00\",\"description\":\"On September 1, 2026, the Spain-Italy Province took a step that had been in the works for months: it officially became the Europe-Africa Province, comprising Spain, Italy, and Mozambique. A new era has dawned, born of the desire to continue responding, together, to humanity\u2019s most pressing cries for help.\",\"breadcrumb\":{\"@id\":\"https:\\\/\\\/hijasdejesus.org\\\/en\\\/the-europa-africa-province-begins-its-journey\\\/#breadcrumb\"},\"inLanguage\":\"en-US\",\"potentialAction\":[{\"@type\":\"ReadAction\",\"target\":[\"https:\\\/\\\/hijasdejesus.org\\\/en\\\/the-europa-africa-province-begins-its-journey\\\/\"]}]},{\"@type\":\"ImageObject\",\"inLanguage\":\"en-US\",\"@id\":\"https:\\\/\\\/hijasdejesus.org\\\/en\\\/the-europa-africa-province-begins-its-journey\\\/#primaryimage\",\"url\":\"https:\\\/\\\/hijasdejesus.org\\\/wp-content\\\/uploads\\\/2026\\\/09\\\/Portadas-web-.jpg\",\"contentUrl\":\"https:\\\/\\\/hijasdejesus.org\\\/wp-content\\\/uploads\\\/2026\\\/09\\\/Portadas-web-.jpg\",\"width\":1748,\"height\":1240,\"caption\":\"Banderas de Espa\u00f1a Italia Mozambique entorno al logo de Hijas de Jes\u00fas\"},{\"@type\":\"BreadcrumbList\",\"@id\":\"https:\\\/\\\/hijasdejesus.org\\\/en\\\/the-europa-africa-province-begins-its-journey\\\/#breadcrumb\",\"itemListElement\":[{\"@type\":\"ListItem\",\"position\":1,\"name\":\"Portada\",\"item\":\"https:\\\/\\\/hijasdejesus.org\\\/en\\\/\"},{\"@type\":\"ListItem\",\"position\":2,\"name\":\"The Europa-Africa Province Begins Its Journey\"}]},{\"@type\":\"WebSite\",\"@id\":\"https:\\\/\\\/hijasdejesus.org\\\/en\\\/#website\",\"url\":\"https:\\\/\\\/hijasdejesus.org\\\/en\\\/\",\"name\":\"Hijas de Jes\u00fas\",\"description\":\"Despertamos a Jes\u00fas en el coraz\u00f3n, sacando lo mejor de las personas. Somos una congregaci\u00f3n religiosa ignaciana fundada por la Madre Candida\",\"publisher\":{\"@id\":\"https:\\\/\\\/hijasdejesus.org\\\/en\\\/#organization\"},\"potentialAction\":[{\"@type\":\"SearchAction\",\"target\":{\"@type\":\"EntryPoint\",\"urlTemplate\":\"https:\\\/\\\/hijasdejesus.org\\\/en\\\/?s={search_term_string}\"},\"query-input\":{\"@type\":\"PropertyValueSpecification\",\"valueRequired\":true,\"valueName\":\"search_term_string\"}}],\"inLanguage\":\"en-US\"},{\"@type\":\"Organization\",\"@id\":\"https:\\\/\\\/hijasdejesus.org\\\/en\\\/#organization\",\"name\":\"Hijas de Jes\u00fas\",\"url\":\"https:\\\/\\\/hijasdejesus.org\\\/en\\\/\",\"logo\":{\"@type\":\"ImageObject\",\"inLanguage\":\"en-US\",\"@id\":\"https:\\\/\\\/hijasdejesus.org\\\/en\\\/#\\\/schema\\\/logo\\\/image\\\/\",\"url\":\"https:\\\/\\\/hijasdejesus.org\\\/wp-content\\\/uploads\\\/2023\\\/01\\\/Hijas-de-Jesus_hor-A7C957.png\",\"contentUrl\":\"https:\\\/\\\/hijasdejesus.org\\\/wp-content\\\/uploads\\\/2023\\\/01\\\/Hijas-de-Jesus_hor-A7C957.png\",\"width\":700,\"height\":360,\"caption\":\"Hijas de Jes\u00fas\"},\"image\":{\"@id\":\"https:\\\/\\\/hijasdejesus.org\\\/en\\\/#\\\/schema\\\/logo\\\/image\\\/\"},\"sameAs\":[\"https:\\\/\\\/www.facebook.com\\\/hijasdejesusenelmundo\\\/\",\"https:\\\/\\\/x.com\\\/hijasdjesus\"]},{\"@type\":\"Person\",\"@id\":\"https:\\\/\\\/hijasdejesus.org\\\/en\\\/#\\\/schema\\\/person\\\/91b9e676dca8842a983b89793a34e5b8\",\"name\":\"Comunicaci\u00f3n Internacional\",\"image\":{\"@type\":\"ImageObject\",\"inLanguage\":\"en-US\",\"@id\":\"https:\\\/\\\/secure.gravatar.com\\\/avatar\\\/dcb9b61797c934872aa9209ebf48b92edfeb0819dcdcaa77cd84879d6def414d?s=96&d=mm&r=g\",\"url\":\"https:\\\/\\\/secure.gravatar.com\\\/avatar\\\/dcb9b61797c934872aa9209ebf48b92edfeb0819dcdcaa77cd84879d6def414d?s=96&d=mm&r=g\",\"contentUrl\":\"https:\\\/\\\/secure.gravatar.com\\\/avatar\\\/dcb9b61797c934872aa9209ebf48b92edfeb0819dcdcaa77cd84879d6def414d?s=96&d=mm&r=g\",\"caption\":\"Comunicaci\u00f3n Internacional\"},\"url\":\"https:\\\/\\\/hijasdejesus.org\\\/en\\\/author\\\/comunicacion-internacional\\\/\"}]}<\/script>\n<!-- \/ Yoast SEO plugin. -->","yoast_head_json":{"title":"The Europa-Africa Province Begins Its Journey - Hijas de Jes\u00fas","description":"On September 1, 2026, the Spain-Italy Province took a step that had been in the works for months: it officially became the Europe-Africa Province, comprising Spain, Italy, and Mozambique. A new era has dawned, born of the desire to continue responding, together, to humanity\u2019s most pressing cries for help.","robots":{"index":"index","follow":"follow","max-snippet":"max-snippet:-1","max-image-preview":"max-image-preview:large","max-video-preview":"max-video-preview:-1"},"canonical":"https:\/\/hijasdejesus.org\/en\/the-europa-africa-province-begins-its-journey\/","og_locale":"en_US","og_type":"article","og_title":"The Europa-Africa Province Begins Its Journey - Hijas de Jes\u00fas","og_description":"On September 1, 2026, the Spain-Italy Province took a step that had been in the works for months: it officially became the Europe-Africa Province, comprising Spain, Italy, and Mozambique. A new era has dawned, born of the desire to continue responding, together, to humanity\u2019s most pressing cries for help.","og_url":"https:\/\/hijasdejesus.org\/en\/the-europa-africa-province-begins-its-journey\/","og_site_name":"Hijas de Jes\u00fas","article_publisher":"https:\/\/www.facebook.com\/hijasdejesusenelmundo\/","article_published_time":"2026-09-02T14:06:13+00:00","article_modified_time":"2026-09-02T14:25:16+00:00","og_image":[{"width":1748,"height":1240,"url":"https:\/\/hijasdejesus.org\/wp-content\/uploads\/2026\/09\/Portadas-web-.jpg","type":"image\/jpeg"}],"author":"Comunicaci\u00f3n Internacional","twitter_card":"summary_large_image","twitter_creator":"@hijasdjesus","twitter_site":"@hijasdjesus","twitter_misc":{"Written by":"Comunicaci\u00f3n Internacional","Est. reading time":"2 minutes"},"schema":{"@context":"https:\/\/schema.org","@graph":[{"@type":"Article","@id":"https:\/\/hijasdejesus.org\/en\/the-europa-africa-province-begins-its-journey\/#article","isPartOf":{"@id":"https:\/\/hijasdejesus.org\/en\/the-europa-africa-province-begins-its-journey\/"},"author":{"name":"Comunicaci\u00f3n Internacional","@id":"https:\/\/hijasdejesus.org\/en\/#\/schema\/person\/91b9e676dca8842a983b89793a34e5b8"},"headline":"The Europa-Africa Province Begins Its Journey","datePublished":"2026-09-02T14:06:13+00:00","dateModified":"2026-09-02T14:25:16+00:00","mainEntityOfPage":{"@id":"https:\/\/hijasdejesus.org\/en\/the-europa-africa-province-begins-its-journey\/"},"wordCount":375,"publisher":{"@id":"https:\/\/hijasdejesus.org\/en\/#organization"},"image":{"@id":"https:\/\/hijasdejesus.org\/en\/the-europa-africa-province-begins-its-journey\/#primaryimage"},"thumbnailUrl":"https:\/\/hijasdejesus.org\/wp-content\/uploads\/2026\/09\/Portadas-web-.jpg","keywords":["Letters Superior General"],"articleSection":["Featured","General government","Hijas de Jes\u00fas","Italy","Mozambique","Spain","Spain-Italy"],"inLanguage":"en-US"},{"@type":"WebPage","@id":"https:\/\/hijasdejesus.org\/en\/the-europa-africa-province-begins-its-journey\/","url":"https:\/\/hijasdejesus.org\/en\/the-europa-africa-province-begins-its-journey\/","name":"The Europa-Africa Province Begins Its Journey - Hijas de Jes\u00fas","isPartOf":{"@id":"https:\/\/hijasdejesus.org\/en\/#website"},"primaryImageOfPage":{"@id":"https:\/\/hijasdejesus.org\/en\/the-europa-africa-province-begins-its-journey\/#primaryimage"},"image":{"@id":"https:\/\/hijasdejesus.org\/en\/the-europa-africa-province-begins-its-journey\/#primaryimage"},"thumbnailUrl":"https:\/\/hijasdejesus.org\/wp-content\/uploads\/2026\/09\/Portadas-web-.jpg","datePublished":"2026-09-02T14:06:13+00:00","dateModified":"2026-09-02T14:25:16+00:00","description":"On September 1, 2026, the Spain-Italy Province took a step that had been in the works for months: it officially became the Europe-Africa Province, comprising Spain, Italy, and Mozambique. A new era has dawned, born of the desire to continue responding, together, to humanity\u2019s most pressing cries for help.","breadcrumb":{"@id":"https:\/\/hijasdejesus.org\/en\/the-europa-africa-province-begins-its-journey\/#breadcrumb"},"inLanguage":"en-US","potentialAction":[{"@type":"ReadAction","target":["https:\/\/hijasdejesus.org\/en\/the-europa-africa-province-begins-its-journey\/"]}]},{"@type":"ImageObject","inLanguage":"en-US","@id":"https:\/\/hijasdejesus.org\/en\/the-europa-africa-province-begins-its-journey\/#primaryimage","url":"https:\/\/hijasdejesus.org\/wp-content\/uploads\/2026\/09\/Portadas-web-.jpg","contentUrl":"https:\/\/hijasdejesus.org\/wp-content\/uploads\/2026\/09\/Portadas-web-.jpg","width":1748,"height":1240,"caption":"Banderas de Espa\u00f1a Italia Mozambique entorno al logo de Hijas de Jes\u00fas"},{"@type":"BreadcrumbList","@id":"https:\/\/hijasdejesus.org\/en\/the-europa-africa-province-begins-its-journey\/#breadcrumb","itemListElement":[{"@type":"ListItem","position":1,"name":"Portada","item":"https:\/\/hijasdejesus.org\/en\/"},{"@type":"ListItem","position":2,"name":"The Europa-Africa Province Begins Its Journey"}]},{"@type":"WebSite","@id":"https:\/\/hijasdejesus.org\/en\/#website","url":"https:\/\/hijasdejesus.org\/en\/","name":"Hijas de Jes\u00fas","description":"Despertamos a Jes\u00fas en el coraz\u00f3n, sacando lo mejor de las personas. Somos una congregaci\u00f3n religiosa ignaciana fundada por la Madre Candida","publisher":{"@id":"https:\/\/hijasdejesus.org\/en\/#organization"},"potentialAction":[{"@type":"SearchAction","target":{"@type":"EntryPoint","urlTemplate":"https:\/\/hijasdejesus.org\/en\/?s={search_term_string}"},"query-input":{"@type":"PropertyValueSpecification","valueRequired":true,"valueName":"search_term_string"}}],"inLanguage":"en-US"},{"@type":"Organization","@id":"https:\/\/hijasdejesus.org\/en\/#organization","name":"Hijas de Jes\u00fas","url":"https:\/\/hijasdejesus.org\/en\/","logo":{"@type":"ImageObject","inLanguage":"en-US","@id":"https:\/\/hijasdejesus.org\/en\/#\/schema\/logo\/image\/","url":"https:\/\/hijasdejesus.org\/wp-content\/uploads\/2023\/01\/Hijas-de-Jesus_hor-A7C957.png","contentUrl":"https:\/\/hijasdejesus.org\/wp-content\/uploads\/2023\/01\/Hijas-de-Jesus_hor-A7C957.png","width":700,"height":360,"caption":"Hijas de Jes\u00fas"},"image":{"@id":"https:\/\/hijasdejesus.org\/en\/#\/schema\/logo\/image\/"},"sameAs":["https:\/\/www.facebook.com\/hijasdejesusenelmundo\/","https:\/\/x.com\/hijasdjesus"]},{"@type":"Person","@id":"https:\/\/hijasdejesus.org\/en\/#\/schema\/person\/91b9e676dca8842a983b89793a34e5b8","name":"Comunicaci\u00f3n Internacional","image":{"@type":"ImageObject","inLanguage":"en-US","@id":"https:\/\/secure.gravatar.com\/avatar\/dcb9b61797c934872aa9209ebf48b92edfeb0819dcdcaa77cd84879d6def414d?s=96&d=mm&r=g","url":"https:\/\/secure.gravatar.com\/avatar\/dcb9b61797c934872aa9209ebf48b92edfeb0819dcdcaa77cd84879d6def414d?s=96&d=mm&r=g","contentUrl":"https:\/\/secure.gravatar.com\/avatar\/dcb9b61797c934872aa9209ebf48b92edfeb0819dcdcaa77cd84879d6def414d?s=96&d=mm&r=g","caption":"Comunicaci\u00f3n Internacional"},"url":"https:\/\/hijasdejesus.org\/en\/author\/comunicacion-internacional\/"}]}},"_links":{"self":[{"href":"https:\/\/hijasdejesus.org\/en\/wp-json\/wp\/v2\/posts\/56168","targetHints":{"allow":["GET"]}}],"collection":[{"href":"https:\/\/hijasdejesus.org\/en\/wp-json\/wp\/v2\/posts"}],"about":[{"href":"https:\/\/hijasdejesus.org\/en\/wp-json\/wp\/v2\/types\/post"}],"author":[{"embeddable":true,"href":"https:\/\/hijasdejesus.org\/en\/wp-json\/wp\/v2\/users\/36"}],"replies":[{"embeddable":true,"href":"https:\/\/hijasdejesus.org\/en\/wp-json\/wp\/v2\/comments?post=56168"}],"version-history":[{"count":1,"href":"https:\/\/hijasdejesus.org\/en\/wp-json\/wp\/v2\/posts\/56168\/revisions"}],"predecessor-version":[{"id":56169,"href":"https:\/\/hijasdejesus.org\/en\/wp-json\/wp\/v2\/posts\/56168\/revisions\/56169"}],"wp:featuredmedia":[{"embeddable":true,"href":"https:\/\/hijasdejesus.org\/en\/wp-json\/wp\/v2\/media\/56174"}],"wp:attachment":[{"href":"https:\/\/hijasdejesus.org\/en\/wp-json\/wp\/v2\/media?parent=56168"}],"wp:term":[{"taxonomy":"category","embeddable":true,"href":"https:\/\/hijasdejesus.org\/en\/wp-json\/wp\/v2\/categories?post=56168"},{"taxonomy":"post_tag","embeddable":true,"href":"https:\/\/hijasdejesus.org\/en\/wp-json\/wp\/v2\/tags?post=56168"}],"curies":[{"name":"wp","href":"https:\/\/api.w.org\/{rel}","templated":true}]}}