{"id":56183,"date":"2026-09-03T19:59:45","date_gmt":"2026-09-03T17:59:45","guid":{"rendered":"https:\/\/hijasdejesus.org\/meet-the-instructor-on-probation\/"},"modified":"2026-09-03T20:02:59","modified_gmt":"2026-09-03T18:02:59","slug":"meet-the-instructor-on-probation","status":"publish","type":"post","link":"https:\/\/hijasdejesus.org\/en\/meet-the-instructor-on-probation\/","title":{"rendered":"Meet the Instructor on Probation"},"content":{"rendered":"\n<p class=\"wp-block-paragraph\">We continue to learn more about the Final Probation: that final stage of the formation process, the time leading up to a Daughter of Jesus\u2019 definitive \u201cyes.\u201d <a href=\"https:\/\/hijasdejesus.org\/en\/the-final-step-before-the-definitive-yes-what-is-the-final-probation\/\">Earlier, we shared what it is and how it is lived<\/a>. We also mentioned that these months are lived in community, under the guidance of an instructor who accompanies the Daughters both personally and as a group.<\/p>\n\n<p class=\"wp-block-paragraph\">Today we want to put a face and a voice to that key figure:<strong> Magda Zhang<\/strong>, the instructor who is accompanying the seven junior members through this <strong>Final Probation<\/strong> experience for <strong>2026\u20132027<\/strong>. We spoke with her about what this guidance entails, what is at stake during these months, and what she hopes for from this shared journey. Here are her words&#8230;  <\/p>\n\n<h2 class=\"wp-block-heading\">What did it mean to you to receive this request to serve as an Instructor for the Final Probation?<\/h2>\n\n<p class=\"wp-block-paragraph\">For me, it\u2019s a calling. Back in 2023, when the Superior General appointed me as a translator for the previous group of Final Probation (UP), she was already considering this possibility. I didn\u2019t know if that moment would come, or if it would be me. So when she spoke to me about this again last year, I wasn\u2019t surprised. Faced with a need within the Congregation, I wanted to respond with my full availability. That is why I accepted this assignment with gratitude and joy.     <\/p>\n\n<h2 class=\"wp-block-heading\">How did you experience this during your personal discernment: doubts, joys, resistance?<\/h2>\n\n<p class=\"wp-block-paragraph\">I did not feel resistance, but rather a certain unease in the face of the challenges inherent in this new mission, especially due to the language barrier and my desire to be able to respond adequately to the needs of the junior sisters. This concern has led me to approach the <strong>process with confidence, striving to prepare myself as best as possible and humbly accepting help. <\/strong>Along this journey, I have been able to count in a special way on the close guidance of the General Government, which is supporting me in various ways. <\/p>\n\n<p class=\"wp-block-paragraph\">In addition, the August spiritual exercises were a special grace for me: I experienced great peace and saw how God has been preparing me step by step. Mother C\u00e1ndida\u2019s experience touched me deeply: <em>\u201cDon\u2019t always think about your poverty; I know whom I have chosen, I know your limitations; the One who gave you the desire will also give you the grace and strength to fulfill it.\u201d<\/em> <strong> This helped me let go of my own strength and trust in His grace.<\/strong> <\/p>\n\n<h2 class=\"wp-block-heading\">What does this service mean for your own life and current mission?<\/h2>\n\n<p class=\"wp-block-paragraph\">This service means experiencing more deeply the Spirit\u2019s presence and listening to the Spirit in others. It is a service that also calls me<strong> to live with greater depth of trust and surrender to God<\/strong>, placing my security in Him rather than in my own abilities. <\/p>\n\n<h2 class=\"wp-block-heading\">How have you prepared yourself to navigate this very specific time?<\/h2>\n\n<p class=\"wp-block-paragraph\">The study of the Congregation\u2019s own documents, a deeper exploration of the Constitutions with the general government, and above all, the eight days of Spiritual Exercises in August were key to our inner preparation.<\/p>\n\n<h2 class=\"wp-block-heading\">In your opinion, what is the essence of the Final Test?  <\/h2>\n\n<p class=\"wp-block-paragraph\">For me, the heart of this stage is the month of Spiritual Exercises. It is a special time to<strong> experience the \u201cschool of affection<\/strong>\u201d: to deepen my affective relationship with the Lord and to reflect on my own experience of following Jesus as a Daughter of Jesus throughout the entire journey I have traveled. It leads a person to a profound integration of her past, through which she is reconciled with herself, with others, with the congregation, and, most profoundly, with God.  <\/p>\n\n<h2 class=\"wp-block-heading\">What are your expectations for this season, both for the junior players and for yourself?<\/h2>\n\n<p class=\"wp-block-paragraph\">For the junior sisters, I hope they can experience this time with joy, enjoying the intercultural richness and the ecclesial and congregational universality. May it also be a time of silence, of deepening their faith, and of a personal encounter with Christ. May they make the most of this decisive time of preparation for their definitive incorporation into the Congregation. As an instructor, I wish <strong>to be a source of support, a channel of God\u2019s grace, accompanying each one on her journey.<\/strong>   <\/p>\n\n<h2 class=\"wp-block-heading\">What would you ask of the Mother Candida Family during this time of Final Probation?<\/h2>\n\n<p class=\"wp-block-paragraph\">I ask that Mother C\u00e1ndida\u2019s Family accompany us with their prayers during this stage of formation. For our part, we will continue to keep you informed about the various stages of this process. <\/p>\n\n<p class=\"wp-block-paragraph\"><kbd>Thank you, Magda, for sharing with us this intimate insight into what it means to accompany someone through the Final Probation.<\/kbd><\/p>\n\n<p class=\"wp-block-paragraph\"><kbd>Over the next few days, we will continue this series by getting to know, one by one, the seven junior sisters who are experiencing this deeply meaningful time. We invite you to stay tuned and to accompany them in prayer at all times. <\/kbd><\/p>\n\n<p class=\"wp-block-paragraph\"><\/p>\n","protected":false},"excerpt":{"rendered":"<p>We continue to learn more about the Final Probation: that final stage of the formation process, the time leading up to a Daughter of Jesus\u2019 definitive \u201cyes.\u201d Earlier, we shared what it is and how it is lived. We also mentioned that these months are lived in community, under the guidance of an instructor who [&hellip;]<\/p>\n","protected":false},"author":36,"featured_media":56179,"comment_status":"closed","ping_status":"closed","sticky":false,"template":"","format":"standard","meta":{"_et_pb_use_builder":"","_et_pb_old_content":"","_et_gb_content_width":"","footnotes":"","_links_to":"","_links_to_target":""},"categories":[698,1,526,528,702],"tags":[772,890,707],"class_list":["post-56183","post","type-post","status-publish","format-standard","has-post-thumbnail","hentry","category-featured","category-fi","category-general_government","category-hijas-de-jesus-en","category-vida-religiosa-en","tag-formation","tag-juniorado-2-en","tag-ultima-probacion-en"],"yoast_head":"<!-- This site is optimized with the Yoast SEO plugin v28.4 - https:\/\/yoast.com\/product\/yoast-seo-wordpress\/ -->\n<title>Meet the Instructor on Probation - Hijas de Jes\u00fas<\/title>\n<meta name=\"description\" content=\"We continue to learn more about the Final Probation: these months are spent in community, under the guidance of an instructor who supports us both individually and as a group. Today we want to put a face and a voice to that key figure: Magda Zhang.\" \/>\n<meta name=\"robots\" content=\"index, follow, max-snippet:-1, max-image-preview:large, max-video-preview:-1\" \/>\n<link rel=\"canonical\" href=\"https:\/\/hijasdejesus.org\/en\/meet-the-instructor-on-probation\/\" \/>\n<meta property=\"og:locale\" content=\"en_US\" \/>\n<meta property=\"og:type\" content=\"article\" \/>\n<meta property=\"og:title\" content=\"Meet the Instructor on Probation - Hijas de Jes\u00fas\" \/>\n<meta property=\"og:description\" content=\"We continue to learn more about the Final Probation: these months are spent in community, under the guidance of an instructor who supports us both individually and as a group. Today we want to put a face and a voice to that key figure: Magda Zhang.\" \/>\n<meta property=\"og:url\" content=\"https:\/\/hijasdejesus.org\/en\/meet-the-instructor-on-probation\/\" \/>\n<meta property=\"og:site_name\" content=\"Hijas de Jes\u00fas\" \/>\n<meta property=\"article:publisher\" content=\"https:\/\/www.facebook.com\/hijasdejesusenelmundo\/\" \/>\n<meta property=\"article:published_time\" content=\"2026-09-03T17:59:45+00:00\" \/>\n<meta property=\"article:modified_time\" content=\"2026-09-03T18:02:59+00:00\" \/>\n<meta property=\"og:image\" content=\"https:\/\/hijasdejesus.org\/wp-content\/uploads\/2026\/09\/Portadas-web-1.jpg\" \/>\n\t<meta property=\"og:image:width\" content=\"1748\" \/>\n\t<meta property=\"og:image:height\" content=\"1240\" \/>\n\t<meta property=\"og:image:type\" content=\"image\/jpeg\" \/>\n<meta name=\"author\" content=\"Comunicaci\u00f3n Internacional\" \/>\n<meta name=\"twitter:card\" content=\"summary_large_image\" \/>\n<meta name=\"twitter:creator\" content=\"@hijasdjesus\" \/>\n<meta name=\"twitter:site\" content=\"@hijasdjesus\" \/>\n<meta name=\"twitter:label1\" content=\"Written by\" \/>\n\t<meta name=\"twitter:data1\" content=\"Comunicaci\u00f3n Internacional\" \/>\n\t<meta name=\"twitter:label2\" content=\"Est. reading time\" \/>\n\t<meta name=\"twitter:data2\" content=\"4 minutes\" \/>\n<script type=\"application\/ld+json\" class=\"yoast-schema-graph\">{\"@context\":\"https:\\\/\\\/schema.org\",\"@graph\":[{\"@type\":\"Article\",\"@id\":\"https:\\\/\\\/hijasdejesus.org\\\/en\\\/meet-the-instructor-on-probation\\\/#article\",\"isPartOf\":{\"@id\":\"https:\\\/\\\/hijasdejesus.org\\\/en\\\/meet-the-instructor-on-probation\\\/\"},\"author\":{\"name\":\"Comunicaci\u00f3n Internacional\",\"@id\":\"https:\\\/\\\/hijasdejesus.org\\\/en\\\/#\\\/schema\\\/person\\\/91b9e676dca8842a983b89793a34e5b8\"},\"headline\":\"Meet the Instructor on Probation\",\"datePublished\":\"2026-09-03T17:59:45+00:00\",\"dateModified\":\"2026-09-03T18:02:59+00:00\",\"mainEntityOfPage\":{\"@id\":\"https:\\\/\\\/hijasdejesus.org\\\/en\\\/meet-the-instructor-on-probation\\\/\"},\"wordCount\":835,\"publisher\":{\"@id\":\"https:\\\/\\\/hijasdejesus.org\\\/en\\\/#organization\"},\"image\":{\"@id\":\"https:\\\/\\\/hijasdejesus.org\\\/en\\\/meet-the-instructor-on-probation\\\/#primaryimage\"},\"thumbnailUrl\":\"https:\\\/\\\/hijasdejesus.org\\\/wp-content\\\/uploads\\\/2026\\\/09\\\/Portadas-web-1.jpg\",\"keywords\":[\"Formation\",\"Juniorado\",\"\u00daltima probaci\u00f3n\"],\"articleSection\":[\"Featured\",\"fi\",\"General government\",\"Hijas de Jes\u00fas\",\"Vida Religiosa\"],\"inLanguage\":\"en-US\"},{\"@type\":\"WebPage\",\"@id\":\"https:\\\/\\\/hijasdejesus.org\\\/en\\\/meet-the-instructor-on-probation\\\/\",\"url\":\"https:\\\/\\\/hijasdejesus.org\\\/en\\\/meet-the-instructor-on-probation\\\/\",\"name\":\"Meet the Instructor on Probation - Hijas de Jes\u00fas\",\"isPartOf\":{\"@id\":\"https:\\\/\\\/hijasdejesus.org\\\/en\\\/#website\"},\"primaryImageOfPage\":{\"@id\":\"https:\\\/\\\/hijasdejesus.org\\\/en\\\/meet-the-instructor-on-probation\\\/#primaryimage\"},\"image\":{\"@id\":\"https:\\\/\\\/hijasdejesus.org\\\/en\\\/meet-the-instructor-on-probation\\\/#primaryimage\"},\"thumbnailUrl\":\"https:\\\/\\\/hijasdejesus.org\\\/wp-content\\\/uploads\\\/2026\\\/09\\\/Portadas-web-1.jpg\",\"datePublished\":\"2026-09-03T17:59:45+00:00\",\"dateModified\":\"2026-09-03T18:02:59+00:00\",\"description\":\"We continue to learn more about the Final Probation: these months are spent in community, under the guidance of an instructor who supports us both individually and as a group. Today we want to put a face and a voice to that key figure: Magda Zhang.\",\"breadcrumb\":{\"@id\":\"https:\\\/\\\/hijasdejesus.org\\\/en\\\/meet-the-instructor-on-probation\\\/#breadcrumb\"},\"inLanguage\":\"en-US\",\"potentialAction\":[{\"@type\":\"ReadAction\",\"target\":[\"https:\\\/\\\/hijasdejesus.org\\\/en\\\/meet-the-instructor-on-probation\\\/\"]}]},{\"@type\":\"ImageObject\",\"inLanguage\":\"en-US\",\"@id\":\"https:\\\/\\\/hijasdejesus.org\\\/en\\\/meet-the-instructor-on-probation\\\/#primaryimage\",\"url\":\"https:\\\/\\\/hijasdejesus.org\\\/wp-content\\\/uploads\\\/2026\\\/09\\\/Portadas-web-1.jpg\",\"contentUrl\":\"https:\\\/\\\/hijasdejesus.org\\\/wp-content\\\/uploads\\\/2026\\\/09\\\/Portadas-web-1.jpg\",\"width\":1748,\"height\":1240,\"caption\":\"Hija de Jes\u00fas trabajando en la PC\"},{\"@type\":\"BreadcrumbList\",\"@id\":\"https:\\\/\\\/hijasdejesus.org\\\/en\\\/meet-the-instructor-on-probation\\\/#breadcrumb\",\"itemListElement\":[{\"@type\":\"ListItem\",\"position\":1,\"name\":\"Portada\",\"item\":\"https:\\\/\\\/hijasdejesus.org\\\/en\\\/\"},{\"@type\":\"ListItem\",\"position\":2,\"name\":\"Meet the Instructor on Probation\"}]},{\"@type\":\"WebSite\",\"@id\":\"https:\\\/\\\/hijasdejesus.org\\\/en\\\/#website\",\"url\":\"https:\\\/\\\/hijasdejesus.org\\\/en\\\/\",\"name\":\"Hijas de Jes\u00fas\",\"description\":\"Despertamos a Jes\u00fas en el coraz\u00f3n, sacando lo mejor de las personas. Somos una congregaci\u00f3n religiosa ignaciana fundada por la Madre Candida\",\"publisher\":{\"@id\":\"https:\\\/\\\/hijasdejesus.org\\\/en\\\/#organization\"},\"potentialAction\":[{\"@type\":\"SearchAction\",\"target\":{\"@type\":\"EntryPoint\",\"urlTemplate\":\"https:\\\/\\\/hijasdejesus.org\\\/en\\\/?s={search_term_string}\"},\"query-input\":{\"@type\":\"PropertyValueSpecification\",\"valueRequired\":true,\"valueName\":\"search_term_string\"}}],\"inLanguage\":\"en-US\"},{\"@type\":\"Organization\",\"@id\":\"https:\\\/\\\/hijasdejesus.org\\\/en\\\/#organization\",\"name\":\"Hijas de Jes\u00fas\",\"url\":\"https:\\\/\\\/hijasdejesus.org\\\/en\\\/\",\"logo\":{\"@type\":\"ImageObject\",\"inLanguage\":\"en-US\",\"@id\":\"https:\\\/\\\/hijasdejesus.org\\\/en\\\/#\\\/schema\\\/logo\\\/image\\\/\",\"url\":\"https:\\\/\\\/hijasdejesus.org\\\/wp-content\\\/uploads\\\/2023\\\/01\\\/Hijas-de-Jesus_hor-A7C957.png\",\"contentUrl\":\"https:\\\/\\\/hijasdejesus.org\\\/wp-content\\\/uploads\\\/2023\\\/01\\\/Hijas-de-Jesus_hor-A7C957.png\",\"width\":700,\"height\":360,\"caption\":\"Hijas de Jes\u00fas\"},\"image\":{\"@id\":\"https:\\\/\\\/hijasdejesus.org\\\/en\\\/#\\\/schema\\\/logo\\\/image\\\/\"},\"sameAs\":[\"https:\\\/\\\/www.facebook.com\\\/hijasdejesusenelmundo\\\/\",\"https:\\\/\\\/x.com\\\/hijasdjesus\"]},{\"@type\":\"Person\",\"@id\":\"https:\\\/\\\/hijasdejesus.org\\\/en\\\/#\\\/schema\\\/person\\\/91b9e676dca8842a983b89793a34e5b8\",\"name\":\"Comunicaci\u00f3n Internacional\",\"image\":{\"@type\":\"ImageObject\",\"inLanguage\":\"en-US\",\"@id\":\"https:\\\/\\\/secure.gravatar.com\\\/avatar\\\/dcb9b61797c934872aa9209ebf48b92edfeb0819dcdcaa77cd84879d6def414d?s=96&d=mm&r=g\",\"url\":\"https:\\\/\\\/secure.gravatar.com\\\/avatar\\\/dcb9b61797c934872aa9209ebf48b92edfeb0819dcdcaa77cd84879d6def414d?s=96&d=mm&r=g\",\"contentUrl\":\"https:\\\/\\\/secure.gravatar.com\\\/avatar\\\/dcb9b61797c934872aa9209ebf48b92edfeb0819dcdcaa77cd84879d6def414d?s=96&d=mm&r=g\",\"caption\":\"Comunicaci\u00f3n Internacional\"},\"url\":\"https:\\\/\\\/hijasdejesus.org\\\/en\\\/author\\\/comunicacion-internacional\\\/\"}]}<\/script>\n<!-- \/ Yoast SEO plugin. -->","yoast_head_json":{"title":"Meet the Instructor on Probation - Hijas de Jes\u00fas","description":"We continue to learn more about the Final Probation: these months are spent in community, under the guidance of an instructor who supports us both individually and as a group. Today we want to put a face and a voice to that key figure: Magda Zhang.","robots":{"index":"index","follow":"follow","max-snippet":"max-snippet:-1","max-image-preview":"max-image-preview:large","max-video-preview":"max-video-preview:-1"},"canonical":"https:\/\/hijasdejesus.org\/en\/meet-the-instructor-on-probation\/","og_locale":"en_US","og_type":"article","og_title":"Meet the Instructor on Probation - Hijas de Jes\u00fas","og_description":"We continue to learn more about the Final Probation: these months are spent in community, under the guidance of an instructor who supports us both individually and as a group. Today we want to put a face and a voice to that key figure: Magda Zhang.","og_url":"https:\/\/hijasdejesus.org\/en\/meet-the-instructor-on-probation\/","og_site_name":"Hijas de Jes\u00fas","article_publisher":"https:\/\/www.facebook.com\/hijasdejesusenelmundo\/","article_published_time":"2026-09-03T17:59:45+00:00","article_modified_time":"2026-09-03T18:02:59+00:00","og_image":[{"width":1748,"height":1240,"url":"https:\/\/hijasdejesus.org\/wp-content\/uploads\/2026\/09\/Portadas-web-1.jpg","type":"image\/jpeg"}],"author":"Comunicaci\u00f3n Internacional","twitter_card":"summary_large_image","twitter_creator":"@hijasdjesus","twitter_site":"@hijasdjesus","twitter_misc":{"Written by":"Comunicaci\u00f3n Internacional","Est. reading time":"4 minutes"},"schema":{"@context":"https:\/\/schema.org","@graph":[{"@type":"Article","@id":"https:\/\/hijasdejesus.org\/en\/meet-the-instructor-on-probation\/#article","isPartOf":{"@id":"https:\/\/hijasdejesus.org\/en\/meet-the-instructor-on-probation\/"},"author":{"name":"Comunicaci\u00f3n Internacional","@id":"https:\/\/hijasdejesus.org\/en\/#\/schema\/person\/91b9e676dca8842a983b89793a34e5b8"},"headline":"Meet the Instructor on Probation","datePublished":"2026-09-03T17:59:45+00:00","dateModified":"2026-09-03T18:02:59+00:00","mainEntityOfPage":{"@id":"https:\/\/hijasdejesus.org\/en\/meet-the-instructor-on-probation\/"},"wordCount":835,"publisher":{"@id":"https:\/\/hijasdejesus.org\/en\/#organization"},"image":{"@id":"https:\/\/hijasdejesus.org\/en\/meet-the-instructor-on-probation\/#primaryimage"},"thumbnailUrl":"https:\/\/hijasdejesus.org\/wp-content\/uploads\/2026\/09\/Portadas-web-1.jpg","keywords":["Formation","Juniorado","\u00daltima probaci\u00f3n"],"articleSection":["Featured","fi","General government","Hijas de Jes\u00fas","Vida Religiosa"],"inLanguage":"en-US"},{"@type":"WebPage","@id":"https:\/\/hijasdejesus.org\/en\/meet-the-instructor-on-probation\/","url":"https:\/\/hijasdejesus.org\/en\/meet-the-instructor-on-probation\/","name":"Meet the Instructor on Probation - Hijas de Jes\u00fas","isPartOf":{"@id":"https:\/\/hijasdejesus.org\/en\/#website"},"primaryImageOfPage":{"@id":"https:\/\/hijasdejesus.org\/en\/meet-the-instructor-on-probation\/#primaryimage"},"image":{"@id":"https:\/\/hijasdejesus.org\/en\/meet-the-instructor-on-probation\/#primaryimage"},"thumbnailUrl":"https:\/\/hijasdejesus.org\/wp-content\/uploads\/2026\/09\/Portadas-web-1.jpg","datePublished":"2026-09-03T17:59:45+00:00","dateModified":"2026-09-03T18:02:59+00:00","description":"We continue to learn more about the Final Probation: these months are spent in community, under the guidance of an instructor who supports us both individually and as a group. Today we want to put a face and a voice to that key figure: Magda Zhang.","breadcrumb":{"@id":"https:\/\/hijasdejesus.org\/en\/meet-the-instructor-on-probation\/#breadcrumb"},"inLanguage":"en-US","potentialAction":[{"@type":"ReadAction","target":["https:\/\/hijasdejesus.org\/en\/meet-the-instructor-on-probation\/"]}]},{"@type":"ImageObject","inLanguage":"en-US","@id":"https:\/\/hijasdejesus.org\/en\/meet-the-instructor-on-probation\/#primaryimage","url":"https:\/\/hijasdejesus.org\/wp-content\/uploads\/2026\/09\/Portadas-web-1.jpg","contentUrl":"https:\/\/hijasdejesus.org\/wp-content\/uploads\/2026\/09\/Portadas-web-1.jpg","width":1748,"height":1240,"caption":"Hija de Jes\u00fas trabajando en la PC"},{"@type":"BreadcrumbList","@id":"https:\/\/hijasdejesus.org\/en\/meet-the-instructor-on-probation\/#breadcrumb","itemListElement":[{"@type":"ListItem","position":1,"name":"Portada","item":"https:\/\/hijasdejesus.org\/en\/"},{"@type":"ListItem","position":2,"name":"Meet the Instructor on Probation"}]},{"@type":"WebSite","@id":"https:\/\/hijasdejesus.org\/en\/#website","url":"https:\/\/hijasdejesus.org\/en\/","name":"Hijas de Jes\u00fas","description":"Despertamos a Jes\u00fas en el coraz\u00f3n, sacando lo mejor de las personas. Somos una congregaci\u00f3n religiosa ignaciana fundada por la Madre Candida","publisher":{"@id":"https:\/\/hijasdejesus.org\/en\/#organization"},"potentialAction":[{"@type":"SearchAction","target":{"@type":"EntryPoint","urlTemplate":"https:\/\/hijasdejesus.org\/en\/?s={search_term_string}"},"query-input":{"@type":"PropertyValueSpecification","valueRequired":true,"valueName":"search_term_string"}}],"inLanguage":"en-US"},{"@type":"Organization","@id":"https:\/\/hijasdejesus.org\/en\/#organization","name":"Hijas de Jes\u00fas","url":"https:\/\/hijasdejesus.org\/en\/","logo":{"@type":"ImageObject","inLanguage":"en-US","@id":"https:\/\/hijasdejesus.org\/en\/#\/schema\/logo\/image\/","url":"https:\/\/hijasdejesus.org\/wp-content\/uploads\/2023\/01\/Hijas-de-Jesus_hor-A7C957.png","contentUrl":"https:\/\/hijasdejesus.org\/wp-content\/uploads\/2023\/01\/Hijas-de-Jesus_hor-A7C957.png","width":700,"height":360,"caption":"Hijas de Jes\u00fas"},"image":{"@id":"https:\/\/hijasdejesus.org\/en\/#\/schema\/logo\/image\/"},"sameAs":["https:\/\/www.facebook.com\/hijasdejesusenelmundo\/","https:\/\/x.com\/hijasdjesus"]},{"@type":"Person","@id":"https:\/\/hijasdejesus.org\/en\/#\/schema\/person\/91b9e676dca8842a983b89793a34e5b8","name":"Comunicaci\u00f3n Internacional","image":{"@type":"ImageObject","inLanguage":"en-US","@id":"https:\/\/secure.gravatar.com\/avatar\/dcb9b61797c934872aa9209ebf48b92edfeb0819dcdcaa77cd84879d6def414d?s=96&d=mm&r=g","url":"https:\/\/secure.gravatar.com\/avatar\/dcb9b61797c934872aa9209ebf48b92edfeb0819dcdcaa77cd84879d6def414d?s=96&d=mm&r=g","contentUrl":"https:\/\/secure.gravatar.com\/avatar\/dcb9b61797c934872aa9209ebf48b92edfeb0819dcdcaa77cd84879d6def414d?s=96&d=mm&r=g","caption":"Comunicaci\u00f3n Internacional"},"url":"https:\/\/hijasdejesus.org\/en\/author\/comunicacion-internacional\/"}]}},"_links":{"self":[{"href":"https:\/\/hijasdejesus.org\/en\/wp-json\/wp\/v2\/posts\/56183","targetHints":{"allow":["GET"]}}],"collection":[{"href":"https:\/\/hijasdejesus.org\/en\/wp-json\/wp\/v2\/posts"}],"about":[{"href":"https:\/\/hijasdejesus.org\/en\/wp-json\/wp\/v2\/types\/post"}],"author":[{"embeddable":true,"href":"https:\/\/hijasdejesus.org\/en\/wp-json\/wp\/v2\/users\/36"}],"replies":[{"embeddable":true,"href":"https:\/\/hijasdejesus.org\/en\/wp-json\/wp\/v2\/comments?post=56183"}],"version-history":[{"count":2,"href":"https:\/\/hijasdejesus.org\/en\/wp-json\/wp\/v2\/posts\/56183\/revisions"}],"predecessor-version":[{"id":56192,"href":"https:\/\/hijasdejesus.org\/en\/wp-json\/wp\/v2\/posts\/56183\/revisions\/56192"}],"wp:featuredmedia":[{"embeddable":true,"href":"https:\/\/hijasdejesus.org\/en\/wp-json\/wp\/v2\/media\/56179"}],"wp:attachment":[{"href":"https:\/\/hijasdejesus.org\/en\/wp-json\/wp\/v2\/media?parent=56183"}],"wp:term":[{"taxonomy":"category","embeddable":true,"href":"https:\/\/hijasdejesus.org\/en\/wp-json\/wp\/v2\/categories?post=56183"},{"taxonomy":"post_tag","embeddable":true,"href":"https:\/\/hijasdejesus.org\/en\/wp-json\/wp\/v2\/tags?post=56183"}],"curies":[{"name":"wp","href":"https:\/\/api.w.org\/{rel}","templated":true}]}}