{"id":56209,"date":"2026-09-04T02:38:01","date_gmt":"2026-09-04T00:38:01","guid":{"rendered":"https:\/\/hijasdejesus.org\/getting-to-know-the-juniors-in-their-final-probation-period-i\/"},"modified":"2026-09-04T02:40:18","modified_gmt":"2026-09-04T00:40:18","slug":"getting-to-know-the-juniors-in-their-final-probation-period-i","status":"publish","type":"post","link":"https:\/\/hijasdejesus.org\/en\/getting-to-know-the-juniors-in-their-final-probation-period-i\/","title":{"rendered":"Getting to Know the Juniors in Their Final Probation Period (I)"},"content":{"rendered":"\n<p class=\"wp-block-paragraph\">We continue our series on the Final Probation. We\u2019ve already learned <a href=\"https:\/\/hijasdejesus.org\/en\/the-final-step-before-the-definitive-yes-what-is-the-final-probation\/\">what this stage entails<\/a> and met <a href=\"https:\/\/hijasdejesus.org\/en\/meet-the-instructor-on-probation\/\">Magda Zhang, the instructor guiding this journey<\/a>. Today it\u2019s time to put names and faces to those who will be experiencing it: the seven junior sisters who, coming from different countries, are preparing together for their perpetual profession. Over the course of these nearly six months, they will share community life, the Spiritual Exercises, and a common desire to respond\u2014with their whole lives\u2014to God\u2019s love.     <\/p>\n\n<p class=\"wp-block-paragraph\">We&#8217;ll start by getting to know Inmaculada Lin, Ma. Crystal Bermejo Samis, and M\u00f3nica Celina Garc\u00eda Casa\u00f1as better. <\/p>\n\n<h1 class=\"wp-block-heading\">Inmaculada Lin<\/h1>\n\n<p class=\"wp-block-paragraph\"><strong>Province of origin:<\/strong> East Asia<\/p>\n\n<p class=\"wp-block-paragraph\"><strong>What are you bringing with you\u2014from yourself, your community, and your current mission\u2014to this time of UP? \/ Is there a person, place, or experience that is \u201ctraveling\u201d with you to the Final Probation? <\/strong>  I&#8217;m bringing personal belongings, my personal experiences, the community&#8217;s blessings, and a few gifts.  <strong> <\/strong><\/p>\n\n<p class=\"wp-block-paragraph\"><strong>What do you hope will happen within you over the next few months?<\/strong>  I want to get to know Jesus, Saint Candida, and the congregation better.<\/p>\n\n<p class=\"wp-block-paragraph\"><strong>What would you ask of the Madre C\u00e1ndida Family?<\/strong>  I wish to have a profound experience as a Daughter of Jesus; I ask for prayers from Mother C\u00e1ndida\u2019s family.<\/p>\n\n<p class=\"wp-block-paragraph\"><strong><strong>A short phrase: What I wish for this season is\u2026<\/strong><\/strong> I hope the Lord will help me to be a true Daughter of Jesus.<strong> <\/strong><\/p>\n\n<h1 class=\"wp-block-heading\">Ma. Crystal Bermejo Samis <\/h1>\n\n<p class=\"wp-block-paragraph\"><strong>Country:<\/strong> Philippines  <\/p>\n\n<p class=\"wp-block-paragraph\"><strong>Province of origin:<\/strong> Indian-Pacific<\/p>\n\n<p class=\"wp-block-paragraph\"><strong>What are you bringing with you\u2014from yourself, your community, and your current mission\u2014to this<\/strong> <strong>UP time? \/ Is there a person, place, or experience that travels with you to <\/strong> <strong>The Final Approval?<\/strong>  In my suitcase, I carry the certainty of my sisters\u2019 affection and support, but above all, the love and assurance of our Loving Father. I also carry with me a grateful heart for the experiences I\u2019ve had in my encounter with God, as well as for the people who have helped me grow as a religious, both in community life and in my apostolate. Along with all of this, I carry the prayers of the people who love me and who accompany me with their affection and closeness.  <\/p>\n\n<p class=\"wp-block-paragraph\"><strong>What do you hope will happen within you over the next few months?<\/strong>  Through this experience, I wish to renew my deep commitment to the Lord, who assures me that He will always be with me in the life I have chosen to offer Him, together with Mother Candida. I hope this experience will help me return to the roots of our Congregation, to come to know it more deeply, to love it even more, and to strengthen my desire to dedicate myself to it before making my final consecration through my perpetual vows. I trust that, through the various experiences and the people I meet during this time, He will continue to reveal His presence, His love, and His faithfulness to me.  <\/p>\n\n<p class=\"wp-block-paragraph\"><strong><strong>A short phrase: What I hope for during this time is\u2026<\/strong><\/strong> \u201cWhat I hope for this season is to be open and docile as I deepen my understanding of my vocation as a Daughter of Jesus, to embrace it fully, with a renewed heart and an ever more generous surrender to the Lord.\u201d<\/p>\n\n<h1 class=\"wp-block-heading\">Monica Celina Garcia Casa\u00f1as<\/h1>\n\n<p class=\"wp-block-paragraph\"><strong>Province of origin:<\/strong> Andean America \u2013 assigned to the community of Monterrico, Jujuy \u2013 Nuestra Se\u00f1ora de las Mercedes School, where she teaches Religious Education to 3rd-year students and Philosophy to 5th-year students. I assist with coordinating the parish youth group alongside Sister Ely and Patricia, a layperson. I participate in catechesis at the Nuestra Se\u00f1ora de las Mercedes Chapel.  <\/p>\n\n<p class=\"wp-block-paragraph\"><strong>Nationality:<\/strong> Uruguayan<\/p>\n\n<p class=\"wp-block-paragraph\"><strong>What are you bringing with you\u2014from yourself, your community, and your current mission\u2014to this time of UP? \/ Is there a person, place, or experience that is \u201ctraveling\u201d with you to the Final Probation? <\/strong>  In my suitcase, I carry\u2026 the faces and shared experiences from these past 10 years in the congregation, at Villa Ocampo, in C\u00f3rdoba, Brazil, and Jujuy\u2026 I carry my family\u2014both by blood and by heart\u2014and my roots, without whom this present moment would not have been possible; and my friends, who have been faithful witnesses on this journey\u2026 From my community, I carry their affection, companionship, and prayers\u2014the gift of their lives during these few months since I arrived in Jujuy. From my current mission, I take with me the certainty that dedicating my life to God through education\u2014accompanying adolescents in their human and academic growth\u2014is beautiful; I take with me their affection, their enthusiasm, and the bond that the classroom allowed us to build over these past months\u2026 how much of God became present to me through their stories\u2026as well as to the entire educational community at Las Mercedes, who helped me, welcomed me, and supported me during my first months as a teacher\u2014they made me feel like I belonged and felt at home. In a very special place in my heart is the group of young people from the San Isidro Labrador parish, whom we have accompanied together with Sister Ely, Patricia, and Livia; I want to keep them very much in mind at every holy place where I have the opportunity to pray, entrusting to God their lives and their journey of faith, which they are gradually discovering. Another group that also holds a special place in my heart is the catechists at the Our Lady of Las Mercedes Chapel, whose service\u2014week after week\u2014I witnessed as they worked for the human and spiritual growth of the children and teenagers. <\/p>\n\n<p class=\"wp-block-paragraph\"><strong>What do you hope will happen within you over the next few months?<\/strong>  I hope that this experience will further awaken in me the desire to give myself fully, to live with passion the vocation that God has given me, to deepen my relationship with Jesus, to be more closely united to Him, to help me come to know and love this charism of Saint Candida even more, and to desire to devote my life here. May it help me awaken and live out those most authentic desires that I have longed for since my religious vocation. May it allow me to feel united to the entire Body of sisters, laypeople, and young people who are part of this Family.  <\/p>\n\n<p class=\"wp-block-paragraph\"><strong>What would you ask of the Madre C\u00e1ndida Family?<\/strong>  It&#8217;s hard for me to ask the Madre C\u00e1ndida Family for anything, because I find myself wanting to say thank you for being part of this experience. I want to ask you that we never stop walking together\u2014we need each other.<\/p>\n\n<p class=\"wp-block-paragraph\"><strong><strong>A short sentence: What I hope for during this time is\u2026<\/strong><\/strong> What I hope for during this time is to grow in my love for Jesus and in the mission He wishes to entrust to me. May I be able to feel and savor deep within myself all that I have experienced these past years, and may that help me to delve deeper into my own vocation. <\/p>\n\n<p class=\"wp-block-paragraph\"><kbd>Thank you, Inma, Crystal, and Celina, for sharing a little bit of your journey with us.<\/kbd><\/p>\n\n<p class=\"wp-block-paragraph\"><em>In the coming days, we will continue to get to know the rest of the junior sisters who will be participating in this Final Probation for 2026\u20132027. We invite you to stay tuned and to accompany them in prayer. <\/em><\/p>\n\n<p class=\"wp-block-paragraph\"><\/p>\n","protected":false},"excerpt":{"rendered":"<p>We continue our series on the Final Probation. We\u2019ve already learned what this stage entails and met Magda Zhang, the instructor guiding this journey. Today it\u2019s time to put names and faces to those who will be experiencing it: the seven junior sisters who, coming from different countries, are preparing together for their perpetual profession. [&hellip;]<\/p>\n","protected":false},"author":36,"featured_media":56201,"comment_status":"closed","ping_status":"closed","sticky":false,"template":"","format":"standard","meta":{"_et_pb_use_builder":"","_et_pb_old_content":"","_et_gb_content_width":"","footnotes":"","_links_to":"","_links_to_target":""},"categories":[1],"tags":[],"class_list":["post-56209","post","type-post","status-publish","format-standard","has-post-thumbnail","hentry","category-fi"],"yoast_head":"<!-- This site is optimized with the Yoast SEO plugin v28.4 - https:\/\/yoast.com\/product\/yoast-seo-wordpress\/ -->\n<title>Getting to Know the Juniors in Their Final Probation Period (I) - Hijas de Jes\u00fas<\/title>\n<meta name=\"description\" content=\"We&#039;re continuing our series on the Final Probation. Today, we&#039;ll get to know the junior members who will be going through it.\" \/>\n<meta name=\"robots\" content=\"index, follow, max-snippet:-1, max-image-preview:large, max-video-preview:-1\" \/>\n<link rel=\"canonical\" href=\"https:\/\/hijasdejesus.org\/en\/getting-to-know-the-juniors-in-their-final-probation-period-i\/\" \/>\n<meta property=\"og:locale\" content=\"en_US\" \/>\n<meta property=\"og:type\" content=\"article\" \/>\n<meta property=\"og:title\" content=\"Getting to Know the Juniors in Their Final Probation Period (I) - Hijas de Jes\u00fas\" \/>\n<meta property=\"og:description\" content=\"We&#039;re continuing our series on the Final Probation. Today, we&#039;ll get to know the junior members who will be going through it.\" \/>\n<meta property=\"og:url\" content=\"https:\/\/hijasdejesus.org\/en\/getting-to-know-the-juniors-in-their-final-probation-period-i\/\" \/>\n<meta property=\"og:site_name\" content=\"Hijas de Jes\u00fas\" \/>\n<meta property=\"article:publisher\" content=\"https:\/\/www.facebook.com\/hijasdejesusenelmundo\/\" \/>\n<meta property=\"article:published_time\" content=\"2026-09-04T00:38:01+00:00\" \/>\n<meta property=\"article:modified_time\" content=\"2026-09-04T00:40:18+00:00\" \/>\n<meta property=\"og:image\" content=\"https:\/\/hijasdejesus.org\/wp-content\/uploads\/2026\/09\/Portadas-web-4.jpg\" \/>\n\t<meta property=\"og:image:width\" content=\"1748\" \/>\n\t<meta property=\"og:image:height\" content=\"1240\" \/>\n\t<meta property=\"og:image:type\" content=\"image\/jpeg\" \/>\n<meta name=\"author\" content=\"Comunicaci\u00f3n Internacional\" \/>\n<meta name=\"twitter:card\" content=\"summary_large_image\" \/>\n<meta name=\"twitter:creator\" content=\"@hijasdjesus\" \/>\n<meta name=\"twitter:site\" content=\"@hijasdjesus\" \/>\n<meta name=\"twitter:label1\" content=\"Written by\" \/>\n\t<meta name=\"twitter:data1\" content=\"Comunicaci\u00f3n Internacional\" \/>\n\t<meta name=\"twitter:label2\" content=\"Est. reading time\" \/>\n\t<meta name=\"twitter:data2\" content=\"6 minutes\" \/>\n<script type=\"application\/ld+json\" class=\"yoast-schema-graph\">{\"@context\":\"https:\\\/\\\/schema.org\",\"@graph\":[{\"@type\":\"Article\",\"@id\":\"https:\\\/\\\/hijasdejesus.org\\\/en\\\/getting-to-know-the-juniors-in-their-final-probation-period-i\\\/#article\",\"isPartOf\":{\"@id\":\"https:\\\/\\\/hijasdejesus.org\\\/en\\\/getting-to-know-the-juniors-in-their-final-probation-period-i\\\/\"},\"author\":{\"name\":\"Comunicaci\u00f3n Internacional\",\"@id\":\"https:\\\/\\\/hijasdejesus.org\\\/en\\\/#\\\/schema\\\/person\\\/91b9e676dca8842a983b89793a34e5b8\"},\"headline\":\"Getting to Know the Juniors in Their Final Probation Period (I)\",\"datePublished\":\"2026-09-04T00:38:01+00:00\",\"dateModified\":\"2026-09-04T00:40:18+00:00\",\"mainEntityOfPage\":{\"@id\":\"https:\\\/\\\/hijasdejesus.org\\\/en\\\/getting-to-know-the-juniors-in-their-final-probation-period-i\\\/\"},\"wordCount\":1256,\"publisher\":{\"@id\":\"https:\\\/\\\/hijasdejesus.org\\\/en\\\/#organization\"},\"image\":{\"@id\":\"https:\\\/\\\/hijasdejesus.org\\\/en\\\/getting-to-know-the-juniors-in-their-final-probation-period-i\\\/#primaryimage\"},\"thumbnailUrl\":\"https:\\\/\\\/hijasdejesus.org\\\/wp-content\\\/uploads\\\/2026\\\/09\\\/Portadas-web-4.jpg\",\"articleSection\":[\"fi\"],\"inLanguage\":\"en-US\"},{\"@type\":\"WebPage\",\"@id\":\"https:\\\/\\\/hijasdejesus.org\\\/en\\\/getting-to-know-the-juniors-in-their-final-probation-period-i\\\/\",\"url\":\"https:\\\/\\\/hijasdejesus.org\\\/en\\\/getting-to-know-the-juniors-in-their-final-probation-period-i\\\/\",\"name\":\"Getting to Know the Juniors in Their Final Probation Period (I) - Hijas de Jes\u00fas\",\"isPartOf\":{\"@id\":\"https:\\\/\\\/hijasdejesus.org\\\/en\\\/#website\"},\"primaryImageOfPage\":{\"@id\":\"https:\\\/\\\/hijasdejesus.org\\\/en\\\/getting-to-know-the-juniors-in-their-final-probation-period-i\\\/#primaryimage\"},\"image\":{\"@id\":\"https:\\\/\\\/hijasdejesus.org\\\/en\\\/getting-to-know-the-juniors-in-their-final-probation-period-i\\\/#primaryimage\"},\"thumbnailUrl\":\"https:\\\/\\\/hijasdejesus.org\\\/wp-content\\\/uploads\\\/2026\\\/09\\\/Portadas-web-4.jpg\",\"datePublished\":\"2026-09-04T00:38:01+00:00\",\"dateModified\":\"2026-09-04T00:40:18+00:00\",\"description\":\"We're continuing our series on the Final Probation. Today, we'll get to know the junior members who will be going through it.\",\"breadcrumb\":{\"@id\":\"https:\\\/\\\/hijasdejesus.org\\\/en\\\/getting-to-know-the-juniors-in-their-final-probation-period-i\\\/#breadcrumb\"},\"inLanguage\":\"en-US\",\"potentialAction\":[{\"@type\":\"ReadAction\",\"target\":[\"https:\\\/\\\/hijasdejesus.org\\\/en\\\/getting-to-know-the-juniors-in-their-final-probation-period-i\\\/\"]}]},{\"@type\":\"ImageObject\",\"inLanguage\":\"en-US\",\"@id\":\"https:\\\/\\\/hijasdejesus.org\\\/en\\\/getting-to-know-the-juniors-in-their-final-probation-period-i\\\/#primaryimage\",\"url\":\"https:\\\/\\\/hijasdejesus.org\\\/wp-content\\\/uploads\\\/2026\\\/09\\\/Portadas-web-4.jpg\",\"contentUrl\":\"https:\\\/\\\/hijasdejesus.org\\\/wp-content\\\/uploads\\\/2026\\\/09\\\/Portadas-web-4.jpg\",\"width\":1748,\"height\":1240,\"caption\":\"Tres religiosas j\u00f3venes de las Hijas de Jes\u00fas\"},{\"@type\":\"BreadcrumbList\",\"@id\":\"https:\\\/\\\/hijasdejesus.org\\\/en\\\/getting-to-know-the-juniors-in-their-final-probation-period-i\\\/#breadcrumb\",\"itemListElement\":[{\"@type\":\"ListItem\",\"position\":1,\"name\":\"Portada\",\"item\":\"https:\\\/\\\/hijasdejesus.org\\\/en\\\/\"},{\"@type\":\"ListItem\",\"position\":2,\"name\":\"Getting to Know the Juniors in Their Final Probation Period (I)\"}]},{\"@type\":\"WebSite\",\"@id\":\"https:\\\/\\\/hijasdejesus.org\\\/en\\\/#website\",\"url\":\"https:\\\/\\\/hijasdejesus.org\\\/en\\\/\",\"name\":\"Hijas de Jes\u00fas\",\"description\":\"Despertamos a Jes\u00fas en el coraz\u00f3n, sacando lo mejor de las personas. Somos una congregaci\u00f3n religiosa ignaciana fundada por la Madre Candida\",\"publisher\":{\"@id\":\"https:\\\/\\\/hijasdejesus.org\\\/en\\\/#organization\"},\"potentialAction\":[{\"@type\":\"SearchAction\",\"target\":{\"@type\":\"EntryPoint\",\"urlTemplate\":\"https:\\\/\\\/hijasdejesus.org\\\/en\\\/?s={search_term_string}\"},\"query-input\":{\"@type\":\"PropertyValueSpecification\",\"valueRequired\":true,\"valueName\":\"search_term_string\"}}],\"inLanguage\":\"en-US\"},{\"@type\":\"Organization\",\"@id\":\"https:\\\/\\\/hijasdejesus.org\\\/en\\\/#organization\",\"name\":\"Hijas de Jes\u00fas\",\"url\":\"https:\\\/\\\/hijasdejesus.org\\\/en\\\/\",\"logo\":{\"@type\":\"ImageObject\",\"inLanguage\":\"en-US\",\"@id\":\"https:\\\/\\\/hijasdejesus.org\\\/en\\\/#\\\/schema\\\/logo\\\/image\\\/\",\"url\":\"https:\\\/\\\/hijasdejesus.org\\\/wp-content\\\/uploads\\\/2023\\\/01\\\/Hijas-de-Jesus_hor-A7C957.png\",\"contentUrl\":\"https:\\\/\\\/hijasdejesus.org\\\/wp-content\\\/uploads\\\/2023\\\/01\\\/Hijas-de-Jesus_hor-A7C957.png\",\"width\":700,\"height\":360,\"caption\":\"Hijas de Jes\u00fas\"},\"image\":{\"@id\":\"https:\\\/\\\/hijasdejesus.org\\\/en\\\/#\\\/schema\\\/logo\\\/image\\\/\"},\"sameAs\":[\"https:\\\/\\\/www.facebook.com\\\/hijasdejesusenelmundo\\\/\",\"https:\\\/\\\/x.com\\\/hijasdjesus\"]},{\"@type\":\"Person\",\"@id\":\"https:\\\/\\\/hijasdejesus.org\\\/en\\\/#\\\/schema\\\/person\\\/91b9e676dca8842a983b89793a34e5b8\",\"name\":\"Comunicaci\u00f3n Internacional\",\"image\":{\"@type\":\"ImageObject\",\"inLanguage\":\"en-US\",\"@id\":\"https:\\\/\\\/secure.gravatar.com\\\/avatar\\\/dcb9b61797c934872aa9209ebf48b92edfeb0819dcdcaa77cd84879d6def414d?s=96&d=mm&r=g\",\"url\":\"https:\\\/\\\/secure.gravatar.com\\\/avatar\\\/dcb9b61797c934872aa9209ebf48b92edfeb0819dcdcaa77cd84879d6def414d?s=96&d=mm&r=g\",\"contentUrl\":\"https:\\\/\\\/secure.gravatar.com\\\/avatar\\\/dcb9b61797c934872aa9209ebf48b92edfeb0819dcdcaa77cd84879d6def414d?s=96&d=mm&r=g\",\"caption\":\"Comunicaci\u00f3n Internacional\"},\"url\":\"https:\\\/\\\/hijasdejesus.org\\\/en\\\/author\\\/comunicacion-internacional\\\/\"}]}<\/script>\n<!-- \/ Yoast SEO plugin. -->","yoast_head_json":{"title":"Getting to Know the Juniors in Their Final Probation Period (I) - Hijas de Jes\u00fas","description":"We're continuing our series on the Final Probation. Today, we'll get to know the junior members who will be going through it.","robots":{"index":"index","follow":"follow","max-snippet":"max-snippet:-1","max-image-preview":"max-image-preview:large","max-video-preview":"max-video-preview:-1"},"canonical":"https:\/\/hijasdejesus.org\/en\/getting-to-know-the-juniors-in-their-final-probation-period-i\/","og_locale":"en_US","og_type":"article","og_title":"Getting to Know the Juniors in Their Final Probation Period (I) - Hijas de Jes\u00fas","og_description":"We're continuing our series on the Final Probation. Today, we'll get to know the junior members who will be going through it.","og_url":"https:\/\/hijasdejesus.org\/en\/getting-to-know-the-juniors-in-their-final-probation-period-i\/","og_site_name":"Hijas de Jes\u00fas","article_publisher":"https:\/\/www.facebook.com\/hijasdejesusenelmundo\/","article_published_time":"2026-09-04T00:38:01+00:00","article_modified_time":"2026-09-04T00:40:18+00:00","og_image":[{"width":1748,"height":1240,"url":"https:\/\/hijasdejesus.org\/wp-content\/uploads\/2026\/09\/Portadas-web-4.jpg","type":"image\/jpeg"}],"author":"Comunicaci\u00f3n Internacional","twitter_card":"summary_large_image","twitter_creator":"@hijasdjesus","twitter_site":"@hijasdjesus","twitter_misc":{"Written by":"Comunicaci\u00f3n Internacional","Est. reading time":"6 minutes"},"schema":{"@context":"https:\/\/schema.org","@graph":[{"@type":"Article","@id":"https:\/\/hijasdejesus.org\/en\/getting-to-know-the-juniors-in-their-final-probation-period-i\/#article","isPartOf":{"@id":"https:\/\/hijasdejesus.org\/en\/getting-to-know-the-juniors-in-their-final-probation-period-i\/"},"author":{"name":"Comunicaci\u00f3n Internacional","@id":"https:\/\/hijasdejesus.org\/en\/#\/schema\/person\/91b9e676dca8842a983b89793a34e5b8"},"headline":"Getting to Know the Juniors in Their Final Probation Period (I)","datePublished":"2026-09-04T00:38:01+00:00","dateModified":"2026-09-04T00:40:18+00:00","mainEntityOfPage":{"@id":"https:\/\/hijasdejesus.org\/en\/getting-to-know-the-juniors-in-their-final-probation-period-i\/"},"wordCount":1256,"publisher":{"@id":"https:\/\/hijasdejesus.org\/en\/#organization"},"image":{"@id":"https:\/\/hijasdejesus.org\/en\/getting-to-know-the-juniors-in-their-final-probation-period-i\/#primaryimage"},"thumbnailUrl":"https:\/\/hijasdejesus.org\/wp-content\/uploads\/2026\/09\/Portadas-web-4.jpg","articleSection":["fi"],"inLanguage":"en-US"},{"@type":"WebPage","@id":"https:\/\/hijasdejesus.org\/en\/getting-to-know-the-juniors-in-their-final-probation-period-i\/","url":"https:\/\/hijasdejesus.org\/en\/getting-to-know-the-juniors-in-their-final-probation-period-i\/","name":"Getting to Know the Juniors in Their Final Probation Period (I) - Hijas de Jes\u00fas","isPartOf":{"@id":"https:\/\/hijasdejesus.org\/en\/#website"},"primaryImageOfPage":{"@id":"https:\/\/hijasdejesus.org\/en\/getting-to-know-the-juniors-in-their-final-probation-period-i\/#primaryimage"},"image":{"@id":"https:\/\/hijasdejesus.org\/en\/getting-to-know-the-juniors-in-their-final-probation-period-i\/#primaryimage"},"thumbnailUrl":"https:\/\/hijasdejesus.org\/wp-content\/uploads\/2026\/09\/Portadas-web-4.jpg","datePublished":"2026-09-04T00:38:01+00:00","dateModified":"2026-09-04T00:40:18+00:00","description":"We're continuing our series on the Final Probation. Today, we'll get to know the junior members who will be going through it.","breadcrumb":{"@id":"https:\/\/hijasdejesus.org\/en\/getting-to-know-the-juniors-in-their-final-probation-period-i\/#breadcrumb"},"inLanguage":"en-US","potentialAction":[{"@type":"ReadAction","target":["https:\/\/hijasdejesus.org\/en\/getting-to-know-the-juniors-in-their-final-probation-period-i\/"]}]},{"@type":"ImageObject","inLanguage":"en-US","@id":"https:\/\/hijasdejesus.org\/en\/getting-to-know-the-juniors-in-their-final-probation-period-i\/#primaryimage","url":"https:\/\/hijasdejesus.org\/wp-content\/uploads\/2026\/09\/Portadas-web-4.jpg","contentUrl":"https:\/\/hijasdejesus.org\/wp-content\/uploads\/2026\/09\/Portadas-web-4.jpg","width":1748,"height":1240,"caption":"Tres religiosas j\u00f3venes de las Hijas de Jes\u00fas"},{"@type":"BreadcrumbList","@id":"https:\/\/hijasdejesus.org\/en\/getting-to-know-the-juniors-in-their-final-probation-period-i\/#breadcrumb","itemListElement":[{"@type":"ListItem","position":1,"name":"Portada","item":"https:\/\/hijasdejesus.org\/en\/"},{"@type":"ListItem","position":2,"name":"Getting to Know the Juniors in Their Final Probation Period (I)"}]},{"@type":"WebSite","@id":"https:\/\/hijasdejesus.org\/en\/#website","url":"https:\/\/hijasdejesus.org\/en\/","name":"Hijas de Jes\u00fas","description":"Despertamos a Jes\u00fas en el coraz\u00f3n, sacando lo mejor de las personas. Somos una congregaci\u00f3n religiosa ignaciana fundada por la Madre Candida","publisher":{"@id":"https:\/\/hijasdejesus.org\/en\/#organization"},"potentialAction":[{"@type":"SearchAction","target":{"@type":"EntryPoint","urlTemplate":"https:\/\/hijasdejesus.org\/en\/?s={search_term_string}"},"query-input":{"@type":"PropertyValueSpecification","valueRequired":true,"valueName":"search_term_string"}}],"inLanguage":"en-US"},{"@type":"Organization","@id":"https:\/\/hijasdejesus.org\/en\/#organization","name":"Hijas de Jes\u00fas","url":"https:\/\/hijasdejesus.org\/en\/","logo":{"@type":"ImageObject","inLanguage":"en-US","@id":"https:\/\/hijasdejesus.org\/en\/#\/schema\/logo\/image\/","url":"https:\/\/hijasdejesus.org\/wp-content\/uploads\/2023\/01\/Hijas-de-Jesus_hor-A7C957.png","contentUrl":"https:\/\/hijasdejesus.org\/wp-content\/uploads\/2023\/01\/Hijas-de-Jesus_hor-A7C957.png","width":700,"height":360,"caption":"Hijas de Jes\u00fas"},"image":{"@id":"https:\/\/hijasdejesus.org\/en\/#\/schema\/logo\/image\/"},"sameAs":["https:\/\/www.facebook.com\/hijasdejesusenelmundo\/","https:\/\/x.com\/hijasdjesus"]},{"@type":"Person","@id":"https:\/\/hijasdejesus.org\/en\/#\/schema\/person\/91b9e676dca8842a983b89793a34e5b8","name":"Comunicaci\u00f3n Internacional","image":{"@type":"ImageObject","inLanguage":"en-US","@id":"https:\/\/secure.gravatar.com\/avatar\/dcb9b61797c934872aa9209ebf48b92edfeb0819dcdcaa77cd84879d6def414d?s=96&d=mm&r=g","url":"https:\/\/secure.gravatar.com\/avatar\/dcb9b61797c934872aa9209ebf48b92edfeb0819dcdcaa77cd84879d6def414d?s=96&d=mm&r=g","contentUrl":"https:\/\/secure.gravatar.com\/avatar\/dcb9b61797c934872aa9209ebf48b92edfeb0819dcdcaa77cd84879d6def414d?s=96&d=mm&r=g","caption":"Comunicaci\u00f3n Internacional"},"url":"https:\/\/hijasdejesus.org\/en\/author\/comunicacion-internacional\/"}]}},"_links":{"self":[{"href":"https:\/\/hijasdejesus.org\/en\/wp-json\/wp\/v2\/posts\/56209","targetHints":{"allow":["GET"]}}],"collection":[{"href":"https:\/\/hijasdejesus.org\/en\/wp-json\/wp\/v2\/posts"}],"about":[{"href":"https:\/\/hijasdejesus.org\/en\/wp-json\/wp\/v2\/types\/post"}],"author":[{"embeddable":true,"href":"https:\/\/hijasdejesus.org\/en\/wp-json\/wp\/v2\/users\/36"}],"replies":[{"embeddable":true,"href":"https:\/\/hijasdejesus.org\/en\/wp-json\/wp\/v2\/comments?post=56209"}],"version-history":[{"count":2,"href":"https:\/\/hijasdejesus.org\/en\/wp-json\/wp\/v2\/posts\/56209\/revisions"}],"predecessor-version":[{"id":56216,"href":"https:\/\/hijasdejesus.org\/en\/wp-json\/wp\/v2\/posts\/56209\/revisions\/56216"}],"wp:featuredmedia":[{"embeddable":true,"href":"https:\/\/hijasdejesus.org\/en\/wp-json\/wp\/v2\/media\/56201"}],"wp:attachment":[{"href":"https:\/\/hijasdejesus.org\/en\/wp-json\/wp\/v2\/media?parent=56209"}],"wp:term":[{"taxonomy":"category","embeddable":true,"href":"https:\/\/hijasdejesus.org\/en\/wp-json\/wp\/v2\/categories?post=56209"},{"taxonomy":"post_tag","embeddable":true,"href":"https:\/\/hijasdejesus.org\/en\/wp-json\/wp\/v2\/tags?post=56209"}],"curies":[{"name":"wp","href":"https:\/\/api.w.org\/{rel}","templated":true}]}}