{"id":12278,"date":"2016-06-29T00:34:44","date_gmt":"2016-06-28T22:34:44","guid":{"rendered":"https:\/\/nueva.hijasdejesus.org\/forum-de-directores-de-escolas-catolicas-no-brasil\/"},"modified":"2023-02-17T12:42:47","modified_gmt":"2023-02-17T11:42:47","slug":"forum-de-directores-de-escolas-catolicas-no-brasil","status":"publish","type":"post","link":"https:\/\/hijasdejesus.org\/pt-br\/forum-de-directores-de-escolas-catolicas-no-brasil\/","title":{"rendered":"F\u00f3rum de Diretores de Escolas Cat\u00f3licas no Brasil"},"content":{"rendered":"<p><img loading=\"lazy\" decoding=\"async\" class=\"pull-center size-full wp-image-1709\" src=\"https:\/\/hijasdejesus.org\/wp-content\/uploads\/2016\/06\/brasil_forumdirectores5.JPG\" alt=\"\" width=\"1024\" height=\"472\">Com o objetivo de promover a reflex\u00e3o, debater o tema e trocar experi\u00eancias significativas entre os gestores educativos sobre os desafios e as novas formas de educa\u00e7\u00e3o inclusiva, a Associa\u00e7\u00e3o Nacional de Educa\u00e7\u00e3o Cat\u00f3lica do Brasil &#8211; ANEC, promoveu durante os dias 13 e 14 de Junho, o 5\u00ba F\u00f3rum de Diretores de Escolas Cat\u00f3licas, que foi realizado no &#8220;Colegio Salesiano Don Bosco&#8221; em Salvador \/ BA. O tema principal foi &#8220;Estatuto dos Pobres: Desafios Legais e Educativos para a Gest\u00e3o das Escolas Cat\u00f3licas&#8221;.<br \/>O F\u00f3rum foi apresentado pela Dra. Anna Gilda Dianin, presidente do &#8220;Sindicato dos Estabelecimientos Particulares de Ensino da Regi\u00e3o Sudeste de Minas Gerais&#8221; , e pelo Dr. Arthur Em\u00edlio Dianin, conselheiro jur\u00eddico do Sinepe-MG . [Union of Private Centers for Education in the Southeast Region of Minas Gerais (Sinepe \/ Southeast-MG)] Ambos discursaram especialmente sobre os &#8220;Dilemas e Desafios da Lei Brasileira sobre a Inclus\u00e3o de Pessoas com Defici\u00eancia (LBI)&#8221;.<br \/><img loading=\"lazy\" decoding=\"async\" class=\"pull-left size-full wp-image-1710\" src=\"https:\/\/hijasdejesus.org\/wp-content\/uploads\/2016\/06\/brasil_forumdirectores1.JPG\" alt=\"\" width=\"530\" height=\"397\">Al\u00e9m disso, a Professora Giselli de F\u00e1tima Padilha Hummelgen, abordou o tema &#8220;Educa\u00e7\u00e3o Inclusiva: experi\u00eancia e perspectiva no campo educacional&#8221;; e a Professora Olga Cristina Rocha de Freitas, professora em Neuroci\u00eancia Comportamental, falou sobre o tema: &#8220;Educa\u00e7\u00e3o Inclusiva: uma escola para todos \u00e9 poss\u00edvel&#8221;.<br \/>Segundo o que Olga Freitas diz, &#8220;Hoje em dia o objetivo j\u00e1 n\u00e3o \u00e9 rotular as pessoas com necessidades especiais, como as pessoas com defici\u00eancia, porque as caracter\u00edsticas espec\u00edficas que apresentam apenas as tornam diferentes das outras, mas proporcionar-lhes condi\u00e7\u00f5es de acesso aos direitos, por exemplo, na escola, em rela\u00e7\u00e3o ao curr\u00edculo, espa\u00e7os f\u00edsicos, conviv\u00eancia social, entre outros. Essas crian\u00e7as e jovens t\u00eam um elevado potencial de desenvolvimento escolar e social com vista \u00e0 cidadania&#8221;.<br \/>O Professor Giselli refor\u00e7a isto: &#8220;A inclus\u00e3o n\u00e3o \u00e9 apenas socializa\u00e7\u00e3o; a inclus\u00e3o tem a ver com acad\u00eamicos, com disciplina, com avalia\u00e7\u00e3o, com o curr\u00edculo, com m\u00e9todos. Pensar na educa\u00e7\u00e3o inclusiva faz-nos pensar nas diferen\u00e7as e na cidadania, de forma realista, com empenho e responsabilidade&#8221;. Citando John Maxwell, ela conclui: &#8220;A vida \u00e9 10% do que me acontece e 90% de como eu reajo a ela&#8221;.<br \/>O F\u00f3rum foi enriquecido com a apresenta\u00e7\u00e3o de experi\u00eancias criativas e de sucesso, pelas escolas do pa\u00eds onde a quest\u00e3o da inclus\u00e3o est\u00e1 gerando uma nova tend\u00eancia de estrutura\u00e7\u00e3o de espa\u00e7os, curr\u00edculos, dire\u00e7\u00e3o interna, cuidados, forma\u00e7\u00e3o de profissionais, colabora\u00e7\u00e3o e compromisso fam\u00edlia-escola, bem como a expans\u00e3o da rede de reflex\u00e3o sobre educa\u00e7\u00e3o inclusiva e formula\u00e7\u00e3o de pol\u00edticas de inclus\u00e3o nas escolas cat\u00f3licas.<br \/>O F\u00f3rum contou com a presen\u00e7a e participa\u00e7\u00e3o de mais de 300 gestores, diretores e outros profissionais da educa\u00e7\u00e3o de escolas cat\u00f3licas em diferentes regi\u00f5es do Brasil.<br \/>A Rede Filhas de Jesus esteve presente com 18 educadores de 8 unidades educativas: gestores, diretores, coordenadores educacionais e orientadores educacionais, que muito beneficiaram da reflex\u00e3o, que nos ajudar\u00e1 como base para o estudo, aprofundamento e defini\u00e7\u00e3o da pol\u00edtica de inclus\u00e3o na Rede Filhas de Jesus &#8211; Brasil.<br \/>\u00c9 o passo que queremos!<\/p>\n<p style=\"text-align: center;\"><strong>Por Maria Jos\u00e9 Alves Machado FI<\/strong><\/p>\n","protected":false},"excerpt":{"rendered":"<p>Com o objetivo de promover a reflex\u00e3o, debater o tema e trocar experi\u00eancias significativas entre os gestores educativos sobre os desafios e as novas formas de educa\u00e7\u00e3o inclusiva, a Associa\u00e7\u00e3o Nacional de Educa\u00e7\u00e3o Cat\u00f3lica do Brasil &#8211; ANEC, promoveu durante os dias 13 e 14 de Junho, o 5\u00ba F\u00f3rum de Diretores de Escolas Cat\u00f3licas, [&hellip;]<\/p>\n","protected":false},"author":1,"featured_media":0,"comment_status":"closed","ping_status":"closed","sticky":false,"template":"","format":"standard","meta":{"_et_pb_use_builder":"","_et_pb_old_content":"","_et_gb_content_width":"","footnotes":"","_links_to":"","_links_to_target":""},"categories":[505,517,469],"tags":[],"class_list":["post-12278","post","type-post","status-publish","format-standard","hentry","category-brasil-pt-br","category-educacao","category-noticias-pt-br"],"yoast_head":"<!-- This site is optimized with the Yoast SEO plugin v27.4 - https:\/\/yoast.com\/product\/yoast-seo-wordpress\/ -->\n<title>F\u00f3rum de Diretores de Escolas Cat\u00f3licas no Brasil - Hijas de Jes\u00fas<\/title>\n<meta name=\"robots\" content=\"index, follow, max-snippet:-1, max-image-preview:large, max-video-preview:-1\" \/>\n<link rel=\"canonical\" href=\"https:\/\/hijasdejesus.org\/pt-br\/forum-de-directores-de-escolas-catolicas-no-brasil\/\" \/>\n<meta property=\"og:locale\" content=\"pt_BR\" \/>\n<meta property=\"og:type\" content=\"article\" \/>\n<meta property=\"og:title\" content=\"F\u00f3rum de Diretores de Escolas Cat\u00f3licas no Brasil - Hijas de Jes\u00fas\" \/>\n<meta property=\"og:description\" content=\"Com o objetivo de promover a reflex\u00e3o, debater o tema e trocar experi\u00eancias significativas entre os gestores educativos sobre os desafios e as novas formas de educa\u00e7\u00e3o inclusiva, a Associa\u00e7\u00e3o Nacional de Educa\u00e7\u00e3o Cat\u00f3lica do Brasil &#8211; ANEC, promoveu durante os dias 13 e 14 de Junho, o 5\u00ba F\u00f3rum de Diretores de Escolas Cat\u00f3licas, [&hellip;]\" \/>\n<meta property=\"og:url\" content=\"https:\/\/hijasdejesus.org\/pt-br\/forum-de-directores-de-escolas-catolicas-no-brasil\/\" \/>\n<meta property=\"og:site_name\" content=\"Hijas de Jes\u00fas\" \/>\n<meta property=\"article:publisher\" content=\"https:\/\/www.facebook.com\/hijasdejesusenelmundo\/\" \/>\n<meta property=\"article:published_time\" content=\"2016-06-28T22:34:44+00:00\" \/>\n<meta property=\"article:modified_time\" content=\"2023-02-17T11:42:47+00:00\" \/>\n<meta property=\"og:image\" content=\"https:\/\/hijasdejesus.org\/wp-content\/uploads\/2016\/06\/brasil_forumdirectores5.JPG\" \/>\n<meta name=\"author\" content=\"admin\" \/>\n<meta name=\"twitter:card\" content=\"summary_large_image\" \/>\n<meta name=\"twitter:creator\" content=\"@hijasdjesus\" \/>\n<meta name=\"twitter:site\" content=\"@hijasdjesus\" \/>\n<meta name=\"twitter:label1\" content=\"Escrito por\" \/>\n\t<meta name=\"twitter:data1\" content=\"admin\" \/>\n\t<meta name=\"twitter:label2\" content=\"Est. tempo de leitura\" \/>\n\t<meta name=\"twitter:data2\" content=\"3 minutos\" \/>\n<script type=\"application\/ld+json\" class=\"yoast-schema-graph\">{\"@context\":\"https:\\\/\\\/schema.org\",\"@graph\":[{\"@type\":\"Article\",\"@id\":\"https:\\\/\\\/hijasdejesus.org\\\/pt-br\\\/forum-de-directores-de-escolas-catolicas-no-brasil\\\/#article\",\"isPartOf\":{\"@id\":\"https:\\\/\\\/hijasdejesus.org\\\/pt-br\\\/forum-de-directores-de-escolas-catolicas-no-brasil\\\/\"},\"author\":{\"name\":\"admin\",\"@id\":\"https:\\\/\\\/hijasdejesus.org\\\/pt-br\\\/#\\\/schema\\\/person\\\/e1ba642bf4f44587aa257910828e04a7\"},\"headline\":\"F\u00f3rum de Diretores de Escolas Cat\u00f3licas no Brasil\",\"datePublished\":\"2016-06-28T22:34:44+00:00\",\"dateModified\":\"2023-02-17T11:42:47+00:00\",\"mainEntityOfPage\":{\"@id\":\"https:\\\/\\\/hijasdejesus.org\\\/pt-br\\\/forum-de-directores-de-escolas-catolicas-no-brasil\\\/\"},\"wordCount\":556,\"publisher\":{\"@id\":\"https:\\\/\\\/hijasdejesus.org\\\/pt-br\\\/#organization\"},\"image\":{\"@id\":\"https:\\\/\\\/hijasdejesus.org\\\/pt-br\\\/forum-de-directores-de-escolas-catolicas-no-brasil\\\/#primaryimage\"},\"thumbnailUrl\":\"https:\\\/\\\/hijasdejesus.org\\\/wp-content\\\/uploads\\\/2016\\\/06\\\/brasil_forumdirectores5.JPG\",\"articleSection\":[\"Brasil\",\"Educa\u00e7\u00e3o\",\"Not\u00edcias\"],\"inLanguage\":\"pt-BR\"},{\"@type\":\"WebPage\",\"@id\":\"https:\\\/\\\/hijasdejesus.org\\\/pt-br\\\/forum-de-directores-de-escolas-catolicas-no-brasil\\\/\",\"url\":\"https:\\\/\\\/hijasdejesus.org\\\/pt-br\\\/forum-de-directores-de-escolas-catolicas-no-brasil\\\/\",\"name\":\"F\u00f3rum de Diretores de Escolas Cat\u00f3licas no Brasil - Hijas de Jes\u00fas\",\"isPartOf\":{\"@id\":\"https:\\\/\\\/hijasdejesus.org\\\/pt-br\\\/#website\"},\"primaryImageOfPage\":{\"@id\":\"https:\\\/\\\/hijasdejesus.org\\\/pt-br\\\/forum-de-directores-de-escolas-catolicas-no-brasil\\\/#primaryimage\"},\"image\":{\"@id\":\"https:\\\/\\\/hijasdejesus.org\\\/pt-br\\\/forum-de-directores-de-escolas-catolicas-no-brasil\\\/#primaryimage\"},\"thumbnailUrl\":\"https:\\\/\\\/hijasdejesus.org\\\/wp-content\\\/uploads\\\/2016\\\/06\\\/brasil_forumdirectores5.JPG\",\"datePublished\":\"2016-06-28T22:34:44+00:00\",\"dateModified\":\"2023-02-17T11:42:47+00:00\",\"breadcrumb\":{\"@id\":\"https:\\\/\\\/hijasdejesus.org\\\/pt-br\\\/forum-de-directores-de-escolas-catolicas-no-brasil\\\/#breadcrumb\"},\"inLanguage\":\"pt-BR\",\"potentialAction\":[{\"@type\":\"ReadAction\",\"target\":[\"https:\\\/\\\/hijasdejesus.org\\\/pt-br\\\/forum-de-directores-de-escolas-catolicas-no-brasil\\\/\"]}]},{\"@type\":\"ImageObject\",\"inLanguage\":\"pt-BR\",\"@id\":\"https:\\\/\\\/hijasdejesus.org\\\/pt-br\\\/forum-de-directores-de-escolas-catolicas-no-brasil\\\/#primaryimage\",\"url\":\"https:\\\/\\\/hijasdejesus.org\\\/wp-content\\\/uploads\\\/2016\\\/06\\\/brasil_forumdirectores5.JPG\",\"contentUrl\":\"https:\\\/\\\/hijasdejesus.org\\\/wp-content\\\/uploads\\\/2016\\\/06\\\/brasil_forumdirectores5.JPG\"},{\"@type\":\"BreadcrumbList\",\"@id\":\"https:\\\/\\\/hijasdejesus.org\\\/pt-br\\\/forum-de-directores-de-escolas-catolicas-no-brasil\\\/#breadcrumb\",\"itemListElement\":[{\"@type\":\"ListItem\",\"position\":1,\"name\":\"Portada\",\"item\":\"https:\\\/\\\/hijasdejesus.org\\\/pt-br\\\/\"},{\"@type\":\"ListItem\",\"position\":2,\"name\":\"F\u00f3rum de Diretores de Escolas Cat\u00f3licas no Brasil\"}]},{\"@type\":\"WebSite\",\"@id\":\"https:\\\/\\\/hijasdejesus.org\\\/pt-br\\\/#website\",\"url\":\"https:\\\/\\\/hijasdejesus.org\\\/pt-br\\\/\",\"name\":\"Hijas de Jes\u00fas\",\"description\":\"Despertamos a Jes\u00fas en el coraz\u00f3n, sacando lo mejor de las personas. Somos una congregaci\u00f3n religiosa ignaciana fundada por la Madre Candida\",\"publisher\":{\"@id\":\"https:\\\/\\\/hijasdejesus.org\\\/pt-br\\\/#organization\"},\"potentialAction\":[{\"@type\":\"SearchAction\",\"target\":{\"@type\":\"EntryPoint\",\"urlTemplate\":\"https:\\\/\\\/hijasdejesus.org\\\/pt-br\\\/?s={search_term_string}\"},\"query-input\":{\"@type\":\"PropertyValueSpecification\",\"valueRequired\":true,\"valueName\":\"search_term_string\"}}],\"inLanguage\":\"pt-BR\"},{\"@type\":\"Organization\",\"@id\":\"https:\\\/\\\/hijasdejesus.org\\\/pt-br\\\/#organization\",\"name\":\"Hijas de Jes\u00fas\",\"url\":\"https:\\\/\\\/hijasdejesus.org\\\/pt-br\\\/\",\"logo\":{\"@type\":\"ImageObject\",\"inLanguage\":\"pt-BR\",\"@id\":\"https:\\\/\\\/hijasdejesus.org\\\/pt-br\\\/#\\\/schema\\\/logo\\\/image\\\/\",\"url\":\"https:\\\/\\\/hijasdejesus.org\\\/wp-content\\\/uploads\\\/2023\\\/01\\\/Hijas-de-Jesus_hor-A7C957.png\",\"contentUrl\":\"https:\\\/\\\/hijasdejesus.org\\\/wp-content\\\/uploads\\\/2023\\\/01\\\/Hijas-de-Jesus_hor-A7C957.png\",\"width\":700,\"height\":360,\"caption\":\"Hijas de Jes\u00fas\"},\"image\":{\"@id\":\"https:\\\/\\\/hijasdejesus.org\\\/pt-br\\\/#\\\/schema\\\/logo\\\/image\\\/\"},\"sameAs\":[\"https:\\\/\\\/www.facebook.com\\\/hijasdejesusenelmundo\\\/\",\"https:\\\/\\\/x.com\\\/hijasdjesus\"]},{\"@type\":\"Person\",\"@id\":\"https:\\\/\\\/hijasdejesus.org\\\/pt-br\\\/#\\\/schema\\\/person\\\/e1ba642bf4f44587aa257910828e04a7\",\"name\":\"admin\",\"image\":{\"@type\":\"ImageObject\",\"inLanguage\":\"pt-BR\",\"@id\":\"https:\\\/\\\/secure.gravatar.com\\\/avatar\\\/948b492cce32b586ac2db0eaa926ee87024f7afe218d73b397ea5ddfc5f43ea1?s=96&d=mm&r=g\",\"url\":\"https:\\\/\\\/secure.gravatar.com\\\/avatar\\\/948b492cce32b586ac2db0eaa926ee87024f7afe218d73b397ea5ddfc5f43ea1?s=96&d=mm&r=g\",\"contentUrl\":\"https:\\\/\\\/secure.gravatar.com\\\/avatar\\\/948b492cce32b586ac2db0eaa926ee87024f7afe218d73b397ea5ddfc5f43ea1?s=96&d=mm&r=g\",\"caption\":\"admin\"},\"sameAs\":[\"https:\\\/\\\/hijasdejesus.org\"],\"url\":\"https:\\\/\\\/hijasdejesus.org\\\/pt-br\\\/author\\\/adminhj\\\/\"}]}<\/script>\n<!-- \/ Yoast SEO plugin. -->","yoast_head_json":{"title":"F\u00f3rum de Diretores de Escolas Cat\u00f3licas no Brasil - Hijas de Jes\u00fas","robots":{"index":"index","follow":"follow","max-snippet":"max-snippet:-1","max-image-preview":"max-image-preview:large","max-video-preview":"max-video-preview:-1"},"canonical":"https:\/\/hijasdejesus.org\/pt-br\/forum-de-directores-de-escolas-catolicas-no-brasil\/","og_locale":"pt_BR","og_type":"article","og_title":"F\u00f3rum de Diretores de Escolas Cat\u00f3licas no Brasil - Hijas de Jes\u00fas","og_description":"Com o objetivo de promover a reflex\u00e3o, debater o tema e trocar experi\u00eancias significativas entre os gestores educativos sobre os desafios e as novas formas de educa\u00e7\u00e3o inclusiva, a Associa\u00e7\u00e3o Nacional de Educa\u00e7\u00e3o Cat\u00f3lica do Brasil &#8211; ANEC, promoveu durante os dias 13 e 14 de Junho, o 5\u00ba F\u00f3rum de Diretores de Escolas Cat\u00f3licas, [&hellip;]","og_url":"https:\/\/hijasdejesus.org\/pt-br\/forum-de-directores-de-escolas-catolicas-no-brasil\/","og_site_name":"Hijas de Jes\u00fas","article_publisher":"https:\/\/www.facebook.com\/hijasdejesusenelmundo\/","article_published_time":"2016-06-28T22:34:44+00:00","article_modified_time":"2023-02-17T11:42:47+00:00","og_image":[{"url":"https:\/\/hijasdejesus.org\/wp-content\/uploads\/2016\/06\/brasil_forumdirectores5.JPG","type":"","width":"","height":""}],"author":"admin","twitter_card":"summary_large_image","twitter_creator":"@hijasdjesus","twitter_site":"@hijasdjesus","twitter_misc":{"Escrito por":"admin","Est. tempo de leitura":"3 minutos"},"schema":{"@context":"https:\/\/schema.org","@graph":[{"@type":"Article","@id":"https:\/\/hijasdejesus.org\/pt-br\/forum-de-directores-de-escolas-catolicas-no-brasil\/#article","isPartOf":{"@id":"https:\/\/hijasdejesus.org\/pt-br\/forum-de-directores-de-escolas-catolicas-no-brasil\/"},"author":{"name":"admin","@id":"https:\/\/hijasdejesus.org\/pt-br\/#\/schema\/person\/e1ba642bf4f44587aa257910828e04a7"},"headline":"F\u00f3rum de Diretores de Escolas Cat\u00f3licas no Brasil","datePublished":"2016-06-28T22:34:44+00:00","dateModified":"2023-02-17T11:42:47+00:00","mainEntityOfPage":{"@id":"https:\/\/hijasdejesus.org\/pt-br\/forum-de-directores-de-escolas-catolicas-no-brasil\/"},"wordCount":556,"publisher":{"@id":"https:\/\/hijasdejesus.org\/pt-br\/#organization"},"image":{"@id":"https:\/\/hijasdejesus.org\/pt-br\/forum-de-directores-de-escolas-catolicas-no-brasil\/#primaryimage"},"thumbnailUrl":"https:\/\/hijasdejesus.org\/wp-content\/uploads\/2016\/06\/brasil_forumdirectores5.JPG","articleSection":["Brasil","Educa\u00e7\u00e3o","Not\u00edcias"],"inLanguage":"pt-BR"},{"@type":"WebPage","@id":"https:\/\/hijasdejesus.org\/pt-br\/forum-de-directores-de-escolas-catolicas-no-brasil\/","url":"https:\/\/hijasdejesus.org\/pt-br\/forum-de-directores-de-escolas-catolicas-no-brasil\/","name":"F\u00f3rum de Diretores de Escolas Cat\u00f3licas no Brasil - Hijas de Jes\u00fas","isPartOf":{"@id":"https:\/\/hijasdejesus.org\/pt-br\/#website"},"primaryImageOfPage":{"@id":"https:\/\/hijasdejesus.org\/pt-br\/forum-de-directores-de-escolas-catolicas-no-brasil\/#primaryimage"},"image":{"@id":"https:\/\/hijasdejesus.org\/pt-br\/forum-de-directores-de-escolas-catolicas-no-brasil\/#primaryimage"},"thumbnailUrl":"https:\/\/hijasdejesus.org\/wp-content\/uploads\/2016\/06\/brasil_forumdirectores5.JPG","datePublished":"2016-06-28T22:34:44+00:00","dateModified":"2023-02-17T11:42:47+00:00","breadcrumb":{"@id":"https:\/\/hijasdejesus.org\/pt-br\/forum-de-directores-de-escolas-catolicas-no-brasil\/#breadcrumb"},"inLanguage":"pt-BR","potentialAction":[{"@type":"ReadAction","target":["https:\/\/hijasdejesus.org\/pt-br\/forum-de-directores-de-escolas-catolicas-no-brasil\/"]}]},{"@type":"ImageObject","inLanguage":"pt-BR","@id":"https:\/\/hijasdejesus.org\/pt-br\/forum-de-directores-de-escolas-catolicas-no-brasil\/#primaryimage","url":"https:\/\/hijasdejesus.org\/wp-content\/uploads\/2016\/06\/brasil_forumdirectores5.JPG","contentUrl":"https:\/\/hijasdejesus.org\/wp-content\/uploads\/2016\/06\/brasil_forumdirectores5.JPG"},{"@type":"BreadcrumbList","@id":"https:\/\/hijasdejesus.org\/pt-br\/forum-de-directores-de-escolas-catolicas-no-brasil\/#breadcrumb","itemListElement":[{"@type":"ListItem","position":1,"name":"Portada","item":"https:\/\/hijasdejesus.org\/pt-br\/"},{"@type":"ListItem","position":2,"name":"F\u00f3rum de Diretores de Escolas Cat\u00f3licas no Brasil"}]},{"@type":"WebSite","@id":"https:\/\/hijasdejesus.org\/pt-br\/#website","url":"https:\/\/hijasdejesus.org\/pt-br\/","name":"Hijas de Jes\u00fas","description":"Despertamos a Jes\u00fas en el coraz\u00f3n, sacando lo mejor de las personas. Somos una congregaci\u00f3n religiosa ignaciana fundada por la Madre Candida","publisher":{"@id":"https:\/\/hijasdejesus.org\/pt-br\/#organization"},"potentialAction":[{"@type":"SearchAction","target":{"@type":"EntryPoint","urlTemplate":"https:\/\/hijasdejesus.org\/pt-br\/?s={search_term_string}"},"query-input":{"@type":"PropertyValueSpecification","valueRequired":true,"valueName":"search_term_string"}}],"inLanguage":"pt-BR"},{"@type":"Organization","@id":"https:\/\/hijasdejesus.org\/pt-br\/#organization","name":"Hijas de Jes\u00fas","url":"https:\/\/hijasdejesus.org\/pt-br\/","logo":{"@type":"ImageObject","inLanguage":"pt-BR","@id":"https:\/\/hijasdejesus.org\/pt-br\/#\/schema\/logo\/image\/","url":"https:\/\/hijasdejesus.org\/wp-content\/uploads\/2023\/01\/Hijas-de-Jesus_hor-A7C957.png","contentUrl":"https:\/\/hijasdejesus.org\/wp-content\/uploads\/2023\/01\/Hijas-de-Jesus_hor-A7C957.png","width":700,"height":360,"caption":"Hijas de Jes\u00fas"},"image":{"@id":"https:\/\/hijasdejesus.org\/pt-br\/#\/schema\/logo\/image\/"},"sameAs":["https:\/\/www.facebook.com\/hijasdejesusenelmundo\/","https:\/\/x.com\/hijasdjesus"]},{"@type":"Person","@id":"https:\/\/hijasdejesus.org\/pt-br\/#\/schema\/person\/e1ba642bf4f44587aa257910828e04a7","name":"admin","image":{"@type":"ImageObject","inLanguage":"pt-BR","@id":"https:\/\/secure.gravatar.com\/avatar\/948b492cce32b586ac2db0eaa926ee87024f7afe218d73b397ea5ddfc5f43ea1?s=96&d=mm&r=g","url":"https:\/\/secure.gravatar.com\/avatar\/948b492cce32b586ac2db0eaa926ee87024f7afe218d73b397ea5ddfc5f43ea1?s=96&d=mm&r=g","contentUrl":"https:\/\/secure.gravatar.com\/avatar\/948b492cce32b586ac2db0eaa926ee87024f7afe218d73b397ea5ddfc5f43ea1?s=96&d=mm&r=g","caption":"admin"},"sameAs":["https:\/\/hijasdejesus.org"],"url":"https:\/\/hijasdejesus.org\/pt-br\/author\/adminhj\/"}]}},"_links":{"self":[{"href":"https:\/\/hijasdejesus.org\/pt-br\/wp-json\/wp\/v2\/posts\/12278","targetHints":{"allow":["GET"]}}],"collection":[{"href":"https:\/\/hijasdejesus.org\/pt-br\/wp-json\/wp\/v2\/posts"}],"about":[{"href":"https:\/\/hijasdejesus.org\/pt-br\/wp-json\/wp\/v2\/types\/post"}],"author":[{"embeddable":true,"href":"https:\/\/hijasdejesus.org\/pt-br\/wp-json\/wp\/v2\/users\/1"}],"replies":[{"embeddable":true,"href":"https:\/\/hijasdejesus.org\/pt-br\/wp-json\/wp\/v2\/comments?post=12278"}],"version-history":[{"count":2,"href":"https:\/\/hijasdejesus.org\/pt-br\/wp-json\/wp\/v2\/posts\/12278\/revisions"}],"predecessor-version":[{"id":32726,"href":"https:\/\/hijasdejesus.org\/pt-br\/wp-json\/wp\/v2\/posts\/12278\/revisions\/32726"}],"wp:attachment":[{"href":"https:\/\/hijasdejesus.org\/pt-br\/wp-json\/wp\/v2\/media?parent=12278"}],"wp:term":[{"taxonomy":"category","embeddable":true,"href":"https:\/\/hijasdejesus.org\/pt-br\/wp-json\/wp\/v2\/categories?post=12278"},{"taxonomy":"post_tag","embeddable":true,"href":"https:\/\/hijasdejesus.org\/pt-br\/wp-json\/wp\/v2\/tags?post=12278"}],"curies":[{"name":"wp","href":"https:\/\/api.w.org\/{rel}","templated":true}]}}