{"id":27495,"date":"2016-03-02T18:13:50","date_gmt":"2016-03-02T17:13:50","guid":{"rendered":"https:\/\/nueva.hijasdejesus.org\/entrelacando-experiencias-esbocando-futuro\/"},"modified":"2016-03-07T23:02:17","modified_gmt":"2016-03-07T22:02:17","slug":"entrelacando-experiencias-esbocando-futuro","status":"publish","type":"post","link":"https:\/\/hijasdejesus.org\/pt-br\/entrelacando-experiencias-esbocando-futuro\/","title":{"rendered":"ENTRELA\u00c7ANDO EXPERI\u00caNCIAS, ESBO\u00c7ANDO FUTURO"},"content":{"rendered":"<p>Algumas irm\u00e3s que professamos a partir de dezembro de 1989 nos encontramos em Madri para um dia tranquilo de encontro, ora\u00e7\u00e3o, partilha &#8230; Foi dia 20 de fevereiro.<br \/>No per\u00edodo da manh\u00e3 fizemos mem\u00f3ria do encontro de fevereiro do ano passado, orientado por Guadalupe Labrador, franciscana da Divina Pastora. Agora, as organizadoras \u00e9ramos Antonella, Bel\u00e9n e Ana Zubiri. Puxando o fio do novelo daquele encontro, escolhemos o tema: Tomar consci\u00eancia da import\u00e2ncia e influ\u00eancia de cada uma, e de nosso grupo, na vida e miss\u00e3o da Congrega\u00e7\u00e3o-Corpo. E intitulamos nosso encontro: Entrela\u00e7ando experi\u00eancias, esbo\u00e7ando futuro.<\/p>\n<p>O dia foi um presente.<br \/>Ajudou-nos a parar, a nos descobrir como filhas amadas e cuidadas, e a desvelar o sonho de Deus sobre n\u00f3s, que nos vincula pelo chamado neste carisma que a Madre C\u00e2ndida nos abriu. Sabemos que n\u00e3o \u00e9 f\u00e1cil nem objetiva nem subjetivamente. E queremos nos preparar desenvolver os dons; potencializar-nos para viver o que nos corresponde neste momento vital, com a alegria de quem vive sua voca\u00e7\u00e3o e faz crescer o grande presente de Deus para cada uma de n\u00f3s, e como grupo.<\/p>\n<p>E nos aproximamos a diferentes recantos, levadas pela m\u00e3o da Madre C\u00e2ndida, atrav\u00e9s da proposta de C\u00e9lia Amor\u00f3s no folheto que conhecemos: As Filhas de Jesus, hoje e suas origens..<\/p>\n<p>Diferentes rinc\u00f5es e diferentes perguntas pelas quais fomos passando, conforme nosso sentir as coisas internamente.<br \/>&#8211; A humilha\u00e7\u00e3o e a vulnerabilidade.<br \/>&#8211; N\u00e3o separes teu cora\u00e7\u00e3o do meu.<br \/>&#8211; Sou toda de Jesus. Dizei-me, meu Deus, que quereis que eu fa\u00e7a?<br \/>&#8211; Gosto de que estejam alegres no Senhor.<br \/>&#8211; As daqui s\u00e3o para internas e externas, ricas e pobres, aqui e ali, onde for para a maior gl\u00f3ria de Deus, pois \u00e9 seu lema.<br \/>&#8211; Deus \u00e9 nosso Pai e olhar\u00e1 por n\u00f3s.<br \/>&#8211; Como boas irm\u00e3s que somos, todas estamos para cuidar umas das outras.<br \/>&#8211; Ponho toda a esperan\u00e7a em ti, minha querid\u00edssima M\u00e3e.<\/p>\n<p>Depois, destacamos e entrela\u00e7amos o que poder\u00e1 nos ajudar para olhar o futuro atrav\u00e9s de diferentes perguntas, todas encaminhadas ao cora\u00e7\u00e3o dentro de um novelo:<br \/>&#8211; Onde colocamos nossa seguran\u00e7a, onde est\u00e1 a fonte de nosso \u00e2nimo?<br \/>&#8211; Como ajudar outras pessoas no processo de conhecer melhor Maria de Nazar\u00e9?<br \/>&#8211; Somos uma Congrega\u00e7\u00e3o, um grupo de mulheres de uni\u00e3o, de amor, de verdadeiro e frut\u00edfero apostolado?<br \/>&#8211; Como tentamos buscar e encontrar em cada coisa os sinais da salva\u00e7\u00e3o do Senhor, nas circunst\u00e2ncias atuais?<br \/>&#8211; Que significa para n\u00f3s, hoje, a humildade como atitude de Jesus que define o seguimento dele?<\/p>\n<p>Possibilitaram-nos uma conversa, nos tr\u00eas grupos organizados por cores: cinza, azul e verde. No final de cada novelo t\u00ednhamos um cora\u00e7\u00e3o com s\u00edmbolos de p\u00e9s, passos&#8230; nos quais coloc\u00e1vamos como<br \/>est\u00e1vamos nos sentindo, quais pistas de futuro poder\u00e3o se abrir em nossa vidas e quais desejamos aprofundar em encontros seguintes.<\/p>\n<p>Sentimentos destes momentos:<br \/>&#8211; Partilhamos com liberdade, nos sentimos escutadas com uma escuta ativa de umas para com as outras. Sentimos que pudemos compartilhar em sinceridade.<br \/>&#8211; Nos impulsionou a nos sentirmos unidas, falando de cora\u00e7\u00e3o com esperan\u00e7a, sentindo que h\u00e1 um sussurro que nos confirma.<\/p>\n<p>Na parte da tarde fizemos dois c\u00edrculos conc\u00eantricos e as irm\u00e3s de fora\u00a0 giravam depois de\u00a0 conversar com seu par sobre os temas:<br \/>1. Buscar o equilibro nas comunidades que possibilite a vida fraterna e a miss\u00e3o.<br \/>2. Como se situam as irm\u00e3s jovens ante esta situa\u00e7\u00e3o: muitas obras, peso institucional e serem chamadas a viver alegremente?<br \/>3. N\u00e3o est\u00e3o ajudando os r\u00f3tulos da Vida Religiosa. (Possivelmente tenham refer\u00eancia\u00a0 ao desconhecimento social e eclesial da VR). H\u00e1 r\u00f3tulos internos &#8211; r\u00f3tulos pessoais, preconceitos e ju\u00edzos inamov\u00edveis- que colocamos umas nas outras, e isso, pode causar um dano maior do que os r\u00f3tulos externos colocados na VR. Como enfrentar estas coisas?<br \/>4. Abrir as portas de nossos projetos de miss\u00e3o comum e incluir os leigos<br \/>5. Trabalhar a pastoral vocacional.<\/p>\n<p>Muitas conversas compartilhadas, palavras que evocavam viv\u00eancias, sentimentos e vontade de seguir adiante.<br \/>Terminamos com a celebra\u00e7\u00e3o da Palavra. Deixamos a experi\u00eancia repousar e expressamos com uma palavra, uma frase&#8230; a experi\u00eancia do dia.<br \/>E nos unimos com o mantra: Tua fidelidade \u00e9 grande, tua fidelidade incompar\u00e1vel \u00e9. Ningu\u00e9m como Tu, bendito Deus! Grande \u00e9 tua fidelidade.<br \/>Escutamos a narrativa do encontro de Maria de Magdala com Jesus Ressuscitado no qual houve l\u00e1grimas, esperan\u00e7a crucificada; mataram a vida; quais corpos embalsaremos&#8230; quais noites s\u00e3o as nossas, quais caminhos entre sombras&#8230; E ao escutar nossos nomes sentimos o chamado que nos convoca, e o Senhor nos convida e envia. Digam a eles: vimos o Senhor. Vimos o Senhor neste encontro.<br \/>Rezamos o Pai Nosso na l\u00edngua materna, ou naquela com a qual nos sentimos mais identificadas, agora, por nosso momento vital. Demo-nos a comunh\u00e3o e terminamos com o canto de Maria de Nazar\u00e9, m\u00e3e e disc\u00edpula de Jesus&#8230; Confiantes em que ela roga por n\u00f3s neste caminho.<br \/>Estamos j\u00e1 vislumbrando o pr\u00f3ximo encontro que ser\u00e1 animado por Enri, Ana Zubiri e Antonella.<\/p>\n","protected":false},"excerpt":{"rendered":"<p>Algumas irm\u00e3s que professamos a partir de dezembro de 1989 nos encontramos em Madri para um dia tranquilo de encontro, ora\u00e7\u00e3o, partilha &#8230; Foi dia 20 de fevereiro.No per\u00edodo da manh\u00e3 fizemos mem\u00f3ria do encontro de fevereiro do ano passado, orientado por Guadalupe Labrador, franciscana da Divina Pastora. Agora, as organizadoras \u00e9ramos Antonella, Bel\u00e9n e [&hellip;]<\/p>\n","protected":false},"author":28,"featured_media":6990,"comment_status":"closed","ping_status":"closed","sticky":false,"template":"","format":"standard","meta":{"_et_pb_use_builder":"","_et_pb_old_content":"","_et_gb_content_width":"","footnotes":"","_links_to":"","_links_to_target":""},"categories":[521,529,469],"tags":[],"class_list":["post-27495","post","type-post","status-publish","format-standard","has-post-thumbnail","hentry","category-espanha-italia","category-hijas-de-jesus-pt-br","category-noticias-pt-br"],"yoast_head":"<!-- This site is optimized with the Yoast SEO plugin v27.5 - https:\/\/yoast.com\/product\/yoast-seo-wordpress\/ -->\n<title>ENTRELA\u00c7ANDO EXPERI\u00caNCIAS, ESBO\u00c7ANDO FUTURO - Hijas de Jes\u00fas<\/title>\n<meta name=\"robots\" content=\"index, follow, max-snippet:-1, max-image-preview:large, max-video-preview:-1\" \/>\n<link rel=\"canonical\" href=\"https:\/\/hijasdejesus.org\/pt-br\/entrelacando-experiencias-esbocando-futuro\/\" \/>\n<meta property=\"og:locale\" content=\"pt_BR\" \/>\n<meta property=\"og:type\" content=\"article\" \/>\n<meta property=\"og:title\" content=\"ENTRELA\u00c7ANDO EXPERI\u00caNCIAS, ESBO\u00c7ANDO FUTURO - Hijas de Jes\u00fas\" \/>\n<meta property=\"og:description\" content=\"Algumas irm\u00e3s que professamos a partir de dezembro de 1989 nos encontramos em Madri para um dia tranquilo de encontro, ora\u00e7\u00e3o, partilha &#8230; Foi dia 20 de fevereiro.No per\u00edodo da manh\u00e3 fizemos mem\u00f3ria do encontro de fevereiro do ano passado, orientado por Guadalupe Labrador, franciscana da Divina Pastora. Agora, as organizadoras \u00e9ramos Antonella, Bel\u00e9n e [&hellip;]\" \/>\n<meta property=\"og:url\" content=\"https:\/\/hijasdejesus.org\/pt-br\/entrelacando-experiencias-esbocando-futuro\/\" \/>\n<meta property=\"og:site_name\" content=\"Hijas de Jes\u00fas\" \/>\n<meta property=\"article:publisher\" content=\"https:\/\/www.facebook.com\/hijasdejesusenelmundo\/\" \/>\n<meta property=\"article:published_time\" content=\"2016-03-02T17:13:50+00:00\" \/>\n<meta property=\"article:modified_time\" content=\"2016-03-07T22:02:17+00:00\" \/>\n<meta property=\"og:image\" content=\"https:\/\/hijasdejesus.org\/wp-content\/uploads\/2016\/03\/encuentro_9011.jpg\" \/>\n\t<meta property=\"og:image:width\" content=\"1296\" \/>\n\t<meta property=\"og:image:height\" content=\"782\" \/>\n\t<meta property=\"og:image:type\" content=\"image\/jpeg\" \/>\n<meta name=\"author\" content=\"Webmaster\" \/>\n<meta name=\"twitter:card\" content=\"summary_large_image\" \/>\n<meta name=\"twitter:creator\" content=\"@hijasdjesus\" \/>\n<meta name=\"twitter:site\" content=\"@hijasdjesus\" \/>\n<meta name=\"twitter:label1\" content=\"Escrito por\" \/>\n\t<meta name=\"twitter:data1\" content=\"Webmaster\" \/>\n\t<meta name=\"twitter:label2\" content=\"Est. tempo de leitura\" \/>\n\t<meta name=\"twitter:data2\" content=\"5 minutos\" \/>\n<script type=\"application\/ld+json\" class=\"yoast-schema-graph\">{\"@context\":\"https:\\\/\\\/schema.org\",\"@graph\":[{\"@type\":\"Article\",\"@id\":\"https:\\\/\\\/hijasdejesus.org\\\/pt-br\\\/entrelacando-experiencias-esbocando-futuro\\\/#article\",\"isPartOf\":{\"@id\":\"https:\\\/\\\/hijasdejesus.org\\\/pt-br\\\/entrelacando-experiencias-esbocando-futuro\\\/\"},\"author\":{\"name\":\"Webmaster\",\"@id\":\"https:\\\/\\\/hijasdejesus.org\\\/pt-br\\\/#\\\/schema\\\/person\\\/ce4455965da733f2791f23b6ec14e9b6\"},\"headline\":\"ENTRELA\u00c7ANDO EXPERI\u00caNCIAS, ESBO\u00c7ANDO FUTURO\",\"datePublished\":\"2016-03-02T17:13:50+00:00\",\"dateModified\":\"2016-03-07T22:02:17+00:00\",\"mainEntityOfPage\":{\"@id\":\"https:\\\/\\\/hijasdejesus.org\\\/pt-br\\\/entrelacando-experiencias-esbocando-futuro\\\/\"},\"wordCount\":907,\"publisher\":{\"@id\":\"https:\\\/\\\/hijasdejesus.org\\\/pt-br\\\/#organization\"},\"image\":{\"@id\":\"https:\\\/\\\/hijasdejesus.org\\\/pt-br\\\/entrelacando-experiencias-esbocando-futuro\\\/#primaryimage\"},\"thumbnailUrl\":\"https:\\\/\\\/hijasdejesus.org\\\/wp-content\\\/uploads\\\/2016\\\/03\\\/encuentro_9011.jpg\",\"articleSection\":[\"Espanha-It\u00e1lia\",\"Hijas de Jes\u00fas\",\"Not\u00edcias\"],\"inLanguage\":\"pt-BR\"},{\"@type\":\"WebPage\",\"@id\":\"https:\\\/\\\/hijasdejesus.org\\\/pt-br\\\/entrelacando-experiencias-esbocando-futuro\\\/\",\"url\":\"https:\\\/\\\/hijasdejesus.org\\\/pt-br\\\/entrelacando-experiencias-esbocando-futuro\\\/\",\"name\":\"ENTRELA\u00c7ANDO EXPERI\u00caNCIAS, ESBO\u00c7ANDO FUTURO - Hijas de Jes\u00fas\",\"isPartOf\":{\"@id\":\"https:\\\/\\\/hijasdejesus.org\\\/pt-br\\\/#website\"},\"primaryImageOfPage\":{\"@id\":\"https:\\\/\\\/hijasdejesus.org\\\/pt-br\\\/entrelacando-experiencias-esbocando-futuro\\\/#primaryimage\"},\"image\":{\"@id\":\"https:\\\/\\\/hijasdejesus.org\\\/pt-br\\\/entrelacando-experiencias-esbocando-futuro\\\/#primaryimage\"},\"thumbnailUrl\":\"https:\\\/\\\/hijasdejesus.org\\\/wp-content\\\/uploads\\\/2016\\\/03\\\/encuentro_9011.jpg\",\"datePublished\":\"2016-03-02T17:13:50+00:00\",\"dateModified\":\"2016-03-07T22:02:17+00:00\",\"breadcrumb\":{\"@id\":\"https:\\\/\\\/hijasdejesus.org\\\/pt-br\\\/entrelacando-experiencias-esbocando-futuro\\\/#breadcrumb\"},\"inLanguage\":\"pt-BR\",\"potentialAction\":[{\"@type\":\"ReadAction\",\"target\":[\"https:\\\/\\\/hijasdejesus.org\\\/pt-br\\\/entrelacando-experiencias-esbocando-futuro\\\/\"]}]},{\"@type\":\"ImageObject\",\"inLanguage\":\"pt-BR\",\"@id\":\"https:\\\/\\\/hijasdejesus.org\\\/pt-br\\\/entrelacando-experiencias-esbocando-futuro\\\/#primaryimage\",\"url\":\"https:\\\/\\\/hijasdejesus.org\\\/wp-content\\\/uploads\\\/2016\\\/03\\\/encuentro_9011.jpg\",\"contentUrl\":\"https:\\\/\\\/hijasdejesus.org\\\/wp-content\\\/uploads\\\/2016\\\/03\\\/encuentro_9011.jpg\",\"width\":1296,\"height\":782},{\"@type\":\"BreadcrumbList\",\"@id\":\"https:\\\/\\\/hijasdejesus.org\\\/pt-br\\\/entrelacando-experiencias-esbocando-futuro\\\/#breadcrumb\",\"itemListElement\":[{\"@type\":\"ListItem\",\"position\":1,\"name\":\"Portada\",\"item\":\"https:\\\/\\\/hijasdejesus.org\\\/pt-br\\\/\"},{\"@type\":\"ListItem\",\"position\":2,\"name\":\"ENTRELA\u00c7ANDO EXPERI\u00caNCIAS, ESBO\u00c7ANDO FUTURO\"}]},{\"@type\":\"WebSite\",\"@id\":\"https:\\\/\\\/hijasdejesus.org\\\/pt-br\\\/#website\",\"url\":\"https:\\\/\\\/hijasdejesus.org\\\/pt-br\\\/\",\"name\":\"Hijas de Jes\u00fas\",\"description\":\"Despertamos a Jes\u00fas en el coraz\u00f3n, sacando lo mejor de las personas. Somos una congregaci\u00f3n religiosa ignaciana fundada por la Madre Candida\",\"publisher\":{\"@id\":\"https:\\\/\\\/hijasdejesus.org\\\/pt-br\\\/#organization\"},\"potentialAction\":[{\"@type\":\"SearchAction\",\"target\":{\"@type\":\"EntryPoint\",\"urlTemplate\":\"https:\\\/\\\/hijasdejesus.org\\\/pt-br\\\/?s={search_term_string}\"},\"query-input\":{\"@type\":\"PropertyValueSpecification\",\"valueRequired\":true,\"valueName\":\"search_term_string\"}}],\"inLanguage\":\"pt-BR\"},{\"@type\":\"Organization\",\"@id\":\"https:\\\/\\\/hijasdejesus.org\\\/pt-br\\\/#organization\",\"name\":\"Hijas de Jes\u00fas\",\"url\":\"https:\\\/\\\/hijasdejesus.org\\\/pt-br\\\/\",\"logo\":{\"@type\":\"ImageObject\",\"inLanguage\":\"pt-BR\",\"@id\":\"https:\\\/\\\/hijasdejesus.org\\\/pt-br\\\/#\\\/schema\\\/logo\\\/image\\\/\",\"url\":\"https:\\\/\\\/hijasdejesus.org\\\/wp-content\\\/uploads\\\/2023\\\/01\\\/Hijas-de-Jesus_hor-A7C957.png\",\"contentUrl\":\"https:\\\/\\\/hijasdejesus.org\\\/wp-content\\\/uploads\\\/2023\\\/01\\\/Hijas-de-Jesus_hor-A7C957.png\",\"width\":700,\"height\":360,\"caption\":\"Hijas de Jes\u00fas\"},\"image\":{\"@id\":\"https:\\\/\\\/hijasdejesus.org\\\/pt-br\\\/#\\\/schema\\\/logo\\\/image\\\/\"},\"sameAs\":[\"https:\\\/\\\/www.facebook.com\\\/hijasdejesusenelmundo\\\/\",\"https:\\\/\\\/x.com\\\/hijasdjesus\"]},{\"@type\":\"Person\",\"@id\":\"https:\\\/\\\/hijasdejesus.org\\\/pt-br\\\/#\\\/schema\\\/person\\\/ce4455965da733f2791f23b6ec14e9b6\",\"name\":\"Webmaster\",\"image\":{\"@type\":\"ImageObject\",\"inLanguage\":\"pt-BR\",\"@id\":\"https:\\\/\\\/secure.gravatar.com\\\/avatar\\\/cfd0acaac86c3981d541d2e99a0ffb7b6d33a5ac8989a62f5518b9e0f7ee128a?s=96&d=mm&r=g\",\"url\":\"https:\\\/\\\/secure.gravatar.com\\\/avatar\\\/cfd0acaac86c3981d541d2e99a0ffb7b6d33a5ac8989a62f5518b9e0f7ee128a?s=96&d=mm&r=g\",\"contentUrl\":\"https:\\\/\\\/secure.gravatar.com\\\/avatar\\\/cfd0acaac86c3981d541d2e99a0ffb7b6d33a5ac8989a62f5518b9e0f7ee128a?s=96&d=mm&r=g\",\"caption\":\"Webmaster\"},\"url\":\"https:\\\/\\\/hijasdejesus.org\\\/pt-br\\\/author\\\/webmaster\\\/\"}]}<\/script>\n<!-- \/ Yoast SEO plugin. -->","yoast_head_json":{"title":"ENTRELA\u00c7ANDO EXPERI\u00caNCIAS, ESBO\u00c7ANDO FUTURO - Hijas de Jes\u00fas","robots":{"index":"index","follow":"follow","max-snippet":"max-snippet:-1","max-image-preview":"max-image-preview:large","max-video-preview":"max-video-preview:-1"},"canonical":"https:\/\/hijasdejesus.org\/pt-br\/entrelacando-experiencias-esbocando-futuro\/","og_locale":"pt_BR","og_type":"article","og_title":"ENTRELA\u00c7ANDO EXPERI\u00caNCIAS, ESBO\u00c7ANDO FUTURO - Hijas de Jes\u00fas","og_description":"Algumas irm\u00e3s que professamos a partir de dezembro de 1989 nos encontramos em Madri para um dia tranquilo de encontro, ora\u00e7\u00e3o, partilha &#8230; Foi dia 20 de fevereiro.No per\u00edodo da manh\u00e3 fizemos mem\u00f3ria do encontro de fevereiro do ano passado, orientado por Guadalupe Labrador, franciscana da Divina Pastora. Agora, as organizadoras \u00e9ramos Antonella, Bel\u00e9n e [&hellip;]","og_url":"https:\/\/hijasdejesus.org\/pt-br\/entrelacando-experiencias-esbocando-futuro\/","og_site_name":"Hijas de Jes\u00fas","article_publisher":"https:\/\/www.facebook.com\/hijasdejesusenelmundo\/","article_published_time":"2016-03-02T17:13:50+00:00","article_modified_time":"2016-03-07T22:02:17+00:00","og_image":[{"width":1296,"height":782,"url":"https:\/\/hijasdejesus.org\/wp-content\/uploads\/2016\/03\/encuentro_9011.jpg","type":"image\/jpeg"}],"author":"Webmaster","twitter_card":"summary_large_image","twitter_creator":"@hijasdjesus","twitter_site":"@hijasdjesus","twitter_misc":{"Escrito por":"Webmaster","Est. tempo de leitura":"5 minutos"},"schema":{"@context":"https:\/\/schema.org","@graph":[{"@type":"Article","@id":"https:\/\/hijasdejesus.org\/pt-br\/entrelacando-experiencias-esbocando-futuro\/#article","isPartOf":{"@id":"https:\/\/hijasdejesus.org\/pt-br\/entrelacando-experiencias-esbocando-futuro\/"},"author":{"name":"Webmaster","@id":"https:\/\/hijasdejesus.org\/pt-br\/#\/schema\/person\/ce4455965da733f2791f23b6ec14e9b6"},"headline":"ENTRELA\u00c7ANDO EXPERI\u00caNCIAS, ESBO\u00c7ANDO FUTURO","datePublished":"2016-03-02T17:13:50+00:00","dateModified":"2016-03-07T22:02:17+00:00","mainEntityOfPage":{"@id":"https:\/\/hijasdejesus.org\/pt-br\/entrelacando-experiencias-esbocando-futuro\/"},"wordCount":907,"publisher":{"@id":"https:\/\/hijasdejesus.org\/pt-br\/#organization"},"image":{"@id":"https:\/\/hijasdejesus.org\/pt-br\/entrelacando-experiencias-esbocando-futuro\/#primaryimage"},"thumbnailUrl":"https:\/\/hijasdejesus.org\/wp-content\/uploads\/2016\/03\/encuentro_9011.jpg","articleSection":["Espanha-It\u00e1lia","Hijas de Jes\u00fas","Not\u00edcias"],"inLanguage":"pt-BR"},{"@type":"WebPage","@id":"https:\/\/hijasdejesus.org\/pt-br\/entrelacando-experiencias-esbocando-futuro\/","url":"https:\/\/hijasdejesus.org\/pt-br\/entrelacando-experiencias-esbocando-futuro\/","name":"ENTRELA\u00c7ANDO EXPERI\u00caNCIAS, ESBO\u00c7ANDO FUTURO - Hijas de Jes\u00fas","isPartOf":{"@id":"https:\/\/hijasdejesus.org\/pt-br\/#website"},"primaryImageOfPage":{"@id":"https:\/\/hijasdejesus.org\/pt-br\/entrelacando-experiencias-esbocando-futuro\/#primaryimage"},"image":{"@id":"https:\/\/hijasdejesus.org\/pt-br\/entrelacando-experiencias-esbocando-futuro\/#primaryimage"},"thumbnailUrl":"https:\/\/hijasdejesus.org\/wp-content\/uploads\/2016\/03\/encuentro_9011.jpg","datePublished":"2016-03-02T17:13:50+00:00","dateModified":"2016-03-07T22:02:17+00:00","breadcrumb":{"@id":"https:\/\/hijasdejesus.org\/pt-br\/entrelacando-experiencias-esbocando-futuro\/#breadcrumb"},"inLanguage":"pt-BR","potentialAction":[{"@type":"ReadAction","target":["https:\/\/hijasdejesus.org\/pt-br\/entrelacando-experiencias-esbocando-futuro\/"]}]},{"@type":"ImageObject","inLanguage":"pt-BR","@id":"https:\/\/hijasdejesus.org\/pt-br\/entrelacando-experiencias-esbocando-futuro\/#primaryimage","url":"https:\/\/hijasdejesus.org\/wp-content\/uploads\/2016\/03\/encuentro_9011.jpg","contentUrl":"https:\/\/hijasdejesus.org\/wp-content\/uploads\/2016\/03\/encuentro_9011.jpg","width":1296,"height":782},{"@type":"BreadcrumbList","@id":"https:\/\/hijasdejesus.org\/pt-br\/entrelacando-experiencias-esbocando-futuro\/#breadcrumb","itemListElement":[{"@type":"ListItem","position":1,"name":"Portada","item":"https:\/\/hijasdejesus.org\/pt-br\/"},{"@type":"ListItem","position":2,"name":"ENTRELA\u00c7ANDO EXPERI\u00caNCIAS, ESBO\u00c7ANDO FUTURO"}]},{"@type":"WebSite","@id":"https:\/\/hijasdejesus.org\/pt-br\/#website","url":"https:\/\/hijasdejesus.org\/pt-br\/","name":"Hijas de Jes\u00fas","description":"Despertamos a Jes\u00fas en el coraz\u00f3n, sacando lo mejor de las personas. Somos una congregaci\u00f3n religiosa ignaciana fundada por la Madre Candida","publisher":{"@id":"https:\/\/hijasdejesus.org\/pt-br\/#organization"},"potentialAction":[{"@type":"SearchAction","target":{"@type":"EntryPoint","urlTemplate":"https:\/\/hijasdejesus.org\/pt-br\/?s={search_term_string}"},"query-input":{"@type":"PropertyValueSpecification","valueRequired":true,"valueName":"search_term_string"}}],"inLanguage":"pt-BR"},{"@type":"Organization","@id":"https:\/\/hijasdejesus.org\/pt-br\/#organization","name":"Hijas de Jes\u00fas","url":"https:\/\/hijasdejesus.org\/pt-br\/","logo":{"@type":"ImageObject","inLanguage":"pt-BR","@id":"https:\/\/hijasdejesus.org\/pt-br\/#\/schema\/logo\/image\/","url":"https:\/\/hijasdejesus.org\/wp-content\/uploads\/2023\/01\/Hijas-de-Jesus_hor-A7C957.png","contentUrl":"https:\/\/hijasdejesus.org\/wp-content\/uploads\/2023\/01\/Hijas-de-Jesus_hor-A7C957.png","width":700,"height":360,"caption":"Hijas de Jes\u00fas"},"image":{"@id":"https:\/\/hijasdejesus.org\/pt-br\/#\/schema\/logo\/image\/"},"sameAs":["https:\/\/www.facebook.com\/hijasdejesusenelmundo\/","https:\/\/x.com\/hijasdjesus"]},{"@type":"Person","@id":"https:\/\/hijasdejesus.org\/pt-br\/#\/schema\/person\/ce4455965da733f2791f23b6ec14e9b6","name":"Webmaster","image":{"@type":"ImageObject","inLanguage":"pt-BR","@id":"https:\/\/secure.gravatar.com\/avatar\/cfd0acaac86c3981d541d2e99a0ffb7b6d33a5ac8989a62f5518b9e0f7ee128a?s=96&d=mm&r=g","url":"https:\/\/secure.gravatar.com\/avatar\/cfd0acaac86c3981d541d2e99a0ffb7b6d33a5ac8989a62f5518b9e0f7ee128a?s=96&d=mm&r=g","contentUrl":"https:\/\/secure.gravatar.com\/avatar\/cfd0acaac86c3981d541d2e99a0ffb7b6d33a5ac8989a62f5518b9e0f7ee128a?s=96&d=mm&r=g","caption":"Webmaster"},"url":"https:\/\/hijasdejesus.org\/pt-br\/author\/webmaster\/"}]}},"_links":{"self":[{"href":"https:\/\/hijasdejesus.org\/pt-br\/wp-json\/wp\/v2\/posts\/27495","targetHints":{"allow":["GET"]}}],"collection":[{"href":"https:\/\/hijasdejesus.org\/pt-br\/wp-json\/wp\/v2\/posts"}],"about":[{"href":"https:\/\/hijasdejesus.org\/pt-br\/wp-json\/wp\/v2\/types\/post"}],"author":[{"embeddable":true,"href":"https:\/\/hijasdejesus.org\/pt-br\/wp-json\/wp\/v2\/users\/28"}],"replies":[{"embeddable":true,"href":"https:\/\/hijasdejesus.org\/pt-br\/wp-json\/wp\/v2\/comments?post=27495"}],"version-history":[{"count":0,"href":"https:\/\/hijasdejesus.org\/pt-br\/wp-json\/wp\/v2\/posts\/27495\/revisions"}],"wp:featuredmedia":[{"embeddable":true,"href":"https:\/\/hijasdejesus.org\/pt-br\/wp-json\/wp\/v2\/media\/6990"}],"wp:attachment":[{"href":"https:\/\/hijasdejesus.org\/pt-br\/wp-json\/wp\/v2\/media?parent=27495"}],"wp:term":[{"taxonomy":"category","embeddable":true,"href":"https:\/\/hijasdejesus.org\/pt-br\/wp-json\/wp\/v2\/categories?post=27495"},{"taxonomy":"post_tag","embeddable":true,"href":"https:\/\/hijasdejesus.org\/pt-br\/wp-json\/wp\/v2\/tags?post=27495"}],"curies":[{"name":"wp","href":"https:\/\/api.w.org\/{rel}","templated":true}]}}