{"id":27540,"date":"2016-03-29T19:00:01","date_gmt":"2016-03-29T17:00:01","guid":{"rendered":"https:\/\/nueva.hijasdejesus.org\/o-dinamismo-pascal-da-vida-humana\/"},"modified":"2016-03-29T19:00:01","modified_gmt":"2016-03-29T17:00:01","slug":"o-dinamismo-pascal-da-vida-humana","status":"publish","type":"post","link":"https:\/\/hijasdejesus.org\/pt-br\/o-dinamismo-pascal-da-vida-humana\/","title":{"rendered":"O dinamismo pascal da vida humana"},"content":{"rendered":"<\/p>\n<p>No umbral da Semana Santa, escrevo refletindo sobre como o Mist\u00e9rio Pascal, centro da f\u00e9 crist\u00e3, imprime na verdade sua marca ao movimento de toda a vida humana. Acostumamo-nos a uma vis\u00e3o invertida deste movimento.\u00a0 Dizemos: tudo que nasce morre; para morrer, basta estar vivo.\u00a0 Mas, na verdade, n\u00e3o percebemos que a frase deveria ser dita de outra maneira: tudo que morre vive; os mortos andam mais vivos que nunca.<br \/>Temos para alimentar nossa reflex\u00e3o alguns casos inspiradores. O mundo amanheceu nesta ter\u00e7a-feira, dia 22 de mar\u00e7o, com a terr\u00edvel not\u00edcia dos atentados de Bruxelas. Novamente o grupo terrorista ISIS reivindicou a autoria e integrantes de suas fileiras se explodiram ao mesmo tempo em que explodiam algumas dezenas de vidas e feriam muitas outras mais. Aeroportos e metr\u00f4s passaram a ser lugares de medo, onde o terror pode estar \u00e0 espreita em qualquer vag\u00e3o, tornando a tens\u00e3o insuport\u00e1vel.<br \/>E, no entanto, como \u00e9 bonito ver a solidariedade de toda uma cidade &#8211; a bela capital belga &#8211;\u00a0 com as pessoas que, devido aos atentados, n\u00e3o puderam viajar e n\u00e3o t\u00eam onde ficar. Abriram suas casas, seus cora\u00e7\u00f5es, sua presen\u00e7a, seus recursos. O medo n\u00e3o tem a \u00faltima palavra, mas a solidariedade ao outro sim. E sem esquecer a dor e o luto causados pelos atentados podemos respirar, olhar-nos nos olhos e dizer: como \u00e9 grande a obra de Deus no ser humano!<br \/>O Brasil vive uma longa Sexta-feira Santa j\u00e1 h\u00e1 algum tempo. O pa\u00eds parece sem rumo, perdido e desorientado. Os \u00edndices nunca estiveram t\u00e3o ruins, as den\u00fancias de corrup\u00e7\u00e3o nunca foram t\u00e3o agudas. Os \u00e2nimos se acirram por todos os lados e sente-se cheiro de inimizade, de intoler\u00e2ncia e at\u00e9 de \u00f3dio nas rela\u00e7\u00f5es entre pessoas que antes pareciam amigas. <br \/>O clima \u00e9 pesado, assustador. A amea\u00e7a de golpe paira no ar. Ao mesmo tempo, o cansa\u00e7o de parte da popula\u00e7\u00e3o \u00e9 compreens\u00edvel. O desemprego aumentou, o sal\u00e1rio encolheu, o pa\u00eds parece \u00e0 deriva. E cada dela\u00e7\u00e3o premiada traz novas surpresas nada agrad\u00e1veis, que contribuem para o clima de sempre maior pessimismo. Ambiente de persegui\u00e7\u00e3o, de paix\u00e3o, de viol\u00eancia.<br \/>E, no entanto, os sinais de vida brotam do seio de toda essa lama, essa incerteza, esse temor. Ad\u00e9lia Prado, poetisa maior, ao final de um evento de poesia convoca seu p\u00fablico a rezar. Busca uma ora\u00e7\u00e3o que seja agrad\u00e1vel a todas as religi\u00f5es. E d\u00e1 in\u00edcio a um Pai-Nosso que, acompanhado por todos, termina em l\u00e1grimas da poeta e dos que a acompanham. Reza pelo Brasil e sua f\u00e9 \u00e9 contagiante.<br \/>A Santa S\u00e9 organiza um evento nas Na\u00e7\u00f5es Unidas para refletir e denunciar a viol\u00eancia contra a mulher. Ouvem-se hist\u00f3rias incr\u00edveis de meninas violadas continuamente dentro e fora da fam\u00edlia, na \u00c1frica e no Oriente M\u00e9dio. Com PowerPoint mostra-se uma realidade em que a mulher \u00e9 moeda de troca, menos que uma mercadoria, pois \u00e9 obrigada a ser virgem para poder casar e \u00e9 violada para for\u00e7ar \u00e0s vezes um casamento que n\u00e3o deseja, mas \u00e9 aprovado pela fam\u00edlia porque o pretendente tem vacas para pagar o dote. E por causa das vacas vai-se o equil\u00edbrio mental e emocional, o futuro, a vida enfim de uma jovem na flor de seus quatorze, quinze anos. <br \/>Ao lado disso e respondendo a isso est\u00e1 o trabalho de duas mulheres: uma religiosa e uma leiga, uma de Uganda, outra do Congo, que dedicam a vida a recuperar essas meninas e conseguem verdadeiros milagres. A essas que chegam \u00e0s suas m\u00e3os ap\u00f3s terem sido violadas, muitas vezes por homens diferentes e n\u00e3o se sentem mais acolhidas em lugar algum, fazem reencontrar o caminho da vida, da serenidade. Abrem a elas um futuro ao lado dos filhos que geraram e pelos quais antes sentiam repulsa e rejei\u00e7\u00e3o.\u00a0\u00a0 <br \/>As agress\u00f5es da morte s\u00e3o respondidas com gestos de vida e de amor. Este \u00e9 o dinamismo pascal da vida humana. A morte jamais ter\u00e1 a \u00faltima palavra. O ser humano \u00e9 capaz de in\u00fameras crueldades, mas nunca estas ser\u00e3o mais fortes que a gra\u00e7a e o amor que o sustentam e inspiram <br \/>Na noite do pr\u00f3ximo s\u00e1bado, iremos todos cantar a &#8220;noite de alegria verdadeira, em que se uniu o c\u00e9u \u00e0 terra inteira&#8221;, a noite que viu emergir das trevas da morte Jesus de Nazar\u00e9, morto pela teocracia judaica e pela pax romana, em sinistra alian\u00e7a contra seu projeto do Reino de Deus. Ao sil\u00eancio tenebroso que se seguiu ao grito do Crucificado seguiu-se o ressoar tonitruante da Palavra Interpretativa do Pai: Este \u00e9 o meu Filho. A morte n\u00e3o o ret\u00e9m em seu poder, porque maior do que ela \u00e9 meu Amor.<br \/>\u00c9 um convite a confiar: a luz vence as trevas, a vida sobrep\u00f5e-se \u00e0 morte, o amor \u00e9 mais forte que tudo, o bem triunfa sobre o mal. Porque, como diz o bel\u00edssimo texto do Prec\u00f4nio Pascal, &#8220;esta noite lava todo o crime\/ liberta o pecador dos seus grilh\u00f5es\/ Dissipa o \u00f3dio e dobra os poderosos\/ enche de luz e paz os cora\u00e7\u00f5es&#8221;.<\/p>\n<p style=\"text-align: center;\">Por Maria Clara Bingemer<br \/>Publicado em <strong><a href=\"http:\/\/www.domtotal.com\/colunas\/detalhes.php?artId=5817\" target=\"_blank\" rel=\"noopener\">Bom Total<\/a><\/strong><\/p>\n","protected":false},"excerpt":{"rendered":"<p>No umbral da Semana Santa, escrevo refletindo sobre como o Mist\u00e9rio Pascal, centro da f\u00e9 crist\u00e3, imprime na verdade sua marca ao movimento de toda a vida humana. Acostumamo-nos a uma vis\u00e3o invertida deste movimento.\u00a0 Dizemos: tudo que nasce morre; para morrer, basta estar vivo.\u00a0 Mas, na verdade, n\u00e3o percebemos que a frase deveria ser [&hellip;]<\/p>\n","protected":false},"author":28,"featured_media":7072,"comment_status":"","ping_status":"closed","sticky":false,"template":"","format":"standard","meta":{"_et_pb_use_builder":"","_et_pb_old_content":"","_et_gb_content_width":"","footnotes":"","_links_to":"","_links_to_target":""},"categories":[413],"tags":[437],"class_list":["post-27540","post","type-post","status-publish","format-standard","has-post-thumbnail","hentry","category-noticia","tag-igreja"],"yoast_head":"<!-- This site is optimized with the Yoast SEO plugin v27.5 - https:\/\/yoast.com\/product\/yoast-seo-wordpress\/ -->\n<title>O dinamismo pascal da vida humana - Hijas de Jes\u00fas<\/title>\n<meta name=\"robots\" content=\"index, follow, max-snippet:-1, max-image-preview:large, max-video-preview:-1\" \/>\n<link rel=\"canonical\" href=\"https:\/\/hijasdejesus.org\/pt-br\/o-dinamismo-pascal-da-vida-humana\/\" \/>\n<meta property=\"og:locale\" content=\"pt_BR\" \/>\n<meta property=\"og:type\" content=\"article\" \/>\n<meta property=\"og:title\" content=\"O dinamismo pascal da vida humana - Hijas de Jes\u00fas\" \/>\n<meta property=\"og:description\" content=\"No umbral da Semana Santa, escrevo refletindo sobre como o Mist\u00e9rio Pascal, centro da f\u00e9 crist\u00e3, imprime na verdade sua marca ao movimento de toda a vida humana. Acostumamo-nos a uma vis\u00e3o invertida deste movimento.\u00a0 Dizemos: tudo que nasce morre; para morrer, basta estar vivo.\u00a0 Mas, na verdade, n\u00e3o percebemos que a frase deveria ser [&hellip;]\" \/>\n<meta property=\"og:url\" content=\"https:\/\/hijasdejesus.org\/pt-br\/o-dinamismo-pascal-da-vida-humana\/\" \/>\n<meta property=\"og:site_name\" content=\"Hijas de Jes\u00fas\" \/>\n<meta property=\"article:publisher\" content=\"https:\/\/www.facebook.com\/hijasdejesusenelmundo\/\" \/>\n<meta property=\"article:published_time\" content=\"2016-03-29T17:00:01+00:00\" \/>\n<meta property=\"og:image\" content=\"https:\/\/hijasdejesus.org\/wp-content\/uploads\/2016\/03\/pais.jpg\" \/>\n\t<meta property=\"og:image:width\" content=\"610\" \/>\n\t<meta property=\"og:image:height\" content=\"343\" \/>\n\t<meta property=\"og:image:type\" content=\"image\/jpeg\" \/>\n<meta name=\"author\" content=\"Webmaster\" \/>\n<meta name=\"twitter:card\" content=\"summary_large_image\" \/>\n<meta name=\"twitter:creator\" content=\"@hijasdjesus\" \/>\n<meta name=\"twitter:site\" content=\"@hijasdjesus\" \/>\n<meta name=\"twitter:label1\" content=\"Escrito por\" \/>\n\t<meta name=\"twitter:data1\" content=\"Webmaster\" \/>\n\t<meta name=\"twitter:label2\" content=\"Est. tempo de leitura\" \/>\n\t<meta name=\"twitter:data2\" content=\"4 minutos\" \/>\n<script type=\"application\/ld+json\" class=\"yoast-schema-graph\">{\"@context\":\"https:\\\/\\\/schema.org\",\"@graph\":[{\"@type\":\"Article\",\"@id\":\"https:\\\/\\\/hijasdejesus.org\\\/pt-br\\\/o-dinamismo-pascal-da-vida-humana\\\/#article\",\"isPartOf\":{\"@id\":\"https:\\\/\\\/hijasdejesus.org\\\/pt-br\\\/o-dinamismo-pascal-da-vida-humana\\\/\"},\"author\":{\"name\":\"Webmaster\",\"@id\":\"https:\\\/\\\/hijasdejesus.org\\\/pt-br\\\/#\\\/schema\\\/person\\\/ce4455965da733f2791f23b6ec14e9b6\"},\"headline\":\"O dinamismo pascal da vida humana\",\"datePublished\":\"2016-03-29T17:00:01+00:00\",\"mainEntityOfPage\":{\"@id\":\"https:\\\/\\\/hijasdejesus.org\\\/pt-br\\\/o-dinamismo-pascal-da-vida-humana\\\/\"},\"wordCount\":900,\"publisher\":{\"@id\":\"https:\\\/\\\/hijasdejesus.org\\\/pt-br\\\/#organization\"},\"image\":{\"@id\":\"https:\\\/\\\/hijasdejesus.org\\\/pt-br\\\/o-dinamismo-pascal-da-vida-humana\\\/#primaryimage\"},\"thumbnailUrl\":\"https:\\\/\\\/hijasdejesus.org\\\/wp-content\\\/uploads\\\/2016\\\/03\\\/pais.jpg\",\"keywords\":[\"Igreja\"],\"articleSection\":[\"Not\u00edcia\"],\"inLanguage\":\"pt-BR\"},{\"@type\":\"WebPage\",\"@id\":\"https:\\\/\\\/hijasdejesus.org\\\/pt-br\\\/o-dinamismo-pascal-da-vida-humana\\\/\",\"url\":\"https:\\\/\\\/hijasdejesus.org\\\/pt-br\\\/o-dinamismo-pascal-da-vida-humana\\\/\",\"name\":\"O dinamismo pascal da vida humana - Hijas de Jes\u00fas\",\"isPartOf\":{\"@id\":\"https:\\\/\\\/hijasdejesus.org\\\/pt-br\\\/#website\"},\"primaryImageOfPage\":{\"@id\":\"https:\\\/\\\/hijasdejesus.org\\\/pt-br\\\/o-dinamismo-pascal-da-vida-humana\\\/#primaryimage\"},\"image\":{\"@id\":\"https:\\\/\\\/hijasdejesus.org\\\/pt-br\\\/o-dinamismo-pascal-da-vida-humana\\\/#primaryimage\"},\"thumbnailUrl\":\"https:\\\/\\\/hijasdejesus.org\\\/wp-content\\\/uploads\\\/2016\\\/03\\\/pais.jpg\",\"datePublished\":\"2016-03-29T17:00:01+00:00\",\"breadcrumb\":{\"@id\":\"https:\\\/\\\/hijasdejesus.org\\\/pt-br\\\/o-dinamismo-pascal-da-vida-humana\\\/#breadcrumb\"},\"inLanguage\":\"pt-BR\",\"potentialAction\":[{\"@type\":\"ReadAction\",\"target\":[\"https:\\\/\\\/hijasdejesus.org\\\/pt-br\\\/o-dinamismo-pascal-da-vida-humana\\\/\"]}]},{\"@type\":\"ImageObject\",\"inLanguage\":\"pt-BR\",\"@id\":\"https:\\\/\\\/hijasdejesus.org\\\/pt-br\\\/o-dinamismo-pascal-da-vida-humana\\\/#primaryimage\",\"url\":\"https:\\\/\\\/hijasdejesus.org\\\/wp-content\\\/uploads\\\/2016\\\/03\\\/pais.jpg\",\"contentUrl\":\"https:\\\/\\\/hijasdejesus.org\\\/wp-content\\\/uploads\\\/2016\\\/03\\\/pais.jpg\",\"width\":610,\"height\":343},{\"@type\":\"BreadcrumbList\",\"@id\":\"https:\\\/\\\/hijasdejesus.org\\\/pt-br\\\/o-dinamismo-pascal-da-vida-humana\\\/#breadcrumb\",\"itemListElement\":[{\"@type\":\"ListItem\",\"position\":1,\"name\":\"Portada\",\"item\":\"https:\\\/\\\/hijasdejesus.org\\\/pt-br\\\/\"},{\"@type\":\"ListItem\",\"position\":2,\"name\":\"O dinamismo pascal da vida humana\"}]},{\"@type\":\"WebSite\",\"@id\":\"https:\\\/\\\/hijasdejesus.org\\\/pt-br\\\/#website\",\"url\":\"https:\\\/\\\/hijasdejesus.org\\\/pt-br\\\/\",\"name\":\"Hijas de Jes\u00fas\",\"description\":\"Despertamos a Jes\u00fas en el coraz\u00f3n, sacando lo mejor de las personas. Somos una congregaci\u00f3n religiosa ignaciana fundada por la Madre Candida\",\"publisher\":{\"@id\":\"https:\\\/\\\/hijasdejesus.org\\\/pt-br\\\/#organization\"},\"potentialAction\":[{\"@type\":\"SearchAction\",\"target\":{\"@type\":\"EntryPoint\",\"urlTemplate\":\"https:\\\/\\\/hijasdejesus.org\\\/pt-br\\\/?s={search_term_string}\"},\"query-input\":{\"@type\":\"PropertyValueSpecification\",\"valueRequired\":true,\"valueName\":\"search_term_string\"}}],\"inLanguage\":\"pt-BR\"},{\"@type\":\"Organization\",\"@id\":\"https:\\\/\\\/hijasdejesus.org\\\/pt-br\\\/#organization\",\"name\":\"Hijas de Jes\u00fas\",\"url\":\"https:\\\/\\\/hijasdejesus.org\\\/pt-br\\\/\",\"logo\":{\"@type\":\"ImageObject\",\"inLanguage\":\"pt-BR\",\"@id\":\"https:\\\/\\\/hijasdejesus.org\\\/pt-br\\\/#\\\/schema\\\/logo\\\/image\\\/\",\"url\":\"https:\\\/\\\/hijasdejesus.org\\\/wp-content\\\/uploads\\\/2023\\\/01\\\/Hijas-de-Jesus_hor-A7C957.png\",\"contentUrl\":\"https:\\\/\\\/hijasdejesus.org\\\/wp-content\\\/uploads\\\/2023\\\/01\\\/Hijas-de-Jesus_hor-A7C957.png\",\"width\":700,\"height\":360,\"caption\":\"Hijas de Jes\u00fas\"},\"image\":{\"@id\":\"https:\\\/\\\/hijasdejesus.org\\\/pt-br\\\/#\\\/schema\\\/logo\\\/image\\\/\"},\"sameAs\":[\"https:\\\/\\\/www.facebook.com\\\/hijasdejesusenelmundo\\\/\",\"https:\\\/\\\/x.com\\\/hijasdjesus\"]},{\"@type\":\"Person\",\"@id\":\"https:\\\/\\\/hijasdejesus.org\\\/pt-br\\\/#\\\/schema\\\/person\\\/ce4455965da733f2791f23b6ec14e9b6\",\"name\":\"Webmaster\",\"image\":{\"@type\":\"ImageObject\",\"inLanguage\":\"pt-BR\",\"@id\":\"https:\\\/\\\/secure.gravatar.com\\\/avatar\\\/cfd0acaac86c3981d541d2e99a0ffb7b6d33a5ac8989a62f5518b9e0f7ee128a?s=96&d=mm&r=g\",\"url\":\"https:\\\/\\\/secure.gravatar.com\\\/avatar\\\/cfd0acaac86c3981d541d2e99a0ffb7b6d33a5ac8989a62f5518b9e0f7ee128a?s=96&d=mm&r=g\",\"contentUrl\":\"https:\\\/\\\/secure.gravatar.com\\\/avatar\\\/cfd0acaac86c3981d541d2e99a0ffb7b6d33a5ac8989a62f5518b9e0f7ee128a?s=96&d=mm&r=g\",\"caption\":\"Webmaster\"},\"url\":\"https:\\\/\\\/hijasdejesus.org\\\/pt-br\\\/author\\\/webmaster\\\/\"}]}<\/script>\n<!-- \/ Yoast SEO plugin. -->","yoast_head_json":{"title":"O dinamismo pascal da vida humana - Hijas de Jes\u00fas","robots":{"index":"index","follow":"follow","max-snippet":"max-snippet:-1","max-image-preview":"max-image-preview:large","max-video-preview":"max-video-preview:-1"},"canonical":"https:\/\/hijasdejesus.org\/pt-br\/o-dinamismo-pascal-da-vida-humana\/","og_locale":"pt_BR","og_type":"article","og_title":"O dinamismo pascal da vida humana - Hijas de Jes\u00fas","og_description":"No umbral da Semana Santa, escrevo refletindo sobre como o Mist\u00e9rio Pascal, centro da f\u00e9 crist\u00e3, imprime na verdade sua marca ao movimento de toda a vida humana. Acostumamo-nos a uma vis\u00e3o invertida deste movimento.\u00a0 Dizemos: tudo que nasce morre; para morrer, basta estar vivo.\u00a0 Mas, na verdade, n\u00e3o percebemos que a frase deveria ser [&hellip;]","og_url":"https:\/\/hijasdejesus.org\/pt-br\/o-dinamismo-pascal-da-vida-humana\/","og_site_name":"Hijas de Jes\u00fas","article_publisher":"https:\/\/www.facebook.com\/hijasdejesusenelmundo\/","article_published_time":"2016-03-29T17:00:01+00:00","og_image":[{"width":610,"height":343,"url":"https:\/\/hijasdejesus.org\/wp-content\/uploads\/2016\/03\/pais.jpg","type":"image\/jpeg"}],"author":"Webmaster","twitter_card":"summary_large_image","twitter_creator":"@hijasdjesus","twitter_site":"@hijasdjesus","twitter_misc":{"Escrito por":"Webmaster","Est. tempo de leitura":"4 minutos"},"schema":{"@context":"https:\/\/schema.org","@graph":[{"@type":"Article","@id":"https:\/\/hijasdejesus.org\/pt-br\/o-dinamismo-pascal-da-vida-humana\/#article","isPartOf":{"@id":"https:\/\/hijasdejesus.org\/pt-br\/o-dinamismo-pascal-da-vida-humana\/"},"author":{"name":"Webmaster","@id":"https:\/\/hijasdejesus.org\/pt-br\/#\/schema\/person\/ce4455965da733f2791f23b6ec14e9b6"},"headline":"O dinamismo pascal da vida humana","datePublished":"2016-03-29T17:00:01+00:00","mainEntityOfPage":{"@id":"https:\/\/hijasdejesus.org\/pt-br\/o-dinamismo-pascal-da-vida-humana\/"},"wordCount":900,"publisher":{"@id":"https:\/\/hijasdejesus.org\/pt-br\/#organization"},"image":{"@id":"https:\/\/hijasdejesus.org\/pt-br\/o-dinamismo-pascal-da-vida-humana\/#primaryimage"},"thumbnailUrl":"https:\/\/hijasdejesus.org\/wp-content\/uploads\/2016\/03\/pais.jpg","keywords":["Igreja"],"articleSection":["Not\u00edcia"],"inLanguage":"pt-BR"},{"@type":"WebPage","@id":"https:\/\/hijasdejesus.org\/pt-br\/o-dinamismo-pascal-da-vida-humana\/","url":"https:\/\/hijasdejesus.org\/pt-br\/o-dinamismo-pascal-da-vida-humana\/","name":"O dinamismo pascal da vida humana - Hijas de Jes\u00fas","isPartOf":{"@id":"https:\/\/hijasdejesus.org\/pt-br\/#website"},"primaryImageOfPage":{"@id":"https:\/\/hijasdejesus.org\/pt-br\/o-dinamismo-pascal-da-vida-humana\/#primaryimage"},"image":{"@id":"https:\/\/hijasdejesus.org\/pt-br\/o-dinamismo-pascal-da-vida-humana\/#primaryimage"},"thumbnailUrl":"https:\/\/hijasdejesus.org\/wp-content\/uploads\/2016\/03\/pais.jpg","datePublished":"2016-03-29T17:00:01+00:00","breadcrumb":{"@id":"https:\/\/hijasdejesus.org\/pt-br\/o-dinamismo-pascal-da-vida-humana\/#breadcrumb"},"inLanguage":"pt-BR","potentialAction":[{"@type":"ReadAction","target":["https:\/\/hijasdejesus.org\/pt-br\/o-dinamismo-pascal-da-vida-humana\/"]}]},{"@type":"ImageObject","inLanguage":"pt-BR","@id":"https:\/\/hijasdejesus.org\/pt-br\/o-dinamismo-pascal-da-vida-humana\/#primaryimage","url":"https:\/\/hijasdejesus.org\/wp-content\/uploads\/2016\/03\/pais.jpg","contentUrl":"https:\/\/hijasdejesus.org\/wp-content\/uploads\/2016\/03\/pais.jpg","width":610,"height":343},{"@type":"BreadcrumbList","@id":"https:\/\/hijasdejesus.org\/pt-br\/o-dinamismo-pascal-da-vida-humana\/#breadcrumb","itemListElement":[{"@type":"ListItem","position":1,"name":"Portada","item":"https:\/\/hijasdejesus.org\/pt-br\/"},{"@type":"ListItem","position":2,"name":"O dinamismo pascal da vida humana"}]},{"@type":"WebSite","@id":"https:\/\/hijasdejesus.org\/pt-br\/#website","url":"https:\/\/hijasdejesus.org\/pt-br\/","name":"Hijas de Jes\u00fas","description":"Despertamos a Jes\u00fas en el coraz\u00f3n, sacando lo mejor de las personas. Somos una congregaci\u00f3n religiosa ignaciana fundada por la Madre Candida","publisher":{"@id":"https:\/\/hijasdejesus.org\/pt-br\/#organization"},"potentialAction":[{"@type":"SearchAction","target":{"@type":"EntryPoint","urlTemplate":"https:\/\/hijasdejesus.org\/pt-br\/?s={search_term_string}"},"query-input":{"@type":"PropertyValueSpecification","valueRequired":true,"valueName":"search_term_string"}}],"inLanguage":"pt-BR"},{"@type":"Organization","@id":"https:\/\/hijasdejesus.org\/pt-br\/#organization","name":"Hijas de Jes\u00fas","url":"https:\/\/hijasdejesus.org\/pt-br\/","logo":{"@type":"ImageObject","inLanguage":"pt-BR","@id":"https:\/\/hijasdejesus.org\/pt-br\/#\/schema\/logo\/image\/","url":"https:\/\/hijasdejesus.org\/wp-content\/uploads\/2023\/01\/Hijas-de-Jesus_hor-A7C957.png","contentUrl":"https:\/\/hijasdejesus.org\/wp-content\/uploads\/2023\/01\/Hijas-de-Jesus_hor-A7C957.png","width":700,"height":360,"caption":"Hijas de Jes\u00fas"},"image":{"@id":"https:\/\/hijasdejesus.org\/pt-br\/#\/schema\/logo\/image\/"},"sameAs":["https:\/\/www.facebook.com\/hijasdejesusenelmundo\/","https:\/\/x.com\/hijasdjesus"]},{"@type":"Person","@id":"https:\/\/hijasdejesus.org\/pt-br\/#\/schema\/person\/ce4455965da733f2791f23b6ec14e9b6","name":"Webmaster","image":{"@type":"ImageObject","inLanguage":"pt-BR","@id":"https:\/\/secure.gravatar.com\/avatar\/cfd0acaac86c3981d541d2e99a0ffb7b6d33a5ac8989a62f5518b9e0f7ee128a?s=96&d=mm&r=g","url":"https:\/\/secure.gravatar.com\/avatar\/cfd0acaac86c3981d541d2e99a0ffb7b6d33a5ac8989a62f5518b9e0f7ee128a?s=96&d=mm&r=g","contentUrl":"https:\/\/secure.gravatar.com\/avatar\/cfd0acaac86c3981d541d2e99a0ffb7b6d33a5ac8989a62f5518b9e0f7ee128a?s=96&d=mm&r=g","caption":"Webmaster"},"url":"https:\/\/hijasdejesus.org\/pt-br\/author\/webmaster\/"}]}},"_links":{"self":[{"href":"https:\/\/hijasdejesus.org\/pt-br\/wp-json\/wp\/v2\/posts\/27540","targetHints":{"allow":["GET"]}}],"collection":[{"href":"https:\/\/hijasdejesus.org\/pt-br\/wp-json\/wp\/v2\/posts"}],"about":[{"href":"https:\/\/hijasdejesus.org\/pt-br\/wp-json\/wp\/v2\/types\/post"}],"author":[{"embeddable":true,"href":"https:\/\/hijasdejesus.org\/pt-br\/wp-json\/wp\/v2\/users\/28"}],"replies":[{"embeddable":true,"href":"https:\/\/hijasdejesus.org\/pt-br\/wp-json\/wp\/v2\/comments?post=27540"}],"version-history":[{"count":0,"href":"https:\/\/hijasdejesus.org\/pt-br\/wp-json\/wp\/v2\/posts\/27540\/revisions"}],"wp:featuredmedia":[{"embeddable":true,"href":"https:\/\/hijasdejesus.org\/pt-br\/wp-json\/wp\/v2\/media\/7072"}],"wp:attachment":[{"href":"https:\/\/hijasdejesus.org\/pt-br\/wp-json\/wp\/v2\/media?parent=27540"}],"wp:term":[{"taxonomy":"category","embeddable":true,"href":"https:\/\/hijasdejesus.org\/pt-br\/wp-json\/wp\/v2\/categories?post=27540"},{"taxonomy":"post_tag","embeddable":true,"href":"https:\/\/hijasdejesus.org\/pt-br\/wp-json\/wp\/v2\/tags?post=27540"}],"curies":[{"name":"wp","href":"https:\/\/api.w.org\/{rel}","templated":true}]}}