{"id":27575,"date":"2016-04-04T23:22:07","date_gmt":"2016-04-04T21:22:07","guid":{"rendered":"https:\/\/nueva.hijasdejesus.org\/esta-es-la-elegida-por-mim\/"},"modified":"2016-04-04T23:22:07","modified_gmt":"2016-04-04T21:22:07","slug":"esta-es-la-elegida-por-mim","status":"publish","type":"post","link":"https:\/\/hijasdejesus.org\/pt-br\/esta-es-la-elegida-por-mim\/","title":{"rendered":"\u201cESTA ES LA ELEGIDA POR MIM\u201d"},"content":{"rendered":"<p>Asi, estas dos j\u00f3venes dominicanas \u2013 Johanna y Massiel \u2013 despues de largos a\u00f1os de formaci\u00f3n, entendieranse \u201celegidas\u201d por Dios para el seguimento de Jes\u00fas, e se dispuseram a entregar suas vidas, generosamente, nas m\u00e3os do Pai, deixando-se consagrar, perpetuamente, por Ele, na Congrega\u00e7\u00e3o das Filhas de Jesus.<br \/>A celebra\u00e7\u00e3o se deu dia 02 de abril de 2016, \u00e0s 10 horas, na Capela da Par\u00f3quia do Sagrado Cora\u00e7\u00e3o de Jesus, no Polit\u00e9cnico Nossa Senhora das Merc\u00eas, em Santiago de los Caballeros, na Rep\u00fablica Dominicana, regi\u00e3o caribenha da Prov\u00edncia Brasil-Caribe.<br \/>A data, muito significativa! No dia 2 de abril de 1869, h\u00e1 147 anos atr\u00e1s, Madre C\u00e2ndida, ent\u00e3o Juana Josefa, rezando diante do altar da Sagrada Fam\u00edlia, na Igreja do Rosarilho, recebe da Virgem Maria a inspira\u00e7\u00e3o para fundar a Congrega\u00e7\u00e3o das Filhas de Jesus. <br \/><img loading=\"lazy\" decoding=\"async\" class=\"pull-center size-full wp-image-7150\" src=\"https:\/\/hijasdejesus.org\/wp-content\/uploads\/2016\/04\/votos_massielyyohana11.jpg\" alt=\"\" width=\"671\" height=\"503\" srcset=\"https:\/\/hijasdejesus.org\/wp-content\/uploads\/2016\/04\/votos_massielyyohana11.jpg 671w, https:\/\/hijasdejesus.org\/wp-content\/uploads\/2016\/04\/votos_massielyyohana11-480x360.jpg 480w\" sizes=\"(min-width: 0px) and (max-width: 480px) 480px, (min-width: 481px) 671px, 100vw\" \/>A Eucaristia foi presidida pelo Arcebispo, Monsenhor Freddy Bret\u00f3n Mercedes, tio de Johanna. Irm\u00e3 S\u00f4nia Regina Rosa, nossa superiora provincial, testemunhou e recebeu, com alegria e esperan\u00e7a, os votos emitidos pelas neo-professas, Johanna e Massiel.<br \/><em>\u201c&#8230;Eu, na presen\u00e7a da Virgem Maria&#8230; e de todos aqui presente,fa\u00e7o a Deus todo poderoso&#8230; voto de perp\u00e9tua castidade, pobreza e obedi\u00eancia&#8230; e voto de ir a qualquer parte do mundo, para ensinar o catecismo da doutrina crist\u00e3 e cumprir os demais of\u00edcios pr\u00f3prios da Congrega\u00e7\u00e3o.\u201d<\/em><br \/>Na prociss\u00e3o de entrada:<br \/>\u2022 O quadro do Rosarilho, diante do qual Madre C\u00e2ndida escutou o que Deus lhe dizia: \u201cEsta \u00e9 a escolhida \u201d para uma obra que parecia imposs\u00edvel, a n\u00e3o ser com a promessa de que \u201ca obra n\u00e3o \u00e9 vossa, mas de Deus; <br \/>\u2022 A Superiora Provincial, que naquele ato representa a Superiora Geral, acompanhando Johanna e Massiel e, com ela, simbolicamente, todas as Filhas de Jesus do mundo inteiro, a Igreja, como testemunha e est\u00edmulo para as duas neo-professas; <br \/>\u2022 Os familiares de Johanna e Massiel&#8230; Toda voca\u00e7\u00e3o nasce no seio das fam\u00edlias, a primeira Igreja onde nos incorporamos pelo batismo, onde seus valores e testemunho de vida v\u00e3o alimentando a semente da voca\u00e7\u00e3o.<br \/><img loading=\"lazy\" decoding=\"async\" class=\"pull-left size-full wp-image-7152\" src=\"https:\/\/hijasdejesus.org\/wp-content\/uploads\/2016\/04\/votos_massielyyohana6.jpg\" alt=\"\" width=\"505\" height=\"379\" srcset=\"https:\/\/hijasdejesus.org\/wp-content\/uploads\/2016\/04\/votos_massielyyohana6.jpg 505w, https:\/\/hijasdejesus.org\/wp-content\/uploads\/2016\/04\/votos_massielyyohana6-480x360.jpg 480w\" sizes=\"(min-width: 0px) and (max-width: 480px) 480px, (min-width: 481px) 505px, 100vw\" \/>Uma assembleia grandiosa! Mais de 500 pessoas: familiares, irm\u00e3s, religiosos e religiosas, educadores de nossas obras apost\u00f3licas no Caribe e muitos amigos e amigas, assistiram, testemunharam o compromisso dessas duas jovens e rezaram para que, na fidelidade ao Deus que chama, elas continuem sustentando o \u201cSim\u201d que nesta data, profeticamente ousaram afirmar, no caminho do seguimento de Jesus, como suas Filhas.<br \/>Parab\u00e9ns, Johanna e Massiel! N\u00f3s, as Filhas de Jesus, e a grande fam\u00edlia de Santa C\u00e2ndida, as acolhemos com muito carinho e gratid\u00e3o, desejando ser sempre em suas vidas, irm\u00e3s, amigas e companheiras, est\u00edmulo e compromisso na fidelidade ao querer de Deus.<\/p>\n","protected":false},"excerpt":{"rendered":"<p>Asi, estas dos j\u00f3venes dominicanas \u2013 Johanna y Massiel \u2013 despues de largos a\u00f1os de formaci\u00f3n, entendieranse \u201celegidas\u201d por Dios para el seguimento de Jes\u00fas, e se dispuseram a entregar suas vidas, generosamente, nas m\u00e3os do Pai, deixando-se consagrar, perpetuamente, por Ele, na Congrega\u00e7\u00e3o das Filhas de Jesus.A celebra\u00e7\u00e3o se deu dia 02 de abril [&hellip;]<\/p>\n","protected":false},"author":28,"featured_media":7148,"comment_status":"","ping_status":"closed","sticky":false,"template":"","format":"standard","meta":{"_et_pb_use_builder":"","_et_pb_old_content":"","_et_gb_content_width":"","footnotes":"","_links_to":"","_links_to_target":""},"categories":[507,529],"tags":[432],"class_list":["post-27575","post","type-post","status-publish","format-standard","has-post-thumbnail","hentry","category-brasil-caribe-pt-br","category-hijas-de-jesus-pt-br","tag-brasil-caribe"],"yoast_head":"<!-- This site is optimized with the Yoast SEO plugin v27.5 - https:\/\/yoast.com\/product\/yoast-seo-wordpress\/ -->\n<title>\u201cESTA ES LA ELEGIDA POR MIM\u201d - Hijas de Jes\u00fas<\/title>\n<meta name=\"robots\" content=\"index, follow, max-snippet:-1, max-image-preview:large, max-video-preview:-1\" \/>\n<link rel=\"canonical\" href=\"https:\/\/hijasdejesus.org\/pt-br\/esta-es-la-elegida-por-mim\/\" \/>\n<meta property=\"og:locale\" content=\"pt_BR\" \/>\n<meta property=\"og:type\" content=\"article\" \/>\n<meta property=\"og:title\" content=\"\u201cESTA ES LA ELEGIDA POR MIM\u201d - Hijas de Jes\u00fas\" \/>\n<meta property=\"og:description\" content=\"Asi, estas dos j\u00f3venes dominicanas \u2013 Johanna y Massiel \u2013 despues de largos a\u00f1os de formaci\u00f3n, entendieranse \u201celegidas\u201d por Dios para el seguimento de Jes\u00fas, e se dispuseram a entregar suas vidas, generosamente, nas m\u00e3os do Pai, deixando-se consagrar, perpetuamente, por Ele, na Congrega\u00e7\u00e3o das Filhas de Jesus.A celebra\u00e7\u00e3o se deu dia 02 de abril [&hellip;]\" \/>\n<meta property=\"og:url\" content=\"https:\/\/hijasdejesus.org\/pt-br\/esta-es-la-elegida-por-mim\/\" \/>\n<meta property=\"og:site_name\" content=\"Hijas de Jes\u00fas\" \/>\n<meta property=\"article:publisher\" content=\"https:\/\/www.facebook.com\/hijasdejesusenelmundo\/\" \/>\n<meta property=\"article:published_time\" content=\"2016-04-04T21:22:07+00:00\" \/>\n<meta property=\"og:image\" content=\"https:\/\/hijasdejesus.org\/wp-content\/uploads\/2016\/04\/votos_massielyyohana10.jpg\" \/>\n\t<meta property=\"og:image:width\" content=\"960\" \/>\n\t<meta property=\"og:image:height\" content=\"720\" \/>\n\t<meta property=\"og:image:type\" content=\"image\/jpeg\" \/>\n<meta name=\"author\" content=\"Webmaster\" \/>\n<meta name=\"twitter:card\" content=\"summary_large_image\" \/>\n<meta name=\"twitter:creator\" content=\"@hijasdjesus\" \/>\n<meta name=\"twitter:site\" content=\"@hijasdjesus\" \/>\n<meta name=\"twitter:label1\" content=\"Escrito por\" \/>\n\t<meta name=\"twitter:data1\" content=\"Webmaster\" \/>\n\t<meta name=\"twitter:label2\" content=\"Est. tempo de leitura\" \/>\n\t<meta name=\"twitter:data2\" content=\"2 minutos\" \/>\n<script type=\"application\/ld+json\" class=\"yoast-schema-graph\">{\"@context\":\"https:\\\/\\\/schema.org\",\"@graph\":[{\"@type\":\"Article\",\"@id\":\"https:\\\/\\\/hijasdejesus.org\\\/pt-br\\\/esta-es-la-elegida-por-mim\\\/#article\",\"isPartOf\":{\"@id\":\"https:\\\/\\\/hijasdejesus.org\\\/pt-br\\\/esta-es-la-elegida-por-mim\\\/\"},\"author\":{\"name\":\"Webmaster\",\"@id\":\"https:\\\/\\\/hijasdejesus.org\\\/pt-br\\\/#\\\/schema\\\/person\\\/ce4455965da733f2791f23b6ec14e9b6\"},\"headline\":\"\u201cESTA ES LA ELEGIDA POR MIM\u201d\",\"datePublished\":\"2016-04-04T21:22:07+00:00\",\"mainEntityOfPage\":{\"@id\":\"https:\\\/\\\/hijasdejesus.org\\\/pt-br\\\/esta-es-la-elegida-por-mim\\\/\"},\"wordCount\":478,\"publisher\":{\"@id\":\"https:\\\/\\\/hijasdejesus.org\\\/pt-br\\\/#organization\"},\"image\":{\"@id\":\"https:\\\/\\\/hijasdejesus.org\\\/pt-br\\\/esta-es-la-elegida-por-mim\\\/#primaryimage\"},\"thumbnailUrl\":\"https:\\\/\\\/hijasdejesus.org\\\/wp-content\\\/uploads\\\/2016\\\/04\\\/votos_massielyyohana10.jpg\",\"keywords\":[\"Brasil-Caribe\"],\"articleSection\":[\"Brasil-Caribe\",\"Hijas de Jes\u00fas\"],\"inLanguage\":\"pt-BR\"},{\"@type\":\"WebPage\",\"@id\":\"https:\\\/\\\/hijasdejesus.org\\\/pt-br\\\/esta-es-la-elegida-por-mim\\\/\",\"url\":\"https:\\\/\\\/hijasdejesus.org\\\/pt-br\\\/esta-es-la-elegida-por-mim\\\/\",\"name\":\"\u201cESTA ES LA ELEGIDA POR MIM\u201d - Hijas de Jes\u00fas\",\"isPartOf\":{\"@id\":\"https:\\\/\\\/hijasdejesus.org\\\/pt-br\\\/#website\"},\"primaryImageOfPage\":{\"@id\":\"https:\\\/\\\/hijasdejesus.org\\\/pt-br\\\/esta-es-la-elegida-por-mim\\\/#primaryimage\"},\"image\":{\"@id\":\"https:\\\/\\\/hijasdejesus.org\\\/pt-br\\\/esta-es-la-elegida-por-mim\\\/#primaryimage\"},\"thumbnailUrl\":\"https:\\\/\\\/hijasdejesus.org\\\/wp-content\\\/uploads\\\/2016\\\/04\\\/votos_massielyyohana10.jpg\",\"datePublished\":\"2016-04-04T21:22:07+00:00\",\"breadcrumb\":{\"@id\":\"https:\\\/\\\/hijasdejesus.org\\\/pt-br\\\/esta-es-la-elegida-por-mim\\\/#breadcrumb\"},\"inLanguage\":\"pt-BR\",\"potentialAction\":[{\"@type\":\"ReadAction\",\"target\":[\"https:\\\/\\\/hijasdejesus.org\\\/pt-br\\\/esta-es-la-elegida-por-mim\\\/\"]}]},{\"@type\":\"ImageObject\",\"inLanguage\":\"pt-BR\",\"@id\":\"https:\\\/\\\/hijasdejesus.org\\\/pt-br\\\/esta-es-la-elegida-por-mim\\\/#primaryimage\",\"url\":\"https:\\\/\\\/hijasdejesus.org\\\/wp-content\\\/uploads\\\/2016\\\/04\\\/votos_massielyyohana10.jpg\",\"contentUrl\":\"https:\\\/\\\/hijasdejesus.org\\\/wp-content\\\/uploads\\\/2016\\\/04\\\/votos_massielyyohana10.jpg\",\"width\":960,\"height\":720},{\"@type\":\"BreadcrumbList\",\"@id\":\"https:\\\/\\\/hijasdejesus.org\\\/pt-br\\\/esta-es-la-elegida-por-mim\\\/#breadcrumb\",\"itemListElement\":[{\"@type\":\"ListItem\",\"position\":1,\"name\":\"Portada\",\"item\":\"https:\\\/\\\/hijasdejesus.org\\\/pt-br\\\/\"},{\"@type\":\"ListItem\",\"position\":2,\"name\":\"\u201cESTA ES LA ELEGIDA POR MIM\u201d\"}]},{\"@type\":\"WebSite\",\"@id\":\"https:\\\/\\\/hijasdejesus.org\\\/pt-br\\\/#website\",\"url\":\"https:\\\/\\\/hijasdejesus.org\\\/pt-br\\\/\",\"name\":\"Hijas de Jes\u00fas\",\"description\":\"Despertamos a Jes\u00fas en el coraz\u00f3n, sacando lo mejor de las personas. Somos una congregaci\u00f3n religiosa ignaciana fundada por la Madre Candida\",\"publisher\":{\"@id\":\"https:\\\/\\\/hijasdejesus.org\\\/pt-br\\\/#organization\"},\"potentialAction\":[{\"@type\":\"SearchAction\",\"target\":{\"@type\":\"EntryPoint\",\"urlTemplate\":\"https:\\\/\\\/hijasdejesus.org\\\/pt-br\\\/?s={search_term_string}\"},\"query-input\":{\"@type\":\"PropertyValueSpecification\",\"valueRequired\":true,\"valueName\":\"search_term_string\"}}],\"inLanguage\":\"pt-BR\"},{\"@type\":\"Organization\",\"@id\":\"https:\\\/\\\/hijasdejesus.org\\\/pt-br\\\/#organization\",\"name\":\"Hijas de Jes\u00fas\",\"url\":\"https:\\\/\\\/hijasdejesus.org\\\/pt-br\\\/\",\"logo\":{\"@type\":\"ImageObject\",\"inLanguage\":\"pt-BR\",\"@id\":\"https:\\\/\\\/hijasdejesus.org\\\/pt-br\\\/#\\\/schema\\\/logo\\\/image\\\/\",\"url\":\"https:\\\/\\\/hijasdejesus.org\\\/wp-content\\\/uploads\\\/2023\\\/01\\\/Hijas-de-Jesus_hor-A7C957.png\",\"contentUrl\":\"https:\\\/\\\/hijasdejesus.org\\\/wp-content\\\/uploads\\\/2023\\\/01\\\/Hijas-de-Jesus_hor-A7C957.png\",\"width\":700,\"height\":360,\"caption\":\"Hijas de Jes\u00fas\"},\"image\":{\"@id\":\"https:\\\/\\\/hijasdejesus.org\\\/pt-br\\\/#\\\/schema\\\/logo\\\/image\\\/\"},\"sameAs\":[\"https:\\\/\\\/www.facebook.com\\\/hijasdejesusenelmundo\\\/\",\"https:\\\/\\\/x.com\\\/hijasdjesus\"]},{\"@type\":\"Person\",\"@id\":\"https:\\\/\\\/hijasdejesus.org\\\/pt-br\\\/#\\\/schema\\\/person\\\/ce4455965da733f2791f23b6ec14e9b6\",\"name\":\"Webmaster\",\"image\":{\"@type\":\"ImageObject\",\"inLanguage\":\"pt-BR\",\"@id\":\"https:\\\/\\\/secure.gravatar.com\\\/avatar\\\/cfd0acaac86c3981d541d2e99a0ffb7b6d33a5ac8989a62f5518b9e0f7ee128a?s=96&d=mm&r=g\",\"url\":\"https:\\\/\\\/secure.gravatar.com\\\/avatar\\\/cfd0acaac86c3981d541d2e99a0ffb7b6d33a5ac8989a62f5518b9e0f7ee128a?s=96&d=mm&r=g\",\"contentUrl\":\"https:\\\/\\\/secure.gravatar.com\\\/avatar\\\/cfd0acaac86c3981d541d2e99a0ffb7b6d33a5ac8989a62f5518b9e0f7ee128a?s=96&d=mm&r=g\",\"caption\":\"Webmaster\"},\"url\":\"https:\\\/\\\/hijasdejesus.org\\\/pt-br\\\/author\\\/webmaster\\\/\"}]}<\/script>\n<!-- \/ Yoast SEO plugin. -->","yoast_head_json":{"title":"\u201cESTA ES LA ELEGIDA POR MIM\u201d - Hijas de Jes\u00fas","robots":{"index":"index","follow":"follow","max-snippet":"max-snippet:-1","max-image-preview":"max-image-preview:large","max-video-preview":"max-video-preview:-1"},"canonical":"https:\/\/hijasdejesus.org\/pt-br\/esta-es-la-elegida-por-mim\/","og_locale":"pt_BR","og_type":"article","og_title":"\u201cESTA ES LA ELEGIDA POR MIM\u201d - Hijas de Jes\u00fas","og_description":"Asi, estas dos j\u00f3venes dominicanas \u2013 Johanna y Massiel \u2013 despues de largos a\u00f1os de formaci\u00f3n, entendieranse \u201celegidas\u201d por Dios para el seguimento de Jes\u00fas, e se dispuseram a entregar suas vidas, generosamente, nas m\u00e3os do Pai, deixando-se consagrar, perpetuamente, por Ele, na Congrega\u00e7\u00e3o das Filhas de Jesus.A celebra\u00e7\u00e3o se deu dia 02 de abril [&hellip;]","og_url":"https:\/\/hijasdejesus.org\/pt-br\/esta-es-la-elegida-por-mim\/","og_site_name":"Hijas de Jes\u00fas","article_publisher":"https:\/\/www.facebook.com\/hijasdejesusenelmundo\/","article_published_time":"2016-04-04T21:22:07+00:00","og_image":[{"width":960,"height":720,"url":"https:\/\/hijasdejesus.org\/wp-content\/uploads\/2016\/04\/votos_massielyyohana10.jpg","type":"image\/jpeg"}],"author":"Webmaster","twitter_card":"summary_large_image","twitter_creator":"@hijasdjesus","twitter_site":"@hijasdjesus","twitter_misc":{"Escrito por":"Webmaster","Est. tempo de leitura":"2 minutos"},"schema":{"@context":"https:\/\/schema.org","@graph":[{"@type":"Article","@id":"https:\/\/hijasdejesus.org\/pt-br\/esta-es-la-elegida-por-mim\/#article","isPartOf":{"@id":"https:\/\/hijasdejesus.org\/pt-br\/esta-es-la-elegida-por-mim\/"},"author":{"name":"Webmaster","@id":"https:\/\/hijasdejesus.org\/pt-br\/#\/schema\/person\/ce4455965da733f2791f23b6ec14e9b6"},"headline":"\u201cESTA ES LA ELEGIDA POR MIM\u201d","datePublished":"2016-04-04T21:22:07+00:00","mainEntityOfPage":{"@id":"https:\/\/hijasdejesus.org\/pt-br\/esta-es-la-elegida-por-mim\/"},"wordCount":478,"publisher":{"@id":"https:\/\/hijasdejesus.org\/pt-br\/#organization"},"image":{"@id":"https:\/\/hijasdejesus.org\/pt-br\/esta-es-la-elegida-por-mim\/#primaryimage"},"thumbnailUrl":"https:\/\/hijasdejesus.org\/wp-content\/uploads\/2016\/04\/votos_massielyyohana10.jpg","keywords":["Brasil-Caribe"],"articleSection":["Brasil-Caribe","Hijas de Jes\u00fas"],"inLanguage":"pt-BR"},{"@type":"WebPage","@id":"https:\/\/hijasdejesus.org\/pt-br\/esta-es-la-elegida-por-mim\/","url":"https:\/\/hijasdejesus.org\/pt-br\/esta-es-la-elegida-por-mim\/","name":"\u201cESTA ES LA ELEGIDA POR MIM\u201d - Hijas de Jes\u00fas","isPartOf":{"@id":"https:\/\/hijasdejesus.org\/pt-br\/#website"},"primaryImageOfPage":{"@id":"https:\/\/hijasdejesus.org\/pt-br\/esta-es-la-elegida-por-mim\/#primaryimage"},"image":{"@id":"https:\/\/hijasdejesus.org\/pt-br\/esta-es-la-elegida-por-mim\/#primaryimage"},"thumbnailUrl":"https:\/\/hijasdejesus.org\/wp-content\/uploads\/2016\/04\/votos_massielyyohana10.jpg","datePublished":"2016-04-04T21:22:07+00:00","breadcrumb":{"@id":"https:\/\/hijasdejesus.org\/pt-br\/esta-es-la-elegida-por-mim\/#breadcrumb"},"inLanguage":"pt-BR","potentialAction":[{"@type":"ReadAction","target":["https:\/\/hijasdejesus.org\/pt-br\/esta-es-la-elegida-por-mim\/"]}]},{"@type":"ImageObject","inLanguage":"pt-BR","@id":"https:\/\/hijasdejesus.org\/pt-br\/esta-es-la-elegida-por-mim\/#primaryimage","url":"https:\/\/hijasdejesus.org\/wp-content\/uploads\/2016\/04\/votos_massielyyohana10.jpg","contentUrl":"https:\/\/hijasdejesus.org\/wp-content\/uploads\/2016\/04\/votos_massielyyohana10.jpg","width":960,"height":720},{"@type":"BreadcrumbList","@id":"https:\/\/hijasdejesus.org\/pt-br\/esta-es-la-elegida-por-mim\/#breadcrumb","itemListElement":[{"@type":"ListItem","position":1,"name":"Portada","item":"https:\/\/hijasdejesus.org\/pt-br\/"},{"@type":"ListItem","position":2,"name":"\u201cESTA ES LA ELEGIDA POR MIM\u201d"}]},{"@type":"WebSite","@id":"https:\/\/hijasdejesus.org\/pt-br\/#website","url":"https:\/\/hijasdejesus.org\/pt-br\/","name":"Hijas de Jes\u00fas","description":"Despertamos a Jes\u00fas en el coraz\u00f3n, sacando lo mejor de las personas. Somos una congregaci\u00f3n religiosa ignaciana fundada por la Madre Candida","publisher":{"@id":"https:\/\/hijasdejesus.org\/pt-br\/#organization"},"potentialAction":[{"@type":"SearchAction","target":{"@type":"EntryPoint","urlTemplate":"https:\/\/hijasdejesus.org\/pt-br\/?s={search_term_string}"},"query-input":{"@type":"PropertyValueSpecification","valueRequired":true,"valueName":"search_term_string"}}],"inLanguage":"pt-BR"},{"@type":"Organization","@id":"https:\/\/hijasdejesus.org\/pt-br\/#organization","name":"Hijas de Jes\u00fas","url":"https:\/\/hijasdejesus.org\/pt-br\/","logo":{"@type":"ImageObject","inLanguage":"pt-BR","@id":"https:\/\/hijasdejesus.org\/pt-br\/#\/schema\/logo\/image\/","url":"https:\/\/hijasdejesus.org\/wp-content\/uploads\/2023\/01\/Hijas-de-Jesus_hor-A7C957.png","contentUrl":"https:\/\/hijasdejesus.org\/wp-content\/uploads\/2023\/01\/Hijas-de-Jesus_hor-A7C957.png","width":700,"height":360,"caption":"Hijas de Jes\u00fas"},"image":{"@id":"https:\/\/hijasdejesus.org\/pt-br\/#\/schema\/logo\/image\/"},"sameAs":["https:\/\/www.facebook.com\/hijasdejesusenelmundo\/","https:\/\/x.com\/hijasdjesus"]},{"@type":"Person","@id":"https:\/\/hijasdejesus.org\/pt-br\/#\/schema\/person\/ce4455965da733f2791f23b6ec14e9b6","name":"Webmaster","image":{"@type":"ImageObject","inLanguage":"pt-BR","@id":"https:\/\/secure.gravatar.com\/avatar\/cfd0acaac86c3981d541d2e99a0ffb7b6d33a5ac8989a62f5518b9e0f7ee128a?s=96&d=mm&r=g","url":"https:\/\/secure.gravatar.com\/avatar\/cfd0acaac86c3981d541d2e99a0ffb7b6d33a5ac8989a62f5518b9e0f7ee128a?s=96&d=mm&r=g","contentUrl":"https:\/\/secure.gravatar.com\/avatar\/cfd0acaac86c3981d541d2e99a0ffb7b6d33a5ac8989a62f5518b9e0f7ee128a?s=96&d=mm&r=g","caption":"Webmaster"},"url":"https:\/\/hijasdejesus.org\/pt-br\/author\/webmaster\/"}]}},"_links":{"self":[{"href":"https:\/\/hijasdejesus.org\/pt-br\/wp-json\/wp\/v2\/posts\/27575","targetHints":{"allow":["GET"]}}],"collection":[{"href":"https:\/\/hijasdejesus.org\/pt-br\/wp-json\/wp\/v2\/posts"}],"about":[{"href":"https:\/\/hijasdejesus.org\/pt-br\/wp-json\/wp\/v2\/types\/post"}],"author":[{"embeddable":true,"href":"https:\/\/hijasdejesus.org\/pt-br\/wp-json\/wp\/v2\/users\/28"}],"replies":[{"embeddable":true,"href":"https:\/\/hijasdejesus.org\/pt-br\/wp-json\/wp\/v2\/comments?post=27575"}],"version-history":[{"count":0,"href":"https:\/\/hijasdejesus.org\/pt-br\/wp-json\/wp\/v2\/posts\/27575\/revisions"}],"wp:featuredmedia":[{"embeddable":true,"href":"https:\/\/hijasdejesus.org\/pt-br\/wp-json\/wp\/v2\/media\/7148"}],"wp:attachment":[{"href":"https:\/\/hijasdejesus.org\/pt-br\/wp-json\/wp\/v2\/media?parent=27575"}],"wp:term":[{"taxonomy":"category","embeddable":true,"href":"https:\/\/hijasdejesus.org\/pt-br\/wp-json\/wp\/v2\/categories?post=27575"},{"taxonomy":"post_tag","embeddable":true,"href":"https:\/\/hijasdejesus.org\/pt-br\/wp-json\/wp\/v2\/tags?post=27575"}],"curies":[{"name":"wp","href":"https:\/\/api.w.org\/{rel}","templated":true}]}}