{"id":27586,"date":"2016-04-04T13:03:45","date_gmt":"2016-04-04T11:03:45","guid":{"rendered":"https:\/\/nueva.hijasdejesus.org\/buscar-escutar-partilhar-em-madrid\/"},"modified":"2016-04-12T16:06:36","modified_gmt":"2016-04-12T14:06:36","slug":"buscar-escutar-partilhar-em-madrid","status":"publish","type":"post","link":"https:\/\/hijasdejesus.org\/pt-br\/buscar-escutar-partilhar-em-madrid\/","title":{"rendered":"BUSCAR, ESCUTAR, PARTILHAR\u2026 em Madrid"},"content":{"rendered":"<p>No \u00faltimo 2 de abril, festa significativa para todas as Filhas de Jesus, tivemos um encontro da Comunidade ampliada de Madrid, no col\u00e9gio Maria Rainha. Faz tempo sent\u00edamos a necessidade de um maior conhecimento da realidade onde vivemos, e pensamos que seria bom procurar algumas pessoas para ouvir outras vozes sobre nosso contexto.\u00a0 <br \/>Come\u00e7amos a jornada com um tempo de ora\u00e7\u00e3o sobre o Rosarilho e pudemos partilhar nossas resson\u00e2ncias. N\u00f3s, como C\u00e2ndida Maria de Jesus, sentimos tamb\u00e9m o convite de Jesus para segui-lo; como ela e como Jeremias temos d\u00favidas, medos, dificuldades&#8230; mas, a palavra do Senhor \u00e9 mais forte: \u201cn\u00e3o temas, eu te chamei pelo nome&#8230; eu estou contigo\u201d.<br \/>Depois falou-nos Pepa Torres, religiosa da congrega\u00e7\u00e3o Apost\u00f3licas do Cora\u00e7\u00e3o de Jesus, que trabalha com os imigrantes do bairro de Lavap\u00e9s onde vive e em outros muitos lugares onde eles se encontram, principalmente mulheres, acompanhando de perto suas lutas e reivindica\u00e7\u00f5es.<br \/>N\u00e3o nos informou somente sobre estat\u00edsticas e situa\u00e7\u00f5es desumanas que s\u00e3o vividas em muitos ambientes, mas, sobretudo nos comunicou sua entrega vital, sua vida apostada nestas causas, sua dedica\u00e7\u00e3o a elas, fundamentando tudo na raiz da f\u00e9 e na pessoa de Jesus por quem se devotou a esta entrega e se mant\u00e9m nela.<br \/>Carlos Aguilar \u00e9 um sacerdote diocesano muito relacionado com nossa congrega\u00e7\u00e3o no bairro de Usera, em Madri, em Roma, em qualquer uma de nossas casas e encontros onde o solicitamos. Foi nomeado Vig\u00e1rio para a Evangeliza\u00e7\u00e3o e a partir da\u00ed partilhou conosco o que sup\u00f5e evangelizar hoje, recordando textos dos \u00faltimos Papas e da Evangelii Gaudium. Conversou tamb\u00e9m sobre o que est\u00e1 significando para ele desenvolver o Plano de Evangeliza\u00e7\u00e3o em andamento por iniciativa de nosso Arcebispo Dom Carlos Osoro.<br \/>Depois dialogamos amplamente com Pepa e Carlos, e nos foram abertos horizontes apost\u00f3licos, sonhos, desejos&#8230; desafios enormes para continuar conhecendo sempre mais outros cen\u00e1rios que, sem d\u00favida, existem.<br \/>\u00c0 tarde, em grupos, compartilhamos algumas perguntas a respeito de tudo o que escutamos, com o desejo de &#8211; p\u00e9 no ch\u00e3o- conforme \u201ctempos, lugares e pessoas\u201d,\u00a0\u00a0\u00a0 concretizar algo onde estamos e em outros horizontes que v\u00e3o se abrindo.<br \/>Antes de terminar nos recordaram que iniciaremos grupos espont\u00e2neos para continuar partilhando. Foram oferecidos dois: em abril, \u201can\u00e1lise da realidade \u00e0 luz da f\u00e9\u201d na casa de Orcasur; em junho, no Mater, rezar sobre o objetivo de nossa comunidade: \u201ccuidar e acompanhar as pessoas\u201d.<br \/>A pr\u00f3xima jornada comunit\u00e1ria depender\u00e1 de um encontro que ter\u00e3o diretores e titular dos tr\u00eas col\u00e9gios para nos darem a conhecer seu caminho apost\u00f3lico.<br \/>Ao voltar \u00e0 capela, para recolher o dia em outro momento de ora\u00e7\u00e3o agradecida, nos despedimos com a alegria pascal manifestada em tantos detalhes de acolhida, cordialidade, prepara\u00e7\u00e3o, servi\u00e7o e, neste dom que \u00e9 C\u00e2ndida Maria de Jesus quem, com seu \u201cSim\u201d, deu ao mundo nossa congrega\u00e7\u00e3o.<\/p>\n<p style=\"text-align: center;\"><strong>Por Mar\u00eda Luisa Berzosa FI<\/strong><\/p>\n","protected":false},"excerpt":{"rendered":"<p>No \u00faltimo 2 de abril, festa significativa para todas as Filhas de Jesus, tivemos um encontro da Comunidade ampliada de Madrid, no col\u00e9gio Maria Rainha. Faz tempo sent\u00edamos a necessidade de um maior conhecimento da realidade onde vivemos, e pensamos que seria bom procurar algumas pessoas para ouvir outras vozes sobre nosso contexto.\u00a0 Come\u00e7amos a [&hellip;]<\/p>\n","protected":false},"author":28,"featured_media":7134,"comment_status":"closed","ping_status":"closed","sticky":false,"template":"","format":"standard","meta":{"_et_pb_use_builder":"","_et_pb_old_content":"","_et_gb_content_width":"","footnotes":"","_links_to":"","_links_to_target":""},"categories":[521,529,469],"tags":[],"class_list":["post-27586","post","type-post","status-publish","format-standard","has-post-thumbnail","hentry","category-espanha-italia","category-hijas-de-jesus-pt-br","category-noticias-pt-br"],"yoast_head":"<!-- This site is optimized with the Yoast SEO plugin v27.5 - https:\/\/yoast.com\/product\/yoast-seo-wordpress\/ -->\n<title>BUSCAR, ESCUTAR, PARTILHAR\u2026 em Madrid - Hijas de Jes\u00fas<\/title>\n<meta name=\"robots\" content=\"index, follow, max-snippet:-1, max-image-preview:large, max-video-preview:-1\" \/>\n<link rel=\"canonical\" href=\"https:\/\/hijasdejesus.org\/pt-br\/buscar-escutar-partilhar-em-madrid\/\" \/>\n<meta property=\"og:locale\" content=\"pt_BR\" \/>\n<meta property=\"og:type\" content=\"article\" \/>\n<meta property=\"og:title\" content=\"BUSCAR, ESCUTAR, PARTILHAR\u2026 em Madrid - Hijas de Jes\u00fas\" \/>\n<meta property=\"og:description\" content=\"No \u00faltimo 2 de abril, festa significativa para todas as Filhas de Jesus, tivemos um encontro da Comunidade ampliada de Madrid, no col\u00e9gio Maria Rainha. Faz tempo sent\u00edamos a necessidade de um maior conhecimento da realidade onde vivemos, e pensamos que seria bom procurar algumas pessoas para ouvir outras vozes sobre nosso contexto.\u00a0 Come\u00e7amos a [&hellip;]\" \/>\n<meta property=\"og:url\" content=\"https:\/\/hijasdejesus.org\/pt-br\/buscar-escutar-partilhar-em-madrid\/\" \/>\n<meta property=\"og:site_name\" content=\"Hijas de Jes\u00fas\" \/>\n<meta property=\"article:publisher\" content=\"https:\/\/www.facebook.com\/hijasdejesusenelmundo\/\" \/>\n<meta property=\"article:published_time\" content=\"2016-04-04T11:03:45+00:00\" \/>\n<meta property=\"article:modified_time\" content=\"2016-04-12T14:06:36+00:00\" \/>\n<meta property=\"og:image\" content=\"https:\/\/hijasdejesus.org\/wp-content\/uploads\/2016\/04\/madrid_encuentroabril164-scaled.jpg\" \/>\n\t<meta property=\"og:image:width\" content=\"2560\" \/>\n\t<meta property=\"og:image:height\" content=\"1912\" \/>\n\t<meta property=\"og:image:type\" content=\"image\/jpeg\" \/>\n<meta name=\"author\" content=\"Webmaster\" \/>\n<meta name=\"twitter:card\" content=\"summary_large_image\" \/>\n<meta name=\"twitter:creator\" content=\"@hijasdjesus\" \/>\n<meta name=\"twitter:site\" content=\"@hijasdjesus\" \/>\n<meta name=\"twitter:label1\" content=\"Escrito por\" \/>\n\t<meta name=\"twitter:data1\" content=\"Webmaster\" \/>\n\t<meta name=\"twitter:label2\" content=\"Est. tempo de leitura\" \/>\n\t<meta name=\"twitter:data2\" content=\"3 minutos\" \/>\n<script type=\"application\/ld+json\" class=\"yoast-schema-graph\">{\"@context\":\"https:\\\/\\\/schema.org\",\"@graph\":[{\"@type\":\"Article\",\"@id\":\"https:\\\/\\\/hijasdejesus.org\\\/pt-br\\\/buscar-escutar-partilhar-em-madrid\\\/#article\",\"isPartOf\":{\"@id\":\"https:\\\/\\\/hijasdejesus.org\\\/pt-br\\\/buscar-escutar-partilhar-em-madrid\\\/\"},\"author\":{\"name\":\"Webmaster\",\"@id\":\"https:\\\/\\\/hijasdejesus.org\\\/pt-br\\\/#\\\/schema\\\/person\\\/ce4455965da733f2791f23b6ec14e9b6\"},\"headline\":\"BUSCAR, ESCUTAR, PARTILHAR\u2026 em Madrid\",\"datePublished\":\"2016-04-04T11:03:45+00:00\",\"dateModified\":\"2016-04-12T14:06:36+00:00\",\"mainEntityOfPage\":{\"@id\":\"https:\\\/\\\/hijasdejesus.org\\\/pt-br\\\/buscar-escutar-partilhar-em-madrid\\\/\"},\"wordCount\":515,\"publisher\":{\"@id\":\"https:\\\/\\\/hijasdejesus.org\\\/pt-br\\\/#organization\"},\"image\":{\"@id\":\"https:\\\/\\\/hijasdejesus.org\\\/pt-br\\\/buscar-escutar-partilhar-em-madrid\\\/#primaryimage\"},\"thumbnailUrl\":\"https:\\\/\\\/hijasdejesus.org\\\/wp-content\\\/uploads\\\/2016\\\/04\\\/madrid_encuentroabril164-scaled.jpg\",\"articleSection\":[\"Espanha-It\u00e1lia\",\"Hijas de Jes\u00fas\",\"Not\u00edcias\"],\"inLanguage\":\"pt-BR\"},{\"@type\":\"WebPage\",\"@id\":\"https:\\\/\\\/hijasdejesus.org\\\/pt-br\\\/buscar-escutar-partilhar-em-madrid\\\/\",\"url\":\"https:\\\/\\\/hijasdejesus.org\\\/pt-br\\\/buscar-escutar-partilhar-em-madrid\\\/\",\"name\":\"BUSCAR, ESCUTAR, PARTILHAR\u2026 em Madrid - Hijas de Jes\u00fas\",\"isPartOf\":{\"@id\":\"https:\\\/\\\/hijasdejesus.org\\\/pt-br\\\/#website\"},\"primaryImageOfPage\":{\"@id\":\"https:\\\/\\\/hijasdejesus.org\\\/pt-br\\\/buscar-escutar-partilhar-em-madrid\\\/#primaryimage\"},\"image\":{\"@id\":\"https:\\\/\\\/hijasdejesus.org\\\/pt-br\\\/buscar-escutar-partilhar-em-madrid\\\/#primaryimage\"},\"thumbnailUrl\":\"https:\\\/\\\/hijasdejesus.org\\\/wp-content\\\/uploads\\\/2016\\\/04\\\/madrid_encuentroabril164-scaled.jpg\",\"datePublished\":\"2016-04-04T11:03:45+00:00\",\"dateModified\":\"2016-04-12T14:06:36+00:00\",\"breadcrumb\":{\"@id\":\"https:\\\/\\\/hijasdejesus.org\\\/pt-br\\\/buscar-escutar-partilhar-em-madrid\\\/#breadcrumb\"},\"inLanguage\":\"pt-BR\",\"potentialAction\":[{\"@type\":\"ReadAction\",\"target\":[\"https:\\\/\\\/hijasdejesus.org\\\/pt-br\\\/buscar-escutar-partilhar-em-madrid\\\/\"]}]},{\"@type\":\"ImageObject\",\"inLanguage\":\"pt-BR\",\"@id\":\"https:\\\/\\\/hijasdejesus.org\\\/pt-br\\\/buscar-escutar-partilhar-em-madrid\\\/#primaryimage\",\"url\":\"https:\\\/\\\/hijasdejesus.org\\\/wp-content\\\/uploads\\\/2016\\\/04\\\/madrid_encuentroabril164-scaled.jpg\",\"contentUrl\":\"https:\\\/\\\/hijasdejesus.org\\\/wp-content\\\/uploads\\\/2016\\\/04\\\/madrid_encuentroabril164-scaled.jpg\",\"width\":2560,\"height\":1912},{\"@type\":\"BreadcrumbList\",\"@id\":\"https:\\\/\\\/hijasdejesus.org\\\/pt-br\\\/buscar-escutar-partilhar-em-madrid\\\/#breadcrumb\",\"itemListElement\":[{\"@type\":\"ListItem\",\"position\":1,\"name\":\"Portada\",\"item\":\"https:\\\/\\\/hijasdejesus.org\\\/pt-br\\\/\"},{\"@type\":\"ListItem\",\"position\":2,\"name\":\"BUSCAR, ESCUTAR, PARTILHAR\u2026 em Madrid\"}]},{\"@type\":\"WebSite\",\"@id\":\"https:\\\/\\\/hijasdejesus.org\\\/pt-br\\\/#website\",\"url\":\"https:\\\/\\\/hijasdejesus.org\\\/pt-br\\\/\",\"name\":\"Hijas de Jes\u00fas\",\"description\":\"Despertamos a Jes\u00fas en el coraz\u00f3n, sacando lo mejor de las personas. Somos una congregaci\u00f3n religiosa ignaciana fundada por la Madre Candida\",\"publisher\":{\"@id\":\"https:\\\/\\\/hijasdejesus.org\\\/pt-br\\\/#organization\"},\"potentialAction\":[{\"@type\":\"SearchAction\",\"target\":{\"@type\":\"EntryPoint\",\"urlTemplate\":\"https:\\\/\\\/hijasdejesus.org\\\/pt-br\\\/?s={search_term_string}\"},\"query-input\":{\"@type\":\"PropertyValueSpecification\",\"valueRequired\":true,\"valueName\":\"search_term_string\"}}],\"inLanguage\":\"pt-BR\"},{\"@type\":\"Organization\",\"@id\":\"https:\\\/\\\/hijasdejesus.org\\\/pt-br\\\/#organization\",\"name\":\"Hijas de Jes\u00fas\",\"url\":\"https:\\\/\\\/hijasdejesus.org\\\/pt-br\\\/\",\"logo\":{\"@type\":\"ImageObject\",\"inLanguage\":\"pt-BR\",\"@id\":\"https:\\\/\\\/hijasdejesus.org\\\/pt-br\\\/#\\\/schema\\\/logo\\\/image\\\/\",\"url\":\"https:\\\/\\\/hijasdejesus.org\\\/wp-content\\\/uploads\\\/2023\\\/01\\\/Hijas-de-Jesus_hor-A7C957.png\",\"contentUrl\":\"https:\\\/\\\/hijasdejesus.org\\\/wp-content\\\/uploads\\\/2023\\\/01\\\/Hijas-de-Jesus_hor-A7C957.png\",\"width\":700,\"height\":360,\"caption\":\"Hijas de Jes\u00fas\"},\"image\":{\"@id\":\"https:\\\/\\\/hijasdejesus.org\\\/pt-br\\\/#\\\/schema\\\/logo\\\/image\\\/\"},\"sameAs\":[\"https:\\\/\\\/www.facebook.com\\\/hijasdejesusenelmundo\\\/\",\"https:\\\/\\\/x.com\\\/hijasdjesus\"]},{\"@type\":\"Person\",\"@id\":\"https:\\\/\\\/hijasdejesus.org\\\/pt-br\\\/#\\\/schema\\\/person\\\/ce4455965da733f2791f23b6ec14e9b6\",\"name\":\"Webmaster\",\"image\":{\"@type\":\"ImageObject\",\"inLanguage\":\"pt-BR\",\"@id\":\"https:\\\/\\\/secure.gravatar.com\\\/avatar\\\/cfd0acaac86c3981d541d2e99a0ffb7b6d33a5ac8989a62f5518b9e0f7ee128a?s=96&d=mm&r=g\",\"url\":\"https:\\\/\\\/secure.gravatar.com\\\/avatar\\\/cfd0acaac86c3981d541d2e99a0ffb7b6d33a5ac8989a62f5518b9e0f7ee128a?s=96&d=mm&r=g\",\"contentUrl\":\"https:\\\/\\\/secure.gravatar.com\\\/avatar\\\/cfd0acaac86c3981d541d2e99a0ffb7b6d33a5ac8989a62f5518b9e0f7ee128a?s=96&d=mm&r=g\",\"caption\":\"Webmaster\"},\"url\":\"https:\\\/\\\/hijasdejesus.org\\\/pt-br\\\/author\\\/webmaster\\\/\"}]}<\/script>\n<!-- \/ Yoast SEO plugin. -->","yoast_head_json":{"title":"BUSCAR, ESCUTAR, PARTILHAR\u2026 em Madrid - Hijas de Jes\u00fas","robots":{"index":"index","follow":"follow","max-snippet":"max-snippet:-1","max-image-preview":"max-image-preview:large","max-video-preview":"max-video-preview:-1"},"canonical":"https:\/\/hijasdejesus.org\/pt-br\/buscar-escutar-partilhar-em-madrid\/","og_locale":"pt_BR","og_type":"article","og_title":"BUSCAR, ESCUTAR, PARTILHAR\u2026 em Madrid - Hijas de Jes\u00fas","og_description":"No \u00faltimo 2 de abril, festa significativa para todas as Filhas de Jesus, tivemos um encontro da Comunidade ampliada de Madrid, no col\u00e9gio Maria Rainha. Faz tempo sent\u00edamos a necessidade de um maior conhecimento da realidade onde vivemos, e pensamos que seria bom procurar algumas pessoas para ouvir outras vozes sobre nosso contexto.\u00a0 Come\u00e7amos a [&hellip;]","og_url":"https:\/\/hijasdejesus.org\/pt-br\/buscar-escutar-partilhar-em-madrid\/","og_site_name":"Hijas de Jes\u00fas","article_publisher":"https:\/\/www.facebook.com\/hijasdejesusenelmundo\/","article_published_time":"2016-04-04T11:03:45+00:00","article_modified_time":"2016-04-12T14:06:36+00:00","og_image":[{"width":2560,"height":1912,"url":"https:\/\/hijasdejesus.org\/wp-content\/uploads\/2016\/04\/madrid_encuentroabril164-scaled.jpg","type":"image\/jpeg"}],"author":"Webmaster","twitter_card":"summary_large_image","twitter_creator":"@hijasdjesus","twitter_site":"@hijasdjesus","twitter_misc":{"Escrito por":"Webmaster","Est. tempo de leitura":"3 minutos"},"schema":{"@context":"https:\/\/schema.org","@graph":[{"@type":"Article","@id":"https:\/\/hijasdejesus.org\/pt-br\/buscar-escutar-partilhar-em-madrid\/#article","isPartOf":{"@id":"https:\/\/hijasdejesus.org\/pt-br\/buscar-escutar-partilhar-em-madrid\/"},"author":{"name":"Webmaster","@id":"https:\/\/hijasdejesus.org\/pt-br\/#\/schema\/person\/ce4455965da733f2791f23b6ec14e9b6"},"headline":"BUSCAR, ESCUTAR, PARTILHAR\u2026 em Madrid","datePublished":"2016-04-04T11:03:45+00:00","dateModified":"2016-04-12T14:06:36+00:00","mainEntityOfPage":{"@id":"https:\/\/hijasdejesus.org\/pt-br\/buscar-escutar-partilhar-em-madrid\/"},"wordCount":515,"publisher":{"@id":"https:\/\/hijasdejesus.org\/pt-br\/#organization"},"image":{"@id":"https:\/\/hijasdejesus.org\/pt-br\/buscar-escutar-partilhar-em-madrid\/#primaryimage"},"thumbnailUrl":"https:\/\/hijasdejesus.org\/wp-content\/uploads\/2016\/04\/madrid_encuentroabril164-scaled.jpg","articleSection":["Espanha-It\u00e1lia","Hijas de Jes\u00fas","Not\u00edcias"],"inLanguage":"pt-BR"},{"@type":"WebPage","@id":"https:\/\/hijasdejesus.org\/pt-br\/buscar-escutar-partilhar-em-madrid\/","url":"https:\/\/hijasdejesus.org\/pt-br\/buscar-escutar-partilhar-em-madrid\/","name":"BUSCAR, ESCUTAR, PARTILHAR\u2026 em Madrid - Hijas de Jes\u00fas","isPartOf":{"@id":"https:\/\/hijasdejesus.org\/pt-br\/#website"},"primaryImageOfPage":{"@id":"https:\/\/hijasdejesus.org\/pt-br\/buscar-escutar-partilhar-em-madrid\/#primaryimage"},"image":{"@id":"https:\/\/hijasdejesus.org\/pt-br\/buscar-escutar-partilhar-em-madrid\/#primaryimage"},"thumbnailUrl":"https:\/\/hijasdejesus.org\/wp-content\/uploads\/2016\/04\/madrid_encuentroabril164-scaled.jpg","datePublished":"2016-04-04T11:03:45+00:00","dateModified":"2016-04-12T14:06:36+00:00","breadcrumb":{"@id":"https:\/\/hijasdejesus.org\/pt-br\/buscar-escutar-partilhar-em-madrid\/#breadcrumb"},"inLanguage":"pt-BR","potentialAction":[{"@type":"ReadAction","target":["https:\/\/hijasdejesus.org\/pt-br\/buscar-escutar-partilhar-em-madrid\/"]}]},{"@type":"ImageObject","inLanguage":"pt-BR","@id":"https:\/\/hijasdejesus.org\/pt-br\/buscar-escutar-partilhar-em-madrid\/#primaryimage","url":"https:\/\/hijasdejesus.org\/wp-content\/uploads\/2016\/04\/madrid_encuentroabril164-scaled.jpg","contentUrl":"https:\/\/hijasdejesus.org\/wp-content\/uploads\/2016\/04\/madrid_encuentroabril164-scaled.jpg","width":2560,"height":1912},{"@type":"BreadcrumbList","@id":"https:\/\/hijasdejesus.org\/pt-br\/buscar-escutar-partilhar-em-madrid\/#breadcrumb","itemListElement":[{"@type":"ListItem","position":1,"name":"Portada","item":"https:\/\/hijasdejesus.org\/pt-br\/"},{"@type":"ListItem","position":2,"name":"BUSCAR, ESCUTAR, PARTILHAR\u2026 em Madrid"}]},{"@type":"WebSite","@id":"https:\/\/hijasdejesus.org\/pt-br\/#website","url":"https:\/\/hijasdejesus.org\/pt-br\/","name":"Hijas de Jes\u00fas","description":"Despertamos a Jes\u00fas en el coraz\u00f3n, sacando lo mejor de las personas. Somos una congregaci\u00f3n religiosa ignaciana fundada por la Madre Candida","publisher":{"@id":"https:\/\/hijasdejesus.org\/pt-br\/#organization"},"potentialAction":[{"@type":"SearchAction","target":{"@type":"EntryPoint","urlTemplate":"https:\/\/hijasdejesus.org\/pt-br\/?s={search_term_string}"},"query-input":{"@type":"PropertyValueSpecification","valueRequired":true,"valueName":"search_term_string"}}],"inLanguage":"pt-BR"},{"@type":"Organization","@id":"https:\/\/hijasdejesus.org\/pt-br\/#organization","name":"Hijas de Jes\u00fas","url":"https:\/\/hijasdejesus.org\/pt-br\/","logo":{"@type":"ImageObject","inLanguage":"pt-BR","@id":"https:\/\/hijasdejesus.org\/pt-br\/#\/schema\/logo\/image\/","url":"https:\/\/hijasdejesus.org\/wp-content\/uploads\/2023\/01\/Hijas-de-Jesus_hor-A7C957.png","contentUrl":"https:\/\/hijasdejesus.org\/wp-content\/uploads\/2023\/01\/Hijas-de-Jesus_hor-A7C957.png","width":700,"height":360,"caption":"Hijas de Jes\u00fas"},"image":{"@id":"https:\/\/hijasdejesus.org\/pt-br\/#\/schema\/logo\/image\/"},"sameAs":["https:\/\/www.facebook.com\/hijasdejesusenelmundo\/","https:\/\/x.com\/hijasdjesus"]},{"@type":"Person","@id":"https:\/\/hijasdejesus.org\/pt-br\/#\/schema\/person\/ce4455965da733f2791f23b6ec14e9b6","name":"Webmaster","image":{"@type":"ImageObject","inLanguage":"pt-BR","@id":"https:\/\/secure.gravatar.com\/avatar\/cfd0acaac86c3981d541d2e99a0ffb7b6d33a5ac8989a62f5518b9e0f7ee128a?s=96&d=mm&r=g","url":"https:\/\/secure.gravatar.com\/avatar\/cfd0acaac86c3981d541d2e99a0ffb7b6d33a5ac8989a62f5518b9e0f7ee128a?s=96&d=mm&r=g","contentUrl":"https:\/\/secure.gravatar.com\/avatar\/cfd0acaac86c3981d541d2e99a0ffb7b6d33a5ac8989a62f5518b9e0f7ee128a?s=96&d=mm&r=g","caption":"Webmaster"},"url":"https:\/\/hijasdejesus.org\/pt-br\/author\/webmaster\/"}]}},"_links":{"self":[{"href":"https:\/\/hijasdejesus.org\/pt-br\/wp-json\/wp\/v2\/posts\/27586","targetHints":{"allow":["GET"]}}],"collection":[{"href":"https:\/\/hijasdejesus.org\/pt-br\/wp-json\/wp\/v2\/posts"}],"about":[{"href":"https:\/\/hijasdejesus.org\/pt-br\/wp-json\/wp\/v2\/types\/post"}],"author":[{"embeddable":true,"href":"https:\/\/hijasdejesus.org\/pt-br\/wp-json\/wp\/v2\/users\/28"}],"replies":[{"embeddable":true,"href":"https:\/\/hijasdejesus.org\/pt-br\/wp-json\/wp\/v2\/comments?post=27586"}],"version-history":[{"count":0,"href":"https:\/\/hijasdejesus.org\/pt-br\/wp-json\/wp\/v2\/posts\/27586\/revisions"}],"wp:featuredmedia":[{"embeddable":true,"href":"https:\/\/hijasdejesus.org\/pt-br\/wp-json\/wp\/v2\/media\/7134"}],"wp:attachment":[{"href":"https:\/\/hijasdejesus.org\/pt-br\/wp-json\/wp\/v2\/media?parent=27586"}],"wp:term":[{"taxonomy":"category","embeddable":true,"href":"https:\/\/hijasdejesus.org\/pt-br\/wp-json\/wp\/v2\/categories?post=27586"},{"taxonomy":"post_tag","embeddable":true,"href":"https:\/\/hijasdejesus.org\/pt-br\/wp-json\/wp\/v2\/tags?post=27586"}],"curies":[{"name":"wp","href":"https:\/\/api.w.org\/{rel}","templated":true}]}}