{"id":27587,"date":"2016-04-03T00:44:06","date_gmt":"2016-04-02T22:44:06","guid":{"rendered":"https:\/\/nueva.hijasdejesus.org\/carta-a-maria-moro-fi-2\/"},"modified":"2016-04-12T16:09:57","modified_gmt":"2016-04-12T14:09:57","slug":"carta-a-maria-moro-fi-2","status":"publish","type":"post","link":"https:\/\/hijasdejesus.org\/pt-br\/carta-a-maria-moro-fi-2\/","title":{"rendered":"Carta a Maria Moro FI"},"content":{"rendered":"<p style=\"text-align: right;\">\n<p style=\"text-align: right;\">Abril 2016 &#8211; P\u00e1scoa da Ressurrei\u00e7\u00e3o<\/p>\n<p style=\"text-align: justify;\">Querida Maria:<br \/>Hoje de manh\u00e3 senti o impulso de pegar o telefone para conversar com voc\u00ea, como tantas vezes fizemos ultimamente. Pensei que seria o momento para estar um tempo com voc\u00ea e fazer mem\u00f3ria do trecho do caminho que nos foi dado caminhar juntas. <br \/>Sabe que estas palavras n\u00e3o s\u00e3o uma despedida. Despedimos-nos em outubro do ano passado quando nos encontramos em Salamanca; um dia no qual nos alegramos muito e desfrutamos ao reencontrar-nos depois de dois meses sem nos ver. N\u00f3s duas est\u00e1vamos conscientes de que provavelmente seria a \u00faltima vez em que nos encontrar\u00edamos fisicamente, e nos demos de presente passar a manh\u00e3 partilhando a passagem de Deus por nossas vidas agradecendo por tudo.<br \/>O que me move a escrever \u00e9 a certeza de ter sido testemunha do que o Senhor \u00e9 capaz de fazer em sua criatura quando ela deixa e se abandona em suas m\u00e3os. Por isso Maria, permita-me compartilhar com quem quiser ler, parte do que foi sua vida e sua pessoa.<br \/>Quando voc\u00ea teve que enfrentar a doen\u00e7a, e o modo como o fazia lhe repeti muitas vezes que sua vida dava a certeza da express\u00e3o: \u201cnada se improvisa nesta vida\u201d. As duas \u201cpartes\u201d do caminho em que vivemos juntas, j\u00e1 distanciadas no tempo, me fazem acreditar nisso. <br \/>Vivemos juntas em Salamanca quando eu fazia o noviciado e voc\u00ea integrava a comunidade formadora, envio que compaginou com o acompanhamento de seu pai e de sua irm\u00e3 Teresa. Dois anos antes voc\u00ea tinha vindo de Roma&#8230; e aceitado com alegria e disponibilidade o querer de Deus manifestado no decaimento de seu pai&#8230; Participava na vida di\u00e1ria do noviciado&#8230; A diferen\u00e7a de idade com as novi\u00e7as, e ter vivido um estilo de vida religiosa diferente do nosso n\u00e3o foram obst\u00e1culos para que sent\u00edssemos sua proximidade respeitosa&#8230; Para muitas de n\u00f3s voc\u00ea foi, o testemunho da verdadeira Filha de Jesus que todas nos sent\u00edamos convidadas a ser&#8230;<br \/>A disponibilidade levou-nos a viver juntas de novo em Sevilha. Com seus 79 anos quando tudo fazia pensar em sua aposentadoria depois de muitas etapas de entrega, recebe o envio de cruzar a geografia espanhola de norte a sul&#8230; As que convivemos com voc\u00ea neste momento somos testemunhas do esfor\u00e7o que sup\u00f4s sua adapta\u00e7\u00e3o a uma realidade cultural e a um contexto diferente dos que viveu at\u00e9 ent\u00e3o. Seu desejo de colaborar, ajudar, amar fez que pens\u00e1ssemos estar vivendo um momento pleno e feliz de sua vida. Oferecia \u00e0 comunidade seu saber estar, sua palavra e gesto oportuno, o ser v\u00ednculo de uni\u00e3o entre as irm\u00e3s e sua experi\u00eancia de Deus. Sabia valorizar o que cada uma era, e o positivo de toda situa\u00e7\u00e3o.<br \/>Maria, com alegria e agradecimento, escutamos nestes dias o testemunho de muita gente a quem fez bem com seu servi\u00e7o alegre e generoso na portaria do col\u00e9gio. <br \/>E&#8230; tocou-lhe identificar-se com Jesus despojado atrav\u00e9s da doen\u00e7a. Novamente testemunhamos sua capacidade para acolher com simplicidade e coer\u00eancia o querer de Deus&#8230; Voc\u00ea tinha muitos motivos para parar por causa da doen\u00e7a, contudo voc\u00ea soube sair de si e preocupar-se com os outros para que n\u00e3o sofressem por sua causa.<br \/>Maria, voc\u00ea partilhou conosco que os dois anos de doen\u00e7a foram um processo para ir acolhendo com serenidade o encontro definitivo com o Senhor, e expressou que estava preparada, tranquila, sem medos&#8230;<br \/>No nosso \u00faltimo encontro disse-me que nos momentos de dificuldade e debilidade da vida, sustentou-a a palavra do Senhor: \u201cN\u00e3o temas, estou contigo\u201d&#8230; e sorria ao me dizer que n\u00e3o tinha medo da morte pois experimentava que o Senhor estava com voc\u00ea.<br \/>Bem Marieta, voc\u00ea chegou! Estou certa de que agradeceu o abra\u00e7o carinhoso do Pai ao se encontrar com Ele. Hoje, voc\u00ea vive a vida em plenitude sem dores nem sofrimentos.<br \/>Aos que sentimos o vazio de sua presen\u00e7a nos consola saber que j\u00e1 faz parte da nuvem de testemunhas que nos precederam&#8230;<br \/>Obrigada porque se deixou tornar-se Filha acolhendo o acontecer da vida, e Irm\u00e3 de todos que partilharam um tempo da vida com voc\u00ea.<\/p>\n<p style=\"text-align: center;\">Um beijo.<\/p>\n<p style=\"text-align: center;\">Mar\u00eda del Mar Dom\u00ednguez FI<\/p>\n","protected":false},"excerpt":{"rendered":"<p>Abril 2016 &#8211; P\u00e1scoa da Ressurrei\u00e7\u00e3o Querida Maria:Hoje de manh\u00e3 senti o impulso de pegar o telefone para conversar com voc\u00ea, como tantas vezes fizemos ultimamente. Pensei que seria o momento para estar um tempo com voc\u00ea e fazer mem\u00f3ria do trecho do caminho que nos foi dado caminhar juntas. Sabe que estas palavras n\u00e3o [&hellip;]<\/p>\n","protected":false},"author":28,"featured_media":7124,"comment_status":"closed","ping_status":"closed","sticky":false,"template":"","format":"standard","meta":{"_et_pb_use_builder":"","_et_pb_old_content":"","_et_gb_content_width":"","footnotes":"","_links_to":"","_links_to_target":""},"categories":[521,529,469],"tags":[],"class_list":["post-27587","post","type-post","status-publish","format-standard","has-post-thumbnail","hentry","category-espanha-italia","category-hijas-de-jesus-pt-br","category-noticias-pt-br"],"yoast_head":"<!-- This site is optimized with the Yoast SEO plugin v27.5 - https:\/\/yoast.com\/product\/yoast-seo-wordpress\/ -->\n<title>Carta a Maria Moro FI - Hijas de Jes\u00fas<\/title>\n<meta name=\"robots\" content=\"index, follow, max-snippet:-1, max-image-preview:large, max-video-preview:-1\" \/>\n<link rel=\"canonical\" href=\"https:\/\/hijasdejesus.org\/pt-br\/carta-a-maria-moro-fi-2\/\" \/>\n<meta property=\"og:locale\" content=\"pt_BR\" \/>\n<meta property=\"og:type\" content=\"article\" \/>\n<meta property=\"og:title\" content=\"Carta a Maria Moro FI - Hijas de Jes\u00fas\" \/>\n<meta property=\"og:description\" content=\"Abril 2016 &#8211; P\u00e1scoa da Ressurrei\u00e7\u00e3o Querida Maria:Hoje de manh\u00e3 senti o impulso de pegar o telefone para conversar com voc\u00ea, como tantas vezes fizemos ultimamente. Pensei que seria o momento para estar um tempo com voc\u00ea e fazer mem\u00f3ria do trecho do caminho que nos foi dado caminhar juntas. Sabe que estas palavras n\u00e3o [&hellip;]\" \/>\n<meta property=\"og:url\" content=\"https:\/\/hijasdejesus.org\/pt-br\/carta-a-maria-moro-fi-2\/\" \/>\n<meta property=\"og:site_name\" content=\"Hijas de Jes\u00fas\" \/>\n<meta property=\"article:publisher\" content=\"https:\/\/www.facebook.com\/hijasdejesusenelmundo\/\" \/>\n<meta property=\"article:published_time\" content=\"2016-04-02T22:44:06+00:00\" \/>\n<meta property=\"article:modified_time\" content=\"2016-04-12T14:09:57+00:00\" \/>\n<meta property=\"og:image\" content=\"https:\/\/hijasdejesus.org\/wp-content\/uploads\/2016\/04\/mariamoro.jpg\" \/>\n\t<meta property=\"og:image:width\" content=\"1024\" \/>\n\t<meta property=\"og:image:height\" content=\"768\" \/>\n\t<meta property=\"og:image:type\" content=\"image\/jpeg\" \/>\n<meta name=\"author\" content=\"Webmaster\" \/>\n<meta name=\"twitter:card\" content=\"summary_large_image\" \/>\n<meta name=\"twitter:creator\" content=\"@hijasdjesus\" \/>\n<meta name=\"twitter:site\" content=\"@hijasdjesus\" \/>\n<meta name=\"twitter:label1\" content=\"Escrito por\" \/>\n\t<meta name=\"twitter:data1\" content=\"Webmaster\" \/>\n\t<meta name=\"twitter:label2\" content=\"Est. tempo de leitura\" \/>\n\t<meta name=\"twitter:data2\" content=\"4 minutos\" \/>\n<script type=\"application\/ld+json\" class=\"yoast-schema-graph\">{\"@context\":\"https:\\\/\\\/schema.org\",\"@graph\":[{\"@type\":\"Article\",\"@id\":\"https:\\\/\\\/hijasdejesus.org\\\/pt-br\\\/carta-a-maria-moro-fi-2\\\/#article\",\"isPartOf\":{\"@id\":\"https:\\\/\\\/hijasdejesus.org\\\/pt-br\\\/carta-a-maria-moro-fi-2\\\/\"},\"author\":{\"name\":\"Webmaster\",\"@id\":\"https:\\\/\\\/hijasdejesus.org\\\/pt-br\\\/#\\\/schema\\\/person\\\/ce4455965da733f2791f23b6ec14e9b6\"},\"headline\":\"Carta a Maria Moro FI\",\"datePublished\":\"2016-04-02T22:44:06+00:00\",\"dateModified\":\"2016-04-12T14:09:57+00:00\",\"mainEntityOfPage\":{\"@id\":\"https:\\\/\\\/hijasdejesus.org\\\/pt-br\\\/carta-a-maria-moro-fi-2\\\/\"},\"wordCount\":728,\"publisher\":{\"@id\":\"https:\\\/\\\/hijasdejesus.org\\\/pt-br\\\/#organization\"},\"image\":{\"@id\":\"https:\\\/\\\/hijasdejesus.org\\\/pt-br\\\/carta-a-maria-moro-fi-2\\\/#primaryimage\"},\"thumbnailUrl\":\"https:\\\/\\\/hijasdejesus.org\\\/wp-content\\\/uploads\\\/2016\\\/04\\\/mariamoro.jpg\",\"articleSection\":[\"Espanha-It\u00e1lia\",\"Hijas de Jes\u00fas\",\"Not\u00edcias\"],\"inLanguage\":\"pt-BR\"},{\"@type\":\"WebPage\",\"@id\":\"https:\\\/\\\/hijasdejesus.org\\\/pt-br\\\/carta-a-maria-moro-fi-2\\\/\",\"url\":\"https:\\\/\\\/hijasdejesus.org\\\/pt-br\\\/carta-a-maria-moro-fi-2\\\/\",\"name\":\"Carta a Maria Moro FI - Hijas de Jes\u00fas\",\"isPartOf\":{\"@id\":\"https:\\\/\\\/hijasdejesus.org\\\/pt-br\\\/#website\"},\"primaryImageOfPage\":{\"@id\":\"https:\\\/\\\/hijasdejesus.org\\\/pt-br\\\/carta-a-maria-moro-fi-2\\\/#primaryimage\"},\"image\":{\"@id\":\"https:\\\/\\\/hijasdejesus.org\\\/pt-br\\\/carta-a-maria-moro-fi-2\\\/#primaryimage\"},\"thumbnailUrl\":\"https:\\\/\\\/hijasdejesus.org\\\/wp-content\\\/uploads\\\/2016\\\/04\\\/mariamoro.jpg\",\"datePublished\":\"2016-04-02T22:44:06+00:00\",\"dateModified\":\"2016-04-12T14:09:57+00:00\",\"breadcrumb\":{\"@id\":\"https:\\\/\\\/hijasdejesus.org\\\/pt-br\\\/carta-a-maria-moro-fi-2\\\/#breadcrumb\"},\"inLanguage\":\"pt-BR\",\"potentialAction\":[{\"@type\":\"ReadAction\",\"target\":[\"https:\\\/\\\/hijasdejesus.org\\\/pt-br\\\/carta-a-maria-moro-fi-2\\\/\"]}]},{\"@type\":\"ImageObject\",\"inLanguage\":\"pt-BR\",\"@id\":\"https:\\\/\\\/hijasdejesus.org\\\/pt-br\\\/carta-a-maria-moro-fi-2\\\/#primaryimage\",\"url\":\"https:\\\/\\\/hijasdejesus.org\\\/wp-content\\\/uploads\\\/2016\\\/04\\\/mariamoro.jpg\",\"contentUrl\":\"https:\\\/\\\/hijasdejesus.org\\\/wp-content\\\/uploads\\\/2016\\\/04\\\/mariamoro.jpg\",\"width\":1024,\"height\":768},{\"@type\":\"BreadcrumbList\",\"@id\":\"https:\\\/\\\/hijasdejesus.org\\\/pt-br\\\/carta-a-maria-moro-fi-2\\\/#breadcrumb\",\"itemListElement\":[{\"@type\":\"ListItem\",\"position\":1,\"name\":\"Portada\",\"item\":\"https:\\\/\\\/hijasdejesus.org\\\/pt-br\\\/\"},{\"@type\":\"ListItem\",\"position\":2,\"name\":\"Carta a Maria Moro FI\"}]},{\"@type\":\"WebSite\",\"@id\":\"https:\\\/\\\/hijasdejesus.org\\\/pt-br\\\/#website\",\"url\":\"https:\\\/\\\/hijasdejesus.org\\\/pt-br\\\/\",\"name\":\"Hijas de Jes\u00fas\",\"description\":\"Despertamos a Jes\u00fas en el coraz\u00f3n, sacando lo mejor de las personas. Somos una congregaci\u00f3n religiosa ignaciana fundada por la Madre Candida\",\"publisher\":{\"@id\":\"https:\\\/\\\/hijasdejesus.org\\\/pt-br\\\/#organization\"},\"potentialAction\":[{\"@type\":\"SearchAction\",\"target\":{\"@type\":\"EntryPoint\",\"urlTemplate\":\"https:\\\/\\\/hijasdejesus.org\\\/pt-br\\\/?s={search_term_string}\"},\"query-input\":{\"@type\":\"PropertyValueSpecification\",\"valueRequired\":true,\"valueName\":\"search_term_string\"}}],\"inLanguage\":\"pt-BR\"},{\"@type\":\"Organization\",\"@id\":\"https:\\\/\\\/hijasdejesus.org\\\/pt-br\\\/#organization\",\"name\":\"Hijas de Jes\u00fas\",\"url\":\"https:\\\/\\\/hijasdejesus.org\\\/pt-br\\\/\",\"logo\":{\"@type\":\"ImageObject\",\"inLanguage\":\"pt-BR\",\"@id\":\"https:\\\/\\\/hijasdejesus.org\\\/pt-br\\\/#\\\/schema\\\/logo\\\/image\\\/\",\"url\":\"https:\\\/\\\/hijasdejesus.org\\\/wp-content\\\/uploads\\\/2023\\\/01\\\/Hijas-de-Jesus_hor-A7C957.png\",\"contentUrl\":\"https:\\\/\\\/hijasdejesus.org\\\/wp-content\\\/uploads\\\/2023\\\/01\\\/Hijas-de-Jesus_hor-A7C957.png\",\"width\":700,\"height\":360,\"caption\":\"Hijas de Jes\u00fas\"},\"image\":{\"@id\":\"https:\\\/\\\/hijasdejesus.org\\\/pt-br\\\/#\\\/schema\\\/logo\\\/image\\\/\"},\"sameAs\":[\"https:\\\/\\\/www.facebook.com\\\/hijasdejesusenelmundo\\\/\",\"https:\\\/\\\/x.com\\\/hijasdjesus\"]},{\"@type\":\"Person\",\"@id\":\"https:\\\/\\\/hijasdejesus.org\\\/pt-br\\\/#\\\/schema\\\/person\\\/ce4455965da733f2791f23b6ec14e9b6\",\"name\":\"Webmaster\",\"image\":{\"@type\":\"ImageObject\",\"inLanguage\":\"pt-BR\",\"@id\":\"https:\\\/\\\/secure.gravatar.com\\\/avatar\\\/cfd0acaac86c3981d541d2e99a0ffb7b6d33a5ac8989a62f5518b9e0f7ee128a?s=96&d=mm&r=g\",\"url\":\"https:\\\/\\\/secure.gravatar.com\\\/avatar\\\/cfd0acaac86c3981d541d2e99a0ffb7b6d33a5ac8989a62f5518b9e0f7ee128a?s=96&d=mm&r=g\",\"contentUrl\":\"https:\\\/\\\/secure.gravatar.com\\\/avatar\\\/cfd0acaac86c3981d541d2e99a0ffb7b6d33a5ac8989a62f5518b9e0f7ee128a?s=96&d=mm&r=g\",\"caption\":\"Webmaster\"},\"url\":\"https:\\\/\\\/hijasdejesus.org\\\/pt-br\\\/author\\\/webmaster\\\/\"}]}<\/script>\n<!-- \/ Yoast SEO plugin. -->","yoast_head_json":{"title":"Carta a Maria Moro FI - Hijas de Jes\u00fas","robots":{"index":"index","follow":"follow","max-snippet":"max-snippet:-1","max-image-preview":"max-image-preview:large","max-video-preview":"max-video-preview:-1"},"canonical":"https:\/\/hijasdejesus.org\/pt-br\/carta-a-maria-moro-fi-2\/","og_locale":"pt_BR","og_type":"article","og_title":"Carta a Maria Moro FI - Hijas de Jes\u00fas","og_description":"Abril 2016 &#8211; P\u00e1scoa da Ressurrei\u00e7\u00e3o Querida Maria:Hoje de manh\u00e3 senti o impulso de pegar o telefone para conversar com voc\u00ea, como tantas vezes fizemos ultimamente. Pensei que seria o momento para estar um tempo com voc\u00ea e fazer mem\u00f3ria do trecho do caminho que nos foi dado caminhar juntas. Sabe que estas palavras n\u00e3o [&hellip;]","og_url":"https:\/\/hijasdejesus.org\/pt-br\/carta-a-maria-moro-fi-2\/","og_site_name":"Hijas de Jes\u00fas","article_publisher":"https:\/\/www.facebook.com\/hijasdejesusenelmundo\/","article_published_time":"2016-04-02T22:44:06+00:00","article_modified_time":"2016-04-12T14:09:57+00:00","og_image":[{"width":1024,"height":768,"url":"https:\/\/hijasdejesus.org\/wp-content\/uploads\/2016\/04\/mariamoro.jpg","type":"image\/jpeg"}],"author":"Webmaster","twitter_card":"summary_large_image","twitter_creator":"@hijasdjesus","twitter_site":"@hijasdjesus","twitter_misc":{"Escrito por":"Webmaster","Est. tempo de leitura":"4 minutos"},"schema":{"@context":"https:\/\/schema.org","@graph":[{"@type":"Article","@id":"https:\/\/hijasdejesus.org\/pt-br\/carta-a-maria-moro-fi-2\/#article","isPartOf":{"@id":"https:\/\/hijasdejesus.org\/pt-br\/carta-a-maria-moro-fi-2\/"},"author":{"name":"Webmaster","@id":"https:\/\/hijasdejesus.org\/pt-br\/#\/schema\/person\/ce4455965da733f2791f23b6ec14e9b6"},"headline":"Carta a Maria Moro FI","datePublished":"2016-04-02T22:44:06+00:00","dateModified":"2016-04-12T14:09:57+00:00","mainEntityOfPage":{"@id":"https:\/\/hijasdejesus.org\/pt-br\/carta-a-maria-moro-fi-2\/"},"wordCount":728,"publisher":{"@id":"https:\/\/hijasdejesus.org\/pt-br\/#organization"},"image":{"@id":"https:\/\/hijasdejesus.org\/pt-br\/carta-a-maria-moro-fi-2\/#primaryimage"},"thumbnailUrl":"https:\/\/hijasdejesus.org\/wp-content\/uploads\/2016\/04\/mariamoro.jpg","articleSection":["Espanha-It\u00e1lia","Hijas de Jes\u00fas","Not\u00edcias"],"inLanguage":"pt-BR"},{"@type":"WebPage","@id":"https:\/\/hijasdejesus.org\/pt-br\/carta-a-maria-moro-fi-2\/","url":"https:\/\/hijasdejesus.org\/pt-br\/carta-a-maria-moro-fi-2\/","name":"Carta a Maria Moro FI - Hijas de Jes\u00fas","isPartOf":{"@id":"https:\/\/hijasdejesus.org\/pt-br\/#website"},"primaryImageOfPage":{"@id":"https:\/\/hijasdejesus.org\/pt-br\/carta-a-maria-moro-fi-2\/#primaryimage"},"image":{"@id":"https:\/\/hijasdejesus.org\/pt-br\/carta-a-maria-moro-fi-2\/#primaryimage"},"thumbnailUrl":"https:\/\/hijasdejesus.org\/wp-content\/uploads\/2016\/04\/mariamoro.jpg","datePublished":"2016-04-02T22:44:06+00:00","dateModified":"2016-04-12T14:09:57+00:00","breadcrumb":{"@id":"https:\/\/hijasdejesus.org\/pt-br\/carta-a-maria-moro-fi-2\/#breadcrumb"},"inLanguage":"pt-BR","potentialAction":[{"@type":"ReadAction","target":["https:\/\/hijasdejesus.org\/pt-br\/carta-a-maria-moro-fi-2\/"]}]},{"@type":"ImageObject","inLanguage":"pt-BR","@id":"https:\/\/hijasdejesus.org\/pt-br\/carta-a-maria-moro-fi-2\/#primaryimage","url":"https:\/\/hijasdejesus.org\/wp-content\/uploads\/2016\/04\/mariamoro.jpg","contentUrl":"https:\/\/hijasdejesus.org\/wp-content\/uploads\/2016\/04\/mariamoro.jpg","width":1024,"height":768},{"@type":"BreadcrumbList","@id":"https:\/\/hijasdejesus.org\/pt-br\/carta-a-maria-moro-fi-2\/#breadcrumb","itemListElement":[{"@type":"ListItem","position":1,"name":"Portada","item":"https:\/\/hijasdejesus.org\/pt-br\/"},{"@type":"ListItem","position":2,"name":"Carta a Maria Moro FI"}]},{"@type":"WebSite","@id":"https:\/\/hijasdejesus.org\/pt-br\/#website","url":"https:\/\/hijasdejesus.org\/pt-br\/","name":"Hijas de Jes\u00fas","description":"Despertamos a Jes\u00fas en el coraz\u00f3n, sacando lo mejor de las personas. Somos una congregaci\u00f3n religiosa ignaciana fundada por la Madre Candida","publisher":{"@id":"https:\/\/hijasdejesus.org\/pt-br\/#organization"},"potentialAction":[{"@type":"SearchAction","target":{"@type":"EntryPoint","urlTemplate":"https:\/\/hijasdejesus.org\/pt-br\/?s={search_term_string}"},"query-input":{"@type":"PropertyValueSpecification","valueRequired":true,"valueName":"search_term_string"}}],"inLanguage":"pt-BR"},{"@type":"Organization","@id":"https:\/\/hijasdejesus.org\/pt-br\/#organization","name":"Hijas de Jes\u00fas","url":"https:\/\/hijasdejesus.org\/pt-br\/","logo":{"@type":"ImageObject","inLanguage":"pt-BR","@id":"https:\/\/hijasdejesus.org\/pt-br\/#\/schema\/logo\/image\/","url":"https:\/\/hijasdejesus.org\/wp-content\/uploads\/2023\/01\/Hijas-de-Jesus_hor-A7C957.png","contentUrl":"https:\/\/hijasdejesus.org\/wp-content\/uploads\/2023\/01\/Hijas-de-Jesus_hor-A7C957.png","width":700,"height":360,"caption":"Hijas de Jes\u00fas"},"image":{"@id":"https:\/\/hijasdejesus.org\/pt-br\/#\/schema\/logo\/image\/"},"sameAs":["https:\/\/www.facebook.com\/hijasdejesusenelmundo\/","https:\/\/x.com\/hijasdjesus"]},{"@type":"Person","@id":"https:\/\/hijasdejesus.org\/pt-br\/#\/schema\/person\/ce4455965da733f2791f23b6ec14e9b6","name":"Webmaster","image":{"@type":"ImageObject","inLanguage":"pt-BR","@id":"https:\/\/secure.gravatar.com\/avatar\/cfd0acaac86c3981d541d2e99a0ffb7b6d33a5ac8989a62f5518b9e0f7ee128a?s=96&d=mm&r=g","url":"https:\/\/secure.gravatar.com\/avatar\/cfd0acaac86c3981d541d2e99a0ffb7b6d33a5ac8989a62f5518b9e0f7ee128a?s=96&d=mm&r=g","contentUrl":"https:\/\/secure.gravatar.com\/avatar\/cfd0acaac86c3981d541d2e99a0ffb7b6d33a5ac8989a62f5518b9e0f7ee128a?s=96&d=mm&r=g","caption":"Webmaster"},"url":"https:\/\/hijasdejesus.org\/pt-br\/author\/webmaster\/"}]}},"_links":{"self":[{"href":"https:\/\/hijasdejesus.org\/pt-br\/wp-json\/wp\/v2\/posts\/27587","targetHints":{"allow":["GET"]}}],"collection":[{"href":"https:\/\/hijasdejesus.org\/pt-br\/wp-json\/wp\/v2\/posts"}],"about":[{"href":"https:\/\/hijasdejesus.org\/pt-br\/wp-json\/wp\/v2\/types\/post"}],"author":[{"embeddable":true,"href":"https:\/\/hijasdejesus.org\/pt-br\/wp-json\/wp\/v2\/users\/28"}],"replies":[{"embeddable":true,"href":"https:\/\/hijasdejesus.org\/pt-br\/wp-json\/wp\/v2\/comments?post=27587"}],"version-history":[{"count":0,"href":"https:\/\/hijasdejesus.org\/pt-br\/wp-json\/wp\/v2\/posts\/27587\/revisions"}],"wp:featuredmedia":[{"embeddable":true,"href":"https:\/\/hijasdejesus.org\/pt-br\/wp-json\/wp\/v2\/media\/7124"}],"wp:attachment":[{"href":"https:\/\/hijasdejesus.org\/pt-br\/wp-json\/wp\/v2\/media?parent=27587"}],"wp:term":[{"taxonomy":"category","embeddable":true,"href":"https:\/\/hijasdejesus.org\/pt-br\/wp-json\/wp\/v2\/categories?post=27587"},{"taxonomy":"post_tag","embeddable":true,"href":"https:\/\/hijasdejesus.org\/pt-br\/wp-json\/wp\/v2\/tags?post=27587"}],"curies":[{"name":"wp","href":"https:\/\/api.w.org\/{rel}","templated":true}]}}