{"id":27590,"date":"2016-03-31T14:25:40","date_gmt":"2016-03-31T12:25:40","guid":{"rendered":"https:\/\/nueva.hijasdejesus.org\/pascoa-em-taize\/"},"modified":"2016-04-12T16:30:51","modified_gmt":"2016-04-12T14:30:51","slug":"pascoa-em-taize","status":"publish","type":"post","link":"https:\/\/hijasdejesus.org\/pt-br\/pascoa-em-taize\/","title":{"rendered":"P\u00c1SCOA EM TAIZ\u00c8"},"content":{"rendered":"<p>Esta Semana Santa foi diferente. Fui a Taiz\u00e9 com Sofia Langoni FI (juniora)\u00a0 acompanhando um grupo de jovens. Eram 55 jovens entre Pamplona, Bilbao e Durango.<br \/>Foram dias de partilha da interioridade, de contemplar Jesus, de ativar a escuta, fazer sil\u00eancio, rezar, compartilhar, experimentar a comunh\u00e3o e a universalidade, viver a partir do pequeno, ver outros modos de fazer e de rezar, descobrir\u00a0 como os cantos de Taiz\u00e9 ajudam a entrar em contato consigo mesma e com Deus&#8230;<br \/>Dou gra\u00e7as a Deus porque fui testemunha da maravilhosa atua\u00e7\u00e3o de Deus; Ele nos acompanha, nos questiona, inquieta&#8230; Estar com jovens que buscam, que se questionam, que fazem\u00a0 a si mesmos e a n\u00f3s muitas perguntas confirmam mais uma vez que o importante\u00a0 na vida \u00e9 estar em busca, e que essas buscas as fazemos com outros, n\u00e3o sozinhas. E que as d\u00favidas, quest\u00f5es, perguntas s\u00e3o as que nos fazem estar a caminho e ir descobrindo certezas e intui\u00e7\u00f5es que d\u00e3o sentido \u00e0 vida.<br \/>Uma dessas certezas \u00e9 que o sentido de minha vida, meu ch\u00e3o eu encontro em Jesus, em sua Palavra ainda que nem sempre encontre a resposta, ainda que nem sempre veja tudo claramente.<br \/>Senhor, o que desejo \u00e9 viver no AMOR, de teu jeito e sabendo que estou em muito boas m\u00e3os, as tuas.<\/p>\n<p style=\"text-align: center;\"><strong>Por Naike Mart\u00edn FI<\/strong><\/p>\n","protected":false},"excerpt":{"rendered":"<p>Esta Semana Santa foi diferente. Fui a Taiz\u00e9 com Sofia Langoni FI (juniora)\u00a0 acompanhando um grupo de jovens. Eram 55 jovens entre Pamplona, Bilbao e Durango.Foram dias de partilha da interioridade, de contemplar Jesus, de ativar a escuta, fazer sil\u00eancio, rezar, compartilhar, experimentar a comunh\u00e3o e a universalidade, viver a partir do pequeno, ver outros [&hellip;]<\/p>\n","protected":false},"author":28,"featured_media":12513,"comment_status":"closed","ping_status":"closed","sticky":false,"template":"","format":"standard","meta":{"_et_pb_use_builder":"","_et_pb_old_content":"","_et_gb_content_width":"","footnotes":"","_links_to":"","_links_to_target":""},"categories":[521,537,469],"tags":[],"class_list":["post-27590","post","type-post","status-publish","format-standard","has-post-thumbnail","hentry","category-espanha-italia","category-juventude","category-noticias-pt-br"],"yoast_head":"<!-- This site is optimized with the Yoast SEO plugin v27.4 - https:\/\/yoast.com\/product\/yoast-seo-wordpress\/ -->\n<title>P\u00c1SCOA EM TAIZ\u00c8 - Hijas de Jes\u00fas<\/title>\n<meta name=\"robots\" content=\"index, follow, max-snippet:-1, max-image-preview:large, max-video-preview:-1\" \/>\n<link rel=\"canonical\" href=\"https:\/\/hijasdejesus.org\/pt-br\/pascoa-em-taize\/\" \/>\n<meta property=\"og:locale\" content=\"pt_BR\" \/>\n<meta property=\"og:type\" content=\"article\" \/>\n<meta property=\"og:title\" content=\"P\u00c1SCOA EM TAIZ\u00c8 - Hijas de Jes\u00fas\" \/>\n<meta property=\"og:description\" content=\"Esta Semana Santa foi diferente. Fui a Taiz\u00e9 com Sofia Langoni FI (juniora)\u00a0 acompanhando um grupo de jovens. Eram 55 jovens entre Pamplona, Bilbao e Durango.Foram dias de partilha da interioridade, de contemplar Jesus, de ativar a escuta, fazer sil\u00eancio, rezar, compartilhar, experimentar a comunh\u00e3o e a universalidade, viver a partir do pequeno, ver outros [&hellip;]\" \/>\n<meta property=\"og:url\" content=\"https:\/\/hijasdejesus.org\/pt-br\/pascoa-em-taize\/\" \/>\n<meta property=\"og:site_name\" content=\"Hijas de Jes\u00fas\" \/>\n<meta property=\"article:publisher\" content=\"https:\/\/www.facebook.com\/hijasdejesusenelmundo\/\" \/>\n<meta property=\"article:published_time\" content=\"2016-03-31T12:25:40+00:00\" \/>\n<meta property=\"article:modified_time\" content=\"2016-04-12T14:30:51+00:00\" \/>\n<meta property=\"og:image\" content=\"https:\/\/hijasdejesus.org\/wp-content\/uploads\/2016\/04\/pascua_taize22.JPG\" \/>\n\t<meta property=\"og:image:width\" content=\"1\" \/>\n\t<meta property=\"og:image:height\" content=\"1\" \/>\n\t<meta property=\"og:image:type\" content=\"image\/jpeg\" \/>\n<meta name=\"author\" content=\"Webmaster\" \/>\n<meta name=\"twitter:card\" content=\"summary_large_image\" \/>\n<meta name=\"twitter:creator\" content=\"@hijasdjesus\" \/>\n<meta name=\"twitter:site\" content=\"@hijasdjesus\" \/>\n<meta name=\"twitter:label1\" content=\"Escrito por\" \/>\n\t<meta name=\"twitter:data1\" content=\"Webmaster\" \/>\n\t<meta name=\"twitter:label2\" content=\"Est. tempo de leitura\" \/>\n\t<meta name=\"twitter:data2\" content=\"1 minuto\" \/>\n<script type=\"application\/ld+json\" class=\"yoast-schema-graph\">{\"@context\":\"https:\\\/\\\/schema.org\",\"@graph\":[{\"@type\":\"Article\",\"@id\":\"https:\\\/\\\/hijasdejesus.org\\\/pt-br\\\/pascoa-em-taize\\\/#article\",\"isPartOf\":{\"@id\":\"https:\\\/\\\/hijasdejesus.org\\\/pt-br\\\/pascoa-em-taize\\\/\"},\"author\":{\"name\":\"Webmaster\",\"@id\":\"https:\\\/\\\/hijasdejesus.org\\\/pt-br\\\/#\\\/schema\\\/person\\\/ce4455965da733f2791f23b6ec14e9b6\"},\"headline\":\"P\u00c1SCOA EM TAIZ\u00c8\",\"datePublished\":\"2016-03-31T12:25:40+00:00\",\"dateModified\":\"2016-04-12T14:30:51+00:00\",\"mainEntityOfPage\":{\"@id\":\"https:\\\/\\\/hijasdejesus.org\\\/pt-br\\\/pascoa-em-taize\\\/\"},\"wordCount\":233,\"publisher\":{\"@id\":\"https:\\\/\\\/hijasdejesus.org\\\/pt-br\\\/#organization\"},\"image\":{\"@id\":\"https:\\\/\\\/hijasdejesus.org\\\/pt-br\\\/pascoa-em-taize\\\/#primaryimage\"},\"thumbnailUrl\":\"https:\\\/\\\/hijasdejesus.org\\\/wp-content\\\/uploads\\\/2016\\\/04\\\/pascua_taize22.JPG\",\"articleSection\":[\"Espanha-It\u00e1lia\",\"Juventude\",\"Not\u00edcias\"],\"inLanguage\":\"pt-BR\"},{\"@type\":\"WebPage\",\"@id\":\"https:\\\/\\\/hijasdejesus.org\\\/pt-br\\\/pascoa-em-taize\\\/\",\"url\":\"https:\\\/\\\/hijasdejesus.org\\\/pt-br\\\/pascoa-em-taize\\\/\",\"name\":\"P\u00c1SCOA EM TAIZ\u00c8 - Hijas de Jes\u00fas\",\"isPartOf\":{\"@id\":\"https:\\\/\\\/hijasdejesus.org\\\/pt-br\\\/#website\"},\"primaryImageOfPage\":{\"@id\":\"https:\\\/\\\/hijasdejesus.org\\\/pt-br\\\/pascoa-em-taize\\\/#primaryimage\"},\"image\":{\"@id\":\"https:\\\/\\\/hijasdejesus.org\\\/pt-br\\\/pascoa-em-taize\\\/#primaryimage\"},\"thumbnailUrl\":\"https:\\\/\\\/hijasdejesus.org\\\/wp-content\\\/uploads\\\/2016\\\/04\\\/pascua_taize22.JPG\",\"datePublished\":\"2016-03-31T12:25:40+00:00\",\"dateModified\":\"2016-04-12T14:30:51+00:00\",\"breadcrumb\":{\"@id\":\"https:\\\/\\\/hijasdejesus.org\\\/pt-br\\\/pascoa-em-taize\\\/#breadcrumb\"},\"inLanguage\":\"pt-BR\",\"potentialAction\":[{\"@type\":\"ReadAction\",\"target\":[\"https:\\\/\\\/hijasdejesus.org\\\/pt-br\\\/pascoa-em-taize\\\/\"]}]},{\"@type\":\"ImageObject\",\"inLanguage\":\"pt-BR\",\"@id\":\"https:\\\/\\\/hijasdejesus.org\\\/pt-br\\\/pascoa-em-taize\\\/#primaryimage\",\"url\":\"https:\\\/\\\/hijasdejesus.org\\\/wp-content\\\/uploads\\\/2016\\\/04\\\/pascua_taize22.JPG\",\"contentUrl\":\"https:\\\/\\\/hijasdejesus.org\\\/wp-content\\\/uploads\\\/2016\\\/04\\\/pascua_taize22.JPG\"},{\"@type\":\"BreadcrumbList\",\"@id\":\"https:\\\/\\\/hijasdejesus.org\\\/pt-br\\\/pascoa-em-taize\\\/#breadcrumb\",\"itemListElement\":[{\"@type\":\"ListItem\",\"position\":1,\"name\":\"Portada\",\"item\":\"https:\\\/\\\/hijasdejesus.org\\\/pt-br\\\/\"},{\"@type\":\"ListItem\",\"position\":2,\"name\":\"P\u00c1SCOA EM TAIZ\u00c8\"}]},{\"@type\":\"WebSite\",\"@id\":\"https:\\\/\\\/hijasdejesus.org\\\/pt-br\\\/#website\",\"url\":\"https:\\\/\\\/hijasdejesus.org\\\/pt-br\\\/\",\"name\":\"Hijas de Jes\u00fas\",\"description\":\"Despertamos a Jes\u00fas en el coraz\u00f3n, sacando lo mejor de las personas. Somos una congregaci\u00f3n religiosa ignaciana fundada por la Madre Candida\",\"publisher\":{\"@id\":\"https:\\\/\\\/hijasdejesus.org\\\/pt-br\\\/#organization\"},\"potentialAction\":[{\"@type\":\"SearchAction\",\"target\":{\"@type\":\"EntryPoint\",\"urlTemplate\":\"https:\\\/\\\/hijasdejesus.org\\\/pt-br\\\/?s={search_term_string}\"},\"query-input\":{\"@type\":\"PropertyValueSpecification\",\"valueRequired\":true,\"valueName\":\"search_term_string\"}}],\"inLanguage\":\"pt-BR\"},{\"@type\":\"Organization\",\"@id\":\"https:\\\/\\\/hijasdejesus.org\\\/pt-br\\\/#organization\",\"name\":\"Hijas de Jes\u00fas\",\"url\":\"https:\\\/\\\/hijasdejesus.org\\\/pt-br\\\/\",\"logo\":{\"@type\":\"ImageObject\",\"inLanguage\":\"pt-BR\",\"@id\":\"https:\\\/\\\/hijasdejesus.org\\\/pt-br\\\/#\\\/schema\\\/logo\\\/image\\\/\",\"url\":\"https:\\\/\\\/hijasdejesus.org\\\/wp-content\\\/uploads\\\/2023\\\/01\\\/Hijas-de-Jesus_hor-A7C957.png\",\"contentUrl\":\"https:\\\/\\\/hijasdejesus.org\\\/wp-content\\\/uploads\\\/2023\\\/01\\\/Hijas-de-Jesus_hor-A7C957.png\",\"width\":700,\"height\":360,\"caption\":\"Hijas de Jes\u00fas\"},\"image\":{\"@id\":\"https:\\\/\\\/hijasdejesus.org\\\/pt-br\\\/#\\\/schema\\\/logo\\\/image\\\/\"},\"sameAs\":[\"https:\\\/\\\/www.facebook.com\\\/hijasdejesusenelmundo\\\/\",\"https:\\\/\\\/x.com\\\/hijasdjesus\"]},{\"@type\":\"Person\",\"@id\":\"https:\\\/\\\/hijasdejesus.org\\\/pt-br\\\/#\\\/schema\\\/person\\\/ce4455965da733f2791f23b6ec14e9b6\",\"name\":\"Webmaster\",\"image\":{\"@type\":\"ImageObject\",\"inLanguage\":\"pt-BR\",\"@id\":\"https:\\\/\\\/secure.gravatar.com\\\/avatar\\\/cfd0acaac86c3981d541d2e99a0ffb7b6d33a5ac8989a62f5518b9e0f7ee128a?s=96&d=mm&r=g\",\"url\":\"https:\\\/\\\/secure.gravatar.com\\\/avatar\\\/cfd0acaac86c3981d541d2e99a0ffb7b6d33a5ac8989a62f5518b9e0f7ee128a?s=96&d=mm&r=g\",\"contentUrl\":\"https:\\\/\\\/secure.gravatar.com\\\/avatar\\\/cfd0acaac86c3981d541d2e99a0ffb7b6d33a5ac8989a62f5518b9e0f7ee128a?s=96&d=mm&r=g\",\"caption\":\"Webmaster\"},\"url\":\"https:\\\/\\\/hijasdejesus.org\\\/pt-br\\\/author\\\/webmaster\\\/\"}]}<\/script>\n<!-- \/ Yoast SEO plugin. -->","yoast_head_json":{"title":"P\u00c1SCOA EM TAIZ\u00c8 - Hijas de Jes\u00fas","robots":{"index":"index","follow":"follow","max-snippet":"max-snippet:-1","max-image-preview":"max-image-preview:large","max-video-preview":"max-video-preview:-1"},"canonical":"https:\/\/hijasdejesus.org\/pt-br\/pascoa-em-taize\/","og_locale":"pt_BR","og_type":"article","og_title":"P\u00c1SCOA EM TAIZ\u00c8 - Hijas de Jes\u00fas","og_description":"Esta Semana Santa foi diferente. Fui a Taiz\u00e9 com Sofia Langoni FI (juniora)\u00a0 acompanhando um grupo de jovens. Eram 55 jovens entre Pamplona, Bilbao e Durango.Foram dias de partilha da interioridade, de contemplar Jesus, de ativar a escuta, fazer sil\u00eancio, rezar, compartilhar, experimentar a comunh\u00e3o e a universalidade, viver a partir do pequeno, ver outros [&hellip;]","og_url":"https:\/\/hijasdejesus.org\/pt-br\/pascoa-em-taize\/","og_site_name":"Hijas de Jes\u00fas","article_publisher":"https:\/\/www.facebook.com\/hijasdejesusenelmundo\/","article_published_time":"2016-03-31T12:25:40+00:00","article_modified_time":"2016-04-12T14:30:51+00:00","og_image":[{"url":"https:\/\/hijasdejesus.org\/wp-content\/uploads\/2016\/04\/pascua_taize22.JPG","width":1,"height":1,"type":"image\/jpeg"}],"author":"Webmaster","twitter_card":"summary_large_image","twitter_creator":"@hijasdjesus","twitter_site":"@hijasdjesus","twitter_misc":{"Escrito por":"Webmaster","Est. tempo de leitura":"1 minuto"},"schema":{"@context":"https:\/\/schema.org","@graph":[{"@type":"Article","@id":"https:\/\/hijasdejesus.org\/pt-br\/pascoa-em-taize\/#article","isPartOf":{"@id":"https:\/\/hijasdejesus.org\/pt-br\/pascoa-em-taize\/"},"author":{"name":"Webmaster","@id":"https:\/\/hijasdejesus.org\/pt-br\/#\/schema\/person\/ce4455965da733f2791f23b6ec14e9b6"},"headline":"P\u00c1SCOA EM TAIZ\u00c8","datePublished":"2016-03-31T12:25:40+00:00","dateModified":"2016-04-12T14:30:51+00:00","mainEntityOfPage":{"@id":"https:\/\/hijasdejesus.org\/pt-br\/pascoa-em-taize\/"},"wordCount":233,"publisher":{"@id":"https:\/\/hijasdejesus.org\/pt-br\/#organization"},"image":{"@id":"https:\/\/hijasdejesus.org\/pt-br\/pascoa-em-taize\/#primaryimage"},"thumbnailUrl":"https:\/\/hijasdejesus.org\/wp-content\/uploads\/2016\/04\/pascua_taize22.JPG","articleSection":["Espanha-It\u00e1lia","Juventude","Not\u00edcias"],"inLanguage":"pt-BR"},{"@type":"WebPage","@id":"https:\/\/hijasdejesus.org\/pt-br\/pascoa-em-taize\/","url":"https:\/\/hijasdejesus.org\/pt-br\/pascoa-em-taize\/","name":"P\u00c1SCOA EM TAIZ\u00c8 - Hijas de Jes\u00fas","isPartOf":{"@id":"https:\/\/hijasdejesus.org\/pt-br\/#website"},"primaryImageOfPage":{"@id":"https:\/\/hijasdejesus.org\/pt-br\/pascoa-em-taize\/#primaryimage"},"image":{"@id":"https:\/\/hijasdejesus.org\/pt-br\/pascoa-em-taize\/#primaryimage"},"thumbnailUrl":"https:\/\/hijasdejesus.org\/wp-content\/uploads\/2016\/04\/pascua_taize22.JPG","datePublished":"2016-03-31T12:25:40+00:00","dateModified":"2016-04-12T14:30:51+00:00","breadcrumb":{"@id":"https:\/\/hijasdejesus.org\/pt-br\/pascoa-em-taize\/#breadcrumb"},"inLanguage":"pt-BR","potentialAction":[{"@type":"ReadAction","target":["https:\/\/hijasdejesus.org\/pt-br\/pascoa-em-taize\/"]}]},{"@type":"ImageObject","inLanguage":"pt-BR","@id":"https:\/\/hijasdejesus.org\/pt-br\/pascoa-em-taize\/#primaryimage","url":"https:\/\/hijasdejesus.org\/wp-content\/uploads\/2016\/04\/pascua_taize22.JPG","contentUrl":"https:\/\/hijasdejesus.org\/wp-content\/uploads\/2016\/04\/pascua_taize22.JPG"},{"@type":"BreadcrumbList","@id":"https:\/\/hijasdejesus.org\/pt-br\/pascoa-em-taize\/#breadcrumb","itemListElement":[{"@type":"ListItem","position":1,"name":"Portada","item":"https:\/\/hijasdejesus.org\/pt-br\/"},{"@type":"ListItem","position":2,"name":"P\u00c1SCOA EM TAIZ\u00c8"}]},{"@type":"WebSite","@id":"https:\/\/hijasdejesus.org\/pt-br\/#website","url":"https:\/\/hijasdejesus.org\/pt-br\/","name":"Hijas de Jes\u00fas","description":"Despertamos a Jes\u00fas en el coraz\u00f3n, sacando lo mejor de las personas. Somos una congregaci\u00f3n religiosa ignaciana fundada por la Madre Candida","publisher":{"@id":"https:\/\/hijasdejesus.org\/pt-br\/#organization"},"potentialAction":[{"@type":"SearchAction","target":{"@type":"EntryPoint","urlTemplate":"https:\/\/hijasdejesus.org\/pt-br\/?s={search_term_string}"},"query-input":{"@type":"PropertyValueSpecification","valueRequired":true,"valueName":"search_term_string"}}],"inLanguage":"pt-BR"},{"@type":"Organization","@id":"https:\/\/hijasdejesus.org\/pt-br\/#organization","name":"Hijas de Jes\u00fas","url":"https:\/\/hijasdejesus.org\/pt-br\/","logo":{"@type":"ImageObject","inLanguage":"pt-BR","@id":"https:\/\/hijasdejesus.org\/pt-br\/#\/schema\/logo\/image\/","url":"https:\/\/hijasdejesus.org\/wp-content\/uploads\/2023\/01\/Hijas-de-Jesus_hor-A7C957.png","contentUrl":"https:\/\/hijasdejesus.org\/wp-content\/uploads\/2023\/01\/Hijas-de-Jesus_hor-A7C957.png","width":700,"height":360,"caption":"Hijas de Jes\u00fas"},"image":{"@id":"https:\/\/hijasdejesus.org\/pt-br\/#\/schema\/logo\/image\/"},"sameAs":["https:\/\/www.facebook.com\/hijasdejesusenelmundo\/","https:\/\/x.com\/hijasdjesus"]},{"@type":"Person","@id":"https:\/\/hijasdejesus.org\/pt-br\/#\/schema\/person\/ce4455965da733f2791f23b6ec14e9b6","name":"Webmaster","image":{"@type":"ImageObject","inLanguage":"pt-BR","@id":"https:\/\/secure.gravatar.com\/avatar\/cfd0acaac86c3981d541d2e99a0ffb7b6d33a5ac8989a62f5518b9e0f7ee128a?s=96&d=mm&r=g","url":"https:\/\/secure.gravatar.com\/avatar\/cfd0acaac86c3981d541d2e99a0ffb7b6d33a5ac8989a62f5518b9e0f7ee128a?s=96&d=mm&r=g","contentUrl":"https:\/\/secure.gravatar.com\/avatar\/cfd0acaac86c3981d541d2e99a0ffb7b6d33a5ac8989a62f5518b9e0f7ee128a?s=96&d=mm&r=g","caption":"Webmaster"},"url":"https:\/\/hijasdejesus.org\/pt-br\/author\/webmaster\/"}]}},"_links":{"self":[{"href":"https:\/\/hijasdejesus.org\/pt-br\/wp-json\/wp\/v2\/posts\/27590","targetHints":{"allow":["GET"]}}],"collection":[{"href":"https:\/\/hijasdejesus.org\/pt-br\/wp-json\/wp\/v2\/posts"}],"about":[{"href":"https:\/\/hijasdejesus.org\/pt-br\/wp-json\/wp\/v2\/types\/post"}],"author":[{"embeddable":true,"href":"https:\/\/hijasdejesus.org\/pt-br\/wp-json\/wp\/v2\/users\/28"}],"replies":[{"embeddable":true,"href":"https:\/\/hijasdejesus.org\/pt-br\/wp-json\/wp\/v2\/comments?post=27590"}],"version-history":[{"count":0,"href":"https:\/\/hijasdejesus.org\/pt-br\/wp-json\/wp\/v2\/posts\/27590\/revisions"}],"wp:featuredmedia":[{"embeddable":true,"href":"https:\/\/hijasdejesus.org\/pt-br\/wp-json\/wp\/v2\/media\/12513"}],"wp:attachment":[{"href":"https:\/\/hijasdejesus.org\/pt-br\/wp-json\/wp\/v2\/media?parent=27590"}],"wp:term":[{"taxonomy":"category","embeddable":true,"href":"https:\/\/hijasdejesus.org\/pt-br\/wp-json\/wp\/v2\/categories?post=27590"},{"taxonomy":"post_tag","embeddable":true,"href":"https:\/\/hijasdejesus.org\/pt-br\/wp-json\/wp\/v2\/tags?post=27590"}],"curies":[{"name":"wp","href":"https:\/\/api.w.org\/{rel}","templated":true}]}}