{"id":27591,"date":"2016-03-30T11:29:59","date_gmt":"2016-03-30T09:29:59","guid":{"rendered":"https:\/\/nueva.hijasdejesus.org\/e-que-e-que-linguagem-de-covardes\/"},"modified":"2016-04-12T16:33:24","modified_gmt":"2016-04-12T14:33:24","slug":"e-que-e-que-linguagem-de-covardes","status":"publish","type":"post","link":"https:\/\/hijasdejesus.org\/pt-br\/e-que-e-que-linguagem-de-covardes\/","title":{"rendered":"\u201c\u00c9 que&#8230;\u201d,  \u201c\u00e9 que&#8230;\u201d: linguagem de covardes"},"content":{"rendered":"<p>A linguagem dos \u201c\u00e9 que&#8230;\u201d utilizada tantas vezes na vida quando temos que enfrentar decis\u00f5es, \u00e9, quase sempre, uma linguagem de covardes, uma redu\u00e7\u00e3o para justificar nossas n\u00e3o &#8211; decis\u00f5es, uma manta (mais que um manto&#8230;) para nos esconder&#8230;<br \/>Quero colocar tr\u00eas exemplos que t\u00eam a ver com nossas decis\u00f5es de vida, com nossas decis\u00f5es \u201cvocacionais\u201d.<br \/>&#8211; \u201c\u00c9 que n\u00e3o sei se tenho qualidades &#8230;\u201d; nem eu sei se voc\u00ea as t\u00eam ou n\u00e3o (porque isso n\u00e3o se sabe a priori), mas, em qualquer caso, n\u00e3o \u00e9 este o assunto. Alguma vez voc\u00ea olhou o rosto dos doze ap\u00f3stolos que Jesus escolheu (incluindo o traidor)?\u00a0\u00a0 N\u00e3o sei se eles tinham muitas qualidades&#8230; \u201cSe tenho qualidades ou n\u00e3o\u201d \u00e9 uma falsa quest\u00e3o, uma quest\u00e3o que mascara. A verdadeira quest\u00e3o \u00e9 se quero ou n\u00e3o me entregar. Entregar-me no que sou, com minhas qualidades, porque ningu\u00e9m me pede mais para me entregar.<br \/>-\u201c\u00c9 que n\u00e3o sei se poderei&#8230;\u201d; claro que n\u00e3o sabe, e nunca ir\u00e1 saber se voc\u00ea n\u00e3o tenta&#8230; Este \u201c\u00e9 que\u2026\u201d vale para todas as decis\u00f5es importantes da vida, para todas as responsabilidades que a vida nos vai pedindo. Ou \u00e9 que, por acaso voc\u00ea sabe que poder\u00e1 assumir como se deve a responsabilidade de uma fam\u00edlia, por exemplo? Querer \u00e9 poder, ou melhor, digo de outro modo para n\u00e3o ser entendido como voluntarismo: amar \u00e9 poder.<br \/>&#8211; \u201c\u00c9 que n\u00e3o sei se me engano&#8230;\u201d: Bom, para n\u00e3o repetir o anterior, n\u00e3o se esque\u00e7a que n\u00e3o decidir \u00e9 tamb\u00e9m uma forma de se enganar e, talvez, maior ainda (disse Arrupe). Certamente voc\u00ea se engana se pensa que para tomar uma decis\u00e3o na vida deve estar seguro de n\u00e3o se enganar. A f\u00e9 em Deus n\u00e3o nos pede acertar sempre, mas confiar sempre&#8230;<br \/>O discurso dos \u201c\u00e9 que\u201d \u00e9 discurso de covardes. Como se interrompe esse discurso, qual \u00e9 a arma contra ele? N\u00e3o s\u00e3o outros discursos, mas uma atitude: o agradecimento.<\/p>\n<p style=\"text-align: center;\"><strong>Por Dar\u00edo Moll\u00e0 sj<\/strong><\/p>\n","protected":false},"excerpt":{"rendered":"<p>A linguagem dos \u201c\u00e9 que&#8230;\u201d utilizada tantas vezes na vida quando temos que enfrentar decis\u00f5es, \u00e9, quase sempre, uma linguagem de covardes, uma redu\u00e7\u00e3o para justificar nossas n\u00e3o &#8211; decis\u00f5es, uma manta (mais que um manto&#8230;) para nos esconder&#8230;Quero colocar tr\u00eas exemplos que t\u00eam a ver com nossas decis\u00f5es de vida, com nossas decis\u00f5es \u201cvocacionais\u201d.&#8211; [&hellip;]<\/p>\n","protected":false},"author":28,"featured_media":12543,"comment_status":"closed","ping_status":"closed","sticky":false,"template":"","format":"standard","meta":{"_et_pb_use_builder":"","_et_pb_old_content":"","_et_gb_content_width":"","footnotes":"","_links_to":"","_links_to_target":""},"categories":[533,469],"tags":[],"class_list":["post-27591","post","type-post","status-publish","format-standard","has-post-thumbnail","hentry","category-igreja","category-noticias-pt-br"],"yoast_head":"<!-- This site is optimized with the Yoast SEO plugin v27.4 - https:\/\/yoast.com\/product\/yoast-seo-wordpress\/ -->\n<title>\u201c\u00c9 que...\u201d, \u201c\u00e9 que...\u201d: linguagem de covardes - Hijas de Jes\u00fas<\/title>\n<meta name=\"robots\" content=\"index, follow, max-snippet:-1, max-image-preview:large, max-video-preview:-1\" \/>\n<link rel=\"canonical\" href=\"https:\/\/hijasdejesus.org\/pt-br\/e-que-e-que-linguagem-de-covardes\/\" \/>\n<meta property=\"og:locale\" content=\"pt_BR\" \/>\n<meta property=\"og:type\" content=\"article\" \/>\n<meta property=\"og:title\" content=\"\u201c\u00c9 que...\u201d, \u201c\u00e9 que...\u201d: linguagem de covardes - Hijas de Jes\u00fas\" \/>\n<meta property=\"og:description\" content=\"A linguagem dos \u201c\u00e9 que&#8230;\u201d utilizada tantas vezes na vida quando temos que enfrentar decis\u00f5es, \u00e9, quase sempre, uma linguagem de covardes, uma redu\u00e7\u00e3o para justificar nossas n\u00e3o &#8211; decis\u00f5es, uma manta (mais que um manto&#8230;) para nos esconder&#8230;Quero colocar tr\u00eas exemplos que t\u00eam a ver com nossas decis\u00f5es de vida, com nossas decis\u00f5es \u201cvocacionais\u201d.&#8211; [&hellip;]\" \/>\n<meta property=\"og:url\" content=\"https:\/\/hijasdejesus.org\/pt-br\/e-que-e-que-linguagem-de-covardes\/\" \/>\n<meta property=\"og:site_name\" content=\"Hijas de Jes\u00fas\" \/>\n<meta property=\"article:publisher\" content=\"https:\/\/www.facebook.com\/hijasdejesusenelmundo\/\" \/>\n<meta property=\"article:published_time\" content=\"2016-03-30T09:29:59+00:00\" \/>\n<meta property=\"article:modified_time\" content=\"2016-04-12T14:33:24+00:00\" \/>\n<meta property=\"og:image\" content=\"https:\/\/hijasdejesus.org\/wp-content\/uploads\/2016\/04\/hoojas.jpg\" \/>\n\t<meta property=\"og:image:width\" content=\"1\" \/>\n\t<meta property=\"og:image:height\" content=\"1\" \/>\n\t<meta property=\"og:image:type\" content=\"image\/jpeg\" \/>\n<meta name=\"author\" content=\"Webmaster\" \/>\n<meta name=\"twitter:card\" content=\"summary_large_image\" \/>\n<meta name=\"twitter:creator\" content=\"@hijasdjesus\" \/>\n<meta name=\"twitter:site\" content=\"@hijasdjesus\" \/>\n<meta name=\"twitter:label1\" content=\"Escrito por\" \/>\n\t<meta name=\"twitter:data1\" content=\"Webmaster\" \/>\n\t<meta name=\"twitter:label2\" content=\"Est. tempo de leitura\" \/>\n\t<meta name=\"twitter:data2\" content=\"2 minutos\" \/>\n<script type=\"application\/ld+json\" class=\"yoast-schema-graph\">{\"@context\":\"https:\\\/\\\/schema.org\",\"@graph\":[{\"@type\":\"Article\",\"@id\":\"https:\\\/\\\/hijasdejesus.org\\\/pt-br\\\/e-que-e-que-linguagem-de-covardes\\\/#article\",\"isPartOf\":{\"@id\":\"https:\\\/\\\/hijasdejesus.org\\\/pt-br\\\/e-que-e-que-linguagem-de-covardes\\\/\"},\"author\":{\"name\":\"Webmaster\",\"@id\":\"https:\\\/\\\/hijasdejesus.org\\\/pt-br\\\/#\\\/schema\\\/person\\\/ce4455965da733f2791f23b6ec14e9b6\"},\"headline\":\"\u201c\u00c9 que&#8230;\u201d, \u201c\u00e9 que&#8230;\u201d: linguagem de covardes\",\"datePublished\":\"2016-03-30T09:29:59+00:00\",\"dateModified\":\"2016-04-12T14:33:24+00:00\",\"mainEntityOfPage\":{\"@id\":\"https:\\\/\\\/hijasdejesus.org\\\/pt-br\\\/e-que-e-que-linguagem-de-covardes\\\/\"},\"wordCount\":353,\"publisher\":{\"@id\":\"https:\\\/\\\/hijasdejesus.org\\\/pt-br\\\/#organization\"},\"image\":{\"@id\":\"https:\\\/\\\/hijasdejesus.org\\\/pt-br\\\/e-que-e-que-linguagem-de-covardes\\\/#primaryimage\"},\"thumbnailUrl\":\"https:\\\/\\\/hijasdejesus.org\\\/wp-content\\\/uploads\\\/2016\\\/04\\\/hoojas.jpg\",\"articleSection\":[\"Igreja\",\"Not\u00edcias\"],\"inLanguage\":\"pt-BR\"},{\"@type\":\"WebPage\",\"@id\":\"https:\\\/\\\/hijasdejesus.org\\\/pt-br\\\/e-que-e-que-linguagem-de-covardes\\\/\",\"url\":\"https:\\\/\\\/hijasdejesus.org\\\/pt-br\\\/e-que-e-que-linguagem-de-covardes\\\/\",\"name\":\"\u201c\u00c9 que...\u201d, \u201c\u00e9 que...\u201d: linguagem de covardes - Hijas de Jes\u00fas\",\"isPartOf\":{\"@id\":\"https:\\\/\\\/hijasdejesus.org\\\/pt-br\\\/#website\"},\"primaryImageOfPage\":{\"@id\":\"https:\\\/\\\/hijasdejesus.org\\\/pt-br\\\/e-que-e-que-linguagem-de-covardes\\\/#primaryimage\"},\"image\":{\"@id\":\"https:\\\/\\\/hijasdejesus.org\\\/pt-br\\\/e-que-e-que-linguagem-de-covardes\\\/#primaryimage\"},\"thumbnailUrl\":\"https:\\\/\\\/hijasdejesus.org\\\/wp-content\\\/uploads\\\/2016\\\/04\\\/hoojas.jpg\",\"datePublished\":\"2016-03-30T09:29:59+00:00\",\"dateModified\":\"2016-04-12T14:33:24+00:00\",\"breadcrumb\":{\"@id\":\"https:\\\/\\\/hijasdejesus.org\\\/pt-br\\\/e-que-e-que-linguagem-de-covardes\\\/#breadcrumb\"},\"inLanguage\":\"pt-BR\",\"potentialAction\":[{\"@type\":\"ReadAction\",\"target\":[\"https:\\\/\\\/hijasdejesus.org\\\/pt-br\\\/e-que-e-que-linguagem-de-covardes\\\/\"]}]},{\"@type\":\"ImageObject\",\"inLanguage\":\"pt-BR\",\"@id\":\"https:\\\/\\\/hijasdejesus.org\\\/pt-br\\\/e-que-e-que-linguagem-de-covardes\\\/#primaryimage\",\"url\":\"https:\\\/\\\/hijasdejesus.org\\\/wp-content\\\/uploads\\\/2016\\\/04\\\/hoojas.jpg\",\"contentUrl\":\"https:\\\/\\\/hijasdejesus.org\\\/wp-content\\\/uploads\\\/2016\\\/04\\\/hoojas.jpg\"},{\"@type\":\"BreadcrumbList\",\"@id\":\"https:\\\/\\\/hijasdejesus.org\\\/pt-br\\\/e-que-e-que-linguagem-de-covardes\\\/#breadcrumb\",\"itemListElement\":[{\"@type\":\"ListItem\",\"position\":1,\"name\":\"Portada\",\"item\":\"https:\\\/\\\/hijasdejesus.org\\\/pt-br\\\/\"},{\"@type\":\"ListItem\",\"position\":2,\"name\":\"\u201c\u00c9 que&#8230;\u201d, \u201c\u00e9 que&#8230;\u201d: linguagem de covardes\"}]},{\"@type\":\"WebSite\",\"@id\":\"https:\\\/\\\/hijasdejesus.org\\\/pt-br\\\/#website\",\"url\":\"https:\\\/\\\/hijasdejesus.org\\\/pt-br\\\/\",\"name\":\"Hijas de Jes\u00fas\",\"description\":\"Despertamos a Jes\u00fas en el coraz\u00f3n, sacando lo mejor de las personas. Somos una congregaci\u00f3n religiosa ignaciana fundada por la Madre Candida\",\"publisher\":{\"@id\":\"https:\\\/\\\/hijasdejesus.org\\\/pt-br\\\/#organization\"},\"potentialAction\":[{\"@type\":\"SearchAction\",\"target\":{\"@type\":\"EntryPoint\",\"urlTemplate\":\"https:\\\/\\\/hijasdejesus.org\\\/pt-br\\\/?s={search_term_string}\"},\"query-input\":{\"@type\":\"PropertyValueSpecification\",\"valueRequired\":true,\"valueName\":\"search_term_string\"}}],\"inLanguage\":\"pt-BR\"},{\"@type\":\"Organization\",\"@id\":\"https:\\\/\\\/hijasdejesus.org\\\/pt-br\\\/#organization\",\"name\":\"Hijas de Jes\u00fas\",\"url\":\"https:\\\/\\\/hijasdejesus.org\\\/pt-br\\\/\",\"logo\":{\"@type\":\"ImageObject\",\"inLanguage\":\"pt-BR\",\"@id\":\"https:\\\/\\\/hijasdejesus.org\\\/pt-br\\\/#\\\/schema\\\/logo\\\/image\\\/\",\"url\":\"https:\\\/\\\/hijasdejesus.org\\\/wp-content\\\/uploads\\\/2023\\\/01\\\/Hijas-de-Jesus_hor-A7C957.png\",\"contentUrl\":\"https:\\\/\\\/hijasdejesus.org\\\/wp-content\\\/uploads\\\/2023\\\/01\\\/Hijas-de-Jesus_hor-A7C957.png\",\"width\":700,\"height\":360,\"caption\":\"Hijas de Jes\u00fas\"},\"image\":{\"@id\":\"https:\\\/\\\/hijasdejesus.org\\\/pt-br\\\/#\\\/schema\\\/logo\\\/image\\\/\"},\"sameAs\":[\"https:\\\/\\\/www.facebook.com\\\/hijasdejesusenelmundo\\\/\",\"https:\\\/\\\/x.com\\\/hijasdjesus\"]},{\"@type\":\"Person\",\"@id\":\"https:\\\/\\\/hijasdejesus.org\\\/pt-br\\\/#\\\/schema\\\/person\\\/ce4455965da733f2791f23b6ec14e9b6\",\"name\":\"Webmaster\",\"image\":{\"@type\":\"ImageObject\",\"inLanguage\":\"pt-BR\",\"@id\":\"https:\\\/\\\/secure.gravatar.com\\\/avatar\\\/cfd0acaac86c3981d541d2e99a0ffb7b6d33a5ac8989a62f5518b9e0f7ee128a?s=96&d=mm&r=g\",\"url\":\"https:\\\/\\\/secure.gravatar.com\\\/avatar\\\/cfd0acaac86c3981d541d2e99a0ffb7b6d33a5ac8989a62f5518b9e0f7ee128a?s=96&d=mm&r=g\",\"contentUrl\":\"https:\\\/\\\/secure.gravatar.com\\\/avatar\\\/cfd0acaac86c3981d541d2e99a0ffb7b6d33a5ac8989a62f5518b9e0f7ee128a?s=96&d=mm&r=g\",\"caption\":\"Webmaster\"},\"url\":\"https:\\\/\\\/hijasdejesus.org\\\/pt-br\\\/author\\\/webmaster\\\/\"}]}<\/script>\n<!-- \/ Yoast SEO plugin. -->","yoast_head_json":{"title":"\u201c\u00c9 que...\u201d, \u201c\u00e9 que...\u201d: linguagem de covardes - Hijas de Jes\u00fas","robots":{"index":"index","follow":"follow","max-snippet":"max-snippet:-1","max-image-preview":"max-image-preview:large","max-video-preview":"max-video-preview:-1"},"canonical":"https:\/\/hijasdejesus.org\/pt-br\/e-que-e-que-linguagem-de-covardes\/","og_locale":"pt_BR","og_type":"article","og_title":"\u201c\u00c9 que...\u201d, \u201c\u00e9 que...\u201d: linguagem de covardes - Hijas de Jes\u00fas","og_description":"A linguagem dos \u201c\u00e9 que&#8230;\u201d utilizada tantas vezes na vida quando temos que enfrentar decis\u00f5es, \u00e9, quase sempre, uma linguagem de covardes, uma redu\u00e7\u00e3o para justificar nossas n\u00e3o &#8211; decis\u00f5es, uma manta (mais que um manto&#8230;) para nos esconder&#8230;Quero colocar tr\u00eas exemplos que t\u00eam a ver com nossas decis\u00f5es de vida, com nossas decis\u00f5es \u201cvocacionais\u201d.&#8211; [&hellip;]","og_url":"https:\/\/hijasdejesus.org\/pt-br\/e-que-e-que-linguagem-de-covardes\/","og_site_name":"Hijas de Jes\u00fas","article_publisher":"https:\/\/www.facebook.com\/hijasdejesusenelmundo\/","article_published_time":"2016-03-30T09:29:59+00:00","article_modified_time":"2016-04-12T14:33:24+00:00","og_image":[{"url":"https:\/\/hijasdejesus.org\/wp-content\/uploads\/2016\/04\/hoojas.jpg","width":1,"height":1,"type":"image\/jpeg"}],"author":"Webmaster","twitter_card":"summary_large_image","twitter_creator":"@hijasdjesus","twitter_site":"@hijasdjesus","twitter_misc":{"Escrito por":"Webmaster","Est. tempo de leitura":"2 minutos"},"schema":{"@context":"https:\/\/schema.org","@graph":[{"@type":"Article","@id":"https:\/\/hijasdejesus.org\/pt-br\/e-que-e-que-linguagem-de-covardes\/#article","isPartOf":{"@id":"https:\/\/hijasdejesus.org\/pt-br\/e-que-e-que-linguagem-de-covardes\/"},"author":{"name":"Webmaster","@id":"https:\/\/hijasdejesus.org\/pt-br\/#\/schema\/person\/ce4455965da733f2791f23b6ec14e9b6"},"headline":"\u201c\u00c9 que&#8230;\u201d, \u201c\u00e9 que&#8230;\u201d: linguagem de covardes","datePublished":"2016-03-30T09:29:59+00:00","dateModified":"2016-04-12T14:33:24+00:00","mainEntityOfPage":{"@id":"https:\/\/hijasdejesus.org\/pt-br\/e-que-e-que-linguagem-de-covardes\/"},"wordCount":353,"publisher":{"@id":"https:\/\/hijasdejesus.org\/pt-br\/#organization"},"image":{"@id":"https:\/\/hijasdejesus.org\/pt-br\/e-que-e-que-linguagem-de-covardes\/#primaryimage"},"thumbnailUrl":"https:\/\/hijasdejesus.org\/wp-content\/uploads\/2016\/04\/hoojas.jpg","articleSection":["Igreja","Not\u00edcias"],"inLanguage":"pt-BR"},{"@type":"WebPage","@id":"https:\/\/hijasdejesus.org\/pt-br\/e-que-e-que-linguagem-de-covardes\/","url":"https:\/\/hijasdejesus.org\/pt-br\/e-que-e-que-linguagem-de-covardes\/","name":"\u201c\u00c9 que...\u201d, \u201c\u00e9 que...\u201d: linguagem de covardes - Hijas de Jes\u00fas","isPartOf":{"@id":"https:\/\/hijasdejesus.org\/pt-br\/#website"},"primaryImageOfPage":{"@id":"https:\/\/hijasdejesus.org\/pt-br\/e-que-e-que-linguagem-de-covardes\/#primaryimage"},"image":{"@id":"https:\/\/hijasdejesus.org\/pt-br\/e-que-e-que-linguagem-de-covardes\/#primaryimage"},"thumbnailUrl":"https:\/\/hijasdejesus.org\/wp-content\/uploads\/2016\/04\/hoojas.jpg","datePublished":"2016-03-30T09:29:59+00:00","dateModified":"2016-04-12T14:33:24+00:00","breadcrumb":{"@id":"https:\/\/hijasdejesus.org\/pt-br\/e-que-e-que-linguagem-de-covardes\/#breadcrumb"},"inLanguage":"pt-BR","potentialAction":[{"@type":"ReadAction","target":["https:\/\/hijasdejesus.org\/pt-br\/e-que-e-que-linguagem-de-covardes\/"]}]},{"@type":"ImageObject","inLanguage":"pt-BR","@id":"https:\/\/hijasdejesus.org\/pt-br\/e-que-e-que-linguagem-de-covardes\/#primaryimage","url":"https:\/\/hijasdejesus.org\/wp-content\/uploads\/2016\/04\/hoojas.jpg","contentUrl":"https:\/\/hijasdejesus.org\/wp-content\/uploads\/2016\/04\/hoojas.jpg"},{"@type":"BreadcrumbList","@id":"https:\/\/hijasdejesus.org\/pt-br\/e-que-e-que-linguagem-de-covardes\/#breadcrumb","itemListElement":[{"@type":"ListItem","position":1,"name":"Portada","item":"https:\/\/hijasdejesus.org\/pt-br\/"},{"@type":"ListItem","position":2,"name":"\u201c\u00c9 que&#8230;\u201d, \u201c\u00e9 que&#8230;\u201d: linguagem de covardes"}]},{"@type":"WebSite","@id":"https:\/\/hijasdejesus.org\/pt-br\/#website","url":"https:\/\/hijasdejesus.org\/pt-br\/","name":"Hijas de Jes\u00fas","description":"Despertamos a Jes\u00fas en el coraz\u00f3n, sacando lo mejor de las personas. Somos una congregaci\u00f3n religiosa ignaciana fundada por la Madre Candida","publisher":{"@id":"https:\/\/hijasdejesus.org\/pt-br\/#organization"},"potentialAction":[{"@type":"SearchAction","target":{"@type":"EntryPoint","urlTemplate":"https:\/\/hijasdejesus.org\/pt-br\/?s={search_term_string}"},"query-input":{"@type":"PropertyValueSpecification","valueRequired":true,"valueName":"search_term_string"}}],"inLanguage":"pt-BR"},{"@type":"Organization","@id":"https:\/\/hijasdejesus.org\/pt-br\/#organization","name":"Hijas de Jes\u00fas","url":"https:\/\/hijasdejesus.org\/pt-br\/","logo":{"@type":"ImageObject","inLanguage":"pt-BR","@id":"https:\/\/hijasdejesus.org\/pt-br\/#\/schema\/logo\/image\/","url":"https:\/\/hijasdejesus.org\/wp-content\/uploads\/2023\/01\/Hijas-de-Jesus_hor-A7C957.png","contentUrl":"https:\/\/hijasdejesus.org\/wp-content\/uploads\/2023\/01\/Hijas-de-Jesus_hor-A7C957.png","width":700,"height":360,"caption":"Hijas de Jes\u00fas"},"image":{"@id":"https:\/\/hijasdejesus.org\/pt-br\/#\/schema\/logo\/image\/"},"sameAs":["https:\/\/www.facebook.com\/hijasdejesusenelmundo\/","https:\/\/x.com\/hijasdjesus"]},{"@type":"Person","@id":"https:\/\/hijasdejesus.org\/pt-br\/#\/schema\/person\/ce4455965da733f2791f23b6ec14e9b6","name":"Webmaster","image":{"@type":"ImageObject","inLanguage":"pt-BR","@id":"https:\/\/secure.gravatar.com\/avatar\/cfd0acaac86c3981d541d2e99a0ffb7b6d33a5ac8989a62f5518b9e0f7ee128a?s=96&d=mm&r=g","url":"https:\/\/secure.gravatar.com\/avatar\/cfd0acaac86c3981d541d2e99a0ffb7b6d33a5ac8989a62f5518b9e0f7ee128a?s=96&d=mm&r=g","contentUrl":"https:\/\/secure.gravatar.com\/avatar\/cfd0acaac86c3981d541d2e99a0ffb7b6d33a5ac8989a62f5518b9e0f7ee128a?s=96&d=mm&r=g","caption":"Webmaster"},"url":"https:\/\/hijasdejesus.org\/pt-br\/author\/webmaster\/"}]}},"_links":{"self":[{"href":"https:\/\/hijasdejesus.org\/pt-br\/wp-json\/wp\/v2\/posts\/27591","targetHints":{"allow":["GET"]}}],"collection":[{"href":"https:\/\/hijasdejesus.org\/pt-br\/wp-json\/wp\/v2\/posts"}],"about":[{"href":"https:\/\/hijasdejesus.org\/pt-br\/wp-json\/wp\/v2\/types\/post"}],"author":[{"embeddable":true,"href":"https:\/\/hijasdejesus.org\/pt-br\/wp-json\/wp\/v2\/users\/28"}],"replies":[{"embeddable":true,"href":"https:\/\/hijasdejesus.org\/pt-br\/wp-json\/wp\/v2\/comments?post=27591"}],"version-history":[{"count":0,"href":"https:\/\/hijasdejesus.org\/pt-br\/wp-json\/wp\/v2\/posts\/27591\/revisions"}],"wp:featuredmedia":[{"embeddable":true,"href":"https:\/\/hijasdejesus.org\/pt-br\/wp-json\/wp\/v2\/media\/12543"}],"wp:attachment":[{"href":"https:\/\/hijasdejesus.org\/pt-br\/wp-json\/wp\/v2\/media?parent=27591"}],"wp:term":[{"taxonomy":"category","embeddable":true,"href":"https:\/\/hijasdejesus.org\/pt-br\/wp-json\/wp\/v2\/categories?post=27591"},{"taxonomy":"post_tag","embeddable":true,"href":"https:\/\/hijasdejesus.org\/pt-br\/wp-json\/wp\/v2\/tags?post=27591"}],"curies":[{"name":"wp","href":"https:\/\/api.w.org\/{rel}","templated":true}]}}