{"id":27602,"date":"2016-04-15T19:50:10","date_gmt":"2016-04-15T17:50:10","guid":{"rendered":"https:\/\/nueva.hijasdejesus.org\/aniversario-de-notiandina-2\/"},"modified":"2016-04-16T13:53:40","modified_gmt":"2016-04-16T11:53:40","slug":"aniversario-de-notiandina-2","status":"publish","type":"post","link":"https:\/\/hijasdejesus.org\/pt-br\/aniversario-de-notiandina-2\/","title":{"rendered":"Anivers\u00e1rio de Notiandina"},"content":{"rendered":"<\/p>\n<p>O Boletim NOTIANDINA chegou ao n\u00famero 100. PARAB\u00c9NS!<br \/>AGRADECEMOS a todas as pessoas que fizeram poss\u00edvel este meio de comunica\u00e7\u00e3o na prov\u00edncia Am\u00e9rica Andina, come\u00e7ando pela equipe do governo provincial que o sugeriu; agradecemos \u00e0s pessoas que compartilharam com simplicidade sua vida e a vida em miss\u00e3o que vivemos, com sentido de corpo, em cada lugar que forma esta parcela da Congrega\u00e7\u00e3o, hoje. Tamb\u00e9m agradecemos aos que nos estimulam com suas palavras, com seu interesse e leitura do Boletim Notiandina; hoje, de modo especial, a nossas Superioras Geral e Provincial. Esperamos continuar com a colabora\u00e7\u00e3o renovada de todas e todos que formamos a fam\u00edlia de C\u00e2ndida Maria de Jesus nesta realidade provincial.<\/p>\n<p><strong>DE NOSSA SUPERIORA GERAL, MARIA INEZ FURTADO FI<\/strong><\/p>\n<p>Encontro \u2013 Comunica\u00e7\u00e3o \u2013 Acompanhamento, tr\u00eas palavras vitais em nossos dias. Mais que a\u00e7\u00f5es s\u00e3o atitudes que estamos aprendendo ou, pelo menos, tentando torn\u00e1-las realidade na linda miss\u00e3o que \u00e9 \u2018ser Filhas de Jesus no s\u00e9culo XXI\u2019. Estamos a caminho, porque todas sabemos que nestas mat\u00e9rias somos alunas iniciantes, pelo menos no modo de fazer hoje, ante a diversidade cada vez maior de \u2018meios\u2019 de que dispomos. Todas experimentamos que \u2018os meios\u2019 ajudam, mas tamb\u00e9m podem nos preparar trope\u00e7os. Em tempos com tantos meios para encontrar-nos, comunicar-nos e acompanhar -nos&#8230; quanta solid\u00e3o, distra\u00e7\u00e3o e aut\u00eantica desinforma\u00e7\u00e3o&#8230; quanta desUNI\u00c3O! O que dizer do quando e do como de nosso encontro-comunica\u00e7\u00e3o-acompanhamento, quando nos falta tempo para \u2018um pouquinho de discernimento\u2019? <br \/>Entre n\u00f3s h\u00e1 sinais de que estamos a caminho, conscientes de que para nosso Corpo apost\u00f3lico, leigos e religiosas, s\u00e3o atitudes e iniciativas que t\u00eam um objetivo muito claro \u2013 a uni\u00e3o dos cora\u00e7\u00f5es. Se nos encontramos&#8230; quando nos comunicamos&#8230; e ao acompanhar-nos uns aos outros&#8230; temos sempre a meta de faz\u00ea-lo para que cres\u00e7a nossa UNI\u00c3O DE CORA\u00c7\u00d5ES. Ela ficar\u00e1 fortalecida cada vez que nossa atua\u00e7\u00e3o nestes tr\u00eas aspectos sirva a todos de consolo, edifica\u00e7\u00e3o e progresso no amor (cf. CFI 236).<br \/>Como n\u00e3o agradecer e estimular iniciativas nesta linha? <br \/>Sim, quero neste n\u00famero 100 de NOTIANDINA expressar minha alegria por favorecer esta possibilidade de encontro-comunica\u00e7\u00e3o-acompanhamento da vida cotidiana destas regi\u00f5es, e a pontualidade e perseveran\u00e7a que tiveram at\u00e9 agora as pessoas que nela colaboram de tantos modos. OBRIGADA Am\u00e9rica Andina!<\/p>\n<p><strong>DE GRACIELA FRANCOVIG FI, SUPERIORA PROVINCIAL de AM\u00c9RICA ANDINA<\/strong><\/p>\n<p>Dizer uma palavra ante o n\u00famero 100 de \u2018Notiandina \u201cm\u00e9 falar de um caminho percorrido que tem muito a ver com o in\u00edcio da AA e do processo de reconfigura\u00e7\u00e3o. Recordo-me de que ao planificar nosso Projeto Religioso Apost\u00f3lico, como Governo provincial em fevereiro de 2012, um dos objetivos foi: CONSOLIDAR O PROCESSO DE RECONFIGURA\u00c7\u00c3O DA PR\u00d3V\u00cdNCIA.<br \/>Para isso surgiu como um dos meios \u201cdar for\u00e7a \u00e0 comunica\u00e7\u00e3o dentro da comunidade e com as comunidades da Prov\u00edncia, favorecendo comunica\u00e7\u00f5es quinzenais simples, via e-mail; e as coordenar\u00e1 a secret\u00e1ria provincial para toda a prov\u00edncia\u201d.<br \/>Nestes dias estive olhando os primeiros boletins quinzenais que est\u00e3o encadernados por anos, e me impactou positivamente a hist\u00f3ria da Prov\u00edncia plasmada em not\u00edcias que fomos contando uns aos outros. Quanta vida em nossas comunidades, casas, comunidades ampliadas, diferentes obras apost\u00f3licas com jovens, sociais, de EE&#8230;! Isso me levou a uma profunda gratid\u00e3o ao Senhor e admira\u00e7\u00e3o de quanto Ele realiza atrav\u00e9s de n\u00f3s, no empenho por santificar-nos e, com o mesmo empenho, buscar a santifica\u00e7\u00e3o dos pr\u00f3ximos (F\u00f3rmula do Instituto). No caminho surgiram questionamentos: as not\u00edcias que n\u00e3o chegam no tempo e forma \u201cque desejar\u00edamos\u201d; a preocupa\u00e7\u00e3o de Tere Ramirez e sua pergunta: tem sentido continuar com Notiandina? E outras reflex\u00f5es&#8230; Ainda assim, e com tudo isso, dissemos: CONTINUAMOS!<br \/>Hoje vejo que se trata do seguinte: muitas vezes temos dificuldades para colocar em andamento as coisas, e essas dificuldades \u00e0s vezes permanecem. O importante, creio, \u00e9 n\u00e3o abandonar o caminho come\u00e7ado. Porque a vida \u00e9 imperfeita e com limita\u00e7\u00f5es e \u00e9 justamente a\u00ed onde o Senhor se encarna para n\u00f3s, dando-nos vida nova e fazendo nascer esperan\u00e7a, entusiasmo e alegria para todos. \u00c9 ISSO QUE CELEBRO HOJE COM O N\u00daMERO 100 DE NOSSAS NOT\u00cdCIAS.<br \/>Agrade\u00e7o a const\u00e2ncia e o entusiasmo de nossa Irm\u00e3 Teresa Ramirez por levar Notiandina adiante. Sei de seu esfor\u00e7o para que sa\u00edsse quinzenalmente com pontualidade. Agrade\u00e7o sua fidelidade para que nenhum boletim fosse publicado sem meu visto de aprova\u00e7\u00e3o, como sua respeitosa acolhida a meus \u201cisto sim, isto n\u00e3o, isto parece conveniente, agora ficou com muito texto e poucas fotos, etc.\u201d \u00c9 nossa maneira de proceder que deve acontecer no pequeno, no cotidiano.<br \/>Obrigada irm\u00e3s e leigos, obrigada a todos pela colabora\u00e7\u00e3o com este meio de comunica\u00e7\u00e3o que nos possibilitou o ENCONTRO ENTRE N\u00d3S. Obrigada pela valoriza\u00e7\u00e3o que a grande maioria fazemos dele. NOVAMENTE OBRIGADA AO INCANS\u00c1VEL TRABALHO FRATERNO DE NOSSA SECRET\u00c1RIA.<br \/>Numa noite, enquanto n\u00f3s duas olh\u00e1vamos a hist\u00f3ria destes anos, comentamos: quando terminarmos como governo, deixaremos plasmada em not\u00edcias muita vida da Prov\u00edncia AA neste sex\u00eanio. E isso foi fonte de alegria que hoje tamb\u00e9m desejo comunicar!<\/p>\n<p style=\"text-align: center;\"><strong><a href=\"index.php?option=com_jdownloads&amp;task=download.send&amp;id=633&amp;catid=20&amp;m=0&amp;lang=es\" target=\"_blank\" rel=\"noopener\">Notiandina 100<\/a><\/strong><\/p>\n","protected":false},"excerpt":{"rendered":"<p>O Boletim NOTIANDINA chegou ao n\u00famero 100. PARAB\u00c9NS!AGRADECEMOS a todas as pessoas que fizeram poss\u00edvel este meio de comunica\u00e7\u00e3o na prov\u00edncia Am\u00e9rica Andina, come\u00e7ando pela equipe do governo provincial que o sugeriu; agradecemos \u00e0s pessoas que compartilharam com simplicidade sua vida e a vida em miss\u00e3o que vivemos, com sentido de corpo, em cada lugar [&hellip;]<\/p>\n","protected":false},"author":28,"featured_media":0,"comment_status":"closed","ping_status":"closed","sticky":false,"template":"","format":"standard","meta":{"_et_pb_use_builder":"","_et_pb_old_content":"","_et_gb_content_width":"","footnotes":"","_links_to":"","_links_to_target":""},"categories":[483,499,503,509,469,551],"tags":[],"class_list":["post-27602","post","type-post","status-publish","format-standard","hentry","category-america-andina-pt-br","category-argentina-pt-br","category-bolivia-pt-br","category-colombia-pt-br","category-noticias-pt-br","category-venezuela-pt-br"],"yoast_head":"<!-- This site is optimized with the Yoast SEO plugin v27.5 - https:\/\/yoast.com\/product\/yoast-seo-wordpress\/ -->\n<title>Anivers\u00e1rio de Notiandina - Hijas de Jes\u00fas<\/title>\n<meta name=\"robots\" content=\"index, follow, max-snippet:-1, max-image-preview:large, max-video-preview:-1\" \/>\n<link rel=\"canonical\" href=\"https:\/\/hijasdejesus.org\/pt-br\/aniversario-de-notiandina-2\/\" \/>\n<meta property=\"og:locale\" content=\"pt_BR\" \/>\n<meta property=\"og:type\" content=\"article\" \/>\n<meta property=\"og:title\" content=\"Anivers\u00e1rio de Notiandina - Hijas de Jes\u00fas\" \/>\n<meta property=\"og:description\" content=\"O Boletim NOTIANDINA chegou ao n\u00famero 100. PARAB\u00c9NS!AGRADECEMOS a todas as pessoas que fizeram poss\u00edvel este meio de comunica\u00e7\u00e3o na prov\u00edncia Am\u00e9rica Andina, come\u00e7ando pela equipe do governo provincial que o sugeriu; agradecemos \u00e0s pessoas que compartilharam com simplicidade sua vida e a vida em miss\u00e3o que vivemos, com sentido de corpo, em cada lugar [&hellip;]\" \/>\n<meta property=\"og:url\" content=\"https:\/\/hijasdejesus.org\/pt-br\/aniversario-de-notiandina-2\/\" \/>\n<meta property=\"og:site_name\" content=\"Hijas de Jes\u00fas\" \/>\n<meta property=\"article:publisher\" content=\"https:\/\/www.facebook.com\/hijasdejesusenelmundo\/\" \/>\n<meta property=\"article:published_time\" content=\"2016-04-15T17:50:10+00:00\" \/>\n<meta property=\"article:modified_time\" content=\"2016-04-16T11:53:40+00:00\" \/>\n<meta name=\"author\" content=\"Webmaster\" \/>\n<meta name=\"twitter:card\" content=\"summary_large_image\" \/>\n<meta name=\"twitter:creator\" content=\"@hijasdjesus\" \/>\n<meta name=\"twitter:site\" content=\"@hijasdjesus\" \/>\n<meta name=\"twitter:label1\" content=\"Escrito por\" \/>\n\t<meta name=\"twitter:data1\" content=\"Webmaster\" \/>\n\t<meta name=\"twitter:label2\" content=\"Est. tempo de leitura\" \/>\n\t<meta name=\"twitter:data2\" content=\"5 minutos\" \/>\n<script type=\"application\/ld+json\" class=\"yoast-schema-graph\">{\"@context\":\"https:\\\/\\\/schema.org\",\"@graph\":[{\"@type\":\"Article\",\"@id\":\"https:\\\/\\\/hijasdejesus.org\\\/pt-br\\\/aniversario-de-notiandina-2\\\/#article\",\"isPartOf\":{\"@id\":\"https:\\\/\\\/hijasdejesus.org\\\/pt-br\\\/aniversario-de-notiandina-2\\\/\"},\"author\":{\"name\":\"Webmaster\",\"@id\":\"https:\\\/\\\/hijasdejesus.org\\\/pt-br\\\/#\\\/schema\\\/person\\\/ce4455965da733f2791f23b6ec14e9b6\"},\"headline\":\"Anivers\u00e1rio de Notiandina\",\"datePublished\":\"2016-04-15T17:50:10+00:00\",\"dateModified\":\"2016-04-16T11:53:40+00:00\",\"mainEntityOfPage\":{\"@id\":\"https:\\\/\\\/hijasdejesus.org\\\/pt-br\\\/aniversario-de-notiandina-2\\\/\"},\"wordCount\":912,\"publisher\":{\"@id\":\"https:\\\/\\\/hijasdejesus.org\\\/pt-br\\\/#organization\"},\"articleSection\":[\"Am\u00e9rica Andina\",\"Argentina\",\"Bol\u00edvia\",\"Col\u00f4mbia\",\"Not\u00edcias\",\"Venezuela\"],\"inLanguage\":\"pt-BR\"},{\"@type\":\"WebPage\",\"@id\":\"https:\\\/\\\/hijasdejesus.org\\\/pt-br\\\/aniversario-de-notiandina-2\\\/\",\"url\":\"https:\\\/\\\/hijasdejesus.org\\\/pt-br\\\/aniversario-de-notiandina-2\\\/\",\"name\":\"Anivers\u00e1rio de Notiandina - Hijas de Jes\u00fas\",\"isPartOf\":{\"@id\":\"https:\\\/\\\/hijasdejesus.org\\\/pt-br\\\/#website\"},\"datePublished\":\"2016-04-15T17:50:10+00:00\",\"dateModified\":\"2016-04-16T11:53:40+00:00\",\"breadcrumb\":{\"@id\":\"https:\\\/\\\/hijasdejesus.org\\\/pt-br\\\/aniversario-de-notiandina-2\\\/#breadcrumb\"},\"inLanguage\":\"pt-BR\",\"potentialAction\":[{\"@type\":\"ReadAction\",\"target\":[\"https:\\\/\\\/hijasdejesus.org\\\/pt-br\\\/aniversario-de-notiandina-2\\\/\"]}]},{\"@type\":\"BreadcrumbList\",\"@id\":\"https:\\\/\\\/hijasdejesus.org\\\/pt-br\\\/aniversario-de-notiandina-2\\\/#breadcrumb\",\"itemListElement\":[{\"@type\":\"ListItem\",\"position\":1,\"name\":\"Portada\",\"item\":\"https:\\\/\\\/hijasdejesus.org\\\/pt-br\\\/\"},{\"@type\":\"ListItem\",\"position\":2,\"name\":\"Anivers\u00e1rio de Notiandina\"}]},{\"@type\":\"WebSite\",\"@id\":\"https:\\\/\\\/hijasdejesus.org\\\/pt-br\\\/#website\",\"url\":\"https:\\\/\\\/hijasdejesus.org\\\/pt-br\\\/\",\"name\":\"Hijas de Jes\u00fas\",\"description\":\"Despertamos a Jes\u00fas en el coraz\u00f3n, sacando lo mejor de las personas. Somos una congregaci\u00f3n religiosa ignaciana fundada por la Madre Candida\",\"publisher\":{\"@id\":\"https:\\\/\\\/hijasdejesus.org\\\/pt-br\\\/#organization\"},\"potentialAction\":[{\"@type\":\"SearchAction\",\"target\":{\"@type\":\"EntryPoint\",\"urlTemplate\":\"https:\\\/\\\/hijasdejesus.org\\\/pt-br\\\/?s={search_term_string}\"},\"query-input\":{\"@type\":\"PropertyValueSpecification\",\"valueRequired\":true,\"valueName\":\"search_term_string\"}}],\"inLanguage\":\"pt-BR\"},{\"@type\":\"Organization\",\"@id\":\"https:\\\/\\\/hijasdejesus.org\\\/pt-br\\\/#organization\",\"name\":\"Hijas de Jes\u00fas\",\"url\":\"https:\\\/\\\/hijasdejesus.org\\\/pt-br\\\/\",\"logo\":{\"@type\":\"ImageObject\",\"inLanguage\":\"pt-BR\",\"@id\":\"https:\\\/\\\/hijasdejesus.org\\\/pt-br\\\/#\\\/schema\\\/logo\\\/image\\\/\",\"url\":\"https:\\\/\\\/hijasdejesus.org\\\/wp-content\\\/uploads\\\/2023\\\/01\\\/Hijas-de-Jesus_hor-A7C957.png\",\"contentUrl\":\"https:\\\/\\\/hijasdejesus.org\\\/wp-content\\\/uploads\\\/2023\\\/01\\\/Hijas-de-Jesus_hor-A7C957.png\",\"width\":700,\"height\":360,\"caption\":\"Hijas de Jes\u00fas\"},\"image\":{\"@id\":\"https:\\\/\\\/hijasdejesus.org\\\/pt-br\\\/#\\\/schema\\\/logo\\\/image\\\/\"},\"sameAs\":[\"https:\\\/\\\/www.facebook.com\\\/hijasdejesusenelmundo\\\/\",\"https:\\\/\\\/x.com\\\/hijasdjesus\"]},{\"@type\":\"Person\",\"@id\":\"https:\\\/\\\/hijasdejesus.org\\\/pt-br\\\/#\\\/schema\\\/person\\\/ce4455965da733f2791f23b6ec14e9b6\",\"name\":\"Webmaster\",\"image\":{\"@type\":\"ImageObject\",\"inLanguage\":\"pt-BR\",\"@id\":\"https:\\\/\\\/secure.gravatar.com\\\/avatar\\\/cfd0acaac86c3981d541d2e99a0ffb7b6d33a5ac8989a62f5518b9e0f7ee128a?s=96&d=mm&r=g\",\"url\":\"https:\\\/\\\/secure.gravatar.com\\\/avatar\\\/cfd0acaac86c3981d541d2e99a0ffb7b6d33a5ac8989a62f5518b9e0f7ee128a?s=96&d=mm&r=g\",\"contentUrl\":\"https:\\\/\\\/secure.gravatar.com\\\/avatar\\\/cfd0acaac86c3981d541d2e99a0ffb7b6d33a5ac8989a62f5518b9e0f7ee128a?s=96&d=mm&r=g\",\"caption\":\"Webmaster\"},\"url\":\"https:\\\/\\\/hijasdejesus.org\\\/pt-br\\\/author\\\/webmaster\\\/\"}]}<\/script>\n<!-- \/ Yoast SEO plugin. -->","yoast_head_json":{"title":"Anivers\u00e1rio de Notiandina - Hijas de Jes\u00fas","robots":{"index":"index","follow":"follow","max-snippet":"max-snippet:-1","max-image-preview":"max-image-preview:large","max-video-preview":"max-video-preview:-1"},"canonical":"https:\/\/hijasdejesus.org\/pt-br\/aniversario-de-notiandina-2\/","og_locale":"pt_BR","og_type":"article","og_title":"Anivers\u00e1rio de Notiandina - Hijas de Jes\u00fas","og_description":"O Boletim NOTIANDINA chegou ao n\u00famero 100. PARAB\u00c9NS!AGRADECEMOS a todas as pessoas que fizeram poss\u00edvel este meio de comunica\u00e7\u00e3o na prov\u00edncia Am\u00e9rica Andina, come\u00e7ando pela equipe do governo provincial que o sugeriu; agradecemos \u00e0s pessoas que compartilharam com simplicidade sua vida e a vida em miss\u00e3o que vivemos, com sentido de corpo, em cada lugar [&hellip;]","og_url":"https:\/\/hijasdejesus.org\/pt-br\/aniversario-de-notiandina-2\/","og_site_name":"Hijas de Jes\u00fas","article_publisher":"https:\/\/www.facebook.com\/hijasdejesusenelmundo\/","article_published_time":"2016-04-15T17:50:10+00:00","article_modified_time":"2016-04-16T11:53:40+00:00","author":"Webmaster","twitter_card":"summary_large_image","twitter_creator":"@hijasdjesus","twitter_site":"@hijasdjesus","twitter_misc":{"Escrito por":"Webmaster","Est. tempo de leitura":"5 minutos"},"schema":{"@context":"https:\/\/schema.org","@graph":[{"@type":"Article","@id":"https:\/\/hijasdejesus.org\/pt-br\/aniversario-de-notiandina-2\/#article","isPartOf":{"@id":"https:\/\/hijasdejesus.org\/pt-br\/aniversario-de-notiandina-2\/"},"author":{"name":"Webmaster","@id":"https:\/\/hijasdejesus.org\/pt-br\/#\/schema\/person\/ce4455965da733f2791f23b6ec14e9b6"},"headline":"Anivers\u00e1rio de Notiandina","datePublished":"2016-04-15T17:50:10+00:00","dateModified":"2016-04-16T11:53:40+00:00","mainEntityOfPage":{"@id":"https:\/\/hijasdejesus.org\/pt-br\/aniversario-de-notiandina-2\/"},"wordCount":912,"publisher":{"@id":"https:\/\/hijasdejesus.org\/pt-br\/#organization"},"articleSection":["Am\u00e9rica Andina","Argentina","Bol\u00edvia","Col\u00f4mbia","Not\u00edcias","Venezuela"],"inLanguage":"pt-BR"},{"@type":"WebPage","@id":"https:\/\/hijasdejesus.org\/pt-br\/aniversario-de-notiandina-2\/","url":"https:\/\/hijasdejesus.org\/pt-br\/aniversario-de-notiandina-2\/","name":"Anivers\u00e1rio de Notiandina - Hijas de Jes\u00fas","isPartOf":{"@id":"https:\/\/hijasdejesus.org\/pt-br\/#website"},"datePublished":"2016-04-15T17:50:10+00:00","dateModified":"2016-04-16T11:53:40+00:00","breadcrumb":{"@id":"https:\/\/hijasdejesus.org\/pt-br\/aniversario-de-notiandina-2\/#breadcrumb"},"inLanguage":"pt-BR","potentialAction":[{"@type":"ReadAction","target":["https:\/\/hijasdejesus.org\/pt-br\/aniversario-de-notiandina-2\/"]}]},{"@type":"BreadcrumbList","@id":"https:\/\/hijasdejesus.org\/pt-br\/aniversario-de-notiandina-2\/#breadcrumb","itemListElement":[{"@type":"ListItem","position":1,"name":"Portada","item":"https:\/\/hijasdejesus.org\/pt-br\/"},{"@type":"ListItem","position":2,"name":"Anivers\u00e1rio de Notiandina"}]},{"@type":"WebSite","@id":"https:\/\/hijasdejesus.org\/pt-br\/#website","url":"https:\/\/hijasdejesus.org\/pt-br\/","name":"Hijas de Jes\u00fas","description":"Despertamos a Jes\u00fas en el coraz\u00f3n, sacando lo mejor de las personas. Somos una congregaci\u00f3n religiosa ignaciana fundada por la Madre Candida","publisher":{"@id":"https:\/\/hijasdejesus.org\/pt-br\/#organization"},"potentialAction":[{"@type":"SearchAction","target":{"@type":"EntryPoint","urlTemplate":"https:\/\/hijasdejesus.org\/pt-br\/?s={search_term_string}"},"query-input":{"@type":"PropertyValueSpecification","valueRequired":true,"valueName":"search_term_string"}}],"inLanguage":"pt-BR"},{"@type":"Organization","@id":"https:\/\/hijasdejesus.org\/pt-br\/#organization","name":"Hijas de Jes\u00fas","url":"https:\/\/hijasdejesus.org\/pt-br\/","logo":{"@type":"ImageObject","inLanguage":"pt-BR","@id":"https:\/\/hijasdejesus.org\/pt-br\/#\/schema\/logo\/image\/","url":"https:\/\/hijasdejesus.org\/wp-content\/uploads\/2023\/01\/Hijas-de-Jesus_hor-A7C957.png","contentUrl":"https:\/\/hijasdejesus.org\/wp-content\/uploads\/2023\/01\/Hijas-de-Jesus_hor-A7C957.png","width":700,"height":360,"caption":"Hijas de Jes\u00fas"},"image":{"@id":"https:\/\/hijasdejesus.org\/pt-br\/#\/schema\/logo\/image\/"},"sameAs":["https:\/\/www.facebook.com\/hijasdejesusenelmundo\/","https:\/\/x.com\/hijasdjesus"]},{"@type":"Person","@id":"https:\/\/hijasdejesus.org\/pt-br\/#\/schema\/person\/ce4455965da733f2791f23b6ec14e9b6","name":"Webmaster","image":{"@type":"ImageObject","inLanguage":"pt-BR","@id":"https:\/\/secure.gravatar.com\/avatar\/cfd0acaac86c3981d541d2e99a0ffb7b6d33a5ac8989a62f5518b9e0f7ee128a?s=96&d=mm&r=g","url":"https:\/\/secure.gravatar.com\/avatar\/cfd0acaac86c3981d541d2e99a0ffb7b6d33a5ac8989a62f5518b9e0f7ee128a?s=96&d=mm&r=g","contentUrl":"https:\/\/secure.gravatar.com\/avatar\/cfd0acaac86c3981d541d2e99a0ffb7b6d33a5ac8989a62f5518b9e0f7ee128a?s=96&d=mm&r=g","caption":"Webmaster"},"url":"https:\/\/hijasdejesus.org\/pt-br\/author\/webmaster\/"}]}},"_links":{"self":[{"href":"https:\/\/hijasdejesus.org\/pt-br\/wp-json\/wp\/v2\/posts\/27602","targetHints":{"allow":["GET"]}}],"collection":[{"href":"https:\/\/hijasdejesus.org\/pt-br\/wp-json\/wp\/v2\/posts"}],"about":[{"href":"https:\/\/hijasdejesus.org\/pt-br\/wp-json\/wp\/v2\/types\/post"}],"author":[{"embeddable":true,"href":"https:\/\/hijasdejesus.org\/pt-br\/wp-json\/wp\/v2\/users\/28"}],"replies":[{"embeddable":true,"href":"https:\/\/hijasdejesus.org\/pt-br\/wp-json\/wp\/v2\/comments?post=27602"}],"version-history":[{"count":0,"href":"https:\/\/hijasdejesus.org\/pt-br\/wp-json\/wp\/v2\/posts\/27602\/revisions"}],"wp:attachment":[{"href":"https:\/\/hijasdejesus.org\/pt-br\/wp-json\/wp\/v2\/media?parent=27602"}],"wp:term":[{"taxonomy":"category","embeddable":true,"href":"https:\/\/hijasdejesus.org\/pt-br\/wp-json\/wp\/v2\/categories?post=27602"},{"taxonomy":"post_tag","embeddable":true,"href":"https:\/\/hijasdejesus.org\/pt-br\/wp-json\/wp\/v2\/tags?post=27602"}],"curies":[{"name":"wp","href":"https:\/\/api.w.org\/{rel}","templated":true}]}}