{"id":27622,"date":"2016-05-06T18:01:21","date_gmt":"2016-05-06T16:01:21","guid":{"rendered":"https:\/\/nueva.hijasdejesus.org\/unidas-em-silvina\/"},"modified":"2016-05-06T23:11:17","modified_gmt":"2016-05-06T21:11:17","slug":"unidas-em-silvina","status":"publish","type":"post","link":"https:\/\/hijasdejesus.org\/pt-br\/unidas-em-silvina\/","title":{"rendered":"Unidas em Silvina!"},"content":{"rendered":"<\/p>\n<p>Nesta manh\u00e3 faleceu em La Plata Silvina Pagura, uma Filha de Jesus de 42 anos que viveu sua doen\u00e7a como um processo de entrega ao Senhor. A secret\u00e1ria provincial de Am\u00e9rica Andina, Teresa Ram\u00edrez, compartilha a experi\u00eancia vivida hoje:<br \/><em>A comunidade educativa do Col\u00e9gio Nossa Senhora das Merc\u00eas, acaba de se reunir para rezar a p\u00e1scoa de nossa irm\u00e3. \u00c0s 10h est\u00e1vamos todos reunidos no p\u00e1tio.<\/em><br \/><em>Foi um momento muito emotivo e belo que nos fez sentir realmente fam\u00edlia da Madre C\u00e2ndida. Maria \u00c2ngeles Iturrioz e eu t\u00ednhamos acabado de chegar e pudemos nos unir, cumprimentar os presentes, partilhar tamb\u00e9m uma breve mensagem agradecendo este lindo gesto.<\/em><br \/><em>As e os estudantes estavam em respeitoso e profundo sil\u00eancio; algum se lembrou das \u00faltimas palavras de Antonita quando entregava sua vida ao Pai, al\u00e9m de outras participa\u00e7\u00f5es muito apropriadas para o momento&#8230; A diretora, Adriana Cort\u00e9z e muitos professores estavam emocionados, pois Silvina trabalhou nesta obra e nela tinha feito os votos perp\u00e9tuos. No ano passado ela esteve aqui em um encontro de educadores e a recordam com verdadeiro carinho. Bendito seja Deus por tudo.<\/em><br \/><em>Esta foi a foto belamente colocada junto \u00e0 da Madre C\u00e2ndida e \u00e0 de Antonita. O mist\u00e9rio da vida e da morte nos une a Jesus, porque nele vivemos, nos movemos e existimos, e nele tamb\u00e9m morremos e ressuscitamos para a VIDA PLENA. Agradecemos a todas as Irm\u00e3s e \u00e0s pessoas que nestes seis longos anos da doen\u00e7a de Silvina a acompanharam e se doaram para ajud\u00e1-la no que fosse poss\u00edvel.Continuamos em comunh\u00e3o fraterna com todas as Irm\u00e3s que nos precederam. Amanh\u00e3, ao meio dia, sairemos de Salta para regressar a Cochabamba, agradecidas por tudo o que vivemos e porque Graciela p\u00f4de acompanhar seus \u00faltimos dias. N\u00e3o duvido de que Silvina a esperou, assim como \u00e0 sua fam\u00edlia.Cristo morto e ressuscitado, fundamento de nossa f\u00e9, console a todos. Um forte abra\u00e7o, Tere Ram\u00edrez FI.<\/em><\/p>\n","protected":false},"excerpt":{"rendered":"<p>Nesta manh\u00e3 faleceu em La Plata Silvina Pagura, uma Filha de Jesus de 42 anos que viveu sua doen\u00e7a como um processo de entrega ao Senhor. A secret\u00e1ria provincial de Am\u00e9rica Andina, Teresa Ram\u00edrez, compartilha a experi\u00eancia vivida hoje:A comunidade educativa do Col\u00e9gio Nossa Senhora das Merc\u00eas, acaba de se reunir para rezar a p\u00e1scoa [&hellip;]<\/p>\n","protected":false},"author":28,"featured_media":7238,"comment_status":"closed","ping_status":"closed","sticky":false,"template":"","format":"standard","meta":{"_et_pb_use_builder":"","_et_pb_old_content":"","_et_gb_content_width":"","footnotes":"","_links_to":"","_links_to_target":""},"categories":[483,529,469],"tags":[],"class_list":["post-27622","post","type-post","status-publish","format-standard","has-post-thumbnail","hentry","category-america-andina-pt-br","category-hijas-de-jesus-pt-br","category-noticias-pt-br"],"yoast_head":"<!-- This site is optimized with the Yoast SEO plugin v27.5 - https:\/\/yoast.com\/product\/yoast-seo-wordpress\/ -->\n<title>Unidas em Silvina! - Hijas de Jes\u00fas<\/title>\n<meta name=\"robots\" content=\"index, follow, max-snippet:-1, max-image-preview:large, max-video-preview:-1\" \/>\n<link rel=\"canonical\" href=\"https:\/\/hijasdejesus.org\/pt-br\/unidas-em-silvina\/\" \/>\n<meta property=\"og:locale\" content=\"pt_BR\" \/>\n<meta property=\"og:type\" content=\"article\" \/>\n<meta property=\"og:title\" content=\"Unidas em Silvina! - Hijas de Jes\u00fas\" \/>\n<meta property=\"og:description\" content=\"Nesta manh\u00e3 faleceu em La Plata Silvina Pagura, uma Filha de Jesus de 42 anos que viveu sua doen\u00e7a como um processo de entrega ao Senhor. A secret\u00e1ria provincial de Am\u00e9rica Andina, Teresa Ram\u00edrez, compartilha a experi\u00eancia vivida hoje:A comunidade educativa do Col\u00e9gio Nossa Senhora das Merc\u00eas, acaba de se reunir para rezar a p\u00e1scoa [&hellip;]\" \/>\n<meta property=\"og:url\" content=\"https:\/\/hijasdejesus.org\/pt-br\/unidas-em-silvina\/\" \/>\n<meta property=\"og:site_name\" content=\"Hijas de Jes\u00fas\" \/>\n<meta property=\"article:publisher\" content=\"https:\/\/www.facebook.com\/hijasdejesusenelmundo\/\" \/>\n<meta property=\"article:published_time\" content=\"2016-05-06T16:01:21+00:00\" \/>\n<meta property=\"article:modified_time\" content=\"2016-05-06T21:11:17+00:00\" \/>\n<meta property=\"og:image\" content=\"https:\/\/hijasdejesus.org\/wp-content\/uploads\/2016\/05\/silvina1.jpg\" \/>\n\t<meta property=\"og:image:width\" content=\"960\" \/>\n\t<meta property=\"og:image:height\" content=\"960\" \/>\n\t<meta property=\"og:image:type\" content=\"image\/jpeg\" \/>\n<meta name=\"author\" content=\"Webmaster\" \/>\n<meta name=\"twitter:card\" content=\"summary_large_image\" \/>\n<meta name=\"twitter:creator\" content=\"@hijasdjesus\" \/>\n<meta name=\"twitter:site\" content=\"@hijasdjesus\" \/>\n<meta name=\"twitter:label1\" content=\"Escrito por\" \/>\n\t<meta name=\"twitter:data1\" content=\"Webmaster\" \/>\n\t<meta name=\"twitter:label2\" content=\"Est. tempo de leitura\" \/>\n\t<meta name=\"twitter:data2\" content=\"2 minutos\" \/>\n<script type=\"application\/ld+json\" class=\"yoast-schema-graph\">{\"@context\":\"https:\\\/\\\/schema.org\",\"@graph\":[{\"@type\":\"Article\",\"@id\":\"https:\\\/\\\/hijasdejesus.org\\\/pt-br\\\/unidas-em-silvina\\\/#article\",\"isPartOf\":{\"@id\":\"https:\\\/\\\/hijasdejesus.org\\\/pt-br\\\/unidas-em-silvina\\\/\"},\"author\":{\"name\":\"Webmaster\",\"@id\":\"https:\\\/\\\/hijasdejesus.org\\\/pt-br\\\/#\\\/schema\\\/person\\\/ce4455965da733f2791f23b6ec14e9b6\"},\"headline\":\"Unidas em Silvina!\",\"datePublished\":\"2016-05-06T16:01:21+00:00\",\"dateModified\":\"2016-05-06T21:11:17+00:00\",\"mainEntityOfPage\":{\"@id\":\"https:\\\/\\\/hijasdejesus.org\\\/pt-br\\\/unidas-em-silvina\\\/\"},\"wordCount\":351,\"publisher\":{\"@id\":\"https:\\\/\\\/hijasdejesus.org\\\/pt-br\\\/#organization\"},\"image\":{\"@id\":\"https:\\\/\\\/hijasdejesus.org\\\/pt-br\\\/unidas-em-silvina\\\/#primaryimage\"},\"thumbnailUrl\":\"https:\\\/\\\/hijasdejesus.org\\\/wp-content\\\/uploads\\\/2016\\\/05\\\/silvina1.jpg\",\"articleSection\":[\"Am\u00e9rica Andina\",\"Hijas de Jes\u00fas\",\"Not\u00edcias\"],\"inLanguage\":\"pt-BR\"},{\"@type\":\"WebPage\",\"@id\":\"https:\\\/\\\/hijasdejesus.org\\\/pt-br\\\/unidas-em-silvina\\\/\",\"url\":\"https:\\\/\\\/hijasdejesus.org\\\/pt-br\\\/unidas-em-silvina\\\/\",\"name\":\"Unidas em Silvina! - Hijas de Jes\u00fas\",\"isPartOf\":{\"@id\":\"https:\\\/\\\/hijasdejesus.org\\\/pt-br\\\/#website\"},\"primaryImageOfPage\":{\"@id\":\"https:\\\/\\\/hijasdejesus.org\\\/pt-br\\\/unidas-em-silvina\\\/#primaryimage\"},\"image\":{\"@id\":\"https:\\\/\\\/hijasdejesus.org\\\/pt-br\\\/unidas-em-silvina\\\/#primaryimage\"},\"thumbnailUrl\":\"https:\\\/\\\/hijasdejesus.org\\\/wp-content\\\/uploads\\\/2016\\\/05\\\/silvina1.jpg\",\"datePublished\":\"2016-05-06T16:01:21+00:00\",\"dateModified\":\"2016-05-06T21:11:17+00:00\",\"breadcrumb\":{\"@id\":\"https:\\\/\\\/hijasdejesus.org\\\/pt-br\\\/unidas-em-silvina\\\/#breadcrumb\"},\"inLanguage\":\"pt-BR\",\"potentialAction\":[{\"@type\":\"ReadAction\",\"target\":[\"https:\\\/\\\/hijasdejesus.org\\\/pt-br\\\/unidas-em-silvina\\\/\"]}]},{\"@type\":\"ImageObject\",\"inLanguage\":\"pt-BR\",\"@id\":\"https:\\\/\\\/hijasdejesus.org\\\/pt-br\\\/unidas-em-silvina\\\/#primaryimage\",\"url\":\"https:\\\/\\\/hijasdejesus.org\\\/wp-content\\\/uploads\\\/2016\\\/05\\\/silvina1.jpg\",\"contentUrl\":\"https:\\\/\\\/hijasdejesus.org\\\/wp-content\\\/uploads\\\/2016\\\/05\\\/silvina1.jpg\",\"width\":960,\"height\":960},{\"@type\":\"BreadcrumbList\",\"@id\":\"https:\\\/\\\/hijasdejesus.org\\\/pt-br\\\/unidas-em-silvina\\\/#breadcrumb\",\"itemListElement\":[{\"@type\":\"ListItem\",\"position\":1,\"name\":\"Portada\",\"item\":\"https:\\\/\\\/hijasdejesus.org\\\/pt-br\\\/\"},{\"@type\":\"ListItem\",\"position\":2,\"name\":\"Unidas em Silvina!\"}]},{\"@type\":\"WebSite\",\"@id\":\"https:\\\/\\\/hijasdejesus.org\\\/pt-br\\\/#website\",\"url\":\"https:\\\/\\\/hijasdejesus.org\\\/pt-br\\\/\",\"name\":\"Hijas de Jes\u00fas\",\"description\":\"Despertamos a Jes\u00fas en el coraz\u00f3n, sacando lo mejor de las personas. Somos una congregaci\u00f3n religiosa ignaciana fundada por la Madre Candida\",\"publisher\":{\"@id\":\"https:\\\/\\\/hijasdejesus.org\\\/pt-br\\\/#organization\"},\"potentialAction\":[{\"@type\":\"SearchAction\",\"target\":{\"@type\":\"EntryPoint\",\"urlTemplate\":\"https:\\\/\\\/hijasdejesus.org\\\/pt-br\\\/?s={search_term_string}\"},\"query-input\":{\"@type\":\"PropertyValueSpecification\",\"valueRequired\":true,\"valueName\":\"search_term_string\"}}],\"inLanguage\":\"pt-BR\"},{\"@type\":\"Organization\",\"@id\":\"https:\\\/\\\/hijasdejesus.org\\\/pt-br\\\/#organization\",\"name\":\"Hijas de Jes\u00fas\",\"url\":\"https:\\\/\\\/hijasdejesus.org\\\/pt-br\\\/\",\"logo\":{\"@type\":\"ImageObject\",\"inLanguage\":\"pt-BR\",\"@id\":\"https:\\\/\\\/hijasdejesus.org\\\/pt-br\\\/#\\\/schema\\\/logo\\\/image\\\/\",\"url\":\"https:\\\/\\\/hijasdejesus.org\\\/wp-content\\\/uploads\\\/2023\\\/01\\\/Hijas-de-Jesus_hor-A7C957.png\",\"contentUrl\":\"https:\\\/\\\/hijasdejesus.org\\\/wp-content\\\/uploads\\\/2023\\\/01\\\/Hijas-de-Jesus_hor-A7C957.png\",\"width\":700,\"height\":360,\"caption\":\"Hijas de Jes\u00fas\"},\"image\":{\"@id\":\"https:\\\/\\\/hijasdejesus.org\\\/pt-br\\\/#\\\/schema\\\/logo\\\/image\\\/\"},\"sameAs\":[\"https:\\\/\\\/www.facebook.com\\\/hijasdejesusenelmundo\\\/\",\"https:\\\/\\\/x.com\\\/hijasdjesus\"]},{\"@type\":\"Person\",\"@id\":\"https:\\\/\\\/hijasdejesus.org\\\/pt-br\\\/#\\\/schema\\\/person\\\/ce4455965da733f2791f23b6ec14e9b6\",\"name\":\"Webmaster\",\"image\":{\"@type\":\"ImageObject\",\"inLanguage\":\"pt-BR\",\"@id\":\"https:\\\/\\\/secure.gravatar.com\\\/avatar\\\/cfd0acaac86c3981d541d2e99a0ffb7b6d33a5ac8989a62f5518b9e0f7ee128a?s=96&d=mm&r=g\",\"url\":\"https:\\\/\\\/secure.gravatar.com\\\/avatar\\\/cfd0acaac86c3981d541d2e99a0ffb7b6d33a5ac8989a62f5518b9e0f7ee128a?s=96&d=mm&r=g\",\"contentUrl\":\"https:\\\/\\\/secure.gravatar.com\\\/avatar\\\/cfd0acaac86c3981d541d2e99a0ffb7b6d33a5ac8989a62f5518b9e0f7ee128a?s=96&d=mm&r=g\",\"caption\":\"Webmaster\"},\"url\":\"https:\\\/\\\/hijasdejesus.org\\\/pt-br\\\/author\\\/webmaster\\\/\"}]}<\/script>\n<!-- \/ Yoast SEO plugin. -->","yoast_head_json":{"title":"Unidas em Silvina! - Hijas de Jes\u00fas","robots":{"index":"index","follow":"follow","max-snippet":"max-snippet:-1","max-image-preview":"max-image-preview:large","max-video-preview":"max-video-preview:-1"},"canonical":"https:\/\/hijasdejesus.org\/pt-br\/unidas-em-silvina\/","og_locale":"pt_BR","og_type":"article","og_title":"Unidas em Silvina! - Hijas de Jes\u00fas","og_description":"Nesta manh\u00e3 faleceu em La Plata Silvina Pagura, uma Filha de Jesus de 42 anos que viveu sua doen\u00e7a como um processo de entrega ao Senhor. A secret\u00e1ria provincial de Am\u00e9rica Andina, Teresa Ram\u00edrez, compartilha a experi\u00eancia vivida hoje:A comunidade educativa do Col\u00e9gio Nossa Senhora das Merc\u00eas, acaba de se reunir para rezar a p\u00e1scoa [&hellip;]","og_url":"https:\/\/hijasdejesus.org\/pt-br\/unidas-em-silvina\/","og_site_name":"Hijas de Jes\u00fas","article_publisher":"https:\/\/www.facebook.com\/hijasdejesusenelmundo\/","article_published_time":"2016-05-06T16:01:21+00:00","article_modified_time":"2016-05-06T21:11:17+00:00","og_image":[{"width":960,"height":960,"url":"https:\/\/hijasdejesus.org\/wp-content\/uploads\/2016\/05\/silvina1.jpg","type":"image\/jpeg"}],"author":"Webmaster","twitter_card":"summary_large_image","twitter_creator":"@hijasdjesus","twitter_site":"@hijasdjesus","twitter_misc":{"Escrito por":"Webmaster","Est. tempo de leitura":"2 minutos"},"schema":{"@context":"https:\/\/schema.org","@graph":[{"@type":"Article","@id":"https:\/\/hijasdejesus.org\/pt-br\/unidas-em-silvina\/#article","isPartOf":{"@id":"https:\/\/hijasdejesus.org\/pt-br\/unidas-em-silvina\/"},"author":{"name":"Webmaster","@id":"https:\/\/hijasdejesus.org\/pt-br\/#\/schema\/person\/ce4455965da733f2791f23b6ec14e9b6"},"headline":"Unidas em Silvina!","datePublished":"2016-05-06T16:01:21+00:00","dateModified":"2016-05-06T21:11:17+00:00","mainEntityOfPage":{"@id":"https:\/\/hijasdejesus.org\/pt-br\/unidas-em-silvina\/"},"wordCount":351,"publisher":{"@id":"https:\/\/hijasdejesus.org\/pt-br\/#organization"},"image":{"@id":"https:\/\/hijasdejesus.org\/pt-br\/unidas-em-silvina\/#primaryimage"},"thumbnailUrl":"https:\/\/hijasdejesus.org\/wp-content\/uploads\/2016\/05\/silvina1.jpg","articleSection":["Am\u00e9rica Andina","Hijas de Jes\u00fas","Not\u00edcias"],"inLanguage":"pt-BR"},{"@type":"WebPage","@id":"https:\/\/hijasdejesus.org\/pt-br\/unidas-em-silvina\/","url":"https:\/\/hijasdejesus.org\/pt-br\/unidas-em-silvina\/","name":"Unidas em Silvina! - Hijas de Jes\u00fas","isPartOf":{"@id":"https:\/\/hijasdejesus.org\/pt-br\/#website"},"primaryImageOfPage":{"@id":"https:\/\/hijasdejesus.org\/pt-br\/unidas-em-silvina\/#primaryimage"},"image":{"@id":"https:\/\/hijasdejesus.org\/pt-br\/unidas-em-silvina\/#primaryimage"},"thumbnailUrl":"https:\/\/hijasdejesus.org\/wp-content\/uploads\/2016\/05\/silvina1.jpg","datePublished":"2016-05-06T16:01:21+00:00","dateModified":"2016-05-06T21:11:17+00:00","breadcrumb":{"@id":"https:\/\/hijasdejesus.org\/pt-br\/unidas-em-silvina\/#breadcrumb"},"inLanguage":"pt-BR","potentialAction":[{"@type":"ReadAction","target":["https:\/\/hijasdejesus.org\/pt-br\/unidas-em-silvina\/"]}]},{"@type":"ImageObject","inLanguage":"pt-BR","@id":"https:\/\/hijasdejesus.org\/pt-br\/unidas-em-silvina\/#primaryimage","url":"https:\/\/hijasdejesus.org\/wp-content\/uploads\/2016\/05\/silvina1.jpg","contentUrl":"https:\/\/hijasdejesus.org\/wp-content\/uploads\/2016\/05\/silvina1.jpg","width":960,"height":960},{"@type":"BreadcrumbList","@id":"https:\/\/hijasdejesus.org\/pt-br\/unidas-em-silvina\/#breadcrumb","itemListElement":[{"@type":"ListItem","position":1,"name":"Portada","item":"https:\/\/hijasdejesus.org\/pt-br\/"},{"@type":"ListItem","position":2,"name":"Unidas em Silvina!"}]},{"@type":"WebSite","@id":"https:\/\/hijasdejesus.org\/pt-br\/#website","url":"https:\/\/hijasdejesus.org\/pt-br\/","name":"Hijas de Jes\u00fas","description":"Despertamos a Jes\u00fas en el coraz\u00f3n, sacando lo mejor de las personas. Somos una congregaci\u00f3n religiosa ignaciana fundada por la Madre Candida","publisher":{"@id":"https:\/\/hijasdejesus.org\/pt-br\/#organization"},"potentialAction":[{"@type":"SearchAction","target":{"@type":"EntryPoint","urlTemplate":"https:\/\/hijasdejesus.org\/pt-br\/?s={search_term_string}"},"query-input":{"@type":"PropertyValueSpecification","valueRequired":true,"valueName":"search_term_string"}}],"inLanguage":"pt-BR"},{"@type":"Organization","@id":"https:\/\/hijasdejesus.org\/pt-br\/#organization","name":"Hijas de Jes\u00fas","url":"https:\/\/hijasdejesus.org\/pt-br\/","logo":{"@type":"ImageObject","inLanguage":"pt-BR","@id":"https:\/\/hijasdejesus.org\/pt-br\/#\/schema\/logo\/image\/","url":"https:\/\/hijasdejesus.org\/wp-content\/uploads\/2023\/01\/Hijas-de-Jesus_hor-A7C957.png","contentUrl":"https:\/\/hijasdejesus.org\/wp-content\/uploads\/2023\/01\/Hijas-de-Jesus_hor-A7C957.png","width":700,"height":360,"caption":"Hijas de Jes\u00fas"},"image":{"@id":"https:\/\/hijasdejesus.org\/pt-br\/#\/schema\/logo\/image\/"},"sameAs":["https:\/\/www.facebook.com\/hijasdejesusenelmundo\/","https:\/\/x.com\/hijasdjesus"]},{"@type":"Person","@id":"https:\/\/hijasdejesus.org\/pt-br\/#\/schema\/person\/ce4455965da733f2791f23b6ec14e9b6","name":"Webmaster","image":{"@type":"ImageObject","inLanguage":"pt-BR","@id":"https:\/\/secure.gravatar.com\/avatar\/cfd0acaac86c3981d541d2e99a0ffb7b6d33a5ac8989a62f5518b9e0f7ee128a?s=96&d=mm&r=g","url":"https:\/\/secure.gravatar.com\/avatar\/cfd0acaac86c3981d541d2e99a0ffb7b6d33a5ac8989a62f5518b9e0f7ee128a?s=96&d=mm&r=g","contentUrl":"https:\/\/secure.gravatar.com\/avatar\/cfd0acaac86c3981d541d2e99a0ffb7b6d33a5ac8989a62f5518b9e0f7ee128a?s=96&d=mm&r=g","caption":"Webmaster"},"url":"https:\/\/hijasdejesus.org\/pt-br\/author\/webmaster\/"}]}},"_links":{"self":[{"href":"https:\/\/hijasdejesus.org\/pt-br\/wp-json\/wp\/v2\/posts\/27622","targetHints":{"allow":["GET"]}}],"collection":[{"href":"https:\/\/hijasdejesus.org\/pt-br\/wp-json\/wp\/v2\/posts"}],"about":[{"href":"https:\/\/hijasdejesus.org\/pt-br\/wp-json\/wp\/v2\/types\/post"}],"author":[{"embeddable":true,"href":"https:\/\/hijasdejesus.org\/pt-br\/wp-json\/wp\/v2\/users\/28"}],"replies":[{"embeddable":true,"href":"https:\/\/hijasdejesus.org\/pt-br\/wp-json\/wp\/v2\/comments?post=27622"}],"version-history":[{"count":0,"href":"https:\/\/hijasdejesus.org\/pt-br\/wp-json\/wp\/v2\/posts\/27622\/revisions"}],"wp:featuredmedia":[{"embeddable":true,"href":"https:\/\/hijasdejesus.org\/pt-br\/wp-json\/wp\/v2\/media\/7238"}],"wp:attachment":[{"href":"https:\/\/hijasdejesus.org\/pt-br\/wp-json\/wp\/v2\/media?parent=27622"}],"wp:term":[{"taxonomy":"category","embeddable":true,"href":"https:\/\/hijasdejesus.org\/pt-br\/wp-json\/wp\/v2\/categories?post=27622"},{"taxonomy":"post_tag","embeddable":true,"href":"https:\/\/hijasdejesus.org\/pt-br\/wp-json\/wp\/v2\/tags?post=27622"}],"curies":[{"name":"wp","href":"https:\/\/api.w.org\/{rel}","templated":true}]}}