{"id":27625,"date":"2016-05-07T12:06:50","date_gmt":"2016-05-07T10:06:50","guid":{"rendered":"https:\/\/nueva.hijasdejesus.org\/comunicacao-e-misericordia-um-encontro-fecundo\/"},"modified":"2016-05-10T19:49:53","modified_gmt":"2016-05-10T17:49:53","slug":"comunicacao-e-misericordia-um-encontro-fecundo","status":"publish","type":"post","link":"https:\/\/hijasdejesus.org\/pt-br\/comunicacao-e-misericordia-um-encontro-fecundo\/","title":{"rendered":"Comunica\u00e7\u00e3o e miseric\u00f3rdia: um encontro fecundo"},"content":{"rendered":"<\/p>\n<p>\u00c9 nosso dia, comunicadores e comunicadoras. Parab\u00e9ns!<br \/>Celebramos a 50\u00aa Jornada Mundial com alegria festiva e tamb\u00e9m com o compromisso de continuar anunciando vida atrav\u00e9s de tantos meios como temos, hoje, ao nosso alcance. \u00c9 um compromisso que aceitamos com gosto porque nos sentimos ponte para unir margens, para facilitar encontros humanos, porque podemos usar os recursos t\u00e9cnicos e tantos outros meios e aproveitar sua potencialidade para semear e promover bondade, alegria, beleza, e outros valores. Por\u00e9m, sabemos que a ambiguidade dessas ferramentas pode nos dar resultados negativos.<br \/>Trata-se de escolher, comunicar, transmitir mensagem, e n\u00e3o somente informar. \u00c0s vezes, entre admirados e inquietados, assistimos o vai e vem de noticias que chegam a n\u00f3s cada dia; tamb\u00e9m aparecem crit\u00e9rios de sele\u00e7\u00e3o e, sobretudo categorias. N\u00e3o \u00e9 tanto o que acontece, com as repercuss\u00f5es que pode ter em n\u00edvel local e\/ou mundial, quanto o tratamento que \u00e9 dado a tudo o que vai acontecendo.<br \/>H\u00e1 not\u00edcias dram\u00e1ticas que logo passam, como que levadas pelo vento de outras que s\u00e3o mais \u201cinteressantes\u201d; outras vezes, o lugar onde acontecem as desgra\u00e7as tem seu reflexo no modo de tratamento, no esquecimento das mesmas, quase na aus\u00eancia. Outras ficam na sobra. Em umas e outras h\u00e1 vidas humanas em jogo, dor, morte, destrui\u00e7\u00e3o&#8230; A pergunta que permanece \u00e9: informar ou comunicar? O que transmitir e como faz\u00ea-lo? A miseric\u00f3rdia \u00e9 a base para que nossa comunica\u00e7\u00e3o seja fecunda e promova vida onde houver morte.<br \/>Recorda-nos o Papa em sua Mensagem para este dia, sobre a qual refletimos em nosso encontro:<br \/>\u201cTamb\u00e9m os correios eletr\u00f4nicos, as mensagens de texto, as redes sociais, os f\u00f3runs podem ser formas de comunica\u00e7\u00e3o plenamente humanas. N\u00e3o \u00e9 a tecnologia que determina se a comunica\u00e7\u00e3o \u00e9 aut\u00eantica ou n\u00e3o, mas o cora\u00e7\u00e3o da pessoa e sua capacidade de usar bem os meios \u00e0 sua disposi\u00e7\u00e3o. As redes sociais s\u00e3o capazes de favorecer as rela\u00e7\u00f5es e de promover o bem da sociedade, mas tamb\u00e9m podem conduzir a uma ulterior polariza\u00e7\u00e3o e divis\u00e3o entre as pessoas e os grupos. O entorno digital \u00e9 uma pra\u00e7a um lugar de encontro, onde se pode acariciar e ferir, ter uma proveitosa discuss\u00e3o ou um linchamento moral.<br \/>Pe\u00e7o que o Ano Jubilar vivido na miseric\u00f3rdia\u00a0 \u201cnos fa\u00e7a mais abertos ao di\u00e1logo para nos conhecermos e nos compreendermos melhor; elimine toda forma de fechamento e desprezo, e afaste qualquer forma de viol\u00eancia e de discrimina\u00e7\u00e3o\u201d.<br \/>Isto se pode aplicar \u00e0 realidade cotidiana, em nossos col\u00e9gios, em diversas associa\u00e7\u00f5es ou grupos onde estivermos, nas fam\u00edlias e comunidades, no esporte, na divers\u00e3o, na\u00a0 vida sociopol\u00edtica, cultural, econ\u00f4mica, religiosa&#8230; Onde acontecerem as not\u00edcias se tece a informa\u00e7\u00e3o e\/ou comunica\u00e7\u00e3o, e n\u00f3s estaremos atentos, com os olhos e os ouvidos receptivos para que nada se perca&#8230; Depois, por\u00e9m, nosso cora\u00e7\u00e3o vai selecionando as p\u00e1ginas, o formato, os titulares, a extens\u00e3o dos caracteres, o vocabul\u00e1rio, o tom&#8230; tudo o que converteremos em not\u00edcia que valha a pena comunicar com esse crit\u00e9rio de \u201cpromover o bem da sociedade\u201d&#8230;<br \/>Cumprimentamo-nos mutuamente, e renovamos nosso compromisso com muita alegria pelo apaixonante que \u00e9, para continuarmos unidos neste caminho que nos oferece tantas possibilidades como riqueza pessoal, e para continuar comunicando vida e humanidade.<\/p>\n<p style=\"text-align: center;\"><strong>Mar\u00eda Luisa Berzosa FI<\/strong><\/p>\n","protected":false},"excerpt":{"rendered":"<p>\u00c9 nosso dia, comunicadores e comunicadoras. Parab\u00e9ns!Celebramos a 50\u00aa Jornada Mundial com alegria festiva e tamb\u00e9m com o compromisso de continuar anunciando vida atrav\u00e9s de tantos meios como temos, hoje, ao nosso alcance. \u00c9 um compromisso que aceitamos com gosto porque nos sentimos ponte para unir margens, para facilitar encontros humanos, porque podemos usar os [&hellip;]<\/p>\n","protected":false},"author":28,"featured_media":7240,"comment_status":"closed","ping_status":"closed","sticky":false,"template":"","format":"standard","meta":{"_et_pb_use_builder":"","_et_pb_old_content":"","_et_gb_content_width":"","footnotes":"","_links_to":"","_links_to_target":""},"categories":[521,533,469],"tags":[],"class_list":["post-27625","post","type-post","status-publish","format-standard","has-post-thumbnail","hentry","category-espanha-italia","category-igreja","category-noticias-pt-br"],"yoast_head":"<!-- This site is optimized with the Yoast SEO plugin v27.4 - https:\/\/yoast.com\/product\/yoast-seo-wordpress\/ -->\n<title>Comunica\u00e7\u00e3o e miseric\u00f3rdia: um encontro fecundo - Hijas de Jes\u00fas<\/title>\n<meta name=\"robots\" content=\"index, follow, max-snippet:-1, max-image-preview:large, max-video-preview:-1\" \/>\n<link rel=\"canonical\" href=\"https:\/\/hijasdejesus.org\/pt-br\/comunicacao-e-misericordia-um-encontro-fecundo\/\" \/>\n<meta property=\"og:locale\" content=\"pt_BR\" \/>\n<meta property=\"og:type\" content=\"article\" \/>\n<meta property=\"og:title\" content=\"Comunica\u00e7\u00e3o e miseric\u00f3rdia: um encontro fecundo - Hijas de Jes\u00fas\" \/>\n<meta property=\"og:description\" content=\"\u00c9 nosso dia, comunicadores e comunicadoras. Parab\u00e9ns!Celebramos a 50\u00aa Jornada Mundial com alegria festiva e tamb\u00e9m com o compromisso de continuar anunciando vida atrav\u00e9s de tantos meios como temos, hoje, ao nosso alcance. \u00c9 um compromisso que aceitamos com gosto porque nos sentimos ponte para unir margens, para facilitar encontros humanos, porque podemos usar os [&hellip;]\" \/>\n<meta property=\"og:url\" content=\"https:\/\/hijasdejesus.org\/pt-br\/comunicacao-e-misericordia-um-encontro-fecundo\/\" \/>\n<meta property=\"og:site_name\" content=\"Hijas de Jes\u00fas\" \/>\n<meta property=\"article:publisher\" content=\"https:\/\/www.facebook.com\/hijasdejesusenelmundo\/\" \/>\n<meta property=\"article:published_time\" content=\"2016-05-07T10:06:50+00:00\" \/>\n<meta property=\"article:modified_time\" content=\"2016-05-10T17:49:53+00:00\" \/>\n<meta property=\"og:image\" content=\"https:\/\/hijasdejesus.org\/wp-content\/uploads\/2016\/05\/jornadamcs3.jpg\" \/>\n\t<meta property=\"og:image:width\" content=\"596\" \/>\n\t<meta property=\"og:image:height\" content=\"523\" \/>\n\t<meta property=\"og:image:type\" content=\"image\/jpeg\" \/>\n<meta name=\"author\" content=\"Webmaster\" \/>\n<meta name=\"twitter:card\" content=\"summary_large_image\" \/>\n<meta name=\"twitter:creator\" content=\"@hijasdjesus\" \/>\n<meta name=\"twitter:site\" content=\"@hijasdjesus\" \/>\n<meta name=\"twitter:label1\" content=\"Escrito por\" \/>\n\t<meta name=\"twitter:data1\" content=\"Webmaster\" \/>\n\t<meta name=\"twitter:label2\" content=\"Est. tempo de leitura\" \/>\n\t<meta name=\"twitter:data2\" content=\"3 minutos\" \/>\n<script type=\"application\/ld+json\" class=\"yoast-schema-graph\">{\"@context\":\"https:\\\/\\\/schema.org\",\"@graph\":[{\"@type\":\"Article\",\"@id\":\"https:\\\/\\\/hijasdejesus.org\\\/pt-br\\\/comunicacao-e-misericordia-um-encontro-fecundo\\\/#article\",\"isPartOf\":{\"@id\":\"https:\\\/\\\/hijasdejesus.org\\\/pt-br\\\/comunicacao-e-misericordia-um-encontro-fecundo\\\/\"},\"author\":{\"name\":\"Webmaster\",\"@id\":\"https:\\\/\\\/hijasdejesus.org\\\/pt-br\\\/#\\\/schema\\\/person\\\/ce4455965da733f2791f23b6ec14e9b6\"},\"headline\":\"Comunica\u00e7\u00e3o e miseric\u00f3rdia: um encontro fecundo\",\"datePublished\":\"2016-05-07T10:06:50+00:00\",\"dateModified\":\"2016-05-10T17:49:53+00:00\",\"mainEntityOfPage\":{\"@id\":\"https:\\\/\\\/hijasdejesus.org\\\/pt-br\\\/comunicacao-e-misericordia-um-encontro-fecundo\\\/\"},\"wordCount\":592,\"publisher\":{\"@id\":\"https:\\\/\\\/hijasdejesus.org\\\/pt-br\\\/#organization\"},\"image\":{\"@id\":\"https:\\\/\\\/hijasdejesus.org\\\/pt-br\\\/comunicacao-e-misericordia-um-encontro-fecundo\\\/#primaryimage\"},\"thumbnailUrl\":\"https:\\\/\\\/hijasdejesus.org\\\/wp-content\\\/uploads\\\/2016\\\/05\\\/jornadamcs3.jpg\",\"articleSection\":[\"Espanha-It\u00e1lia\",\"Igreja\",\"Not\u00edcias\"],\"inLanguage\":\"pt-BR\"},{\"@type\":\"WebPage\",\"@id\":\"https:\\\/\\\/hijasdejesus.org\\\/pt-br\\\/comunicacao-e-misericordia-um-encontro-fecundo\\\/\",\"url\":\"https:\\\/\\\/hijasdejesus.org\\\/pt-br\\\/comunicacao-e-misericordia-um-encontro-fecundo\\\/\",\"name\":\"Comunica\u00e7\u00e3o e miseric\u00f3rdia: um encontro fecundo - Hijas de Jes\u00fas\",\"isPartOf\":{\"@id\":\"https:\\\/\\\/hijasdejesus.org\\\/pt-br\\\/#website\"},\"primaryImageOfPage\":{\"@id\":\"https:\\\/\\\/hijasdejesus.org\\\/pt-br\\\/comunicacao-e-misericordia-um-encontro-fecundo\\\/#primaryimage\"},\"image\":{\"@id\":\"https:\\\/\\\/hijasdejesus.org\\\/pt-br\\\/comunicacao-e-misericordia-um-encontro-fecundo\\\/#primaryimage\"},\"thumbnailUrl\":\"https:\\\/\\\/hijasdejesus.org\\\/wp-content\\\/uploads\\\/2016\\\/05\\\/jornadamcs3.jpg\",\"datePublished\":\"2016-05-07T10:06:50+00:00\",\"dateModified\":\"2016-05-10T17:49:53+00:00\",\"breadcrumb\":{\"@id\":\"https:\\\/\\\/hijasdejesus.org\\\/pt-br\\\/comunicacao-e-misericordia-um-encontro-fecundo\\\/#breadcrumb\"},\"inLanguage\":\"pt-BR\",\"potentialAction\":[{\"@type\":\"ReadAction\",\"target\":[\"https:\\\/\\\/hijasdejesus.org\\\/pt-br\\\/comunicacao-e-misericordia-um-encontro-fecundo\\\/\"]}]},{\"@type\":\"ImageObject\",\"inLanguage\":\"pt-BR\",\"@id\":\"https:\\\/\\\/hijasdejesus.org\\\/pt-br\\\/comunicacao-e-misericordia-um-encontro-fecundo\\\/#primaryimage\",\"url\":\"https:\\\/\\\/hijasdejesus.org\\\/wp-content\\\/uploads\\\/2016\\\/05\\\/jornadamcs3.jpg\",\"contentUrl\":\"https:\\\/\\\/hijasdejesus.org\\\/wp-content\\\/uploads\\\/2016\\\/05\\\/jornadamcs3.jpg\",\"width\":596,\"height\":523},{\"@type\":\"BreadcrumbList\",\"@id\":\"https:\\\/\\\/hijasdejesus.org\\\/pt-br\\\/comunicacao-e-misericordia-um-encontro-fecundo\\\/#breadcrumb\",\"itemListElement\":[{\"@type\":\"ListItem\",\"position\":1,\"name\":\"Portada\",\"item\":\"https:\\\/\\\/hijasdejesus.org\\\/pt-br\\\/\"},{\"@type\":\"ListItem\",\"position\":2,\"name\":\"Comunica\u00e7\u00e3o e miseric\u00f3rdia: um encontro fecundo\"}]},{\"@type\":\"WebSite\",\"@id\":\"https:\\\/\\\/hijasdejesus.org\\\/pt-br\\\/#website\",\"url\":\"https:\\\/\\\/hijasdejesus.org\\\/pt-br\\\/\",\"name\":\"Hijas de Jes\u00fas\",\"description\":\"Despertamos a Jes\u00fas en el coraz\u00f3n, sacando lo mejor de las personas. Somos una congregaci\u00f3n religiosa ignaciana fundada por la Madre Candida\",\"publisher\":{\"@id\":\"https:\\\/\\\/hijasdejesus.org\\\/pt-br\\\/#organization\"},\"potentialAction\":[{\"@type\":\"SearchAction\",\"target\":{\"@type\":\"EntryPoint\",\"urlTemplate\":\"https:\\\/\\\/hijasdejesus.org\\\/pt-br\\\/?s={search_term_string}\"},\"query-input\":{\"@type\":\"PropertyValueSpecification\",\"valueRequired\":true,\"valueName\":\"search_term_string\"}}],\"inLanguage\":\"pt-BR\"},{\"@type\":\"Organization\",\"@id\":\"https:\\\/\\\/hijasdejesus.org\\\/pt-br\\\/#organization\",\"name\":\"Hijas de Jes\u00fas\",\"url\":\"https:\\\/\\\/hijasdejesus.org\\\/pt-br\\\/\",\"logo\":{\"@type\":\"ImageObject\",\"inLanguage\":\"pt-BR\",\"@id\":\"https:\\\/\\\/hijasdejesus.org\\\/pt-br\\\/#\\\/schema\\\/logo\\\/image\\\/\",\"url\":\"https:\\\/\\\/hijasdejesus.org\\\/wp-content\\\/uploads\\\/2023\\\/01\\\/Hijas-de-Jesus_hor-A7C957.png\",\"contentUrl\":\"https:\\\/\\\/hijasdejesus.org\\\/wp-content\\\/uploads\\\/2023\\\/01\\\/Hijas-de-Jesus_hor-A7C957.png\",\"width\":700,\"height\":360,\"caption\":\"Hijas de Jes\u00fas\"},\"image\":{\"@id\":\"https:\\\/\\\/hijasdejesus.org\\\/pt-br\\\/#\\\/schema\\\/logo\\\/image\\\/\"},\"sameAs\":[\"https:\\\/\\\/www.facebook.com\\\/hijasdejesusenelmundo\\\/\",\"https:\\\/\\\/x.com\\\/hijasdjesus\"]},{\"@type\":\"Person\",\"@id\":\"https:\\\/\\\/hijasdejesus.org\\\/pt-br\\\/#\\\/schema\\\/person\\\/ce4455965da733f2791f23b6ec14e9b6\",\"name\":\"Webmaster\",\"image\":{\"@type\":\"ImageObject\",\"inLanguage\":\"pt-BR\",\"@id\":\"https:\\\/\\\/secure.gravatar.com\\\/avatar\\\/cfd0acaac86c3981d541d2e99a0ffb7b6d33a5ac8989a62f5518b9e0f7ee128a?s=96&d=mm&r=g\",\"url\":\"https:\\\/\\\/secure.gravatar.com\\\/avatar\\\/cfd0acaac86c3981d541d2e99a0ffb7b6d33a5ac8989a62f5518b9e0f7ee128a?s=96&d=mm&r=g\",\"contentUrl\":\"https:\\\/\\\/secure.gravatar.com\\\/avatar\\\/cfd0acaac86c3981d541d2e99a0ffb7b6d33a5ac8989a62f5518b9e0f7ee128a?s=96&d=mm&r=g\",\"caption\":\"Webmaster\"},\"url\":\"https:\\\/\\\/hijasdejesus.org\\\/pt-br\\\/author\\\/webmaster\\\/\"}]}<\/script>\n<!-- \/ Yoast SEO plugin. -->","yoast_head_json":{"title":"Comunica\u00e7\u00e3o e miseric\u00f3rdia: um encontro fecundo - Hijas de Jes\u00fas","robots":{"index":"index","follow":"follow","max-snippet":"max-snippet:-1","max-image-preview":"max-image-preview:large","max-video-preview":"max-video-preview:-1"},"canonical":"https:\/\/hijasdejesus.org\/pt-br\/comunicacao-e-misericordia-um-encontro-fecundo\/","og_locale":"pt_BR","og_type":"article","og_title":"Comunica\u00e7\u00e3o e miseric\u00f3rdia: um encontro fecundo - Hijas de Jes\u00fas","og_description":"\u00c9 nosso dia, comunicadores e comunicadoras. Parab\u00e9ns!Celebramos a 50\u00aa Jornada Mundial com alegria festiva e tamb\u00e9m com o compromisso de continuar anunciando vida atrav\u00e9s de tantos meios como temos, hoje, ao nosso alcance. \u00c9 um compromisso que aceitamos com gosto porque nos sentimos ponte para unir margens, para facilitar encontros humanos, porque podemos usar os [&hellip;]","og_url":"https:\/\/hijasdejesus.org\/pt-br\/comunicacao-e-misericordia-um-encontro-fecundo\/","og_site_name":"Hijas de Jes\u00fas","article_publisher":"https:\/\/www.facebook.com\/hijasdejesusenelmundo\/","article_published_time":"2016-05-07T10:06:50+00:00","article_modified_time":"2016-05-10T17:49:53+00:00","og_image":[{"width":596,"height":523,"url":"https:\/\/hijasdejesus.org\/wp-content\/uploads\/2016\/05\/jornadamcs3.jpg","type":"image\/jpeg"}],"author":"Webmaster","twitter_card":"summary_large_image","twitter_creator":"@hijasdjesus","twitter_site":"@hijasdjesus","twitter_misc":{"Escrito por":"Webmaster","Est. tempo de leitura":"3 minutos"},"schema":{"@context":"https:\/\/schema.org","@graph":[{"@type":"Article","@id":"https:\/\/hijasdejesus.org\/pt-br\/comunicacao-e-misericordia-um-encontro-fecundo\/#article","isPartOf":{"@id":"https:\/\/hijasdejesus.org\/pt-br\/comunicacao-e-misericordia-um-encontro-fecundo\/"},"author":{"name":"Webmaster","@id":"https:\/\/hijasdejesus.org\/pt-br\/#\/schema\/person\/ce4455965da733f2791f23b6ec14e9b6"},"headline":"Comunica\u00e7\u00e3o e miseric\u00f3rdia: um encontro fecundo","datePublished":"2016-05-07T10:06:50+00:00","dateModified":"2016-05-10T17:49:53+00:00","mainEntityOfPage":{"@id":"https:\/\/hijasdejesus.org\/pt-br\/comunicacao-e-misericordia-um-encontro-fecundo\/"},"wordCount":592,"publisher":{"@id":"https:\/\/hijasdejesus.org\/pt-br\/#organization"},"image":{"@id":"https:\/\/hijasdejesus.org\/pt-br\/comunicacao-e-misericordia-um-encontro-fecundo\/#primaryimage"},"thumbnailUrl":"https:\/\/hijasdejesus.org\/wp-content\/uploads\/2016\/05\/jornadamcs3.jpg","articleSection":["Espanha-It\u00e1lia","Igreja","Not\u00edcias"],"inLanguage":"pt-BR"},{"@type":"WebPage","@id":"https:\/\/hijasdejesus.org\/pt-br\/comunicacao-e-misericordia-um-encontro-fecundo\/","url":"https:\/\/hijasdejesus.org\/pt-br\/comunicacao-e-misericordia-um-encontro-fecundo\/","name":"Comunica\u00e7\u00e3o e miseric\u00f3rdia: um encontro fecundo - Hijas de Jes\u00fas","isPartOf":{"@id":"https:\/\/hijasdejesus.org\/pt-br\/#website"},"primaryImageOfPage":{"@id":"https:\/\/hijasdejesus.org\/pt-br\/comunicacao-e-misericordia-um-encontro-fecundo\/#primaryimage"},"image":{"@id":"https:\/\/hijasdejesus.org\/pt-br\/comunicacao-e-misericordia-um-encontro-fecundo\/#primaryimage"},"thumbnailUrl":"https:\/\/hijasdejesus.org\/wp-content\/uploads\/2016\/05\/jornadamcs3.jpg","datePublished":"2016-05-07T10:06:50+00:00","dateModified":"2016-05-10T17:49:53+00:00","breadcrumb":{"@id":"https:\/\/hijasdejesus.org\/pt-br\/comunicacao-e-misericordia-um-encontro-fecundo\/#breadcrumb"},"inLanguage":"pt-BR","potentialAction":[{"@type":"ReadAction","target":["https:\/\/hijasdejesus.org\/pt-br\/comunicacao-e-misericordia-um-encontro-fecundo\/"]}]},{"@type":"ImageObject","inLanguage":"pt-BR","@id":"https:\/\/hijasdejesus.org\/pt-br\/comunicacao-e-misericordia-um-encontro-fecundo\/#primaryimage","url":"https:\/\/hijasdejesus.org\/wp-content\/uploads\/2016\/05\/jornadamcs3.jpg","contentUrl":"https:\/\/hijasdejesus.org\/wp-content\/uploads\/2016\/05\/jornadamcs3.jpg","width":596,"height":523},{"@type":"BreadcrumbList","@id":"https:\/\/hijasdejesus.org\/pt-br\/comunicacao-e-misericordia-um-encontro-fecundo\/#breadcrumb","itemListElement":[{"@type":"ListItem","position":1,"name":"Portada","item":"https:\/\/hijasdejesus.org\/pt-br\/"},{"@type":"ListItem","position":2,"name":"Comunica\u00e7\u00e3o e miseric\u00f3rdia: um encontro fecundo"}]},{"@type":"WebSite","@id":"https:\/\/hijasdejesus.org\/pt-br\/#website","url":"https:\/\/hijasdejesus.org\/pt-br\/","name":"Hijas de Jes\u00fas","description":"Despertamos a Jes\u00fas en el coraz\u00f3n, sacando lo mejor de las personas. Somos una congregaci\u00f3n religiosa ignaciana fundada por la Madre Candida","publisher":{"@id":"https:\/\/hijasdejesus.org\/pt-br\/#organization"},"potentialAction":[{"@type":"SearchAction","target":{"@type":"EntryPoint","urlTemplate":"https:\/\/hijasdejesus.org\/pt-br\/?s={search_term_string}"},"query-input":{"@type":"PropertyValueSpecification","valueRequired":true,"valueName":"search_term_string"}}],"inLanguage":"pt-BR"},{"@type":"Organization","@id":"https:\/\/hijasdejesus.org\/pt-br\/#organization","name":"Hijas de Jes\u00fas","url":"https:\/\/hijasdejesus.org\/pt-br\/","logo":{"@type":"ImageObject","inLanguage":"pt-BR","@id":"https:\/\/hijasdejesus.org\/pt-br\/#\/schema\/logo\/image\/","url":"https:\/\/hijasdejesus.org\/wp-content\/uploads\/2023\/01\/Hijas-de-Jesus_hor-A7C957.png","contentUrl":"https:\/\/hijasdejesus.org\/wp-content\/uploads\/2023\/01\/Hijas-de-Jesus_hor-A7C957.png","width":700,"height":360,"caption":"Hijas de Jes\u00fas"},"image":{"@id":"https:\/\/hijasdejesus.org\/pt-br\/#\/schema\/logo\/image\/"},"sameAs":["https:\/\/www.facebook.com\/hijasdejesusenelmundo\/","https:\/\/x.com\/hijasdjesus"]},{"@type":"Person","@id":"https:\/\/hijasdejesus.org\/pt-br\/#\/schema\/person\/ce4455965da733f2791f23b6ec14e9b6","name":"Webmaster","image":{"@type":"ImageObject","inLanguage":"pt-BR","@id":"https:\/\/secure.gravatar.com\/avatar\/cfd0acaac86c3981d541d2e99a0ffb7b6d33a5ac8989a62f5518b9e0f7ee128a?s=96&d=mm&r=g","url":"https:\/\/secure.gravatar.com\/avatar\/cfd0acaac86c3981d541d2e99a0ffb7b6d33a5ac8989a62f5518b9e0f7ee128a?s=96&d=mm&r=g","contentUrl":"https:\/\/secure.gravatar.com\/avatar\/cfd0acaac86c3981d541d2e99a0ffb7b6d33a5ac8989a62f5518b9e0f7ee128a?s=96&d=mm&r=g","caption":"Webmaster"},"url":"https:\/\/hijasdejesus.org\/pt-br\/author\/webmaster\/"}]}},"_links":{"self":[{"href":"https:\/\/hijasdejesus.org\/pt-br\/wp-json\/wp\/v2\/posts\/27625","targetHints":{"allow":["GET"]}}],"collection":[{"href":"https:\/\/hijasdejesus.org\/pt-br\/wp-json\/wp\/v2\/posts"}],"about":[{"href":"https:\/\/hijasdejesus.org\/pt-br\/wp-json\/wp\/v2\/types\/post"}],"author":[{"embeddable":true,"href":"https:\/\/hijasdejesus.org\/pt-br\/wp-json\/wp\/v2\/users\/28"}],"replies":[{"embeddable":true,"href":"https:\/\/hijasdejesus.org\/pt-br\/wp-json\/wp\/v2\/comments?post=27625"}],"version-history":[{"count":0,"href":"https:\/\/hijasdejesus.org\/pt-br\/wp-json\/wp\/v2\/posts\/27625\/revisions"}],"wp:featuredmedia":[{"embeddable":true,"href":"https:\/\/hijasdejesus.org\/pt-br\/wp-json\/wp\/v2\/media\/7240"}],"wp:attachment":[{"href":"https:\/\/hijasdejesus.org\/pt-br\/wp-json\/wp\/v2\/media?parent=27625"}],"wp:term":[{"taxonomy":"category","embeddable":true,"href":"https:\/\/hijasdejesus.org\/pt-br\/wp-json\/wp\/v2\/categories?post=27625"},{"taxonomy":"post_tag","embeddable":true,"href":"https:\/\/hijasdejesus.org\/pt-br\/wp-json\/wp\/v2\/tags?post=27625"}],"curies":[{"name":"wp","href":"https:\/\/api.w.org\/{rel}","templated":true}]}}