{"id":27697,"date":"2016-06-13T18:51:10","date_gmt":"2016-06-13T16:51:10","guid":{"rendered":"https:\/\/nueva.hijasdejesus.org\/em-memoria-de-maria-velasco-fi\/"},"modified":"2016-06-24T18:56:41","modified_gmt":"2016-06-24T16:56:41","slug":"em-memoria-de-maria-velasco-fi","status":"publish","type":"post","link":"https:\/\/hijasdejesus.org\/pt-br\/em-memoria-de-maria-velasco-fi\/","title":{"rendered":"Em mem\u00f3ria de Maria Velasco fi"},"content":{"rendered":"<p style=\"text-align: justify;\">Nestes dias de junho segu\u00edamos com preocupada emo\u00e7\u00e3o seu estado de sa\u00fade, e dia 14 chegou-nos a esperada not\u00edcia de sua P\u00e1scoa, que nunca querer\u00edamos receber\u2026 mas, sua vida pertencia ao Senhor \u2013 voc\u00ea bem o sabia, porque vivenciava isto &#8211; e como n\u00e3o iria aceitar que Ele dispusesse sua partida quando quisesse!<br \/>Ao longo deste ano a recordamos, dizemos melhor, n\u00f3s a tivemos ininterruptamente presente; a aus\u00eancia se fez presen\u00e7a no cora\u00e7\u00e3o porque \u00e9 verdade que o amor \u00e9 mais forte que a morte.<br \/>Nas muitas e variadas vicissitudes da hist\u00f3ria cotidiana, ali e aqui, em sua querida Rep\u00fablica Dominicana, em Am\u00e9rica Latina e em Europa, e em Espanha e em todas as partes, a vida continua entre luzes e sombras, sem roubar nossos sonhos, ao contr\u00e1rio, oferecendo-nos multid\u00e3o de desafios apost\u00f3licos que d\u00e3o muito sentido \u00e0 nossa voca\u00e7\u00e3o-miss\u00e3o, apesar de que muitas vezes nos vemos tentadas a desistir pela despropor\u00e7\u00e3o entre o que sonhamos e os meios, por\u00e9m a\u00ed tamb\u00e9m a vejo e escuto: \u201cvale a pena continuar, a entrega da vida n\u00e3o se perde, entregar tudo \u00e9 o melhor que pode acontecer, \u00e9 uma alegria\u201d\u2026<br \/>Tamb\u00e9m nestas circunst\u00e2ncias e em muitas outras, voc\u00ea continua sendo minha irm\u00e3 mais velha, minha refer\u00eancia de quem aprendo sabedoria, essa ci\u00eancia que nos d\u00e1 lucidez suficiente para distinguir e situar em seu justo lugar o essencial e o relativo, os fins e os meios sem alterar a ordem, para ver com realismo as dificuldades, mas n\u00e3o fazer delas o centro da vida\u2026<br \/>Continuo vendo-a apoiando sempre qualquer raio de luz que apare\u00e7a por onde for, por dif\u00edcil que as coisas estejam, venha de onde vier pois, se for luz conv\u00e9m deixar-se iluminar para poder\u00a0 avan\u00e7ar no caminho. <br \/>Obrigada, querida Maria, por continuar impulsionando os passos pequenos ou grandes da vida para a VIDA. Neste paradoxo de morte-vida, de tempo-eternidade, de aus\u00eancia-presen\u00e7a\u2026 nos encontramos em profunda comunh\u00e3o de carinho, de sintonia de ideais, de crer e apoiar poucas certezas -existir\u00e1 alguma?- que nos alcan\u00e7am para viver com sentido este trajeto do caminho que chamamos vida humana.<br \/>Continuamos caminhando juntas, porque esses fios invis\u00edveis s\u00e3o delicadamente fortes para nos sustentar no \u201csim\u201d incondicional e inamov\u00edvel de que o Senhor caminha a nosso lado e, como aos de Ema\u00fas deixa o cora\u00e7\u00e3o ardendo e nos d\u00e1 sinais de vida com o p\u00e3o e o vinho. <br \/>Obrigada, Mar\u00eda, por ser e estar, por se fazer presente e vida desde a plenitude infinita e misteriosa, mas real. Obrigada, Senhor, por nos teres presenteado com Maria, mulher de totalidades que j\u00e1 goza contigo e junto a Ti.<\/p>\n<p style=\"text-align: center;\">Um abra\u00e7o prolongado\u2026 <br \/><strong>Mar\u00eda Luisa Berzosa fi<\/strong><\/p>\n","protected":false},"excerpt":{"rendered":"<p>Nestes dias de junho segu\u00edamos com preocupada emo\u00e7\u00e3o seu estado de sa\u00fade, e dia 14 chegou-nos a esperada not\u00edcia de sua P\u00e1scoa, que nunca querer\u00edamos receber\u2026 mas, sua vida pertencia ao Senhor \u2013 voc\u00ea bem o sabia, porque vivenciava isto &#8211; e como n\u00e3o iria aceitar que Ele dispusesse sua partida quando quisesse!Ao longo deste [&hellip;]<\/p>\n","protected":false},"author":28,"featured_media":7342,"comment_status":"closed","ping_status":"closed","sticky":false,"template":"","format":"standard","meta":{"_et_pb_use_builder":"","_et_pb_old_content":"","_et_gb_content_width":"","footnotes":"","_links_to":"","_links_to_target":""},"categories":[529,469],"tags":[],"class_list":["post-27697","post","type-post","status-publish","format-standard","has-post-thumbnail","hentry","category-hijas-de-jesus-pt-br","category-noticias-pt-br"],"yoast_head":"<!-- This site is optimized with the Yoast SEO plugin v27.5 - https:\/\/yoast.com\/product\/yoast-seo-wordpress\/ -->\n<title>Em mem\u00f3ria de Maria Velasco fi - Hijas de Jes\u00fas<\/title>\n<meta name=\"robots\" content=\"index, follow, max-snippet:-1, max-image-preview:large, max-video-preview:-1\" \/>\n<link rel=\"canonical\" href=\"https:\/\/hijasdejesus.org\/pt-br\/em-memoria-de-maria-velasco-fi\/\" \/>\n<meta property=\"og:locale\" content=\"pt_BR\" \/>\n<meta property=\"og:type\" content=\"article\" \/>\n<meta property=\"og:title\" content=\"Em mem\u00f3ria de Maria Velasco fi - Hijas de Jes\u00fas\" \/>\n<meta property=\"og:description\" content=\"Nestes dias de junho segu\u00edamos com preocupada emo\u00e7\u00e3o seu estado de sa\u00fade, e dia 14 chegou-nos a esperada not\u00edcia de sua P\u00e1scoa, que nunca querer\u00edamos receber\u2026 mas, sua vida pertencia ao Senhor \u2013 voc\u00ea bem o sabia, porque vivenciava isto &#8211; e como n\u00e3o iria aceitar que Ele dispusesse sua partida quando quisesse!Ao longo deste [&hellip;]\" \/>\n<meta property=\"og:url\" content=\"https:\/\/hijasdejesus.org\/pt-br\/em-memoria-de-maria-velasco-fi\/\" \/>\n<meta property=\"og:site_name\" content=\"Hijas de Jes\u00fas\" \/>\n<meta property=\"article:publisher\" content=\"https:\/\/www.facebook.com\/hijasdejesusenelmundo\/\" \/>\n<meta property=\"article:published_time\" content=\"2016-06-13T16:51:10+00:00\" \/>\n<meta property=\"article:modified_time\" content=\"2016-06-24T16:56:41+00:00\" \/>\n<meta property=\"og:image\" content=\"https:\/\/hijasdejesus.org\/wp-content\/uploads\/2016\/06\/mariavelasco.jpg\" \/>\n\t<meta property=\"og:image:width\" content=\"1024\" \/>\n\t<meta property=\"og:image:height\" content=\"683\" \/>\n\t<meta property=\"og:image:type\" content=\"image\/jpeg\" \/>\n<meta name=\"author\" content=\"Webmaster\" \/>\n<meta name=\"twitter:card\" content=\"summary_large_image\" \/>\n<meta name=\"twitter:creator\" content=\"@hijasdjesus\" \/>\n<meta name=\"twitter:site\" content=\"@hijasdjesus\" \/>\n<meta name=\"twitter:label1\" content=\"Escrito por\" \/>\n\t<meta name=\"twitter:data1\" content=\"Webmaster\" \/>\n\t<meta name=\"twitter:label2\" content=\"Est. tempo de leitura\" \/>\n\t<meta name=\"twitter:data2\" content=\"2 minutos\" \/>\n<script type=\"application\/ld+json\" class=\"yoast-schema-graph\">{\"@context\":\"https:\\\/\\\/schema.org\",\"@graph\":[{\"@type\":\"Article\",\"@id\":\"https:\\\/\\\/hijasdejesus.org\\\/pt-br\\\/em-memoria-de-maria-velasco-fi\\\/#article\",\"isPartOf\":{\"@id\":\"https:\\\/\\\/hijasdejesus.org\\\/pt-br\\\/em-memoria-de-maria-velasco-fi\\\/\"},\"author\":{\"name\":\"Webmaster\",\"@id\":\"https:\\\/\\\/hijasdejesus.org\\\/pt-br\\\/#\\\/schema\\\/person\\\/ce4455965da733f2791f23b6ec14e9b6\"},\"headline\":\"Em mem\u00f3ria de Maria Velasco fi\",\"datePublished\":\"2016-06-13T16:51:10+00:00\",\"dateModified\":\"2016-06-24T16:56:41+00:00\",\"mainEntityOfPage\":{\"@id\":\"https:\\\/\\\/hijasdejesus.org\\\/pt-br\\\/em-memoria-de-maria-velasco-fi\\\/\"},\"wordCount\":484,\"publisher\":{\"@id\":\"https:\\\/\\\/hijasdejesus.org\\\/pt-br\\\/#organization\"},\"image\":{\"@id\":\"https:\\\/\\\/hijasdejesus.org\\\/pt-br\\\/em-memoria-de-maria-velasco-fi\\\/#primaryimage\"},\"thumbnailUrl\":\"https:\\\/\\\/hijasdejesus.org\\\/wp-content\\\/uploads\\\/2016\\\/06\\\/mariavelasco.jpg\",\"articleSection\":[\"Hijas de Jes\u00fas\",\"Not\u00edcias\"],\"inLanguage\":\"pt-BR\"},{\"@type\":\"WebPage\",\"@id\":\"https:\\\/\\\/hijasdejesus.org\\\/pt-br\\\/em-memoria-de-maria-velasco-fi\\\/\",\"url\":\"https:\\\/\\\/hijasdejesus.org\\\/pt-br\\\/em-memoria-de-maria-velasco-fi\\\/\",\"name\":\"Em mem\u00f3ria de Maria Velasco fi - Hijas de Jes\u00fas\",\"isPartOf\":{\"@id\":\"https:\\\/\\\/hijasdejesus.org\\\/pt-br\\\/#website\"},\"primaryImageOfPage\":{\"@id\":\"https:\\\/\\\/hijasdejesus.org\\\/pt-br\\\/em-memoria-de-maria-velasco-fi\\\/#primaryimage\"},\"image\":{\"@id\":\"https:\\\/\\\/hijasdejesus.org\\\/pt-br\\\/em-memoria-de-maria-velasco-fi\\\/#primaryimage\"},\"thumbnailUrl\":\"https:\\\/\\\/hijasdejesus.org\\\/wp-content\\\/uploads\\\/2016\\\/06\\\/mariavelasco.jpg\",\"datePublished\":\"2016-06-13T16:51:10+00:00\",\"dateModified\":\"2016-06-24T16:56:41+00:00\",\"breadcrumb\":{\"@id\":\"https:\\\/\\\/hijasdejesus.org\\\/pt-br\\\/em-memoria-de-maria-velasco-fi\\\/#breadcrumb\"},\"inLanguage\":\"pt-BR\",\"potentialAction\":[{\"@type\":\"ReadAction\",\"target\":[\"https:\\\/\\\/hijasdejesus.org\\\/pt-br\\\/em-memoria-de-maria-velasco-fi\\\/\"]}]},{\"@type\":\"ImageObject\",\"inLanguage\":\"pt-BR\",\"@id\":\"https:\\\/\\\/hijasdejesus.org\\\/pt-br\\\/em-memoria-de-maria-velasco-fi\\\/#primaryimage\",\"url\":\"https:\\\/\\\/hijasdejesus.org\\\/wp-content\\\/uploads\\\/2016\\\/06\\\/mariavelasco.jpg\",\"contentUrl\":\"https:\\\/\\\/hijasdejesus.org\\\/wp-content\\\/uploads\\\/2016\\\/06\\\/mariavelasco.jpg\",\"width\":1024,\"height\":683},{\"@type\":\"BreadcrumbList\",\"@id\":\"https:\\\/\\\/hijasdejesus.org\\\/pt-br\\\/em-memoria-de-maria-velasco-fi\\\/#breadcrumb\",\"itemListElement\":[{\"@type\":\"ListItem\",\"position\":1,\"name\":\"Portada\",\"item\":\"https:\\\/\\\/hijasdejesus.org\\\/pt-br\\\/\"},{\"@type\":\"ListItem\",\"position\":2,\"name\":\"Em mem\u00f3ria de Maria Velasco fi\"}]},{\"@type\":\"WebSite\",\"@id\":\"https:\\\/\\\/hijasdejesus.org\\\/pt-br\\\/#website\",\"url\":\"https:\\\/\\\/hijasdejesus.org\\\/pt-br\\\/\",\"name\":\"Hijas de Jes\u00fas\",\"description\":\"Despertamos a Jes\u00fas en el coraz\u00f3n, sacando lo mejor de las personas. Somos una congregaci\u00f3n religiosa ignaciana fundada por la Madre Candida\",\"publisher\":{\"@id\":\"https:\\\/\\\/hijasdejesus.org\\\/pt-br\\\/#organization\"},\"potentialAction\":[{\"@type\":\"SearchAction\",\"target\":{\"@type\":\"EntryPoint\",\"urlTemplate\":\"https:\\\/\\\/hijasdejesus.org\\\/pt-br\\\/?s={search_term_string}\"},\"query-input\":{\"@type\":\"PropertyValueSpecification\",\"valueRequired\":true,\"valueName\":\"search_term_string\"}}],\"inLanguage\":\"pt-BR\"},{\"@type\":\"Organization\",\"@id\":\"https:\\\/\\\/hijasdejesus.org\\\/pt-br\\\/#organization\",\"name\":\"Hijas de Jes\u00fas\",\"url\":\"https:\\\/\\\/hijasdejesus.org\\\/pt-br\\\/\",\"logo\":{\"@type\":\"ImageObject\",\"inLanguage\":\"pt-BR\",\"@id\":\"https:\\\/\\\/hijasdejesus.org\\\/pt-br\\\/#\\\/schema\\\/logo\\\/image\\\/\",\"url\":\"https:\\\/\\\/hijasdejesus.org\\\/wp-content\\\/uploads\\\/2023\\\/01\\\/Hijas-de-Jesus_hor-A7C957.png\",\"contentUrl\":\"https:\\\/\\\/hijasdejesus.org\\\/wp-content\\\/uploads\\\/2023\\\/01\\\/Hijas-de-Jesus_hor-A7C957.png\",\"width\":700,\"height\":360,\"caption\":\"Hijas de Jes\u00fas\"},\"image\":{\"@id\":\"https:\\\/\\\/hijasdejesus.org\\\/pt-br\\\/#\\\/schema\\\/logo\\\/image\\\/\"},\"sameAs\":[\"https:\\\/\\\/www.facebook.com\\\/hijasdejesusenelmundo\\\/\",\"https:\\\/\\\/x.com\\\/hijasdjesus\"]},{\"@type\":\"Person\",\"@id\":\"https:\\\/\\\/hijasdejesus.org\\\/pt-br\\\/#\\\/schema\\\/person\\\/ce4455965da733f2791f23b6ec14e9b6\",\"name\":\"Webmaster\",\"image\":{\"@type\":\"ImageObject\",\"inLanguage\":\"pt-BR\",\"@id\":\"https:\\\/\\\/secure.gravatar.com\\\/avatar\\\/cfd0acaac86c3981d541d2e99a0ffb7b6d33a5ac8989a62f5518b9e0f7ee128a?s=96&d=mm&r=g\",\"url\":\"https:\\\/\\\/secure.gravatar.com\\\/avatar\\\/cfd0acaac86c3981d541d2e99a0ffb7b6d33a5ac8989a62f5518b9e0f7ee128a?s=96&d=mm&r=g\",\"contentUrl\":\"https:\\\/\\\/secure.gravatar.com\\\/avatar\\\/cfd0acaac86c3981d541d2e99a0ffb7b6d33a5ac8989a62f5518b9e0f7ee128a?s=96&d=mm&r=g\",\"caption\":\"Webmaster\"},\"url\":\"https:\\\/\\\/hijasdejesus.org\\\/pt-br\\\/author\\\/webmaster\\\/\"}]}<\/script>\n<!-- \/ Yoast SEO plugin. -->","yoast_head_json":{"title":"Em mem\u00f3ria de Maria Velasco fi - Hijas de Jes\u00fas","robots":{"index":"index","follow":"follow","max-snippet":"max-snippet:-1","max-image-preview":"max-image-preview:large","max-video-preview":"max-video-preview:-1"},"canonical":"https:\/\/hijasdejesus.org\/pt-br\/em-memoria-de-maria-velasco-fi\/","og_locale":"pt_BR","og_type":"article","og_title":"Em mem\u00f3ria de Maria Velasco fi - Hijas de Jes\u00fas","og_description":"Nestes dias de junho segu\u00edamos com preocupada emo\u00e7\u00e3o seu estado de sa\u00fade, e dia 14 chegou-nos a esperada not\u00edcia de sua P\u00e1scoa, que nunca querer\u00edamos receber\u2026 mas, sua vida pertencia ao Senhor \u2013 voc\u00ea bem o sabia, porque vivenciava isto &#8211; e como n\u00e3o iria aceitar que Ele dispusesse sua partida quando quisesse!Ao longo deste [&hellip;]","og_url":"https:\/\/hijasdejesus.org\/pt-br\/em-memoria-de-maria-velasco-fi\/","og_site_name":"Hijas de Jes\u00fas","article_publisher":"https:\/\/www.facebook.com\/hijasdejesusenelmundo\/","article_published_time":"2016-06-13T16:51:10+00:00","article_modified_time":"2016-06-24T16:56:41+00:00","og_image":[{"width":1024,"height":683,"url":"https:\/\/hijasdejesus.org\/wp-content\/uploads\/2016\/06\/mariavelasco.jpg","type":"image\/jpeg"}],"author":"Webmaster","twitter_card":"summary_large_image","twitter_creator":"@hijasdjesus","twitter_site":"@hijasdjesus","twitter_misc":{"Escrito por":"Webmaster","Est. tempo de leitura":"2 minutos"},"schema":{"@context":"https:\/\/schema.org","@graph":[{"@type":"Article","@id":"https:\/\/hijasdejesus.org\/pt-br\/em-memoria-de-maria-velasco-fi\/#article","isPartOf":{"@id":"https:\/\/hijasdejesus.org\/pt-br\/em-memoria-de-maria-velasco-fi\/"},"author":{"name":"Webmaster","@id":"https:\/\/hijasdejesus.org\/pt-br\/#\/schema\/person\/ce4455965da733f2791f23b6ec14e9b6"},"headline":"Em mem\u00f3ria de Maria Velasco fi","datePublished":"2016-06-13T16:51:10+00:00","dateModified":"2016-06-24T16:56:41+00:00","mainEntityOfPage":{"@id":"https:\/\/hijasdejesus.org\/pt-br\/em-memoria-de-maria-velasco-fi\/"},"wordCount":484,"publisher":{"@id":"https:\/\/hijasdejesus.org\/pt-br\/#organization"},"image":{"@id":"https:\/\/hijasdejesus.org\/pt-br\/em-memoria-de-maria-velasco-fi\/#primaryimage"},"thumbnailUrl":"https:\/\/hijasdejesus.org\/wp-content\/uploads\/2016\/06\/mariavelasco.jpg","articleSection":["Hijas de Jes\u00fas","Not\u00edcias"],"inLanguage":"pt-BR"},{"@type":"WebPage","@id":"https:\/\/hijasdejesus.org\/pt-br\/em-memoria-de-maria-velasco-fi\/","url":"https:\/\/hijasdejesus.org\/pt-br\/em-memoria-de-maria-velasco-fi\/","name":"Em mem\u00f3ria de Maria Velasco fi - Hijas de Jes\u00fas","isPartOf":{"@id":"https:\/\/hijasdejesus.org\/pt-br\/#website"},"primaryImageOfPage":{"@id":"https:\/\/hijasdejesus.org\/pt-br\/em-memoria-de-maria-velasco-fi\/#primaryimage"},"image":{"@id":"https:\/\/hijasdejesus.org\/pt-br\/em-memoria-de-maria-velasco-fi\/#primaryimage"},"thumbnailUrl":"https:\/\/hijasdejesus.org\/wp-content\/uploads\/2016\/06\/mariavelasco.jpg","datePublished":"2016-06-13T16:51:10+00:00","dateModified":"2016-06-24T16:56:41+00:00","breadcrumb":{"@id":"https:\/\/hijasdejesus.org\/pt-br\/em-memoria-de-maria-velasco-fi\/#breadcrumb"},"inLanguage":"pt-BR","potentialAction":[{"@type":"ReadAction","target":["https:\/\/hijasdejesus.org\/pt-br\/em-memoria-de-maria-velasco-fi\/"]}]},{"@type":"ImageObject","inLanguage":"pt-BR","@id":"https:\/\/hijasdejesus.org\/pt-br\/em-memoria-de-maria-velasco-fi\/#primaryimage","url":"https:\/\/hijasdejesus.org\/wp-content\/uploads\/2016\/06\/mariavelasco.jpg","contentUrl":"https:\/\/hijasdejesus.org\/wp-content\/uploads\/2016\/06\/mariavelasco.jpg","width":1024,"height":683},{"@type":"BreadcrumbList","@id":"https:\/\/hijasdejesus.org\/pt-br\/em-memoria-de-maria-velasco-fi\/#breadcrumb","itemListElement":[{"@type":"ListItem","position":1,"name":"Portada","item":"https:\/\/hijasdejesus.org\/pt-br\/"},{"@type":"ListItem","position":2,"name":"Em mem\u00f3ria de Maria Velasco fi"}]},{"@type":"WebSite","@id":"https:\/\/hijasdejesus.org\/pt-br\/#website","url":"https:\/\/hijasdejesus.org\/pt-br\/","name":"Hijas de Jes\u00fas","description":"Despertamos a Jes\u00fas en el coraz\u00f3n, sacando lo mejor de las personas. Somos una congregaci\u00f3n religiosa ignaciana fundada por la Madre Candida","publisher":{"@id":"https:\/\/hijasdejesus.org\/pt-br\/#organization"},"potentialAction":[{"@type":"SearchAction","target":{"@type":"EntryPoint","urlTemplate":"https:\/\/hijasdejesus.org\/pt-br\/?s={search_term_string}"},"query-input":{"@type":"PropertyValueSpecification","valueRequired":true,"valueName":"search_term_string"}}],"inLanguage":"pt-BR"},{"@type":"Organization","@id":"https:\/\/hijasdejesus.org\/pt-br\/#organization","name":"Hijas de Jes\u00fas","url":"https:\/\/hijasdejesus.org\/pt-br\/","logo":{"@type":"ImageObject","inLanguage":"pt-BR","@id":"https:\/\/hijasdejesus.org\/pt-br\/#\/schema\/logo\/image\/","url":"https:\/\/hijasdejesus.org\/wp-content\/uploads\/2023\/01\/Hijas-de-Jesus_hor-A7C957.png","contentUrl":"https:\/\/hijasdejesus.org\/wp-content\/uploads\/2023\/01\/Hijas-de-Jesus_hor-A7C957.png","width":700,"height":360,"caption":"Hijas de Jes\u00fas"},"image":{"@id":"https:\/\/hijasdejesus.org\/pt-br\/#\/schema\/logo\/image\/"},"sameAs":["https:\/\/www.facebook.com\/hijasdejesusenelmundo\/","https:\/\/x.com\/hijasdjesus"]},{"@type":"Person","@id":"https:\/\/hijasdejesus.org\/pt-br\/#\/schema\/person\/ce4455965da733f2791f23b6ec14e9b6","name":"Webmaster","image":{"@type":"ImageObject","inLanguage":"pt-BR","@id":"https:\/\/secure.gravatar.com\/avatar\/cfd0acaac86c3981d541d2e99a0ffb7b6d33a5ac8989a62f5518b9e0f7ee128a?s=96&d=mm&r=g","url":"https:\/\/secure.gravatar.com\/avatar\/cfd0acaac86c3981d541d2e99a0ffb7b6d33a5ac8989a62f5518b9e0f7ee128a?s=96&d=mm&r=g","contentUrl":"https:\/\/secure.gravatar.com\/avatar\/cfd0acaac86c3981d541d2e99a0ffb7b6d33a5ac8989a62f5518b9e0f7ee128a?s=96&d=mm&r=g","caption":"Webmaster"},"url":"https:\/\/hijasdejesus.org\/pt-br\/author\/webmaster\/"}]}},"_links":{"self":[{"href":"https:\/\/hijasdejesus.org\/pt-br\/wp-json\/wp\/v2\/posts\/27697","targetHints":{"allow":["GET"]}}],"collection":[{"href":"https:\/\/hijasdejesus.org\/pt-br\/wp-json\/wp\/v2\/posts"}],"about":[{"href":"https:\/\/hijasdejesus.org\/pt-br\/wp-json\/wp\/v2\/types\/post"}],"author":[{"embeddable":true,"href":"https:\/\/hijasdejesus.org\/pt-br\/wp-json\/wp\/v2\/users\/28"}],"replies":[{"embeddable":true,"href":"https:\/\/hijasdejesus.org\/pt-br\/wp-json\/wp\/v2\/comments?post=27697"}],"version-history":[{"count":0,"href":"https:\/\/hijasdejesus.org\/pt-br\/wp-json\/wp\/v2\/posts\/27697\/revisions"}],"wp:featuredmedia":[{"embeddable":true,"href":"https:\/\/hijasdejesus.org\/pt-br\/wp-json\/wp\/v2\/media\/7342"}],"wp:attachment":[{"href":"https:\/\/hijasdejesus.org\/pt-br\/wp-json\/wp\/v2\/media?parent=27697"}],"wp:term":[{"taxonomy":"category","embeddable":true,"href":"https:\/\/hijasdejesus.org\/pt-br\/wp-json\/wp\/v2\/categories?post=27697"},{"taxonomy":"post_tag","embeddable":true,"href":"https:\/\/hijasdejesus.org\/pt-br\/wp-json\/wp\/v2\/tags?post=27697"}],"curies":[{"name":"wp","href":"https:\/\/api.w.org\/{rel}","templated":true}]}}