{"id":27709,"date":"2016-06-25T12:58:08","date_gmt":"2016-06-25T10:58:08","guid":{"rendered":"https:\/\/nueva.hijasdejesus.org\/forum-de-diretores-de-escolas-catolicas-de-brasil\/"},"modified":"2016-06-25T13:02:40","modified_gmt":"2016-06-25T11:02:40","slug":"forum-de-diretores-de-escolas-catolicas-de-brasil","status":"publish","type":"post","link":"https:\/\/hijasdejesus.org\/pt-br\/forum-de-diretores-de-escolas-catolicas-de-brasil\/","title":{"rendered":"F\u00f3rum de diretores de Escolas Cat\u00f3licas de Brasil"},"content":{"rendered":"<p>Com o objetivo de promover o debate e a troca de experi\u00eancias entre os gestores educacionais sobre os desafios e os novos caminhos para a educa\u00e7\u00e3o inclusiva, a Associa\u00e7\u00e3o Nacional de Educa\u00e7\u00e3o Cat\u00f3lica do Brasil &#8211; ANEC) promoveu nos dias 13 e 14 de junho, o V F\u00f3rum de Diretores das Escolas Cat\u00f3licas, no Col\u00e9gio Salesiano Dom Bosco, em Salvador\/BA. O tema principal foi \u201cEstatuto do Deficiente: Desafios Jur\u00eddicos e Pedag\u00f3gicos para a Gest\u00e3o da Escola Cat\u00f3lica\u201d.<br \/><img loading=\"lazy\" decoding=\"async\" class=\"pull-left size-full wp-image-7386\" src=\"https:\/\/hijasdejesus.org\/wp-content\/uploads\/2016\/06\/brasil_forumdirectores1.JPG\" alt=\"\" width=\"583\" height=\"437\" srcset=\"https:\/\/hijasdejesus.org\/wp-content\/uploads\/2016\/06\/brasil_forumdirectores1.JPG 1024w, https:\/\/hijasdejesus.org\/wp-content\/uploads\/2016\/06\/brasil_forumdirectores1-300x225.jpg 300w, https:\/\/hijasdejesus.org\/wp-content\/uploads\/2016\/06\/brasil_forumdirectores1-768x576.jpg 768w, https:\/\/hijasdejesus.org\/wp-content\/uploads\/2016\/06\/brasil_forumdirectores1-510x382.jpg 510w, https:\/\/hijasdejesus.org\/wp-content\/uploads\/2016\/06\/brasil_forumdirectores1-980x735.jpg 980w, https:\/\/hijasdejesus.org\/wp-content\/uploads\/2016\/06\/brasil_forumdirectores1-480x360.jpg 480w\" sizes=\"(max-width: 583px) 100vw, 583px\" \/>O F\u00f3rum contou com a presen\u00e7a da Dra. Anna Gilda Dianin, presidente do Sindicato dos Estabelecimentos Particulares de Ensino da Regi\u00e3o Sudeste de Minas Gerais (Sinepe\/Sudeste-MG), e do Dr. Arthur Em\u00edlio Dianin, assessor jur\u00eddico do Sinepe-MG. Ambos discorreram especificamente sobre os \u201cDilemas e Desafios da Lei Brasileira de Inclus\u00e3o das Pessoas com Defici\u00eancia (LBI)\u201d.<br \/>O F\u00f3rum contou ainda com a assessoria da Prof\u00aa. Giselli de F\u00e1tima Padilha Hummelgen, abordando o tema: \u201cEduca\u00e7\u00e3o inclusiva: trajet\u00f3ria e perspectiva em \u00e2mbito pedag\u00f3gico\u201d; e da Prof\u00aa Olga Cristina Rocha de Freitas, mestra em Neuroci\u00eancia do Comportamento, palestrando sobre o tema: \u201cEduca\u00e7\u00e3o inclusiva: uma escola para todos \u00e9 poss\u00edvel\u201d. <br \/>Segundo a Prof\u00aa Olga Freitas, \u201cHoje n\u00e3o se pretende mais rotular as pessoas com necessidades especiais como pessoas com defici\u00eancia, porque essas caracter\u00edsticas espec\u00edficas que elas apresentam as tornam apenas diferentes das demais, mas se tiverem condi\u00e7\u00f5es de acesso aos direitos como, por exemplo, na escola, em rela\u00e7\u00e3o ao curr\u00edculo, aos espa\u00e7os f\u00edsicos, a conviv\u00eancia social, entre outros, essas crian\u00e7as e jovens tem potenciais elevados de desenvolvimento escolar e social com perspectiva de cidadania\u201d.<br \/>Refor\u00e7a a Prof\u00aa Giselli: \u201cInclus\u00e3o n\u00e3o \u00e9 somente socializa\u00e7\u00e3o; inclus\u00e3o tem a ver com o acad\u00eamico, com o disciplinar, com o avaliativo, com o curricular, com o metodol\u00f3gico.\u201d \u201cPensar em educa\u00e7\u00e3o inclusiva, nos implica pensar em diferen\u00e7as e em cidadania, com realismo, com compromisso e com responsabilidade\u201d. Citando John Maxwell, conclui: \u201cA vida \u00e9 10% do que acontece comigo e 90% de como eu reajo a isso\u201d.<br \/><img loading=\"lazy\" decoding=\"async\" class=\"pull-center size-full wp-image-7390\" src=\"https:\/\/hijasdejesus.org\/wp-content\/uploads\/2016\/06\/brasil_forumdirectores3.JPG\" alt=\"\" width=\"1024\" height=\"768\" srcset=\"https:\/\/hijasdejesus.org\/wp-content\/uploads\/2016\/06\/brasil_forumdirectores3.JPG 1024w, https:\/\/hijasdejesus.org\/wp-content\/uploads\/2016\/06\/brasil_forumdirectores3-300x225.jpg 300w, https:\/\/hijasdejesus.org\/wp-content\/uploads\/2016\/06\/brasil_forumdirectores3-768x576.jpg 768w, https:\/\/hijasdejesus.org\/wp-content\/uploads\/2016\/06\/brasil_forumdirectores3-510x382.jpg 510w, https:\/\/hijasdejesus.org\/wp-content\/uploads\/2016\/06\/brasil_forumdirectores3-980x735.jpg 980w, https:\/\/hijasdejesus.org\/wp-content\/uploads\/2016\/06\/brasil_forumdirectores3-480x360.jpg 480w\" sizes=\"(max-width: 1024px) 100vw, 1024px\" \/>Al\u00e9m das palestras, o F\u00f3rum foi enriquecido com a apresenta\u00e7\u00e3o de experi\u00eancias criativas e bem sucedidas, por escolas pelo Brasil afora, aonde a tem\u00e1tica da inclus\u00e3o vai gerando uma nova tend\u00eancia de estrutura\u00e7\u00e3o de espa\u00e7os, de curr\u00edculos, de regimento interno, de atendimento, de forma\u00e7\u00e3o de profissionais, de parcerias e compromisso fam\u00edlia-escola, bem como a amplia\u00e7\u00e3o de espa\u00e7os de discuss\u00e3o sobre a educa\u00e7\u00e3o inclusiva e formata\u00e7\u00e3o da pol\u00edtica de inclus\u00e3o nas escolas cat\u00f3licas.<br \/>O F\u00f3rum contou com a presen\u00e7a e participa\u00e7\u00e3o de mais de 300 gestores, diretores e outros profissionais de escolas cat\u00f3licas dos diversos estados do Brasil. <br \/>A REDE FILHAS DE JESUS, esteve presente com 18 educadores das 8 unidades da Rede, entre eles, gestores, diretores, coordenadores pedag\u00f3gicos e orienta\u00e7\u00e3o educacional, que muito aproveitaram da reflex\u00e3o, a qual nos servir\u00e1 de base para o estudo, aprofundamento e defini\u00e7\u00e3o da pol\u00edtica de inclus\u00e3o na Rede Filhas de Jesus.<br \/>\u00c9 o passo que desejamos dar a seguir!<\/p>\n<p style=\"text-align: center;\"><strong>Por Maria Jos\u00e9 Alves Machado fi<\/strong><\/p>\n","protected":false},"excerpt":{"rendered":"<p>Com o objetivo de promover o debate e a troca de experi\u00eancias entre os gestores educacionais sobre os desafios e os novos caminhos para a educa\u00e7\u00e3o inclusiva, a Associa\u00e7\u00e3o Nacional de Educa\u00e7\u00e3o Cat\u00f3lica do Brasil &#8211; ANEC) promoveu nos dias 13 e 14 de junho, o V F\u00f3rum de Diretores das Escolas Cat\u00f3licas, no Col\u00e9gio [&hellip;]<\/p>\n","protected":false},"author":28,"featured_media":7384,"comment_status":"closed","ping_status":"closed","sticky":false,"template":"","format":"standard","meta":{"_et_pb_use_builder":"","_et_pb_old_content":"","_et_gb_content_width":"","footnotes":"","_links_to":"","_links_to_target":""},"categories":[505,507,517,469],"tags":[],"class_list":["post-27709","post","type-post","status-publish","format-standard","has-post-thumbnail","hentry","category-brasil-pt-br","category-brasil-caribe-pt-br","category-educacao","category-noticias-pt-br"],"yoast_head":"<!-- This site is optimized with the Yoast SEO plugin v27.4 - https:\/\/yoast.com\/product\/yoast-seo-wordpress\/ -->\n<title>F\u00f3rum de diretores de Escolas Cat\u00f3licas de Brasil - Hijas de Jes\u00fas<\/title>\n<meta name=\"robots\" content=\"index, follow, max-snippet:-1, max-image-preview:large, max-video-preview:-1\" \/>\n<link rel=\"canonical\" href=\"https:\/\/hijasdejesus.org\/pt-br\/forum-de-diretores-de-escolas-catolicas-de-brasil\/\" \/>\n<meta property=\"og:locale\" content=\"pt_BR\" \/>\n<meta property=\"og:type\" content=\"article\" \/>\n<meta property=\"og:title\" content=\"F\u00f3rum de diretores de Escolas Cat\u00f3licas de Brasil - Hijas de Jes\u00fas\" \/>\n<meta property=\"og:description\" content=\"Com o objetivo de promover o debate e a troca de experi\u00eancias entre os gestores educacionais sobre os desafios e os novos caminhos para a educa\u00e7\u00e3o inclusiva, a Associa\u00e7\u00e3o Nacional de Educa\u00e7\u00e3o Cat\u00f3lica do Brasil &#8211; ANEC) promoveu nos dias 13 e 14 de junho, o V F\u00f3rum de Diretores das Escolas Cat\u00f3licas, no Col\u00e9gio [&hellip;]\" \/>\n<meta property=\"og:url\" content=\"https:\/\/hijasdejesus.org\/pt-br\/forum-de-diretores-de-escolas-catolicas-de-brasil\/\" \/>\n<meta property=\"og:site_name\" content=\"Hijas de Jes\u00fas\" \/>\n<meta property=\"article:publisher\" content=\"https:\/\/www.facebook.com\/hijasdejesusenelmundo\/\" \/>\n<meta property=\"article:published_time\" content=\"2016-06-25T10:58:08+00:00\" \/>\n<meta property=\"article:modified_time\" content=\"2016-06-25T11:02:40+00:00\" \/>\n<meta property=\"og:image\" content=\"https:\/\/hijasdejesus.org\/wp-content\/uploads\/2016\/06\/brasil_forumdirectores5.JPG\" \/>\n\t<meta property=\"og:image:width\" content=\"1024\" \/>\n\t<meta property=\"og:image:height\" content=\"472\" \/>\n\t<meta property=\"og:image:type\" content=\"image\/jpeg\" \/>\n<meta name=\"author\" content=\"Webmaster\" \/>\n<meta name=\"twitter:card\" content=\"summary_large_image\" \/>\n<meta name=\"twitter:creator\" content=\"@hijasdjesus\" \/>\n<meta name=\"twitter:site\" content=\"@hijasdjesus\" \/>\n<meta name=\"twitter:label1\" content=\"Escrito por\" \/>\n\t<meta name=\"twitter:data1\" content=\"Webmaster\" \/>\n\t<meta name=\"twitter:label2\" content=\"Est. tempo de leitura\" \/>\n\t<meta name=\"twitter:data2\" content=\"3 minutos\" \/>\n<script type=\"application\/ld+json\" class=\"yoast-schema-graph\">{\"@context\":\"https:\\\/\\\/schema.org\",\"@graph\":[{\"@type\":\"Article\",\"@id\":\"https:\\\/\\\/hijasdejesus.org\\\/pt-br\\\/forum-de-diretores-de-escolas-catolicas-de-brasil\\\/#article\",\"isPartOf\":{\"@id\":\"https:\\\/\\\/hijasdejesus.org\\\/pt-br\\\/forum-de-diretores-de-escolas-catolicas-de-brasil\\\/\"},\"author\":{\"name\":\"Webmaster\",\"@id\":\"https:\\\/\\\/hijasdejesus.org\\\/pt-br\\\/#\\\/schema\\\/person\\\/ce4455965da733f2791f23b6ec14e9b6\"},\"headline\":\"F\u00f3rum de diretores de Escolas Cat\u00f3licas de Brasil\",\"datePublished\":\"2016-06-25T10:58:08+00:00\",\"dateModified\":\"2016-06-25T11:02:40+00:00\",\"mainEntityOfPage\":{\"@id\":\"https:\\\/\\\/hijasdejesus.org\\\/pt-br\\\/forum-de-diretores-de-escolas-catolicas-de-brasil\\\/\"},\"wordCount\":561,\"publisher\":{\"@id\":\"https:\\\/\\\/hijasdejesus.org\\\/pt-br\\\/#organization\"},\"image\":{\"@id\":\"https:\\\/\\\/hijasdejesus.org\\\/pt-br\\\/forum-de-diretores-de-escolas-catolicas-de-brasil\\\/#primaryimage\"},\"thumbnailUrl\":\"https:\\\/\\\/hijasdejesus.org\\\/wp-content\\\/uploads\\\/2016\\\/06\\\/brasil_forumdirectores5.JPG\",\"articleSection\":[\"Brasil\",\"Brasil-Caribe\",\"Educa\u00e7\u00e3o\",\"Not\u00edcias\"],\"inLanguage\":\"pt-BR\"},{\"@type\":\"WebPage\",\"@id\":\"https:\\\/\\\/hijasdejesus.org\\\/pt-br\\\/forum-de-diretores-de-escolas-catolicas-de-brasil\\\/\",\"url\":\"https:\\\/\\\/hijasdejesus.org\\\/pt-br\\\/forum-de-diretores-de-escolas-catolicas-de-brasil\\\/\",\"name\":\"F\u00f3rum de diretores de Escolas Cat\u00f3licas de Brasil - Hijas de Jes\u00fas\",\"isPartOf\":{\"@id\":\"https:\\\/\\\/hijasdejesus.org\\\/pt-br\\\/#website\"},\"primaryImageOfPage\":{\"@id\":\"https:\\\/\\\/hijasdejesus.org\\\/pt-br\\\/forum-de-diretores-de-escolas-catolicas-de-brasil\\\/#primaryimage\"},\"image\":{\"@id\":\"https:\\\/\\\/hijasdejesus.org\\\/pt-br\\\/forum-de-diretores-de-escolas-catolicas-de-brasil\\\/#primaryimage\"},\"thumbnailUrl\":\"https:\\\/\\\/hijasdejesus.org\\\/wp-content\\\/uploads\\\/2016\\\/06\\\/brasil_forumdirectores5.JPG\",\"datePublished\":\"2016-06-25T10:58:08+00:00\",\"dateModified\":\"2016-06-25T11:02:40+00:00\",\"breadcrumb\":{\"@id\":\"https:\\\/\\\/hijasdejesus.org\\\/pt-br\\\/forum-de-diretores-de-escolas-catolicas-de-brasil\\\/#breadcrumb\"},\"inLanguage\":\"pt-BR\",\"potentialAction\":[{\"@type\":\"ReadAction\",\"target\":[\"https:\\\/\\\/hijasdejesus.org\\\/pt-br\\\/forum-de-diretores-de-escolas-catolicas-de-brasil\\\/\"]}]},{\"@type\":\"ImageObject\",\"inLanguage\":\"pt-BR\",\"@id\":\"https:\\\/\\\/hijasdejesus.org\\\/pt-br\\\/forum-de-diretores-de-escolas-catolicas-de-brasil\\\/#primaryimage\",\"url\":\"https:\\\/\\\/hijasdejesus.org\\\/wp-content\\\/uploads\\\/2016\\\/06\\\/brasil_forumdirectores5.JPG\",\"contentUrl\":\"https:\\\/\\\/hijasdejesus.org\\\/wp-content\\\/uploads\\\/2016\\\/06\\\/brasil_forumdirectores5.JPG\",\"width\":1024,\"height\":472},{\"@type\":\"BreadcrumbList\",\"@id\":\"https:\\\/\\\/hijasdejesus.org\\\/pt-br\\\/forum-de-diretores-de-escolas-catolicas-de-brasil\\\/#breadcrumb\",\"itemListElement\":[{\"@type\":\"ListItem\",\"position\":1,\"name\":\"Portada\",\"item\":\"https:\\\/\\\/hijasdejesus.org\\\/pt-br\\\/\"},{\"@type\":\"ListItem\",\"position\":2,\"name\":\"F\u00f3rum de diretores de Escolas Cat\u00f3licas de Brasil\"}]},{\"@type\":\"WebSite\",\"@id\":\"https:\\\/\\\/hijasdejesus.org\\\/pt-br\\\/#website\",\"url\":\"https:\\\/\\\/hijasdejesus.org\\\/pt-br\\\/\",\"name\":\"Hijas de Jes\u00fas\",\"description\":\"Despertamos a Jes\u00fas en el coraz\u00f3n, sacando lo mejor de las personas. Somos una congregaci\u00f3n religiosa ignaciana fundada por la Madre Candida\",\"publisher\":{\"@id\":\"https:\\\/\\\/hijasdejesus.org\\\/pt-br\\\/#organization\"},\"potentialAction\":[{\"@type\":\"SearchAction\",\"target\":{\"@type\":\"EntryPoint\",\"urlTemplate\":\"https:\\\/\\\/hijasdejesus.org\\\/pt-br\\\/?s={search_term_string}\"},\"query-input\":{\"@type\":\"PropertyValueSpecification\",\"valueRequired\":true,\"valueName\":\"search_term_string\"}}],\"inLanguage\":\"pt-BR\"},{\"@type\":\"Organization\",\"@id\":\"https:\\\/\\\/hijasdejesus.org\\\/pt-br\\\/#organization\",\"name\":\"Hijas de Jes\u00fas\",\"url\":\"https:\\\/\\\/hijasdejesus.org\\\/pt-br\\\/\",\"logo\":{\"@type\":\"ImageObject\",\"inLanguage\":\"pt-BR\",\"@id\":\"https:\\\/\\\/hijasdejesus.org\\\/pt-br\\\/#\\\/schema\\\/logo\\\/image\\\/\",\"url\":\"https:\\\/\\\/hijasdejesus.org\\\/wp-content\\\/uploads\\\/2023\\\/01\\\/Hijas-de-Jesus_hor-A7C957.png\",\"contentUrl\":\"https:\\\/\\\/hijasdejesus.org\\\/wp-content\\\/uploads\\\/2023\\\/01\\\/Hijas-de-Jesus_hor-A7C957.png\",\"width\":700,\"height\":360,\"caption\":\"Hijas de Jes\u00fas\"},\"image\":{\"@id\":\"https:\\\/\\\/hijasdejesus.org\\\/pt-br\\\/#\\\/schema\\\/logo\\\/image\\\/\"},\"sameAs\":[\"https:\\\/\\\/www.facebook.com\\\/hijasdejesusenelmundo\\\/\",\"https:\\\/\\\/x.com\\\/hijasdjesus\"]},{\"@type\":\"Person\",\"@id\":\"https:\\\/\\\/hijasdejesus.org\\\/pt-br\\\/#\\\/schema\\\/person\\\/ce4455965da733f2791f23b6ec14e9b6\",\"name\":\"Webmaster\",\"image\":{\"@type\":\"ImageObject\",\"inLanguage\":\"pt-BR\",\"@id\":\"https:\\\/\\\/secure.gravatar.com\\\/avatar\\\/cfd0acaac86c3981d541d2e99a0ffb7b6d33a5ac8989a62f5518b9e0f7ee128a?s=96&d=mm&r=g\",\"url\":\"https:\\\/\\\/secure.gravatar.com\\\/avatar\\\/cfd0acaac86c3981d541d2e99a0ffb7b6d33a5ac8989a62f5518b9e0f7ee128a?s=96&d=mm&r=g\",\"contentUrl\":\"https:\\\/\\\/secure.gravatar.com\\\/avatar\\\/cfd0acaac86c3981d541d2e99a0ffb7b6d33a5ac8989a62f5518b9e0f7ee128a?s=96&d=mm&r=g\",\"caption\":\"Webmaster\"},\"url\":\"https:\\\/\\\/hijasdejesus.org\\\/pt-br\\\/author\\\/webmaster\\\/\"}]}<\/script>\n<!-- \/ Yoast SEO plugin. -->","yoast_head_json":{"title":"F\u00f3rum de diretores de Escolas Cat\u00f3licas de Brasil - Hijas de Jes\u00fas","robots":{"index":"index","follow":"follow","max-snippet":"max-snippet:-1","max-image-preview":"max-image-preview:large","max-video-preview":"max-video-preview:-1"},"canonical":"https:\/\/hijasdejesus.org\/pt-br\/forum-de-diretores-de-escolas-catolicas-de-brasil\/","og_locale":"pt_BR","og_type":"article","og_title":"F\u00f3rum de diretores de Escolas Cat\u00f3licas de Brasil - Hijas de Jes\u00fas","og_description":"Com o objetivo de promover o debate e a troca de experi\u00eancias entre os gestores educacionais sobre os desafios e os novos caminhos para a educa\u00e7\u00e3o inclusiva, a Associa\u00e7\u00e3o Nacional de Educa\u00e7\u00e3o Cat\u00f3lica do Brasil &#8211; ANEC) promoveu nos dias 13 e 14 de junho, o V F\u00f3rum de Diretores das Escolas Cat\u00f3licas, no Col\u00e9gio [&hellip;]","og_url":"https:\/\/hijasdejesus.org\/pt-br\/forum-de-diretores-de-escolas-catolicas-de-brasil\/","og_site_name":"Hijas de Jes\u00fas","article_publisher":"https:\/\/www.facebook.com\/hijasdejesusenelmundo\/","article_published_time":"2016-06-25T10:58:08+00:00","article_modified_time":"2016-06-25T11:02:40+00:00","og_image":[{"width":1024,"height":472,"url":"https:\/\/hijasdejesus.org\/wp-content\/uploads\/2016\/06\/brasil_forumdirectores5.JPG","type":"image\/jpeg"}],"author":"Webmaster","twitter_card":"summary_large_image","twitter_creator":"@hijasdjesus","twitter_site":"@hijasdjesus","twitter_misc":{"Escrito por":"Webmaster","Est. tempo de leitura":"3 minutos"},"schema":{"@context":"https:\/\/schema.org","@graph":[{"@type":"Article","@id":"https:\/\/hijasdejesus.org\/pt-br\/forum-de-diretores-de-escolas-catolicas-de-brasil\/#article","isPartOf":{"@id":"https:\/\/hijasdejesus.org\/pt-br\/forum-de-diretores-de-escolas-catolicas-de-brasil\/"},"author":{"name":"Webmaster","@id":"https:\/\/hijasdejesus.org\/pt-br\/#\/schema\/person\/ce4455965da733f2791f23b6ec14e9b6"},"headline":"F\u00f3rum de diretores de Escolas Cat\u00f3licas de Brasil","datePublished":"2016-06-25T10:58:08+00:00","dateModified":"2016-06-25T11:02:40+00:00","mainEntityOfPage":{"@id":"https:\/\/hijasdejesus.org\/pt-br\/forum-de-diretores-de-escolas-catolicas-de-brasil\/"},"wordCount":561,"publisher":{"@id":"https:\/\/hijasdejesus.org\/pt-br\/#organization"},"image":{"@id":"https:\/\/hijasdejesus.org\/pt-br\/forum-de-diretores-de-escolas-catolicas-de-brasil\/#primaryimage"},"thumbnailUrl":"https:\/\/hijasdejesus.org\/wp-content\/uploads\/2016\/06\/brasil_forumdirectores5.JPG","articleSection":["Brasil","Brasil-Caribe","Educa\u00e7\u00e3o","Not\u00edcias"],"inLanguage":"pt-BR"},{"@type":"WebPage","@id":"https:\/\/hijasdejesus.org\/pt-br\/forum-de-diretores-de-escolas-catolicas-de-brasil\/","url":"https:\/\/hijasdejesus.org\/pt-br\/forum-de-diretores-de-escolas-catolicas-de-brasil\/","name":"F\u00f3rum de diretores de Escolas Cat\u00f3licas de Brasil - Hijas de Jes\u00fas","isPartOf":{"@id":"https:\/\/hijasdejesus.org\/pt-br\/#website"},"primaryImageOfPage":{"@id":"https:\/\/hijasdejesus.org\/pt-br\/forum-de-diretores-de-escolas-catolicas-de-brasil\/#primaryimage"},"image":{"@id":"https:\/\/hijasdejesus.org\/pt-br\/forum-de-diretores-de-escolas-catolicas-de-brasil\/#primaryimage"},"thumbnailUrl":"https:\/\/hijasdejesus.org\/wp-content\/uploads\/2016\/06\/brasil_forumdirectores5.JPG","datePublished":"2016-06-25T10:58:08+00:00","dateModified":"2016-06-25T11:02:40+00:00","breadcrumb":{"@id":"https:\/\/hijasdejesus.org\/pt-br\/forum-de-diretores-de-escolas-catolicas-de-brasil\/#breadcrumb"},"inLanguage":"pt-BR","potentialAction":[{"@type":"ReadAction","target":["https:\/\/hijasdejesus.org\/pt-br\/forum-de-diretores-de-escolas-catolicas-de-brasil\/"]}]},{"@type":"ImageObject","inLanguage":"pt-BR","@id":"https:\/\/hijasdejesus.org\/pt-br\/forum-de-diretores-de-escolas-catolicas-de-brasil\/#primaryimage","url":"https:\/\/hijasdejesus.org\/wp-content\/uploads\/2016\/06\/brasil_forumdirectores5.JPG","contentUrl":"https:\/\/hijasdejesus.org\/wp-content\/uploads\/2016\/06\/brasil_forumdirectores5.JPG","width":1024,"height":472},{"@type":"BreadcrumbList","@id":"https:\/\/hijasdejesus.org\/pt-br\/forum-de-diretores-de-escolas-catolicas-de-brasil\/#breadcrumb","itemListElement":[{"@type":"ListItem","position":1,"name":"Portada","item":"https:\/\/hijasdejesus.org\/pt-br\/"},{"@type":"ListItem","position":2,"name":"F\u00f3rum de diretores de Escolas Cat\u00f3licas de Brasil"}]},{"@type":"WebSite","@id":"https:\/\/hijasdejesus.org\/pt-br\/#website","url":"https:\/\/hijasdejesus.org\/pt-br\/","name":"Hijas de Jes\u00fas","description":"Despertamos a Jes\u00fas en el coraz\u00f3n, sacando lo mejor de las personas. Somos una congregaci\u00f3n religiosa ignaciana fundada por la Madre Candida","publisher":{"@id":"https:\/\/hijasdejesus.org\/pt-br\/#organization"},"potentialAction":[{"@type":"SearchAction","target":{"@type":"EntryPoint","urlTemplate":"https:\/\/hijasdejesus.org\/pt-br\/?s={search_term_string}"},"query-input":{"@type":"PropertyValueSpecification","valueRequired":true,"valueName":"search_term_string"}}],"inLanguage":"pt-BR"},{"@type":"Organization","@id":"https:\/\/hijasdejesus.org\/pt-br\/#organization","name":"Hijas de Jes\u00fas","url":"https:\/\/hijasdejesus.org\/pt-br\/","logo":{"@type":"ImageObject","inLanguage":"pt-BR","@id":"https:\/\/hijasdejesus.org\/pt-br\/#\/schema\/logo\/image\/","url":"https:\/\/hijasdejesus.org\/wp-content\/uploads\/2023\/01\/Hijas-de-Jesus_hor-A7C957.png","contentUrl":"https:\/\/hijasdejesus.org\/wp-content\/uploads\/2023\/01\/Hijas-de-Jesus_hor-A7C957.png","width":700,"height":360,"caption":"Hijas de Jes\u00fas"},"image":{"@id":"https:\/\/hijasdejesus.org\/pt-br\/#\/schema\/logo\/image\/"},"sameAs":["https:\/\/www.facebook.com\/hijasdejesusenelmundo\/","https:\/\/x.com\/hijasdjesus"]},{"@type":"Person","@id":"https:\/\/hijasdejesus.org\/pt-br\/#\/schema\/person\/ce4455965da733f2791f23b6ec14e9b6","name":"Webmaster","image":{"@type":"ImageObject","inLanguage":"pt-BR","@id":"https:\/\/secure.gravatar.com\/avatar\/cfd0acaac86c3981d541d2e99a0ffb7b6d33a5ac8989a62f5518b9e0f7ee128a?s=96&d=mm&r=g","url":"https:\/\/secure.gravatar.com\/avatar\/cfd0acaac86c3981d541d2e99a0ffb7b6d33a5ac8989a62f5518b9e0f7ee128a?s=96&d=mm&r=g","contentUrl":"https:\/\/secure.gravatar.com\/avatar\/cfd0acaac86c3981d541d2e99a0ffb7b6d33a5ac8989a62f5518b9e0f7ee128a?s=96&d=mm&r=g","caption":"Webmaster"},"url":"https:\/\/hijasdejesus.org\/pt-br\/author\/webmaster\/"}]}},"_links":{"self":[{"href":"https:\/\/hijasdejesus.org\/pt-br\/wp-json\/wp\/v2\/posts\/27709","targetHints":{"allow":["GET"]}}],"collection":[{"href":"https:\/\/hijasdejesus.org\/pt-br\/wp-json\/wp\/v2\/posts"}],"about":[{"href":"https:\/\/hijasdejesus.org\/pt-br\/wp-json\/wp\/v2\/types\/post"}],"author":[{"embeddable":true,"href":"https:\/\/hijasdejesus.org\/pt-br\/wp-json\/wp\/v2\/users\/28"}],"replies":[{"embeddable":true,"href":"https:\/\/hijasdejesus.org\/pt-br\/wp-json\/wp\/v2\/comments?post=27709"}],"version-history":[{"count":0,"href":"https:\/\/hijasdejesus.org\/pt-br\/wp-json\/wp\/v2\/posts\/27709\/revisions"}],"wp:featuredmedia":[{"embeddable":true,"href":"https:\/\/hijasdejesus.org\/pt-br\/wp-json\/wp\/v2\/media\/7384"}],"wp:attachment":[{"href":"https:\/\/hijasdejesus.org\/pt-br\/wp-json\/wp\/v2\/media?parent=27709"}],"wp:term":[{"taxonomy":"category","embeddable":true,"href":"https:\/\/hijasdejesus.org\/pt-br\/wp-json\/wp\/v2\/categories?post=27709"},{"taxonomy":"post_tag","embeddable":true,"href":"https:\/\/hijasdejesus.org\/pt-br\/wp-json\/wp\/v2\/tags?post=27709"}],"curies":[{"name":"wp","href":"https:\/\/api.w.org\/{rel}","templated":true}]}}