{"id":27747,"date":"2016-06-30T17:28:41","date_gmt":"2016-06-30T15:28:41","guid":{"rendered":"https:\/\/nueva.hijasdejesus.org\/perdoar-nao-e-esquecer\/"},"modified":"2016-07-19T13:51:43","modified_gmt":"2016-07-19T11:51:43","slug":"perdoar-nao-e-esquecer","status":"publish","type":"post","link":"https:\/\/hijasdejesus.org\/pt-br\/perdoar-nao-e-esquecer\/","title":{"rendered":"Perdoar n\u00e3o \u00e9 esquecer"},"content":{"rendered":"<p>No ano da Miseric\u00f3rdia se fala e se escreve muito sobre o perd\u00e3o, a reconcilia\u00e7\u00e3o e a dimens\u00e3o pol\u00edtica da miseric\u00f3rdia. Estas linhas, que recolhem quatro pontos e mais um sobre o perd\u00e3o, querem ser parte dessa conversa.<\/p>\n<p><strong>1. Perdoar n\u00e3o \u00e9 esquecer<\/strong> <br \/>Perdoar n\u00e3o \u00e9 esquecer, pelo menos n\u00e3o necessariamente, n\u00e3o como imposi\u00e7\u00e3o externa. Talvez \u00e0s vezes a pessoa ofendida ou agredida, por seu momento e situa\u00e7\u00e3o vital, escolhe esquecer como um mal menor. Propriamente, perdoar seria recuperar e sarar a mem\u00f3ria do acontecido. Poder rememor\u00e1-lo sem os sentimentos de raiva, \u00f3dio, rancor\u2026 para poder come\u00e7ar de novo, para poder seguir adiante sem um futuro hipotecado e marcado permanentemente pelas feridas do passado. Por\u00e9m perdoar n\u00e3o \u00e9 negar esses sentimentos dolorosos t\u00e3o naturais e compreens\u00edveis. Muitos documentos sobre o perd\u00e3o convidam a n\u00e3o negar os sentimentos de recha\u00e7o e dor que causa a recorda\u00e7\u00e3o dos fatos dolorosos. Perdoar \u00e9 um processo de recupera\u00e7\u00e3o que requer reconhecer e trabalhar esses sentimentos, que podem ser reorientados em uma for\u00e7a que ajude a v\u00edtima a converter-se em sobrevivente: que dizer, a ser senhora de seu passado, a decidir o que e como quer recordar o ocorrido, de modo que possa viver com sentido seu presente. N\u00e3o se trata de erradicar as lembran\u00e7as dolorosas, mas de dar-lhes um espa\u00e7o capaz de regenerar e curar, e construir um futuro livre da hipoteca do passado. O esquecimento imposto \u00e9 uma nova forma de fazer v\u00edtima quem j\u00e1 o \u00e9. As v\u00edtimas merecem lembran\u00e7a.<\/p>\n<p><strong>2. A \u201cv\u00edtima\u201d deve ser protagonista<\/strong><br \/>O centro do processo de perd\u00e3o deve estar orientado \u00e0 pessoa ou coletivo agredido, ofendido, humilhado\u2026 S\u00e3o as \u201cv\u00edtimas\u201d que iniciam este processo e marcam os tempos. S\u00e3o as v\u00edtimas que decidem interromper o c\u00edrculo de \u201cofensa por ofensa\u201d para dar-se e dar uma oportunidade para come\u00e7ar de novo. Etimologicamente, a palavra perd\u00e3o e o verbo perdoar se referem a um exerc\u00edcio gratuito e \u201cexcessivo\u201d por parte de quem o exerce. Perdoar \u00e9 uma decis\u00e3o proativa e de grande generosidade por parte da v\u00edtima. Nesse sentido n\u00e3o pode ser uma imposi\u00e7\u00e3o \u201csocial\u201d, n\u00e3o se pode urgir por conveni\u00eancia pol\u00edtica, nem se pode apressar o processo. N\u00e3o se pode impor de fora a obriga\u00e7\u00e3o de virar a p\u00e1gina e esquecer, com uma \u201cpol\u00edtica do esquecer\u201d ou um exerc\u00edcio de \u201camn\u00e9sia coletiva\u201d. \u00c9 parte do processo de perd\u00e3o, e o primeiro passo para uma poss\u00edvel reconcilia\u00e7\u00e3o social reconhecer a verdade do ocorrido, honrar a mem\u00f3ria das v\u00edtimas. Isto \u00e9 particularmente importante quando, talvez, toda a \u201crestitui\u00e7\u00e3o\u201d que os sobreviventes podem obter \u00e9 que se conhe\u00e7a o que aconteceu com seus seres queridos.\u00a0 As v\u00edtimas devem ter um papel preeminente nas decis\u00f5es que se tomem nos processos de repara\u00e7\u00e3o, nas medidas que se adotem para restituir a mem\u00f3ria, e devem ser consideradas medidas ativas que melhorem sua situa\u00e7\u00e3o socioecon\u00f4mica se esta se viu atingida pelas agress\u00f5es ou pela viol\u00eancia sofrida.<\/p>\n<p><strong>3. Perdoar n\u00e3o \u00e9 negar a justi\u00e7a ou as consequ\u00eancias legais.<\/strong><br \/>Para que haja perd\u00e3o e para que se inicie um processo de reconcilia\u00e7\u00e3o, \u00e9 necess\u00e1rio que se reconhe\u00e7a o sofrimento causado. \u00c9 necess\u00e1rio que aqueles que o causaram pe\u00e7am perd\u00e3o e mostrem arrependimento por suas a\u00e7\u00f5es.\u00a0 Sem isto, pode ser concedido o perd\u00e3o? Certamente, porque depende da generosidade das \u201cv\u00edtimas\u201d (h\u00e1 um caderno de CJ com casos de perd\u00e3o de familiares de v\u00edtimas de ETA, com testemunhos de perd\u00e3o impressionantes neste sentido), mas n\u00e3o haver\u00e1 um processo real de cura social, de restaura\u00e7\u00e3o de feridas, de reconcilia\u00e7\u00e3o. A justi\u00e7a (civil, legal) nunca poder\u00e1 compensar a dor causada, mas pelo menos evitar\u00e1 que os que a causaram continuem provocando dor, e \u00e9 um exerc\u00edcio social reconhecer que v\u00edtima e causadores dela n\u00e3o est\u00e3o no mesmo plano. A justi\u00e7a que pede o perd\u00e3o \u00e9 uma justi\u00e7a restaurativa, que implique a v\u00edtima, o causador dela, e seus efeitos sociais em um processo de reconcilia\u00e7\u00e3o. Por\u00e9m este processo requer, como primeiro passo, cessarem as injusti\u00e7as, e reconhec\u00ea-las. Nele, as v\u00edtimas n\u00e3o podem ser relegadas apenas a provar que algo aconteceu. Devem ser consideradas agentes pol\u00edticos ativos.<\/p>\n<p><strong>4. O perd\u00e3o tem uma dimens\u00e3o \u201csocial\u201d<\/strong><br \/>O presente e o futuro est\u00e3o de algum modo condicionados pela experi\u00eancia, e v\u00edtimas e verdugos, em certo sentido, nunca deixar\u00e3o tal condicionamento. \u00c9 necess\u00e1ria uma dimens\u00e3o social e pol\u00edtica do perd\u00e3o porque a infra\u00e7\u00e3o cometida, o delito, a ofensa, tamb\u00e9m o t\u00eam. N\u00e3o sofrem somente as v\u00edtimas diretas da viol\u00eancia, da opress\u00e3o, do bullying, dos abusos\u2026 sempre h\u00e1 \u201cdanos colaterais\u201d: as fam\u00edlias e as rela\u00e7\u00f5es sociais das pessoas implicadas ficam afetadas. Por isto se requer uma cultura do perd\u00e3o que vai al\u00e9m da conveni\u00eancia pol\u00edtica ou das restitui\u00e7\u00f5es legais e t\u00e9cnicas (que s\u00e3o necess\u00e1rias). A sociedade n\u00e3o pode sanar suas feridas falsamente. Parte do processo de cura, \u00e0s vezes, \u00e9 reabrir feridas mal cicatrizadas para limp\u00e1-las e cicatriz\u00e1-las bem. Recuperar um relato de modo mais objetivo poss\u00edvel, mais fiel \u00e0 verdade, ajuda n\u00e3o somente a honrar as v\u00edtimas, mas a construir o futuro da sociedade a partir de uma base mais s\u00f3lida, n\u00e3o com hist\u00f3rias parciais, normalmente escritas pelos vencedores, como nova forma de humilha\u00e7\u00e3o aos vencidos, ou como meio de assegurar sua impunidade. Por \u00faltimo, um processo pol\u00edtico de perd\u00e3o e reconcilia\u00e7\u00e3o n\u00e3o pode deixar de lado os verdugos, que tamb\u00e9m fazem parte da sociedade. Para poder, no presente, libertar as v\u00edtimas da carga dolorosa do passado, \u00e9 necess\u00e1rio envolv\u00ea-las e tamb\u00e9m inserir seus causadores no processo complexo de di\u00e1logo, reconhecimento, reconcilia\u00e7\u00e3o e constru\u00e7\u00e3o de um presente diferente. \u00c9 necess\u00e1rio um processo comunit\u00e1rio e coletivo de cura, porque toda a sociedade pode compartilhar a dor pelo acontecimento e experimentar certo sentimento de \u201cculpa\u201d por ter permitido a viol\u00eancia, por n\u00e3o t\u00ea-la denunciado; ou um sentimento subsidi\u00e1rio de pertencer \u00e0 sociedade na qual os fatos violentos ocorreram. O esquecimento n\u00e3o \u00e9, pois, uma op\u00e7\u00e3o nos processos pol\u00edticos de perd\u00e3o, que requerem um processo de restitui\u00e7\u00e3o ao povo ou \u00e0s pessoas afetados. <\/p>\n<p><strong>4 +1. A dimens\u00e3o crist\u00e3 do perd\u00e3o<\/strong><br \/>Muito brevemente acrescentar a perspectiva da tradi\u00e7\u00e3o crist\u00e3 relacionada ao perd\u00e3o. A raiz do perd\u00e3o crist\u00e3o n\u00e3o \u00e9 outra sen\u00e3o a experi\u00eancia de termos sido perdoados por Deus. Somente Deus \u00e9 compassivo e misericordioso. O que cr\u00ea ter sido tratado com miseric\u00f3rdia sente-se urgido a perdoar. \u00c9 o convite de Jesus: \u201cSede perfeitos como vosso Pai Deus \u00e9 perfeito\u201d\u2026 sede compassivos, sede justos, sede misericordiosos, porque vosso Pai Deus vos tratou com miseric\u00f3rdia. S\u00e3o m\u00faltiplos os textos do Evangelho em que Jesus age com a miseric\u00f3rdia e o perd\u00e3o de Deus, e d\u00e1 exemplo a seus disc\u00edpulos. O perd\u00e3o de Jesus se situa acima da lei religiosa de sua \u00e9poca, porque a lei n\u00e3o pode conter as entranhas misericordiosas do Deus da vida. Por\u00e9m o perd\u00e3o religioso, crist\u00e3o, n\u00e3o anula a justi\u00e7a civil. Ele a complementa, a acompanha, a situa e a supera. O perd\u00e3o religioso pode ser um processo interno da pessoa que lhe permite iniciar e acompanhar processos de perd\u00e3o e reconcilia\u00e7\u00e3o social. Pode ser um exerc\u00edcio da v\u00edtima e do verdugo de perdoar e de pedir perd\u00e3o respectivamente. Em \u00faltima inst\u00e2ncia, falando crist\u00e3mente, o perd\u00e3o \u00e9 renunciar ao direito \u00e0 justi\u00e7a \u00faltima (n\u00e3o a terrena e pen\u00faltima) nas m\u00e3os de Deus. \u00c9 renunciar a se vingar, a odiar, a guardar rancor. \u00c9, em Deus, dar a oportunidade \u00e0 outra pessoa de se refazer, de nascer de novo.<\/p>\n<p style=\"text-align: center;\"><strong>Por Chema Segura sj<\/strong><br \/><a href=\"http:\/\/blog.cristianismeijusticia.net\/?p=13740&amp;lang=es\" target=\"_blank\" rel=\"noopener\">Publicado em \u201cCristianismo y Justicia\u201d<\/a><\/p>\n","protected":false},"excerpt":{"rendered":"<p>No ano da Miseric\u00f3rdia se fala e se escreve muito sobre o perd\u00e3o, a reconcilia\u00e7\u00e3o e a dimens\u00e3o pol\u00edtica da miseric\u00f3rdia. Estas linhas, que recolhem quatro pontos e mais um sobre o perd\u00e3o, querem ser parte dessa conversa. 1. Perdoar n\u00e3o \u00e9 esquecer Perdoar n\u00e3o \u00e9 esquecer, pelo menos n\u00e3o necessariamente, n\u00e3o como imposi\u00e7\u00e3o externa. [&hellip;]<\/p>\n","protected":false},"author":28,"featured_media":12744,"comment_status":"closed","ping_status":"closed","sticky":false,"template":"","format":"standard","meta":{"_et_pb_use_builder":"","_et_pb_old_content":"","_et_gb_content_width":"","footnotes":"","_links_to":"","_links_to_target":""},"categories":[533,469],"tags":[],"class_list":["post-27747","post","type-post","status-publish","format-standard","has-post-thumbnail","hentry","category-igreja","category-noticias-pt-br"],"yoast_head":"<!-- This site is optimized with the Yoast SEO plugin v27.4 - https:\/\/yoast.com\/product\/yoast-seo-wordpress\/ -->\n<title>Perdoar n\u00e3o \u00e9 esquecer - Hijas de Jes\u00fas<\/title>\n<meta name=\"robots\" content=\"index, follow, max-snippet:-1, max-image-preview:large, max-video-preview:-1\" \/>\n<link rel=\"canonical\" href=\"https:\/\/hijasdejesus.org\/pt-br\/perdoar-nao-e-esquecer\/\" \/>\n<meta property=\"og:locale\" content=\"pt_BR\" \/>\n<meta property=\"og:type\" content=\"article\" \/>\n<meta property=\"og:title\" content=\"Perdoar n\u00e3o \u00e9 esquecer - Hijas de Jes\u00fas\" \/>\n<meta property=\"og:description\" content=\"No ano da Miseric\u00f3rdia se fala e se escreve muito sobre o perd\u00e3o, a reconcilia\u00e7\u00e3o e a dimens\u00e3o pol\u00edtica da miseric\u00f3rdia. Estas linhas, que recolhem quatro pontos e mais um sobre o perd\u00e3o, querem ser parte dessa conversa. 1. Perdoar n\u00e3o \u00e9 esquecer Perdoar n\u00e3o \u00e9 esquecer, pelo menos n\u00e3o necessariamente, n\u00e3o como imposi\u00e7\u00e3o externa. [&hellip;]\" \/>\n<meta property=\"og:url\" content=\"https:\/\/hijasdejesus.org\/pt-br\/perdoar-nao-e-esquecer\/\" \/>\n<meta property=\"og:site_name\" content=\"Hijas de Jes\u00fas\" \/>\n<meta property=\"article:publisher\" content=\"https:\/\/www.facebook.com\/hijasdejesusenelmundo\/\" \/>\n<meta property=\"article:published_time\" content=\"2016-06-30T15:28:41+00:00\" \/>\n<meta property=\"article:modified_time\" content=\"2016-07-19T11:51:43+00:00\" \/>\n<meta property=\"og:image\" content=\"https:\/\/hijasdejesus.org\/wp-content\/uploads\/2016\/07\/perdon3.jpg\" \/>\n\t<meta property=\"og:image:width\" content=\"1\" \/>\n\t<meta property=\"og:image:height\" content=\"1\" \/>\n\t<meta property=\"og:image:type\" content=\"image\/jpeg\" \/>\n<meta name=\"author\" content=\"Webmaster\" \/>\n<meta name=\"twitter:card\" content=\"summary_large_image\" \/>\n<meta name=\"twitter:creator\" content=\"@hijasdjesus\" \/>\n<meta name=\"twitter:site\" content=\"@hijasdjesus\" \/>\n<meta name=\"twitter:label1\" content=\"Escrito por\" \/>\n\t<meta name=\"twitter:data1\" content=\"Webmaster\" \/>\n\t<meta name=\"twitter:label2\" content=\"Est. tempo de leitura\" \/>\n\t<meta name=\"twitter:data2\" content=\"7 minutos\" \/>\n<script type=\"application\/ld+json\" class=\"yoast-schema-graph\">{\"@context\":\"https:\\\/\\\/schema.org\",\"@graph\":[{\"@type\":\"Article\",\"@id\":\"https:\\\/\\\/hijasdejesus.org\\\/pt-br\\\/perdoar-nao-e-esquecer\\\/#article\",\"isPartOf\":{\"@id\":\"https:\\\/\\\/hijasdejesus.org\\\/pt-br\\\/perdoar-nao-e-esquecer\\\/\"},\"author\":{\"name\":\"Webmaster\",\"@id\":\"https:\\\/\\\/hijasdejesus.org\\\/pt-br\\\/#\\\/schema\\\/person\\\/ce4455965da733f2791f23b6ec14e9b6\"},\"headline\":\"Perdoar n\u00e3o \u00e9 esquecer\",\"datePublished\":\"2016-06-30T15:28:41+00:00\",\"dateModified\":\"2016-07-19T11:51:43+00:00\",\"mainEntityOfPage\":{\"@id\":\"https:\\\/\\\/hijasdejesus.org\\\/pt-br\\\/perdoar-nao-e-esquecer\\\/\"},\"wordCount\":1397,\"publisher\":{\"@id\":\"https:\\\/\\\/hijasdejesus.org\\\/pt-br\\\/#organization\"},\"image\":{\"@id\":\"https:\\\/\\\/hijasdejesus.org\\\/pt-br\\\/perdoar-nao-e-esquecer\\\/#primaryimage\"},\"thumbnailUrl\":\"https:\\\/\\\/hijasdejesus.org\\\/wp-content\\\/uploads\\\/2016\\\/07\\\/perdon3.jpg\",\"articleSection\":[\"Igreja\",\"Not\u00edcias\"],\"inLanguage\":\"pt-BR\"},{\"@type\":\"WebPage\",\"@id\":\"https:\\\/\\\/hijasdejesus.org\\\/pt-br\\\/perdoar-nao-e-esquecer\\\/\",\"url\":\"https:\\\/\\\/hijasdejesus.org\\\/pt-br\\\/perdoar-nao-e-esquecer\\\/\",\"name\":\"Perdoar n\u00e3o \u00e9 esquecer - Hijas de Jes\u00fas\",\"isPartOf\":{\"@id\":\"https:\\\/\\\/hijasdejesus.org\\\/pt-br\\\/#website\"},\"primaryImageOfPage\":{\"@id\":\"https:\\\/\\\/hijasdejesus.org\\\/pt-br\\\/perdoar-nao-e-esquecer\\\/#primaryimage\"},\"image\":{\"@id\":\"https:\\\/\\\/hijasdejesus.org\\\/pt-br\\\/perdoar-nao-e-esquecer\\\/#primaryimage\"},\"thumbnailUrl\":\"https:\\\/\\\/hijasdejesus.org\\\/wp-content\\\/uploads\\\/2016\\\/07\\\/perdon3.jpg\",\"datePublished\":\"2016-06-30T15:28:41+00:00\",\"dateModified\":\"2016-07-19T11:51:43+00:00\",\"breadcrumb\":{\"@id\":\"https:\\\/\\\/hijasdejesus.org\\\/pt-br\\\/perdoar-nao-e-esquecer\\\/#breadcrumb\"},\"inLanguage\":\"pt-BR\",\"potentialAction\":[{\"@type\":\"ReadAction\",\"target\":[\"https:\\\/\\\/hijasdejesus.org\\\/pt-br\\\/perdoar-nao-e-esquecer\\\/\"]}]},{\"@type\":\"ImageObject\",\"inLanguage\":\"pt-BR\",\"@id\":\"https:\\\/\\\/hijasdejesus.org\\\/pt-br\\\/perdoar-nao-e-esquecer\\\/#primaryimage\",\"url\":\"https:\\\/\\\/hijasdejesus.org\\\/wp-content\\\/uploads\\\/2016\\\/07\\\/perdon3.jpg\",\"contentUrl\":\"https:\\\/\\\/hijasdejesus.org\\\/wp-content\\\/uploads\\\/2016\\\/07\\\/perdon3.jpg\"},{\"@type\":\"BreadcrumbList\",\"@id\":\"https:\\\/\\\/hijasdejesus.org\\\/pt-br\\\/perdoar-nao-e-esquecer\\\/#breadcrumb\",\"itemListElement\":[{\"@type\":\"ListItem\",\"position\":1,\"name\":\"Portada\",\"item\":\"https:\\\/\\\/hijasdejesus.org\\\/pt-br\\\/\"},{\"@type\":\"ListItem\",\"position\":2,\"name\":\"Perdoar n\u00e3o \u00e9 esquecer\"}]},{\"@type\":\"WebSite\",\"@id\":\"https:\\\/\\\/hijasdejesus.org\\\/pt-br\\\/#website\",\"url\":\"https:\\\/\\\/hijasdejesus.org\\\/pt-br\\\/\",\"name\":\"Hijas de Jes\u00fas\",\"description\":\"Despertamos a Jes\u00fas en el coraz\u00f3n, sacando lo mejor de las personas. Somos una congregaci\u00f3n religiosa ignaciana fundada por la Madre Candida\",\"publisher\":{\"@id\":\"https:\\\/\\\/hijasdejesus.org\\\/pt-br\\\/#organization\"},\"potentialAction\":[{\"@type\":\"SearchAction\",\"target\":{\"@type\":\"EntryPoint\",\"urlTemplate\":\"https:\\\/\\\/hijasdejesus.org\\\/pt-br\\\/?s={search_term_string}\"},\"query-input\":{\"@type\":\"PropertyValueSpecification\",\"valueRequired\":true,\"valueName\":\"search_term_string\"}}],\"inLanguage\":\"pt-BR\"},{\"@type\":\"Organization\",\"@id\":\"https:\\\/\\\/hijasdejesus.org\\\/pt-br\\\/#organization\",\"name\":\"Hijas de Jes\u00fas\",\"url\":\"https:\\\/\\\/hijasdejesus.org\\\/pt-br\\\/\",\"logo\":{\"@type\":\"ImageObject\",\"inLanguage\":\"pt-BR\",\"@id\":\"https:\\\/\\\/hijasdejesus.org\\\/pt-br\\\/#\\\/schema\\\/logo\\\/image\\\/\",\"url\":\"https:\\\/\\\/hijasdejesus.org\\\/wp-content\\\/uploads\\\/2023\\\/01\\\/Hijas-de-Jesus_hor-A7C957.png\",\"contentUrl\":\"https:\\\/\\\/hijasdejesus.org\\\/wp-content\\\/uploads\\\/2023\\\/01\\\/Hijas-de-Jesus_hor-A7C957.png\",\"width\":700,\"height\":360,\"caption\":\"Hijas de Jes\u00fas\"},\"image\":{\"@id\":\"https:\\\/\\\/hijasdejesus.org\\\/pt-br\\\/#\\\/schema\\\/logo\\\/image\\\/\"},\"sameAs\":[\"https:\\\/\\\/www.facebook.com\\\/hijasdejesusenelmundo\\\/\",\"https:\\\/\\\/x.com\\\/hijasdjesus\"]},{\"@type\":\"Person\",\"@id\":\"https:\\\/\\\/hijasdejesus.org\\\/pt-br\\\/#\\\/schema\\\/person\\\/ce4455965da733f2791f23b6ec14e9b6\",\"name\":\"Webmaster\",\"image\":{\"@type\":\"ImageObject\",\"inLanguage\":\"pt-BR\",\"@id\":\"https:\\\/\\\/secure.gravatar.com\\\/avatar\\\/cfd0acaac86c3981d541d2e99a0ffb7b6d33a5ac8989a62f5518b9e0f7ee128a?s=96&d=mm&r=g\",\"url\":\"https:\\\/\\\/secure.gravatar.com\\\/avatar\\\/cfd0acaac86c3981d541d2e99a0ffb7b6d33a5ac8989a62f5518b9e0f7ee128a?s=96&d=mm&r=g\",\"contentUrl\":\"https:\\\/\\\/secure.gravatar.com\\\/avatar\\\/cfd0acaac86c3981d541d2e99a0ffb7b6d33a5ac8989a62f5518b9e0f7ee128a?s=96&d=mm&r=g\",\"caption\":\"Webmaster\"},\"url\":\"https:\\\/\\\/hijasdejesus.org\\\/pt-br\\\/author\\\/webmaster\\\/\"}]}<\/script>\n<!-- \/ Yoast SEO plugin. -->","yoast_head_json":{"title":"Perdoar n\u00e3o \u00e9 esquecer - Hijas de Jes\u00fas","robots":{"index":"index","follow":"follow","max-snippet":"max-snippet:-1","max-image-preview":"max-image-preview:large","max-video-preview":"max-video-preview:-1"},"canonical":"https:\/\/hijasdejesus.org\/pt-br\/perdoar-nao-e-esquecer\/","og_locale":"pt_BR","og_type":"article","og_title":"Perdoar n\u00e3o \u00e9 esquecer - Hijas de Jes\u00fas","og_description":"No ano da Miseric\u00f3rdia se fala e se escreve muito sobre o perd\u00e3o, a reconcilia\u00e7\u00e3o e a dimens\u00e3o pol\u00edtica da miseric\u00f3rdia. Estas linhas, que recolhem quatro pontos e mais um sobre o perd\u00e3o, querem ser parte dessa conversa. 1. Perdoar n\u00e3o \u00e9 esquecer Perdoar n\u00e3o \u00e9 esquecer, pelo menos n\u00e3o necessariamente, n\u00e3o como imposi\u00e7\u00e3o externa. [&hellip;]","og_url":"https:\/\/hijasdejesus.org\/pt-br\/perdoar-nao-e-esquecer\/","og_site_name":"Hijas de Jes\u00fas","article_publisher":"https:\/\/www.facebook.com\/hijasdejesusenelmundo\/","article_published_time":"2016-06-30T15:28:41+00:00","article_modified_time":"2016-07-19T11:51:43+00:00","og_image":[{"url":"https:\/\/hijasdejesus.org\/wp-content\/uploads\/2016\/07\/perdon3.jpg","width":1,"height":1,"type":"image\/jpeg"}],"author":"Webmaster","twitter_card":"summary_large_image","twitter_creator":"@hijasdjesus","twitter_site":"@hijasdjesus","twitter_misc":{"Escrito por":"Webmaster","Est. tempo de leitura":"7 minutos"},"schema":{"@context":"https:\/\/schema.org","@graph":[{"@type":"Article","@id":"https:\/\/hijasdejesus.org\/pt-br\/perdoar-nao-e-esquecer\/#article","isPartOf":{"@id":"https:\/\/hijasdejesus.org\/pt-br\/perdoar-nao-e-esquecer\/"},"author":{"name":"Webmaster","@id":"https:\/\/hijasdejesus.org\/pt-br\/#\/schema\/person\/ce4455965da733f2791f23b6ec14e9b6"},"headline":"Perdoar n\u00e3o \u00e9 esquecer","datePublished":"2016-06-30T15:28:41+00:00","dateModified":"2016-07-19T11:51:43+00:00","mainEntityOfPage":{"@id":"https:\/\/hijasdejesus.org\/pt-br\/perdoar-nao-e-esquecer\/"},"wordCount":1397,"publisher":{"@id":"https:\/\/hijasdejesus.org\/pt-br\/#organization"},"image":{"@id":"https:\/\/hijasdejesus.org\/pt-br\/perdoar-nao-e-esquecer\/#primaryimage"},"thumbnailUrl":"https:\/\/hijasdejesus.org\/wp-content\/uploads\/2016\/07\/perdon3.jpg","articleSection":["Igreja","Not\u00edcias"],"inLanguage":"pt-BR"},{"@type":"WebPage","@id":"https:\/\/hijasdejesus.org\/pt-br\/perdoar-nao-e-esquecer\/","url":"https:\/\/hijasdejesus.org\/pt-br\/perdoar-nao-e-esquecer\/","name":"Perdoar n\u00e3o \u00e9 esquecer - Hijas de Jes\u00fas","isPartOf":{"@id":"https:\/\/hijasdejesus.org\/pt-br\/#website"},"primaryImageOfPage":{"@id":"https:\/\/hijasdejesus.org\/pt-br\/perdoar-nao-e-esquecer\/#primaryimage"},"image":{"@id":"https:\/\/hijasdejesus.org\/pt-br\/perdoar-nao-e-esquecer\/#primaryimage"},"thumbnailUrl":"https:\/\/hijasdejesus.org\/wp-content\/uploads\/2016\/07\/perdon3.jpg","datePublished":"2016-06-30T15:28:41+00:00","dateModified":"2016-07-19T11:51:43+00:00","breadcrumb":{"@id":"https:\/\/hijasdejesus.org\/pt-br\/perdoar-nao-e-esquecer\/#breadcrumb"},"inLanguage":"pt-BR","potentialAction":[{"@type":"ReadAction","target":["https:\/\/hijasdejesus.org\/pt-br\/perdoar-nao-e-esquecer\/"]}]},{"@type":"ImageObject","inLanguage":"pt-BR","@id":"https:\/\/hijasdejesus.org\/pt-br\/perdoar-nao-e-esquecer\/#primaryimage","url":"https:\/\/hijasdejesus.org\/wp-content\/uploads\/2016\/07\/perdon3.jpg","contentUrl":"https:\/\/hijasdejesus.org\/wp-content\/uploads\/2016\/07\/perdon3.jpg"},{"@type":"BreadcrumbList","@id":"https:\/\/hijasdejesus.org\/pt-br\/perdoar-nao-e-esquecer\/#breadcrumb","itemListElement":[{"@type":"ListItem","position":1,"name":"Portada","item":"https:\/\/hijasdejesus.org\/pt-br\/"},{"@type":"ListItem","position":2,"name":"Perdoar n\u00e3o \u00e9 esquecer"}]},{"@type":"WebSite","@id":"https:\/\/hijasdejesus.org\/pt-br\/#website","url":"https:\/\/hijasdejesus.org\/pt-br\/","name":"Hijas de Jes\u00fas","description":"Despertamos a Jes\u00fas en el coraz\u00f3n, sacando lo mejor de las personas. Somos una congregaci\u00f3n religiosa ignaciana fundada por la Madre Candida","publisher":{"@id":"https:\/\/hijasdejesus.org\/pt-br\/#organization"},"potentialAction":[{"@type":"SearchAction","target":{"@type":"EntryPoint","urlTemplate":"https:\/\/hijasdejesus.org\/pt-br\/?s={search_term_string}"},"query-input":{"@type":"PropertyValueSpecification","valueRequired":true,"valueName":"search_term_string"}}],"inLanguage":"pt-BR"},{"@type":"Organization","@id":"https:\/\/hijasdejesus.org\/pt-br\/#organization","name":"Hijas de Jes\u00fas","url":"https:\/\/hijasdejesus.org\/pt-br\/","logo":{"@type":"ImageObject","inLanguage":"pt-BR","@id":"https:\/\/hijasdejesus.org\/pt-br\/#\/schema\/logo\/image\/","url":"https:\/\/hijasdejesus.org\/wp-content\/uploads\/2023\/01\/Hijas-de-Jesus_hor-A7C957.png","contentUrl":"https:\/\/hijasdejesus.org\/wp-content\/uploads\/2023\/01\/Hijas-de-Jesus_hor-A7C957.png","width":700,"height":360,"caption":"Hijas de Jes\u00fas"},"image":{"@id":"https:\/\/hijasdejesus.org\/pt-br\/#\/schema\/logo\/image\/"},"sameAs":["https:\/\/www.facebook.com\/hijasdejesusenelmundo\/","https:\/\/x.com\/hijasdjesus"]},{"@type":"Person","@id":"https:\/\/hijasdejesus.org\/pt-br\/#\/schema\/person\/ce4455965da733f2791f23b6ec14e9b6","name":"Webmaster","image":{"@type":"ImageObject","inLanguage":"pt-BR","@id":"https:\/\/secure.gravatar.com\/avatar\/cfd0acaac86c3981d541d2e99a0ffb7b6d33a5ac8989a62f5518b9e0f7ee128a?s=96&d=mm&r=g","url":"https:\/\/secure.gravatar.com\/avatar\/cfd0acaac86c3981d541d2e99a0ffb7b6d33a5ac8989a62f5518b9e0f7ee128a?s=96&d=mm&r=g","contentUrl":"https:\/\/secure.gravatar.com\/avatar\/cfd0acaac86c3981d541d2e99a0ffb7b6d33a5ac8989a62f5518b9e0f7ee128a?s=96&d=mm&r=g","caption":"Webmaster"},"url":"https:\/\/hijasdejesus.org\/pt-br\/author\/webmaster\/"}]}},"_links":{"self":[{"href":"https:\/\/hijasdejesus.org\/pt-br\/wp-json\/wp\/v2\/posts\/27747","targetHints":{"allow":["GET"]}}],"collection":[{"href":"https:\/\/hijasdejesus.org\/pt-br\/wp-json\/wp\/v2\/posts"}],"about":[{"href":"https:\/\/hijasdejesus.org\/pt-br\/wp-json\/wp\/v2\/types\/post"}],"author":[{"embeddable":true,"href":"https:\/\/hijasdejesus.org\/pt-br\/wp-json\/wp\/v2\/users\/28"}],"replies":[{"embeddable":true,"href":"https:\/\/hijasdejesus.org\/pt-br\/wp-json\/wp\/v2\/comments?post=27747"}],"version-history":[{"count":0,"href":"https:\/\/hijasdejesus.org\/pt-br\/wp-json\/wp\/v2\/posts\/27747\/revisions"}],"wp:featuredmedia":[{"embeddable":true,"href":"https:\/\/hijasdejesus.org\/pt-br\/wp-json\/wp\/v2\/media\/12744"}],"wp:attachment":[{"href":"https:\/\/hijasdejesus.org\/pt-br\/wp-json\/wp\/v2\/media?parent=27747"}],"wp:term":[{"taxonomy":"category","embeddable":true,"href":"https:\/\/hijasdejesus.org\/pt-br\/wp-json\/wp\/v2\/categories?post=27747"},{"taxonomy":"post_tag","embeddable":true,"href":"https:\/\/hijasdejesus.org\/pt-br\/wp-json\/wp\/v2\/tags?post=27747"}],"curies":[{"name":"wp","href":"https:\/\/api.w.org\/{rel}","templated":true}]}}