{"id":27756,"date":"2016-07-26T21:30:31","date_gmt":"2016-07-26T19:30:31","guid":{"rendered":"https:\/\/nueva.hijasdejesus.org\/romaria-dos-martires-da-caminhada-2016\/"},"modified":"2016-07-26T21:30:31","modified_gmt":"2016-07-26T19:30:31","slug":"romaria-dos-martires-da-caminhada-2016","status":"publish","type":"post","link":"https:\/\/hijasdejesus.org\/pt-br\/romaria-dos-martires-da-caminhada-2016\/","title":{"rendered":"ROMARIA DOS M\u00c1RTIRES DA CAMINHADA \u2013 2016"},"content":{"rendered":"<p style=\"text-align: center;\">Ribeir\u00e3o Cascalheira \u2013 MT &#8211; 16 e 17 de Julho de 2016<br \/>\u201cSonhadores e sonhadoras, Profetas e profetizas Testemunhas do Reino\u201d<\/p>\n<p style=\"text-align: justify;\"><img loading=\"lazy\" decoding=\"async\" class=\"pull-left size-full wp-image-7470\" src=\"https:\/\/hijasdejesus.org\/wp-content\/uploads\/2016\/07\/romariamartires13.jpg\" alt=\"\" width=\"552\" height=\"616\" srcset=\"https:\/\/hijasdejesus.org\/wp-content\/uploads\/2016\/07\/romariamartires13.jpg 552w, https:\/\/hijasdejesus.org\/wp-content\/uploads\/2016\/07\/romariamartires13-480x535.jpg 480w\" sizes=\"(min-width: 0px) and (max-width: 480px) 480px, (min-width: 481px) 552px, 100vw\" \/>A Igreja de S\u00e3o F\u00e9lix do Araguaia, onde o suor e o sangue fecunda o ch\u00e3o, esteve em peregrina\u00e7\u00e3o, em caminhada. Nos dias 16 e 17 de julho de 2016, aconteceu na cidade de Ribeir\u00e3o Cascalheira, a \u201cRomaria dos M\u00e1rtires da Caminhada\u201d, por ocasi\u00e3o da\u00a0 mem\u00f3ria dos 40 anos do mart\u00edrio do Pe. Jo\u00e3o Bosco Penido Burnier, Pe. Rodolfo Lunkenbein e do \u00edndio Sim\u00e3o Bororo, e a atualiza\u00e7\u00e3o da mem\u00f3ria do Mart\u00edrio de Sep\u00e9 Tiaraju \u2013 Patriarca da Causa Ind\u00edgena, que h\u00e1 260 anos gritou \u201cEsta Terra \u00e9 Nossa\u201d.<br \/>Esta grande festa Pascal \u00e9 um acontecimento de toda a Igreja de S\u00e3o Felix do Araguaia, e todas as Igrejas, que querem manter viva a mem\u00f3ria daqueles e daquelas que deram e vem dando suas vidas pelas Causas do Reino: causa da casa, da terra e dos direitos humanos&#8230;. Causa dos povos ind\u00edgenas, quilombolas, camponeses\/as, juventudes, crian\u00e7as, adolescentes, mulheres, popula\u00e7\u00e3o em situa\u00e7\u00e3o de rua. \u201cA causa \u00e9 que faz o m\u00e1rtir\u201d (Santo Agostinho). E os m\u00e1rtires, pelas causas, pelo Evangelho, deram a vida, a prova maior: Ningu\u00e9m tem maior amor do que aquele que d\u00e1 vida pelos que ama (Jo\u00e3o 15,12-13).<br \/>O tema da Romaria foi: \u201cProfetas do Reino\u201d, dando \u00e0 profecia as tr\u00eas fun\u00e7\u00f5es que a caracterizam: Anuncio, Den\u00fancia e Consolo.<br \/>A profecia anuncia a Boa Nova: ela \u00e9 evangelizadora por defini\u00e7\u00e3o. A profecia denuncia o anti-reino: denuncia a m\u00e1 not\u00edcia de todos os sistemas e atitudes de morte. A profecia consola: \u00c9 o pedido do pr\u00f3prio Deus, \u201cconsola o meu povo\u201d. Opta pelos pobres, exclu\u00eddos, marginalizados. A profecia que consola \u00e9 misericordiosa, solid\u00e1ria, \u201ccuidante\u201d, luta pela justi\u00e7a e pela paz, \u00e9 amorosa<br \/>Com este esp\u00edrito de romeiros\/as, de peregrinos\/as, Profetas e Profetizas do Reino, \u00e9 que a \u201cIrmandade dos M\u00e1rtires da Caminhada\u201d convocou as Comunidades Eclesiais de Base, as Pastorais Sociais, os Movimentos Populares, as Organiza\u00e7\u00f5es Sociais e Entidades que trabalham na defesa da vida, e todas\/todos\u00a0 aqueles\/as comprometidas e comprometidos com as Causas da Vida,\u00a0 que, juntas e juntos, em mutir\u00e3o, vivenciaram esta bonita celebra\u00e7\u00e3o memorial.<br \/>A Romaria j\u00e1 esteve acontecendo, mesmo antes de sua realiza\u00e7\u00e3o, no cora\u00e7\u00e3o e na vida das\u00a0 comunidades, no Brasil, na Am\u00e9rica e no mundo. Com os M\u00e1rtires, testemunhas, profetas e profetizas, todos e todas n\u00f3s tamb\u00e9m devemos dar esse testemunho no dia-a-dia, sendo coerentes com a nossa f\u00e9, assumindo as causas da vida, as causas pelas quais tantos irm\u00e3os e irm\u00e3s regaram este ch\u00e3o com o pr\u00f3prio sangue para que tiv\u00e9ssemos um mundo mais humano: do bem viver, bem-conviver, bem-cuidar e amar nossa casa comum.<br \/>\u201cUm Povo ou uma Igreja que esquece seus m\u00e1rtires n\u00e3o merece sobreviver\u201d, diz o Bispo Pedro Casald\u00e1liga.<br \/>Nossa Irm\u00e3 Tomelina participou dessa Romaria e, com certeza, nos enriquecer\u00e1 com sua partilha e sentimentos. Estivemos todas com ela, na uni\u00e3o dos cora\u00e7\u00f5es.<\/p>\n<p style=\"text-align: justify;\"><img loading=\"lazy\" decoding=\"async\" class=\"pull-center size-full wp-image-7472\" src=\"https:\/\/hijasdejesus.org\/wp-content\/uploads\/2016\/07\/romariamartires23.jpg\" alt=\"\" width=\"960\" height=\"640\" srcset=\"https:\/\/hijasdejesus.org\/wp-content\/uploads\/2016\/07\/romariamartires23.jpg 960w, https:\/\/hijasdejesus.org\/wp-content\/uploads\/2016\/07\/romariamartires23-480x320.jpg 480w\" sizes=\"(min-width: 0px) and (max-width: 480px) 480px, (min-width: 481px) 960px, 100vw\" \/>ORA\u00c7\u00c3O DOS M\u00c1RTIRES DA CAMINHADA<br \/>Deus da Vida e do Amor, Trindade Santa:<br \/>Em irmandade com os m\u00e1rtires da caminhada<br \/>Da Nossa Am\u00e9rica,<br \/>Vos louvamos e agradecemos<br \/>Pela for\u00e7a que derramastes em nossos cora\u00e7\u00f5es<br \/>Para derramar a vida e a morte<br \/>Pela Vida, no Amor.<\/p>\n<p>Como Jesus, foram fi\u00e9is at\u00e9 o fim<br \/>E deram a prova maior.<br \/>Por Ele e com Ele,<br \/>Venceram o pecado, a escravid\u00e3o e a morte<br \/>E vivem gloriosos, sendo p\u00e1scoa na p\u00e1scoa.<\/p>\n<p>Derramai tamb\u00e9m em n\u00f3s o vosso Esp\u00edrito<br \/>De uni\u00e3o, de fortaleza e de alegria,<br \/>Para que demos totalmente nossas vidas<br \/>Pela causa do vosso Reino.<br \/>Por esses muitos irm\u00e3os e irm\u00e3s,<br \/>Testemunhas pascais.<\/p>\n<p>Por Maria, a m\u00e3e da testemunha Fiel.<br \/>E pelo mesmo Jesus Cristo, o Crucificado-Ressuscitado,<br \/>Primog\u00eanito vencedor da morte.<\/p>\n<p>Am\u00e9m, Ax\u00e9, Awere, Aleluia!<\/p>\n<p>(Dom Pedro Casald\u00e1liga)<\/p>\n","protected":false},"excerpt":{"rendered":"<p>Ribeir\u00e3o Cascalheira \u2013 MT &#8211; 16 e 17 de Julho de 2016\u201cSonhadores e sonhadoras, Profetas e profetizas Testemunhas do Reino\u201d A Igreja de S\u00e3o F\u00e9lix do Araguaia, onde o suor e o sangue fecunda o ch\u00e3o, esteve em peregrina\u00e7\u00e3o, em caminhada. Nos dias 16 e 17 de julho de 2016, aconteceu na cidade de Ribeir\u00e3o [&hellip;]<\/p>\n","protected":false},"author":28,"featured_media":7468,"comment_status":"","ping_status":"closed","sticky":false,"template":"","format":"standard","meta":{"_et_pb_use_builder":"","_et_pb_old_content":"","_et_gb_content_width":"","footnotes":"","_links_to":"","_links_to_target":""},"categories":[413],"tags":[432,437],"class_list":["post-27756","post","type-post","status-publish","format-standard","has-post-thumbnail","hentry","category-noticia","tag-brasil-caribe","tag-igreja"],"yoast_head":"<!-- This site is optimized with the Yoast SEO plugin v27.5 - https:\/\/yoast.com\/product\/yoast-seo-wordpress\/ -->\n<title>ROMARIA DOS M\u00c1RTIRES DA CAMINHADA \u2013 2016 - Hijas de Jes\u00fas<\/title>\n<meta name=\"robots\" content=\"index, follow, max-snippet:-1, max-image-preview:large, max-video-preview:-1\" \/>\n<link rel=\"canonical\" href=\"https:\/\/hijasdejesus.org\/pt-br\/romaria-dos-martires-da-caminhada-2016\/\" \/>\n<meta property=\"og:locale\" content=\"pt_BR\" \/>\n<meta property=\"og:type\" content=\"article\" \/>\n<meta property=\"og:title\" content=\"ROMARIA DOS M\u00c1RTIRES DA CAMINHADA \u2013 2016 - Hijas de Jes\u00fas\" \/>\n<meta property=\"og:description\" content=\"Ribeir\u00e3o Cascalheira \u2013 MT &#8211; 16 e 17 de Julho de 2016\u201cSonhadores e sonhadoras, Profetas e profetizas Testemunhas do Reino\u201d A Igreja de S\u00e3o F\u00e9lix do Araguaia, onde o suor e o sangue fecunda o ch\u00e3o, esteve em peregrina\u00e7\u00e3o, em caminhada. Nos dias 16 e 17 de julho de 2016, aconteceu na cidade de Ribeir\u00e3o [&hellip;]\" \/>\n<meta property=\"og:url\" content=\"https:\/\/hijasdejesus.org\/pt-br\/romaria-dos-martires-da-caminhada-2016\/\" \/>\n<meta property=\"og:site_name\" content=\"Hijas de Jes\u00fas\" \/>\n<meta property=\"article:publisher\" content=\"https:\/\/www.facebook.com\/hijasdejesusenelmundo\/\" \/>\n<meta property=\"article:published_time\" content=\"2016-07-26T19:30:31+00:00\" \/>\n<meta property=\"og:image\" content=\"https:\/\/hijasdejesus.org\/wp-content\/uploads\/2016\/07\/romariamartires20.jpg\" \/>\n\t<meta property=\"og:image:width\" content=\"960\" \/>\n\t<meta property=\"og:image:height\" content=\"640\" \/>\n\t<meta property=\"og:image:type\" content=\"image\/jpeg\" \/>\n<meta name=\"author\" content=\"Webmaster\" \/>\n<meta name=\"twitter:card\" content=\"summary_large_image\" \/>\n<meta name=\"twitter:creator\" content=\"@hijasdjesus\" \/>\n<meta name=\"twitter:site\" content=\"@hijasdjesus\" \/>\n<meta name=\"twitter:label1\" content=\"Escrito por\" \/>\n\t<meta name=\"twitter:data1\" content=\"Webmaster\" \/>\n\t<meta name=\"twitter:label2\" content=\"Est. tempo de leitura\" \/>\n\t<meta name=\"twitter:data2\" content=\"3 minutos\" \/>\n<script type=\"application\/ld+json\" class=\"yoast-schema-graph\">{\"@context\":\"https:\\\/\\\/schema.org\",\"@graph\":[{\"@type\":\"Article\",\"@id\":\"https:\\\/\\\/hijasdejesus.org\\\/pt-br\\\/romaria-dos-martires-da-caminhada-2016\\\/#article\",\"isPartOf\":{\"@id\":\"https:\\\/\\\/hijasdejesus.org\\\/pt-br\\\/romaria-dos-martires-da-caminhada-2016\\\/\"},\"author\":{\"name\":\"Webmaster\",\"@id\":\"https:\\\/\\\/hijasdejesus.org\\\/pt-br\\\/#\\\/schema\\\/person\\\/ce4455965da733f2791f23b6ec14e9b6\"},\"headline\":\"ROMARIA DOS M\u00c1RTIRES DA CAMINHADA \u2013 2016\",\"datePublished\":\"2016-07-26T19:30:31+00:00\",\"mainEntityOfPage\":{\"@id\":\"https:\\\/\\\/hijasdejesus.org\\\/pt-br\\\/romaria-dos-martires-da-caminhada-2016\\\/\"},\"wordCount\":678,\"publisher\":{\"@id\":\"https:\\\/\\\/hijasdejesus.org\\\/pt-br\\\/#organization\"},\"image\":{\"@id\":\"https:\\\/\\\/hijasdejesus.org\\\/pt-br\\\/romaria-dos-martires-da-caminhada-2016\\\/#primaryimage\"},\"thumbnailUrl\":\"https:\\\/\\\/hijasdejesus.org\\\/wp-content\\\/uploads\\\/2016\\\/07\\\/romariamartires20.jpg\",\"keywords\":[\"Brasil-Caribe\",\"Igreja\"],\"articleSection\":[\"Not\u00edcia\"],\"inLanguage\":\"pt-BR\"},{\"@type\":\"WebPage\",\"@id\":\"https:\\\/\\\/hijasdejesus.org\\\/pt-br\\\/romaria-dos-martires-da-caminhada-2016\\\/\",\"url\":\"https:\\\/\\\/hijasdejesus.org\\\/pt-br\\\/romaria-dos-martires-da-caminhada-2016\\\/\",\"name\":\"ROMARIA DOS M\u00c1RTIRES DA CAMINHADA \u2013 2016 - Hijas de Jes\u00fas\",\"isPartOf\":{\"@id\":\"https:\\\/\\\/hijasdejesus.org\\\/pt-br\\\/#website\"},\"primaryImageOfPage\":{\"@id\":\"https:\\\/\\\/hijasdejesus.org\\\/pt-br\\\/romaria-dos-martires-da-caminhada-2016\\\/#primaryimage\"},\"image\":{\"@id\":\"https:\\\/\\\/hijasdejesus.org\\\/pt-br\\\/romaria-dos-martires-da-caminhada-2016\\\/#primaryimage\"},\"thumbnailUrl\":\"https:\\\/\\\/hijasdejesus.org\\\/wp-content\\\/uploads\\\/2016\\\/07\\\/romariamartires20.jpg\",\"datePublished\":\"2016-07-26T19:30:31+00:00\",\"breadcrumb\":{\"@id\":\"https:\\\/\\\/hijasdejesus.org\\\/pt-br\\\/romaria-dos-martires-da-caminhada-2016\\\/#breadcrumb\"},\"inLanguage\":\"pt-BR\",\"potentialAction\":[{\"@type\":\"ReadAction\",\"target\":[\"https:\\\/\\\/hijasdejesus.org\\\/pt-br\\\/romaria-dos-martires-da-caminhada-2016\\\/\"]}]},{\"@type\":\"ImageObject\",\"inLanguage\":\"pt-BR\",\"@id\":\"https:\\\/\\\/hijasdejesus.org\\\/pt-br\\\/romaria-dos-martires-da-caminhada-2016\\\/#primaryimage\",\"url\":\"https:\\\/\\\/hijasdejesus.org\\\/wp-content\\\/uploads\\\/2016\\\/07\\\/romariamartires20.jpg\",\"contentUrl\":\"https:\\\/\\\/hijasdejesus.org\\\/wp-content\\\/uploads\\\/2016\\\/07\\\/romariamartires20.jpg\",\"width\":960,\"height\":640},{\"@type\":\"BreadcrumbList\",\"@id\":\"https:\\\/\\\/hijasdejesus.org\\\/pt-br\\\/romaria-dos-martires-da-caminhada-2016\\\/#breadcrumb\",\"itemListElement\":[{\"@type\":\"ListItem\",\"position\":1,\"name\":\"Portada\",\"item\":\"https:\\\/\\\/hijasdejesus.org\\\/pt-br\\\/\"},{\"@type\":\"ListItem\",\"position\":2,\"name\":\"ROMARIA DOS M\u00c1RTIRES DA CAMINHADA \u2013 2016\"}]},{\"@type\":\"WebSite\",\"@id\":\"https:\\\/\\\/hijasdejesus.org\\\/pt-br\\\/#website\",\"url\":\"https:\\\/\\\/hijasdejesus.org\\\/pt-br\\\/\",\"name\":\"Hijas de Jes\u00fas\",\"description\":\"Despertamos a Jes\u00fas en el coraz\u00f3n, sacando lo mejor de las personas. Somos una congregaci\u00f3n religiosa ignaciana fundada por la Madre Candida\",\"publisher\":{\"@id\":\"https:\\\/\\\/hijasdejesus.org\\\/pt-br\\\/#organization\"},\"potentialAction\":[{\"@type\":\"SearchAction\",\"target\":{\"@type\":\"EntryPoint\",\"urlTemplate\":\"https:\\\/\\\/hijasdejesus.org\\\/pt-br\\\/?s={search_term_string}\"},\"query-input\":{\"@type\":\"PropertyValueSpecification\",\"valueRequired\":true,\"valueName\":\"search_term_string\"}}],\"inLanguage\":\"pt-BR\"},{\"@type\":\"Organization\",\"@id\":\"https:\\\/\\\/hijasdejesus.org\\\/pt-br\\\/#organization\",\"name\":\"Hijas de Jes\u00fas\",\"url\":\"https:\\\/\\\/hijasdejesus.org\\\/pt-br\\\/\",\"logo\":{\"@type\":\"ImageObject\",\"inLanguage\":\"pt-BR\",\"@id\":\"https:\\\/\\\/hijasdejesus.org\\\/pt-br\\\/#\\\/schema\\\/logo\\\/image\\\/\",\"url\":\"https:\\\/\\\/hijasdejesus.org\\\/wp-content\\\/uploads\\\/2023\\\/01\\\/Hijas-de-Jesus_hor-A7C957.png\",\"contentUrl\":\"https:\\\/\\\/hijasdejesus.org\\\/wp-content\\\/uploads\\\/2023\\\/01\\\/Hijas-de-Jesus_hor-A7C957.png\",\"width\":700,\"height\":360,\"caption\":\"Hijas de Jes\u00fas\"},\"image\":{\"@id\":\"https:\\\/\\\/hijasdejesus.org\\\/pt-br\\\/#\\\/schema\\\/logo\\\/image\\\/\"},\"sameAs\":[\"https:\\\/\\\/www.facebook.com\\\/hijasdejesusenelmundo\\\/\",\"https:\\\/\\\/x.com\\\/hijasdjesus\"]},{\"@type\":\"Person\",\"@id\":\"https:\\\/\\\/hijasdejesus.org\\\/pt-br\\\/#\\\/schema\\\/person\\\/ce4455965da733f2791f23b6ec14e9b6\",\"name\":\"Webmaster\",\"image\":{\"@type\":\"ImageObject\",\"inLanguage\":\"pt-BR\",\"@id\":\"https:\\\/\\\/secure.gravatar.com\\\/avatar\\\/cfd0acaac86c3981d541d2e99a0ffb7b6d33a5ac8989a62f5518b9e0f7ee128a?s=96&d=mm&r=g\",\"url\":\"https:\\\/\\\/secure.gravatar.com\\\/avatar\\\/cfd0acaac86c3981d541d2e99a0ffb7b6d33a5ac8989a62f5518b9e0f7ee128a?s=96&d=mm&r=g\",\"contentUrl\":\"https:\\\/\\\/secure.gravatar.com\\\/avatar\\\/cfd0acaac86c3981d541d2e99a0ffb7b6d33a5ac8989a62f5518b9e0f7ee128a?s=96&d=mm&r=g\",\"caption\":\"Webmaster\"},\"url\":\"https:\\\/\\\/hijasdejesus.org\\\/pt-br\\\/author\\\/webmaster\\\/\"}]}<\/script>\n<!-- \/ Yoast SEO plugin. -->","yoast_head_json":{"title":"ROMARIA DOS M\u00c1RTIRES DA CAMINHADA \u2013 2016 - Hijas de Jes\u00fas","robots":{"index":"index","follow":"follow","max-snippet":"max-snippet:-1","max-image-preview":"max-image-preview:large","max-video-preview":"max-video-preview:-1"},"canonical":"https:\/\/hijasdejesus.org\/pt-br\/romaria-dos-martires-da-caminhada-2016\/","og_locale":"pt_BR","og_type":"article","og_title":"ROMARIA DOS M\u00c1RTIRES DA CAMINHADA \u2013 2016 - Hijas de Jes\u00fas","og_description":"Ribeir\u00e3o Cascalheira \u2013 MT &#8211; 16 e 17 de Julho de 2016\u201cSonhadores e sonhadoras, Profetas e profetizas Testemunhas do Reino\u201d A Igreja de S\u00e3o F\u00e9lix do Araguaia, onde o suor e o sangue fecunda o ch\u00e3o, esteve em peregrina\u00e7\u00e3o, em caminhada. Nos dias 16 e 17 de julho de 2016, aconteceu na cidade de Ribeir\u00e3o [&hellip;]","og_url":"https:\/\/hijasdejesus.org\/pt-br\/romaria-dos-martires-da-caminhada-2016\/","og_site_name":"Hijas de Jes\u00fas","article_publisher":"https:\/\/www.facebook.com\/hijasdejesusenelmundo\/","article_published_time":"2016-07-26T19:30:31+00:00","og_image":[{"width":960,"height":640,"url":"https:\/\/hijasdejesus.org\/wp-content\/uploads\/2016\/07\/romariamartires20.jpg","type":"image\/jpeg"}],"author":"Webmaster","twitter_card":"summary_large_image","twitter_creator":"@hijasdjesus","twitter_site":"@hijasdjesus","twitter_misc":{"Escrito por":"Webmaster","Est. tempo de leitura":"3 minutos"},"schema":{"@context":"https:\/\/schema.org","@graph":[{"@type":"Article","@id":"https:\/\/hijasdejesus.org\/pt-br\/romaria-dos-martires-da-caminhada-2016\/#article","isPartOf":{"@id":"https:\/\/hijasdejesus.org\/pt-br\/romaria-dos-martires-da-caminhada-2016\/"},"author":{"name":"Webmaster","@id":"https:\/\/hijasdejesus.org\/pt-br\/#\/schema\/person\/ce4455965da733f2791f23b6ec14e9b6"},"headline":"ROMARIA DOS M\u00c1RTIRES DA CAMINHADA \u2013 2016","datePublished":"2016-07-26T19:30:31+00:00","mainEntityOfPage":{"@id":"https:\/\/hijasdejesus.org\/pt-br\/romaria-dos-martires-da-caminhada-2016\/"},"wordCount":678,"publisher":{"@id":"https:\/\/hijasdejesus.org\/pt-br\/#organization"},"image":{"@id":"https:\/\/hijasdejesus.org\/pt-br\/romaria-dos-martires-da-caminhada-2016\/#primaryimage"},"thumbnailUrl":"https:\/\/hijasdejesus.org\/wp-content\/uploads\/2016\/07\/romariamartires20.jpg","keywords":["Brasil-Caribe","Igreja"],"articleSection":["Not\u00edcia"],"inLanguage":"pt-BR"},{"@type":"WebPage","@id":"https:\/\/hijasdejesus.org\/pt-br\/romaria-dos-martires-da-caminhada-2016\/","url":"https:\/\/hijasdejesus.org\/pt-br\/romaria-dos-martires-da-caminhada-2016\/","name":"ROMARIA DOS M\u00c1RTIRES DA CAMINHADA \u2013 2016 - Hijas de Jes\u00fas","isPartOf":{"@id":"https:\/\/hijasdejesus.org\/pt-br\/#website"},"primaryImageOfPage":{"@id":"https:\/\/hijasdejesus.org\/pt-br\/romaria-dos-martires-da-caminhada-2016\/#primaryimage"},"image":{"@id":"https:\/\/hijasdejesus.org\/pt-br\/romaria-dos-martires-da-caminhada-2016\/#primaryimage"},"thumbnailUrl":"https:\/\/hijasdejesus.org\/wp-content\/uploads\/2016\/07\/romariamartires20.jpg","datePublished":"2016-07-26T19:30:31+00:00","breadcrumb":{"@id":"https:\/\/hijasdejesus.org\/pt-br\/romaria-dos-martires-da-caminhada-2016\/#breadcrumb"},"inLanguage":"pt-BR","potentialAction":[{"@type":"ReadAction","target":["https:\/\/hijasdejesus.org\/pt-br\/romaria-dos-martires-da-caminhada-2016\/"]}]},{"@type":"ImageObject","inLanguage":"pt-BR","@id":"https:\/\/hijasdejesus.org\/pt-br\/romaria-dos-martires-da-caminhada-2016\/#primaryimage","url":"https:\/\/hijasdejesus.org\/wp-content\/uploads\/2016\/07\/romariamartires20.jpg","contentUrl":"https:\/\/hijasdejesus.org\/wp-content\/uploads\/2016\/07\/romariamartires20.jpg","width":960,"height":640},{"@type":"BreadcrumbList","@id":"https:\/\/hijasdejesus.org\/pt-br\/romaria-dos-martires-da-caminhada-2016\/#breadcrumb","itemListElement":[{"@type":"ListItem","position":1,"name":"Portada","item":"https:\/\/hijasdejesus.org\/pt-br\/"},{"@type":"ListItem","position":2,"name":"ROMARIA DOS M\u00c1RTIRES DA CAMINHADA \u2013 2016"}]},{"@type":"WebSite","@id":"https:\/\/hijasdejesus.org\/pt-br\/#website","url":"https:\/\/hijasdejesus.org\/pt-br\/","name":"Hijas de Jes\u00fas","description":"Despertamos a Jes\u00fas en el coraz\u00f3n, sacando lo mejor de las personas. Somos una congregaci\u00f3n religiosa ignaciana fundada por la Madre Candida","publisher":{"@id":"https:\/\/hijasdejesus.org\/pt-br\/#organization"},"potentialAction":[{"@type":"SearchAction","target":{"@type":"EntryPoint","urlTemplate":"https:\/\/hijasdejesus.org\/pt-br\/?s={search_term_string}"},"query-input":{"@type":"PropertyValueSpecification","valueRequired":true,"valueName":"search_term_string"}}],"inLanguage":"pt-BR"},{"@type":"Organization","@id":"https:\/\/hijasdejesus.org\/pt-br\/#organization","name":"Hijas de Jes\u00fas","url":"https:\/\/hijasdejesus.org\/pt-br\/","logo":{"@type":"ImageObject","inLanguage":"pt-BR","@id":"https:\/\/hijasdejesus.org\/pt-br\/#\/schema\/logo\/image\/","url":"https:\/\/hijasdejesus.org\/wp-content\/uploads\/2023\/01\/Hijas-de-Jesus_hor-A7C957.png","contentUrl":"https:\/\/hijasdejesus.org\/wp-content\/uploads\/2023\/01\/Hijas-de-Jesus_hor-A7C957.png","width":700,"height":360,"caption":"Hijas de Jes\u00fas"},"image":{"@id":"https:\/\/hijasdejesus.org\/pt-br\/#\/schema\/logo\/image\/"},"sameAs":["https:\/\/www.facebook.com\/hijasdejesusenelmundo\/","https:\/\/x.com\/hijasdjesus"]},{"@type":"Person","@id":"https:\/\/hijasdejesus.org\/pt-br\/#\/schema\/person\/ce4455965da733f2791f23b6ec14e9b6","name":"Webmaster","image":{"@type":"ImageObject","inLanguage":"pt-BR","@id":"https:\/\/secure.gravatar.com\/avatar\/cfd0acaac86c3981d541d2e99a0ffb7b6d33a5ac8989a62f5518b9e0f7ee128a?s=96&d=mm&r=g","url":"https:\/\/secure.gravatar.com\/avatar\/cfd0acaac86c3981d541d2e99a0ffb7b6d33a5ac8989a62f5518b9e0f7ee128a?s=96&d=mm&r=g","contentUrl":"https:\/\/secure.gravatar.com\/avatar\/cfd0acaac86c3981d541d2e99a0ffb7b6d33a5ac8989a62f5518b9e0f7ee128a?s=96&d=mm&r=g","caption":"Webmaster"},"url":"https:\/\/hijasdejesus.org\/pt-br\/author\/webmaster\/"}]}},"_links":{"self":[{"href":"https:\/\/hijasdejesus.org\/pt-br\/wp-json\/wp\/v2\/posts\/27756","targetHints":{"allow":["GET"]}}],"collection":[{"href":"https:\/\/hijasdejesus.org\/pt-br\/wp-json\/wp\/v2\/posts"}],"about":[{"href":"https:\/\/hijasdejesus.org\/pt-br\/wp-json\/wp\/v2\/types\/post"}],"author":[{"embeddable":true,"href":"https:\/\/hijasdejesus.org\/pt-br\/wp-json\/wp\/v2\/users\/28"}],"replies":[{"embeddable":true,"href":"https:\/\/hijasdejesus.org\/pt-br\/wp-json\/wp\/v2\/comments?post=27756"}],"version-history":[{"count":0,"href":"https:\/\/hijasdejesus.org\/pt-br\/wp-json\/wp\/v2\/posts\/27756\/revisions"}],"wp:featuredmedia":[{"embeddable":true,"href":"https:\/\/hijasdejesus.org\/pt-br\/wp-json\/wp\/v2\/media\/7468"}],"wp:attachment":[{"href":"https:\/\/hijasdejesus.org\/pt-br\/wp-json\/wp\/v2\/media?parent=27756"}],"wp:term":[{"taxonomy":"category","embeddable":true,"href":"https:\/\/hijasdejesus.org\/pt-br\/wp-json\/wp\/v2\/categories?post=27756"},{"taxonomy":"post_tag","embeddable":true,"href":"https:\/\/hijasdejesus.org\/pt-br\/wp-json\/wp\/v2\/tags?post=27756"}],"curies":[{"name":"wp","href":"https:\/\/api.w.org\/{rel}","templated":true}]}}