{"id":27901,"date":"2016-10-04T11:18:14","date_gmt":"2016-10-04T09:18:14","guid":{"rendered":"https:\/\/nueva.hijasdejesus.org\/o-centro-magis-de-fortaleza-acolhe-com-alegria-a-presenca-das-filhas-de-jesus\/"},"modified":"2016-10-04T11:18:14","modified_gmt":"2016-10-04T09:18:14","slug":"o-centro-magis-de-fortaleza-acolhe-com-alegria-a-presenca-das-filhas-de-jesus","status":"publish","type":"post","link":"https:\/\/hijasdejesus.org\/pt-br\/o-centro-magis-de-fortaleza-acolhe-com-alegria-a-presenca-das-filhas-de-jesus\/","title":{"rendered":"O Centro Magis de Fortaleza acolhe com alegria a presen\u00e7a das Filhas de Jesus"},"content":{"rendered":"<p>O Centro Magis de Fortaleza acolhe com alegria a presen\u00e7a das Filhas de Jesus, congrega\u00e7\u00e3o religiosa que est\u00e1 presente em dezessete pa\u00edses e que desde junho de 2016 abra\u00e7ou a capital cearense como miss\u00e3o. Residentes no bairro Montese, as religiosas est\u00e3o animadas com o novo desafio e afirmaram seu compromisso, entusiasmo e disponibilidade no amor e servi\u00e7o junto \u00e0s juventudes.<br \/>Com o projeto comum de colaborar na forma\u00e7\u00e3o e acompanhamento dos (as) jovens, o Centro Magis Fortaleza e as Filhas de Jesus est\u00e3o dando passos para a constru\u00e7\u00e3o de uma prof\u00edcua parceria, base imprescind\u00edvel para o t\u00e3o sonhado trabalho em rede.<\/p>\n<p><img loading=\"lazy\" decoding=\"async\" class=\" size-full wp-image-7812\" style=\"display: block; margin-left: auto; margin-right: auto;\" src=\"https:\/\/hijasdejesus.org\/wp-content\/uploads\/2016\/10\/fortaleza_magis2.jpg\" alt=\"\" width=\"320\" height=\"180\" srcset=\"https:\/\/hijasdejesus.org\/wp-content\/uploads\/2016\/10\/fortaleza_magis2.jpg 320w, https:\/\/hijasdejesus.org\/wp-content\/uploads\/2016\/10\/fortaleza_magis2-300x169.jpg 300w\" sizes=\"(max-width: 320px) 100vw, 320px\" \/><\/p>\n","protected":false},"excerpt":{"rendered":"<p>O Centro Magis de Fortaleza acolhe com alegria a presen\u00e7a das Filhas de Jesus, congrega\u00e7\u00e3o religiosa que est\u00e1 presente em dezessete pa\u00edses e que desde junho de 2016 abra\u00e7ou a capital cearense como miss\u00e3o. Residentes no bairro Montese, as religiosas est\u00e3o animadas com o novo desafio e afirmaram seu compromisso, entusiasmo e disponibilidade no amor [&hellip;]<\/p>\n","protected":false},"author":28,"featured_media":7810,"comment_status":"","ping_status":"closed","sticky":false,"template":"","format":"standard","meta":{"_et_pb_use_builder":"","_et_pb_old_content":"","_et_gb_content_width":"","footnotes":"","_links_to":"","_links_to_target":""},"categories":[507,529],"tags":[432],"class_list":["post-27901","post","type-post","status-publish","format-standard","has-post-thumbnail","hentry","category-brasil-caribe-pt-br","category-hijas-de-jesus-pt-br","tag-brasil-caribe"],"yoast_head":"<!-- This site is optimized with the Yoast SEO plugin v27.5 - https:\/\/yoast.com\/product\/yoast-seo-wordpress\/ -->\n<title>O Centro Magis de Fortaleza acolhe com alegria a presen\u00e7a das Filhas de Jesus - Hijas de Jes\u00fas<\/title>\n<meta name=\"robots\" content=\"index, follow, max-snippet:-1, max-image-preview:large, max-video-preview:-1\" \/>\n<link rel=\"canonical\" href=\"https:\/\/hijasdejesus.org\/pt-br\/o-centro-magis-de-fortaleza-acolhe-com-alegria-a-presenca-das-filhas-de-jesus\/\" \/>\n<meta property=\"og:locale\" content=\"pt_BR\" \/>\n<meta property=\"og:type\" content=\"article\" \/>\n<meta property=\"og:title\" content=\"O Centro Magis de Fortaleza acolhe com alegria a presen\u00e7a das Filhas de Jesus - Hijas de Jes\u00fas\" \/>\n<meta property=\"og:description\" content=\"O Centro Magis de Fortaleza acolhe com alegria a presen\u00e7a das Filhas de Jesus, congrega\u00e7\u00e3o religiosa que est\u00e1 presente em dezessete pa\u00edses e que desde junho de 2016 abra\u00e7ou a capital cearense como miss\u00e3o. Residentes no bairro Montese, as religiosas est\u00e3o animadas com o novo desafio e afirmaram seu compromisso, entusiasmo e disponibilidade no amor [&hellip;]\" \/>\n<meta property=\"og:url\" content=\"https:\/\/hijasdejesus.org\/pt-br\/o-centro-magis-de-fortaleza-acolhe-com-alegria-a-presenca-das-filhas-de-jesus\/\" \/>\n<meta property=\"og:site_name\" content=\"Hijas de Jes\u00fas\" \/>\n<meta property=\"article:publisher\" content=\"https:\/\/www.facebook.com\/hijasdejesusenelmundo\/\" \/>\n<meta property=\"article:published_time\" content=\"2016-10-04T09:18:14+00:00\" \/>\n<meta property=\"og:image\" content=\"https:\/\/hijasdejesus.org\/wp-content\/uploads\/2016\/10\/fortaleza_magis.jpg\" \/>\n\t<meta property=\"og:image:width\" content=\"1200\" \/>\n\t<meta property=\"og:image:height\" content=\"850\" \/>\n\t<meta property=\"og:image:type\" content=\"image\/jpeg\" \/>\n<meta name=\"author\" content=\"Webmaster\" \/>\n<meta name=\"twitter:card\" content=\"summary_large_image\" \/>\n<meta name=\"twitter:creator\" content=\"@hijasdjesus\" \/>\n<meta name=\"twitter:site\" content=\"@hijasdjesus\" \/>\n<meta name=\"twitter:label1\" content=\"Escrito por\" \/>\n\t<meta name=\"twitter:data1\" content=\"Webmaster\" \/>\n\t<meta name=\"twitter:label2\" content=\"Est. tempo de leitura\" \/>\n\t<meta name=\"twitter:data2\" content=\"1 minuto\" \/>\n<script type=\"application\/ld+json\" class=\"yoast-schema-graph\">{\"@context\":\"https:\\\/\\\/schema.org\",\"@graph\":[{\"@type\":\"Article\",\"@id\":\"https:\\\/\\\/hijasdejesus.org\\\/pt-br\\\/o-centro-magis-de-fortaleza-acolhe-com-alegria-a-presenca-das-filhas-de-jesus\\\/#article\",\"isPartOf\":{\"@id\":\"https:\\\/\\\/hijasdejesus.org\\\/pt-br\\\/o-centro-magis-de-fortaleza-acolhe-com-alegria-a-presenca-das-filhas-de-jesus\\\/\"},\"author\":{\"name\":\"Webmaster\",\"@id\":\"https:\\\/\\\/hijasdejesus.org\\\/pt-br\\\/#\\\/schema\\\/person\\\/ce4455965da733f2791f23b6ec14e9b6\"},\"headline\":\"O Centro Magis de Fortaleza acolhe com alegria a presen\u00e7a das Filhas de Jesus\",\"datePublished\":\"2016-10-04T09:18:14+00:00\",\"mainEntityOfPage\":{\"@id\":\"https:\\\/\\\/hijasdejesus.org\\\/pt-br\\\/o-centro-magis-de-fortaleza-acolhe-com-alegria-a-presenca-das-filhas-de-jesus\\\/\"},\"wordCount\":128,\"publisher\":{\"@id\":\"https:\\\/\\\/hijasdejesus.org\\\/pt-br\\\/#organization\"},\"image\":{\"@id\":\"https:\\\/\\\/hijasdejesus.org\\\/pt-br\\\/o-centro-magis-de-fortaleza-acolhe-com-alegria-a-presenca-das-filhas-de-jesus\\\/#primaryimage\"},\"thumbnailUrl\":\"https:\\\/\\\/hijasdejesus.org\\\/wp-content\\\/uploads\\\/2016\\\/10\\\/fortaleza_magis.jpg\",\"keywords\":[\"Brasil-Caribe\"],\"articleSection\":[\"Brasil-Caribe\",\"Hijas de Jes\u00fas\"],\"inLanguage\":\"pt-BR\"},{\"@type\":\"WebPage\",\"@id\":\"https:\\\/\\\/hijasdejesus.org\\\/pt-br\\\/o-centro-magis-de-fortaleza-acolhe-com-alegria-a-presenca-das-filhas-de-jesus\\\/\",\"url\":\"https:\\\/\\\/hijasdejesus.org\\\/pt-br\\\/o-centro-magis-de-fortaleza-acolhe-com-alegria-a-presenca-das-filhas-de-jesus\\\/\",\"name\":\"O Centro Magis de Fortaleza acolhe com alegria a presen\u00e7a das Filhas de Jesus - Hijas de Jes\u00fas\",\"isPartOf\":{\"@id\":\"https:\\\/\\\/hijasdejesus.org\\\/pt-br\\\/#website\"},\"primaryImageOfPage\":{\"@id\":\"https:\\\/\\\/hijasdejesus.org\\\/pt-br\\\/o-centro-magis-de-fortaleza-acolhe-com-alegria-a-presenca-das-filhas-de-jesus\\\/#primaryimage\"},\"image\":{\"@id\":\"https:\\\/\\\/hijasdejesus.org\\\/pt-br\\\/o-centro-magis-de-fortaleza-acolhe-com-alegria-a-presenca-das-filhas-de-jesus\\\/#primaryimage\"},\"thumbnailUrl\":\"https:\\\/\\\/hijasdejesus.org\\\/wp-content\\\/uploads\\\/2016\\\/10\\\/fortaleza_magis.jpg\",\"datePublished\":\"2016-10-04T09:18:14+00:00\",\"breadcrumb\":{\"@id\":\"https:\\\/\\\/hijasdejesus.org\\\/pt-br\\\/o-centro-magis-de-fortaleza-acolhe-com-alegria-a-presenca-das-filhas-de-jesus\\\/#breadcrumb\"},\"inLanguage\":\"pt-BR\",\"potentialAction\":[{\"@type\":\"ReadAction\",\"target\":[\"https:\\\/\\\/hijasdejesus.org\\\/pt-br\\\/o-centro-magis-de-fortaleza-acolhe-com-alegria-a-presenca-das-filhas-de-jesus\\\/\"]}]},{\"@type\":\"ImageObject\",\"inLanguage\":\"pt-BR\",\"@id\":\"https:\\\/\\\/hijasdejesus.org\\\/pt-br\\\/o-centro-magis-de-fortaleza-acolhe-com-alegria-a-presenca-das-filhas-de-jesus\\\/#primaryimage\",\"url\":\"https:\\\/\\\/hijasdejesus.org\\\/wp-content\\\/uploads\\\/2016\\\/10\\\/fortaleza_magis.jpg\",\"contentUrl\":\"https:\\\/\\\/hijasdejesus.org\\\/wp-content\\\/uploads\\\/2016\\\/10\\\/fortaleza_magis.jpg\",\"width\":1200,\"height\":850},{\"@type\":\"BreadcrumbList\",\"@id\":\"https:\\\/\\\/hijasdejesus.org\\\/pt-br\\\/o-centro-magis-de-fortaleza-acolhe-com-alegria-a-presenca-das-filhas-de-jesus\\\/#breadcrumb\",\"itemListElement\":[{\"@type\":\"ListItem\",\"position\":1,\"name\":\"Portada\",\"item\":\"https:\\\/\\\/hijasdejesus.org\\\/pt-br\\\/\"},{\"@type\":\"ListItem\",\"position\":2,\"name\":\"O Centro Magis de Fortaleza acolhe com alegria a presen\u00e7a das Filhas de Jesus\"}]},{\"@type\":\"WebSite\",\"@id\":\"https:\\\/\\\/hijasdejesus.org\\\/pt-br\\\/#website\",\"url\":\"https:\\\/\\\/hijasdejesus.org\\\/pt-br\\\/\",\"name\":\"Hijas de Jes\u00fas\",\"description\":\"Despertamos a Jes\u00fas en el coraz\u00f3n, sacando lo mejor de las personas. Somos una congregaci\u00f3n religiosa ignaciana fundada por la Madre Candida\",\"publisher\":{\"@id\":\"https:\\\/\\\/hijasdejesus.org\\\/pt-br\\\/#organization\"},\"potentialAction\":[{\"@type\":\"SearchAction\",\"target\":{\"@type\":\"EntryPoint\",\"urlTemplate\":\"https:\\\/\\\/hijasdejesus.org\\\/pt-br\\\/?s={search_term_string}\"},\"query-input\":{\"@type\":\"PropertyValueSpecification\",\"valueRequired\":true,\"valueName\":\"search_term_string\"}}],\"inLanguage\":\"pt-BR\"},{\"@type\":\"Organization\",\"@id\":\"https:\\\/\\\/hijasdejesus.org\\\/pt-br\\\/#organization\",\"name\":\"Hijas de Jes\u00fas\",\"url\":\"https:\\\/\\\/hijasdejesus.org\\\/pt-br\\\/\",\"logo\":{\"@type\":\"ImageObject\",\"inLanguage\":\"pt-BR\",\"@id\":\"https:\\\/\\\/hijasdejesus.org\\\/pt-br\\\/#\\\/schema\\\/logo\\\/image\\\/\",\"url\":\"https:\\\/\\\/hijasdejesus.org\\\/wp-content\\\/uploads\\\/2023\\\/01\\\/Hijas-de-Jesus_hor-A7C957.png\",\"contentUrl\":\"https:\\\/\\\/hijasdejesus.org\\\/wp-content\\\/uploads\\\/2023\\\/01\\\/Hijas-de-Jesus_hor-A7C957.png\",\"width\":700,\"height\":360,\"caption\":\"Hijas de Jes\u00fas\"},\"image\":{\"@id\":\"https:\\\/\\\/hijasdejesus.org\\\/pt-br\\\/#\\\/schema\\\/logo\\\/image\\\/\"},\"sameAs\":[\"https:\\\/\\\/www.facebook.com\\\/hijasdejesusenelmundo\\\/\",\"https:\\\/\\\/x.com\\\/hijasdjesus\"]},{\"@type\":\"Person\",\"@id\":\"https:\\\/\\\/hijasdejesus.org\\\/pt-br\\\/#\\\/schema\\\/person\\\/ce4455965da733f2791f23b6ec14e9b6\",\"name\":\"Webmaster\",\"image\":{\"@type\":\"ImageObject\",\"inLanguage\":\"pt-BR\",\"@id\":\"https:\\\/\\\/secure.gravatar.com\\\/avatar\\\/cfd0acaac86c3981d541d2e99a0ffb7b6d33a5ac8989a62f5518b9e0f7ee128a?s=96&d=mm&r=g\",\"url\":\"https:\\\/\\\/secure.gravatar.com\\\/avatar\\\/cfd0acaac86c3981d541d2e99a0ffb7b6d33a5ac8989a62f5518b9e0f7ee128a?s=96&d=mm&r=g\",\"contentUrl\":\"https:\\\/\\\/secure.gravatar.com\\\/avatar\\\/cfd0acaac86c3981d541d2e99a0ffb7b6d33a5ac8989a62f5518b9e0f7ee128a?s=96&d=mm&r=g\",\"caption\":\"Webmaster\"},\"url\":\"https:\\\/\\\/hijasdejesus.org\\\/pt-br\\\/author\\\/webmaster\\\/\"}]}<\/script>\n<!-- \/ Yoast SEO plugin. -->","yoast_head_json":{"title":"O Centro Magis de Fortaleza acolhe com alegria a presen\u00e7a das Filhas de Jesus - Hijas de Jes\u00fas","robots":{"index":"index","follow":"follow","max-snippet":"max-snippet:-1","max-image-preview":"max-image-preview:large","max-video-preview":"max-video-preview:-1"},"canonical":"https:\/\/hijasdejesus.org\/pt-br\/o-centro-magis-de-fortaleza-acolhe-com-alegria-a-presenca-das-filhas-de-jesus\/","og_locale":"pt_BR","og_type":"article","og_title":"O Centro Magis de Fortaleza acolhe com alegria a presen\u00e7a das Filhas de Jesus - Hijas de Jes\u00fas","og_description":"O Centro Magis de Fortaleza acolhe com alegria a presen\u00e7a das Filhas de Jesus, congrega\u00e7\u00e3o religiosa que est\u00e1 presente em dezessete pa\u00edses e que desde junho de 2016 abra\u00e7ou a capital cearense como miss\u00e3o. Residentes no bairro Montese, as religiosas est\u00e3o animadas com o novo desafio e afirmaram seu compromisso, entusiasmo e disponibilidade no amor [&hellip;]","og_url":"https:\/\/hijasdejesus.org\/pt-br\/o-centro-magis-de-fortaleza-acolhe-com-alegria-a-presenca-das-filhas-de-jesus\/","og_site_name":"Hijas de Jes\u00fas","article_publisher":"https:\/\/www.facebook.com\/hijasdejesusenelmundo\/","article_published_time":"2016-10-04T09:18:14+00:00","og_image":[{"width":1200,"height":850,"url":"https:\/\/hijasdejesus.org\/wp-content\/uploads\/2016\/10\/fortaleza_magis.jpg","type":"image\/jpeg"}],"author":"Webmaster","twitter_card":"summary_large_image","twitter_creator":"@hijasdjesus","twitter_site":"@hijasdjesus","twitter_misc":{"Escrito por":"Webmaster","Est. tempo de leitura":"1 minuto"},"schema":{"@context":"https:\/\/schema.org","@graph":[{"@type":"Article","@id":"https:\/\/hijasdejesus.org\/pt-br\/o-centro-magis-de-fortaleza-acolhe-com-alegria-a-presenca-das-filhas-de-jesus\/#article","isPartOf":{"@id":"https:\/\/hijasdejesus.org\/pt-br\/o-centro-magis-de-fortaleza-acolhe-com-alegria-a-presenca-das-filhas-de-jesus\/"},"author":{"name":"Webmaster","@id":"https:\/\/hijasdejesus.org\/pt-br\/#\/schema\/person\/ce4455965da733f2791f23b6ec14e9b6"},"headline":"O Centro Magis de Fortaleza acolhe com alegria a presen\u00e7a das Filhas de Jesus","datePublished":"2016-10-04T09:18:14+00:00","mainEntityOfPage":{"@id":"https:\/\/hijasdejesus.org\/pt-br\/o-centro-magis-de-fortaleza-acolhe-com-alegria-a-presenca-das-filhas-de-jesus\/"},"wordCount":128,"publisher":{"@id":"https:\/\/hijasdejesus.org\/pt-br\/#organization"},"image":{"@id":"https:\/\/hijasdejesus.org\/pt-br\/o-centro-magis-de-fortaleza-acolhe-com-alegria-a-presenca-das-filhas-de-jesus\/#primaryimage"},"thumbnailUrl":"https:\/\/hijasdejesus.org\/wp-content\/uploads\/2016\/10\/fortaleza_magis.jpg","keywords":["Brasil-Caribe"],"articleSection":["Brasil-Caribe","Hijas de Jes\u00fas"],"inLanguage":"pt-BR"},{"@type":"WebPage","@id":"https:\/\/hijasdejesus.org\/pt-br\/o-centro-magis-de-fortaleza-acolhe-com-alegria-a-presenca-das-filhas-de-jesus\/","url":"https:\/\/hijasdejesus.org\/pt-br\/o-centro-magis-de-fortaleza-acolhe-com-alegria-a-presenca-das-filhas-de-jesus\/","name":"O Centro Magis de Fortaleza acolhe com alegria a presen\u00e7a das Filhas de Jesus - Hijas de Jes\u00fas","isPartOf":{"@id":"https:\/\/hijasdejesus.org\/pt-br\/#website"},"primaryImageOfPage":{"@id":"https:\/\/hijasdejesus.org\/pt-br\/o-centro-magis-de-fortaleza-acolhe-com-alegria-a-presenca-das-filhas-de-jesus\/#primaryimage"},"image":{"@id":"https:\/\/hijasdejesus.org\/pt-br\/o-centro-magis-de-fortaleza-acolhe-com-alegria-a-presenca-das-filhas-de-jesus\/#primaryimage"},"thumbnailUrl":"https:\/\/hijasdejesus.org\/wp-content\/uploads\/2016\/10\/fortaleza_magis.jpg","datePublished":"2016-10-04T09:18:14+00:00","breadcrumb":{"@id":"https:\/\/hijasdejesus.org\/pt-br\/o-centro-magis-de-fortaleza-acolhe-com-alegria-a-presenca-das-filhas-de-jesus\/#breadcrumb"},"inLanguage":"pt-BR","potentialAction":[{"@type":"ReadAction","target":["https:\/\/hijasdejesus.org\/pt-br\/o-centro-magis-de-fortaleza-acolhe-com-alegria-a-presenca-das-filhas-de-jesus\/"]}]},{"@type":"ImageObject","inLanguage":"pt-BR","@id":"https:\/\/hijasdejesus.org\/pt-br\/o-centro-magis-de-fortaleza-acolhe-com-alegria-a-presenca-das-filhas-de-jesus\/#primaryimage","url":"https:\/\/hijasdejesus.org\/wp-content\/uploads\/2016\/10\/fortaleza_magis.jpg","contentUrl":"https:\/\/hijasdejesus.org\/wp-content\/uploads\/2016\/10\/fortaleza_magis.jpg","width":1200,"height":850},{"@type":"BreadcrumbList","@id":"https:\/\/hijasdejesus.org\/pt-br\/o-centro-magis-de-fortaleza-acolhe-com-alegria-a-presenca-das-filhas-de-jesus\/#breadcrumb","itemListElement":[{"@type":"ListItem","position":1,"name":"Portada","item":"https:\/\/hijasdejesus.org\/pt-br\/"},{"@type":"ListItem","position":2,"name":"O Centro Magis de Fortaleza acolhe com alegria a presen\u00e7a das Filhas de Jesus"}]},{"@type":"WebSite","@id":"https:\/\/hijasdejesus.org\/pt-br\/#website","url":"https:\/\/hijasdejesus.org\/pt-br\/","name":"Hijas de Jes\u00fas","description":"Despertamos a Jes\u00fas en el coraz\u00f3n, sacando lo mejor de las personas. Somos una congregaci\u00f3n religiosa ignaciana fundada por la Madre Candida","publisher":{"@id":"https:\/\/hijasdejesus.org\/pt-br\/#organization"},"potentialAction":[{"@type":"SearchAction","target":{"@type":"EntryPoint","urlTemplate":"https:\/\/hijasdejesus.org\/pt-br\/?s={search_term_string}"},"query-input":{"@type":"PropertyValueSpecification","valueRequired":true,"valueName":"search_term_string"}}],"inLanguage":"pt-BR"},{"@type":"Organization","@id":"https:\/\/hijasdejesus.org\/pt-br\/#organization","name":"Hijas de Jes\u00fas","url":"https:\/\/hijasdejesus.org\/pt-br\/","logo":{"@type":"ImageObject","inLanguage":"pt-BR","@id":"https:\/\/hijasdejesus.org\/pt-br\/#\/schema\/logo\/image\/","url":"https:\/\/hijasdejesus.org\/wp-content\/uploads\/2023\/01\/Hijas-de-Jesus_hor-A7C957.png","contentUrl":"https:\/\/hijasdejesus.org\/wp-content\/uploads\/2023\/01\/Hijas-de-Jesus_hor-A7C957.png","width":700,"height":360,"caption":"Hijas de Jes\u00fas"},"image":{"@id":"https:\/\/hijasdejesus.org\/pt-br\/#\/schema\/logo\/image\/"},"sameAs":["https:\/\/www.facebook.com\/hijasdejesusenelmundo\/","https:\/\/x.com\/hijasdjesus"]},{"@type":"Person","@id":"https:\/\/hijasdejesus.org\/pt-br\/#\/schema\/person\/ce4455965da733f2791f23b6ec14e9b6","name":"Webmaster","image":{"@type":"ImageObject","inLanguage":"pt-BR","@id":"https:\/\/secure.gravatar.com\/avatar\/cfd0acaac86c3981d541d2e99a0ffb7b6d33a5ac8989a62f5518b9e0f7ee128a?s=96&d=mm&r=g","url":"https:\/\/secure.gravatar.com\/avatar\/cfd0acaac86c3981d541d2e99a0ffb7b6d33a5ac8989a62f5518b9e0f7ee128a?s=96&d=mm&r=g","contentUrl":"https:\/\/secure.gravatar.com\/avatar\/cfd0acaac86c3981d541d2e99a0ffb7b6d33a5ac8989a62f5518b9e0f7ee128a?s=96&d=mm&r=g","caption":"Webmaster"},"url":"https:\/\/hijasdejesus.org\/pt-br\/author\/webmaster\/"}]}},"_links":{"self":[{"href":"https:\/\/hijasdejesus.org\/pt-br\/wp-json\/wp\/v2\/posts\/27901","targetHints":{"allow":["GET"]}}],"collection":[{"href":"https:\/\/hijasdejesus.org\/pt-br\/wp-json\/wp\/v2\/posts"}],"about":[{"href":"https:\/\/hijasdejesus.org\/pt-br\/wp-json\/wp\/v2\/types\/post"}],"author":[{"embeddable":true,"href":"https:\/\/hijasdejesus.org\/pt-br\/wp-json\/wp\/v2\/users\/28"}],"replies":[{"embeddable":true,"href":"https:\/\/hijasdejesus.org\/pt-br\/wp-json\/wp\/v2\/comments?post=27901"}],"version-history":[{"count":0,"href":"https:\/\/hijasdejesus.org\/pt-br\/wp-json\/wp\/v2\/posts\/27901\/revisions"}],"wp:featuredmedia":[{"embeddable":true,"href":"https:\/\/hijasdejesus.org\/pt-br\/wp-json\/wp\/v2\/media\/7810"}],"wp:attachment":[{"href":"https:\/\/hijasdejesus.org\/pt-br\/wp-json\/wp\/v2\/media?parent=27901"}],"wp:term":[{"taxonomy":"category","embeddable":true,"href":"https:\/\/hijasdejesus.org\/pt-br\/wp-json\/wp\/v2\/categories?post=27901"},{"taxonomy":"post_tag","embeddable":true,"href":"https:\/\/hijasdejesus.org\/pt-br\/wp-json\/wp\/v2\/tags?post=27901"}],"curies":[{"name":"wp","href":"https:\/\/api.w.org\/{rel}","templated":true}]}}