{"id":27977,"date":"2016-10-31T10:40:55","date_gmt":"2016-10-31T09:40:55","guid":{"rendered":"https:\/\/nueva.hijasdejesus.org\/dialogando-sobre-o-nivel-local-a-missao-compartilhada-a-formacao-e-a-pastoral-juvenil-vocacional\/"},"modified":"2016-11-02T17:39:17","modified_gmt":"2016-11-02T16:39:17","slug":"dialogando-sobre-o-nivel-local-a-missao-compartilhada-a-formacao-e-a-pastoral-juvenil-vocacional","status":"publish","type":"post","link":"https:\/\/hijasdejesus.org\/pt-br\/dialogando-sobre-o-nivel-local-a-missao-compartilhada-a-formacao-e-a-pastoral-juvenil-vocacional\/","title":{"rendered":"Dialogando sobre o n\u00edvel local, a miss\u00e3o compartilhada, a forma\u00e7\u00e3o e a Pastoral Juvenil Vocacional"},"content":{"rendered":"<p>Desde 28 de outubro as Superioras provinciais de nossa Congrega\u00e7\u00e3o se encontram reunidas em Roma com o governo geral. \u201cConviver, trocar experi\u00eancias e animar-nos como Corpo \u00e9 verdadeiramente uma necessidade para as que exercemos o servi\u00e7o de governo\u201d, assegura a Superiora Geral Maria Inez Furtado fi em sua \u00faltima carta circular. O tema da reuni\u00e3o est\u00e1 centrado no processo de fortalecimento do n\u00edvel local \u2013 e seu governo &#8211;\u00a0 em cada prov\u00edncia ou regi\u00e3o, refletir sobre isso avaliando alguns passos: celebrar etapas, constatar ganhos, detectar defici\u00eancias e\/ou paralisa\u00e7\u00f5es e animar a continuidade, com criatividade e na diversidade. Al\u00e9m disso dialogar\u00e3o, entre outros aspectos, sobre a miss\u00e3o compartilhada \u2013 fam\u00edlia carism\u00e1tica, a forma\u00e7\u00e3o, a Pastoral Juvenil Vocacional, o exerc\u00edcio do governo, a gest\u00e3o carism\u00e1tica de nossa a\u00e7\u00e3o apost\u00f3lica e o aspecto econ\u00f4mico com a correspondente presta\u00e7\u00e3o de contas. Para Maria Inez Furtado fi \u201c\u00e9 como verificar a pulsa\u00e7\u00e3o do Corpo para confirmar e\/ou remediar aspectos. Cada dia, a Eucaristia e a Palavra de Deus nos alimentam, e partilhamos nossa experi\u00eancia. Agradecemos cada vez mais estas oportunidades de encontro\u201d.<\/p>\n<p style=\"text-align: center;\"><img decoding=\"async\" class=\" size-full wp-image-12996\" src=\"https:\/\/hijasdejesus.org\/wp-content\/uploads\/2016\/11\/encuentroprovinciales16_2.jpg\" alt=\"\" \/><img decoding=\"async\" class=\" size-full wp-image-12999\" src=\"https:\/\/hijasdejesus.org\/wp-content\/uploads\/2016\/11\/encuentroprovinciales16_3.jpg\" alt=\"\" \/><img decoding=\"async\" class=\" size-full wp-image-13002\" src=\"https:\/\/hijasdejesus.org\/wp-content\/uploads\/2016\/11\/encuentroprovinciales16.jpg\" alt=\"\" \/><\/p>\n","protected":false},"excerpt":{"rendered":"<p>Desde 28 de outubro as Superioras provinciais de nossa Congrega\u00e7\u00e3o se encontram reunidas em Roma com o governo geral. \u201cConviver, trocar experi\u00eancias e animar-nos como Corpo \u00e9 verdadeiramente uma necessidade para as que exercemos o servi\u00e7o de governo\u201d, assegura a Superiora Geral Maria Inez Furtado fi em sua \u00faltima carta circular. O tema da reuni\u00e3o [&hellip;]<\/p>\n","protected":false},"author":28,"featured_media":12993,"comment_status":"closed","ping_status":"closed","sticky":false,"template":"","format":"standard","meta":{"_et_pb_use_builder":"","_et_pb_old_content":"","_et_gb_content_width":"","footnotes":"","_links_to":"","_links_to_target":""},"categories":[527,529,535,469],"tags":[],"class_list":["post-27977","post","type-post","status-publish","format-standard","has-post-thumbnail","hentry","category-governo_geral","category-hijas-de-jesus-pt-br","category-italia-pt-br","category-noticias-pt-br"],"yoast_head":"<!-- This site is optimized with the Yoast SEO plugin v27.5 - https:\/\/yoast.com\/product\/yoast-seo-wordpress\/ -->\n<title>Dialogando sobre o n\u00edvel local, a miss\u00e3o compartilhada, a forma\u00e7\u00e3o e a Pastoral Juvenil Vocacional - Hijas de Jes\u00fas<\/title>\n<meta name=\"robots\" content=\"index, follow, max-snippet:-1, max-image-preview:large, max-video-preview:-1\" \/>\n<link rel=\"canonical\" href=\"https:\/\/hijasdejesus.org\/pt-br\/dialogando-sobre-o-nivel-local-a-missao-compartilhada-a-formacao-e-a-pastoral-juvenil-vocacional\/\" \/>\n<meta property=\"og:locale\" content=\"pt_BR\" \/>\n<meta property=\"og:type\" content=\"article\" \/>\n<meta property=\"og:title\" content=\"Dialogando sobre o n\u00edvel local, a miss\u00e3o compartilhada, a forma\u00e7\u00e3o e a Pastoral Juvenil Vocacional - Hijas de Jes\u00fas\" \/>\n<meta property=\"og:description\" content=\"Desde 28 de outubro as Superioras provinciais de nossa Congrega\u00e7\u00e3o se encontram reunidas em Roma com o governo geral. \u201cConviver, trocar experi\u00eancias e animar-nos como Corpo \u00e9 verdadeiramente uma necessidade para as que exercemos o servi\u00e7o de governo\u201d, assegura a Superiora Geral Maria Inez Furtado fi em sua \u00faltima carta circular. O tema da reuni\u00e3o [&hellip;]\" \/>\n<meta property=\"og:url\" content=\"https:\/\/hijasdejesus.org\/pt-br\/dialogando-sobre-o-nivel-local-a-missao-compartilhada-a-formacao-e-a-pastoral-juvenil-vocacional\/\" \/>\n<meta property=\"og:site_name\" content=\"Hijas de Jes\u00fas\" \/>\n<meta property=\"article:publisher\" content=\"https:\/\/www.facebook.com\/hijasdejesusenelmundo\/\" \/>\n<meta property=\"article:published_time\" content=\"2016-10-31T09:40:55+00:00\" \/>\n<meta property=\"article:modified_time\" content=\"2016-11-02T16:39:17+00:00\" \/>\n<meta property=\"og:image\" content=\"https:\/\/hijasdejesus.org\/wp-content\/uploads\/2016\/11\/encuentroprovinciales16_1.jpg\" \/>\n\t<meta property=\"og:image:width\" content=\"1\" \/>\n\t<meta property=\"og:image:height\" content=\"1\" \/>\n\t<meta property=\"og:image:type\" content=\"image\/jpeg\" \/>\n<meta name=\"author\" content=\"Webmaster\" \/>\n<meta name=\"twitter:card\" content=\"summary_large_image\" \/>\n<meta name=\"twitter:creator\" content=\"@hijasdjesus\" \/>\n<meta name=\"twitter:site\" content=\"@hijasdjesus\" \/>\n<meta name=\"twitter:label1\" content=\"Escrito por\" \/>\n\t<meta name=\"twitter:data1\" content=\"Webmaster\" \/>\n\t<meta name=\"twitter:label2\" content=\"Est. tempo de leitura\" \/>\n\t<meta name=\"twitter:data2\" content=\"1 minuto\" \/>\n<script type=\"application\/ld+json\" class=\"yoast-schema-graph\">{\"@context\":\"https:\\\/\\\/schema.org\",\"@graph\":[{\"@type\":\"Article\",\"@id\":\"https:\\\/\\\/hijasdejesus.org\\\/pt-br\\\/dialogando-sobre-o-nivel-local-a-missao-compartilhada-a-formacao-e-a-pastoral-juvenil-vocacional\\\/#article\",\"isPartOf\":{\"@id\":\"https:\\\/\\\/hijasdejesus.org\\\/pt-br\\\/dialogando-sobre-o-nivel-local-a-missao-compartilhada-a-formacao-e-a-pastoral-juvenil-vocacional\\\/\"},\"author\":{\"name\":\"Webmaster\",\"@id\":\"https:\\\/\\\/hijasdejesus.org\\\/pt-br\\\/#\\\/schema\\\/person\\\/ce4455965da733f2791f23b6ec14e9b6\"},\"headline\":\"Dialogando sobre o n\u00edvel local, a miss\u00e3o compartilhada, a forma\u00e7\u00e3o e a Pastoral Juvenil Vocacional\",\"datePublished\":\"2016-10-31T09:40:55+00:00\",\"dateModified\":\"2016-11-02T16:39:17+00:00\",\"mainEntityOfPage\":{\"@id\":\"https:\\\/\\\/hijasdejesus.org\\\/pt-br\\\/dialogando-sobre-o-nivel-local-a-missao-compartilhada-a-formacao-e-a-pastoral-juvenil-vocacional\\\/\"},\"wordCount\":216,\"publisher\":{\"@id\":\"https:\\\/\\\/hijasdejesus.org\\\/pt-br\\\/#organization\"},\"image\":{\"@id\":\"https:\\\/\\\/hijasdejesus.org\\\/pt-br\\\/dialogando-sobre-o-nivel-local-a-missao-compartilhada-a-formacao-e-a-pastoral-juvenil-vocacional\\\/#primaryimage\"},\"thumbnailUrl\":\"https:\\\/\\\/hijasdejesus.org\\\/wp-content\\\/uploads\\\/2016\\\/11\\\/encuentroprovinciales16_1.jpg\",\"articleSection\":[\"Governo geral\",\"Hijas de Jes\u00fas\",\"It\u00e1lia\",\"Not\u00edcias\"],\"inLanguage\":\"pt-BR\"},{\"@type\":\"WebPage\",\"@id\":\"https:\\\/\\\/hijasdejesus.org\\\/pt-br\\\/dialogando-sobre-o-nivel-local-a-missao-compartilhada-a-formacao-e-a-pastoral-juvenil-vocacional\\\/\",\"url\":\"https:\\\/\\\/hijasdejesus.org\\\/pt-br\\\/dialogando-sobre-o-nivel-local-a-missao-compartilhada-a-formacao-e-a-pastoral-juvenil-vocacional\\\/\",\"name\":\"Dialogando sobre o n\u00edvel local, a miss\u00e3o compartilhada, a forma\u00e7\u00e3o e a Pastoral Juvenil Vocacional - Hijas de Jes\u00fas\",\"isPartOf\":{\"@id\":\"https:\\\/\\\/hijasdejesus.org\\\/pt-br\\\/#website\"},\"primaryImageOfPage\":{\"@id\":\"https:\\\/\\\/hijasdejesus.org\\\/pt-br\\\/dialogando-sobre-o-nivel-local-a-missao-compartilhada-a-formacao-e-a-pastoral-juvenil-vocacional\\\/#primaryimage\"},\"image\":{\"@id\":\"https:\\\/\\\/hijasdejesus.org\\\/pt-br\\\/dialogando-sobre-o-nivel-local-a-missao-compartilhada-a-formacao-e-a-pastoral-juvenil-vocacional\\\/#primaryimage\"},\"thumbnailUrl\":\"https:\\\/\\\/hijasdejesus.org\\\/wp-content\\\/uploads\\\/2016\\\/11\\\/encuentroprovinciales16_1.jpg\",\"datePublished\":\"2016-10-31T09:40:55+00:00\",\"dateModified\":\"2016-11-02T16:39:17+00:00\",\"breadcrumb\":{\"@id\":\"https:\\\/\\\/hijasdejesus.org\\\/pt-br\\\/dialogando-sobre-o-nivel-local-a-missao-compartilhada-a-formacao-e-a-pastoral-juvenil-vocacional\\\/#breadcrumb\"},\"inLanguage\":\"pt-BR\",\"potentialAction\":[{\"@type\":\"ReadAction\",\"target\":[\"https:\\\/\\\/hijasdejesus.org\\\/pt-br\\\/dialogando-sobre-o-nivel-local-a-missao-compartilhada-a-formacao-e-a-pastoral-juvenil-vocacional\\\/\"]}]},{\"@type\":\"ImageObject\",\"inLanguage\":\"pt-BR\",\"@id\":\"https:\\\/\\\/hijasdejesus.org\\\/pt-br\\\/dialogando-sobre-o-nivel-local-a-missao-compartilhada-a-formacao-e-a-pastoral-juvenil-vocacional\\\/#primaryimage\",\"url\":\"https:\\\/\\\/hijasdejesus.org\\\/wp-content\\\/uploads\\\/2016\\\/11\\\/encuentroprovinciales16_1.jpg\",\"contentUrl\":\"https:\\\/\\\/hijasdejesus.org\\\/wp-content\\\/uploads\\\/2016\\\/11\\\/encuentroprovinciales16_1.jpg\"},{\"@type\":\"BreadcrumbList\",\"@id\":\"https:\\\/\\\/hijasdejesus.org\\\/pt-br\\\/dialogando-sobre-o-nivel-local-a-missao-compartilhada-a-formacao-e-a-pastoral-juvenil-vocacional\\\/#breadcrumb\",\"itemListElement\":[{\"@type\":\"ListItem\",\"position\":1,\"name\":\"Portada\",\"item\":\"https:\\\/\\\/hijasdejesus.org\\\/pt-br\\\/\"},{\"@type\":\"ListItem\",\"position\":2,\"name\":\"Dialogando sobre o n\u00edvel local, a miss\u00e3o compartilhada, a forma\u00e7\u00e3o e a Pastoral Juvenil Vocacional\"}]},{\"@type\":\"WebSite\",\"@id\":\"https:\\\/\\\/hijasdejesus.org\\\/pt-br\\\/#website\",\"url\":\"https:\\\/\\\/hijasdejesus.org\\\/pt-br\\\/\",\"name\":\"Hijas de Jes\u00fas\",\"description\":\"Despertamos a Jes\u00fas en el coraz\u00f3n, sacando lo mejor de las personas. Somos una congregaci\u00f3n religiosa ignaciana fundada por la Madre Candida\",\"publisher\":{\"@id\":\"https:\\\/\\\/hijasdejesus.org\\\/pt-br\\\/#organization\"},\"potentialAction\":[{\"@type\":\"SearchAction\",\"target\":{\"@type\":\"EntryPoint\",\"urlTemplate\":\"https:\\\/\\\/hijasdejesus.org\\\/pt-br\\\/?s={search_term_string}\"},\"query-input\":{\"@type\":\"PropertyValueSpecification\",\"valueRequired\":true,\"valueName\":\"search_term_string\"}}],\"inLanguage\":\"pt-BR\"},{\"@type\":\"Organization\",\"@id\":\"https:\\\/\\\/hijasdejesus.org\\\/pt-br\\\/#organization\",\"name\":\"Hijas de Jes\u00fas\",\"url\":\"https:\\\/\\\/hijasdejesus.org\\\/pt-br\\\/\",\"logo\":{\"@type\":\"ImageObject\",\"inLanguage\":\"pt-BR\",\"@id\":\"https:\\\/\\\/hijasdejesus.org\\\/pt-br\\\/#\\\/schema\\\/logo\\\/image\\\/\",\"url\":\"https:\\\/\\\/hijasdejesus.org\\\/wp-content\\\/uploads\\\/2023\\\/01\\\/Hijas-de-Jesus_hor-A7C957.png\",\"contentUrl\":\"https:\\\/\\\/hijasdejesus.org\\\/wp-content\\\/uploads\\\/2023\\\/01\\\/Hijas-de-Jesus_hor-A7C957.png\",\"width\":700,\"height\":360,\"caption\":\"Hijas de Jes\u00fas\"},\"image\":{\"@id\":\"https:\\\/\\\/hijasdejesus.org\\\/pt-br\\\/#\\\/schema\\\/logo\\\/image\\\/\"},\"sameAs\":[\"https:\\\/\\\/www.facebook.com\\\/hijasdejesusenelmundo\\\/\",\"https:\\\/\\\/x.com\\\/hijasdjesus\"]},{\"@type\":\"Person\",\"@id\":\"https:\\\/\\\/hijasdejesus.org\\\/pt-br\\\/#\\\/schema\\\/person\\\/ce4455965da733f2791f23b6ec14e9b6\",\"name\":\"Webmaster\",\"image\":{\"@type\":\"ImageObject\",\"inLanguage\":\"pt-BR\",\"@id\":\"https:\\\/\\\/secure.gravatar.com\\\/avatar\\\/cfd0acaac86c3981d541d2e99a0ffb7b6d33a5ac8989a62f5518b9e0f7ee128a?s=96&d=mm&r=g\",\"url\":\"https:\\\/\\\/secure.gravatar.com\\\/avatar\\\/cfd0acaac86c3981d541d2e99a0ffb7b6d33a5ac8989a62f5518b9e0f7ee128a?s=96&d=mm&r=g\",\"contentUrl\":\"https:\\\/\\\/secure.gravatar.com\\\/avatar\\\/cfd0acaac86c3981d541d2e99a0ffb7b6d33a5ac8989a62f5518b9e0f7ee128a?s=96&d=mm&r=g\",\"caption\":\"Webmaster\"},\"url\":\"https:\\\/\\\/hijasdejesus.org\\\/pt-br\\\/author\\\/webmaster\\\/\"}]}<\/script>\n<!-- \/ Yoast SEO plugin. -->","yoast_head_json":{"title":"Dialogando sobre o n\u00edvel local, a miss\u00e3o compartilhada, a forma\u00e7\u00e3o e a Pastoral Juvenil Vocacional - Hijas de Jes\u00fas","robots":{"index":"index","follow":"follow","max-snippet":"max-snippet:-1","max-image-preview":"max-image-preview:large","max-video-preview":"max-video-preview:-1"},"canonical":"https:\/\/hijasdejesus.org\/pt-br\/dialogando-sobre-o-nivel-local-a-missao-compartilhada-a-formacao-e-a-pastoral-juvenil-vocacional\/","og_locale":"pt_BR","og_type":"article","og_title":"Dialogando sobre o n\u00edvel local, a miss\u00e3o compartilhada, a forma\u00e7\u00e3o e a Pastoral Juvenil Vocacional - Hijas de Jes\u00fas","og_description":"Desde 28 de outubro as Superioras provinciais de nossa Congrega\u00e7\u00e3o se encontram reunidas em Roma com o governo geral. \u201cConviver, trocar experi\u00eancias e animar-nos como Corpo \u00e9 verdadeiramente uma necessidade para as que exercemos o servi\u00e7o de governo\u201d, assegura a Superiora Geral Maria Inez Furtado fi em sua \u00faltima carta circular. O tema da reuni\u00e3o [&hellip;]","og_url":"https:\/\/hijasdejesus.org\/pt-br\/dialogando-sobre-o-nivel-local-a-missao-compartilhada-a-formacao-e-a-pastoral-juvenil-vocacional\/","og_site_name":"Hijas de Jes\u00fas","article_publisher":"https:\/\/www.facebook.com\/hijasdejesusenelmundo\/","article_published_time":"2016-10-31T09:40:55+00:00","article_modified_time":"2016-11-02T16:39:17+00:00","og_image":[{"url":"https:\/\/hijasdejesus.org\/wp-content\/uploads\/2016\/11\/encuentroprovinciales16_1.jpg","width":1,"height":1,"type":"image\/jpeg"}],"author":"Webmaster","twitter_card":"summary_large_image","twitter_creator":"@hijasdjesus","twitter_site":"@hijasdjesus","twitter_misc":{"Escrito por":"Webmaster","Est. tempo de leitura":"1 minuto"},"schema":{"@context":"https:\/\/schema.org","@graph":[{"@type":"Article","@id":"https:\/\/hijasdejesus.org\/pt-br\/dialogando-sobre-o-nivel-local-a-missao-compartilhada-a-formacao-e-a-pastoral-juvenil-vocacional\/#article","isPartOf":{"@id":"https:\/\/hijasdejesus.org\/pt-br\/dialogando-sobre-o-nivel-local-a-missao-compartilhada-a-formacao-e-a-pastoral-juvenil-vocacional\/"},"author":{"name":"Webmaster","@id":"https:\/\/hijasdejesus.org\/pt-br\/#\/schema\/person\/ce4455965da733f2791f23b6ec14e9b6"},"headline":"Dialogando sobre o n\u00edvel local, a miss\u00e3o compartilhada, a forma\u00e7\u00e3o e a Pastoral Juvenil Vocacional","datePublished":"2016-10-31T09:40:55+00:00","dateModified":"2016-11-02T16:39:17+00:00","mainEntityOfPage":{"@id":"https:\/\/hijasdejesus.org\/pt-br\/dialogando-sobre-o-nivel-local-a-missao-compartilhada-a-formacao-e-a-pastoral-juvenil-vocacional\/"},"wordCount":216,"publisher":{"@id":"https:\/\/hijasdejesus.org\/pt-br\/#organization"},"image":{"@id":"https:\/\/hijasdejesus.org\/pt-br\/dialogando-sobre-o-nivel-local-a-missao-compartilhada-a-formacao-e-a-pastoral-juvenil-vocacional\/#primaryimage"},"thumbnailUrl":"https:\/\/hijasdejesus.org\/wp-content\/uploads\/2016\/11\/encuentroprovinciales16_1.jpg","articleSection":["Governo geral","Hijas de Jes\u00fas","It\u00e1lia","Not\u00edcias"],"inLanguage":"pt-BR"},{"@type":"WebPage","@id":"https:\/\/hijasdejesus.org\/pt-br\/dialogando-sobre-o-nivel-local-a-missao-compartilhada-a-formacao-e-a-pastoral-juvenil-vocacional\/","url":"https:\/\/hijasdejesus.org\/pt-br\/dialogando-sobre-o-nivel-local-a-missao-compartilhada-a-formacao-e-a-pastoral-juvenil-vocacional\/","name":"Dialogando sobre o n\u00edvel local, a miss\u00e3o compartilhada, a forma\u00e7\u00e3o e a Pastoral Juvenil Vocacional - Hijas de Jes\u00fas","isPartOf":{"@id":"https:\/\/hijasdejesus.org\/pt-br\/#website"},"primaryImageOfPage":{"@id":"https:\/\/hijasdejesus.org\/pt-br\/dialogando-sobre-o-nivel-local-a-missao-compartilhada-a-formacao-e-a-pastoral-juvenil-vocacional\/#primaryimage"},"image":{"@id":"https:\/\/hijasdejesus.org\/pt-br\/dialogando-sobre-o-nivel-local-a-missao-compartilhada-a-formacao-e-a-pastoral-juvenil-vocacional\/#primaryimage"},"thumbnailUrl":"https:\/\/hijasdejesus.org\/wp-content\/uploads\/2016\/11\/encuentroprovinciales16_1.jpg","datePublished":"2016-10-31T09:40:55+00:00","dateModified":"2016-11-02T16:39:17+00:00","breadcrumb":{"@id":"https:\/\/hijasdejesus.org\/pt-br\/dialogando-sobre-o-nivel-local-a-missao-compartilhada-a-formacao-e-a-pastoral-juvenil-vocacional\/#breadcrumb"},"inLanguage":"pt-BR","potentialAction":[{"@type":"ReadAction","target":["https:\/\/hijasdejesus.org\/pt-br\/dialogando-sobre-o-nivel-local-a-missao-compartilhada-a-formacao-e-a-pastoral-juvenil-vocacional\/"]}]},{"@type":"ImageObject","inLanguage":"pt-BR","@id":"https:\/\/hijasdejesus.org\/pt-br\/dialogando-sobre-o-nivel-local-a-missao-compartilhada-a-formacao-e-a-pastoral-juvenil-vocacional\/#primaryimage","url":"https:\/\/hijasdejesus.org\/wp-content\/uploads\/2016\/11\/encuentroprovinciales16_1.jpg","contentUrl":"https:\/\/hijasdejesus.org\/wp-content\/uploads\/2016\/11\/encuentroprovinciales16_1.jpg"},{"@type":"BreadcrumbList","@id":"https:\/\/hijasdejesus.org\/pt-br\/dialogando-sobre-o-nivel-local-a-missao-compartilhada-a-formacao-e-a-pastoral-juvenil-vocacional\/#breadcrumb","itemListElement":[{"@type":"ListItem","position":1,"name":"Portada","item":"https:\/\/hijasdejesus.org\/pt-br\/"},{"@type":"ListItem","position":2,"name":"Dialogando sobre o n\u00edvel local, a miss\u00e3o compartilhada, a forma\u00e7\u00e3o e a Pastoral Juvenil Vocacional"}]},{"@type":"WebSite","@id":"https:\/\/hijasdejesus.org\/pt-br\/#website","url":"https:\/\/hijasdejesus.org\/pt-br\/","name":"Hijas de Jes\u00fas","description":"Despertamos a Jes\u00fas en el coraz\u00f3n, sacando lo mejor de las personas. Somos una congregaci\u00f3n religiosa ignaciana fundada por la Madre Candida","publisher":{"@id":"https:\/\/hijasdejesus.org\/pt-br\/#organization"},"potentialAction":[{"@type":"SearchAction","target":{"@type":"EntryPoint","urlTemplate":"https:\/\/hijasdejesus.org\/pt-br\/?s={search_term_string}"},"query-input":{"@type":"PropertyValueSpecification","valueRequired":true,"valueName":"search_term_string"}}],"inLanguage":"pt-BR"},{"@type":"Organization","@id":"https:\/\/hijasdejesus.org\/pt-br\/#organization","name":"Hijas de Jes\u00fas","url":"https:\/\/hijasdejesus.org\/pt-br\/","logo":{"@type":"ImageObject","inLanguage":"pt-BR","@id":"https:\/\/hijasdejesus.org\/pt-br\/#\/schema\/logo\/image\/","url":"https:\/\/hijasdejesus.org\/wp-content\/uploads\/2023\/01\/Hijas-de-Jesus_hor-A7C957.png","contentUrl":"https:\/\/hijasdejesus.org\/wp-content\/uploads\/2023\/01\/Hijas-de-Jesus_hor-A7C957.png","width":700,"height":360,"caption":"Hijas de Jes\u00fas"},"image":{"@id":"https:\/\/hijasdejesus.org\/pt-br\/#\/schema\/logo\/image\/"},"sameAs":["https:\/\/www.facebook.com\/hijasdejesusenelmundo\/","https:\/\/x.com\/hijasdjesus"]},{"@type":"Person","@id":"https:\/\/hijasdejesus.org\/pt-br\/#\/schema\/person\/ce4455965da733f2791f23b6ec14e9b6","name":"Webmaster","image":{"@type":"ImageObject","inLanguage":"pt-BR","@id":"https:\/\/secure.gravatar.com\/avatar\/cfd0acaac86c3981d541d2e99a0ffb7b6d33a5ac8989a62f5518b9e0f7ee128a?s=96&d=mm&r=g","url":"https:\/\/secure.gravatar.com\/avatar\/cfd0acaac86c3981d541d2e99a0ffb7b6d33a5ac8989a62f5518b9e0f7ee128a?s=96&d=mm&r=g","contentUrl":"https:\/\/secure.gravatar.com\/avatar\/cfd0acaac86c3981d541d2e99a0ffb7b6d33a5ac8989a62f5518b9e0f7ee128a?s=96&d=mm&r=g","caption":"Webmaster"},"url":"https:\/\/hijasdejesus.org\/pt-br\/author\/webmaster\/"}]}},"_links":{"self":[{"href":"https:\/\/hijasdejesus.org\/pt-br\/wp-json\/wp\/v2\/posts\/27977","targetHints":{"allow":["GET"]}}],"collection":[{"href":"https:\/\/hijasdejesus.org\/pt-br\/wp-json\/wp\/v2\/posts"}],"about":[{"href":"https:\/\/hijasdejesus.org\/pt-br\/wp-json\/wp\/v2\/types\/post"}],"author":[{"embeddable":true,"href":"https:\/\/hijasdejesus.org\/pt-br\/wp-json\/wp\/v2\/users\/28"}],"replies":[{"embeddable":true,"href":"https:\/\/hijasdejesus.org\/pt-br\/wp-json\/wp\/v2\/comments?post=27977"}],"version-history":[{"count":0,"href":"https:\/\/hijasdejesus.org\/pt-br\/wp-json\/wp\/v2\/posts\/27977\/revisions"}],"wp:featuredmedia":[{"embeddable":true,"href":"https:\/\/hijasdejesus.org\/pt-br\/wp-json\/wp\/v2\/media\/12993"}],"wp:attachment":[{"href":"https:\/\/hijasdejesus.org\/pt-br\/wp-json\/wp\/v2\/media?parent=27977"}],"wp:term":[{"taxonomy":"category","embeddable":true,"href":"https:\/\/hijasdejesus.org\/pt-br\/wp-json\/wp\/v2\/categories?post=27977"},{"taxonomy":"post_tag","embeddable":true,"href":"https:\/\/hijasdejesus.org\/pt-br\/wp-json\/wp\/v2\/tags?post=27977"}],"curies":[{"name":"wp","href":"https:\/\/api.w.org\/{rel}","templated":true}]}}