{"id":28003,"date":"2016-11-14T11:43:06","date_gmt":"2016-11-14T10:43:06","guid":{"rendered":"https:\/\/nueva.hijasdejesus.org\/no-japao-questao-de-fe\/"},"modified":"2016-11-16T17:40:18","modified_gmt":"2016-11-16T16:40:18","slug":"no-japao-questao-de-fe","status":"publish","type":"post","link":"https:\/\/hijasdejesus.org\/pt-br\/no-japao-questao-de-fe\/","title":{"rendered":"NO JAP\u00c3O: QUEST\u00c3O DE F\u00c9"},"content":{"rendered":"<p style=\"text-align: left;\">Passou mais de um ano desde que cheguei ao Jap\u00e3o. Nenhuma universidade me havia ensinado a come\u00e7ar do zero uma nova vida. Foi uma decis\u00e3o dif\u00edcil ir a um lugar novo, onde n\u00e3o sou ningu\u00e9m, n\u00e3o conhe\u00e7o ningu\u00e9m, e n\u00e3o sei nenhuma palavra exceto \u201carigat\u00f4\u201d (obrigada!). Deixar meus seres queridos foi dif\u00edcil, al\u00e9m disso um sentimento de incerteza ante meu futuro em uma terra estrangeira.<br \/>Cheguei na primavera de 2015. Com certeza aprendi a palavra &#8220;wakaranai&#8221; (significa que n\u00e3o entendo) simplesmente porque \u00e9 minha resposta \u00e0s pessoas que me falam em japon\u00eas. Era muito dif\u00edcil falar com algu\u00e9m, mais ainda comprar comida pela primeira vez. N\u00e3o sabia ler nenhuma etiqueta e estava com o est\u00f4mago roncando. Tamb\u00e9m me perdi quando um jamaicano conhecido (assistente do professor de idioma) me ofereceu um passeio e me deixou em meio ao nada.<br \/>Enfrentei muitas mudan\u00e7as em minha vida, incluindo sentimentos inesperados de frustra\u00e7\u00e3o, impot\u00eancia e decep\u00e7\u00e3o. Era como uma crian\u00e7a que estava come\u00e7ando a aprender coisas novas, e desfrutar novas experi\u00eancias totalmente diferentes do estilo da vida anterior.<br \/>Parte de \u201cminha afronta\u201d foi fazer algo que me interessa: fotografia, caminhar pelo lago Shinji e, o melhor de tudo, orar. Um dia caminhei ao redor do lago, tirei algumas fotos dos lugares que me impactaram, sobretudo o p\u00f4r do sol que sempre me faz lembrar de Deus.<br \/>Estava sentada em um banco, a Palavra de Deus ressoou atrav\u00e9s de uma can\u00e7\u00e3o (do \u00e1lbum &#8220;I Am Ever with You&#8221; [Estou sempre contigo], composta pelo Pe. Arnel Aquino, SJ).<em> <br \/>O fragmento da can\u00e7\u00e3o dizia:<br \/>N\u00e3o deixes que teu cora\u00e7\u00e3o se entriste\u00e7a<br \/>N\u00e3o fiques assustado,<br \/>Realmente sou eu a quem v\u00eas.<br \/>Ofere\u00e7o-te toda minha paz,<br \/>Esperei por este momento<br \/>Para estar contigo de novo.<br \/>Em meu cora\u00e7\u00e3o permanecer\u00e1s<br \/>Em teu cora\u00e7\u00e3o ficarei<br \/>Estou contigo at\u00e9 o fim de teus dias.<br \/>Estou contigo, tenha f\u00e9,<br \/>Amparo-te inclusive quando me deixas<br \/>E te amo, deves saber.<br \/>Estou aqui. Sempre estou contigo<br \/>Estou al\u00e9m de toda ang\u00fastia ou morte.<br \/>Voltei \u00e0 vida de novo.<br \/>Quando sintas que est\u00e1s vazio<br \/>E n\u00e3o podes dar mais<br \/>Saiba que sou teu alento e preencho tua alma.<\/em><br \/><img loading=\"lazy\" decoding=\"async\" class=\" size-full wp-image-7978\" style=\"display: block; margin-left: auto; margin-right: auto;\" src=\"https:\/\/hijasdejesus.org\/wp-content\/uploads\/2016\/11\/carmela.jpg\" alt=\"\" width=\"1024\" height=\"568\" srcset=\"https:\/\/hijasdejesus.org\/wp-content\/uploads\/2016\/11\/carmela.jpg 1024w, https:\/\/hijasdejesus.org\/wp-content\/uploads\/2016\/11\/carmela-980x544.jpg 980w, https:\/\/hijasdejesus.org\/wp-content\/uploads\/2016\/11\/carmela-480x266.jpg 480w\" sizes=\"(min-width: 0px) and (max-width: 480px) 480px, (min-width: 481px) and (max-width: 980px) 980px, (min-width: 981px) 1024px, 100vw\" \/>Deus me havia falado de muitas maneiras: o p\u00f4r do sol, o lago, as pessoas, as \u00e1rvores, as can\u00e7\u00f5es, as fotos e inclusive em minhas situa\u00e7\u00f5es dif\u00edceis. A ora\u00e7\u00e3o se converteu em minha melhor ferramenta para superar as lutas. O Senhor me deu alento em cada palavra da can\u00e7\u00e3o e em cada foto que tirei obrigando-me a manter minha F\u00c9&#8230; Ele est\u00e1 comigo&#8230; Ele me sustenta&#8230; Ele me ama e Ele pode preencher minha alma. Simplesmente necessito confiar e crer em sua presen\u00e7a amorosa. Estas palavras me deram coragem para seguir adiante em minha vida, e aceitar todos os desafios que se apresentaram at\u00e9 agora. E isto \u00e9 o que \u00e9 a f\u00e9. \u00a0<br \/>Ca\u00ed na conta de que o Senhor me convidou a aprofundar minha f\u00e9 atrav\u00e9s de minhas lutas e experi\u00eancias novas. Minha decis\u00e3o de ir ao Jap\u00e3o preparou o caminho n\u00e3o apenas para entender minha f\u00e9, mas para viv\u00ea-la. Porque viver a f\u00e9 n\u00e3o \u00e9 somente saber que Deus existe. Em minha vida f\u00e9 significa abra\u00e7ar um compromisso que Ele me confiou para al\u00e9m de sentimentos bons e seguros. \u00c9 uma decis\u00e3o cont\u00ednua de ser fiel a um \u201cSIM\u201d ao amor, e a servi-lo atrav\u00e9s do ensino em ShotokuGakuin, Jap\u00e3o.<br \/>Agora sinto o amor de Deus atrav\u00e9s da amabilidade de meus estudantes, dos companheiros de magist\u00e9rio, superiores, amigos, e das Irm\u00e3s Filhas de Jesus que me apoiam e me ensinam da melhor forma poss\u00edvel. Considero-me aben\u00e7oada por ter conhecido grandes pessoas desde que cheguei aqui, com as quais aprendi e compartilhei experi\u00eancias \u2013 momentos inesquec\u00edveis.<br \/>H\u00e1, todavia, um monte de dias obscuros, mas como disse Santa C\u00e2ndida \u201cSozinha nada, mas com Deus posso tudo\u201d. Somente com Deus podemos fazer o que parece imposs\u00edvel. Deus \u00e9 nossa \u00fanica luz quando os c\u00e9us est\u00e3o escuros, e \u00e9 \u00e2ncora nos mares agitados. Basta recordar&#8230;<br \/>&#8230; Quando sofres, somente PUSH <br \/>&#8230; Quando est\u00e1s desempregado, somente PUSH<br \/>&#8230; Quando n\u00e3o tens dinheiro, somente PUSH<br \/>&#8230; Quando tuas qualidades est\u00e3o falhando, somente PUSH<br \/>&#8230; Quando enfrentas situa\u00e7\u00f5es dif\u00edceis, somente PUSH<br \/>&#8230; Quando est\u00e1s infeliz com tua rela\u00e7\u00e3o, somente PUSH<br \/>Recorde &#8211; PUSH &#8230; PUSH &#8230; PUSH significa &#8230;<br \/>Pray Until Something Happens (Reze at\u00e9 que algo aconte\u00e7a)<\/p>\n<p style=\"text-align: center;\"><strong>Por Carmela Rey<\/strong><br \/><strong>Membro da Faculdade Escola Secund\u00e1ria Shotoku<\/strong><br \/><strong>Matsue City, Shimane-ken<\/strong><\/p>\n","protected":false},"excerpt":{"rendered":"<p>Passou mais de um ano desde que cheguei ao Jap\u00e3o. Nenhuma universidade me havia ensinado a come\u00e7ar do zero uma nova vida. Foi uma decis\u00e3o dif\u00edcil ir a um lugar novo, onde n\u00e3o sou ningu\u00e9m, n\u00e3o conhe\u00e7o ningu\u00e9m, e n\u00e3o sei nenhuma palavra exceto \u201carigat\u00f4\u201d (obrigada!). Deixar meus seres queridos foi dif\u00edcil, al\u00e9m disso um [&hellip;]<\/p>\n","protected":false},"author":28,"featured_media":7976,"comment_status":"closed","ping_status":"closed","sticky":false,"template":"","format":"standard","meta":{"_et_pb_use_builder":"","_et_pb_old_content":"","_et_gb_content_width":"","footnotes":"","_links_to":"","_links_to_target":""},"categories":[555,53,469],"tags":[],"class_list":["post-28003","post","type-post","status-publish","format-standard","has-post-thumbnail","hentry","category-indico-pacifico-pt-br","category-japao","category-noticias-pt-br"],"yoast_head":"<!-- This site is optimized with the Yoast SEO plugin v27.5 - https:\/\/yoast.com\/product\/yoast-seo-wordpress\/ -->\n<title>NO JAP\u00c3O: QUEST\u00c3O DE F\u00c9 - Hijas de Jes\u00fas<\/title>\n<meta name=\"robots\" content=\"index, follow, max-snippet:-1, max-image-preview:large, max-video-preview:-1\" \/>\n<link rel=\"canonical\" href=\"https:\/\/hijasdejesus.org\/pt-br\/no-japao-questao-de-fe\/\" \/>\n<meta property=\"og:locale\" content=\"pt_BR\" \/>\n<meta property=\"og:type\" content=\"article\" \/>\n<meta property=\"og:title\" content=\"NO JAP\u00c3O: QUEST\u00c3O DE F\u00c9 - Hijas de Jes\u00fas\" \/>\n<meta property=\"og:description\" content=\"Passou mais de um ano desde que cheguei ao Jap\u00e3o. Nenhuma universidade me havia ensinado a come\u00e7ar do zero uma nova vida. Foi uma decis\u00e3o dif\u00edcil ir a um lugar novo, onde n\u00e3o sou ningu\u00e9m, n\u00e3o conhe\u00e7o ningu\u00e9m, e n\u00e3o sei nenhuma palavra exceto \u201carigat\u00f4\u201d (obrigada!). Deixar meus seres queridos foi dif\u00edcil, al\u00e9m disso um [&hellip;]\" \/>\n<meta property=\"og:url\" content=\"https:\/\/hijasdejesus.org\/pt-br\/no-japao-questao-de-fe\/\" \/>\n<meta property=\"og:site_name\" content=\"Hijas de Jes\u00fas\" \/>\n<meta property=\"article:publisher\" content=\"https:\/\/www.facebook.com\/hijasdejesusenelmundo\/\" \/>\n<meta property=\"article:published_time\" content=\"2016-11-14T10:43:06+00:00\" \/>\n<meta property=\"article:modified_time\" content=\"2016-11-16T16:40:18+00:00\" \/>\n<meta property=\"og:image\" content=\"https:\/\/hijasdejesus.org\/wp-content\/uploads\/2016\/11\/carmela3.jpg\" \/>\n\t<meta property=\"og:image:width\" content=\"330\" \/>\n\t<meta property=\"og:image:height\" content=\"338\" \/>\n\t<meta property=\"og:image:type\" content=\"image\/jpeg\" \/>\n<meta name=\"author\" content=\"Webmaster\" \/>\n<meta name=\"twitter:card\" content=\"summary_large_image\" \/>\n<meta name=\"twitter:creator\" content=\"@hijasdjesus\" \/>\n<meta name=\"twitter:site\" content=\"@hijasdjesus\" \/>\n<meta name=\"twitter:label1\" content=\"Escrito por\" \/>\n\t<meta name=\"twitter:data1\" content=\"Webmaster\" \/>\n\t<meta name=\"twitter:label2\" content=\"Est. tempo de leitura\" \/>\n\t<meta name=\"twitter:data2\" content=\"4 minutos\" \/>\n<script type=\"application\/ld+json\" class=\"yoast-schema-graph\">{\"@context\":\"https:\\\/\\\/schema.org\",\"@graph\":[{\"@type\":\"Article\",\"@id\":\"https:\\\/\\\/hijasdejesus.org\\\/pt-br\\\/no-japao-questao-de-fe\\\/#article\",\"isPartOf\":{\"@id\":\"https:\\\/\\\/hijasdejesus.org\\\/pt-br\\\/no-japao-questao-de-fe\\\/\"},\"author\":{\"name\":\"Webmaster\",\"@id\":\"https:\\\/\\\/hijasdejesus.org\\\/pt-br\\\/#\\\/schema\\\/person\\\/ce4455965da733f2791f23b6ec14e9b6\"},\"headline\":\"NO JAP\u00c3O: QUEST\u00c3O DE F\u00c9\",\"datePublished\":\"2016-11-14T10:43:06+00:00\",\"dateModified\":\"2016-11-16T16:40:18+00:00\",\"mainEntityOfPage\":{\"@id\":\"https:\\\/\\\/hijasdejesus.org\\\/pt-br\\\/no-japao-questao-de-fe\\\/\"},\"wordCount\":790,\"publisher\":{\"@id\":\"https:\\\/\\\/hijasdejesus.org\\\/pt-br\\\/#organization\"},\"image\":{\"@id\":\"https:\\\/\\\/hijasdejesus.org\\\/pt-br\\\/no-japao-questao-de-fe\\\/#primaryimage\"},\"thumbnailUrl\":\"https:\\\/\\\/hijasdejesus.org\\\/wp-content\\\/uploads\\\/2016\\\/11\\\/carmela3.jpg\",\"articleSection\":[\"\u00cdndico-Pac\u00edfico\",\"Jap\u00e3o\",\"Not\u00edcias\"],\"inLanguage\":\"pt-BR\"},{\"@type\":\"WebPage\",\"@id\":\"https:\\\/\\\/hijasdejesus.org\\\/pt-br\\\/no-japao-questao-de-fe\\\/\",\"url\":\"https:\\\/\\\/hijasdejesus.org\\\/pt-br\\\/no-japao-questao-de-fe\\\/\",\"name\":\"NO JAP\u00c3O: QUEST\u00c3O DE F\u00c9 - Hijas de Jes\u00fas\",\"isPartOf\":{\"@id\":\"https:\\\/\\\/hijasdejesus.org\\\/pt-br\\\/#website\"},\"primaryImageOfPage\":{\"@id\":\"https:\\\/\\\/hijasdejesus.org\\\/pt-br\\\/no-japao-questao-de-fe\\\/#primaryimage\"},\"image\":{\"@id\":\"https:\\\/\\\/hijasdejesus.org\\\/pt-br\\\/no-japao-questao-de-fe\\\/#primaryimage\"},\"thumbnailUrl\":\"https:\\\/\\\/hijasdejesus.org\\\/wp-content\\\/uploads\\\/2016\\\/11\\\/carmela3.jpg\",\"datePublished\":\"2016-11-14T10:43:06+00:00\",\"dateModified\":\"2016-11-16T16:40:18+00:00\",\"breadcrumb\":{\"@id\":\"https:\\\/\\\/hijasdejesus.org\\\/pt-br\\\/no-japao-questao-de-fe\\\/#breadcrumb\"},\"inLanguage\":\"pt-BR\",\"potentialAction\":[{\"@type\":\"ReadAction\",\"target\":[\"https:\\\/\\\/hijasdejesus.org\\\/pt-br\\\/no-japao-questao-de-fe\\\/\"]}]},{\"@type\":\"ImageObject\",\"inLanguage\":\"pt-BR\",\"@id\":\"https:\\\/\\\/hijasdejesus.org\\\/pt-br\\\/no-japao-questao-de-fe\\\/#primaryimage\",\"url\":\"https:\\\/\\\/hijasdejesus.org\\\/wp-content\\\/uploads\\\/2016\\\/11\\\/carmela3.jpg\",\"contentUrl\":\"https:\\\/\\\/hijasdejesus.org\\\/wp-content\\\/uploads\\\/2016\\\/11\\\/carmela3.jpg\",\"width\":330,\"height\":338},{\"@type\":\"BreadcrumbList\",\"@id\":\"https:\\\/\\\/hijasdejesus.org\\\/pt-br\\\/no-japao-questao-de-fe\\\/#breadcrumb\",\"itemListElement\":[{\"@type\":\"ListItem\",\"position\":1,\"name\":\"Portada\",\"item\":\"https:\\\/\\\/hijasdejesus.org\\\/pt-br\\\/\"},{\"@type\":\"ListItem\",\"position\":2,\"name\":\"NO JAP\u00c3O: QUEST\u00c3O DE F\u00c9\"}]},{\"@type\":\"WebSite\",\"@id\":\"https:\\\/\\\/hijasdejesus.org\\\/pt-br\\\/#website\",\"url\":\"https:\\\/\\\/hijasdejesus.org\\\/pt-br\\\/\",\"name\":\"Hijas de Jes\u00fas\",\"description\":\"Despertamos a Jes\u00fas en el coraz\u00f3n, sacando lo mejor de las personas. Somos una congregaci\u00f3n religiosa ignaciana fundada por la Madre Candida\",\"publisher\":{\"@id\":\"https:\\\/\\\/hijasdejesus.org\\\/pt-br\\\/#organization\"},\"potentialAction\":[{\"@type\":\"SearchAction\",\"target\":{\"@type\":\"EntryPoint\",\"urlTemplate\":\"https:\\\/\\\/hijasdejesus.org\\\/pt-br\\\/?s={search_term_string}\"},\"query-input\":{\"@type\":\"PropertyValueSpecification\",\"valueRequired\":true,\"valueName\":\"search_term_string\"}}],\"inLanguage\":\"pt-BR\"},{\"@type\":\"Organization\",\"@id\":\"https:\\\/\\\/hijasdejesus.org\\\/pt-br\\\/#organization\",\"name\":\"Hijas de Jes\u00fas\",\"url\":\"https:\\\/\\\/hijasdejesus.org\\\/pt-br\\\/\",\"logo\":{\"@type\":\"ImageObject\",\"inLanguage\":\"pt-BR\",\"@id\":\"https:\\\/\\\/hijasdejesus.org\\\/pt-br\\\/#\\\/schema\\\/logo\\\/image\\\/\",\"url\":\"https:\\\/\\\/hijasdejesus.org\\\/wp-content\\\/uploads\\\/2023\\\/01\\\/Hijas-de-Jesus_hor-A7C957.png\",\"contentUrl\":\"https:\\\/\\\/hijasdejesus.org\\\/wp-content\\\/uploads\\\/2023\\\/01\\\/Hijas-de-Jesus_hor-A7C957.png\",\"width\":700,\"height\":360,\"caption\":\"Hijas de Jes\u00fas\"},\"image\":{\"@id\":\"https:\\\/\\\/hijasdejesus.org\\\/pt-br\\\/#\\\/schema\\\/logo\\\/image\\\/\"},\"sameAs\":[\"https:\\\/\\\/www.facebook.com\\\/hijasdejesusenelmundo\\\/\",\"https:\\\/\\\/x.com\\\/hijasdjesus\"]},{\"@type\":\"Person\",\"@id\":\"https:\\\/\\\/hijasdejesus.org\\\/pt-br\\\/#\\\/schema\\\/person\\\/ce4455965da733f2791f23b6ec14e9b6\",\"name\":\"Webmaster\",\"image\":{\"@type\":\"ImageObject\",\"inLanguage\":\"pt-BR\",\"@id\":\"https:\\\/\\\/secure.gravatar.com\\\/avatar\\\/cfd0acaac86c3981d541d2e99a0ffb7b6d33a5ac8989a62f5518b9e0f7ee128a?s=96&d=mm&r=g\",\"url\":\"https:\\\/\\\/secure.gravatar.com\\\/avatar\\\/cfd0acaac86c3981d541d2e99a0ffb7b6d33a5ac8989a62f5518b9e0f7ee128a?s=96&d=mm&r=g\",\"contentUrl\":\"https:\\\/\\\/secure.gravatar.com\\\/avatar\\\/cfd0acaac86c3981d541d2e99a0ffb7b6d33a5ac8989a62f5518b9e0f7ee128a?s=96&d=mm&r=g\",\"caption\":\"Webmaster\"},\"url\":\"https:\\\/\\\/hijasdejesus.org\\\/pt-br\\\/author\\\/webmaster\\\/\"}]}<\/script>\n<!-- \/ Yoast SEO plugin. -->","yoast_head_json":{"title":"NO JAP\u00c3O: QUEST\u00c3O DE F\u00c9 - Hijas de Jes\u00fas","robots":{"index":"index","follow":"follow","max-snippet":"max-snippet:-1","max-image-preview":"max-image-preview:large","max-video-preview":"max-video-preview:-1"},"canonical":"https:\/\/hijasdejesus.org\/pt-br\/no-japao-questao-de-fe\/","og_locale":"pt_BR","og_type":"article","og_title":"NO JAP\u00c3O: QUEST\u00c3O DE F\u00c9 - Hijas de Jes\u00fas","og_description":"Passou mais de um ano desde que cheguei ao Jap\u00e3o. Nenhuma universidade me havia ensinado a come\u00e7ar do zero uma nova vida. Foi uma decis\u00e3o dif\u00edcil ir a um lugar novo, onde n\u00e3o sou ningu\u00e9m, n\u00e3o conhe\u00e7o ningu\u00e9m, e n\u00e3o sei nenhuma palavra exceto \u201carigat\u00f4\u201d (obrigada!). Deixar meus seres queridos foi dif\u00edcil, al\u00e9m disso um [&hellip;]","og_url":"https:\/\/hijasdejesus.org\/pt-br\/no-japao-questao-de-fe\/","og_site_name":"Hijas de Jes\u00fas","article_publisher":"https:\/\/www.facebook.com\/hijasdejesusenelmundo\/","article_published_time":"2016-11-14T10:43:06+00:00","article_modified_time":"2016-11-16T16:40:18+00:00","og_image":[{"width":330,"height":338,"url":"https:\/\/hijasdejesus.org\/wp-content\/uploads\/2016\/11\/carmela3.jpg","type":"image\/jpeg"}],"author":"Webmaster","twitter_card":"summary_large_image","twitter_creator":"@hijasdjesus","twitter_site":"@hijasdjesus","twitter_misc":{"Escrito por":"Webmaster","Est. tempo de leitura":"4 minutos"},"schema":{"@context":"https:\/\/schema.org","@graph":[{"@type":"Article","@id":"https:\/\/hijasdejesus.org\/pt-br\/no-japao-questao-de-fe\/#article","isPartOf":{"@id":"https:\/\/hijasdejesus.org\/pt-br\/no-japao-questao-de-fe\/"},"author":{"name":"Webmaster","@id":"https:\/\/hijasdejesus.org\/pt-br\/#\/schema\/person\/ce4455965da733f2791f23b6ec14e9b6"},"headline":"NO JAP\u00c3O: QUEST\u00c3O DE F\u00c9","datePublished":"2016-11-14T10:43:06+00:00","dateModified":"2016-11-16T16:40:18+00:00","mainEntityOfPage":{"@id":"https:\/\/hijasdejesus.org\/pt-br\/no-japao-questao-de-fe\/"},"wordCount":790,"publisher":{"@id":"https:\/\/hijasdejesus.org\/pt-br\/#organization"},"image":{"@id":"https:\/\/hijasdejesus.org\/pt-br\/no-japao-questao-de-fe\/#primaryimage"},"thumbnailUrl":"https:\/\/hijasdejesus.org\/wp-content\/uploads\/2016\/11\/carmela3.jpg","articleSection":["\u00cdndico-Pac\u00edfico","Jap\u00e3o","Not\u00edcias"],"inLanguage":"pt-BR"},{"@type":"WebPage","@id":"https:\/\/hijasdejesus.org\/pt-br\/no-japao-questao-de-fe\/","url":"https:\/\/hijasdejesus.org\/pt-br\/no-japao-questao-de-fe\/","name":"NO JAP\u00c3O: QUEST\u00c3O DE F\u00c9 - Hijas de Jes\u00fas","isPartOf":{"@id":"https:\/\/hijasdejesus.org\/pt-br\/#website"},"primaryImageOfPage":{"@id":"https:\/\/hijasdejesus.org\/pt-br\/no-japao-questao-de-fe\/#primaryimage"},"image":{"@id":"https:\/\/hijasdejesus.org\/pt-br\/no-japao-questao-de-fe\/#primaryimage"},"thumbnailUrl":"https:\/\/hijasdejesus.org\/wp-content\/uploads\/2016\/11\/carmela3.jpg","datePublished":"2016-11-14T10:43:06+00:00","dateModified":"2016-11-16T16:40:18+00:00","breadcrumb":{"@id":"https:\/\/hijasdejesus.org\/pt-br\/no-japao-questao-de-fe\/#breadcrumb"},"inLanguage":"pt-BR","potentialAction":[{"@type":"ReadAction","target":["https:\/\/hijasdejesus.org\/pt-br\/no-japao-questao-de-fe\/"]}]},{"@type":"ImageObject","inLanguage":"pt-BR","@id":"https:\/\/hijasdejesus.org\/pt-br\/no-japao-questao-de-fe\/#primaryimage","url":"https:\/\/hijasdejesus.org\/wp-content\/uploads\/2016\/11\/carmela3.jpg","contentUrl":"https:\/\/hijasdejesus.org\/wp-content\/uploads\/2016\/11\/carmela3.jpg","width":330,"height":338},{"@type":"BreadcrumbList","@id":"https:\/\/hijasdejesus.org\/pt-br\/no-japao-questao-de-fe\/#breadcrumb","itemListElement":[{"@type":"ListItem","position":1,"name":"Portada","item":"https:\/\/hijasdejesus.org\/pt-br\/"},{"@type":"ListItem","position":2,"name":"NO JAP\u00c3O: QUEST\u00c3O DE F\u00c9"}]},{"@type":"WebSite","@id":"https:\/\/hijasdejesus.org\/pt-br\/#website","url":"https:\/\/hijasdejesus.org\/pt-br\/","name":"Hijas de Jes\u00fas","description":"Despertamos a Jes\u00fas en el coraz\u00f3n, sacando lo mejor de las personas. Somos una congregaci\u00f3n religiosa ignaciana fundada por la Madre Candida","publisher":{"@id":"https:\/\/hijasdejesus.org\/pt-br\/#organization"},"potentialAction":[{"@type":"SearchAction","target":{"@type":"EntryPoint","urlTemplate":"https:\/\/hijasdejesus.org\/pt-br\/?s={search_term_string}"},"query-input":{"@type":"PropertyValueSpecification","valueRequired":true,"valueName":"search_term_string"}}],"inLanguage":"pt-BR"},{"@type":"Organization","@id":"https:\/\/hijasdejesus.org\/pt-br\/#organization","name":"Hijas de Jes\u00fas","url":"https:\/\/hijasdejesus.org\/pt-br\/","logo":{"@type":"ImageObject","inLanguage":"pt-BR","@id":"https:\/\/hijasdejesus.org\/pt-br\/#\/schema\/logo\/image\/","url":"https:\/\/hijasdejesus.org\/wp-content\/uploads\/2023\/01\/Hijas-de-Jesus_hor-A7C957.png","contentUrl":"https:\/\/hijasdejesus.org\/wp-content\/uploads\/2023\/01\/Hijas-de-Jesus_hor-A7C957.png","width":700,"height":360,"caption":"Hijas de Jes\u00fas"},"image":{"@id":"https:\/\/hijasdejesus.org\/pt-br\/#\/schema\/logo\/image\/"},"sameAs":["https:\/\/www.facebook.com\/hijasdejesusenelmundo\/","https:\/\/x.com\/hijasdjesus"]},{"@type":"Person","@id":"https:\/\/hijasdejesus.org\/pt-br\/#\/schema\/person\/ce4455965da733f2791f23b6ec14e9b6","name":"Webmaster","image":{"@type":"ImageObject","inLanguage":"pt-BR","@id":"https:\/\/secure.gravatar.com\/avatar\/cfd0acaac86c3981d541d2e99a0ffb7b6d33a5ac8989a62f5518b9e0f7ee128a?s=96&d=mm&r=g","url":"https:\/\/secure.gravatar.com\/avatar\/cfd0acaac86c3981d541d2e99a0ffb7b6d33a5ac8989a62f5518b9e0f7ee128a?s=96&d=mm&r=g","contentUrl":"https:\/\/secure.gravatar.com\/avatar\/cfd0acaac86c3981d541d2e99a0ffb7b6d33a5ac8989a62f5518b9e0f7ee128a?s=96&d=mm&r=g","caption":"Webmaster"},"url":"https:\/\/hijasdejesus.org\/pt-br\/author\/webmaster\/"}]}},"_links":{"self":[{"href":"https:\/\/hijasdejesus.org\/pt-br\/wp-json\/wp\/v2\/posts\/28003","targetHints":{"allow":["GET"]}}],"collection":[{"href":"https:\/\/hijasdejesus.org\/pt-br\/wp-json\/wp\/v2\/posts"}],"about":[{"href":"https:\/\/hijasdejesus.org\/pt-br\/wp-json\/wp\/v2\/types\/post"}],"author":[{"embeddable":true,"href":"https:\/\/hijasdejesus.org\/pt-br\/wp-json\/wp\/v2\/users\/28"}],"replies":[{"embeddable":true,"href":"https:\/\/hijasdejesus.org\/pt-br\/wp-json\/wp\/v2\/comments?post=28003"}],"version-history":[{"count":0,"href":"https:\/\/hijasdejesus.org\/pt-br\/wp-json\/wp\/v2\/posts\/28003\/revisions"}],"wp:featuredmedia":[{"embeddable":true,"href":"https:\/\/hijasdejesus.org\/pt-br\/wp-json\/wp\/v2\/media\/7976"}],"wp:attachment":[{"href":"https:\/\/hijasdejesus.org\/pt-br\/wp-json\/wp\/v2\/media?parent=28003"}],"wp:term":[{"taxonomy":"category","embeddable":true,"href":"https:\/\/hijasdejesus.org\/pt-br\/wp-json\/wp\/v2\/categories?post=28003"},{"taxonomy":"post_tag","embeddable":true,"href":"https:\/\/hijasdejesus.org\/pt-br\/wp-json\/wp\/v2\/tags?post=28003"}],"curies":[{"name":"wp","href":"https:\/\/api.w.org\/{rel}","templated":true}]}}