{"id":28073,"date":"2016-12-08T12:52:19","date_gmt":"2016-12-08T11:52:19","guid":{"rendered":"https:\/\/nueva.hijasdejesus.org\/sentir-nos-filhas-por-nancy-martinez\/"},"modified":"2016-12-09T19:57:23","modified_gmt":"2016-12-09T18:57:23","slug":"sentir-nos-filhas-por-nancy-martinez","status":"publish","type":"post","link":"https:\/\/hijasdejesus.org\/pt-br\/sentir-nos-filhas-por-nancy-martinez\/","title":{"rendered":"Sentir-nos Filhas\u2026 por Nancy Mart\u00ednez"},"content":{"rendered":"<p>Em cada um dos dias da novena \u00e0 M\u00e3e e Estrela de nossos caminhos, Maria Imaculada, \u00e0s portas de celebrar com alegria e gozo por tanto bem recebido ao longo de 145 anos de funda\u00e7\u00e3o de nossa Congrega\u00e7\u00e3o, ressaltava o sentimento de filha que faz contemplar a hist\u00f3ria com mem\u00f3ria agradecida. O que foi iniciado em um dia 8 de dezembro de 1871 continua sendo, at\u00e9 nossos dias, caminho de vida entregue e confiada a Jesus, caminho para sermos configuradas a Ele, para sentirmos ser filhas no Filho. Sentir-nos filha \u00e9 gostar de ir cada dia ao encontro de Jesus que, como Pai generoso nos espera, \u00e9 entregar nosso cora\u00e7\u00e3o a Deus para um amor que nos ultrapasse, nos envolva, nos transcenda, gra\u00e7a transbordante e plena dada gratuitamente, fazendo experimentar que fora dele nada somos.<br \/>Sentir-se filha \u00e9 estar em cont\u00ednua busca, deixando-nos encontrar por Ele cada dia, e escutar sua resposta \u00e0s perguntas: de que modo? Com que atitudes? Como est\u00e1 minha disposi\u00e7\u00e3o para crescer na perten\u00e7a de filha, que deseja vivenci\u00e1-la em sua vida?<br \/>Sentir-se filha \u00e9 saborear hoje a hist\u00f3ria que, nos movendo internamente, e fazendo olhar para Jesus revelado na vida de Madre C\u00e2ndida, nos leva a colocar os meios, pondo-nos a caminho; desejar dar passos constantes e pressurosos para Aquele que j\u00e1 nos escolheu e olhou\u00a0 com amor, e quer que\u00a0 continuemos descobrindo-o no dia a dia nos rostos de tanta gente, nos acontecimentos e realidades que nos saem ao encontro e que somente sendo caminhantes como Jesus poderemos vivenci\u00e1-los, ampliando nosso olhar, abrindo o cora\u00e7\u00e3o para deixar-nos interpelar por Deus que habita e se manifesta em tudo, com amor de Pai Criador.<br \/>Sentir-se filha\u00a0 \u00e9 deixar-se ensinar, ser conduzida por El. Como Pai nos dar\u00e1 sua gra\u00e7a e a liberdade de filhas, nos acompanhar\u00e1 sua\u00a0 b\u00ean\u00e7\u00e3o, e a cada um de nossos retrocessos estar\u00e1 com os bra\u00e7os abertos para um abra\u00e7o.<br \/>Sentir-se filha \u00e9 cultivar o desejo compartilhado que se multiplica na cotidianidade, na vida em rela\u00e7\u00e3o com outros, na fraternidade de irm\u00e3s, companheiras de caminho, colaboradoras de um mesmo sonho amor e entrega. \u00c9 crescer em sensibilidade, respeito e ajuda; \u00e9 saber ser ponte que comunica o carisma deixado como precioso regalo pela Madre C\u00e2ndida e que hoje continua intercedendo ao Pai para que possamos ser verdadeiras e santas Filhas de Jesus.<\/p>\n<p style=\"text-align: center;\"><strong>Por Nancy Mart\u00ednez Guilarte, novi\u00e7a das Filhas de Jesus<\/strong><\/p>\n","protected":false},"excerpt":{"rendered":"<p>Em cada um dos dias da novena \u00e0 M\u00e3e e Estrela de nossos caminhos, Maria Imaculada, \u00e0s portas de celebrar com alegria e gozo por tanto bem recebido ao longo de 145 anos de funda\u00e7\u00e3o de nossa Congrega\u00e7\u00e3o, ressaltava o sentimento de filha que faz contemplar a hist\u00f3ria com mem\u00f3ria agradecida. O que foi iniciado [&hellip;]<\/p>\n","protected":false},"author":28,"featured_media":8098,"comment_status":"closed","ping_status":"closed","sticky":false,"template":"","format":"standard","meta":{"_et_pb_use_builder":"","_et_pb_old_content":"","_et_gb_content_width":"","footnotes":"","_links_to":"","_links_to_target":""},"categories":[483,529,469],"tags":[],"class_list":["post-28073","post","type-post","status-publish","format-standard","has-post-thumbnail","hentry","category-america-andina-pt-br","category-hijas-de-jesus-pt-br","category-noticias-pt-br"],"yoast_head":"<!-- This site is optimized with the Yoast SEO plugin v27.5 - https:\/\/yoast.com\/product\/yoast-seo-wordpress\/ -->\n<title>Sentir-nos Filhas\u2026 por Nancy Mart\u00ednez - Hijas de Jes\u00fas<\/title>\n<meta name=\"robots\" content=\"index, follow, max-snippet:-1, max-image-preview:large, max-video-preview:-1\" \/>\n<link rel=\"canonical\" href=\"https:\/\/hijasdejesus.org\/pt-br\/sentir-nos-filhas-por-nancy-martinez\/\" \/>\n<meta property=\"og:locale\" content=\"pt_BR\" \/>\n<meta property=\"og:type\" content=\"article\" \/>\n<meta property=\"og:title\" content=\"Sentir-nos Filhas\u2026 por Nancy Mart\u00ednez - Hijas de Jes\u00fas\" \/>\n<meta property=\"og:description\" content=\"Em cada um dos dias da novena \u00e0 M\u00e3e e Estrela de nossos caminhos, Maria Imaculada, \u00e0s portas de celebrar com alegria e gozo por tanto bem recebido ao longo de 145 anos de funda\u00e7\u00e3o de nossa Congrega\u00e7\u00e3o, ressaltava o sentimento de filha que faz contemplar a hist\u00f3ria com mem\u00f3ria agradecida. O que foi iniciado [&hellip;]\" \/>\n<meta property=\"og:url\" content=\"https:\/\/hijasdejesus.org\/pt-br\/sentir-nos-filhas-por-nancy-martinez\/\" \/>\n<meta property=\"og:site_name\" content=\"Hijas de Jes\u00fas\" \/>\n<meta property=\"article:publisher\" content=\"https:\/\/www.facebook.com\/hijasdejesusenelmundo\/\" \/>\n<meta property=\"article:published_time\" content=\"2016-12-08T11:52:19+00:00\" \/>\n<meta property=\"article:modified_time\" content=\"2016-12-09T18:57:23+00:00\" \/>\n<meta property=\"og:image\" content=\"https:\/\/hijasdejesus.org\/wp-content\/uploads\/2016\/12\/nancymartinez.jpg\" \/>\n\t<meta property=\"og:image:width\" content=\"2048\" \/>\n\t<meta property=\"og:image:height\" content=\"1536\" \/>\n\t<meta property=\"og:image:type\" content=\"image\/jpeg\" \/>\n<meta name=\"author\" content=\"Webmaster\" \/>\n<meta name=\"twitter:card\" content=\"summary_large_image\" \/>\n<meta name=\"twitter:creator\" content=\"@hijasdjesus\" \/>\n<meta name=\"twitter:site\" content=\"@hijasdjesus\" \/>\n<meta name=\"twitter:label1\" content=\"Escrito por\" \/>\n\t<meta name=\"twitter:data1\" content=\"Webmaster\" \/>\n\t<meta name=\"twitter:label2\" content=\"Est. tempo de leitura\" \/>\n\t<meta name=\"twitter:data2\" content=\"2 minutos\" \/>\n<script type=\"application\/ld+json\" class=\"yoast-schema-graph\">{\"@context\":\"https:\\\/\\\/schema.org\",\"@graph\":[{\"@type\":\"Article\",\"@id\":\"https:\\\/\\\/hijasdejesus.org\\\/pt-br\\\/sentir-nos-filhas-por-nancy-martinez\\\/#article\",\"isPartOf\":{\"@id\":\"https:\\\/\\\/hijasdejesus.org\\\/pt-br\\\/sentir-nos-filhas-por-nancy-martinez\\\/\"},\"author\":{\"name\":\"Webmaster\",\"@id\":\"https:\\\/\\\/hijasdejesus.org\\\/pt-br\\\/#\\\/schema\\\/person\\\/ce4455965da733f2791f23b6ec14e9b6\"},\"headline\":\"Sentir-nos Filhas\u2026 por Nancy Mart\u00ednez\",\"datePublished\":\"2016-12-08T11:52:19+00:00\",\"dateModified\":\"2016-12-09T18:57:23+00:00\",\"mainEntityOfPage\":{\"@id\":\"https:\\\/\\\/hijasdejesus.org\\\/pt-br\\\/sentir-nos-filhas-por-nancy-martinez\\\/\"},\"wordCount\":417,\"publisher\":{\"@id\":\"https:\\\/\\\/hijasdejesus.org\\\/pt-br\\\/#organization\"},\"image\":{\"@id\":\"https:\\\/\\\/hijasdejesus.org\\\/pt-br\\\/sentir-nos-filhas-por-nancy-martinez\\\/#primaryimage\"},\"thumbnailUrl\":\"https:\\\/\\\/hijasdejesus.org\\\/wp-content\\\/uploads\\\/2016\\\/12\\\/nancymartinez.jpg\",\"articleSection\":[\"Am\u00e9rica Andina\",\"Hijas de Jes\u00fas\",\"Not\u00edcias\"],\"inLanguage\":\"pt-BR\"},{\"@type\":\"WebPage\",\"@id\":\"https:\\\/\\\/hijasdejesus.org\\\/pt-br\\\/sentir-nos-filhas-por-nancy-martinez\\\/\",\"url\":\"https:\\\/\\\/hijasdejesus.org\\\/pt-br\\\/sentir-nos-filhas-por-nancy-martinez\\\/\",\"name\":\"Sentir-nos Filhas\u2026 por Nancy Mart\u00ednez - Hijas de Jes\u00fas\",\"isPartOf\":{\"@id\":\"https:\\\/\\\/hijasdejesus.org\\\/pt-br\\\/#website\"},\"primaryImageOfPage\":{\"@id\":\"https:\\\/\\\/hijasdejesus.org\\\/pt-br\\\/sentir-nos-filhas-por-nancy-martinez\\\/#primaryimage\"},\"image\":{\"@id\":\"https:\\\/\\\/hijasdejesus.org\\\/pt-br\\\/sentir-nos-filhas-por-nancy-martinez\\\/#primaryimage\"},\"thumbnailUrl\":\"https:\\\/\\\/hijasdejesus.org\\\/wp-content\\\/uploads\\\/2016\\\/12\\\/nancymartinez.jpg\",\"datePublished\":\"2016-12-08T11:52:19+00:00\",\"dateModified\":\"2016-12-09T18:57:23+00:00\",\"breadcrumb\":{\"@id\":\"https:\\\/\\\/hijasdejesus.org\\\/pt-br\\\/sentir-nos-filhas-por-nancy-martinez\\\/#breadcrumb\"},\"inLanguage\":\"pt-BR\",\"potentialAction\":[{\"@type\":\"ReadAction\",\"target\":[\"https:\\\/\\\/hijasdejesus.org\\\/pt-br\\\/sentir-nos-filhas-por-nancy-martinez\\\/\"]}]},{\"@type\":\"ImageObject\",\"inLanguage\":\"pt-BR\",\"@id\":\"https:\\\/\\\/hijasdejesus.org\\\/pt-br\\\/sentir-nos-filhas-por-nancy-martinez\\\/#primaryimage\",\"url\":\"https:\\\/\\\/hijasdejesus.org\\\/wp-content\\\/uploads\\\/2016\\\/12\\\/nancymartinez.jpg\",\"contentUrl\":\"https:\\\/\\\/hijasdejesus.org\\\/wp-content\\\/uploads\\\/2016\\\/12\\\/nancymartinez.jpg\",\"width\":2048,\"height\":1536},{\"@type\":\"BreadcrumbList\",\"@id\":\"https:\\\/\\\/hijasdejesus.org\\\/pt-br\\\/sentir-nos-filhas-por-nancy-martinez\\\/#breadcrumb\",\"itemListElement\":[{\"@type\":\"ListItem\",\"position\":1,\"name\":\"Portada\",\"item\":\"https:\\\/\\\/hijasdejesus.org\\\/pt-br\\\/\"},{\"@type\":\"ListItem\",\"position\":2,\"name\":\"Sentir-nos Filhas\u2026 por Nancy Mart\u00ednez\"}]},{\"@type\":\"WebSite\",\"@id\":\"https:\\\/\\\/hijasdejesus.org\\\/pt-br\\\/#website\",\"url\":\"https:\\\/\\\/hijasdejesus.org\\\/pt-br\\\/\",\"name\":\"Hijas de Jes\u00fas\",\"description\":\"Despertamos a Jes\u00fas en el coraz\u00f3n, sacando lo mejor de las personas. Somos una congregaci\u00f3n religiosa ignaciana fundada por la Madre Candida\",\"publisher\":{\"@id\":\"https:\\\/\\\/hijasdejesus.org\\\/pt-br\\\/#organization\"},\"potentialAction\":[{\"@type\":\"SearchAction\",\"target\":{\"@type\":\"EntryPoint\",\"urlTemplate\":\"https:\\\/\\\/hijasdejesus.org\\\/pt-br\\\/?s={search_term_string}\"},\"query-input\":{\"@type\":\"PropertyValueSpecification\",\"valueRequired\":true,\"valueName\":\"search_term_string\"}}],\"inLanguage\":\"pt-BR\"},{\"@type\":\"Organization\",\"@id\":\"https:\\\/\\\/hijasdejesus.org\\\/pt-br\\\/#organization\",\"name\":\"Hijas de Jes\u00fas\",\"url\":\"https:\\\/\\\/hijasdejesus.org\\\/pt-br\\\/\",\"logo\":{\"@type\":\"ImageObject\",\"inLanguage\":\"pt-BR\",\"@id\":\"https:\\\/\\\/hijasdejesus.org\\\/pt-br\\\/#\\\/schema\\\/logo\\\/image\\\/\",\"url\":\"https:\\\/\\\/hijasdejesus.org\\\/wp-content\\\/uploads\\\/2023\\\/01\\\/Hijas-de-Jesus_hor-A7C957.png\",\"contentUrl\":\"https:\\\/\\\/hijasdejesus.org\\\/wp-content\\\/uploads\\\/2023\\\/01\\\/Hijas-de-Jesus_hor-A7C957.png\",\"width\":700,\"height\":360,\"caption\":\"Hijas de Jes\u00fas\"},\"image\":{\"@id\":\"https:\\\/\\\/hijasdejesus.org\\\/pt-br\\\/#\\\/schema\\\/logo\\\/image\\\/\"},\"sameAs\":[\"https:\\\/\\\/www.facebook.com\\\/hijasdejesusenelmundo\\\/\",\"https:\\\/\\\/x.com\\\/hijasdjesus\"]},{\"@type\":\"Person\",\"@id\":\"https:\\\/\\\/hijasdejesus.org\\\/pt-br\\\/#\\\/schema\\\/person\\\/ce4455965da733f2791f23b6ec14e9b6\",\"name\":\"Webmaster\",\"image\":{\"@type\":\"ImageObject\",\"inLanguage\":\"pt-BR\",\"@id\":\"https:\\\/\\\/secure.gravatar.com\\\/avatar\\\/cfd0acaac86c3981d541d2e99a0ffb7b6d33a5ac8989a62f5518b9e0f7ee128a?s=96&d=mm&r=g\",\"url\":\"https:\\\/\\\/secure.gravatar.com\\\/avatar\\\/cfd0acaac86c3981d541d2e99a0ffb7b6d33a5ac8989a62f5518b9e0f7ee128a?s=96&d=mm&r=g\",\"contentUrl\":\"https:\\\/\\\/secure.gravatar.com\\\/avatar\\\/cfd0acaac86c3981d541d2e99a0ffb7b6d33a5ac8989a62f5518b9e0f7ee128a?s=96&d=mm&r=g\",\"caption\":\"Webmaster\"},\"url\":\"https:\\\/\\\/hijasdejesus.org\\\/pt-br\\\/author\\\/webmaster\\\/\"}]}<\/script>\n<!-- \/ Yoast SEO plugin. -->","yoast_head_json":{"title":"Sentir-nos Filhas\u2026 por Nancy Mart\u00ednez - Hijas de Jes\u00fas","robots":{"index":"index","follow":"follow","max-snippet":"max-snippet:-1","max-image-preview":"max-image-preview:large","max-video-preview":"max-video-preview:-1"},"canonical":"https:\/\/hijasdejesus.org\/pt-br\/sentir-nos-filhas-por-nancy-martinez\/","og_locale":"pt_BR","og_type":"article","og_title":"Sentir-nos Filhas\u2026 por Nancy Mart\u00ednez - Hijas de Jes\u00fas","og_description":"Em cada um dos dias da novena \u00e0 M\u00e3e e Estrela de nossos caminhos, Maria Imaculada, \u00e0s portas de celebrar com alegria e gozo por tanto bem recebido ao longo de 145 anos de funda\u00e7\u00e3o de nossa Congrega\u00e7\u00e3o, ressaltava o sentimento de filha que faz contemplar a hist\u00f3ria com mem\u00f3ria agradecida. O que foi iniciado [&hellip;]","og_url":"https:\/\/hijasdejesus.org\/pt-br\/sentir-nos-filhas-por-nancy-martinez\/","og_site_name":"Hijas de Jes\u00fas","article_publisher":"https:\/\/www.facebook.com\/hijasdejesusenelmundo\/","article_published_time":"2016-12-08T11:52:19+00:00","article_modified_time":"2016-12-09T18:57:23+00:00","og_image":[{"width":2048,"height":1536,"url":"https:\/\/hijasdejesus.org\/wp-content\/uploads\/2016\/12\/nancymartinez.jpg","type":"image\/jpeg"}],"author":"Webmaster","twitter_card":"summary_large_image","twitter_creator":"@hijasdjesus","twitter_site":"@hijasdjesus","twitter_misc":{"Escrito por":"Webmaster","Est. tempo de leitura":"2 minutos"},"schema":{"@context":"https:\/\/schema.org","@graph":[{"@type":"Article","@id":"https:\/\/hijasdejesus.org\/pt-br\/sentir-nos-filhas-por-nancy-martinez\/#article","isPartOf":{"@id":"https:\/\/hijasdejesus.org\/pt-br\/sentir-nos-filhas-por-nancy-martinez\/"},"author":{"name":"Webmaster","@id":"https:\/\/hijasdejesus.org\/pt-br\/#\/schema\/person\/ce4455965da733f2791f23b6ec14e9b6"},"headline":"Sentir-nos Filhas\u2026 por Nancy Mart\u00ednez","datePublished":"2016-12-08T11:52:19+00:00","dateModified":"2016-12-09T18:57:23+00:00","mainEntityOfPage":{"@id":"https:\/\/hijasdejesus.org\/pt-br\/sentir-nos-filhas-por-nancy-martinez\/"},"wordCount":417,"publisher":{"@id":"https:\/\/hijasdejesus.org\/pt-br\/#organization"},"image":{"@id":"https:\/\/hijasdejesus.org\/pt-br\/sentir-nos-filhas-por-nancy-martinez\/#primaryimage"},"thumbnailUrl":"https:\/\/hijasdejesus.org\/wp-content\/uploads\/2016\/12\/nancymartinez.jpg","articleSection":["Am\u00e9rica Andina","Hijas de Jes\u00fas","Not\u00edcias"],"inLanguage":"pt-BR"},{"@type":"WebPage","@id":"https:\/\/hijasdejesus.org\/pt-br\/sentir-nos-filhas-por-nancy-martinez\/","url":"https:\/\/hijasdejesus.org\/pt-br\/sentir-nos-filhas-por-nancy-martinez\/","name":"Sentir-nos Filhas\u2026 por Nancy Mart\u00ednez - Hijas de Jes\u00fas","isPartOf":{"@id":"https:\/\/hijasdejesus.org\/pt-br\/#website"},"primaryImageOfPage":{"@id":"https:\/\/hijasdejesus.org\/pt-br\/sentir-nos-filhas-por-nancy-martinez\/#primaryimage"},"image":{"@id":"https:\/\/hijasdejesus.org\/pt-br\/sentir-nos-filhas-por-nancy-martinez\/#primaryimage"},"thumbnailUrl":"https:\/\/hijasdejesus.org\/wp-content\/uploads\/2016\/12\/nancymartinez.jpg","datePublished":"2016-12-08T11:52:19+00:00","dateModified":"2016-12-09T18:57:23+00:00","breadcrumb":{"@id":"https:\/\/hijasdejesus.org\/pt-br\/sentir-nos-filhas-por-nancy-martinez\/#breadcrumb"},"inLanguage":"pt-BR","potentialAction":[{"@type":"ReadAction","target":["https:\/\/hijasdejesus.org\/pt-br\/sentir-nos-filhas-por-nancy-martinez\/"]}]},{"@type":"ImageObject","inLanguage":"pt-BR","@id":"https:\/\/hijasdejesus.org\/pt-br\/sentir-nos-filhas-por-nancy-martinez\/#primaryimage","url":"https:\/\/hijasdejesus.org\/wp-content\/uploads\/2016\/12\/nancymartinez.jpg","contentUrl":"https:\/\/hijasdejesus.org\/wp-content\/uploads\/2016\/12\/nancymartinez.jpg","width":2048,"height":1536},{"@type":"BreadcrumbList","@id":"https:\/\/hijasdejesus.org\/pt-br\/sentir-nos-filhas-por-nancy-martinez\/#breadcrumb","itemListElement":[{"@type":"ListItem","position":1,"name":"Portada","item":"https:\/\/hijasdejesus.org\/pt-br\/"},{"@type":"ListItem","position":2,"name":"Sentir-nos Filhas\u2026 por Nancy Mart\u00ednez"}]},{"@type":"WebSite","@id":"https:\/\/hijasdejesus.org\/pt-br\/#website","url":"https:\/\/hijasdejesus.org\/pt-br\/","name":"Hijas de Jes\u00fas","description":"Despertamos a Jes\u00fas en el coraz\u00f3n, sacando lo mejor de las personas. Somos una congregaci\u00f3n religiosa ignaciana fundada por la Madre Candida","publisher":{"@id":"https:\/\/hijasdejesus.org\/pt-br\/#organization"},"potentialAction":[{"@type":"SearchAction","target":{"@type":"EntryPoint","urlTemplate":"https:\/\/hijasdejesus.org\/pt-br\/?s={search_term_string}"},"query-input":{"@type":"PropertyValueSpecification","valueRequired":true,"valueName":"search_term_string"}}],"inLanguage":"pt-BR"},{"@type":"Organization","@id":"https:\/\/hijasdejesus.org\/pt-br\/#organization","name":"Hijas de Jes\u00fas","url":"https:\/\/hijasdejesus.org\/pt-br\/","logo":{"@type":"ImageObject","inLanguage":"pt-BR","@id":"https:\/\/hijasdejesus.org\/pt-br\/#\/schema\/logo\/image\/","url":"https:\/\/hijasdejesus.org\/wp-content\/uploads\/2023\/01\/Hijas-de-Jesus_hor-A7C957.png","contentUrl":"https:\/\/hijasdejesus.org\/wp-content\/uploads\/2023\/01\/Hijas-de-Jesus_hor-A7C957.png","width":700,"height":360,"caption":"Hijas de Jes\u00fas"},"image":{"@id":"https:\/\/hijasdejesus.org\/pt-br\/#\/schema\/logo\/image\/"},"sameAs":["https:\/\/www.facebook.com\/hijasdejesusenelmundo\/","https:\/\/x.com\/hijasdjesus"]},{"@type":"Person","@id":"https:\/\/hijasdejesus.org\/pt-br\/#\/schema\/person\/ce4455965da733f2791f23b6ec14e9b6","name":"Webmaster","image":{"@type":"ImageObject","inLanguage":"pt-BR","@id":"https:\/\/secure.gravatar.com\/avatar\/cfd0acaac86c3981d541d2e99a0ffb7b6d33a5ac8989a62f5518b9e0f7ee128a?s=96&d=mm&r=g","url":"https:\/\/secure.gravatar.com\/avatar\/cfd0acaac86c3981d541d2e99a0ffb7b6d33a5ac8989a62f5518b9e0f7ee128a?s=96&d=mm&r=g","contentUrl":"https:\/\/secure.gravatar.com\/avatar\/cfd0acaac86c3981d541d2e99a0ffb7b6d33a5ac8989a62f5518b9e0f7ee128a?s=96&d=mm&r=g","caption":"Webmaster"},"url":"https:\/\/hijasdejesus.org\/pt-br\/author\/webmaster\/"}]}},"_links":{"self":[{"href":"https:\/\/hijasdejesus.org\/pt-br\/wp-json\/wp\/v2\/posts\/28073","targetHints":{"allow":["GET"]}}],"collection":[{"href":"https:\/\/hijasdejesus.org\/pt-br\/wp-json\/wp\/v2\/posts"}],"about":[{"href":"https:\/\/hijasdejesus.org\/pt-br\/wp-json\/wp\/v2\/types\/post"}],"author":[{"embeddable":true,"href":"https:\/\/hijasdejesus.org\/pt-br\/wp-json\/wp\/v2\/users\/28"}],"replies":[{"embeddable":true,"href":"https:\/\/hijasdejesus.org\/pt-br\/wp-json\/wp\/v2\/comments?post=28073"}],"version-history":[{"count":0,"href":"https:\/\/hijasdejesus.org\/pt-br\/wp-json\/wp\/v2\/posts\/28073\/revisions"}],"wp:featuredmedia":[{"embeddable":true,"href":"https:\/\/hijasdejesus.org\/pt-br\/wp-json\/wp\/v2\/media\/8098"}],"wp:attachment":[{"href":"https:\/\/hijasdejesus.org\/pt-br\/wp-json\/wp\/v2\/media?parent=28073"}],"wp:term":[{"taxonomy":"category","embeddable":true,"href":"https:\/\/hijasdejesus.org\/pt-br\/wp-json\/wp\/v2\/categories?post=28073"},{"taxonomy":"post_tag","embeddable":true,"href":"https:\/\/hijasdejesus.org\/pt-br\/wp-json\/wp\/v2\/tags?post=28073"}],"curies":[{"name":"wp","href":"https:\/\/api.w.org\/{rel}","templated":true}]}}