{"id":28110,"date":"2016-12-31T13:19:49","date_gmt":"2016-12-31T12:19:49","guid":{"rendered":"https:\/\/nueva.hijasdejesus.org\/experiencia-apostolica-na-bolivia-por-pilar-garcia-junco-fi-2\/"},"modified":"2016-12-31T20:13:34","modified_gmt":"2016-12-31T19:13:34","slug":"experiencia-apostolica-na-bolivia-por-pilar-garcia-junco-fi-2","status":"publish","type":"post","link":"https:\/\/hijasdejesus.org\/pt-br\/experiencia-apostolica-na-bolivia-por-pilar-garcia-junco-fi-2\/","title":{"rendered":"Experi\u00eancia Apost\u00f3lica na Bol\u00edvia, por Pilar Garc\u00eda-Junco fi"},"content":{"rendered":"<p>A experi\u00eancia apost\u00f3lica terminou. <br \/>Neste primeiro dia de minha volta a Cochabamba quis que minha ora\u00e7\u00e3o recolhesse um pouco a viv\u00eancia destes dias. Na primeira leitura da liturgia de hoje me encontro com 1Jo.1, 1 \u2013 4: \u201cO que vimos e ouvimos lhes anunciamos\u201d, e isto me anima mais a compartilhar com voc\u00eas esta experi\u00eancia que foi ao mesmo tempo rica, boa e dura, \u00e0s vezes muito dura. <br \/>Antes da partida, quis me situar diante desta experi\u00eancia apost\u00f3lica que suspeitava ser dif\u00edcil para mim por dois motivos. Por uma parte pensei serem poucos dias; em uma semana mal teria tempo para entrar e j\u00e1 teria que sair. Por outra parte notava que poderia sentir dificuldade nesse sentido apost\u00f3lico, porque sou uma pessoa mais identificada com Bet\u00e2nia do que com o ser de ap\u00f3stolo, com esse tu a tu entre a Marta ativa e reclamante, e a Maria contemplativa sempre aos p\u00e9s de seu Senhor e encantada por tudo o que Ele diz ou faz. <br \/>Por\u00e9m, quase sempre que penso nisto chego \u00e0 mesma conclus\u00e3o: cada pessoa \u00e9 como \u00e9, e conto com os dons que tenho e reconhe\u00e7o na realidade concreta, incluindo o tempo e o lugar, aquilo que Deus haja disposto para mim, quer seja com ou sem um fim determinado. Estar sempre aberta ao Encontro, deixar-me levar por uma m\u00e3o segura e por Algu\u00e9m que sabe mais do que eu, confiar em que algo do pouco que eu fa\u00e7a ou diga possa ficar unido ao Nome de Jesus na lembran\u00e7a de algu\u00e9m\u2026 Para mim isto \u00e9 suficiente para dar um pouco de for\u00e7a ao sentido de ap\u00f3stolo que n\u00e3o tenho.<\/p>\n<p><img loading=\"lazy\" decoding=\"async\" class=\" size-full wp-image-8188\" style=\"display: block; margin-left: auto; margin-right: auto;\" src=\"https:\/\/hijasdejesus.org\/wp-content\/uploads\/2016\/12\/bolivia_expapost_pilargj10.JPG\" alt=\"\" width=\"813\" height=\"768\" srcset=\"https:\/\/hijasdejesus.org\/wp-content\/uploads\/2016\/12\/bolivia_expapost_pilargj10.JPG 813w, https:\/\/hijasdejesus.org\/wp-content\/uploads\/2016\/12\/bolivia_expapost_pilargj10-300x283.jpg 300w, https:\/\/hijasdejesus.org\/wp-content\/uploads\/2016\/12\/bolivia_expapost_pilargj10-768x725.jpg 768w, https:\/\/hijasdejesus.org\/wp-content\/uploads\/2016\/12\/bolivia_expapost_pilargj10-480x453.jpg 480w\" sizes=\"(max-width: 813px) 100vw, 813px\" \/><img loading=\"lazy\" decoding=\"async\" class=\" size-full wp-image-8190\" style=\"display: block; margin-left: auto; margin-right: auto;\" src=\"https:\/\/hijasdejesus.org\/wp-content\/uploads\/2016\/12\/bolivia_expapost_pilargj12.jpg\" alt=\"\" width=\"1024\" height=\"768\" srcset=\"https:\/\/hijasdejesus.org\/wp-content\/uploads\/2016\/12\/bolivia_expapost_pilargj12.jpg 1024w, https:\/\/hijasdejesus.org\/wp-content\/uploads\/2016\/12\/bolivia_expapost_pilargj12-980x735.jpg 980w, https:\/\/hijasdejesus.org\/wp-content\/uploads\/2016\/12\/bolivia_expapost_pilargj12-480x360.jpg 480w\" sizes=\"(min-width: 0px) and (max-width: 480px) 480px, (min-width: 481px) and (max-width: 980px) 980px, (min-width: 981px) 1024px, 100vw\" \/><\/p>\n<p>Estes oito dias foram um constante encontrar-me com senhoras idosas sozinhas, com uma diferen\u00e7a entre o urbano e o rural mais acentuada do que em outros lugares, com pessoas enfermas, com a falta de \u00e1gua, a morte por acidente de trabalho, casais com seus problemas e lutas para prosseguir, com o isolamento da aldeia perdida na montanha, com uma juventude que canta e dan\u00e7a como em todas as partes, m\u00e3es muito jovens, sacerdotes que querem trabalhar desde a profundidade e identidade do povo nativo, com crian\u00e7as que trabalham e t\u00eam rostos inesquec\u00edveis\u2026 Certamente deixei de nomear algo.<\/p>\n<p><img loading=\"lazy\" decoding=\"async\" class=\" size-full wp-image-8192\" style=\"display: block; margin-left: auto; margin-right: auto;\" src=\"https:\/\/hijasdejesus.org\/wp-content\/uploads\/2016\/12\/bolivia_expapost_pilargj11.jpg\" alt=\"\" width=\"1024\" height=\"768\" srcset=\"https:\/\/hijasdejesus.org\/wp-content\/uploads\/2016\/12\/bolivia_expapost_pilargj11.jpg 1024w, https:\/\/hijasdejesus.org\/wp-content\/uploads\/2016\/12\/bolivia_expapost_pilargj11-980x735.jpg 980w, https:\/\/hijasdejesus.org\/wp-content\/uploads\/2016\/12\/bolivia_expapost_pilargj11-480x360.jpg 480w\" sizes=\"(min-width: 0px) and (max-width: 480px) 480px, (min-width: 481px) and (max-width: 980px) 980px, (min-width: 981px) 1024px, 100vw\" \/><img loading=\"lazy\" decoding=\"async\" class=\" size-full wp-image-8194\" style=\"display: block; margin-left: auto; margin-right: auto;\" src=\"https:\/\/hijasdejesus.org\/wp-content\/uploads\/2016\/12\/bolivia_expapost_pilargj13.jpg\" alt=\"\" width=\"768\" height=\"1024\" srcset=\"https:\/\/hijasdejesus.org\/wp-content\/uploads\/2016\/12\/bolivia_expapost_pilargj13.jpg 768w, https:\/\/hijasdejesus.org\/wp-content\/uploads\/2016\/12\/bolivia_expapost_pilargj13-480x640.jpg 480w\" sizes=\"(min-width: 0px) and (max-width: 480px) 480px, (min-width: 481px) 768px, 100vw\" \/><br \/>Uma coisa me chamou a aten\u00e7\u00e3o, serviu-me de contraste entre o que eu via e o que eles me diziam inclusive com seus sil\u00eancios. Por onde eu passava via pobreza, escassez de tudo, car\u00eancia do mais b\u00e1sico, falta de recursos elementares, etc. Por\u00e9m de ningu\u00e9m, absolutamente ningu\u00e9m, ouvi um \u201cn\u00e3o tenho\u201d, um \u201cque vida ruim\u201d, nem um \u201cpor que para n\u00f3s?\u201d. Eu, sim, pensava nisso, mas, eles n\u00e3o o diziam. N\u00e3o havia nenhuma reclama\u00e7\u00e3o pelas situa\u00e7\u00f5es pessoais de pobreza material, mas, sim, muitas b\u00ean\u00e7\u00e3os ao c\u00e9u e gratid\u00e3o a Deus que n\u00e3o se esquece de n\u00f3s. Olhando-os posso entender melhor o que \u00e9 se sentir dependente da Gra\u00e7a de Deus. <br \/>N\u00e3o desfrutei convivendo com esta realidade; ningu\u00e9m pode se sentir bem com uma experi\u00eancia de dor e sofrimento para muitos. Houve momentos em que necessitei um espa\u00e7o para frear meu interior porque a realidade me superava e n\u00e3o assimilava t\u00e3o depressa o que se apresentava diante de mim. \u00c0s vezes, quando nosso exterior n\u00e3o coincide com nosso interior, corremos o risco de cair no desequil\u00edbrio, e para evitar isso \u00e9 necess\u00e1rio parar e ver o que est\u00e1 acontecendo. E deixar que Deus atue. <br \/>Estou feliz. Feliz e agradecida, muito agradecida, porque agora s\u00e3o eles me fizeram ver e sentir o Nome de Jesus unido a cada uma de suas pessoas. E tudo o que est\u00e1 unido ao Nome de Jesus eu n\u00e3o posso esquecer.\u00a0<\/p>\n<p><img loading=\"lazy\" decoding=\"async\" class=\" size-full wp-image-8196\" style=\"display: block; margin-left: auto; margin-right: auto;\" src=\"https:\/\/hijasdejesus.org\/wp-content\/uploads\/2016\/12\/bolivia_expapost_pilargj14.jpg\" alt=\"\" width=\"768\" height=\"1024\" srcset=\"https:\/\/hijasdejesus.org\/wp-content\/uploads\/2016\/12\/bolivia_expapost_pilargj14.jpg 768w, https:\/\/hijasdejesus.org\/wp-content\/uploads\/2016\/12\/bolivia_expapost_pilargj14-480x640.jpg 480w\" sizes=\"(min-width: 0px) and (max-width: 480px) 480px, (min-width: 481px) 768px, 100vw\" \/><img loading=\"lazy\" decoding=\"async\" class=\" size-full wp-image-8198\" style=\"display: block; margin-left: auto; margin-right: auto;\" src=\"https:\/\/hijasdejesus.org\/wp-content\/uploads\/2016\/12\/bolivia_expapost_pilargj15.jpg\" alt=\"\" width=\"1024\" height=\"768\" srcset=\"https:\/\/hijasdejesus.org\/wp-content\/uploads\/2016\/12\/bolivia_expapost_pilargj15.jpg 1024w, https:\/\/hijasdejesus.org\/wp-content\/uploads\/2016\/12\/bolivia_expapost_pilargj15-980x735.jpg 980w, https:\/\/hijasdejesus.org\/wp-content\/uploads\/2016\/12\/bolivia_expapost_pilargj15-480x360.jpg 480w\" sizes=\"(min-width: 0px) and (max-width: 480px) 480px, (min-width: 481px) and (max-width: 980px) 980px, (min-width: 981px) 1024px, 100vw\" \/><img loading=\"lazy\" decoding=\"async\" class=\" size-full wp-image-8200\" style=\"display: block; margin-left: auto; margin-right: auto;\" src=\"https:\/\/hijasdejesus.org\/wp-content\/uploads\/2016\/12\/bolivia_expapost_pilargj16.JPG\" alt=\"\" width=\"768\" height=\"839\" srcset=\"https:\/\/hijasdejesus.org\/wp-content\/uploads\/2016\/12\/bolivia_expapost_pilargj16.JPG 768w, https:\/\/hijasdejesus.org\/wp-content\/uploads\/2016\/12\/bolivia_expapost_pilargj16-275x300.jpg 275w, https:\/\/hijasdejesus.org\/wp-content\/uploads\/2016\/12\/bolivia_expapost_pilargj16-480x524.jpg 480w\" sizes=\"(max-width: 768px) 100vw, 768px\" \/><img loading=\"lazy\" decoding=\"async\" class=\" size-full wp-image-8202\" style=\"display: block; margin-left: auto; margin-right: auto;\" src=\"https:\/\/hijasdejesus.org\/wp-content\/uploads\/2016\/12\/bolivia_expapost_pilargj17.JPG\" alt=\"\" width=\"571\" height=\"1024\" srcset=\"https:\/\/hijasdejesus.org\/wp-content\/uploads\/2016\/12\/bolivia_expapost_pilargj17.JPG 571w, https:\/\/hijasdejesus.org\/wp-content\/uploads\/2016\/12\/bolivia_expapost_pilargj17-167x300.jpg 167w, https:\/\/hijasdejesus.org\/wp-content\/uploads\/2016\/12\/bolivia_expapost_pilargj17-480x861.jpg 480w\" sizes=\"(max-width: 571px) 100vw, 571px\" \/><br \/>Bem, para terminar vou lhes dizer duas coisas que desfrutei muit\u00edssimo. Uma \u00e9 o contato com a natureza e a outra \u00e9 ter podido estar com outras Filhas de Jesus. As hortas que nos rodeavam eram uma maravilha e tamb\u00e9m as irm\u00e3s com as quais convivi. Nos dois casos uma explos\u00e3o de sentidos, de afetos, de conversas, de sentimentos, de gestos, de ora\u00e7\u00e3o, de sil\u00eancios\u2026\u00a0 Este poder desfrutar todo o imaterial foi, em parte, gra\u00e7as \u00e0 Tita que soube nos levar e nos mostrar o melhor e o pior que Buen Retiro e Capinota cont\u00eam. Um presente de Natal. Obrigada.<br \/>As fotos falam por si mesmas.<\/p>\n<p><img loading=\"lazy\" decoding=\"async\" class=\" size-full wp-image-8204\" style=\"display: block; margin-left: auto; margin-right: auto;\" src=\"https:\/\/hijasdejesus.org\/wp-content\/uploads\/2016\/12\/bolivia_expapost_pilargj18.jpg\" alt=\"\" width=\"768\" height=\"1024\" srcset=\"https:\/\/hijasdejesus.org\/wp-content\/uploads\/2016\/12\/bolivia_expapost_pilargj18.jpg 768w, https:\/\/hijasdejesus.org\/wp-content\/uploads\/2016\/12\/bolivia_expapost_pilargj18-480x640.jpg 480w\" sizes=\"(min-width: 0px) and (max-width: 480px) 480px, (min-width: 481px) 768px, 100vw\" \/><img loading=\"lazy\" decoding=\"async\" class=\" size-full wp-image-8206\" style=\"display: block; margin-left: auto; margin-right: auto;\" src=\"https:\/\/hijasdejesus.org\/wp-content\/uploads\/2016\/12\/bolivia_expapost_pilargj19.jpg\" alt=\"\" width=\"768\" height=\"1024\" srcset=\"https:\/\/hijasdejesus.org\/wp-content\/uploads\/2016\/12\/bolivia_expapost_pilargj19.jpg 768w, https:\/\/hijasdejesus.org\/wp-content\/uploads\/2016\/12\/bolivia_expapost_pilargj19-480x640.jpg 480w\" sizes=\"(min-width: 0px) and (max-width: 480px) 480px, (min-width: 481px) 768px, 100vw\" \/><img loading=\"lazy\" decoding=\"async\" class=\" size-full wp-image-8208\" style=\"display: block; margin-left: auto; margin-right: auto;\" src=\"https:\/\/hijasdejesus.org\/wp-content\/uploads\/2016\/12\/bolivia_expapost_pilargj2.jpg\" alt=\"\" width=\"1024\" height=\"768\" srcset=\"https:\/\/hijasdejesus.org\/wp-content\/uploads\/2016\/12\/bolivia_expapost_pilargj2.jpg 1024w, https:\/\/hijasdejesus.org\/wp-content\/uploads\/2016\/12\/bolivia_expapost_pilargj2-980x735.jpg 980w, https:\/\/hijasdejesus.org\/wp-content\/uploads\/2016\/12\/bolivia_expapost_pilargj2-480x360.jpg 480w\" sizes=\"(min-width: 0px) and (max-width: 480px) 480px, (min-width: 481px) and (max-width: 980px) 980px, (min-width: 981px) 1024px, 100vw\" \/><img loading=\"lazy\" decoding=\"async\" class=\" size-full wp-image-8210\" style=\"display: block; margin-left: auto; margin-right: auto;\" src=\"https:\/\/hijasdejesus.org\/wp-content\/uploads\/2016\/12\/bolivia_expapost_pilargj20.jpg\" alt=\"\" width=\"1024\" height=\"768\" srcset=\"https:\/\/hijasdejesus.org\/wp-content\/uploads\/2016\/12\/bolivia_expapost_pilargj20.jpg 1024w, https:\/\/hijasdejesus.org\/wp-content\/uploads\/2016\/12\/bolivia_expapost_pilargj20-980x735.jpg 980w, https:\/\/hijasdejesus.org\/wp-content\/uploads\/2016\/12\/bolivia_expapost_pilargj20-480x360.jpg 480w\" sizes=\"(min-width: 0px) and (max-width: 480px) 480px, (min-width: 481px) and (max-width: 980px) 980px, (min-width: 981px) 1024px, 100vw\" \/><img loading=\"lazy\" decoding=\"async\" class=\" size-full wp-image-8212\" style=\"display: block; margin-left: auto; margin-right: auto;\" src=\"https:\/\/hijasdejesus.org\/wp-content\/uploads\/2016\/12\/bolivia_expapost_pilargj3.jpg\" alt=\"\" width=\"1024\" height=\"768\" srcset=\"https:\/\/hijasdejesus.org\/wp-content\/uploads\/2016\/12\/bolivia_expapost_pilargj3.jpg 1024w, https:\/\/hijasdejesus.org\/wp-content\/uploads\/2016\/12\/bolivia_expapost_pilargj3-980x735.jpg 980w, https:\/\/hijasdejesus.org\/wp-content\/uploads\/2016\/12\/bolivia_expapost_pilargj3-480x360.jpg 480w\" sizes=\"(min-width: 0px) and (max-width: 480px) 480px, (min-width: 481px) and (max-width: 980px) 980px, (min-width: 981px) 1024px, 100vw\" \/><img loading=\"lazy\" decoding=\"async\" class=\" size-full wp-image-8214\" style=\"display: block; margin-left: auto; margin-right: auto;\" src=\"https:\/\/hijasdejesus.org\/wp-content\/uploads\/2016\/12\/bolivia_expapost_pilargj4.jpg\" alt=\"\" width=\"768\" height=\"1024\" srcset=\"https:\/\/hijasdejesus.org\/wp-content\/uploads\/2016\/12\/bolivia_expapost_pilargj4.jpg 768w, https:\/\/hijasdejesus.org\/wp-content\/uploads\/2016\/12\/bolivia_expapost_pilargj4-480x640.jpg 480w\" sizes=\"(min-width: 0px) and (max-width: 480px) 480px, (min-width: 481px) 768px, 100vw\" \/><img loading=\"lazy\" decoding=\"async\" class=\" size-full wp-image-8216\" style=\"display: block; margin-left: auto; margin-right: auto;\" src=\"https:\/\/hijasdejesus.org\/wp-content\/uploads\/2016\/12\/bolivia_expapost_pilargj5.jpg\" alt=\"\" width=\"576\" height=\"1024\" srcset=\"https:\/\/hijasdejesus.org\/wp-content\/uploads\/2016\/12\/bolivia_expapost_pilargj5.jpg 576w, https:\/\/hijasdejesus.org\/wp-content\/uploads\/2016\/12\/bolivia_expapost_pilargj5-480x853.jpg 480w\" sizes=\"(min-width: 0px) and (max-width: 480px) 480px, (min-width: 481px) 576px, 100vw\" \/><img loading=\"lazy\" decoding=\"async\" class=\" size-full wp-image-8218\" style=\"display: block; margin-left: auto; margin-right: auto;\" src=\"https:\/\/hijasdejesus.org\/wp-content\/uploads\/2016\/12\/bolivia_expapost_pilargj6.jpg\" alt=\"\" width=\"768\" height=\"1024\" srcset=\"https:\/\/hijasdejesus.org\/wp-content\/uploads\/2016\/12\/bolivia_expapost_pilargj6.jpg 768w, https:\/\/hijasdejesus.org\/wp-content\/uploads\/2016\/12\/bolivia_expapost_pilargj6-480x640.jpg 480w\" sizes=\"(min-width: 0px) and (max-width: 480px) 480px, (min-width: 481px) 768px, 100vw\" \/><img loading=\"lazy\" decoding=\"async\" class=\" size-full wp-image-8220\" style=\"display: block; margin-left: auto; margin-right: auto;\" src=\"https:\/\/hijasdejesus.org\/wp-content\/uploads\/2016\/12\/bolivia_expapost_pilargj7.jpg\" alt=\"\" width=\"1024\" height=\"768\" srcset=\"https:\/\/hijasdejesus.org\/wp-content\/uploads\/2016\/12\/bolivia_expapost_pilargj7.jpg 1024w, https:\/\/hijasdejesus.org\/wp-content\/uploads\/2016\/12\/bolivia_expapost_pilargj7-980x735.jpg 980w, https:\/\/hijasdejesus.org\/wp-content\/uploads\/2016\/12\/bolivia_expapost_pilargj7-480x360.jpg 480w\" sizes=\"(min-width: 0px) and (max-width: 480px) 480px, (min-width: 481px) and (max-width: 980px) 980px, (min-width: 981px) 1024px, 100vw\" \/><img loading=\"lazy\" decoding=\"async\" class=\" size-full wp-image-8222\" style=\"display: block; margin-left: auto; margin-right: auto;\" src=\"https:\/\/hijasdejesus.org\/wp-content\/uploads\/2016\/12\/bolivia_expapost_pilargj8.jpg\" alt=\"\" width=\"1024\" height=\"768\" srcset=\"https:\/\/hijasdejesus.org\/wp-content\/uploads\/2016\/12\/bolivia_expapost_pilargj8.jpg 1024w, https:\/\/hijasdejesus.org\/wp-content\/uploads\/2016\/12\/bolivia_expapost_pilargj8-980x735.jpg 980w, https:\/\/hijasdejesus.org\/wp-content\/uploads\/2016\/12\/bolivia_expapost_pilargj8-480x360.jpg 480w\" sizes=\"(min-width: 0px) and (max-width: 480px) 480px, (min-width: 481px) and (max-width: 980px) 980px, (min-width: 981px) 1024px, 100vw\" \/><img loading=\"lazy\" decoding=\"async\" class=\" size-full wp-image-8224\" style=\"display: block; margin-left: auto; margin-right: auto;\" src=\"https:\/\/hijasdejesus.org\/wp-content\/uploads\/2016\/12\/bolivia_expapost_pilargj9.jpg\" alt=\"\" width=\"1024\" height=\"768\" srcset=\"https:\/\/hijasdejesus.org\/wp-content\/uploads\/2016\/12\/bolivia_expapost_pilargj9.jpg 1024w, https:\/\/hijasdejesus.org\/wp-content\/uploads\/2016\/12\/bolivia_expapost_pilargj9-980x735.jpg 980w, https:\/\/hijasdejesus.org\/wp-content\/uploads\/2016\/12\/bolivia_expapost_pilargj9-480x360.jpg 480w\" sizes=\"(min-width: 0px) and (max-width: 480px) 480px, (min-width: 481px) and (max-width: 980px) 980px, (min-width: 981px) 1024px, 100vw\" \/><\/p>\n<p style=\"text-align: center;\"><strong>Por Pilar Garc\u00eda-Junco fi<\/strong><\/p>\n","protected":false},"excerpt":{"rendered":"<p>A experi\u00eancia apost\u00f3lica terminou. Neste primeiro dia de minha volta a Cochabamba quis que minha ora\u00e7\u00e3o recolhesse um pouco a viv\u00eancia destes dias. Na primeira leitura da liturgia de hoje me encontro com 1Jo.1, 1 \u2013 4: \u201cO que vimos e ouvimos lhes anunciamos\u201d, e isto me anima mais a compartilhar com voc\u00eas esta experi\u00eancia [&hellip;]<\/p>\n","protected":false},"author":28,"featured_media":8186,"comment_status":"closed","ping_status":"closed","sticky":false,"template":"","format":"standard","meta":{"_et_pb_use_builder":"","_et_pb_old_content":"","_et_gb_content_width":"","footnotes":"","_links_to":"","_links_to_target":""},"categories":[483,503,529,469],"tags":[],"class_list":["post-28110","post","type-post","status-publish","format-standard","has-post-thumbnail","hentry","category-america-andina-pt-br","category-bolivia-pt-br","category-hijas-de-jesus-pt-br","category-noticias-pt-br"],"yoast_head":"<!-- This site is optimized with the Yoast SEO plugin v27.4 - https:\/\/yoast.com\/product\/yoast-seo-wordpress\/ -->\n<title>Experi\u00eancia Apost\u00f3lica na Bol\u00edvia, por Pilar Garc\u00eda-Junco fi - Hijas de Jes\u00fas<\/title>\n<meta name=\"robots\" content=\"index, follow, max-snippet:-1, max-image-preview:large, max-video-preview:-1\" \/>\n<link rel=\"canonical\" href=\"https:\/\/hijasdejesus.org\/pt-br\/experiencia-apostolica-na-bolivia-por-pilar-garcia-junco-fi-2\/\" \/>\n<meta property=\"og:locale\" content=\"pt_BR\" \/>\n<meta property=\"og:type\" content=\"article\" \/>\n<meta property=\"og:title\" content=\"Experi\u00eancia Apost\u00f3lica na Bol\u00edvia, por Pilar Garc\u00eda-Junco fi - Hijas de Jes\u00fas\" \/>\n<meta property=\"og:description\" content=\"A experi\u00eancia apost\u00f3lica terminou. Neste primeiro dia de minha volta a Cochabamba quis que minha ora\u00e7\u00e3o recolhesse um pouco a viv\u00eancia destes dias. Na primeira leitura da liturgia de hoje me encontro com 1Jo.1, 1 \u2013 4: \u201cO que vimos e ouvimos lhes anunciamos\u201d, e isto me anima mais a compartilhar com voc\u00eas esta experi\u00eancia [&hellip;]\" \/>\n<meta property=\"og:url\" content=\"https:\/\/hijasdejesus.org\/pt-br\/experiencia-apostolica-na-bolivia-por-pilar-garcia-junco-fi-2\/\" \/>\n<meta property=\"og:site_name\" content=\"Hijas de Jes\u00fas\" \/>\n<meta property=\"article:publisher\" content=\"https:\/\/www.facebook.com\/hijasdejesusenelmundo\/\" \/>\n<meta property=\"article:published_time\" content=\"2016-12-31T12:19:49+00:00\" \/>\n<meta property=\"article:modified_time\" content=\"2016-12-31T19:13:34+00:00\" \/>\n<meta property=\"og:image\" content=\"https:\/\/hijasdejesus.org\/wp-content\/uploads\/2016\/12\/bolivia_expapost_pilargj1.jpg\" \/>\n\t<meta property=\"og:image:width\" content=\"768\" \/>\n\t<meta property=\"og:image:height\" content=\"1024\" \/>\n\t<meta property=\"og:image:type\" content=\"image\/jpeg\" \/>\n<meta name=\"author\" content=\"Webmaster\" \/>\n<meta name=\"twitter:card\" content=\"summary_large_image\" \/>\n<meta name=\"twitter:creator\" content=\"@hijasdjesus\" \/>\n<meta name=\"twitter:site\" content=\"@hijasdjesus\" \/>\n<meta name=\"twitter:label1\" content=\"Escrito por\" \/>\n\t<meta name=\"twitter:data1\" content=\"Webmaster\" \/>\n\t<meta name=\"twitter:label2\" content=\"Est. tempo de leitura\" \/>\n\t<meta name=\"twitter:data2\" content=\"4 minutos\" \/>\n<script type=\"application\/ld+json\" class=\"yoast-schema-graph\">{\"@context\":\"https:\\\/\\\/schema.org\",\"@graph\":[{\"@type\":\"Article\",\"@id\":\"https:\\\/\\\/hijasdejesus.org\\\/pt-br\\\/experiencia-apostolica-na-bolivia-por-pilar-garcia-junco-fi-2\\\/#article\",\"isPartOf\":{\"@id\":\"https:\\\/\\\/hijasdejesus.org\\\/pt-br\\\/experiencia-apostolica-na-bolivia-por-pilar-garcia-junco-fi-2\\\/\"},\"author\":{\"name\":\"Webmaster\",\"@id\":\"https:\\\/\\\/hijasdejesus.org\\\/pt-br\\\/#\\\/schema\\\/person\\\/ce4455965da733f2791f23b6ec14e9b6\"},\"headline\":\"Experi\u00eancia Apost\u00f3lica na Bol\u00edvia, por Pilar Garc\u00eda-Junco fi\",\"datePublished\":\"2016-12-31T12:19:49+00:00\",\"dateModified\":\"2016-12-31T19:13:34+00:00\",\"mainEntityOfPage\":{\"@id\":\"https:\\\/\\\/hijasdejesus.org\\\/pt-br\\\/experiencia-apostolica-na-bolivia-por-pilar-garcia-junco-fi-2\\\/\"},\"wordCount\":783,\"publisher\":{\"@id\":\"https:\\\/\\\/hijasdejesus.org\\\/pt-br\\\/#organization\"},\"image\":{\"@id\":\"https:\\\/\\\/hijasdejesus.org\\\/pt-br\\\/experiencia-apostolica-na-bolivia-por-pilar-garcia-junco-fi-2\\\/#primaryimage\"},\"thumbnailUrl\":\"https:\\\/\\\/hijasdejesus.org\\\/wp-content\\\/uploads\\\/2016\\\/12\\\/bolivia_expapost_pilargj1.jpg\",\"articleSection\":[\"Am\u00e9rica Andina\",\"Bol\u00edvia\",\"Hijas de Jes\u00fas\",\"Not\u00edcias\"],\"inLanguage\":\"pt-BR\"},{\"@type\":\"WebPage\",\"@id\":\"https:\\\/\\\/hijasdejesus.org\\\/pt-br\\\/experiencia-apostolica-na-bolivia-por-pilar-garcia-junco-fi-2\\\/\",\"url\":\"https:\\\/\\\/hijasdejesus.org\\\/pt-br\\\/experiencia-apostolica-na-bolivia-por-pilar-garcia-junco-fi-2\\\/\",\"name\":\"Experi\u00eancia Apost\u00f3lica na Bol\u00edvia, por Pilar Garc\u00eda-Junco fi - Hijas de Jes\u00fas\",\"isPartOf\":{\"@id\":\"https:\\\/\\\/hijasdejesus.org\\\/pt-br\\\/#website\"},\"primaryImageOfPage\":{\"@id\":\"https:\\\/\\\/hijasdejesus.org\\\/pt-br\\\/experiencia-apostolica-na-bolivia-por-pilar-garcia-junco-fi-2\\\/#primaryimage\"},\"image\":{\"@id\":\"https:\\\/\\\/hijasdejesus.org\\\/pt-br\\\/experiencia-apostolica-na-bolivia-por-pilar-garcia-junco-fi-2\\\/#primaryimage\"},\"thumbnailUrl\":\"https:\\\/\\\/hijasdejesus.org\\\/wp-content\\\/uploads\\\/2016\\\/12\\\/bolivia_expapost_pilargj1.jpg\",\"datePublished\":\"2016-12-31T12:19:49+00:00\",\"dateModified\":\"2016-12-31T19:13:34+00:00\",\"breadcrumb\":{\"@id\":\"https:\\\/\\\/hijasdejesus.org\\\/pt-br\\\/experiencia-apostolica-na-bolivia-por-pilar-garcia-junco-fi-2\\\/#breadcrumb\"},\"inLanguage\":\"pt-BR\",\"potentialAction\":[{\"@type\":\"ReadAction\",\"target\":[\"https:\\\/\\\/hijasdejesus.org\\\/pt-br\\\/experiencia-apostolica-na-bolivia-por-pilar-garcia-junco-fi-2\\\/\"]}]},{\"@type\":\"ImageObject\",\"inLanguage\":\"pt-BR\",\"@id\":\"https:\\\/\\\/hijasdejesus.org\\\/pt-br\\\/experiencia-apostolica-na-bolivia-por-pilar-garcia-junco-fi-2\\\/#primaryimage\",\"url\":\"https:\\\/\\\/hijasdejesus.org\\\/wp-content\\\/uploads\\\/2016\\\/12\\\/bolivia_expapost_pilargj1.jpg\",\"contentUrl\":\"https:\\\/\\\/hijasdejesus.org\\\/wp-content\\\/uploads\\\/2016\\\/12\\\/bolivia_expapost_pilargj1.jpg\",\"width\":768,\"height\":1024},{\"@type\":\"BreadcrumbList\",\"@id\":\"https:\\\/\\\/hijasdejesus.org\\\/pt-br\\\/experiencia-apostolica-na-bolivia-por-pilar-garcia-junco-fi-2\\\/#breadcrumb\",\"itemListElement\":[{\"@type\":\"ListItem\",\"position\":1,\"name\":\"Portada\",\"item\":\"https:\\\/\\\/hijasdejesus.org\\\/pt-br\\\/\"},{\"@type\":\"ListItem\",\"position\":2,\"name\":\"Experi\u00eancia Apost\u00f3lica na Bol\u00edvia, por Pilar Garc\u00eda-Junco fi\"}]},{\"@type\":\"WebSite\",\"@id\":\"https:\\\/\\\/hijasdejesus.org\\\/pt-br\\\/#website\",\"url\":\"https:\\\/\\\/hijasdejesus.org\\\/pt-br\\\/\",\"name\":\"Hijas de Jes\u00fas\",\"description\":\"Despertamos a Jes\u00fas en el coraz\u00f3n, sacando lo mejor de las personas. Somos una congregaci\u00f3n religiosa ignaciana fundada por la Madre Candida\",\"publisher\":{\"@id\":\"https:\\\/\\\/hijasdejesus.org\\\/pt-br\\\/#organization\"},\"potentialAction\":[{\"@type\":\"SearchAction\",\"target\":{\"@type\":\"EntryPoint\",\"urlTemplate\":\"https:\\\/\\\/hijasdejesus.org\\\/pt-br\\\/?s={search_term_string}\"},\"query-input\":{\"@type\":\"PropertyValueSpecification\",\"valueRequired\":true,\"valueName\":\"search_term_string\"}}],\"inLanguage\":\"pt-BR\"},{\"@type\":\"Organization\",\"@id\":\"https:\\\/\\\/hijasdejesus.org\\\/pt-br\\\/#organization\",\"name\":\"Hijas de Jes\u00fas\",\"url\":\"https:\\\/\\\/hijasdejesus.org\\\/pt-br\\\/\",\"logo\":{\"@type\":\"ImageObject\",\"inLanguage\":\"pt-BR\",\"@id\":\"https:\\\/\\\/hijasdejesus.org\\\/pt-br\\\/#\\\/schema\\\/logo\\\/image\\\/\",\"url\":\"https:\\\/\\\/hijasdejesus.org\\\/wp-content\\\/uploads\\\/2023\\\/01\\\/Hijas-de-Jesus_hor-A7C957.png\",\"contentUrl\":\"https:\\\/\\\/hijasdejesus.org\\\/wp-content\\\/uploads\\\/2023\\\/01\\\/Hijas-de-Jesus_hor-A7C957.png\",\"width\":700,\"height\":360,\"caption\":\"Hijas de Jes\u00fas\"},\"image\":{\"@id\":\"https:\\\/\\\/hijasdejesus.org\\\/pt-br\\\/#\\\/schema\\\/logo\\\/image\\\/\"},\"sameAs\":[\"https:\\\/\\\/www.facebook.com\\\/hijasdejesusenelmundo\\\/\",\"https:\\\/\\\/x.com\\\/hijasdjesus\"]},{\"@type\":\"Person\",\"@id\":\"https:\\\/\\\/hijasdejesus.org\\\/pt-br\\\/#\\\/schema\\\/person\\\/ce4455965da733f2791f23b6ec14e9b6\",\"name\":\"Webmaster\",\"image\":{\"@type\":\"ImageObject\",\"inLanguage\":\"pt-BR\",\"@id\":\"https:\\\/\\\/secure.gravatar.com\\\/avatar\\\/cfd0acaac86c3981d541d2e99a0ffb7b6d33a5ac8989a62f5518b9e0f7ee128a?s=96&d=mm&r=g\",\"url\":\"https:\\\/\\\/secure.gravatar.com\\\/avatar\\\/cfd0acaac86c3981d541d2e99a0ffb7b6d33a5ac8989a62f5518b9e0f7ee128a?s=96&d=mm&r=g\",\"contentUrl\":\"https:\\\/\\\/secure.gravatar.com\\\/avatar\\\/cfd0acaac86c3981d541d2e99a0ffb7b6d33a5ac8989a62f5518b9e0f7ee128a?s=96&d=mm&r=g\",\"caption\":\"Webmaster\"},\"url\":\"https:\\\/\\\/hijasdejesus.org\\\/pt-br\\\/author\\\/webmaster\\\/\"}]}<\/script>\n<!-- \/ Yoast SEO plugin. -->","yoast_head_json":{"title":"Experi\u00eancia Apost\u00f3lica na Bol\u00edvia, por Pilar Garc\u00eda-Junco fi - Hijas de Jes\u00fas","robots":{"index":"index","follow":"follow","max-snippet":"max-snippet:-1","max-image-preview":"max-image-preview:large","max-video-preview":"max-video-preview:-1"},"canonical":"https:\/\/hijasdejesus.org\/pt-br\/experiencia-apostolica-na-bolivia-por-pilar-garcia-junco-fi-2\/","og_locale":"pt_BR","og_type":"article","og_title":"Experi\u00eancia Apost\u00f3lica na Bol\u00edvia, por Pilar Garc\u00eda-Junco fi - Hijas de Jes\u00fas","og_description":"A experi\u00eancia apost\u00f3lica terminou. Neste primeiro dia de minha volta a Cochabamba quis que minha ora\u00e7\u00e3o recolhesse um pouco a viv\u00eancia destes dias. Na primeira leitura da liturgia de hoje me encontro com 1Jo.1, 1 \u2013 4: \u201cO que vimos e ouvimos lhes anunciamos\u201d, e isto me anima mais a compartilhar com voc\u00eas esta experi\u00eancia [&hellip;]","og_url":"https:\/\/hijasdejesus.org\/pt-br\/experiencia-apostolica-na-bolivia-por-pilar-garcia-junco-fi-2\/","og_site_name":"Hijas de Jes\u00fas","article_publisher":"https:\/\/www.facebook.com\/hijasdejesusenelmundo\/","article_published_time":"2016-12-31T12:19:49+00:00","article_modified_time":"2016-12-31T19:13:34+00:00","og_image":[{"width":768,"height":1024,"url":"https:\/\/hijasdejesus.org\/wp-content\/uploads\/2016\/12\/bolivia_expapost_pilargj1.jpg","type":"image\/jpeg"}],"author":"Webmaster","twitter_card":"summary_large_image","twitter_creator":"@hijasdjesus","twitter_site":"@hijasdjesus","twitter_misc":{"Escrito por":"Webmaster","Est. tempo de leitura":"4 minutos"},"schema":{"@context":"https:\/\/schema.org","@graph":[{"@type":"Article","@id":"https:\/\/hijasdejesus.org\/pt-br\/experiencia-apostolica-na-bolivia-por-pilar-garcia-junco-fi-2\/#article","isPartOf":{"@id":"https:\/\/hijasdejesus.org\/pt-br\/experiencia-apostolica-na-bolivia-por-pilar-garcia-junco-fi-2\/"},"author":{"name":"Webmaster","@id":"https:\/\/hijasdejesus.org\/pt-br\/#\/schema\/person\/ce4455965da733f2791f23b6ec14e9b6"},"headline":"Experi\u00eancia Apost\u00f3lica na Bol\u00edvia, por Pilar Garc\u00eda-Junco fi","datePublished":"2016-12-31T12:19:49+00:00","dateModified":"2016-12-31T19:13:34+00:00","mainEntityOfPage":{"@id":"https:\/\/hijasdejesus.org\/pt-br\/experiencia-apostolica-na-bolivia-por-pilar-garcia-junco-fi-2\/"},"wordCount":783,"publisher":{"@id":"https:\/\/hijasdejesus.org\/pt-br\/#organization"},"image":{"@id":"https:\/\/hijasdejesus.org\/pt-br\/experiencia-apostolica-na-bolivia-por-pilar-garcia-junco-fi-2\/#primaryimage"},"thumbnailUrl":"https:\/\/hijasdejesus.org\/wp-content\/uploads\/2016\/12\/bolivia_expapost_pilargj1.jpg","articleSection":["Am\u00e9rica Andina","Bol\u00edvia","Hijas de Jes\u00fas","Not\u00edcias"],"inLanguage":"pt-BR"},{"@type":"WebPage","@id":"https:\/\/hijasdejesus.org\/pt-br\/experiencia-apostolica-na-bolivia-por-pilar-garcia-junco-fi-2\/","url":"https:\/\/hijasdejesus.org\/pt-br\/experiencia-apostolica-na-bolivia-por-pilar-garcia-junco-fi-2\/","name":"Experi\u00eancia Apost\u00f3lica na Bol\u00edvia, por Pilar Garc\u00eda-Junco fi - Hijas de Jes\u00fas","isPartOf":{"@id":"https:\/\/hijasdejesus.org\/pt-br\/#website"},"primaryImageOfPage":{"@id":"https:\/\/hijasdejesus.org\/pt-br\/experiencia-apostolica-na-bolivia-por-pilar-garcia-junco-fi-2\/#primaryimage"},"image":{"@id":"https:\/\/hijasdejesus.org\/pt-br\/experiencia-apostolica-na-bolivia-por-pilar-garcia-junco-fi-2\/#primaryimage"},"thumbnailUrl":"https:\/\/hijasdejesus.org\/wp-content\/uploads\/2016\/12\/bolivia_expapost_pilargj1.jpg","datePublished":"2016-12-31T12:19:49+00:00","dateModified":"2016-12-31T19:13:34+00:00","breadcrumb":{"@id":"https:\/\/hijasdejesus.org\/pt-br\/experiencia-apostolica-na-bolivia-por-pilar-garcia-junco-fi-2\/#breadcrumb"},"inLanguage":"pt-BR","potentialAction":[{"@type":"ReadAction","target":["https:\/\/hijasdejesus.org\/pt-br\/experiencia-apostolica-na-bolivia-por-pilar-garcia-junco-fi-2\/"]}]},{"@type":"ImageObject","inLanguage":"pt-BR","@id":"https:\/\/hijasdejesus.org\/pt-br\/experiencia-apostolica-na-bolivia-por-pilar-garcia-junco-fi-2\/#primaryimage","url":"https:\/\/hijasdejesus.org\/wp-content\/uploads\/2016\/12\/bolivia_expapost_pilargj1.jpg","contentUrl":"https:\/\/hijasdejesus.org\/wp-content\/uploads\/2016\/12\/bolivia_expapost_pilargj1.jpg","width":768,"height":1024},{"@type":"BreadcrumbList","@id":"https:\/\/hijasdejesus.org\/pt-br\/experiencia-apostolica-na-bolivia-por-pilar-garcia-junco-fi-2\/#breadcrumb","itemListElement":[{"@type":"ListItem","position":1,"name":"Portada","item":"https:\/\/hijasdejesus.org\/pt-br\/"},{"@type":"ListItem","position":2,"name":"Experi\u00eancia Apost\u00f3lica na Bol\u00edvia, por Pilar Garc\u00eda-Junco fi"}]},{"@type":"WebSite","@id":"https:\/\/hijasdejesus.org\/pt-br\/#website","url":"https:\/\/hijasdejesus.org\/pt-br\/","name":"Hijas de Jes\u00fas","description":"Despertamos a Jes\u00fas en el coraz\u00f3n, sacando lo mejor de las personas. Somos una congregaci\u00f3n religiosa ignaciana fundada por la Madre Candida","publisher":{"@id":"https:\/\/hijasdejesus.org\/pt-br\/#organization"},"potentialAction":[{"@type":"SearchAction","target":{"@type":"EntryPoint","urlTemplate":"https:\/\/hijasdejesus.org\/pt-br\/?s={search_term_string}"},"query-input":{"@type":"PropertyValueSpecification","valueRequired":true,"valueName":"search_term_string"}}],"inLanguage":"pt-BR"},{"@type":"Organization","@id":"https:\/\/hijasdejesus.org\/pt-br\/#organization","name":"Hijas de Jes\u00fas","url":"https:\/\/hijasdejesus.org\/pt-br\/","logo":{"@type":"ImageObject","inLanguage":"pt-BR","@id":"https:\/\/hijasdejesus.org\/pt-br\/#\/schema\/logo\/image\/","url":"https:\/\/hijasdejesus.org\/wp-content\/uploads\/2023\/01\/Hijas-de-Jesus_hor-A7C957.png","contentUrl":"https:\/\/hijasdejesus.org\/wp-content\/uploads\/2023\/01\/Hijas-de-Jesus_hor-A7C957.png","width":700,"height":360,"caption":"Hijas de Jes\u00fas"},"image":{"@id":"https:\/\/hijasdejesus.org\/pt-br\/#\/schema\/logo\/image\/"},"sameAs":["https:\/\/www.facebook.com\/hijasdejesusenelmundo\/","https:\/\/x.com\/hijasdjesus"]},{"@type":"Person","@id":"https:\/\/hijasdejesus.org\/pt-br\/#\/schema\/person\/ce4455965da733f2791f23b6ec14e9b6","name":"Webmaster","image":{"@type":"ImageObject","inLanguage":"pt-BR","@id":"https:\/\/secure.gravatar.com\/avatar\/cfd0acaac86c3981d541d2e99a0ffb7b6d33a5ac8989a62f5518b9e0f7ee128a?s=96&d=mm&r=g","url":"https:\/\/secure.gravatar.com\/avatar\/cfd0acaac86c3981d541d2e99a0ffb7b6d33a5ac8989a62f5518b9e0f7ee128a?s=96&d=mm&r=g","contentUrl":"https:\/\/secure.gravatar.com\/avatar\/cfd0acaac86c3981d541d2e99a0ffb7b6d33a5ac8989a62f5518b9e0f7ee128a?s=96&d=mm&r=g","caption":"Webmaster"},"url":"https:\/\/hijasdejesus.org\/pt-br\/author\/webmaster\/"}]}},"_links":{"self":[{"href":"https:\/\/hijasdejesus.org\/pt-br\/wp-json\/wp\/v2\/posts\/28110","targetHints":{"allow":["GET"]}}],"collection":[{"href":"https:\/\/hijasdejesus.org\/pt-br\/wp-json\/wp\/v2\/posts"}],"about":[{"href":"https:\/\/hijasdejesus.org\/pt-br\/wp-json\/wp\/v2\/types\/post"}],"author":[{"embeddable":true,"href":"https:\/\/hijasdejesus.org\/pt-br\/wp-json\/wp\/v2\/users\/28"}],"replies":[{"embeddable":true,"href":"https:\/\/hijasdejesus.org\/pt-br\/wp-json\/wp\/v2\/comments?post=28110"}],"version-history":[{"count":0,"href":"https:\/\/hijasdejesus.org\/pt-br\/wp-json\/wp\/v2\/posts\/28110\/revisions"}],"wp:featuredmedia":[{"embeddable":true,"href":"https:\/\/hijasdejesus.org\/pt-br\/wp-json\/wp\/v2\/media\/8186"}],"wp:attachment":[{"href":"https:\/\/hijasdejesus.org\/pt-br\/wp-json\/wp\/v2\/media?parent=28110"}],"wp:term":[{"taxonomy":"category","embeddable":true,"href":"https:\/\/hijasdejesus.org\/pt-br\/wp-json\/wp\/v2\/categories?post=28110"},{"taxonomy":"post_tag","embeddable":true,"href":"https:\/\/hijasdejesus.org\/pt-br\/wp-json\/wp\/v2\/tags?post=28110"}],"curies":[{"name":"wp","href":"https:\/\/api.w.org\/{rel}","templated":true}]}}