{"id":28149,"date":"2017-01-18T11:18:56","date_gmt":"2017-01-18T10:18:56","guid":{"rendered":"https:\/\/nueva.hijasdejesus.org\/um-banho-de-universalismo-para-a-provincia-america-andina\/"},"modified":"2017-01-20T12:10:43","modified_gmt":"2017-01-20T11:10:43","slug":"um-banho-de-universalismo-para-a-provincia-america-andina","status":"publish","type":"post","link":"https:\/\/hijasdejesus.org\/pt-br\/um-banho-de-universalismo-para-a-provincia-america-andina\/","title":{"rendered":"Um banho de universalismo para a prov\u00edncia America Andina"},"content":{"rendered":"<p>Em sua \u00faltima carta circular a provincial de Am\u00e9rica Andina, Graciela Francovig, assegura que foi uma sorte ter em Cochabamba, na Bol\u00edvia, as 17 Filhas de Jesus que participaram no Curso de Renova\u00e7\u00e3o. &#8220;Foi um banho de universalismo que fez muito bem para n\u00f3s. Sentir o Corpo e nossa \u2018dispers\u00e3o\u2019 nos fez gostar da \u2018congrega\u00e7\u00e3o\u2019 de outra maneira. Quanto para agradecer&#8221;. Al\u00e9m disso, neste momento as formadoras da Congrega\u00e7\u00e3o tamb\u00e9m se encontram em Cochabamba reunidas com Maria Inez Furtado e Clara Echarte. &#8220;Dia 19, quinta feira, almo\u00e7ar\u00e3o conosco na Casa Provincial. Sua presen\u00e7a tem sido uma riqueza ao compartilhar conosco em duas oportunidades: na eucaristia e jantar em um dos dias da Assembleia da Regi\u00e3o, oportunidade na qual estivemos todas as irm\u00e3s de Bol\u00edvia, bem como no dia do t\u00e9rmino da CBR. Nas sobremesas tivemos verdadeiras conversas espirituais&#8221;.<br \/>\u00a0<br \/><img loading=\"lazy\" decoding=\"async\" class=\" size-full wp-image-8334\" style=\"display: block; margin-left: auto; margin-right: auto;\" src=\"https:\/\/hijasdejesus.org\/wp-content\/uploads\/2017\/01\/cr16.jpeg\" alt=\"\" width=\"1263\" height=\"679\" srcset=\"https:\/\/hijasdejesus.org\/wp-content\/uploads\/2017\/01\/cr16.jpeg 1263w, https:\/\/hijasdejesus.org\/wp-content\/uploads\/2017\/01\/cr16-980x527.jpeg 980w, https:\/\/hijasdejesus.org\/wp-content\/uploads\/2017\/01\/cr16-480x258.jpeg 480w\" sizes=\"(min-width: 0px) and (max-width: 480px) 480px, (min-width: 481px) and (max-width: 980px) 980px, (min-width: 981px) 1263px, 100vw\" \/><\/p>\n","protected":false},"excerpt":{"rendered":"<p>Em sua \u00faltima carta circular a provincial de Am\u00e9rica Andina, Graciela Francovig, assegura que foi uma sorte ter em Cochabamba, na Bol\u00edvia, as 17 Filhas de Jesus que participaram no Curso de Renova\u00e7\u00e3o. &#8220;Foi um banho de universalismo que fez muito bem para n\u00f3s. Sentir o Corpo e nossa \u2018dispers\u00e3o\u2019 nos fez gostar da \u2018congrega\u00e7\u00e3o\u2019 [&hellip;]<\/p>\n","protected":false},"author":28,"featured_media":8332,"comment_status":"closed","ping_status":"closed","sticky":false,"template":"","format":"standard","meta":{"_et_pb_use_builder":"","_et_pb_old_content":"","_et_gb_content_width":"","footnotes":"","_links_to":"","_links_to_target":""},"categories":[483,529,469],"tags":[],"class_list":["post-28149","post","type-post","status-publish","format-standard","has-post-thumbnail","hentry","category-america-andina-pt-br","category-hijas-de-jesus-pt-br","category-noticias-pt-br"],"yoast_head":"<!-- This site is optimized with the Yoast SEO plugin v27.5 - https:\/\/yoast.com\/product\/yoast-seo-wordpress\/ -->\n<title>Um banho de universalismo para a prov\u00edncia America Andina - Hijas de Jes\u00fas<\/title>\n<meta name=\"robots\" content=\"index, follow, max-snippet:-1, max-image-preview:large, max-video-preview:-1\" \/>\n<link rel=\"canonical\" href=\"https:\/\/hijasdejesus.org\/pt-br\/um-banho-de-universalismo-para-a-provincia-america-andina\/\" \/>\n<meta property=\"og:locale\" content=\"pt_BR\" \/>\n<meta property=\"og:type\" content=\"article\" \/>\n<meta property=\"og:title\" content=\"Um banho de universalismo para a prov\u00edncia America Andina - Hijas de Jes\u00fas\" \/>\n<meta property=\"og:description\" content=\"Em sua \u00faltima carta circular a provincial de Am\u00e9rica Andina, Graciela Francovig, assegura que foi uma sorte ter em Cochabamba, na Bol\u00edvia, as 17 Filhas de Jesus que participaram no Curso de Renova\u00e7\u00e3o. &#8220;Foi um banho de universalismo que fez muito bem para n\u00f3s. Sentir o Corpo e nossa \u2018dispers\u00e3o\u2019 nos fez gostar da \u2018congrega\u00e7\u00e3o\u2019 [&hellip;]\" \/>\n<meta property=\"og:url\" content=\"https:\/\/hijasdejesus.org\/pt-br\/um-banho-de-universalismo-para-a-provincia-america-andina\/\" \/>\n<meta property=\"og:site_name\" content=\"Hijas de Jes\u00fas\" \/>\n<meta property=\"article:publisher\" content=\"https:\/\/www.facebook.com\/hijasdejesusenelmundo\/\" \/>\n<meta property=\"article:published_time\" content=\"2017-01-18T10:18:56+00:00\" \/>\n<meta property=\"article:modified_time\" content=\"2017-01-20T11:10:43+00:00\" \/>\n<meta property=\"og:image\" content=\"https:\/\/hijasdejesus.org\/wp-content\/uploads\/2017\/01\/cr161.jpeg\" \/>\n\t<meta property=\"og:image:width\" content=\"1600\" \/>\n\t<meta property=\"og:image:height\" content=\"748\" \/>\n\t<meta property=\"og:image:type\" content=\"image\/jpeg\" \/>\n<meta name=\"author\" content=\"Webmaster\" \/>\n<meta name=\"twitter:card\" content=\"summary_large_image\" \/>\n<meta name=\"twitter:creator\" content=\"@hijasdjesus\" \/>\n<meta name=\"twitter:site\" content=\"@hijasdjesus\" \/>\n<meta name=\"twitter:label1\" content=\"Escrito por\" \/>\n\t<meta name=\"twitter:data1\" content=\"Webmaster\" \/>\n\t<meta name=\"twitter:label2\" content=\"Est. tempo de leitura\" \/>\n\t<meta name=\"twitter:data2\" content=\"1 minuto\" \/>\n<script type=\"application\/ld+json\" class=\"yoast-schema-graph\">{\"@context\":\"https:\\\/\\\/schema.org\",\"@graph\":[{\"@type\":\"Article\",\"@id\":\"https:\\\/\\\/hijasdejesus.org\\\/pt-br\\\/um-banho-de-universalismo-para-a-provincia-america-andina\\\/#article\",\"isPartOf\":{\"@id\":\"https:\\\/\\\/hijasdejesus.org\\\/pt-br\\\/um-banho-de-universalismo-para-a-provincia-america-andina\\\/\"},\"author\":{\"name\":\"Webmaster\",\"@id\":\"https:\\\/\\\/hijasdejesus.org\\\/pt-br\\\/#\\\/schema\\\/person\\\/ce4455965da733f2791f23b6ec14e9b6\"},\"headline\":\"Um banho de universalismo para a prov\u00edncia America Andina\",\"datePublished\":\"2017-01-18T10:18:56+00:00\",\"dateModified\":\"2017-01-20T11:10:43+00:00\",\"mainEntityOfPage\":{\"@id\":\"https:\\\/\\\/hijasdejesus.org\\\/pt-br\\\/um-banho-de-universalismo-para-a-provincia-america-andina\\\/\"},\"wordCount\":162,\"publisher\":{\"@id\":\"https:\\\/\\\/hijasdejesus.org\\\/pt-br\\\/#organization\"},\"image\":{\"@id\":\"https:\\\/\\\/hijasdejesus.org\\\/pt-br\\\/um-banho-de-universalismo-para-a-provincia-america-andina\\\/#primaryimage\"},\"thumbnailUrl\":\"https:\\\/\\\/hijasdejesus.org\\\/wp-content\\\/uploads\\\/2017\\\/01\\\/cr161.jpeg\",\"articleSection\":[\"Am\u00e9rica Andina\",\"Hijas de Jes\u00fas\",\"Not\u00edcias\"],\"inLanguage\":\"pt-BR\"},{\"@type\":\"WebPage\",\"@id\":\"https:\\\/\\\/hijasdejesus.org\\\/pt-br\\\/um-banho-de-universalismo-para-a-provincia-america-andina\\\/\",\"url\":\"https:\\\/\\\/hijasdejesus.org\\\/pt-br\\\/um-banho-de-universalismo-para-a-provincia-america-andina\\\/\",\"name\":\"Um banho de universalismo para a prov\u00edncia America Andina - Hijas de Jes\u00fas\",\"isPartOf\":{\"@id\":\"https:\\\/\\\/hijasdejesus.org\\\/pt-br\\\/#website\"},\"primaryImageOfPage\":{\"@id\":\"https:\\\/\\\/hijasdejesus.org\\\/pt-br\\\/um-banho-de-universalismo-para-a-provincia-america-andina\\\/#primaryimage\"},\"image\":{\"@id\":\"https:\\\/\\\/hijasdejesus.org\\\/pt-br\\\/um-banho-de-universalismo-para-a-provincia-america-andina\\\/#primaryimage\"},\"thumbnailUrl\":\"https:\\\/\\\/hijasdejesus.org\\\/wp-content\\\/uploads\\\/2017\\\/01\\\/cr161.jpeg\",\"datePublished\":\"2017-01-18T10:18:56+00:00\",\"dateModified\":\"2017-01-20T11:10:43+00:00\",\"breadcrumb\":{\"@id\":\"https:\\\/\\\/hijasdejesus.org\\\/pt-br\\\/um-banho-de-universalismo-para-a-provincia-america-andina\\\/#breadcrumb\"},\"inLanguage\":\"pt-BR\",\"potentialAction\":[{\"@type\":\"ReadAction\",\"target\":[\"https:\\\/\\\/hijasdejesus.org\\\/pt-br\\\/um-banho-de-universalismo-para-a-provincia-america-andina\\\/\"]}]},{\"@type\":\"ImageObject\",\"inLanguage\":\"pt-BR\",\"@id\":\"https:\\\/\\\/hijasdejesus.org\\\/pt-br\\\/um-banho-de-universalismo-para-a-provincia-america-andina\\\/#primaryimage\",\"url\":\"https:\\\/\\\/hijasdejesus.org\\\/wp-content\\\/uploads\\\/2017\\\/01\\\/cr161.jpeg\",\"contentUrl\":\"https:\\\/\\\/hijasdejesus.org\\\/wp-content\\\/uploads\\\/2017\\\/01\\\/cr161.jpeg\",\"width\":1600,\"height\":748},{\"@type\":\"BreadcrumbList\",\"@id\":\"https:\\\/\\\/hijasdejesus.org\\\/pt-br\\\/um-banho-de-universalismo-para-a-provincia-america-andina\\\/#breadcrumb\",\"itemListElement\":[{\"@type\":\"ListItem\",\"position\":1,\"name\":\"Portada\",\"item\":\"https:\\\/\\\/hijasdejesus.org\\\/pt-br\\\/\"},{\"@type\":\"ListItem\",\"position\":2,\"name\":\"Um banho de universalismo para a prov\u00edncia America Andina\"}]},{\"@type\":\"WebSite\",\"@id\":\"https:\\\/\\\/hijasdejesus.org\\\/pt-br\\\/#website\",\"url\":\"https:\\\/\\\/hijasdejesus.org\\\/pt-br\\\/\",\"name\":\"Hijas de Jes\u00fas\",\"description\":\"Despertamos a Jes\u00fas en el coraz\u00f3n, sacando lo mejor de las personas. Somos una congregaci\u00f3n religiosa ignaciana fundada por la Madre Candida\",\"publisher\":{\"@id\":\"https:\\\/\\\/hijasdejesus.org\\\/pt-br\\\/#organization\"},\"potentialAction\":[{\"@type\":\"SearchAction\",\"target\":{\"@type\":\"EntryPoint\",\"urlTemplate\":\"https:\\\/\\\/hijasdejesus.org\\\/pt-br\\\/?s={search_term_string}\"},\"query-input\":{\"@type\":\"PropertyValueSpecification\",\"valueRequired\":true,\"valueName\":\"search_term_string\"}}],\"inLanguage\":\"pt-BR\"},{\"@type\":\"Organization\",\"@id\":\"https:\\\/\\\/hijasdejesus.org\\\/pt-br\\\/#organization\",\"name\":\"Hijas de Jes\u00fas\",\"url\":\"https:\\\/\\\/hijasdejesus.org\\\/pt-br\\\/\",\"logo\":{\"@type\":\"ImageObject\",\"inLanguage\":\"pt-BR\",\"@id\":\"https:\\\/\\\/hijasdejesus.org\\\/pt-br\\\/#\\\/schema\\\/logo\\\/image\\\/\",\"url\":\"https:\\\/\\\/hijasdejesus.org\\\/wp-content\\\/uploads\\\/2023\\\/01\\\/Hijas-de-Jesus_hor-A7C957.png\",\"contentUrl\":\"https:\\\/\\\/hijasdejesus.org\\\/wp-content\\\/uploads\\\/2023\\\/01\\\/Hijas-de-Jesus_hor-A7C957.png\",\"width\":700,\"height\":360,\"caption\":\"Hijas de Jes\u00fas\"},\"image\":{\"@id\":\"https:\\\/\\\/hijasdejesus.org\\\/pt-br\\\/#\\\/schema\\\/logo\\\/image\\\/\"},\"sameAs\":[\"https:\\\/\\\/www.facebook.com\\\/hijasdejesusenelmundo\\\/\",\"https:\\\/\\\/x.com\\\/hijasdjesus\"]},{\"@type\":\"Person\",\"@id\":\"https:\\\/\\\/hijasdejesus.org\\\/pt-br\\\/#\\\/schema\\\/person\\\/ce4455965da733f2791f23b6ec14e9b6\",\"name\":\"Webmaster\",\"image\":{\"@type\":\"ImageObject\",\"inLanguage\":\"pt-BR\",\"@id\":\"https:\\\/\\\/secure.gravatar.com\\\/avatar\\\/cfd0acaac86c3981d541d2e99a0ffb7b6d33a5ac8989a62f5518b9e0f7ee128a?s=96&d=mm&r=g\",\"url\":\"https:\\\/\\\/secure.gravatar.com\\\/avatar\\\/cfd0acaac86c3981d541d2e99a0ffb7b6d33a5ac8989a62f5518b9e0f7ee128a?s=96&d=mm&r=g\",\"contentUrl\":\"https:\\\/\\\/secure.gravatar.com\\\/avatar\\\/cfd0acaac86c3981d541d2e99a0ffb7b6d33a5ac8989a62f5518b9e0f7ee128a?s=96&d=mm&r=g\",\"caption\":\"Webmaster\"},\"url\":\"https:\\\/\\\/hijasdejesus.org\\\/pt-br\\\/author\\\/webmaster\\\/\"}]}<\/script>\n<!-- \/ Yoast SEO plugin. -->","yoast_head_json":{"title":"Um banho de universalismo para a prov\u00edncia America Andina - Hijas de Jes\u00fas","robots":{"index":"index","follow":"follow","max-snippet":"max-snippet:-1","max-image-preview":"max-image-preview:large","max-video-preview":"max-video-preview:-1"},"canonical":"https:\/\/hijasdejesus.org\/pt-br\/um-banho-de-universalismo-para-a-provincia-america-andina\/","og_locale":"pt_BR","og_type":"article","og_title":"Um banho de universalismo para a prov\u00edncia America Andina - Hijas de Jes\u00fas","og_description":"Em sua \u00faltima carta circular a provincial de Am\u00e9rica Andina, Graciela Francovig, assegura que foi uma sorte ter em Cochabamba, na Bol\u00edvia, as 17 Filhas de Jesus que participaram no Curso de Renova\u00e7\u00e3o. &#8220;Foi um banho de universalismo que fez muito bem para n\u00f3s. Sentir o Corpo e nossa \u2018dispers\u00e3o\u2019 nos fez gostar da \u2018congrega\u00e7\u00e3o\u2019 [&hellip;]","og_url":"https:\/\/hijasdejesus.org\/pt-br\/um-banho-de-universalismo-para-a-provincia-america-andina\/","og_site_name":"Hijas de Jes\u00fas","article_publisher":"https:\/\/www.facebook.com\/hijasdejesusenelmundo\/","article_published_time":"2017-01-18T10:18:56+00:00","article_modified_time":"2017-01-20T11:10:43+00:00","og_image":[{"width":1600,"height":748,"url":"https:\/\/hijasdejesus.org\/wp-content\/uploads\/2017\/01\/cr161.jpeg","type":"image\/jpeg"}],"author":"Webmaster","twitter_card":"summary_large_image","twitter_creator":"@hijasdjesus","twitter_site":"@hijasdjesus","twitter_misc":{"Escrito por":"Webmaster","Est. tempo de leitura":"1 minuto"},"schema":{"@context":"https:\/\/schema.org","@graph":[{"@type":"Article","@id":"https:\/\/hijasdejesus.org\/pt-br\/um-banho-de-universalismo-para-a-provincia-america-andina\/#article","isPartOf":{"@id":"https:\/\/hijasdejesus.org\/pt-br\/um-banho-de-universalismo-para-a-provincia-america-andina\/"},"author":{"name":"Webmaster","@id":"https:\/\/hijasdejesus.org\/pt-br\/#\/schema\/person\/ce4455965da733f2791f23b6ec14e9b6"},"headline":"Um banho de universalismo para a prov\u00edncia America Andina","datePublished":"2017-01-18T10:18:56+00:00","dateModified":"2017-01-20T11:10:43+00:00","mainEntityOfPage":{"@id":"https:\/\/hijasdejesus.org\/pt-br\/um-banho-de-universalismo-para-a-provincia-america-andina\/"},"wordCount":162,"publisher":{"@id":"https:\/\/hijasdejesus.org\/pt-br\/#organization"},"image":{"@id":"https:\/\/hijasdejesus.org\/pt-br\/um-banho-de-universalismo-para-a-provincia-america-andina\/#primaryimage"},"thumbnailUrl":"https:\/\/hijasdejesus.org\/wp-content\/uploads\/2017\/01\/cr161.jpeg","articleSection":["Am\u00e9rica Andina","Hijas de Jes\u00fas","Not\u00edcias"],"inLanguage":"pt-BR"},{"@type":"WebPage","@id":"https:\/\/hijasdejesus.org\/pt-br\/um-banho-de-universalismo-para-a-provincia-america-andina\/","url":"https:\/\/hijasdejesus.org\/pt-br\/um-banho-de-universalismo-para-a-provincia-america-andina\/","name":"Um banho de universalismo para a prov\u00edncia America Andina - Hijas de Jes\u00fas","isPartOf":{"@id":"https:\/\/hijasdejesus.org\/pt-br\/#website"},"primaryImageOfPage":{"@id":"https:\/\/hijasdejesus.org\/pt-br\/um-banho-de-universalismo-para-a-provincia-america-andina\/#primaryimage"},"image":{"@id":"https:\/\/hijasdejesus.org\/pt-br\/um-banho-de-universalismo-para-a-provincia-america-andina\/#primaryimage"},"thumbnailUrl":"https:\/\/hijasdejesus.org\/wp-content\/uploads\/2017\/01\/cr161.jpeg","datePublished":"2017-01-18T10:18:56+00:00","dateModified":"2017-01-20T11:10:43+00:00","breadcrumb":{"@id":"https:\/\/hijasdejesus.org\/pt-br\/um-banho-de-universalismo-para-a-provincia-america-andina\/#breadcrumb"},"inLanguage":"pt-BR","potentialAction":[{"@type":"ReadAction","target":["https:\/\/hijasdejesus.org\/pt-br\/um-banho-de-universalismo-para-a-provincia-america-andina\/"]}]},{"@type":"ImageObject","inLanguage":"pt-BR","@id":"https:\/\/hijasdejesus.org\/pt-br\/um-banho-de-universalismo-para-a-provincia-america-andina\/#primaryimage","url":"https:\/\/hijasdejesus.org\/wp-content\/uploads\/2017\/01\/cr161.jpeg","contentUrl":"https:\/\/hijasdejesus.org\/wp-content\/uploads\/2017\/01\/cr161.jpeg","width":1600,"height":748},{"@type":"BreadcrumbList","@id":"https:\/\/hijasdejesus.org\/pt-br\/um-banho-de-universalismo-para-a-provincia-america-andina\/#breadcrumb","itemListElement":[{"@type":"ListItem","position":1,"name":"Portada","item":"https:\/\/hijasdejesus.org\/pt-br\/"},{"@type":"ListItem","position":2,"name":"Um banho de universalismo para a prov\u00edncia America Andina"}]},{"@type":"WebSite","@id":"https:\/\/hijasdejesus.org\/pt-br\/#website","url":"https:\/\/hijasdejesus.org\/pt-br\/","name":"Hijas de Jes\u00fas","description":"Despertamos a Jes\u00fas en el coraz\u00f3n, sacando lo mejor de las personas. Somos una congregaci\u00f3n religiosa ignaciana fundada por la Madre Candida","publisher":{"@id":"https:\/\/hijasdejesus.org\/pt-br\/#organization"},"potentialAction":[{"@type":"SearchAction","target":{"@type":"EntryPoint","urlTemplate":"https:\/\/hijasdejesus.org\/pt-br\/?s={search_term_string}"},"query-input":{"@type":"PropertyValueSpecification","valueRequired":true,"valueName":"search_term_string"}}],"inLanguage":"pt-BR"},{"@type":"Organization","@id":"https:\/\/hijasdejesus.org\/pt-br\/#organization","name":"Hijas de Jes\u00fas","url":"https:\/\/hijasdejesus.org\/pt-br\/","logo":{"@type":"ImageObject","inLanguage":"pt-BR","@id":"https:\/\/hijasdejesus.org\/pt-br\/#\/schema\/logo\/image\/","url":"https:\/\/hijasdejesus.org\/wp-content\/uploads\/2023\/01\/Hijas-de-Jesus_hor-A7C957.png","contentUrl":"https:\/\/hijasdejesus.org\/wp-content\/uploads\/2023\/01\/Hijas-de-Jesus_hor-A7C957.png","width":700,"height":360,"caption":"Hijas de Jes\u00fas"},"image":{"@id":"https:\/\/hijasdejesus.org\/pt-br\/#\/schema\/logo\/image\/"},"sameAs":["https:\/\/www.facebook.com\/hijasdejesusenelmundo\/","https:\/\/x.com\/hijasdjesus"]},{"@type":"Person","@id":"https:\/\/hijasdejesus.org\/pt-br\/#\/schema\/person\/ce4455965da733f2791f23b6ec14e9b6","name":"Webmaster","image":{"@type":"ImageObject","inLanguage":"pt-BR","@id":"https:\/\/secure.gravatar.com\/avatar\/cfd0acaac86c3981d541d2e99a0ffb7b6d33a5ac8989a62f5518b9e0f7ee128a?s=96&d=mm&r=g","url":"https:\/\/secure.gravatar.com\/avatar\/cfd0acaac86c3981d541d2e99a0ffb7b6d33a5ac8989a62f5518b9e0f7ee128a?s=96&d=mm&r=g","contentUrl":"https:\/\/secure.gravatar.com\/avatar\/cfd0acaac86c3981d541d2e99a0ffb7b6d33a5ac8989a62f5518b9e0f7ee128a?s=96&d=mm&r=g","caption":"Webmaster"},"url":"https:\/\/hijasdejesus.org\/pt-br\/author\/webmaster\/"}]}},"_links":{"self":[{"href":"https:\/\/hijasdejesus.org\/pt-br\/wp-json\/wp\/v2\/posts\/28149","targetHints":{"allow":["GET"]}}],"collection":[{"href":"https:\/\/hijasdejesus.org\/pt-br\/wp-json\/wp\/v2\/posts"}],"about":[{"href":"https:\/\/hijasdejesus.org\/pt-br\/wp-json\/wp\/v2\/types\/post"}],"author":[{"embeddable":true,"href":"https:\/\/hijasdejesus.org\/pt-br\/wp-json\/wp\/v2\/users\/28"}],"replies":[{"embeddable":true,"href":"https:\/\/hijasdejesus.org\/pt-br\/wp-json\/wp\/v2\/comments?post=28149"}],"version-history":[{"count":0,"href":"https:\/\/hijasdejesus.org\/pt-br\/wp-json\/wp\/v2\/posts\/28149\/revisions"}],"wp:featuredmedia":[{"embeddable":true,"href":"https:\/\/hijasdejesus.org\/pt-br\/wp-json\/wp\/v2\/media\/8332"}],"wp:attachment":[{"href":"https:\/\/hijasdejesus.org\/pt-br\/wp-json\/wp\/v2\/media?parent=28149"}],"wp:term":[{"taxonomy":"category","embeddable":true,"href":"https:\/\/hijasdejesus.org\/pt-br\/wp-json\/wp\/v2\/categories?post=28149"},{"taxonomy":"post_tag","embeddable":true,"href":"https:\/\/hijasdejesus.org\/pt-br\/wp-json\/wp\/v2\/tags?post=28149"}],"curies":[{"name":"wp","href":"https:\/\/api.w.org\/{rel}","templated":true}]}}