{"id":28154,"date":"2017-01-19T14:30:44","date_gmt":"2017-01-19T13:30:44","guid":{"rendered":"https:\/\/nueva.hijasdejesus.org\/os-refugiados-em-tempos-da-pos-verdade\/"},"modified":"2017-01-22T13:55:10","modified_gmt":"2017-01-22T12:55:10","slug":"os-refugiados-em-tempos-da-pos-verdade","status":"publish","type":"post","link":"https:\/\/hijasdejesus.org\/pt-br\/os-refugiados-em-tempos-da-pos-verdade\/","title":{"rendered":"Os refugiados em tempos da p\u00f3s-verdade"},"content":{"rendered":"<p style=\"text-align: justify;\">O termo p\u00f3s-verdade foi a palavra do ano 2016 segundo o di\u00e1rio norte americano The Time, e se refere \u00e0 situa\u00e7\u00e3o na qual, na hora de criar e moldar a opini\u00e3o p\u00fablica, os fatos objetivos t\u00eam menos influ\u00eancia do que as apela\u00e7\u00f5es \u00e0s emo\u00e7\u00f5es e \u00e0s cren\u00e7as pessoais. Como j\u00e1 foi assinalado por diversos autores[1], a p\u00f3s -verdade est\u00e1 na ordem do dia em rela\u00e7\u00e3o \u00e0s pessoas refugiadas. Alguns exemplos:<br \/>\u201cCrise de refugiados, crise humanit\u00e1ria\u201d. Generaliza-se o termo \u201ccrise de refugiados\u201d. Parece como se atribu\u00edssemos a crise \u00e0s pr\u00f3prias pessoas refugiadas. Translada-se o problema; em definitiva, \u201cseu\u201d problema. Por\u00e9m a realidade \u00e9 que a crise \u00e9 de valores no seio da Uni\u00e3o Europeia que deliberadamente prefere ignorar os direitos e o sofrimento de milh\u00f5es de pessoas obrigadas a fugir de seu pa\u00eds por conflitos armados. Esta crise que tem diferentes vertentes &#8211; de valores, de ina\u00e7\u00e3o, de lideran\u00e7a- tem o perigo de fazer com que a cidadania a perceba como algo ingovern\u00e1vel, cuja gest\u00e3o \u00e9 pouco menos que imposs\u00edvel, o que n\u00e3o \u00e9 certo.<br \/>\u201cInvas\u00e3o em ondas na Europa\u201d. Est\u00e1 muito ligada \u00e0 afirma\u00e7\u00e3o anterior e \u00e0 sensa\u00e7\u00e3o de ingovernabilidade.\u00a0 N\u00e3o\u00a0 devemos nos cansar de repetir que n\u00e3o h\u00e1 uma invas\u00e3o em ondas de refugiados na Europa. Chegaram \u00e0 Europa &#8211; o continente mais rico do mundo com 500 milh\u00f5es de pessoas- aproximadamente mais de um milh\u00e3o de pessoas. \u00c9 uma cifra significativa, mas n\u00e3o t\u00e3o exagerada se tivermos em conta que no mundo h\u00e1 65 milh\u00f5es de pessoas for\u00e7adas a viver sem um lugar -das quais cerca de 22 milh\u00f5es atravessam suas fronteiras- e que 86% das pessoas refugiadas se encontra em pa\u00edses cont\u00edguos aos conflitos. Segundo as Na\u00e7\u00f5es Unidas os dez pa\u00edses do mundo com maior n\u00famero de popula\u00e7\u00e3o refugiada s\u00e3o, nesta ordem: Turquia, Paquist\u00e3o, L\u00edbano, Iram, Eti\u00f3pia, Jord\u00e2nia, Qu\u00eania, Uganda, Rep\u00fablica Democr\u00e1tica do Congo e Chade, nenhum pa\u00eds europeu entre eles.<\/p>\n<p style=\"text-align: center;\"><strong>Por Valeria M\u00e9ndez de Vigo<\/strong><\/p>\n<p style=\"text-align: center;\"><strong><a href=\"http:\/\/blog.cristianismeijusticia.net\/?p=16149&amp;lang=es\" target=\"_blank\" rel=\"noopener\">Continue lendo em Cristianismo y Justicia<\/a><\/strong><\/p>\n","protected":false},"excerpt":{"rendered":"<p>O termo p\u00f3s-verdade foi a palavra do ano 2016 segundo o di\u00e1rio norte americano The Time, e se refere \u00e0 situa\u00e7\u00e3o na qual, na hora de criar e moldar a opini\u00e3o p\u00fablica, os fatos objetivos t\u00eam menos influ\u00eancia do que as apela\u00e7\u00f5es \u00e0s emo\u00e7\u00f5es e \u00e0s cren\u00e7as pessoais. Como j\u00e1 foi assinalado por diversos autores[1], [&hellip;]<\/p>\n","protected":false},"author":28,"featured_media":16222,"comment_status":"closed","ping_status":"closed","sticky":false,"template":"","format":"standard","meta":{"_et_pb_use_builder":"","_et_pb_old_content":"","_et_gb_content_width":"","footnotes":"","_links_to":"","_links_to_target":""},"categories":[742,469],"tags":[],"class_list":["post-28154","post","type-post","status-publish","format-standard","has-post-thumbnail","hentry","category-justica-social","category-noticias-pt-br"],"yoast_head":"<!-- This site is optimized with the Yoast SEO plugin v27.5 - https:\/\/yoast.com\/product\/yoast-seo-wordpress\/ -->\n<title>Os refugiados em tempos da p\u00f3s-verdade - Hijas de Jes\u00fas<\/title>\n<meta name=\"robots\" content=\"index, follow, max-snippet:-1, max-image-preview:large, max-video-preview:-1\" \/>\n<link rel=\"canonical\" href=\"https:\/\/hijasdejesus.org\/pt-br\/os-refugiados-em-tempos-da-pos-verdade\/\" \/>\n<meta property=\"og:locale\" content=\"pt_BR\" \/>\n<meta property=\"og:type\" content=\"article\" \/>\n<meta property=\"og:title\" content=\"Os refugiados em tempos da p\u00f3s-verdade - Hijas de Jes\u00fas\" \/>\n<meta property=\"og:description\" content=\"O termo p\u00f3s-verdade foi a palavra do ano 2016 segundo o di\u00e1rio norte americano The Time, e se refere \u00e0 situa\u00e7\u00e3o na qual, na hora de criar e moldar a opini\u00e3o p\u00fablica, os fatos objetivos t\u00eam menos influ\u00eancia do que as apela\u00e7\u00f5es \u00e0s emo\u00e7\u00f5es e \u00e0s cren\u00e7as pessoais. Como j\u00e1 foi assinalado por diversos autores[1], [&hellip;]\" \/>\n<meta property=\"og:url\" content=\"https:\/\/hijasdejesus.org\/pt-br\/os-refugiados-em-tempos-da-pos-verdade\/\" \/>\n<meta property=\"og:site_name\" content=\"Hijas de Jes\u00fas\" \/>\n<meta property=\"article:publisher\" content=\"https:\/\/www.facebook.com\/hijasdejesusenelmundo\/\" \/>\n<meta property=\"article:published_time\" content=\"2017-01-19T13:30:44+00:00\" \/>\n<meta property=\"article:modified_time\" content=\"2017-01-22T12:55:10+00:00\" \/>\n<meta property=\"og:image\" content=\"https:\/\/hijasdejesus.org\/wp-content\/uploads\/2017\/01\/refugiados.jpg\" \/>\n\t<meta property=\"og:image:width\" content=\"1\" \/>\n\t<meta property=\"og:image:height\" content=\"1\" \/>\n\t<meta property=\"og:image:type\" content=\"image\/jpeg\" \/>\n<meta name=\"author\" content=\"Webmaster\" \/>\n<meta name=\"twitter:card\" content=\"summary_large_image\" \/>\n<meta name=\"twitter:creator\" content=\"@hijasdjesus\" \/>\n<meta name=\"twitter:site\" content=\"@hijasdjesus\" \/>\n<meta name=\"twitter:label1\" content=\"Escrito por\" \/>\n\t<meta name=\"twitter:data1\" content=\"Webmaster\" \/>\n\t<meta name=\"twitter:label2\" content=\"Est. tempo de leitura\" \/>\n\t<meta name=\"twitter:data2\" content=\"2 minutos\" \/>\n<script type=\"application\/ld+json\" class=\"yoast-schema-graph\">{\"@context\":\"https:\\\/\\\/schema.org\",\"@graph\":[{\"@type\":\"Article\",\"@id\":\"https:\\\/\\\/hijasdejesus.org\\\/pt-br\\\/os-refugiados-em-tempos-da-pos-verdade\\\/#article\",\"isPartOf\":{\"@id\":\"https:\\\/\\\/hijasdejesus.org\\\/pt-br\\\/os-refugiados-em-tempos-da-pos-verdade\\\/\"},\"author\":{\"name\":\"Webmaster\",\"@id\":\"https:\\\/\\\/hijasdejesus.org\\\/pt-br\\\/#\\\/schema\\\/person\\\/ce4455965da733f2791f23b6ec14e9b6\"},\"headline\":\"Os refugiados em tempos da p\u00f3s-verdade\",\"datePublished\":\"2017-01-19T13:30:44+00:00\",\"dateModified\":\"2017-01-22T12:55:10+00:00\",\"mainEntityOfPage\":{\"@id\":\"https:\\\/\\\/hijasdejesus.org\\\/pt-br\\\/os-refugiados-em-tempos-da-pos-verdade\\\/\"},\"wordCount\":372,\"publisher\":{\"@id\":\"https:\\\/\\\/hijasdejesus.org\\\/pt-br\\\/#organization\"},\"image\":{\"@id\":\"https:\\\/\\\/hijasdejesus.org\\\/pt-br\\\/os-refugiados-em-tempos-da-pos-verdade\\\/#primaryimage\"},\"thumbnailUrl\":\"https:\\\/\\\/hijasdejesus.org\\\/wp-content\\\/uploads\\\/2017\\\/01\\\/refugiados.jpg\",\"articleSection\":[\"Justi\u00e7a Social\",\"Not\u00edcias\"],\"inLanguage\":\"pt-BR\"},{\"@type\":\"WebPage\",\"@id\":\"https:\\\/\\\/hijasdejesus.org\\\/pt-br\\\/os-refugiados-em-tempos-da-pos-verdade\\\/\",\"url\":\"https:\\\/\\\/hijasdejesus.org\\\/pt-br\\\/os-refugiados-em-tempos-da-pos-verdade\\\/\",\"name\":\"Os refugiados em tempos da p\u00f3s-verdade - Hijas de Jes\u00fas\",\"isPartOf\":{\"@id\":\"https:\\\/\\\/hijasdejesus.org\\\/pt-br\\\/#website\"},\"primaryImageOfPage\":{\"@id\":\"https:\\\/\\\/hijasdejesus.org\\\/pt-br\\\/os-refugiados-em-tempos-da-pos-verdade\\\/#primaryimage\"},\"image\":{\"@id\":\"https:\\\/\\\/hijasdejesus.org\\\/pt-br\\\/os-refugiados-em-tempos-da-pos-verdade\\\/#primaryimage\"},\"thumbnailUrl\":\"https:\\\/\\\/hijasdejesus.org\\\/wp-content\\\/uploads\\\/2017\\\/01\\\/refugiados.jpg\",\"datePublished\":\"2017-01-19T13:30:44+00:00\",\"dateModified\":\"2017-01-22T12:55:10+00:00\",\"breadcrumb\":{\"@id\":\"https:\\\/\\\/hijasdejesus.org\\\/pt-br\\\/os-refugiados-em-tempos-da-pos-verdade\\\/#breadcrumb\"},\"inLanguage\":\"pt-BR\",\"potentialAction\":[{\"@type\":\"ReadAction\",\"target\":[\"https:\\\/\\\/hijasdejesus.org\\\/pt-br\\\/os-refugiados-em-tempos-da-pos-verdade\\\/\"]}]},{\"@type\":\"ImageObject\",\"inLanguage\":\"pt-BR\",\"@id\":\"https:\\\/\\\/hijasdejesus.org\\\/pt-br\\\/os-refugiados-em-tempos-da-pos-verdade\\\/#primaryimage\",\"url\":\"https:\\\/\\\/hijasdejesus.org\\\/wp-content\\\/uploads\\\/2017\\\/01\\\/refugiados.jpg\",\"contentUrl\":\"https:\\\/\\\/hijasdejesus.org\\\/wp-content\\\/uploads\\\/2017\\\/01\\\/refugiados.jpg\"},{\"@type\":\"BreadcrumbList\",\"@id\":\"https:\\\/\\\/hijasdejesus.org\\\/pt-br\\\/os-refugiados-em-tempos-da-pos-verdade\\\/#breadcrumb\",\"itemListElement\":[{\"@type\":\"ListItem\",\"position\":1,\"name\":\"Portada\",\"item\":\"https:\\\/\\\/hijasdejesus.org\\\/pt-br\\\/\"},{\"@type\":\"ListItem\",\"position\":2,\"name\":\"Os refugiados em tempos da p\u00f3s-verdade\"}]},{\"@type\":\"WebSite\",\"@id\":\"https:\\\/\\\/hijasdejesus.org\\\/pt-br\\\/#website\",\"url\":\"https:\\\/\\\/hijasdejesus.org\\\/pt-br\\\/\",\"name\":\"Hijas de Jes\u00fas\",\"description\":\"Despertamos a Jes\u00fas en el coraz\u00f3n, sacando lo mejor de las personas. Somos una congregaci\u00f3n religiosa ignaciana fundada por la Madre Candida\",\"publisher\":{\"@id\":\"https:\\\/\\\/hijasdejesus.org\\\/pt-br\\\/#organization\"},\"potentialAction\":[{\"@type\":\"SearchAction\",\"target\":{\"@type\":\"EntryPoint\",\"urlTemplate\":\"https:\\\/\\\/hijasdejesus.org\\\/pt-br\\\/?s={search_term_string}\"},\"query-input\":{\"@type\":\"PropertyValueSpecification\",\"valueRequired\":true,\"valueName\":\"search_term_string\"}}],\"inLanguage\":\"pt-BR\"},{\"@type\":\"Organization\",\"@id\":\"https:\\\/\\\/hijasdejesus.org\\\/pt-br\\\/#organization\",\"name\":\"Hijas de Jes\u00fas\",\"url\":\"https:\\\/\\\/hijasdejesus.org\\\/pt-br\\\/\",\"logo\":{\"@type\":\"ImageObject\",\"inLanguage\":\"pt-BR\",\"@id\":\"https:\\\/\\\/hijasdejesus.org\\\/pt-br\\\/#\\\/schema\\\/logo\\\/image\\\/\",\"url\":\"https:\\\/\\\/hijasdejesus.org\\\/wp-content\\\/uploads\\\/2023\\\/01\\\/Hijas-de-Jesus_hor-A7C957.png\",\"contentUrl\":\"https:\\\/\\\/hijasdejesus.org\\\/wp-content\\\/uploads\\\/2023\\\/01\\\/Hijas-de-Jesus_hor-A7C957.png\",\"width\":700,\"height\":360,\"caption\":\"Hijas de Jes\u00fas\"},\"image\":{\"@id\":\"https:\\\/\\\/hijasdejesus.org\\\/pt-br\\\/#\\\/schema\\\/logo\\\/image\\\/\"},\"sameAs\":[\"https:\\\/\\\/www.facebook.com\\\/hijasdejesusenelmundo\\\/\",\"https:\\\/\\\/x.com\\\/hijasdjesus\"]},{\"@type\":\"Person\",\"@id\":\"https:\\\/\\\/hijasdejesus.org\\\/pt-br\\\/#\\\/schema\\\/person\\\/ce4455965da733f2791f23b6ec14e9b6\",\"name\":\"Webmaster\",\"image\":{\"@type\":\"ImageObject\",\"inLanguage\":\"pt-BR\",\"@id\":\"https:\\\/\\\/secure.gravatar.com\\\/avatar\\\/cfd0acaac86c3981d541d2e99a0ffb7b6d33a5ac8989a62f5518b9e0f7ee128a?s=96&d=mm&r=g\",\"url\":\"https:\\\/\\\/secure.gravatar.com\\\/avatar\\\/cfd0acaac86c3981d541d2e99a0ffb7b6d33a5ac8989a62f5518b9e0f7ee128a?s=96&d=mm&r=g\",\"contentUrl\":\"https:\\\/\\\/secure.gravatar.com\\\/avatar\\\/cfd0acaac86c3981d541d2e99a0ffb7b6d33a5ac8989a62f5518b9e0f7ee128a?s=96&d=mm&r=g\",\"caption\":\"Webmaster\"},\"url\":\"https:\\\/\\\/hijasdejesus.org\\\/pt-br\\\/author\\\/webmaster\\\/\"}]}<\/script>\n<!-- \/ Yoast SEO plugin. -->","yoast_head_json":{"title":"Os refugiados em tempos da p\u00f3s-verdade - Hijas de Jes\u00fas","robots":{"index":"index","follow":"follow","max-snippet":"max-snippet:-1","max-image-preview":"max-image-preview:large","max-video-preview":"max-video-preview:-1"},"canonical":"https:\/\/hijasdejesus.org\/pt-br\/os-refugiados-em-tempos-da-pos-verdade\/","og_locale":"pt_BR","og_type":"article","og_title":"Os refugiados em tempos da p\u00f3s-verdade - Hijas de Jes\u00fas","og_description":"O termo p\u00f3s-verdade foi a palavra do ano 2016 segundo o di\u00e1rio norte americano The Time, e se refere \u00e0 situa\u00e7\u00e3o na qual, na hora de criar e moldar a opini\u00e3o p\u00fablica, os fatos objetivos t\u00eam menos influ\u00eancia do que as apela\u00e7\u00f5es \u00e0s emo\u00e7\u00f5es e \u00e0s cren\u00e7as pessoais. Como j\u00e1 foi assinalado por diversos autores[1], [&hellip;]","og_url":"https:\/\/hijasdejesus.org\/pt-br\/os-refugiados-em-tempos-da-pos-verdade\/","og_site_name":"Hijas de Jes\u00fas","article_publisher":"https:\/\/www.facebook.com\/hijasdejesusenelmundo\/","article_published_time":"2017-01-19T13:30:44+00:00","article_modified_time":"2017-01-22T12:55:10+00:00","og_image":[{"url":"https:\/\/hijasdejesus.org\/wp-content\/uploads\/2017\/01\/refugiados.jpg","width":1,"height":1,"type":"image\/jpeg"}],"author":"Webmaster","twitter_card":"summary_large_image","twitter_creator":"@hijasdjesus","twitter_site":"@hijasdjesus","twitter_misc":{"Escrito por":"Webmaster","Est. tempo de leitura":"2 minutos"},"schema":{"@context":"https:\/\/schema.org","@graph":[{"@type":"Article","@id":"https:\/\/hijasdejesus.org\/pt-br\/os-refugiados-em-tempos-da-pos-verdade\/#article","isPartOf":{"@id":"https:\/\/hijasdejesus.org\/pt-br\/os-refugiados-em-tempos-da-pos-verdade\/"},"author":{"name":"Webmaster","@id":"https:\/\/hijasdejesus.org\/pt-br\/#\/schema\/person\/ce4455965da733f2791f23b6ec14e9b6"},"headline":"Os refugiados em tempos da p\u00f3s-verdade","datePublished":"2017-01-19T13:30:44+00:00","dateModified":"2017-01-22T12:55:10+00:00","mainEntityOfPage":{"@id":"https:\/\/hijasdejesus.org\/pt-br\/os-refugiados-em-tempos-da-pos-verdade\/"},"wordCount":372,"publisher":{"@id":"https:\/\/hijasdejesus.org\/pt-br\/#organization"},"image":{"@id":"https:\/\/hijasdejesus.org\/pt-br\/os-refugiados-em-tempos-da-pos-verdade\/#primaryimage"},"thumbnailUrl":"https:\/\/hijasdejesus.org\/wp-content\/uploads\/2017\/01\/refugiados.jpg","articleSection":["Justi\u00e7a Social","Not\u00edcias"],"inLanguage":"pt-BR"},{"@type":"WebPage","@id":"https:\/\/hijasdejesus.org\/pt-br\/os-refugiados-em-tempos-da-pos-verdade\/","url":"https:\/\/hijasdejesus.org\/pt-br\/os-refugiados-em-tempos-da-pos-verdade\/","name":"Os refugiados em tempos da p\u00f3s-verdade - Hijas de Jes\u00fas","isPartOf":{"@id":"https:\/\/hijasdejesus.org\/pt-br\/#website"},"primaryImageOfPage":{"@id":"https:\/\/hijasdejesus.org\/pt-br\/os-refugiados-em-tempos-da-pos-verdade\/#primaryimage"},"image":{"@id":"https:\/\/hijasdejesus.org\/pt-br\/os-refugiados-em-tempos-da-pos-verdade\/#primaryimage"},"thumbnailUrl":"https:\/\/hijasdejesus.org\/wp-content\/uploads\/2017\/01\/refugiados.jpg","datePublished":"2017-01-19T13:30:44+00:00","dateModified":"2017-01-22T12:55:10+00:00","breadcrumb":{"@id":"https:\/\/hijasdejesus.org\/pt-br\/os-refugiados-em-tempos-da-pos-verdade\/#breadcrumb"},"inLanguage":"pt-BR","potentialAction":[{"@type":"ReadAction","target":["https:\/\/hijasdejesus.org\/pt-br\/os-refugiados-em-tempos-da-pos-verdade\/"]}]},{"@type":"ImageObject","inLanguage":"pt-BR","@id":"https:\/\/hijasdejesus.org\/pt-br\/os-refugiados-em-tempos-da-pos-verdade\/#primaryimage","url":"https:\/\/hijasdejesus.org\/wp-content\/uploads\/2017\/01\/refugiados.jpg","contentUrl":"https:\/\/hijasdejesus.org\/wp-content\/uploads\/2017\/01\/refugiados.jpg"},{"@type":"BreadcrumbList","@id":"https:\/\/hijasdejesus.org\/pt-br\/os-refugiados-em-tempos-da-pos-verdade\/#breadcrumb","itemListElement":[{"@type":"ListItem","position":1,"name":"Portada","item":"https:\/\/hijasdejesus.org\/pt-br\/"},{"@type":"ListItem","position":2,"name":"Os refugiados em tempos da p\u00f3s-verdade"}]},{"@type":"WebSite","@id":"https:\/\/hijasdejesus.org\/pt-br\/#website","url":"https:\/\/hijasdejesus.org\/pt-br\/","name":"Hijas de Jes\u00fas","description":"Despertamos a Jes\u00fas en el coraz\u00f3n, sacando lo mejor de las personas. Somos una congregaci\u00f3n religiosa ignaciana fundada por la Madre Candida","publisher":{"@id":"https:\/\/hijasdejesus.org\/pt-br\/#organization"},"potentialAction":[{"@type":"SearchAction","target":{"@type":"EntryPoint","urlTemplate":"https:\/\/hijasdejesus.org\/pt-br\/?s={search_term_string}"},"query-input":{"@type":"PropertyValueSpecification","valueRequired":true,"valueName":"search_term_string"}}],"inLanguage":"pt-BR"},{"@type":"Organization","@id":"https:\/\/hijasdejesus.org\/pt-br\/#organization","name":"Hijas de Jes\u00fas","url":"https:\/\/hijasdejesus.org\/pt-br\/","logo":{"@type":"ImageObject","inLanguage":"pt-BR","@id":"https:\/\/hijasdejesus.org\/pt-br\/#\/schema\/logo\/image\/","url":"https:\/\/hijasdejesus.org\/wp-content\/uploads\/2023\/01\/Hijas-de-Jesus_hor-A7C957.png","contentUrl":"https:\/\/hijasdejesus.org\/wp-content\/uploads\/2023\/01\/Hijas-de-Jesus_hor-A7C957.png","width":700,"height":360,"caption":"Hijas de Jes\u00fas"},"image":{"@id":"https:\/\/hijasdejesus.org\/pt-br\/#\/schema\/logo\/image\/"},"sameAs":["https:\/\/www.facebook.com\/hijasdejesusenelmundo\/","https:\/\/x.com\/hijasdjesus"]},{"@type":"Person","@id":"https:\/\/hijasdejesus.org\/pt-br\/#\/schema\/person\/ce4455965da733f2791f23b6ec14e9b6","name":"Webmaster","image":{"@type":"ImageObject","inLanguage":"pt-BR","@id":"https:\/\/secure.gravatar.com\/avatar\/cfd0acaac86c3981d541d2e99a0ffb7b6d33a5ac8989a62f5518b9e0f7ee128a?s=96&d=mm&r=g","url":"https:\/\/secure.gravatar.com\/avatar\/cfd0acaac86c3981d541d2e99a0ffb7b6d33a5ac8989a62f5518b9e0f7ee128a?s=96&d=mm&r=g","contentUrl":"https:\/\/secure.gravatar.com\/avatar\/cfd0acaac86c3981d541d2e99a0ffb7b6d33a5ac8989a62f5518b9e0f7ee128a?s=96&d=mm&r=g","caption":"Webmaster"},"url":"https:\/\/hijasdejesus.org\/pt-br\/author\/webmaster\/"}]}},"_links":{"self":[{"href":"https:\/\/hijasdejesus.org\/pt-br\/wp-json\/wp\/v2\/posts\/28154","targetHints":{"allow":["GET"]}}],"collection":[{"href":"https:\/\/hijasdejesus.org\/pt-br\/wp-json\/wp\/v2\/posts"}],"about":[{"href":"https:\/\/hijasdejesus.org\/pt-br\/wp-json\/wp\/v2\/types\/post"}],"author":[{"embeddable":true,"href":"https:\/\/hijasdejesus.org\/pt-br\/wp-json\/wp\/v2\/users\/28"}],"replies":[{"embeddable":true,"href":"https:\/\/hijasdejesus.org\/pt-br\/wp-json\/wp\/v2\/comments?post=28154"}],"version-history":[{"count":0,"href":"https:\/\/hijasdejesus.org\/pt-br\/wp-json\/wp\/v2\/posts\/28154\/revisions"}],"wp:featuredmedia":[{"embeddable":true,"href":"https:\/\/hijasdejesus.org\/pt-br\/wp-json\/wp\/v2\/media\/16222"}],"wp:attachment":[{"href":"https:\/\/hijasdejesus.org\/pt-br\/wp-json\/wp\/v2\/media?parent=28154"}],"wp:term":[{"taxonomy":"category","embeddable":true,"href":"https:\/\/hijasdejesus.org\/pt-br\/wp-json\/wp\/v2\/categories?post=28154"},{"taxonomy":"post_tag","embeddable":true,"href":"https:\/\/hijasdejesus.org\/pt-br\/wp-json\/wp\/v2\/tags?post=28154"}],"curies":[{"name":"wp","href":"https:\/\/api.w.org\/{rel}","templated":true}]}}