{"id":28167,"date":"2017-01-29T14:10:30","date_gmt":"2017-01-29T13:10:30","guid":{"rendered":"https:\/\/nueva.hijasdejesus.org\/de-modo-que-ninguem-possa-se-gloriar-diante-do-senhor\/"},"modified":"2017-02-01T11:55:28","modified_gmt":"2017-02-01T10:55:28","slug":"de-modo-que-ninguem-possa-se-gloriar-diante-do-senhor","status":"publish","type":"post","link":"https:\/\/hijasdejesus.org\/pt-br\/de-modo-que-ninguem-possa-se-gloriar-diante-do-senhor\/","title":{"rendered":"\u201cDe modo que ningu\u00e9m possa se gloriar diante do Senhor\u201d"},"content":{"rendered":"<p>Que interessante: \u201cDeixarei entre v\u00f3s um punhado de homens humildes e pobres. No nome do Senhor por\u00e1 sua esperan\u00e7a o resto de Israel\u201d. Parece digno de um quadro bem emoldurado. Para os que v\u00eam da cristandade, \u00e9 doloroso pensar que podem ser um resto. Mas, para os que vivem a f\u00e9 como um dom e com uma viva consci\u00eancia, n\u00e3o artificial nem folcl\u00f3rica, nem legalista, nem ritualista, nem ideol\u00f3gica, nem moralista, \u00e9 evidente que eles mesmos, indistintamente, estejam situados na historia onde for, sabem e se reconhecem um resto de crentes pobre, pequeno e humilde no meio de um mundo acomodado, amorfo, sup\u00e9rfluo, ou longe da Fonte.<br \/>Reconhecer-se e ser um resto, \u00e9 o modo habitual de ser, dos disc\u00edpulos de Jesus. E n\u00e3o sofrem por isso mais do que o justo e necess\u00e1rio para n\u00e3o fugir de ser resto. N\u00e3o \u00e9 um privil\u00e9gio, mas sup\u00f5e um chamado concreto e uma resposta especial. \u00c9 um chamado silencioso ao seguimento, e \u00e9 uma resposta comprometida, tamb\u00e9m silenciosa, em favor do bem e da paz, que se expande a todos os filhos de Deus. \u201cO resto de Israel n\u00e3o far\u00e1 o mal, nem falar\u00e1 mentiras, nem se encontrar\u00e1 em sua boca uma linguagem enganosa\u201d indica Sofonias, neste domingo.<br \/>Paulo, na 1\u00aa Carta aos Cor\u00edntios 1, deixa-nos bem claro quem pertence a esse resto: \u201cO que o mundo considera como fraco para assim confundir o forte; Deus escolheu o que para o mundo \u00e9 sem import\u00e2ncia e desprezado, o que n\u00e3o tem nenhuma serventia, para assim mostrar a inutilidade do que \u00e9 considerado importante, para que ningu\u00e9m possa se gloriar diante dele\u201d <br \/>Desta cita\u00e7\u00e3o paulina, mesmo compreendendo bem que os que acolhem o chamado e respondem s\u00e3o os fracos, os sem import\u00e2ncia, os desprezados, os quem n\u00e3o t\u00eam serventia, contudo fico com o final: \u201cPara que ningu\u00e9m possa se gloriar diante do Senhor.\u201d<br \/>Este final \u00e9 o que d\u00e1 veracidade e autenticidade ao pequeno resto de disc\u00edpulos de Jesus. Ningu\u00e9m se gloriar\u00e1, nem se exaltar\u00e1, nem se orgulhar\u00e1. Ningu\u00e9m se julgar\u00e1 importante. Ningu\u00e9m se considerar\u00e1 mais do que ningu\u00e9m. Ningu\u00e9m pensar\u00e1 que tem uma patente do Senhor. Ningu\u00e9m se converter\u00e1 em protagonista, em int\u00e9rprete ou em vedete. No resto h\u00e1 lugar para os humildes, os pacientes, os sofridos, os servidores, os que se mant\u00e9m vigilantes, os que oram e trabalham dia e noite, os que n\u00e3o procuram aplausos, os que n\u00e3o sonham com o \u00eaxito.<br \/>T\u00eam, isso sim, a miss\u00e3o de ser testemunhas, de deixar que o Esp\u00edrito de Deus transpare\u00e7a em sua debilidade e pobreza, de chorar com os que choram, de sofrer com os que sofrem, de se encarnar entre os pobres e famintos, de compartilhar a condi\u00e7\u00e3o dos deserdados, de respirar sil\u00eancio e simplicidade de vida, de mostrar a miseric\u00f3rdia do Pai e seu perd\u00e3o aos machucados e aos pecadores, de curar as doen\u00e7as do povo, de iluminar as noites com a d\u00e9bil luz de suas l\u00e2mpadas acesas e de esperar orando em sil\u00eancio e servindo, at\u00e9 que o Senhor chegue. <br \/>S\u00e3o os que levam a boa not\u00edcia ao povo de Deus, a esse povo soberano chamado a viver em liberdade os dias de sua vida. Esse povo que traz em suas entranhas o dom de Deus, ainda que n\u00e3o o saiba, ainda que o desconhe\u00e7a ou o ignore. Jesus veio para que todos se sintam acompanhados e amados, como Ele o revelou nas bem-aventuran\u00e7as, proclamadas hoje com for\u00e7a em nossas comunidades crist\u00e3s. Todos os homens e mulheres, filhos de Deus, s\u00e3o capazes de entender que s\u00e3o filhos amados de Deus, apesar da dureza de seu cora\u00e7\u00e3o ou de sua dolorosa situa\u00e7\u00e3o. Todos t\u00eam impressa em si a imagem de Deus, e compreender\u00e3o e descobrir\u00e3o isso, se o resto, guiado pelo Esp\u00edrito de Jesus, os ajudar com ternura, coer\u00eancia de vida, limpeza de cora\u00e7\u00e3o, com o compromisso de suas vidas e sem imposi\u00e7\u00e3o nem coa\u00e7\u00e3o alguma, com sabedoria e paci\u00eancia, e com extremado amor.<br \/>Procure esse resto humilde e sempre vivo. Esmere-se na busca. E quando o encontrar una-se a ele. Coloque-se em ora\u00e7\u00e3o, em sil\u00eancio e a caminho. \u201cA messe \u00e9 grande e poucos s\u00e3o os oper\u00e1rios\u201d. Ele, Jesus e sua Palavra, o est\u00e1 esperando, e eles, o resto, tamb\u00e9m. O resto est\u00e1 intimamente unido a todo o povo de Deus, est\u00e1 em comunh\u00e3o com o Corpo de Cristo, e se sente unido a toda a humanidade, a quem serve. Bem-aventurados.<\/p>\n<p style=\"text-align: center;\"><a href=\"http:\/\/www.parroquiadelpilar.es\/homilia-domingo-29-enero-2017\" target=\"_blank\" rel=\"noopener\">Antonio Garc\u00eda Rubio, p\u00e1roco do Pilar em Madrid<\/a><\/p>\n","protected":false},"excerpt":{"rendered":"<p>Que interessante: \u201cDeixarei entre v\u00f3s um punhado de homens humildes e pobres. No nome do Senhor por\u00e1 sua esperan\u00e7a o resto de Israel\u201d. Parece digno de um quadro bem emoldurado. Para os que v\u00eam da cristandade, \u00e9 doloroso pensar que podem ser um resto. Mas, para os que vivem a f\u00e9 como um dom e [&hellip;]<\/p>\n","protected":false},"author":28,"featured_media":13302,"comment_status":"closed","ping_status":"closed","sticky":false,"template":"","format":"standard","meta":{"_et_pb_use_builder":"","_et_pb_old_content":"","_et_gb_content_width":"","footnotes":"","_links_to":"","_links_to_target":""},"categories":[533,469],"tags":[],"class_list":["post-28167","post","type-post","status-publish","format-standard","has-post-thumbnail","hentry","category-igreja","category-noticias-pt-br"],"yoast_head":"<!-- This site is optimized with the Yoast SEO plugin v27.4 - https:\/\/yoast.com\/product\/yoast-seo-wordpress\/ -->\n<title>\u201cDe modo que ningu\u00e9m possa se gloriar diante do Senhor\u201d - Hijas de Jes\u00fas<\/title>\n<meta name=\"robots\" content=\"index, follow, max-snippet:-1, max-image-preview:large, max-video-preview:-1\" \/>\n<link rel=\"canonical\" href=\"https:\/\/hijasdejesus.org\/pt-br\/de-modo-que-ninguem-possa-se-gloriar-diante-do-senhor\/\" \/>\n<meta property=\"og:locale\" content=\"pt_BR\" \/>\n<meta property=\"og:type\" content=\"article\" \/>\n<meta property=\"og:title\" content=\"\u201cDe modo que ningu\u00e9m possa se gloriar diante do Senhor\u201d - Hijas de Jes\u00fas\" \/>\n<meta property=\"og:description\" content=\"Que interessante: \u201cDeixarei entre v\u00f3s um punhado de homens humildes e pobres. No nome do Senhor por\u00e1 sua esperan\u00e7a o resto de Israel\u201d. Parece digno de um quadro bem emoldurado. Para os que v\u00eam da cristandade, \u00e9 doloroso pensar que podem ser um resto. Mas, para os que vivem a f\u00e9 como um dom e [&hellip;]\" \/>\n<meta property=\"og:url\" content=\"https:\/\/hijasdejesus.org\/pt-br\/de-modo-que-ninguem-possa-se-gloriar-diante-do-senhor\/\" \/>\n<meta property=\"og:site_name\" content=\"Hijas de Jes\u00fas\" \/>\n<meta property=\"article:publisher\" content=\"https:\/\/www.facebook.com\/hijasdejesusenelmundo\/\" \/>\n<meta property=\"article:published_time\" content=\"2017-01-29T13:10:30+00:00\" \/>\n<meta property=\"article:modified_time\" content=\"2017-02-01T10:55:28+00:00\" \/>\n<meta property=\"og:image\" content=\"https:\/\/hijasdejesus.org\/wp-content\/uploads\/2017\/02\/cuarto-domingo-tiempo-ordinario-1.jpg\" \/>\n\t<meta property=\"og:image:width\" content=\"1\" \/>\n\t<meta property=\"og:image:height\" content=\"1\" \/>\n\t<meta property=\"og:image:type\" content=\"image\/jpeg\" \/>\n<meta name=\"author\" content=\"Webmaster\" \/>\n<meta name=\"twitter:card\" content=\"summary_large_image\" \/>\n<meta name=\"twitter:creator\" content=\"@hijasdjesus\" \/>\n<meta name=\"twitter:site\" content=\"@hijasdjesus\" \/>\n<meta name=\"twitter:label1\" content=\"Escrito por\" \/>\n\t<meta name=\"twitter:data1\" content=\"Webmaster\" \/>\n\t<meta name=\"twitter:label2\" content=\"Est. tempo de leitura\" \/>\n\t<meta name=\"twitter:data2\" content=\"4 minutos\" \/>\n<script type=\"application\/ld+json\" class=\"yoast-schema-graph\">{\"@context\":\"https:\\\/\\\/schema.org\",\"@graph\":[{\"@type\":\"Article\",\"@id\":\"https:\\\/\\\/hijasdejesus.org\\\/pt-br\\\/de-modo-que-ninguem-possa-se-gloriar-diante-do-senhor\\\/#article\",\"isPartOf\":{\"@id\":\"https:\\\/\\\/hijasdejesus.org\\\/pt-br\\\/de-modo-que-ninguem-possa-se-gloriar-diante-do-senhor\\\/\"},\"author\":{\"name\":\"Webmaster\",\"@id\":\"https:\\\/\\\/hijasdejesus.org\\\/pt-br\\\/#\\\/schema\\\/person\\\/ce4455965da733f2791f23b6ec14e9b6\"},\"headline\":\"\u201cDe modo que ningu\u00e9m possa se gloriar diante do Senhor\u201d\",\"datePublished\":\"2017-01-29T13:10:30+00:00\",\"dateModified\":\"2017-02-01T10:55:28+00:00\",\"mainEntityOfPage\":{\"@id\":\"https:\\\/\\\/hijasdejesus.org\\\/pt-br\\\/de-modo-que-ninguem-possa-se-gloriar-diante-do-senhor\\\/\"},\"wordCount\":817,\"publisher\":{\"@id\":\"https:\\\/\\\/hijasdejesus.org\\\/pt-br\\\/#organization\"},\"image\":{\"@id\":\"https:\\\/\\\/hijasdejesus.org\\\/pt-br\\\/de-modo-que-ninguem-possa-se-gloriar-diante-do-senhor\\\/#primaryimage\"},\"thumbnailUrl\":\"https:\\\/\\\/hijasdejesus.org\\\/wp-content\\\/uploads\\\/2017\\\/02\\\/cuarto-domingo-tiempo-ordinario-1.jpg\",\"articleSection\":[\"Igreja\",\"Not\u00edcias\"],\"inLanguage\":\"pt-BR\"},{\"@type\":\"WebPage\",\"@id\":\"https:\\\/\\\/hijasdejesus.org\\\/pt-br\\\/de-modo-que-ninguem-possa-se-gloriar-diante-do-senhor\\\/\",\"url\":\"https:\\\/\\\/hijasdejesus.org\\\/pt-br\\\/de-modo-que-ninguem-possa-se-gloriar-diante-do-senhor\\\/\",\"name\":\"\u201cDe modo que ningu\u00e9m possa se gloriar diante do Senhor\u201d - Hijas de Jes\u00fas\",\"isPartOf\":{\"@id\":\"https:\\\/\\\/hijasdejesus.org\\\/pt-br\\\/#website\"},\"primaryImageOfPage\":{\"@id\":\"https:\\\/\\\/hijasdejesus.org\\\/pt-br\\\/de-modo-que-ninguem-possa-se-gloriar-diante-do-senhor\\\/#primaryimage\"},\"image\":{\"@id\":\"https:\\\/\\\/hijasdejesus.org\\\/pt-br\\\/de-modo-que-ninguem-possa-se-gloriar-diante-do-senhor\\\/#primaryimage\"},\"thumbnailUrl\":\"https:\\\/\\\/hijasdejesus.org\\\/wp-content\\\/uploads\\\/2017\\\/02\\\/cuarto-domingo-tiempo-ordinario-1.jpg\",\"datePublished\":\"2017-01-29T13:10:30+00:00\",\"dateModified\":\"2017-02-01T10:55:28+00:00\",\"breadcrumb\":{\"@id\":\"https:\\\/\\\/hijasdejesus.org\\\/pt-br\\\/de-modo-que-ninguem-possa-se-gloriar-diante-do-senhor\\\/#breadcrumb\"},\"inLanguage\":\"pt-BR\",\"potentialAction\":[{\"@type\":\"ReadAction\",\"target\":[\"https:\\\/\\\/hijasdejesus.org\\\/pt-br\\\/de-modo-que-ninguem-possa-se-gloriar-diante-do-senhor\\\/\"]}]},{\"@type\":\"ImageObject\",\"inLanguage\":\"pt-BR\",\"@id\":\"https:\\\/\\\/hijasdejesus.org\\\/pt-br\\\/de-modo-que-ninguem-possa-se-gloriar-diante-do-senhor\\\/#primaryimage\",\"url\":\"https:\\\/\\\/hijasdejesus.org\\\/wp-content\\\/uploads\\\/2017\\\/02\\\/cuarto-domingo-tiempo-ordinario-1.jpg\",\"contentUrl\":\"https:\\\/\\\/hijasdejesus.org\\\/wp-content\\\/uploads\\\/2017\\\/02\\\/cuarto-domingo-tiempo-ordinario-1.jpg\"},{\"@type\":\"BreadcrumbList\",\"@id\":\"https:\\\/\\\/hijasdejesus.org\\\/pt-br\\\/de-modo-que-ninguem-possa-se-gloriar-diante-do-senhor\\\/#breadcrumb\",\"itemListElement\":[{\"@type\":\"ListItem\",\"position\":1,\"name\":\"Portada\",\"item\":\"https:\\\/\\\/hijasdejesus.org\\\/pt-br\\\/\"},{\"@type\":\"ListItem\",\"position\":2,\"name\":\"\u201cDe modo que ningu\u00e9m possa se gloriar diante do Senhor\u201d\"}]},{\"@type\":\"WebSite\",\"@id\":\"https:\\\/\\\/hijasdejesus.org\\\/pt-br\\\/#website\",\"url\":\"https:\\\/\\\/hijasdejesus.org\\\/pt-br\\\/\",\"name\":\"Hijas de Jes\u00fas\",\"description\":\"Despertamos a Jes\u00fas en el coraz\u00f3n, sacando lo mejor de las personas. Somos una congregaci\u00f3n religiosa ignaciana fundada por la Madre Candida\",\"publisher\":{\"@id\":\"https:\\\/\\\/hijasdejesus.org\\\/pt-br\\\/#organization\"},\"potentialAction\":[{\"@type\":\"SearchAction\",\"target\":{\"@type\":\"EntryPoint\",\"urlTemplate\":\"https:\\\/\\\/hijasdejesus.org\\\/pt-br\\\/?s={search_term_string}\"},\"query-input\":{\"@type\":\"PropertyValueSpecification\",\"valueRequired\":true,\"valueName\":\"search_term_string\"}}],\"inLanguage\":\"pt-BR\"},{\"@type\":\"Organization\",\"@id\":\"https:\\\/\\\/hijasdejesus.org\\\/pt-br\\\/#organization\",\"name\":\"Hijas de Jes\u00fas\",\"url\":\"https:\\\/\\\/hijasdejesus.org\\\/pt-br\\\/\",\"logo\":{\"@type\":\"ImageObject\",\"inLanguage\":\"pt-BR\",\"@id\":\"https:\\\/\\\/hijasdejesus.org\\\/pt-br\\\/#\\\/schema\\\/logo\\\/image\\\/\",\"url\":\"https:\\\/\\\/hijasdejesus.org\\\/wp-content\\\/uploads\\\/2023\\\/01\\\/Hijas-de-Jesus_hor-A7C957.png\",\"contentUrl\":\"https:\\\/\\\/hijasdejesus.org\\\/wp-content\\\/uploads\\\/2023\\\/01\\\/Hijas-de-Jesus_hor-A7C957.png\",\"width\":700,\"height\":360,\"caption\":\"Hijas de Jes\u00fas\"},\"image\":{\"@id\":\"https:\\\/\\\/hijasdejesus.org\\\/pt-br\\\/#\\\/schema\\\/logo\\\/image\\\/\"},\"sameAs\":[\"https:\\\/\\\/www.facebook.com\\\/hijasdejesusenelmundo\\\/\",\"https:\\\/\\\/x.com\\\/hijasdjesus\"]},{\"@type\":\"Person\",\"@id\":\"https:\\\/\\\/hijasdejesus.org\\\/pt-br\\\/#\\\/schema\\\/person\\\/ce4455965da733f2791f23b6ec14e9b6\",\"name\":\"Webmaster\",\"image\":{\"@type\":\"ImageObject\",\"inLanguage\":\"pt-BR\",\"@id\":\"https:\\\/\\\/secure.gravatar.com\\\/avatar\\\/cfd0acaac86c3981d541d2e99a0ffb7b6d33a5ac8989a62f5518b9e0f7ee128a?s=96&d=mm&r=g\",\"url\":\"https:\\\/\\\/secure.gravatar.com\\\/avatar\\\/cfd0acaac86c3981d541d2e99a0ffb7b6d33a5ac8989a62f5518b9e0f7ee128a?s=96&d=mm&r=g\",\"contentUrl\":\"https:\\\/\\\/secure.gravatar.com\\\/avatar\\\/cfd0acaac86c3981d541d2e99a0ffb7b6d33a5ac8989a62f5518b9e0f7ee128a?s=96&d=mm&r=g\",\"caption\":\"Webmaster\"},\"url\":\"https:\\\/\\\/hijasdejesus.org\\\/pt-br\\\/author\\\/webmaster\\\/\"}]}<\/script>\n<!-- \/ Yoast SEO plugin. -->","yoast_head_json":{"title":"\u201cDe modo que ningu\u00e9m possa se gloriar diante do Senhor\u201d - Hijas de Jes\u00fas","robots":{"index":"index","follow":"follow","max-snippet":"max-snippet:-1","max-image-preview":"max-image-preview:large","max-video-preview":"max-video-preview:-1"},"canonical":"https:\/\/hijasdejesus.org\/pt-br\/de-modo-que-ninguem-possa-se-gloriar-diante-do-senhor\/","og_locale":"pt_BR","og_type":"article","og_title":"\u201cDe modo que ningu\u00e9m possa se gloriar diante do Senhor\u201d - Hijas de Jes\u00fas","og_description":"Que interessante: \u201cDeixarei entre v\u00f3s um punhado de homens humildes e pobres. No nome do Senhor por\u00e1 sua esperan\u00e7a o resto de Israel\u201d. Parece digno de um quadro bem emoldurado. Para os que v\u00eam da cristandade, \u00e9 doloroso pensar que podem ser um resto. Mas, para os que vivem a f\u00e9 como um dom e [&hellip;]","og_url":"https:\/\/hijasdejesus.org\/pt-br\/de-modo-que-ninguem-possa-se-gloriar-diante-do-senhor\/","og_site_name":"Hijas de Jes\u00fas","article_publisher":"https:\/\/www.facebook.com\/hijasdejesusenelmundo\/","article_published_time":"2017-01-29T13:10:30+00:00","article_modified_time":"2017-02-01T10:55:28+00:00","og_image":[{"url":"https:\/\/hijasdejesus.org\/wp-content\/uploads\/2017\/02\/cuarto-domingo-tiempo-ordinario-1.jpg","width":1,"height":1,"type":"image\/jpeg"}],"author":"Webmaster","twitter_card":"summary_large_image","twitter_creator":"@hijasdjesus","twitter_site":"@hijasdjesus","twitter_misc":{"Escrito por":"Webmaster","Est. tempo de leitura":"4 minutos"},"schema":{"@context":"https:\/\/schema.org","@graph":[{"@type":"Article","@id":"https:\/\/hijasdejesus.org\/pt-br\/de-modo-que-ninguem-possa-se-gloriar-diante-do-senhor\/#article","isPartOf":{"@id":"https:\/\/hijasdejesus.org\/pt-br\/de-modo-que-ninguem-possa-se-gloriar-diante-do-senhor\/"},"author":{"name":"Webmaster","@id":"https:\/\/hijasdejesus.org\/pt-br\/#\/schema\/person\/ce4455965da733f2791f23b6ec14e9b6"},"headline":"\u201cDe modo que ningu\u00e9m possa se gloriar diante do Senhor\u201d","datePublished":"2017-01-29T13:10:30+00:00","dateModified":"2017-02-01T10:55:28+00:00","mainEntityOfPage":{"@id":"https:\/\/hijasdejesus.org\/pt-br\/de-modo-que-ninguem-possa-se-gloriar-diante-do-senhor\/"},"wordCount":817,"publisher":{"@id":"https:\/\/hijasdejesus.org\/pt-br\/#organization"},"image":{"@id":"https:\/\/hijasdejesus.org\/pt-br\/de-modo-que-ninguem-possa-se-gloriar-diante-do-senhor\/#primaryimage"},"thumbnailUrl":"https:\/\/hijasdejesus.org\/wp-content\/uploads\/2017\/02\/cuarto-domingo-tiempo-ordinario-1.jpg","articleSection":["Igreja","Not\u00edcias"],"inLanguage":"pt-BR"},{"@type":"WebPage","@id":"https:\/\/hijasdejesus.org\/pt-br\/de-modo-que-ninguem-possa-se-gloriar-diante-do-senhor\/","url":"https:\/\/hijasdejesus.org\/pt-br\/de-modo-que-ninguem-possa-se-gloriar-diante-do-senhor\/","name":"\u201cDe modo que ningu\u00e9m possa se gloriar diante do Senhor\u201d - Hijas de Jes\u00fas","isPartOf":{"@id":"https:\/\/hijasdejesus.org\/pt-br\/#website"},"primaryImageOfPage":{"@id":"https:\/\/hijasdejesus.org\/pt-br\/de-modo-que-ninguem-possa-se-gloriar-diante-do-senhor\/#primaryimage"},"image":{"@id":"https:\/\/hijasdejesus.org\/pt-br\/de-modo-que-ninguem-possa-se-gloriar-diante-do-senhor\/#primaryimage"},"thumbnailUrl":"https:\/\/hijasdejesus.org\/wp-content\/uploads\/2017\/02\/cuarto-domingo-tiempo-ordinario-1.jpg","datePublished":"2017-01-29T13:10:30+00:00","dateModified":"2017-02-01T10:55:28+00:00","breadcrumb":{"@id":"https:\/\/hijasdejesus.org\/pt-br\/de-modo-que-ninguem-possa-se-gloriar-diante-do-senhor\/#breadcrumb"},"inLanguage":"pt-BR","potentialAction":[{"@type":"ReadAction","target":["https:\/\/hijasdejesus.org\/pt-br\/de-modo-que-ninguem-possa-se-gloriar-diante-do-senhor\/"]}]},{"@type":"ImageObject","inLanguage":"pt-BR","@id":"https:\/\/hijasdejesus.org\/pt-br\/de-modo-que-ninguem-possa-se-gloriar-diante-do-senhor\/#primaryimage","url":"https:\/\/hijasdejesus.org\/wp-content\/uploads\/2017\/02\/cuarto-domingo-tiempo-ordinario-1.jpg","contentUrl":"https:\/\/hijasdejesus.org\/wp-content\/uploads\/2017\/02\/cuarto-domingo-tiempo-ordinario-1.jpg"},{"@type":"BreadcrumbList","@id":"https:\/\/hijasdejesus.org\/pt-br\/de-modo-que-ninguem-possa-se-gloriar-diante-do-senhor\/#breadcrumb","itemListElement":[{"@type":"ListItem","position":1,"name":"Portada","item":"https:\/\/hijasdejesus.org\/pt-br\/"},{"@type":"ListItem","position":2,"name":"\u201cDe modo que ningu\u00e9m possa se gloriar diante do Senhor\u201d"}]},{"@type":"WebSite","@id":"https:\/\/hijasdejesus.org\/pt-br\/#website","url":"https:\/\/hijasdejesus.org\/pt-br\/","name":"Hijas de Jes\u00fas","description":"Despertamos a Jes\u00fas en el coraz\u00f3n, sacando lo mejor de las personas. Somos una congregaci\u00f3n religiosa ignaciana fundada por la Madre Candida","publisher":{"@id":"https:\/\/hijasdejesus.org\/pt-br\/#organization"},"potentialAction":[{"@type":"SearchAction","target":{"@type":"EntryPoint","urlTemplate":"https:\/\/hijasdejesus.org\/pt-br\/?s={search_term_string}"},"query-input":{"@type":"PropertyValueSpecification","valueRequired":true,"valueName":"search_term_string"}}],"inLanguage":"pt-BR"},{"@type":"Organization","@id":"https:\/\/hijasdejesus.org\/pt-br\/#organization","name":"Hijas de Jes\u00fas","url":"https:\/\/hijasdejesus.org\/pt-br\/","logo":{"@type":"ImageObject","inLanguage":"pt-BR","@id":"https:\/\/hijasdejesus.org\/pt-br\/#\/schema\/logo\/image\/","url":"https:\/\/hijasdejesus.org\/wp-content\/uploads\/2023\/01\/Hijas-de-Jesus_hor-A7C957.png","contentUrl":"https:\/\/hijasdejesus.org\/wp-content\/uploads\/2023\/01\/Hijas-de-Jesus_hor-A7C957.png","width":700,"height":360,"caption":"Hijas de Jes\u00fas"},"image":{"@id":"https:\/\/hijasdejesus.org\/pt-br\/#\/schema\/logo\/image\/"},"sameAs":["https:\/\/www.facebook.com\/hijasdejesusenelmundo\/","https:\/\/x.com\/hijasdjesus"]},{"@type":"Person","@id":"https:\/\/hijasdejesus.org\/pt-br\/#\/schema\/person\/ce4455965da733f2791f23b6ec14e9b6","name":"Webmaster","image":{"@type":"ImageObject","inLanguage":"pt-BR","@id":"https:\/\/secure.gravatar.com\/avatar\/cfd0acaac86c3981d541d2e99a0ffb7b6d33a5ac8989a62f5518b9e0f7ee128a?s=96&d=mm&r=g","url":"https:\/\/secure.gravatar.com\/avatar\/cfd0acaac86c3981d541d2e99a0ffb7b6d33a5ac8989a62f5518b9e0f7ee128a?s=96&d=mm&r=g","contentUrl":"https:\/\/secure.gravatar.com\/avatar\/cfd0acaac86c3981d541d2e99a0ffb7b6d33a5ac8989a62f5518b9e0f7ee128a?s=96&d=mm&r=g","caption":"Webmaster"},"url":"https:\/\/hijasdejesus.org\/pt-br\/author\/webmaster\/"}]}},"_links":{"self":[{"href":"https:\/\/hijasdejesus.org\/pt-br\/wp-json\/wp\/v2\/posts\/28167","targetHints":{"allow":["GET"]}}],"collection":[{"href":"https:\/\/hijasdejesus.org\/pt-br\/wp-json\/wp\/v2\/posts"}],"about":[{"href":"https:\/\/hijasdejesus.org\/pt-br\/wp-json\/wp\/v2\/types\/post"}],"author":[{"embeddable":true,"href":"https:\/\/hijasdejesus.org\/pt-br\/wp-json\/wp\/v2\/users\/28"}],"replies":[{"embeddable":true,"href":"https:\/\/hijasdejesus.org\/pt-br\/wp-json\/wp\/v2\/comments?post=28167"}],"version-history":[{"count":0,"href":"https:\/\/hijasdejesus.org\/pt-br\/wp-json\/wp\/v2\/posts\/28167\/revisions"}],"wp:featuredmedia":[{"embeddable":true,"href":"https:\/\/hijasdejesus.org\/pt-br\/wp-json\/wp\/v2\/media\/13302"}],"wp:attachment":[{"href":"https:\/\/hijasdejesus.org\/pt-br\/wp-json\/wp\/v2\/media?parent=28167"}],"wp:term":[{"taxonomy":"category","embeddable":true,"href":"https:\/\/hijasdejesus.org\/pt-br\/wp-json\/wp\/v2\/categories?post=28167"},{"taxonomy":"post_tag","embeddable":true,"href":"https:\/\/hijasdejesus.org\/pt-br\/wp-json\/wp\/v2\/tags?post=28167"}],"curies":[{"name":"wp","href":"https:\/\/api.w.org\/{rel}","templated":true}]}}