{"id":28221,"date":"2017-02-20T11:36:12","date_gmt":"2017-02-20T10:36:12","guid":{"rendered":"https:\/\/nueva.hijasdejesus.org\/a-casa-branca-bem-cultural-do-japao\/"},"modified":"2017-02-20T17:36:09","modified_gmt":"2017-02-20T16:36:09","slug":"a-casa-branca-bem-cultural-do-japao","status":"publish","type":"post","link":"https:\/\/hijasdejesus.org\/pt-br\/a-casa-branca-bem-cultural-do-japao\/","title":{"rendered":"A \u201cCasa Branca\u201d bem cultural do Jap\u00e3o"},"content":{"rendered":"<p style=\"text-align: justify;\">A Superiora Provincial de \u00cdndico Pac\u00edfico, Thelma Barbarona, indica em sua \u00faltima carta circular que dia 18 de novembro de 2016 o edif\u00edcio de Hayama (Jap\u00e3o), que foi nossa primeira casa, mais conhecida como &#8220;Casa Branca&#8221;, foi registrada como um bem cultural tang\u00edvel pelo Conselho Nacional de Assuntos Culturais. O edif\u00edcio constru\u00eddo em 1914, costumava ser a vila do pr\u00edncipe Higashi-Fushimi-Miya Yorihito (1867-1922). Depois da Segunda Guerra Mundial, foi doado \u00e0 Congrega\u00e7\u00e3o pela Diocese de Yokohama que a tinha comprado, e foi a base da Congrega\u00e7\u00e3o quando as Filhas de Jesus iniciaram sua presen\u00e7a apost\u00f3lica no Jap\u00e3o. Agora \u00e9 um dos &#8220;Cem edif\u00edcios da Prefeitura de Kanagawa&#8217;.<br \/>Ao ser transformada em uma propriedade cultural nacional, pessoas e grupos v\u00e3o a Hayama para visitar o lugar por seu valor cultural. Uma resenha muito interessante de sua hist\u00f3ria, que toca de perto nossa pr\u00f3pria hist\u00f3ria como Filhas de Jesus no Jap\u00e3o, <a href=\"http:\/\/hijasdejesusinpac.org\/main\/index.php\/articles\/588-casa-blanca\" target=\"_blank\" rel=\"noopener\"><strong>pode ser encontrada aqui<\/strong><\/a>. Esta \u00e9 uma tradu\u00e7\u00e3o do Sr. John Kawakami do artigo publicado na edi\u00e7\u00e3o de 25 de dezembro de \u201cCatholic Weekly\u201d, peri\u00f3dico nacional da Igreja Cat\u00f3lica no Jap\u00e3o. Tamb\u00e9m foi apresentado como um document\u00e1rio da televis\u00e3o exibido para todo o pa\u00eds em janeiro deste ano.\u00a0<\/p>\n","protected":false},"excerpt":{"rendered":"<p>A Superiora Provincial de \u00cdndico Pac\u00edfico, Thelma Barbarona, indica em sua \u00faltima carta circular que dia 18 de novembro de 2016 o edif\u00edcio de Hayama (Jap\u00e3o), que foi nossa primeira casa, mais conhecida como &#8220;Casa Branca&#8221;, foi registrada como um bem cultural tang\u00edvel pelo Conselho Nacional de Assuntos Culturais. O edif\u00edcio constru\u00eddo em 1914, costumava [&hellip;]<\/p>\n","protected":false},"author":28,"featured_media":13280,"comment_status":"closed","ping_status":"closed","sticky":false,"template":"","format":"standard","meta":{"_et_pb_use_builder":"","_et_pb_old_content":"","_et_gb_content_width":"","footnotes":"","_links_to":"","_links_to_target":""},"categories":[555,53,469],"tags":[],"class_list":["post-28221","post","type-post","status-publish","format-standard","has-post-thumbnail","hentry","category-indico-pacifico-pt-br","category-japao","category-noticias-pt-br"],"yoast_head":"<!-- This site is optimized with the Yoast SEO plugin v27.5 - https:\/\/yoast.com\/product\/yoast-seo-wordpress\/ -->\n<title>A \u201cCasa Branca\u201d bem cultural do Jap\u00e3o - Hijas de Jes\u00fas<\/title>\n<meta name=\"robots\" content=\"index, follow, max-snippet:-1, max-image-preview:large, max-video-preview:-1\" \/>\n<link rel=\"canonical\" href=\"https:\/\/hijasdejesus.org\/pt-br\/a-casa-branca-bem-cultural-do-japao\/\" \/>\n<meta property=\"og:locale\" content=\"pt_BR\" \/>\n<meta property=\"og:type\" content=\"article\" \/>\n<meta property=\"og:title\" content=\"A \u201cCasa Branca\u201d bem cultural do Jap\u00e3o - Hijas de Jes\u00fas\" \/>\n<meta property=\"og:description\" content=\"A Superiora Provincial de \u00cdndico Pac\u00edfico, Thelma Barbarona, indica em sua \u00faltima carta circular que dia 18 de novembro de 2016 o edif\u00edcio de Hayama (Jap\u00e3o), que foi nossa primeira casa, mais conhecida como &#8220;Casa Branca&#8221;, foi registrada como um bem cultural tang\u00edvel pelo Conselho Nacional de Assuntos Culturais. O edif\u00edcio constru\u00eddo em 1914, costumava [&hellip;]\" \/>\n<meta property=\"og:url\" content=\"https:\/\/hijasdejesus.org\/pt-br\/a-casa-branca-bem-cultural-do-japao\/\" \/>\n<meta property=\"og:site_name\" content=\"Hijas de Jes\u00fas\" \/>\n<meta property=\"article:publisher\" content=\"https:\/\/www.facebook.com\/hijasdejesusenelmundo\/\" \/>\n<meta property=\"article:published_time\" content=\"2017-02-20T10:36:12+00:00\" \/>\n<meta property=\"article:modified_time\" content=\"2017-02-20T16:36:09+00:00\" \/>\n<meta property=\"og:image\" content=\"https:\/\/hijasdejesus.org\/wp-content\/uploads\/2017\/02\/japoncasa1.jpg\" \/>\n\t<meta property=\"og:image:width\" content=\"1\" \/>\n\t<meta property=\"og:image:height\" content=\"1\" \/>\n\t<meta property=\"og:image:type\" content=\"image\/jpeg\" \/>\n<meta name=\"author\" content=\"Webmaster\" \/>\n<meta name=\"twitter:card\" content=\"summary_large_image\" \/>\n<meta name=\"twitter:creator\" content=\"@hijasdjesus\" \/>\n<meta name=\"twitter:site\" content=\"@hijasdjesus\" \/>\n<meta name=\"twitter:label1\" content=\"Escrito por\" \/>\n\t<meta name=\"twitter:data1\" content=\"Webmaster\" \/>\n\t<meta name=\"twitter:label2\" content=\"Est. tempo de leitura\" \/>\n\t<meta name=\"twitter:data2\" content=\"1 minuto\" \/>\n<script type=\"application\/ld+json\" class=\"yoast-schema-graph\">{\"@context\":\"https:\\\/\\\/schema.org\",\"@graph\":[{\"@type\":\"Article\",\"@id\":\"https:\\\/\\\/hijasdejesus.org\\\/pt-br\\\/a-casa-branca-bem-cultural-do-japao\\\/#article\",\"isPartOf\":{\"@id\":\"https:\\\/\\\/hijasdejesus.org\\\/pt-br\\\/a-casa-branca-bem-cultural-do-japao\\\/\"},\"author\":{\"name\":\"Webmaster\",\"@id\":\"https:\\\/\\\/hijasdejesus.org\\\/pt-br\\\/#\\\/schema\\\/person\\\/ce4455965da733f2791f23b6ec14e9b6\"},\"headline\":\"A \u201cCasa Branca\u201d bem cultural do Jap\u00e3o\",\"datePublished\":\"2017-02-20T10:36:12+00:00\",\"dateModified\":\"2017-02-20T16:36:09+00:00\",\"mainEntityOfPage\":{\"@id\":\"https:\\\/\\\/hijasdejesus.org\\\/pt-br\\\/a-casa-branca-bem-cultural-do-japao\\\/\"},\"wordCount\":225,\"publisher\":{\"@id\":\"https:\\\/\\\/hijasdejesus.org\\\/pt-br\\\/#organization\"},\"image\":{\"@id\":\"https:\\\/\\\/hijasdejesus.org\\\/pt-br\\\/a-casa-branca-bem-cultural-do-japao\\\/#primaryimage\"},\"thumbnailUrl\":\"https:\\\/\\\/hijasdejesus.org\\\/wp-content\\\/uploads\\\/2017\\\/02\\\/japoncasa1.jpg\",\"articleSection\":[\"\u00cdndico-Pac\u00edfico\",\"Jap\u00e3o\",\"Not\u00edcias\"],\"inLanguage\":\"pt-BR\"},{\"@type\":\"WebPage\",\"@id\":\"https:\\\/\\\/hijasdejesus.org\\\/pt-br\\\/a-casa-branca-bem-cultural-do-japao\\\/\",\"url\":\"https:\\\/\\\/hijasdejesus.org\\\/pt-br\\\/a-casa-branca-bem-cultural-do-japao\\\/\",\"name\":\"A \u201cCasa Branca\u201d bem cultural do Jap\u00e3o - Hijas de Jes\u00fas\",\"isPartOf\":{\"@id\":\"https:\\\/\\\/hijasdejesus.org\\\/pt-br\\\/#website\"},\"primaryImageOfPage\":{\"@id\":\"https:\\\/\\\/hijasdejesus.org\\\/pt-br\\\/a-casa-branca-bem-cultural-do-japao\\\/#primaryimage\"},\"image\":{\"@id\":\"https:\\\/\\\/hijasdejesus.org\\\/pt-br\\\/a-casa-branca-bem-cultural-do-japao\\\/#primaryimage\"},\"thumbnailUrl\":\"https:\\\/\\\/hijasdejesus.org\\\/wp-content\\\/uploads\\\/2017\\\/02\\\/japoncasa1.jpg\",\"datePublished\":\"2017-02-20T10:36:12+00:00\",\"dateModified\":\"2017-02-20T16:36:09+00:00\",\"breadcrumb\":{\"@id\":\"https:\\\/\\\/hijasdejesus.org\\\/pt-br\\\/a-casa-branca-bem-cultural-do-japao\\\/#breadcrumb\"},\"inLanguage\":\"pt-BR\",\"potentialAction\":[{\"@type\":\"ReadAction\",\"target\":[\"https:\\\/\\\/hijasdejesus.org\\\/pt-br\\\/a-casa-branca-bem-cultural-do-japao\\\/\"]}]},{\"@type\":\"ImageObject\",\"inLanguage\":\"pt-BR\",\"@id\":\"https:\\\/\\\/hijasdejesus.org\\\/pt-br\\\/a-casa-branca-bem-cultural-do-japao\\\/#primaryimage\",\"url\":\"https:\\\/\\\/hijasdejesus.org\\\/wp-content\\\/uploads\\\/2017\\\/02\\\/japoncasa1.jpg\",\"contentUrl\":\"https:\\\/\\\/hijasdejesus.org\\\/wp-content\\\/uploads\\\/2017\\\/02\\\/japoncasa1.jpg\"},{\"@type\":\"BreadcrumbList\",\"@id\":\"https:\\\/\\\/hijasdejesus.org\\\/pt-br\\\/a-casa-branca-bem-cultural-do-japao\\\/#breadcrumb\",\"itemListElement\":[{\"@type\":\"ListItem\",\"position\":1,\"name\":\"Portada\",\"item\":\"https:\\\/\\\/hijasdejesus.org\\\/pt-br\\\/\"},{\"@type\":\"ListItem\",\"position\":2,\"name\":\"A \u201cCasa Branca\u201d bem cultural do Jap\u00e3o\"}]},{\"@type\":\"WebSite\",\"@id\":\"https:\\\/\\\/hijasdejesus.org\\\/pt-br\\\/#website\",\"url\":\"https:\\\/\\\/hijasdejesus.org\\\/pt-br\\\/\",\"name\":\"Hijas de Jes\u00fas\",\"description\":\"Despertamos a Jes\u00fas en el coraz\u00f3n, sacando lo mejor de las personas. Somos una congregaci\u00f3n religiosa ignaciana fundada por la Madre Candida\",\"publisher\":{\"@id\":\"https:\\\/\\\/hijasdejesus.org\\\/pt-br\\\/#organization\"},\"potentialAction\":[{\"@type\":\"SearchAction\",\"target\":{\"@type\":\"EntryPoint\",\"urlTemplate\":\"https:\\\/\\\/hijasdejesus.org\\\/pt-br\\\/?s={search_term_string}\"},\"query-input\":{\"@type\":\"PropertyValueSpecification\",\"valueRequired\":true,\"valueName\":\"search_term_string\"}}],\"inLanguage\":\"pt-BR\"},{\"@type\":\"Organization\",\"@id\":\"https:\\\/\\\/hijasdejesus.org\\\/pt-br\\\/#organization\",\"name\":\"Hijas de Jes\u00fas\",\"url\":\"https:\\\/\\\/hijasdejesus.org\\\/pt-br\\\/\",\"logo\":{\"@type\":\"ImageObject\",\"inLanguage\":\"pt-BR\",\"@id\":\"https:\\\/\\\/hijasdejesus.org\\\/pt-br\\\/#\\\/schema\\\/logo\\\/image\\\/\",\"url\":\"https:\\\/\\\/hijasdejesus.org\\\/wp-content\\\/uploads\\\/2023\\\/01\\\/Hijas-de-Jesus_hor-A7C957.png\",\"contentUrl\":\"https:\\\/\\\/hijasdejesus.org\\\/wp-content\\\/uploads\\\/2023\\\/01\\\/Hijas-de-Jesus_hor-A7C957.png\",\"width\":700,\"height\":360,\"caption\":\"Hijas de Jes\u00fas\"},\"image\":{\"@id\":\"https:\\\/\\\/hijasdejesus.org\\\/pt-br\\\/#\\\/schema\\\/logo\\\/image\\\/\"},\"sameAs\":[\"https:\\\/\\\/www.facebook.com\\\/hijasdejesusenelmundo\\\/\",\"https:\\\/\\\/x.com\\\/hijasdjesus\"]},{\"@type\":\"Person\",\"@id\":\"https:\\\/\\\/hijasdejesus.org\\\/pt-br\\\/#\\\/schema\\\/person\\\/ce4455965da733f2791f23b6ec14e9b6\",\"name\":\"Webmaster\",\"image\":{\"@type\":\"ImageObject\",\"inLanguage\":\"pt-BR\",\"@id\":\"https:\\\/\\\/secure.gravatar.com\\\/avatar\\\/cfd0acaac86c3981d541d2e99a0ffb7b6d33a5ac8989a62f5518b9e0f7ee128a?s=96&d=mm&r=g\",\"url\":\"https:\\\/\\\/secure.gravatar.com\\\/avatar\\\/cfd0acaac86c3981d541d2e99a0ffb7b6d33a5ac8989a62f5518b9e0f7ee128a?s=96&d=mm&r=g\",\"contentUrl\":\"https:\\\/\\\/secure.gravatar.com\\\/avatar\\\/cfd0acaac86c3981d541d2e99a0ffb7b6d33a5ac8989a62f5518b9e0f7ee128a?s=96&d=mm&r=g\",\"caption\":\"Webmaster\"},\"url\":\"https:\\\/\\\/hijasdejesus.org\\\/pt-br\\\/author\\\/webmaster\\\/\"}]}<\/script>\n<!-- \/ Yoast SEO plugin. -->","yoast_head_json":{"title":"A \u201cCasa Branca\u201d bem cultural do Jap\u00e3o - Hijas de Jes\u00fas","robots":{"index":"index","follow":"follow","max-snippet":"max-snippet:-1","max-image-preview":"max-image-preview:large","max-video-preview":"max-video-preview:-1"},"canonical":"https:\/\/hijasdejesus.org\/pt-br\/a-casa-branca-bem-cultural-do-japao\/","og_locale":"pt_BR","og_type":"article","og_title":"A \u201cCasa Branca\u201d bem cultural do Jap\u00e3o - Hijas de Jes\u00fas","og_description":"A Superiora Provincial de \u00cdndico Pac\u00edfico, Thelma Barbarona, indica em sua \u00faltima carta circular que dia 18 de novembro de 2016 o edif\u00edcio de Hayama (Jap\u00e3o), que foi nossa primeira casa, mais conhecida como &#8220;Casa Branca&#8221;, foi registrada como um bem cultural tang\u00edvel pelo Conselho Nacional de Assuntos Culturais. O edif\u00edcio constru\u00eddo em 1914, costumava [&hellip;]","og_url":"https:\/\/hijasdejesus.org\/pt-br\/a-casa-branca-bem-cultural-do-japao\/","og_site_name":"Hijas de Jes\u00fas","article_publisher":"https:\/\/www.facebook.com\/hijasdejesusenelmundo\/","article_published_time":"2017-02-20T10:36:12+00:00","article_modified_time":"2017-02-20T16:36:09+00:00","og_image":[{"url":"https:\/\/hijasdejesus.org\/wp-content\/uploads\/2017\/02\/japoncasa1.jpg","width":1,"height":1,"type":"image\/jpeg"}],"author":"Webmaster","twitter_card":"summary_large_image","twitter_creator":"@hijasdjesus","twitter_site":"@hijasdjesus","twitter_misc":{"Escrito por":"Webmaster","Est. tempo de leitura":"1 minuto"},"schema":{"@context":"https:\/\/schema.org","@graph":[{"@type":"Article","@id":"https:\/\/hijasdejesus.org\/pt-br\/a-casa-branca-bem-cultural-do-japao\/#article","isPartOf":{"@id":"https:\/\/hijasdejesus.org\/pt-br\/a-casa-branca-bem-cultural-do-japao\/"},"author":{"name":"Webmaster","@id":"https:\/\/hijasdejesus.org\/pt-br\/#\/schema\/person\/ce4455965da733f2791f23b6ec14e9b6"},"headline":"A \u201cCasa Branca\u201d bem cultural do Jap\u00e3o","datePublished":"2017-02-20T10:36:12+00:00","dateModified":"2017-02-20T16:36:09+00:00","mainEntityOfPage":{"@id":"https:\/\/hijasdejesus.org\/pt-br\/a-casa-branca-bem-cultural-do-japao\/"},"wordCount":225,"publisher":{"@id":"https:\/\/hijasdejesus.org\/pt-br\/#organization"},"image":{"@id":"https:\/\/hijasdejesus.org\/pt-br\/a-casa-branca-bem-cultural-do-japao\/#primaryimage"},"thumbnailUrl":"https:\/\/hijasdejesus.org\/wp-content\/uploads\/2017\/02\/japoncasa1.jpg","articleSection":["\u00cdndico-Pac\u00edfico","Jap\u00e3o","Not\u00edcias"],"inLanguage":"pt-BR"},{"@type":"WebPage","@id":"https:\/\/hijasdejesus.org\/pt-br\/a-casa-branca-bem-cultural-do-japao\/","url":"https:\/\/hijasdejesus.org\/pt-br\/a-casa-branca-bem-cultural-do-japao\/","name":"A \u201cCasa Branca\u201d bem cultural do Jap\u00e3o - Hijas de Jes\u00fas","isPartOf":{"@id":"https:\/\/hijasdejesus.org\/pt-br\/#website"},"primaryImageOfPage":{"@id":"https:\/\/hijasdejesus.org\/pt-br\/a-casa-branca-bem-cultural-do-japao\/#primaryimage"},"image":{"@id":"https:\/\/hijasdejesus.org\/pt-br\/a-casa-branca-bem-cultural-do-japao\/#primaryimage"},"thumbnailUrl":"https:\/\/hijasdejesus.org\/wp-content\/uploads\/2017\/02\/japoncasa1.jpg","datePublished":"2017-02-20T10:36:12+00:00","dateModified":"2017-02-20T16:36:09+00:00","breadcrumb":{"@id":"https:\/\/hijasdejesus.org\/pt-br\/a-casa-branca-bem-cultural-do-japao\/#breadcrumb"},"inLanguage":"pt-BR","potentialAction":[{"@type":"ReadAction","target":["https:\/\/hijasdejesus.org\/pt-br\/a-casa-branca-bem-cultural-do-japao\/"]}]},{"@type":"ImageObject","inLanguage":"pt-BR","@id":"https:\/\/hijasdejesus.org\/pt-br\/a-casa-branca-bem-cultural-do-japao\/#primaryimage","url":"https:\/\/hijasdejesus.org\/wp-content\/uploads\/2017\/02\/japoncasa1.jpg","contentUrl":"https:\/\/hijasdejesus.org\/wp-content\/uploads\/2017\/02\/japoncasa1.jpg"},{"@type":"BreadcrumbList","@id":"https:\/\/hijasdejesus.org\/pt-br\/a-casa-branca-bem-cultural-do-japao\/#breadcrumb","itemListElement":[{"@type":"ListItem","position":1,"name":"Portada","item":"https:\/\/hijasdejesus.org\/pt-br\/"},{"@type":"ListItem","position":2,"name":"A \u201cCasa Branca\u201d bem cultural do Jap\u00e3o"}]},{"@type":"WebSite","@id":"https:\/\/hijasdejesus.org\/pt-br\/#website","url":"https:\/\/hijasdejesus.org\/pt-br\/","name":"Hijas de Jes\u00fas","description":"Despertamos a Jes\u00fas en el coraz\u00f3n, sacando lo mejor de las personas. Somos una congregaci\u00f3n religiosa ignaciana fundada por la Madre Candida","publisher":{"@id":"https:\/\/hijasdejesus.org\/pt-br\/#organization"},"potentialAction":[{"@type":"SearchAction","target":{"@type":"EntryPoint","urlTemplate":"https:\/\/hijasdejesus.org\/pt-br\/?s={search_term_string}"},"query-input":{"@type":"PropertyValueSpecification","valueRequired":true,"valueName":"search_term_string"}}],"inLanguage":"pt-BR"},{"@type":"Organization","@id":"https:\/\/hijasdejesus.org\/pt-br\/#organization","name":"Hijas de Jes\u00fas","url":"https:\/\/hijasdejesus.org\/pt-br\/","logo":{"@type":"ImageObject","inLanguage":"pt-BR","@id":"https:\/\/hijasdejesus.org\/pt-br\/#\/schema\/logo\/image\/","url":"https:\/\/hijasdejesus.org\/wp-content\/uploads\/2023\/01\/Hijas-de-Jesus_hor-A7C957.png","contentUrl":"https:\/\/hijasdejesus.org\/wp-content\/uploads\/2023\/01\/Hijas-de-Jesus_hor-A7C957.png","width":700,"height":360,"caption":"Hijas de Jes\u00fas"},"image":{"@id":"https:\/\/hijasdejesus.org\/pt-br\/#\/schema\/logo\/image\/"},"sameAs":["https:\/\/www.facebook.com\/hijasdejesusenelmundo\/","https:\/\/x.com\/hijasdjesus"]},{"@type":"Person","@id":"https:\/\/hijasdejesus.org\/pt-br\/#\/schema\/person\/ce4455965da733f2791f23b6ec14e9b6","name":"Webmaster","image":{"@type":"ImageObject","inLanguage":"pt-BR","@id":"https:\/\/secure.gravatar.com\/avatar\/cfd0acaac86c3981d541d2e99a0ffb7b6d33a5ac8989a62f5518b9e0f7ee128a?s=96&d=mm&r=g","url":"https:\/\/secure.gravatar.com\/avatar\/cfd0acaac86c3981d541d2e99a0ffb7b6d33a5ac8989a62f5518b9e0f7ee128a?s=96&d=mm&r=g","contentUrl":"https:\/\/secure.gravatar.com\/avatar\/cfd0acaac86c3981d541d2e99a0ffb7b6d33a5ac8989a62f5518b9e0f7ee128a?s=96&d=mm&r=g","caption":"Webmaster"},"url":"https:\/\/hijasdejesus.org\/pt-br\/author\/webmaster\/"}]}},"_links":{"self":[{"href":"https:\/\/hijasdejesus.org\/pt-br\/wp-json\/wp\/v2\/posts\/28221","targetHints":{"allow":["GET"]}}],"collection":[{"href":"https:\/\/hijasdejesus.org\/pt-br\/wp-json\/wp\/v2\/posts"}],"about":[{"href":"https:\/\/hijasdejesus.org\/pt-br\/wp-json\/wp\/v2\/types\/post"}],"author":[{"embeddable":true,"href":"https:\/\/hijasdejesus.org\/pt-br\/wp-json\/wp\/v2\/users\/28"}],"replies":[{"embeddable":true,"href":"https:\/\/hijasdejesus.org\/pt-br\/wp-json\/wp\/v2\/comments?post=28221"}],"version-history":[{"count":0,"href":"https:\/\/hijasdejesus.org\/pt-br\/wp-json\/wp\/v2\/posts\/28221\/revisions"}],"wp:featuredmedia":[{"embeddable":true,"href":"https:\/\/hijasdejesus.org\/pt-br\/wp-json\/wp\/v2\/media\/13280"}],"wp:attachment":[{"href":"https:\/\/hijasdejesus.org\/pt-br\/wp-json\/wp\/v2\/media?parent=28221"}],"wp:term":[{"taxonomy":"category","embeddable":true,"href":"https:\/\/hijasdejesus.org\/pt-br\/wp-json\/wp\/v2\/categories?post=28221"},{"taxonomy":"post_tag","embeddable":true,"href":"https:\/\/hijasdejesus.org\/pt-br\/wp-json\/wp\/v2\/tags?post=28221"}],"curies":[{"name":"wp","href":"https:\/\/api.w.org\/{rel}","templated":true}]}}