{"id":28229,"date":"2017-02-24T20:04:41","date_gmt":"2017-02-24T19:04:41","guid":{"rendered":"https:\/\/nueva.hijasdejesus.org\/carmen-filha-de-jesus-85-anos-vejo-jesus-nas-criancas-de-rua\/"},"modified":"2017-02-27T11:13:39","modified_gmt":"2017-02-27T10:13:39","slug":"carmen-filha-de-jesus-85-anos-vejo-jesus-nas-criancas-de-rua","status":"publish","type":"post","link":"https:\/\/hijasdejesus.org\/pt-br\/carmen-filha-de-jesus-85-anos-vejo-jesus-nas-criancas-de-rua\/","title":{"rendered":"Carmen, Filha de Jesus, 85 anos: \u201cVejo Jesus nas crian\u00e7as de rua\u201d"},"content":{"rendered":"<p style=\"text-align: justify;\">A Funda\u00e7\u00e3o Secretariado Cigano entregou o pr\u00eamio Solidariedade com G, em sua modalidade individual, a M\u00aa Carmen L\u00f3pez Arjona fi. Nascida em Valle del Jerte, C\u00e1ceres, fez 85 anos esta religiosa Filha de Jes\u00fas, e carrega sobre seus ombros, h\u00e1 61 anos, um minist\u00e9rio dedicado \u00e0 promo\u00e7\u00e3o de pessoas da comunidade cigana. Hoje, reside em La Corunha, continua realizando as visitas a fam\u00edlias, atividades de alfabetiza\u00e7\u00e3o de adultos, e apoio escolar no centro c\u00edvico de seu bairro.<br \/>\u201c Sou uma religiosa Filha de Jesus, com muitos anos e, sobretudo, com muita \u2018ilus\u00e3o\u2019 para trabalhar em benef\u00edcio dos mais necessitados\u201d. Com estas palavras se apresenta Carmen, que ainda muito pequena deixou sua terra natal, C\u00e1ceres, para se formar em Salamanca, aterrissar em Gal\u00edcia e permanecer ali \u201cat\u00e9 que Deus e as necessidades queiram\u201d.<\/p>\n<p><strong><img loading=\"lazy\" decoding=\"async\" class=\"pull-center size-full wp-image-8498\" style=\"display: block; margin-left: auto; margin-right: auto;\" src=\"https:\/\/hijasdejesus.org\/wp-content\/uploads\/2017\/02\/carmen_premio4.JPG\" alt=\"\" width=\"1024\" height=\"683\" srcset=\"https:\/\/hijasdejesus.org\/wp-content\/uploads\/2017\/02\/carmen_premio4.JPG 1024w, https:\/\/hijasdejesus.org\/wp-content\/uploads\/2017\/02\/carmen_premio4-300x200.jpg 300w, https:\/\/hijasdejesus.org\/wp-content\/uploads\/2017\/02\/carmen_premio4-768x512.jpg 768w, https:\/\/hijasdejesus.org\/wp-content\/uploads\/2017\/02\/carmen_premio4-391x260.jpg 391w, https:\/\/hijasdejesus.org\/wp-content\/uploads\/2017\/02\/carmen_premio4-980x654.jpg 980w, https:\/\/hijasdejesus.org\/wp-content\/uploads\/2017\/02\/carmen_premio4-480x320.jpg 480w\" sizes=\"(max-width: 1024px) 100vw, 1024px\" \/>\u00ab<\/strong><strong>Sa\u00edamos \u00e0s ruas de Vigo para recolher crian\u00e7as\u00bb<\/strong><br \/>Quando Carmen chegou a Vigo, em 1958, dedicou-se ao col\u00e9gio e \u00e0 escola de Magist\u00e9rio que sua comunidade tinha na cidade. Contudo, o pai de uma aluna abriu seus olhos \u2013e seu cora\u00e7\u00e3o\u2013 para uma realidade que acabaria envolvendo por completo sua voca\u00e7\u00e3o como educadora: \u201cAquele pai se queixava da quantidade de crian\u00e7as ciganas desatendidas que havia no bairro, e nos perguntava se aquilo n\u00e3o chamava nossa aten\u00e7\u00e3o\u201d, reconhece Carmen. \u201cE nos alertou de uma maneira muito clara que n\u00e3o pod\u00edamos negar fazer algo por elas\u201d. Assim a congrega\u00e7\u00e3o, consciente de suas capacidades, ofereceu a Carmen a possibilidade de acolh\u00ea-los no col\u00e9gio.<br \/>Um projeto que, pouco a pouco e com a ajuda da comunidade, foi crescendo at\u00e9 se tornar realidade a Escola Ponte. O trabalho incomensur\u00e1vel de Carmen \u00e9 um fato palp\u00e1vel nas ruas de Vigo. Contudo sua humildade e sua fraternidade transpassam as raz\u00f5es, os pr\u00eamios e as contas: \u201cEu nunca fui sozinha; sempre respaldada tanto por minha comunidade, como por outras congrega\u00e7\u00f5es religiosas, e volunt\u00e1rias\u201d. Reconhece sentir-se \u201corgulhosa\u201d porque tanta gente se envolveu, tanto em Vigo como em La Corunha, \u201cpara trabalhar com a etnia cigana\u201d.<\/p>\n<p><strong><img loading=\"lazy\" decoding=\"async\" class=\"pull-center size-full wp-image-8500\" style=\"display: block; margin-left: auto; margin-right: auto;\" src=\"https:\/\/hijasdejesus.org\/wp-content\/uploads\/2017\/02\/carmen_conpremiados2.jpeg\" alt=\"\" width=\"1024\" height=\"706\" srcset=\"https:\/\/hijasdejesus.org\/wp-content\/uploads\/2017\/02\/carmen_conpremiados2.jpeg 1024w, https:\/\/hijasdejesus.org\/wp-content\/uploads\/2017\/02\/carmen_conpremiados2-980x676.jpeg 980w, https:\/\/hijasdejesus.org\/wp-content\/uploads\/2017\/02\/carmen_conpremiados2-480x331.jpeg 480w\" sizes=\"(min-width: 0px) and (max-width: 480px) 480px, (min-width: 481px) and (max-width: 980px) 980px, (min-width: 981px) 1024px, 100vw\" \/><\/strong><strong>Premio Solidariedade com G<\/strong><br \/>Desde o princ\u00edpio, continua, \u201ctoda minha comunidade nos voltamos para essas crian\u00e7as\u201d. A partir do dia em que as acolhemos em nosso col\u00e9gio, \u201caos s\u00e1bados e domingos \u00edamos por toda a cidade de Vigo para recolher crian\u00e7as\u201d. Um trabalho que, primeiramente em Vigo, desenvolviam somente com ciganos. Depois, em La Corunha, \u201cnos abrimos a todos\u201d assinala. \u201cPorque n\u00e3o h\u00e1 d\u00favida de que queremos a integra\u00e7\u00e3o, que estejam todos juntos\u201d.<br \/>Quinta feira, na modalidade individual, recebe o pr\u00eamio Solidariedade com G, que a Funda\u00e7\u00e3o Secretariado Cigano lhe outorga. Um pr\u00eamio que, tal e como Carmen confessa, \u201c\u00e9 um reconhecimento, mas n\u00e3o pessoal, sen\u00e3o para a Igreja, para nossa congrega\u00e7\u00e3o\u201d porque \u201cfoi a congrega\u00e7\u00e3o que come\u00e7ou tudo isto\u201d.<br \/>Os abandonados: sua melhor ora\u00e7\u00e3o<br \/>Quando a interpelo por Jesus de Nazar\u00e9, n\u00e3o demora em dizer o que vive, sente e cr\u00ea: \u201cEu o vejo neles, e quando algumas vezes tenho dificuldade, por algum\u00a0 motivo,\u00a0 para fazer a ora\u00e7\u00e3o, vou \u00e0 rua\u201d. E assinala, n\u00e3o somente os ciganos, \u201cmas tanta gente que necessita falar e que as escutes\u201d. E, para aqueles que em meio ao desespero, ou nas tempestades da sua f\u00e9 lhes \u00e9 dif\u00edcil crer em suas palavras? Deixo cair a pergunta. \u201cEu vejo Jesus neles, entranhado nas crian\u00e7as da rua. E eu, encarnada completamente, trato de fazer o melhor que posso e que sei\u201d. Mas, \u201cEle me ajuda muito, n\u00e3o tenha d\u00favida\u201d.<br \/>Para terminar a conversa lhe pergunto se, depois de tantos anos, ainda mant\u00e9m vivo o amor a quem se entregou e por ele serviu 61 anos como consagrada. \u201cEnamorada! Talvez devesse estar mais ainda, embora seja verdade que estive entregue a Ele todos os dias de minha vida, e que continuo abra\u00e7ando-o em cada um dos que abra\u00e7o na rua. S\u00f3 sei que, se come\u00e7asse a viver hoje, recomendaria e seria Filha de Jesus. N\u00e3o troco por nada\u201d.<\/p>\n<p><strong>Cada um dos 85 anos vale a pena<\/strong><br \/>Oitenta e cinco anos n\u00e3o \u00e9 nada quando o amor \u00e9 para toda a vida. Por\u00e9m, qual \u00e9 o segredo para manter viva essa chama? Carmen, que n\u00e3o titubeia em sua f\u00e9, reconhece que \u201cest\u00e1 em se abandonar a Jesus, e nada mais\u201d. Assim, \u201cquando vejo alguma dificuldade, digo para mim mesma: que Ele responda\u201d. Cada um dos 85 anos, continua, vale a pena: \u201cSim, digo a gritos: vale a pena! A pena \u00e9 que a juventude de hoje em dia n\u00e3o se lan\u00e7a, porque, os chamados est\u00e3o a\u00ed\u201d. Talvez, assevera, somos os crist\u00e3os que \u201cn\u00e3o conseguimos dar o testemunho que devemos\u201d. Por\u00e9m, repete, \u201ccom 85 anos, eu digo que \u00e9 poss\u00edvel, e que o segredo est\u00e1 em viver com \u2018ilus\u00e3o\u2019 e estre\u00e1-la todos os dias\u201d.<br \/>E, sorrindo, repete uma e outra vez: \u201cN\u00e3o tem que olhar os anos, mas a disponibilidade\u201d e \u201cir onde mais necessitem; n\u00e3o olhar os anos, mas o cora\u00e7\u00e3o, que embora nem sempre tenha a mesma disposi\u00e7\u00e3o, a\u00ed est\u00e1 o Senhor, com sua miseric\u00f3rdia, para nos abra\u00e7ar\u201d. Efetivamente, Carmen, sua vida e seu testemunho testificam que o amor, e o amar, n\u00e3o tem idade\u2026<\/p>\n<p style=\"text-align: center;\"><strong><a href=\"http:\/\/www.alfayomega.es\/95868\/carmen-religiosa-de-85-anos-veo-a-jesus-en-los-ninos-de-la-calle\" target=\"_blank\" rel=\"noopener\">Publicado em Alfa y Omega por Carlos Gonz\u00e1lez Garc\u00eda<\/a><\/strong><\/p>\n","protected":false},"excerpt":{"rendered":"<p>A Funda\u00e7\u00e3o Secretariado Cigano entregou o pr\u00eamio Solidariedade com G, em sua modalidade individual, a M\u00aa Carmen L\u00f3pez Arjona fi. Nascida em Valle del Jerte, C\u00e1ceres, fez 85 anos esta religiosa Filha de Jes\u00fas, e carrega sobre seus ombros, h\u00e1 61 anos, um minist\u00e9rio dedicado \u00e0 promo\u00e7\u00e3o de pessoas da comunidade cigana. Hoje, reside em [&hellip;]<\/p>\n","protected":false},"author":28,"featured_media":8496,"comment_status":"closed","ping_status":"closed","sticky":false,"template":"","format":"standard","meta":{"_et_pb_use_builder":"","_et_pb_old_content":"","_et_gb_content_width":"","footnotes":"","_links_to":"","_links_to_target":""},"categories":[521,529,469],"tags":[],"class_list":["post-28229","post","type-post","status-publish","format-standard","has-post-thumbnail","hentry","category-espanha-italia","category-hijas-de-jesus-pt-br","category-noticias-pt-br"],"yoast_head":"<!-- This site is optimized with the Yoast SEO plugin v27.5 - https:\/\/yoast.com\/product\/yoast-seo-wordpress\/ -->\n<title>Carmen, Filha de Jesus, 85 anos: \u201cVejo Jesus nas crian\u00e7as de rua\u201d - Hijas de Jes\u00fas<\/title>\n<meta name=\"robots\" content=\"index, follow, max-snippet:-1, max-image-preview:large, max-video-preview:-1\" \/>\n<link rel=\"canonical\" href=\"https:\/\/hijasdejesus.org\/pt-br\/carmen-filha-de-jesus-85-anos-vejo-jesus-nas-criancas-de-rua\/\" \/>\n<meta property=\"og:locale\" content=\"pt_BR\" \/>\n<meta property=\"og:type\" content=\"article\" \/>\n<meta property=\"og:title\" content=\"Carmen, Filha de Jesus, 85 anos: \u201cVejo Jesus nas crian\u00e7as de rua\u201d - Hijas de Jes\u00fas\" \/>\n<meta property=\"og:description\" content=\"A Funda\u00e7\u00e3o Secretariado Cigano entregou o pr\u00eamio Solidariedade com G, em sua modalidade individual, a M\u00aa Carmen L\u00f3pez Arjona fi. Nascida em Valle del Jerte, C\u00e1ceres, fez 85 anos esta religiosa Filha de Jes\u00fas, e carrega sobre seus ombros, h\u00e1 61 anos, um minist\u00e9rio dedicado \u00e0 promo\u00e7\u00e3o de pessoas da comunidade cigana. Hoje, reside em [&hellip;]\" \/>\n<meta property=\"og:url\" content=\"https:\/\/hijasdejesus.org\/pt-br\/carmen-filha-de-jesus-85-anos-vejo-jesus-nas-criancas-de-rua\/\" \/>\n<meta property=\"og:site_name\" content=\"Hijas de Jes\u00fas\" \/>\n<meta property=\"article:publisher\" content=\"https:\/\/www.facebook.com\/hijasdejesusenelmundo\/\" \/>\n<meta property=\"article:published_time\" content=\"2017-02-24T19:04:41+00:00\" \/>\n<meta property=\"article:modified_time\" content=\"2017-02-27T10:13:39+00:00\" \/>\n<meta property=\"og:image\" content=\"https:\/\/hijasdejesus.org\/wp-content\/uploads\/2017\/02\/carmen9.JPG\" \/>\n\t<meta property=\"og:image:width\" content=\"1024\" \/>\n\t<meta property=\"og:image:height\" content=\"683\" \/>\n\t<meta property=\"og:image:type\" content=\"image\/jpeg\" \/>\n<meta name=\"author\" content=\"Webmaster\" \/>\n<meta name=\"twitter:card\" content=\"summary_large_image\" \/>\n<meta name=\"twitter:creator\" content=\"@hijasdjesus\" \/>\n<meta name=\"twitter:site\" content=\"@hijasdjesus\" \/>\n<meta name=\"twitter:label1\" content=\"Escrito por\" \/>\n\t<meta name=\"twitter:data1\" content=\"Webmaster\" \/>\n\t<meta name=\"twitter:label2\" content=\"Est. tempo de leitura\" \/>\n\t<meta name=\"twitter:data2\" content=\"5 minutos\" \/>\n<script type=\"application\/ld+json\" class=\"yoast-schema-graph\">{\"@context\":\"https:\\\/\\\/schema.org\",\"@graph\":[{\"@type\":\"Article\",\"@id\":\"https:\\\/\\\/hijasdejesus.org\\\/pt-br\\\/carmen-filha-de-jesus-85-anos-vejo-jesus-nas-criancas-de-rua\\\/#article\",\"isPartOf\":{\"@id\":\"https:\\\/\\\/hijasdejesus.org\\\/pt-br\\\/carmen-filha-de-jesus-85-anos-vejo-jesus-nas-criancas-de-rua\\\/\"},\"author\":{\"name\":\"Webmaster\",\"@id\":\"https:\\\/\\\/hijasdejesus.org\\\/pt-br\\\/#\\\/schema\\\/person\\\/ce4455965da733f2791f23b6ec14e9b6\"},\"headline\":\"Carmen, Filha de Jesus, 85 anos: \u201cVejo Jesus nas crian\u00e7as de rua\u201d\",\"datePublished\":\"2017-02-24T19:04:41+00:00\",\"dateModified\":\"2017-02-27T10:13:39+00:00\",\"mainEntityOfPage\":{\"@id\":\"https:\\\/\\\/hijasdejesus.org\\\/pt-br\\\/carmen-filha-de-jesus-85-anos-vejo-jesus-nas-criancas-de-rua\\\/\"},\"wordCount\":922,\"publisher\":{\"@id\":\"https:\\\/\\\/hijasdejesus.org\\\/pt-br\\\/#organization\"},\"image\":{\"@id\":\"https:\\\/\\\/hijasdejesus.org\\\/pt-br\\\/carmen-filha-de-jesus-85-anos-vejo-jesus-nas-criancas-de-rua\\\/#primaryimage\"},\"thumbnailUrl\":\"https:\\\/\\\/hijasdejesus.org\\\/wp-content\\\/uploads\\\/2017\\\/02\\\/carmen9.JPG\",\"articleSection\":[\"Espanha-It\u00e1lia\",\"Hijas de Jes\u00fas\",\"Not\u00edcias\"],\"inLanguage\":\"pt-BR\"},{\"@type\":\"WebPage\",\"@id\":\"https:\\\/\\\/hijasdejesus.org\\\/pt-br\\\/carmen-filha-de-jesus-85-anos-vejo-jesus-nas-criancas-de-rua\\\/\",\"url\":\"https:\\\/\\\/hijasdejesus.org\\\/pt-br\\\/carmen-filha-de-jesus-85-anos-vejo-jesus-nas-criancas-de-rua\\\/\",\"name\":\"Carmen, Filha de Jesus, 85 anos: \u201cVejo Jesus nas crian\u00e7as de rua\u201d - Hijas de Jes\u00fas\",\"isPartOf\":{\"@id\":\"https:\\\/\\\/hijasdejesus.org\\\/pt-br\\\/#website\"},\"primaryImageOfPage\":{\"@id\":\"https:\\\/\\\/hijasdejesus.org\\\/pt-br\\\/carmen-filha-de-jesus-85-anos-vejo-jesus-nas-criancas-de-rua\\\/#primaryimage\"},\"image\":{\"@id\":\"https:\\\/\\\/hijasdejesus.org\\\/pt-br\\\/carmen-filha-de-jesus-85-anos-vejo-jesus-nas-criancas-de-rua\\\/#primaryimage\"},\"thumbnailUrl\":\"https:\\\/\\\/hijasdejesus.org\\\/wp-content\\\/uploads\\\/2017\\\/02\\\/carmen9.JPG\",\"datePublished\":\"2017-02-24T19:04:41+00:00\",\"dateModified\":\"2017-02-27T10:13:39+00:00\",\"breadcrumb\":{\"@id\":\"https:\\\/\\\/hijasdejesus.org\\\/pt-br\\\/carmen-filha-de-jesus-85-anos-vejo-jesus-nas-criancas-de-rua\\\/#breadcrumb\"},\"inLanguage\":\"pt-BR\",\"potentialAction\":[{\"@type\":\"ReadAction\",\"target\":[\"https:\\\/\\\/hijasdejesus.org\\\/pt-br\\\/carmen-filha-de-jesus-85-anos-vejo-jesus-nas-criancas-de-rua\\\/\"]}]},{\"@type\":\"ImageObject\",\"inLanguage\":\"pt-BR\",\"@id\":\"https:\\\/\\\/hijasdejesus.org\\\/pt-br\\\/carmen-filha-de-jesus-85-anos-vejo-jesus-nas-criancas-de-rua\\\/#primaryimage\",\"url\":\"https:\\\/\\\/hijasdejesus.org\\\/wp-content\\\/uploads\\\/2017\\\/02\\\/carmen9.JPG\",\"contentUrl\":\"https:\\\/\\\/hijasdejesus.org\\\/wp-content\\\/uploads\\\/2017\\\/02\\\/carmen9.JPG\",\"width\":1024,\"height\":683},{\"@type\":\"BreadcrumbList\",\"@id\":\"https:\\\/\\\/hijasdejesus.org\\\/pt-br\\\/carmen-filha-de-jesus-85-anos-vejo-jesus-nas-criancas-de-rua\\\/#breadcrumb\",\"itemListElement\":[{\"@type\":\"ListItem\",\"position\":1,\"name\":\"Portada\",\"item\":\"https:\\\/\\\/hijasdejesus.org\\\/pt-br\\\/\"},{\"@type\":\"ListItem\",\"position\":2,\"name\":\"Carmen, Filha de Jesus, 85 anos: \u201cVejo Jesus nas crian\u00e7as de rua\u201d\"}]},{\"@type\":\"WebSite\",\"@id\":\"https:\\\/\\\/hijasdejesus.org\\\/pt-br\\\/#website\",\"url\":\"https:\\\/\\\/hijasdejesus.org\\\/pt-br\\\/\",\"name\":\"Hijas de Jes\u00fas\",\"description\":\"Despertamos a Jes\u00fas en el coraz\u00f3n, sacando lo mejor de las personas. Somos una congregaci\u00f3n religiosa ignaciana fundada por la Madre Candida\",\"publisher\":{\"@id\":\"https:\\\/\\\/hijasdejesus.org\\\/pt-br\\\/#organization\"},\"potentialAction\":[{\"@type\":\"SearchAction\",\"target\":{\"@type\":\"EntryPoint\",\"urlTemplate\":\"https:\\\/\\\/hijasdejesus.org\\\/pt-br\\\/?s={search_term_string}\"},\"query-input\":{\"@type\":\"PropertyValueSpecification\",\"valueRequired\":true,\"valueName\":\"search_term_string\"}}],\"inLanguage\":\"pt-BR\"},{\"@type\":\"Organization\",\"@id\":\"https:\\\/\\\/hijasdejesus.org\\\/pt-br\\\/#organization\",\"name\":\"Hijas de Jes\u00fas\",\"url\":\"https:\\\/\\\/hijasdejesus.org\\\/pt-br\\\/\",\"logo\":{\"@type\":\"ImageObject\",\"inLanguage\":\"pt-BR\",\"@id\":\"https:\\\/\\\/hijasdejesus.org\\\/pt-br\\\/#\\\/schema\\\/logo\\\/image\\\/\",\"url\":\"https:\\\/\\\/hijasdejesus.org\\\/wp-content\\\/uploads\\\/2023\\\/01\\\/Hijas-de-Jesus_hor-A7C957.png\",\"contentUrl\":\"https:\\\/\\\/hijasdejesus.org\\\/wp-content\\\/uploads\\\/2023\\\/01\\\/Hijas-de-Jesus_hor-A7C957.png\",\"width\":700,\"height\":360,\"caption\":\"Hijas de Jes\u00fas\"},\"image\":{\"@id\":\"https:\\\/\\\/hijasdejesus.org\\\/pt-br\\\/#\\\/schema\\\/logo\\\/image\\\/\"},\"sameAs\":[\"https:\\\/\\\/www.facebook.com\\\/hijasdejesusenelmundo\\\/\",\"https:\\\/\\\/x.com\\\/hijasdjesus\"]},{\"@type\":\"Person\",\"@id\":\"https:\\\/\\\/hijasdejesus.org\\\/pt-br\\\/#\\\/schema\\\/person\\\/ce4455965da733f2791f23b6ec14e9b6\",\"name\":\"Webmaster\",\"image\":{\"@type\":\"ImageObject\",\"inLanguage\":\"pt-BR\",\"@id\":\"https:\\\/\\\/secure.gravatar.com\\\/avatar\\\/cfd0acaac86c3981d541d2e99a0ffb7b6d33a5ac8989a62f5518b9e0f7ee128a?s=96&d=mm&r=g\",\"url\":\"https:\\\/\\\/secure.gravatar.com\\\/avatar\\\/cfd0acaac86c3981d541d2e99a0ffb7b6d33a5ac8989a62f5518b9e0f7ee128a?s=96&d=mm&r=g\",\"contentUrl\":\"https:\\\/\\\/secure.gravatar.com\\\/avatar\\\/cfd0acaac86c3981d541d2e99a0ffb7b6d33a5ac8989a62f5518b9e0f7ee128a?s=96&d=mm&r=g\",\"caption\":\"Webmaster\"},\"url\":\"https:\\\/\\\/hijasdejesus.org\\\/pt-br\\\/author\\\/webmaster\\\/\"}]}<\/script>\n<!-- \/ Yoast SEO plugin. -->","yoast_head_json":{"title":"Carmen, Filha de Jesus, 85 anos: \u201cVejo Jesus nas crian\u00e7as de rua\u201d - Hijas de Jes\u00fas","robots":{"index":"index","follow":"follow","max-snippet":"max-snippet:-1","max-image-preview":"max-image-preview:large","max-video-preview":"max-video-preview:-1"},"canonical":"https:\/\/hijasdejesus.org\/pt-br\/carmen-filha-de-jesus-85-anos-vejo-jesus-nas-criancas-de-rua\/","og_locale":"pt_BR","og_type":"article","og_title":"Carmen, Filha de Jesus, 85 anos: \u201cVejo Jesus nas crian\u00e7as de rua\u201d - Hijas de Jes\u00fas","og_description":"A Funda\u00e7\u00e3o Secretariado Cigano entregou o pr\u00eamio Solidariedade com G, em sua modalidade individual, a M\u00aa Carmen L\u00f3pez Arjona fi. Nascida em Valle del Jerte, C\u00e1ceres, fez 85 anos esta religiosa Filha de Jes\u00fas, e carrega sobre seus ombros, h\u00e1 61 anos, um minist\u00e9rio dedicado \u00e0 promo\u00e7\u00e3o de pessoas da comunidade cigana. Hoje, reside em [&hellip;]","og_url":"https:\/\/hijasdejesus.org\/pt-br\/carmen-filha-de-jesus-85-anos-vejo-jesus-nas-criancas-de-rua\/","og_site_name":"Hijas de Jes\u00fas","article_publisher":"https:\/\/www.facebook.com\/hijasdejesusenelmundo\/","article_published_time":"2017-02-24T19:04:41+00:00","article_modified_time":"2017-02-27T10:13:39+00:00","og_image":[{"width":1024,"height":683,"url":"https:\/\/hijasdejesus.org\/wp-content\/uploads\/2017\/02\/carmen9.JPG","type":"image\/jpeg"}],"author":"Webmaster","twitter_card":"summary_large_image","twitter_creator":"@hijasdjesus","twitter_site":"@hijasdjesus","twitter_misc":{"Escrito por":"Webmaster","Est. tempo de leitura":"5 minutos"},"schema":{"@context":"https:\/\/schema.org","@graph":[{"@type":"Article","@id":"https:\/\/hijasdejesus.org\/pt-br\/carmen-filha-de-jesus-85-anos-vejo-jesus-nas-criancas-de-rua\/#article","isPartOf":{"@id":"https:\/\/hijasdejesus.org\/pt-br\/carmen-filha-de-jesus-85-anos-vejo-jesus-nas-criancas-de-rua\/"},"author":{"name":"Webmaster","@id":"https:\/\/hijasdejesus.org\/pt-br\/#\/schema\/person\/ce4455965da733f2791f23b6ec14e9b6"},"headline":"Carmen, Filha de Jesus, 85 anos: \u201cVejo Jesus nas crian\u00e7as de rua\u201d","datePublished":"2017-02-24T19:04:41+00:00","dateModified":"2017-02-27T10:13:39+00:00","mainEntityOfPage":{"@id":"https:\/\/hijasdejesus.org\/pt-br\/carmen-filha-de-jesus-85-anos-vejo-jesus-nas-criancas-de-rua\/"},"wordCount":922,"publisher":{"@id":"https:\/\/hijasdejesus.org\/pt-br\/#organization"},"image":{"@id":"https:\/\/hijasdejesus.org\/pt-br\/carmen-filha-de-jesus-85-anos-vejo-jesus-nas-criancas-de-rua\/#primaryimage"},"thumbnailUrl":"https:\/\/hijasdejesus.org\/wp-content\/uploads\/2017\/02\/carmen9.JPG","articleSection":["Espanha-It\u00e1lia","Hijas de Jes\u00fas","Not\u00edcias"],"inLanguage":"pt-BR"},{"@type":"WebPage","@id":"https:\/\/hijasdejesus.org\/pt-br\/carmen-filha-de-jesus-85-anos-vejo-jesus-nas-criancas-de-rua\/","url":"https:\/\/hijasdejesus.org\/pt-br\/carmen-filha-de-jesus-85-anos-vejo-jesus-nas-criancas-de-rua\/","name":"Carmen, Filha de Jesus, 85 anos: \u201cVejo Jesus nas crian\u00e7as de rua\u201d - Hijas de Jes\u00fas","isPartOf":{"@id":"https:\/\/hijasdejesus.org\/pt-br\/#website"},"primaryImageOfPage":{"@id":"https:\/\/hijasdejesus.org\/pt-br\/carmen-filha-de-jesus-85-anos-vejo-jesus-nas-criancas-de-rua\/#primaryimage"},"image":{"@id":"https:\/\/hijasdejesus.org\/pt-br\/carmen-filha-de-jesus-85-anos-vejo-jesus-nas-criancas-de-rua\/#primaryimage"},"thumbnailUrl":"https:\/\/hijasdejesus.org\/wp-content\/uploads\/2017\/02\/carmen9.JPG","datePublished":"2017-02-24T19:04:41+00:00","dateModified":"2017-02-27T10:13:39+00:00","breadcrumb":{"@id":"https:\/\/hijasdejesus.org\/pt-br\/carmen-filha-de-jesus-85-anos-vejo-jesus-nas-criancas-de-rua\/#breadcrumb"},"inLanguage":"pt-BR","potentialAction":[{"@type":"ReadAction","target":["https:\/\/hijasdejesus.org\/pt-br\/carmen-filha-de-jesus-85-anos-vejo-jesus-nas-criancas-de-rua\/"]}]},{"@type":"ImageObject","inLanguage":"pt-BR","@id":"https:\/\/hijasdejesus.org\/pt-br\/carmen-filha-de-jesus-85-anos-vejo-jesus-nas-criancas-de-rua\/#primaryimage","url":"https:\/\/hijasdejesus.org\/wp-content\/uploads\/2017\/02\/carmen9.JPG","contentUrl":"https:\/\/hijasdejesus.org\/wp-content\/uploads\/2017\/02\/carmen9.JPG","width":1024,"height":683},{"@type":"BreadcrumbList","@id":"https:\/\/hijasdejesus.org\/pt-br\/carmen-filha-de-jesus-85-anos-vejo-jesus-nas-criancas-de-rua\/#breadcrumb","itemListElement":[{"@type":"ListItem","position":1,"name":"Portada","item":"https:\/\/hijasdejesus.org\/pt-br\/"},{"@type":"ListItem","position":2,"name":"Carmen, Filha de Jesus, 85 anos: \u201cVejo Jesus nas crian\u00e7as de rua\u201d"}]},{"@type":"WebSite","@id":"https:\/\/hijasdejesus.org\/pt-br\/#website","url":"https:\/\/hijasdejesus.org\/pt-br\/","name":"Hijas de Jes\u00fas","description":"Despertamos a Jes\u00fas en el coraz\u00f3n, sacando lo mejor de las personas. Somos una congregaci\u00f3n religiosa ignaciana fundada por la Madre Candida","publisher":{"@id":"https:\/\/hijasdejesus.org\/pt-br\/#organization"},"potentialAction":[{"@type":"SearchAction","target":{"@type":"EntryPoint","urlTemplate":"https:\/\/hijasdejesus.org\/pt-br\/?s={search_term_string}"},"query-input":{"@type":"PropertyValueSpecification","valueRequired":true,"valueName":"search_term_string"}}],"inLanguage":"pt-BR"},{"@type":"Organization","@id":"https:\/\/hijasdejesus.org\/pt-br\/#organization","name":"Hijas de Jes\u00fas","url":"https:\/\/hijasdejesus.org\/pt-br\/","logo":{"@type":"ImageObject","inLanguage":"pt-BR","@id":"https:\/\/hijasdejesus.org\/pt-br\/#\/schema\/logo\/image\/","url":"https:\/\/hijasdejesus.org\/wp-content\/uploads\/2023\/01\/Hijas-de-Jesus_hor-A7C957.png","contentUrl":"https:\/\/hijasdejesus.org\/wp-content\/uploads\/2023\/01\/Hijas-de-Jesus_hor-A7C957.png","width":700,"height":360,"caption":"Hijas de Jes\u00fas"},"image":{"@id":"https:\/\/hijasdejesus.org\/pt-br\/#\/schema\/logo\/image\/"},"sameAs":["https:\/\/www.facebook.com\/hijasdejesusenelmundo\/","https:\/\/x.com\/hijasdjesus"]},{"@type":"Person","@id":"https:\/\/hijasdejesus.org\/pt-br\/#\/schema\/person\/ce4455965da733f2791f23b6ec14e9b6","name":"Webmaster","image":{"@type":"ImageObject","inLanguage":"pt-BR","@id":"https:\/\/secure.gravatar.com\/avatar\/cfd0acaac86c3981d541d2e99a0ffb7b6d33a5ac8989a62f5518b9e0f7ee128a?s=96&d=mm&r=g","url":"https:\/\/secure.gravatar.com\/avatar\/cfd0acaac86c3981d541d2e99a0ffb7b6d33a5ac8989a62f5518b9e0f7ee128a?s=96&d=mm&r=g","contentUrl":"https:\/\/secure.gravatar.com\/avatar\/cfd0acaac86c3981d541d2e99a0ffb7b6d33a5ac8989a62f5518b9e0f7ee128a?s=96&d=mm&r=g","caption":"Webmaster"},"url":"https:\/\/hijasdejesus.org\/pt-br\/author\/webmaster\/"}]}},"_links":{"self":[{"href":"https:\/\/hijasdejesus.org\/pt-br\/wp-json\/wp\/v2\/posts\/28229","targetHints":{"allow":["GET"]}}],"collection":[{"href":"https:\/\/hijasdejesus.org\/pt-br\/wp-json\/wp\/v2\/posts"}],"about":[{"href":"https:\/\/hijasdejesus.org\/pt-br\/wp-json\/wp\/v2\/types\/post"}],"author":[{"embeddable":true,"href":"https:\/\/hijasdejesus.org\/pt-br\/wp-json\/wp\/v2\/users\/28"}],"replies":[{"embeddable":true,"href":"https:\/\/hijasdejesus.org\/pt-br\/wp-json\/wp\/v2\/comments?post=28229"}],"version-history":[{"count":0,"href":"https:\/\/hijasdejesus.org\/pt-br\/wp-json\/wp\/v2\/posts\/28229\/revisions"}],"wp:featuredmedia":[{"embeddable":true,"href":"https:\/\/hijasdejesus.org\/pt-br\/wp-json\/wp\/v2\/media\/8496"}],"wp:attachment":[{"href":"https:\/\/hijasdejesus.org\/pt-br\/wp-json\/wp\/v2\/media?parent=28229"}],"wp:term":[{"taxonomy":"category","embeddable":true,"href":"https:\/\/hijasdejesus.org\/pt-br\/wp-json\/wp\/v2\/categories?post=28229"},{"taxonomy":"post_tag","embeddable":true,"href":"https:\/\/hijasdejesus.org\/pt-br\/wp-json\/wp\/v2\/tags?post=28229"}],"curies":[{"name":"wp","href":"https:\/\/api.w.org\/{rel}","templated":true}]}}