{"id":28232,"date":"2017-03-01T12:03:47","date_gmt":"2017-03-01T11:03:47","guid":{"rendered":"https:\/\/nueva.hijasdejesus.org\/ver-nossa-verdade-sem-adornos\/"},"modified":"2017-03-01T19:06:39","modified_gmt":"2017-03-01T18:06:39","slug":"ver-nossa-verdade-sem-adornos","status":"publish","type":"post","link":"https:\/\/hijasdejesus.org\/pt-br\/ver-nossa-verdade-sem-adornos\/","title":{"rendered":"Ver nossa verdade sem adornos"},"content":{"rendered":"<p style=\"text-align: justify;\">Vestir-se de saco e cobrir-se de cinza. Como quem tira a maquiagem diante do espelho para se encontrar ao natural. Como quem vai se despojando de capas ou roupas e vai ficando desprotegido. Neste tempo de cinzas insistimos em poder ver nossa verdade sem enfeites. N\u00e3o se trata de me mortificar, ou de dizer: \u201cn\u00e3o valho para nada\u201d. Isto seria rid\u00edculo e falso. \u00c9 tentar ver tudo, o bem e o mau. Olhar-me e saber quem eu sou. Aceitar a limita\u00e7\u00e3o, reconhecer o talento e o erro. Descobrir as frestas, para ver se h\u00e1 alguma coisa para fazer com elas. Confiar em Deus que me conhece melhor do que eu mesmo. E poder compartilhar este meu ser com outros.<\/p>\n<p style=\"text-align: center;\"><strong>Fonte: Pastoralsj<\/strong><\/p>\n","protected":false},"excerpt":{"rendered":"<p>Vestir-se de saco e cobrir-se de cinza. Como quem tira a maquiagem diante do espelho para se encontrar ao natural. Como quem vai se despojando de capas ou roupas e vai ficando desprotegido. Neste tempo de cinzas insistimos em poder ver nossa verdade sem enfeites. N\u00e3o se trata de me mortificar, ou de dizer: \u201cn\u00e3o [&hellip;]<\/p>\n","protected":false},"author":28,"featured_media":8502,"comment_status":"closed","ping_status":"closed","sticky":false,"template":"","format":"standard","meta":{"_et_pb_use_builder":"","_et_pb_old_content":"","_et_gb_content_width":"","footnotes":"","_links_to":"","_links_to_target":""},"categories":[533,469],"tags":[758],"class_list":["post-28232","post","type-post","status-publish","format-standard","has-post-thumbnail","hentry","category-igreja","category-noticias-pt-br","tag-cuaresma-pt-br"],"yoast_head":"<!-- This site is optimized with the Yoast SEO plugin v27.4 - https:\/\/yoast.com\/product\/yoast-seo-wordpress\/ -->\n<title>Ver nossa verdade sem adornos - Hijas de Jes\u00fas<\/title>\n<meta name=\"robots\" content=\"index, follow, max-snippet:-1, max-image-preview:large, max-video-preview:-1\" \/>\n<link rel=\"canonical\" href=\"https:\/\/hijasdejesus.org\/pt-br\/ver-nossa-verdade-sem-adornos\/\" \/>\n<meta property=\"og:locale\" content=\"pt_BR\" \/>\n<meta property=\"og:type\" content=\"article\" \/>\n<meta property=\"og:title\" content=\"Ver nossa verdade sem adornos - Hijas de Jes\u00fas\" \/>\n<meta property=\"og:description\" content=\"Vestir-se de saco e cobrir-se de cinza. Como quem tira a maquiagem diante do espelho para se encontrar ao natural. Como quem vai se despojando de capas ou roupas e vai ficando desprotegido. Neste tempo de cinzas insistimos em poder ver nossa verdade sem enfeites. N\u00e3o se trata de me mortificar, ou de dizer: \u201cn\u00e3o [&hellip;]\" \/>\n<meta property=\"og:url\" content=\"https:\/\/hijasdejesus.org\/pt-br\/ver-nossa-verdade-sem-adornos\/\" \/>\n<meta property=\"og:site_name\" content=\"Hijas de Jes\u00fas\" \/>\n<meta property=\"article:publisher\" content=\"https:\/\/www.facebook.com\/hijasdejesusenelmundo\/\" \/>\n<meta property=\"article:published_time\" content=\"2017-03-01T11:03:47+00:00\" \/>\n<meta property=\"article:modified_time\" content=\"2017-03-01T18:06:39+00:00\" \/>\n<meta name=\"author\" content=\"Webmaster\" \/>\n<meta name=\"twitter:card\" content=\"summary_large_image\" \/>\n<meta name=\"twitter:creator\" content=\"@hijasdjesus\" \/>\n<meta name=\"twitter:site\" content=\"@hijasdjesus\" \/>\n<meta name=\"twitter:label1\" content=\"Escrito por\" \/>\n\t<meta name=\"twitter:data1\" content=\"Webmaster\" \/>\n\t<meta name=\"twitter:label2\" content=\"Est. tempo de leitura\" \/>\n\t<meta name=\"twitter:data2\" content=\"1 minuto\" \/>\n<script type=\"application\/ld+json\" class=\"yoast-schema-graph\">{\"@context\":\"https:\\\/\\\/schema.org\",\"@graph\":[{\"@type\":\"Article\",\"@id\":\"https:\\\/\\\/hijasdejesus.org\\\/pt-br\\\/ver-nossa-verdade-sem-adornos\\\/#article\",\"isPartOf\":{\"@id\":\"https:\\\/\\\/hijasdejesus.org\\\/pt-br\\\/ver-nossa-verdade-sem-adornos\\\/\"},\"author\":{\"name\":\"Webmaster\",\"@id\":\"https:\\\/\\\/hijasdejesus.org\\\/pt-br\\\/#\\\/schema\\\/person\\\/ce4455965da733f2791f23b6ec14e9b6\"},\"headline\":\"Ver nossa verdade sem adornos\",\"datePublished\":\"2017-03-01T11:03:47+00:00\",\"dateModified\":\"2017-03-01T18:06:39+00:00\",\"mainEntityOfPage\":{\"@id\":\"https:\\\/\\\/hijasdejesus.org\\\/pt-br\\\/ver-nossa-verdade-sem-adornos\\\/\"},\"wordCount\":129,\"publisher\":{\"@id\":\"https:\\\/\\\/hijasdejesus.org\\\/pt-br\\\/#organization\"},\"image\":{\"@id\":\"https:\\\/\\\/hijasdejesus.org\\\/pt-br\\\/ver-nossa-verdade-sem-adornos\\\/#primaryimage\"},\"thumbnailUrl\":\"https:\\\/\\\/hijasdejesus.org\\\/wp-content\\\/uploads\\\/2017\\\/03\\\/cuadernillo5.bmp\",\"keywords\":[\"Cuaresma\"],\"articleSection\":[\"Igreja\",\"Not\u00edcias\"],\"inLanguage\":\"pt-BR\"},{\"@type\":\"WebPage\",\"@id\":\"https:\\\/\\\/hijasdejesus.org\\\/pt-br\\\/ver-nossa-verdade-sem-adornos\\\/\",\"url\":\"https:\\\/\\\/hijasdejesus.org\\\/pt-br\\\/ver-nossa-verdade-sem-adornos\\\/\",\"name\":\"Ver nossa verdade sem adornos - Hijas de Jes\u00fas\",\"isPartOf\":{\"@id\":\"https:\\\/\\\/hijasdejesus.org\\\/pt-br\\\/#website\"},\"primaryImageOfPage\":{\"@id\":\"https:\\\/\\\/hijasdejesus.org\\\/pt-br\\\/ver-nossa-verdade-sem-adornos\\\/#primaryimage\"},\"image\":{\"@id\":\"https:\\\/\\\/hijasdejesus.org\\\/pt-br\\\/ver-nossa-verdade-sem-adornos\\\/#primaryimage\"},\"thumbnailUrl\":\"https:\\\/\\\/hijasdejesus.org\\\/wp-content\\\/uploads\\\/2017\\\/03\\\/cuadernillo5.bmp\",\"datePublished\":\"2017-03-01T11:03:47+00:00\",\"dateModified\":\"2017-03-01T18:06:39+00:00\",\"breadcrumb\":{\"@id\":\"https:\\\/\\\/hijasdejesus.org\\\/pt-br\\\/ver-nossa-verdade-sem-adornos\\\/#breadcrumb\"},\"inLanguage\":\"pt-BR\",\"potentialAction\":[{\"@type\":\"ReadAction\",\"target\":[\"https:\\\/\\\/hijasdejesus.org\\\/pt-br\\\/ver-nossa-verdade-sem-adornos\\\/\"]}]},{\"@type\":\"ImageObject\",\"inLanguage\":\"pt-BR\",\"@id\":\"https:\\\/\\\/hijasdejesus.org\\\/pt-br\\\/ver-nossa-verdade-sem-adornos\\\/#primaryimage\",\"url\":\"https:\\\/\\\/hijasdejesus.org\\\/wp-content\\\/uploads\\\/2017\\\/03\\\/cuadernillo5.bmp\",\"contentUrl\":\"https:\\\/\\\/hijasdejesus.org\\\/wp-content\\\/uploads\\\/2017\\\/03\\\/cuadernillo5.bmp\",\"width\":834,\"height\":557},{\"@type\":\"BreadcrumbList\",\"@id\":\"https:\\\/\\\/hijasdejesus.org\\\/pt-br\\\/ver-nossa-verdade-sem-adornos\\\/#breadcrumb\",\"itemListElement\":[{\"@type\":\"ListItem\",\"position\":1,\"name\":\"Portada\",\"item\":\"https:\\\/\\\/hijasdejesus.org\\\/pt-br\\\/\"},{\"@type\":\"ListItem\",\"position\":2,\"name\":\"Ver nossa verdade sem adornos\"}]},{\"@type\":\"WebSite\",\"@id\":\"https:\\\/\\\/hijasdejesus.org\\\/pt-br\\\/#website\",\"url\":\"https:\\\/\\\/hijasdejesus.org\\\/pt-br\\\/\",\"name\":\"Hijas de Jes\u00fas\",\"description\":\"Despertamos a Jes\u00fas en el coraz\u00f3n, sacando lo mejor de las personas. Somos una congregaci\u00f3n religiosa ignaciana fundada por la Madre Candida\",\"publisher\":{\"@id\":\"https:\\\/\\\/hijasdejesus.org\\\/pt-br\\\/#organization\"},\"potentialAction\":[{\"@type\":\"SearchAction\",\"target\":{\"@type\":\"EntryPoint\",\"urlTemplate\":\"https:\\\/\\\/hijasdejesus.org\\\/pt-br\\\/?s={search_term_string}\"},\"query-input\":{\"@type\":\"PropertyValueSpecification\",\"valueRequired\":true,\"valueName\":\"search_term_string\"}}],\"inLanguage\":\"pt-BR\"},{\"@type\":\"Organization\",\"@id\":\"https:\\\/\\\/hijasdejesus.org\\\/pt-br\\\/#organization\",\"name\":\"Hijas de Jes\u00fas\",\"url\":\"https:\\\/\\\/hijasdejesus.org\\\/pt-br\\\/\",\"logo\":{\"@type\":\"ImageObject\",\"inLanguage\":\"pt-BR\",\"@id\":\"https:\\\/\\\/hijasdejesus.org\\\/pt-br\\\/#\\\/schema\\\/logo\\\/image\\\/\",\"url\":\"https:\\\/\\\/hijasdejesus.org\\\/wp-content\\\/uploads\\\/2023\\\/01\\\/Hijas-de-Jesus_hor-A7C957.png\",\"contentUrl\":\"https:\\\/\\\/hijasdejesus.org\\\/wp-content\\\/uploads\\\/2023\\\/01\\\/Hijas-de-Jesus_hor-A7C957.png\",\"width\":700,\"height\":360,\"caption\":\"Hijas de Jes\u00fas\"},\"image\":{\"@id\":\"https:\\\/\\\/hijasdejesus.org\\\/pt-br\\\/#\\\/schema\\\/logo\\\/image\\\/\"},\"sameAs\":[\"https:\\\/\\\/www.facebook.com\\\/hijasdejesusenelmundo\\\/\",\"https:\\\/\\\/x.com\\\/hijasdjesus\"]},{\"@type\":\"Person\",\"@id\":\"https:\\\/\\\/hijasdejesus.org\\\/pt-br\\\/#\\\/schema\\\/person\\\/ce4455965da733f2791f23b6ec14e9b6\",\"name\":\"Webmaster\",\"image\":{\"@type\":\"ImageObject\",\"inLanguage\":\"pt-BR\",\"@id\":\"https:\\\/\\\/secure.gravatar.com\\\/avatar\\\/cfd0acaac86c3981d541d2e99a0ffb7b6d33a5ac8989a62f5518b9e0f7ee128a?s=96&d=mm&r=g\",\"url\":\"https:\\\/\\\/secure.gravatar.com\\\/avatar\\\/cfd0acaac86c3981d541d2e99a0ffb7b6d33a5ac8989a62f5518b9e0f7ee128a?s=96&d=mm&r=g\",\"contentUrl\":\"https:\\\/\\\/secure.gravatar.com\\\/avatar\\\/cfd0acaac86c3981d541d2e99a0ffb7b6d33a5ac8989a62f5518b9e0f7ee128a?s=96&d=mm&r=g\",\"caption\":\"Webmaster\"},\"url\":\"https:\\\/\\\/hijasdejesus.org\\\/pt-br\\\/author\\\/webmaster\\\/\"}]}<\/script>\n<!-- \/ Yoast SEO plugin. -->","yoast_head_json":{"title":"Ver nossa verdade sem adornos - Hijas de Jes\u00fas","robots":{"index":"index","follow":"follow","max-snippet":"max-snippet:-1","max-image-preview":"max-image-preview:large","max-video-preview":"max-video-preview:-1"},"canonical":"https:\/\/hijasdejesus.org\/pt-br\/ver-nossa-verdade-sem-adornos\/","og_locale":"pt_BR","og_type":"article","og_title":"Ver nossa verdade sem adornos - Hijas de Jes\u00fas","og_description":"Vestir-se de saco e cobrir-se de cinza. Como quem tira a maquiagem diante do espelho para se encontrar ao natural. Como quem vai se despojando de capas ou roupas e vai ficando desprotegido. Neste tempo de cinzas insistimos em poder ver nossa verdade sem enfeites. N\u00e3o se trata de me mortificar, ou de dizer: \u201cn\u00e3o [&hellip;]","og_url":"https:\/\/hijasdejesus.org\/pt-br\/ver-nossa-verdade-sem-adornos\/","og_site_name":"Hijas de Jes\u00fas","article_publisher":"https:\/\/www.facebook.com\/hijasdejesusenelmundo\/","article_published_time":"2017-03-01T11:03:47+00:00","article_modified_time":"2017-03-01T18:06:39+00:00","author":"Webmaster","twitter_card":"summary_large_image","twitter_creator":"@hijasdjesus","twitter_site":"@hijasdjesus","twitter_misc":{"Escrito por":"Webmaster","Est. tempo de leitura":"1 minuto"},"schema":{"@context":"https:\/\/schema.org","@graph":[{"@type":"Article","@id":"https:\/\/hijasdejesus.org\/pt-br\/ver-nossa-verdade-sem-adornos\/#article","isPartOf":{"@id":"https:\/\/hijasdejesus.org\/pt-br\/ver-nossa-verdade-sem-adornos\/"},"author":{"name":"Webmaster","@id":"https:\/\/hijasdejesus.org\/pt-br\/#\/schema\/person\/ce4455965da733f2791f23b6ec14e9b6"},"headline":"Ver nossa verdade sem adornos","datePublished":"2017-03-01T11:03:47+00:00","dateModified":"2017-03-01T18:06:39+00:00","mainEntityOfPage":{"@id":"https:\/\/hijasdejesus.org\/pt-br\/ver-nossa-verdade-sem-adornos\/"},"wordCount":129,"publisher":{"@id":"https:\/\/hijasdejesus.org\/pt-br\/#organization"},"image":{"@id":"https:\/\/hijasdejesus.org\/pt-br\/ver-nossa-verdade-sem-adornos\/#primaryimage"},"thumbnailUrl":"https:\/\/hijasdejesus.org\/wp-content\/uploads\/2017\/03\/cuadernillo5.bmp","keywords":["Cuaresma"],"articleSection":["Igreja","Not\u00edcias"],"inLanguage":"pt-BR"},{"@type":"WebPage","@id":"https:\/\/hijasdejesus.org\/pt-br\/ver-nossa-verdade-sem-adornos\/","url":"https:\/\/hijasdejesus.org\/pt-br\/ver-nossa-verdade-sem-adornos\/","name":"Ver nossa verdade sem adornos - Hijas de Jes\u00fas","isPartOf":{"@id":"https:\/\/hijasdejesus.org\/pt-br\/#website"},"primaryImageOfPage":{"@id":"https:\/\/hijasdejesus.org\/pt-br\/ver-nossa-verdade-sem-adornos\/#primaryimage"},"image":{"@id":"https:\/\/hijasdejesus.org\/pt-br\/ver-nossa-verdade-sem-adornos\/#primaryimage"},"thumbnailUrl":"https:\/\/hijasdejesus.org\/wp-content\/uploads\/2017\/03\/cuadernillo5.bmp","datePublished":"2017-03-01T11:03:47+00:00","dateModified":"2017-03-01T18:06:39+00:00","breadcrumb":{"@id":"https:\/\/hijasdejesus.org\/pt-br\/ver-nossa-verdade-sem-adornos\/#breadcrumb"},"inLanguage":"pt-BR","potentialAction":[{"@type":"ReadAction","target":["https:\/\/hijasdejesus.org\/pt-br\/ver-nossa-verdade-sem-adornos\/"]}]},{"@type":"ImageObject","inLanguage":"pt-BR","@id":"https:\/\/hijasdejesus.org\/pt-br\/ver-nossa-verdade-sem-adornos\/#primaryimage","url":"https:\/\/hijasdejesus.org\/wp-content\/uploads\/2017\/03\/cuadernillo5.bmp","contentUrl":"https:\/\/hijasdejesus.org\/wp-content\/uploads\/2017\/03\/cuadernillo5.bmp","width":834,"height":557},{"@type":"BreadcrumbList","@id":"https:\/\/hijasdejesus.org\/pt-br\/ver-nossa-verdade-sem-adornos\/#breadcrumb","itemListElement":[{"@type":"ListItem","position":1,"name":"Portada","item":"https:\/\/hijasdejesus.org\/pt-br\/"},{"@type":"ListItem","position":2,"name":"Ver nossa verdade sem adornos"}]},{"@type":"WebSite","@id":"https:\/\/hijasdejesus.org\/pt-br\/#website","url":"https:\/\/hijasdejesus.org\/pt-br\/","name":"Hijas de Jes\u00fas","description":"Despertamos a Jes\u00fas en el coraz\u00f3n, sacando lo mejor de las personas. Somos una congregaci\u00f3n religiosa ignaciana fundada por la Madre Candida","publisher":{"@id":"https:\/\/hijasdejesus.org\/pt-br\/#organization"},"potentialAction":[{"@type":"SearchAction","target":{"@type":"EntryPoint","urlTemplate":"https:\/\/hijasdejesus.org\/pt-br\/?s={search_term_string}"},"query-input":{"@type":"PropertyValueSpecification","valueRequired":true,"valueName":"search_term_string"}}],"inLanguage":"pt-BR"},{"@type":"Organization","@id":"https:\/\/hijasdejesus.org\/pt-br\/#organization","name":"Hijas de Jes\u00fas","url":"https:\/\/hijasdejesus.org\/pt-br\/","logo":{"@type":"ImageObject","inLanguage":"pt-BR","@id":"https:\/\/hijasdejesus.org\/pt-br\/#\/schema\/logo\/image\/","url":"https:\/\/hijasdejesus.org\/wp-content\/uploads\/2023\/01\/Hijas-de-Jesus_hor-A7C957.png","contentUrl":"https:\/\/hijasdejesus.org\/wp-content\/uploads\/2023\/01\/Hijas-de-Jesus_hor-A7C957.png","width":700,"height":360,"caption":"Hijas de Jes\u00fas"},"image":{"@id":"https:\/\/hijasdejesus.org\/pt-br\/#\/schema\/logo\/image\/"},"sameAs":["https:\/\/www.facebook.com\/hijasdejesusenelmundo\/","https:\/\/x.com\/hijasdjesus"]},{"@type":"Person","@id":"https:\/\/hijasdejesus.org\/pt-br\/#\/schema\/person\/ce4455965da733f2791f23b6ec14e9b6","name":"Webmaster","image":{"@type":"ImageObject","inLanguage":"pt-BR","@id":"https:\/\/secure.gravatar.com\/avatar\/cfd0acaac86c3981d541d2e99a0ffb7b6d33a5ac8989a62f5518b9e0f7ee128a?s=96&d=mm&r=g","url":"https:\/\/secure.gravatar.com\/avatar\/cfd0acaac86c3981d541d2e99a0ffb7b6d33a5ac8989a62f5518b9e0f7ee128a?s=96&d=mm&r=g","contentUrl":"https:\/\/secure.gravatar.com\/avatar\/cfd0acaac86c3981d541d2e99a0ffb7b6d33a5ac8989a62f5518b9e0f7ee128a?s=96&d=mm&r=g","caption":"Webmaster"},"url":"https:\/\/hijasdejesus.org\/pt-br\/author\/webmaster\/"}]}},"_links":{"self":[{"href":"https:\/\/hijasdejesus.org\/pt-br\/wp-json\/wp\/v2\/posts\/28232","targetHints":{"allow":["GET"]}}],"collection":[{"href":"https:\/\/hijasdejesus.org\/pt-br\/wp-json\/wp\/v2\/posts"}],"about":[{"href":"https:\/\/hijasdejesus.org\/pt-br\/wp-json\/wp\/v2\/types\/post"}],"author":[{"embeddable":true,"href":"https:\/\/hijasdejesus.org\/pt-br\/wp-json\/wp\/v2\/users\/28"}],"replies":[{"embeddable":true,"href":"https:\/\/hijasdejesus.org\/pt-br\/wp-json\/wp\/v2\/comments?post=28232"}],"version-history":[{"count":0,"href":"https:\/\/hijasdejesus.org\/pt-br\/wp-json\/wp\/v2\/posts\/28232\/revisions"}],"wp:featuredmedia":[{"embeddable":true,"href":"https:\/\/hijasdejesus.org\/pt-br\/wp-json\/wp\/v2\/media\/8502"}],"wp:attachment":[{"href":"https:\/\/hijasdejesus.org\/pt-br\/wp-json\/wp\/v2\/media?parent=28232"}],"wp:term":[{"taxonomy":"category","embeddable":true,"href":"https:\/\/hijasdejesus.org\/pt-br\/wp-json\/wp\/v2\/categories?post=28232"},{"taxonomy":"post_tag","embeddable":true,"href":"https:\/\/hijasdejesus.org\/pt-br\/wp-json\/wp\/v2\/tags?post=28232"}],"curies":[{"name":"wp","href":"https:\/\/api.w.org\/{rel}","templated":true}]}}