{"id":28244,"date":"2017-03-05T18:36:40","date_gmt":"2017-03-05T17:36:40","guid":{"rendered":"https:\/\/nueva.hijasdejesus.org\/quaresma\/"},"modified":"2017-03-08T10:38:40","modified_gmt":"2017-03-08T09:38:40","slug":"quaresma","status":"publish","type":"post","link":"https:\/\/hijasdejesus.org\/pt-br\/quaresma\/","title":{"rendered":"Quaresma"},"content":{"rendered":"<p style=\"text-align: justify;\">Um tempo revolucion\u00e1rio nos movimenta com a chegada da Quaresma. Esta volta anual e circular da Liturgia acaba por mexer conosco e nos desloca dentro desta singular onda descentralizadora da mente, a quaresma.<br \/>Sua pretens\u00e3o \u00e9 revolucionar suas distra\u00e7\u00f5es e descuidos, para conduzi-lo por um caminho apaixonante, por um itiner\u00e1rio disciplinado, que contar\u00e1 com suas estridentes contradi\u00e7\u00f5es, com suas esgotantes aridezes e temerosas obscuridades, mas que terminar\u00e1 colocando-o, por pura gra\u00e7a, no alto da montanha, com uma luz nova e cativante, verdes prados e correntes de \u00e1gua viva. Ali seu cora\u00e7\u00e3o ficar\u00e1 purificado e limpo. Esta \u00e9 a revolu\u00e7\u00e3o que se manifestar\u00e1 na manh\u00e3 da P\u00e1scoa. <br \/>O itiner\u00e1rio quaresmal parte do principio: \u2018Olhe seu in\u00edcio\u2019. Olhe o amor com que voc\u00ea foi criado e formado. Genesis 2: \u201cO Senhor Deus modelou o homem com a argila do solo, soprou-lhe nas narinas um sopro de vida; e o homem se tornou um ser vivente\u201d. Voc\u00ea \u00e9 um ser vivo. Ultrapassa-nos a compreens\u00e3o deste dom. Se conseguir fazer a ultrapassagem ser\u00e1 mudada a \u00f3tica de sua vida. Voc\u00ea nasceu de um sopro gratuito e amoroso, e isso est\u00e1 inscrito em sua natureza. E pode causar-lhe um gozo t\u00e3o intenso, mesmo que voc\u00ea seja incapaz de reconhec\u00ea-lo, que se transformar\u00e1 em uma gratuidade agradecida. Se reconhecer o sopro c\u00e1lido do amor divino que lhe deu a vida, se converter\u00e1 em um ser eternamente agradecido por tudo e por todos. Gratid\u00e3o natural a Deus e \u00e0 Vida. E passar\u00e1 cada dia, com Violeta Parra ou Mercedes Sosa, dando \u201cgra\u00e7as \u00e0 vida, que te ha dado tanto\u201d. H\u00e1 tanto amor para oferecer e repartir!<br \/>\u00c9 saud\u00e1vel partir do que \u00e9 bom para enfrentar o passo seguinte, para entrar no deserto do cora\u00e7\u00e3o do homem, que voc\u00ea desconhece, mas que o leva a sofrer a explos\u00e3o de minas pessoais ou sociais que rompem o equil\u00edbrio e distorcem o passo. \u201cA serpente respondeu \u00e0 mulher: \u2018De modo nenhum morrereis. Deus sabe que no dia que comerdes o fruto, vossos olhos se abrir\u00e3o e sereis como deuses, conhecereis o bem e o mal\u201d.<br \/>Ser deus pode mexer por dentro. Pode fazer de voc\u00ea um espectador desconfiado, pode lev\u00e1-lo a duvidar da gratid\u00e3o por ter sido criado e do primeiro sopro amoroso que lhe deu a vida. Ser deus. Ser \u00fanico. Ser o centro. Uma revolu\u00e7\u00e3o. <br \/>Jesus decide entrar fundo nisso. Mateus 4: \u201cNaquele tempo, o Esp\u00edrito conduziu Jesus ao deserto para ser tentado pelo diabo\u201d. Tamb\u00e9m Ele quer experimentar esta circularidade incr\u00edvel. \u201cEu te darei tudo isso se te ajoelhares diante de mim para me adorar\u201d. A loucura da tenta\u00e7\u00e3o chega tamb\u00e9m at\u00e9 Ele. \u00a0<br \/>S\u00e3o Paulo, na Carta aos Romanos, interv\u00e9m para colocar um pouco de luz e tranquilidade: \u201cCom efeito, como pela desobedi\u00eancia de um s\u00f3 homem a humanidade toda foi estabelecida numa situa\u00e7\u00e3o de pecado, assim tamb\u00e9m, pela obedi\u00eancia de um s\u00f3, toda a humanidade passar\u00e1 para uma situa\u00e7\u00e3o de justi\u00e7a\u201d. A resposta de Jesus nos devolve a esperan\u00e7a: \u201cJesus lhe disse: Vai-te embora, Satan\u00e1s, porque est\u00e1 escrito: Adorar\u00e1s ao Senhor teu Deus, e somente a ele prestar\u00e1s culto\u201d. <br \/>Jesus lhe faz voltar ao princ\u00edpio do princ\u00edpio, ao c\u00e1lido sopro, \u00e0 silenciosa confian\u00e7a no Pai. Quarenta dias de sil\u00eancio, de olhar frente a frente a verdade revolucion\u00e1ria do amor de Deus, devolve a harmonia e o calor da vida. E voc\u00ea termina pedindo com humildade, aquilo que reza o Salmo 50: \u201c\u00d3 Deus, cria em mim um cora\u00e7\u00e3o que seja puro, d\u00e1-me de novo um esp\u00edrito decidido\u201d.<br \/>Esse \u00e9 o caminho, o itiner\u00e1rio a seguir nesta Quaresma, nesta vida carregada de contradi\u00e7\u00f5es e pobrezas sem fim, por\u00e9m revolucionada positiva e gratuitamente pelo c\u00e1lido e novo sopro de Jesus, que o convida a caminhar com Ele pelo deserto desta era secular, e com confian\u00e7a infinita no poder do amor, o \u00fanico capaz de conduzi-lo ao cume do monte santo.<br \/>Em minha par\u00f3quia do centro de Madri, vi os colombianos partirem da festa da amizade latina carregando uma panela vermelha com uma enorme tampa de um metro de di\u00e2metro. Perguntei a aqueles homens fortes aonde iam com aquele peso.\u00a0 Disseram-me que iam a Parla. Fiquei chocado. Tinham vindo de Parla, no outro extremo da periferia sul de Madri, em metr\u00f4, com aquela panela cheia de arroz com frango, cada um segurando uma asa, para que todos pud\u00e9ssemos, naquela festa, partilhar o alimento que tinham preparado em sua casa. De novo, carregando sua panela agora vazia, voltavam alegres e felizes ao transporte p\u00fablico. Perguntei-lhes: Por que fazem isso? Por puro amor, padre. Porque todos os que amamos o merecem. Merecem todos aqueles que amamos e muito mais far\u00edamos por eles. Estes irm\u00e3os pobres chegaram ao cume da Montanha.<br \/>1. Pare! E observe essa panela sua que caminha com voc\u00ea, pegajosa e sempre fervendo em sua mente. D\u00ea um tempo. N\u00e3o tenha pressa. Voc\u00ea tem quarenta preciosos dias para carreg\u00e1-la em todos os transportes do mundo, e fazer isso por amor.<br \/>2. Lembre-se do primeiro sopro. Sinta o tato das m\u00e3os da Trindade que lhe deram forma; de seu Esp\u00edrito que continua inspirando o c\u00e1lido alento da vida; que o fortalece no amor para que tente novas loucuras de convers\u00e3o por amor ao pr\u00f3ximo.<br \/>3. Voc\u00ea n\u00e3o \u00e9 um pequeno deus. N\u00e3o se feche em seu ego\u00edsmo. Somente Ele. Com Ele. Basta Deus. Relaxe suas pretens\u00f5es. Seja humilde. Reconhe\u00e7a sua pequenez. Deixe-se, como os pobres, continuar sendo moldado por m\u00e3os de amor limpo, como os irm\u00e3os colombianos.<br \/>4. Jesus, no deserto, \u00e9 para voc\u00ea um exemplo. Ele o ajuda a meditar devagar, olhando bem nos olhos o mal que o arru\u00edna e centrifuga; e a tomar a determina\u00e7\u00e3o de chegar \u00e0 P\u00e1scoa, como a mulher ou o homem novo que Cristo sonhou para voc\u00ea. Como uma pessoa capaz de se arriscar por amor.<br \/>5. E no tempo de penit\u00eancias, de contempla\u00e7\u00f5es, jejuns e perturba\u00e7\u00f5es n\u00e3o fa\u00e7a mudan\u00e7as raras. Alegre-se e perfume o rosto. Espere com Ele em seu deserto revolucion\u00e1rio.\u00a0 Saia dele carregando uma panela de solidariedade. E Ele lhe ir\u00e1 dizendo, pouco a pouco, o que voc\u00ea deve fazer e viver em cada momento de sua vida.<\/p>\n<p style=\"text-align: center;\"><a href=\"http:\/\/www.parroquiadelpilar.es\/homilia-domingo-5-de-marzo-2017\" target=\"_blank\" rel=\"noopener\">Antonio Garc\u00eda Rubio, p\u00e1roco do Pilar em Madrid<\/a><br \/>Facebook: Antonio Garc\u00eda Rubio<br \/>Twitter: @curalix<br \/>P\u00e1gina Web: www.parroquiadelpilar.es<br \/>Twitter: @PNSPilar_Madrid<br \/>Facebook: Parroquia Nuestra Se\u00f1ora del Pilar Madrid<\/p>\n","protected":false},"excerpt":{"rendered":"<p>Um tempo revolucion\u00e1rio nos movimenta com a chegada da Quaresma. Esta volta anual e circular da Liturgia acaba por mexer conosco e nos desloca dentro desta singular onda descentralizadora da mente, a quaresma.Sua pretens\u00e3o \u00e9 revolucionar suas distra\u00e7\u00f5es e descuidos, para conduzi-lo por um caminho apaixonante, por um itiner\u00e1rio disciplinado, que contar\u00e1 com suas estridentes [&hellip;]<\/p>\n","protected":false},"author":28,"featured_media":8508,"comment_status":"closed","ping_status":"closed","sticky":false,"template":"","format":"standard","meta":{"_et_pb_use_builder":"","_et_pb_old_content":"","_et_gb_content_width":"","footnotes":"","_links_to":"","_links_to_target":""},"categories":[533,469],"tags":[758],"class_list":["post-28244","post","type-post","status-publish","format-standard","has-post-thumbnail","hentry","category-igreja","category-noticias-pt-br","tag-cuaresma-pt-br"],"yoast_head":"<!-- This site is optimized with the Yoast SEO plugin v27.4 - https:\/\/yoast.com\/product\/yoast-seo-wordpress\/ -->\n<title>Quaresma - Hijas de Jes\u00fas<\/title>\n<meta name=\"robots\" content=\"index, follow, max-snippet:-1, max-image-preview:large, max-video-preview:-1\" \/>\n<link rel=\"canonical\" href=\"https:\/\/hijasdejesus.org\/pt-br\/quaresma\/\" \/>\n<meta property=\"og:locale\" content=\"pt_BR\" \/>\n<meta property=\"og:type\" content=\"article\" \/>\n<meta property=\"og:title\" content=\"Quaresma - Hijas de Jes\u00fas\" \/>\n<meta property=\"og:description\" content=\"Um tempo revolucion\u00e1rio nos movimenta com a chegada da Quaresma. Esta volta anual e circular da Liturgia acaba por mexer conosco e nos desloca dentro desta singular onda descentralizadora da mente, a quaresma.Sua pretens\u00e3o \u00e9 revolucionar suas distra\u00e7\u00f5es e descuidos, para conduzi-lo por um caminho apaixonante, por um itiner\u00e1rio disciplinado, que contar\u00e1 com suas estridentes [&hellip;]\" \/>\n<meta property=\"og:url\" content=\"https:\/\/hijasdejesus.org\/pt-br\/quaresma\/\" \/>\n<meta property=\"og:site_name\" content=\"Hijas de Jes\u00fas\" \/>\n<meta property=\"article:publisher\" content=\"https:\/\/www.facebook.com\/hijasdejesusenelmundo\/\" \/>\n<meta property=\"article:published_time\" content=\"2017-03-05T17:36:40+00:00\" \/>\n<meta property=\"article:modified_time\" content=\"2017-03-08T09:38:40+00:00\" \/>\n<meta property=\"og:image\" content=\"https:\/\/hijasdejesus.org\/wp-content\/uploads\/2017\/03\/domingo1.jpg\" \/>\n\t<meta property=\"og:image:width\" content=\"388\" \/>\n\t<meta property=\"og:image:height\" content=\"544\" \/>\n\t<meta property=\"og:image:type\" content=\"image\/jpeg\" \/>\n<meta name=\"author\" content=\"Webmaster\" \/>\n<meta name=\"twitter:card\" content=\"summary_large_image\" \/>\n<meta name=\"twitter:creator\" content=\"@hijasdjesus\" \/>\n<meta name=\"twitter:site\" content=\"@hijasdjesus\" \/>\n<meta name=\"twitter:label1\" content=\"Escrito por\" \/>\n\t<meta name=\"twitter:data1\" content=\"Webmaster\" \/>\n\t<meta name=\"twitter:label2\" content=\"Est. tempo de leitura\" \/>\n\t<meta name=\"twitter:data2\" content=\"6 minutos\" \/>\n<script type=\"application\/ld+json\" class=\"yoast-schema-graph\">{\"@context\":\"https:\\\/\\\/schema.org\",\"@graph\":[{\"@type\":\"Article\",\"@id\":\"https:\\\/\\\/hijasdejesus.org\\\/pt-br\\\/quaresma\\\/#article\",\"isPartOf\":{\"@id\":\"https:\\\/\\\/hijasdejesus.org\\\/pt-br\\\/quaresma\\\/\"},\"author\":{\"name\":\"Webmaster\",\"@id\":\"https:\\\/\\\/hijasdejesus.org\\\/pt-br\\\/#\\\/schema\\\/person\\\/ce4455965da733f2791f23b6ec14e9b6\"},\"headline\":\"Quaresma\",\"datePublished\":\"2017-03-05T17:36:40+00:00\",\"dateModified\":\"2017-03-08T09:38:40+00:00\",\"mainEntityOfPage\":{\"@id\":\"https:\\\/\\\/hijasdejesus.org\\\/pt-br\\\/quaresma\\\/\"},\"wordCount\":1113,\"publisher\":{\"@id\":\"https:\\\/\\\/hijasdejesus.org\\\/pt-br\\\/#organization\"},\"image\":{\"@id\":\"https:\\\/\\\/hijasdejesus.org\\\/pt-br\\\/quaresma\\\/#primaryimage\"},\"thumbnailUrl\":\"https:\\\/\\\/hijasdejesus.org\\\/wp-content\\\/uploads\\\/2017\\\/03\\\/domingo1.jpg\",\"keywords\":[\"Cuaresma\"],\"articleSection\":[\"Igreja\",\"Not\u00edcias\"],\"inLanguage\":\"pt-BR\"},{\"@type\":\"WebPage\",\"@id\":\"https:\\\/\\\/hijasdejesus.org\\\/pt-br\\\/quaresma\\\/\",\"url\":\"https:\\\/\\\/hijasdejesus.org\\\/pt-br\\\/quaresma\\\/\",\"name\":\"Quaresma - Hijas de Jes\u00fas\",\"isPartOf\":{\"@id\":\"https:\\\/\\\/hijasdejesus.org\\\/pt-br\\\/#website\"},\"primaryImageOfPage\":{\"@id\":\"https:\\\/\\\/hijasdejesus.org\\\/pt-br\\\/quaresma\\\/#primaryimage\"},\"image\":{\"@id\":\"https:\\\/\\\/hijasdejesus.org\\\/pt-br\\\/quaresma\\\/#primaryimage\"},\"thumbnailUrl\":\"https:\\\/\\\/hijasdejesus.org\\\/wp-content\\\/uploads\\\/2017\\\/03\\\/domingo1.jpg\",\"datePublished\":\"2017-03-05T17:36:40+00:00\",\"dateModified\":\"2017-03-08T09:38:40+00:00\",\"breadcrumb\":{\"@id\":\"https:\\\/\\\/hijasdejesus.org\\\/pt-br\\\/quaresma\\\/#breadcrumb\"},\"inLanguage\":\"pt-BR\",\"potentialAction\":[{\"@type\":\"ReadAction\",\"target\":[\"https:\\\/\\\/hijasdejesus.org\\\/pt-br\\\/quaresma\\\/\"]}]},{\"@type\":\"ImageObject\",\"inLanguage\":\"pt-BR\",\"@id\":\"https:\\\/\\\/hijasdejesus.org\\\/pt-br\\\/quaresma\\\/#primaryimage\",\"url\":\"https:\\\/\\\/hijasdejesus.org\\\/wp-content\\\/uploads\\\/2017\\\/03\\\/domingo1.jpg\",\"contentUrl\":\"https:\\\/\\\/hijasdejesus.org\\\/wp-content\\\/uploads\\\/2017\\\/03\\\/domingo1.jpg\",\"width\":388,\"height\":544},{\"@type\":\"BreadcrumbList\",\"@id\":\"https:\\\/\\\/hijasdejesus.org\\\/pt-br\\\/quaresma\\\/#breadcrumb\",\"itemListElement\":[{\"@type\":\"ListItem\",\"position\":1,\"name\":\"Portada\",\"item\":\"https:\\\/\\\/hijasdejesus.org\\\/pt-br\\\/\"},{\"@type\":\"ListItem\",\"position\":2,\"name\":\"Quaresma\"}]},{\"@type\":\"WebSite\",\"@id\":\"https:\\\/\\\/hijasdejesus.org\\\/pt-br\\\/#website\",\"url\":\"https:\\\/\\\/hijasdejesus.org\\\/pt-br\\\/\",\"name\":\"Hijas de Jes\u00fas\",\"description\":\"Despertamos a Jes\u00fas en el coraz\u00f3n, sacando lo mejor de las personas. Somos una congregaci\u00f3n religiosa ignaciana fundada por la Madre Candida\",\"publisher\":{\"@id\":\"https:\\\/\\\/hijasdejesus.org\\\/pt-br\\\/#organization\"},\"potentialAction\":[{\"@type\":\"SearchAction\",\"target\":{\"@type\":\"EntryPoint\",\"urlTemplate\":\"https:\\\/\\\/hijasdejesus.org\\\/pt-br\\\/?s={search_term_string}\"},\"query-input\":{\"@type\":\"PropertyValueSpecification\",\"valueRequired\":true,\"valueName\":\"search_term_string\"}}],\"inLanguage\":\"pt-BR\"},{\"@type\":\"Organization\",\"@id\":\"https:\\\/\\\/hijasdejesus.org\\\/pt-br\\\/#organization\",\"name\":\"Hijas de Jes\u00fas\",\"url\":\"https:\\\/\\\/hijasdejesus.org\\\/pt-br\\\/\",\"logo\":{\"@type\":\"ImageObject\",\"inLanguage\":\"pt-BR\",\"@id\":\"https:\\\/\\\/hijasdejesus.org\\\/pt-br\\\/#\\\/schema\\\/logo\\\/image\\\/\",\"url\":\"https:\\\/\\\/hijasdejesus.org\\\/wp-content\\\/uploads\\\/2023\\\/01\\\/Hijas-de-Jesus_hor-A7C957.png\",\"contentUrl\":\"https:\\\/\\\/hijasdejesus.org\\\/wp-content\\\/uploads\\\/2023\\\/01\\\/Hijas-de-Jesus_hor-A7C957.png\",\"width\":700,\"height\":360,\"caption\":\"Hijas de Jes\u00fas\"},\"image\":{\"@id\":\"https:\\\/\\\/hijasdejesus.org\\\/pt-br\\\/#\\\/schema\\\/logo\\\/image\\\/\"},\"sameAs\":[\"https:\\\/\\\/www.facebook.com\\\/hijasdejesusenelmundo\\\/\",\"https:\\\/\\\/x.com\\\/hijasdjesus\"]},{\"@type\":\"Person\",\"@id\":\"https:\\\/\\\/hijasdejesus.org\\\/pt-br\\\/#\\\/schema\\\/person\\\/ce4455965da733f2791f23b6ec14e9b6\",\"name\":\"Webmaster\",\"image\":{\"@type\":\"ImageObject\",\"inLanguage\":\"pt-BR\",\"@id\":\"https:\\\/\\\/secure.gravatar.com\\\/avatar\\\/cfd0acaac86c3981d541d2e99a0ffb7b6d33a5ac8989a62f5518b9e0f7ee128a?s=96&d=mm&r=g\",\"url\":\"https:\\\/\\\/secure.gravatar.com\\\/avatar\\\/cfd0acaac86c3981d541d2e99a0ffb7b6d33a5ac8989a62f5518b9e0f7ee128a?s=96&d=mm&r=g\",\"contentUrl\":\"https:\\\/\\\/secure.gravatar.com\\\/avatar\\\/cfd0acaac86c3981d541d2e99a0ffb7b6d33a5ac8989a62f5518b9e0f7ee128a?s=96&d=mm&r=g\",\"caption\":\"Webmaster\"},\"url\":\"https:\\\/\\\/hijasdejesus.org\\\/pt-br\\\/author\\\/webmaster\\\/\"}]}<\/script>\n<!-- \/ Yoast SEO plugin. -->","yoast_head_json":{"title":"Quaresma - Hijas de Jes\u00fas","robots":{"index":"index","follow":"follow","max-snippet":"max-snippet:-1","max-image-preview":"max-image-preview:large","max-video-preview":"max-video-preview:-1"},"canonical":"https:\/\/hijasdejesus.org\/pt-br\/quaresma\/","og_locale":"pt_BR","og_type":"article","og_title":"Quaresma - Hijas de Jes\u00fas","og_description":"Um tempo revolucion\u00e1rio nos movimenta com a chegada da Quaresma. Esta volta anual e circular da Liturgia acaba por mexer conosco e nos desloca dentro desta singular onda descentralizadora da mente, a quaresma.Sua pretens\u00e3o \u00e9 revolucionar suas distra\u00e7\u00f5es e descuidos, para conduzi-lo por um caminho apaixonante, por um itiner\u00e1rio disciplinado, que contar\u00e1 com suas estridentes [&hellip;]","og_url":"https:\/\/hijasdejesus.org\/pt-br\/quaresma\/","og_site_name":"Hijas de Jes\u00fas","article_publisher":"https:\/\/www.facebook.com\/hijasdejesusenelmundo\/","article_published_time":"2017-03-05T17:36:40+00:00","article_modified_time":"2017-03-08T09:38:40+00:00","og_image":[{"width":388,"height":544,"url":"https:\/\/hijasdejesus.org\/wp-content\/uploads\/2017\/03\/domingo1.jpg","type":"image\/jpeg"}],"author":"Webmaster","twitter_card":"summary_large_image","twitter_creator":"@hijasdjesus","twitter_site":"@hijasdjesus","twitter_misc":{"Escrito por":"Webmaster","Est. tempo de leitura":"6 minutos"},"schema":{"@context":"https:\/\/schema.org","@graph":[{"@type":"Article","@id":"https:\/\/hijasdejesus.org\/pt-br\/quaresma\/#article","isPartOf":{"@id":"https:\/\/hijasdejesus.org\/pt-br\/quaresma\/"},"author":{"name":"Webmaster","@id":"https:\/\/hijasdejesus.org\/pt-br\/#\/schema\/person\/ce4455965da733f2791f23b6ec14e9b6"},"headline":"Quaresma","datePublished":"2017-03-05T17:36:40+00:00","dateModified":"2017-03-08T09:38:40+00:00","mainEntityOfPage":{"@id":"https:\/\/hijasdejesus.org\/pt-br\/quaresma\/"},"wordCount":1113,"publisher":{"@id":"https:\/\/hijasdejesus.org\/pt-br\/#organization"},"image":{"@id":"https:\/\/hijasdejesus.org\/pt-br\/quaresma\/#primaryimage"},"thumbnailUrl":"https:\/\/hijasdejesus.org\/wp-content\/uploads\/2017\/03\/domingo1.jpg","keywords":["Cuaresma"],"articleSection":["Igreja","Not\u00edcias"],"inLanguage":"pt-BR"},{"@type":"WebPage","@id":"https:\/\/hijasdejesus.org\/pt-br\/quaresma\/","url":"https:\/\/hijasdejesus.org\/pt-br\/quaresma\/","name":"Quaresma - Hijas de Jes\u00fas","isPartOf":{"@id":"https:\/\/hijasdejesus.org\/pt-br\/#website"},"primaryImageOfPage":{"@id":"https:\/\/hijasdejesus.org\/pt-br\/quaresma\/#primaryimage"},"image":{"@id":"https:\/\/hijasdejesus.org\/pt-br\/quaresma\/#primaryimage"},"thumbnailUrl":"https:\/\/hijasdejesus.org\/wp-content\/uploads\/2017\/03\/domingo1.jpg","datePublished":"2017-03-05T17:36:40+00:00","dateModified":"2017-03-08T09:38:40+00:00","breadcrumb":{"@id":"https:\/\/hijasdejesus.org\/pt-br\/quaresma\/#breadcrumb"},"inLanguage":"pt-BR","potentialAction":[{"@type":"ReadAction","target":["https:\/\/hijasdejesus.org\/pt-br\/quaresma\/"]}]},{"@type":"ImageObject","inLanguage":"pt-BR","@id":"https:\/\/hijasdejesus.org\/pt-br\/quaresma\/#primaryimage","url":"https:\/\/hijasdejesus.org\/wp-content\/uploads\/2017\/03\/domingo1.jpg","contentUrl":"https:\/\/hijasdejesus.org\/wp-content\/uploads\/2017\/03\/domingo1.jpg","width":388,"height":544},{"@type":"BreadcrumbList","@id":"https:\/\/hijasdejesus.org\/pt-br\/quaresma\/#breadcrumb","itemListElement":[{"@type":"ListItem","position":1,"name":"Portada","item":"https:\/\/hijasdejesus.org\/pt-br\/"},{"@type":"ListItem","position":2,"name":"Quaresma"}]},{"@type":"WebSite","@id":"https:\/\/hijasdejesus.org\/pt-br\/#website","url":"https:\/\/hijasdejesus.org\/pt-br\/","name":"Hijas de Jes\u00fas","description":"Despertamos a Jes\u00fas en el coraz\u00f3n, sacando lo mejor de las personas. Somos una congregaci\u00f3n religiosa ignaciana fundada por la Madre Candida","publisher":{"@id":"https:\/\/hijasdejesus.org\/pt-br\/#organization"},"potentialAction":[{"@type":"SearchAction","target":{"@type":"EntryPoint","urlTemplate":"https:\/\/hijasdejesus.org\/pt-br\/?s={search_term_string}"},"query-input":{"@type":"PropertyValueSpecification","valueRequired":true,"valueName":"search_term_string"}}],"inLanguage":"pt-BR"},{"@type":"Organization","@id":"https:\/\/hijasdejesus.org\/pt-br\/#organization","name":"Hijas de Jes\u00fas","url":"https:\/\/hijasdejesus.org\/pt-br\/","logo":{"@type":"ImageObject","inLanguage":"pt-BR","@id":"https:\/\/hijasdejesus.org\/pt-br\/#\/schema\/logo\/image\/","url":"https:\/\/hijasdejesus.org\/wp-content\/uploads\/2023\/01\/Hijas-de-Jesus_hor-A7C957.png","contentUrl":"https:\/\/hijasdejesus.org\/wp-content\/uploads\/2023\/01\/Hijas-de-Jesus_hor-A7C957.png","width":700,"height":360,"caption":"Hijas de Jes\u00fas"},"image":{"@id":"https:\/\/hijasdejesus.org\/pt-br\/#\/schema\/logo\/image\/"},"sameAs":["https:\/\/www.facebook.com\/hijasdejesusenelmundo\/","https:\/\/x.com\/hijasdjesus"]},{"@type":"Person","@id":"https:\/\/hijasdejesus.org\/pt-br\/#\/schema\/person\/ce4455965da733f2791f23b6ec14e9b6","name":"Webmaster","image":{"@type":"ImageObject","inLanguage":"pt-BR","@id":"https:\/\/secure.gravatar.com\/avatar\/cfd0acaac86c3981d541d2e99a0ffb7b6d33a5ac8989a62f5518b9e0f7ee128a?s=96&d=mm&r=g","url":"https:\/\/secure.gravatar.com\/avatar\/cfd0acaac86c3981d541d2e99a0ffb7b6d33a5ac8989a62f5518b9e0f7ee128a?s=96&d=mm&r=g","contentUrl":"https:\/\/secure.gravatar.com\/avatar\/cfd0acaac86c3981d541d2e99a0ffb7b6d33a5ac8989a62f5518b9e0f7ee128a?s=96&d=mm&r=g","caption":"Webmaster"},"url":"https:\/\/hijasdejesus.org\/pt-br\/author\/webmaster\/"}]}},"_links":{"self":[{"href":"https:\/\/hijasdejesus.org\/pt-br\/wp-json\/wp\/v2\/posts\/28244","targetHints":{"allow":["GET"]}}],"collection":[{"href":"https:\/\/hijasdejesus.org\/pt-br\/wp-json\/wp\/v2\/posts"}],"about":[{"href":"https:\/\/hijasdejesus.org\/pt-br\/wp-json\/wp\/v2\/types\/post"}],"author":[{"embeddable":true,"href":"https:\/\/hijasdejesus.org\/pt-br\/wp-json\/wp\/v2\/users\/28"}],"replies":[{"embeddable":true,"href":"https:\/\/hijasdejesus.org\/pt-br\/wp-json\/wp\/v2\/comments?post=28244"}],"version-history":[{"count":0,"href":"https:\/\/hijasdejesus.org\/pt-br\/wp-json\/wp\/v2\/posts\/28244\/revisions"}],"wp:featuredmedia":[{"embeddable":true,"href":"https:\/\/hijasdejesus.org\/pt-br\/wp-json\/wp\/v2\/media\/8508"}],"wp:attachment":[{"href":"https:\/\/hijasdejesus.org\/pt-br\/wp-json\/wp\/v2\/media?parent=28244"}],"wp:term":[{"taxonomy":"category","embeddable":true,"href":"https:\/\/hijasdejesus.org\/pt-br\/wp-json\/wp\/v2\/categories?post=28244"},{"taxonomy":"post_tag","embeddable":true,"href":"https:\/\/hijasdejesus.org\/pt-br\/wp-json\/wp\/v2\/tags?post=28244"}],"curies":[{"name":"wp","href":"https:\/\/api.w.org\/{rel}","templated":true}]}}