{"id":28247,"date":"2017-03-08T10:46:05","date_gmt":"2017-03-08T09:46:05","guid":{"rendered":"https:\/\/nueva.hijasdejesus.org\/de-mulheres-e-homens-longo-caminho-a-proposito-de-8-de-marco\/"},"modified":"2017-03-08T20:27:16","modified_gmt":"2017-03-08T19:27:16","slug":"de-mulheres-e-homens-longo-caminho-a-proposito-de-8-de-marco","status":"publish","type":"post","link":"https:\/\/hijasdejesus.org\/pt-br\/de-mulheres-e-homens-longo-caminho-a-proposito-de-8-de-marco\/","title":{"rendered":"DE MULHERES E&#8230;HOMENS! LONGO CAMINHO&#8230; A prop\u00f3sito de 8 de Mar\u00e7o"},"content":{"rendered":"<p style=\"text-align: justify;\">Faz tempo que venho refletindo sobre a viol\u00eancia que escutamos, quase diariamente, praticada em mulheres que morrem nas m\u00e3os de seus ex companheiros, inclusive usando os filhos como escudo&#8230; na Espanha 16 desde o in\u00edcio do ano e, infelizmente, a porcentagem em outros pa\u00edses \u00e9 maior. Por que estamos chegando a tais extremos? Por que parece sem fim esta onda de viol\u00eancia que cresce sempre mais? O que estamos fazendo para impedir isto?\u2026Debato-me em meio a mil perguntas e n\u00e3o encontro a resposta mas, nem por isso quero deixar de continuar pensando e oferecendo minhas pr\u00f3prias perguntas caso algu\u00e9m queira se juntar no di\u00e1logo, porque, nesta tarefa como em tantas outras, \u00e9 quest\u00e3o de nos unirmos pois, se tenho alguma clareza, isoladamente n\u00e3o poderei fazer nada. \u00a0<br \/>N\u00e3o ignoro que h\u00e1 um n\u00edvel pol\u00edtico, de leis, de atua\u00e7\u00f5es, de consequ\u00eancias\u2026 que deve ser posto em pr\u00e1tica sem demoras, \u00e9 urgente e priorit\u00e1rio,\u00a0 e isto pode acontecer em n\u00edvel macro, social, pol\u00edtico, jur\u00eddico, legal.<br \/>Mas, cada dia em nossos c\u00edrculos de rela\u00e7\u00f5es, fam\u00edlia, trabalho, amizades, lazer, viagens, leituras\u2026 n\u00e3o podemos fazer nada? A linguagem n\u00e3o \u00e9 indiferente, as mensagens que circulam nas Redes, o poder dos meios de comunica\u00e7\u00e3o t\u00eam uma grande influ\u00eancia e muitas vezes negativa neste tema.<br \/>Celebramos hoje o Dia Internacional da Mulher, o 8 de Mar\u00e7o que comemora um fato sangrento como sabemos. Pessoalmente n\u00e3o gosto de dedicar o \u201cdia de \u2026\u201d como que nos obrigando a ter em considera\u00e7\u00e3o as mulheres, ou o pai, ou a m\u00e3e;\u00a0 mais ainda, me sugere um car\u00e1ter comercial. Por\u00e9m neste caso serve para nos sensibilizar em rela\u00e7\u00e3o \u00e0 igualdade de direitos entre todas as pessoas, a n\u00e3o viver \u201cfrente a\u201d sen\u00e3o \u201cao lado de\u201d, e caminhando juntos homens e mulheres crescermos na consci\u00eancia da realidade t\u00e3o desigual que existe em nosso mundo, e n\u00e3o perdermos a oportunidade de faz\u00ea-lo.<br \/>Seria injusto n\u00e3o reconhecer os passos dados com o esfor\u00e7o imenso de tantas mulheres que foram abrindo espa\u00e7os antes impensados, mas n\u00e3o podemos deixar de ver o longo caminho que ainda temos adiante.<br \/>N\u00e3o nos desanimemos e continuemos sonhando, que \u00e9 o mesmo que continuar lutando pela igualdade; com o compromisso di\u00e1rio, com os pequenos ou grandes acontecimentos que possam ir deixando marcas libertadoras e, como mulheres, aproveitemos todos os espa\u00e7os poss\u00edveis que nos s\u00e3o abertos, portas apenas entreabertas, pequenas frestas para que entre outro ar, n\u00e3o deixar apagar a chama incipiente, mas avivar as brasas quentes, o rescaldo que vai ficando\u2026<br \/>Por\u00e9m com firmeza e n\u00e3o com viol\u00eancia, com convic\u00e7\u00e3o e n\u00e3o com a coa\u00e7\u00e3o, com propostas e ofertas, n\u00e3o com imposi\u00e7\u00f5es agressivas. A persist\u00eancia pac\u00edfica atenta, vigilante; a acolhida dos movimentos que v\u00e3o surgindo em toda parte, o convite para refletir, para levar a s\u00e9rio esta situa\u00e7\u00e3o para crescermos em sensibilidade, para nos deixar afetar e n\u00e3o desprezar pequenos ou grandes fatos com os quais escrever uma nova p\u00e1gina na hist\u00f3ria\u2026 dar\u00e1 seus frutos tornando realidade nossos desejos.<br \/>Nos \u00e2mbitos sociais, pol\u00edticos e eclesiais onde estivermos presentes, ocupemos nosso espa\u00e7o, n\u00e3o o cedamos, abramos cada cen\u00e1rio para que juntos, mulheres e homens, apresentemos um rosto novo que nos regale um mundo de iguais conforme a originalidade que cada pessoa somos e levamos.<\/p>\n<p style=\"text-align: center;\"><strong>Mar\u00eda Luisa Berzosa fi &#8211; Orcasur-Madrid<\/strong><\/p>\n","protected":false},"excerpt":{"rendered":"<p>Faz tempo que venho refletindo sobre a viol\u00eancia que escutamos, quase diariamente, praticada em mulheres que morrem nas m\u00e3os de seus ex companheiros, inclusive usando os filhos como escudo&#8230; na Espanha 16 desde o in\u00edcio do ano e, infelizmente, a porcentagem em outros pa\u00edses \u00e9 maior. Por que estamos chegando a tais extremos? Por que [&hellip;]<\/p>\n","protected":false},"author":28,"featured_media":8516,"comment_status":"closed","ping_status":"closed","sticky":false,"template":"","format":"standard","meta":{"_et_pb_use_builder":"","_et_pb_old_content":"","_et_gb_content_width":"","footnotes":"","_links_to":"","_links_to_target":""},"categories":[742,469],"tags":[],"class_list":["post-28247","post","type-post","status-publish","format-standard","has-post-thumbnail","hentry","category-justica-social","category-noticias-pt-br"],"yoast_head":"<!-- This site is optimized with the Yoast SEO plugin v27.5 - https:\/\/yoast.com\/product\/yoast-seo-wordpress\/ -->\n<title>DE MULHERES E...HOMENS! LONGO CAMINHO... A prop\u00f3sito de 8 de Mar\u00e7o - Hijas de Jes\u00fas<\/title>\n<meta name=\"robots\" content=\"index, follow, max-snippet:-1, max-image-preview:large, max-video-preview:-1\" \/>\n<link rel=\"canonical\" href=\"https:\/\/hijasdejesus.org\/pt-br\/de-mulheres-e-homens-longo-caminho-a-proposito-de-8-de-marco\/\" \/>\n<meta property=\"og:locale\" content=\"pt_BR\" \/>\n<meta property=\"og:type\" content=\"article\" \/>\n<meta property=\"og:title\" content=\"DE MULHERES E...HOMENS! LONGO CAMINHO... A prop\u00f3sito de 8 de Mar\u00e7o - Hijas de Jes\u00fas\" \/>\n<meta property=\"og:description\" content=\"Faz tempo que venho refletindo sobre a viol\u00eancia que escutamos, quase diariamente, praticada em mulheres que morrem nas m\u00e3os de seus ex companheiros, inclusive usando os filhos como escudo&#8230; na Espanha 16 desde o in\u00edcio do ano e, infelizmente, a porcentagem em outros pa\u00edses \u00e9 maior. Por que estamos chegando a tais extremos? Por que [&hellip;]\" \/>\n<meta property=\"og:url\" content=\"https:\/\/hijasdejesus.org\/pt-br\/de-mulheres-e-homens-longo-caminho-a-proposito-de-8-de-marco\/\" \/>\n<meta property=\"og:site_name\" content=\"Hijas de Jes\u00fas\" \/>\n<meta property=\"article:publisher\" content=\"https:\/\/www.facebook.com\/hijasdejesusenelmundo\/\" \/>\n<meta property=\"article:published_time\" content=\"2017-03-08T09:46:05+00:00\" \/>\n<meta property=\"article:modified_time\" content=\"2017-03-08T19:27:16+00:00\" \/>\n<meta property=\"og:image\" content=\"https:\/\/hijasdejesus.org\/wp-content\/uploads\/2017\/03\/camino1.jpg\" \/>\n\t<meta property=\"og:image:width\" content=\"1299\" \/>\n\t<meta property=\"og:image:height\" content=\"974\" \/>\n\t<meta property=\"og:image:type\" content=\"image\/jpeg\" \/>\n<meta name=\"author\" content=\"Webmaster\" \/>\n<meta name=\"twitter:card\" content=\"summary_large_image\" \/>\n<meta name=\"twitter:creator\" content=\"@hijasdjesus\" \/>\n<meta name=\"twitter:site\" content=\"@hijasdjesus\" \/>\n<meta name=\"twitter:label1\" content=\"Escrito por\" \/>\n\t<meta name=\"twitter:data1\" content=\"Webmaster\" \/>\n\t<meta name=\"twitter:label2\" content=\"Est. tempo de leitura\" \/>\n\t<meta name=\"twitter:data2\" content=\"3 minutos\" \/>\n<script type=\"application\/ld+json\" class=\"yoast-schema-graph\">{\"@context\":\"https:\\\/\\\/schema.org\",\"@graph\":[{\"@type\":\"Article\",\"@id\":\"https:\\\/\\\/hijasdejesus.org\\\/pt-br\\\/de-mulheres-e-homens-longo-caminho-a-proposito-de-8-de-marco\\\/#article\",\"isPartOf\":{\"@id\":\"https:\\\/\\\/hijasdejesus.org\\\/pt-br\\\/de-mulheres-e-homens-longo-caminho-a-proposito-de-8-de-marco\\\/\"},\"author\":{\"name\":\"Webmaster\",\"@id\":\"https:\\\/\\\/hijasdejesus.org\\\/pt-br\\\/#\\\/schema\\\/person\\\/ce4455965da733f2791f23b6ec14e9b6\"},\"headline\":\"DE MULHERES E&#8230;HOMENS! LONGO CAMINHO&#8230; A prop\u00f3sito de 8 de Mar\u00e7o\",\"datePublished\":\"2017-03-08T09:46:05+00:00\",\"dateModified\":\"2017-03-08T19:27:16+00:00\",\"mainEntityOfPage\":{\"@id\":\"https:\\\/\\\/hijasdejesus.org\\\/pt-br\\\/de-mulheres-e-homens-longo-caminho-a-proposito-de-8-de-marco\\\/\"},\"wordCount\":616,\"publisher\":{\"@id\":\"https:\\\/\\\/hijasdejesus.org\\\/pt-br\\\/#organization\"},\"image\":{\"@id\":\"https:\\\/\\\/hijasdejesus.org\\\/pt-br\\\/de-mulheres-e-homens-longo-caminho-a-proposito-de-8-de-marco\\\/#primaryimage\"},\"thumbnailUrl\":\"https:\\\/\\\/hijasdejesus.org\\\/wp-content\\\/uploads\\\/2017\\\/03\\\/camino1.jpg\",\"articleSection\":[\"Justi\u00e7a Social\",\"Not\u00edcias\"],\"inLanguage\":\"pt-BR\"},{\"@type\":\"WebPage\",\"@id\":\"https:\\\/\\\/hijasdejesus.org\\\/pt-br\\\/de-mulheres-e-homens-longo-caminho-a-proposito-de-8-de-marco\\\/\",\"url\":\"https:\\\/\\\/hijasdejesus.org\\\/pt-br\\\/de-mulheres-e-homens-longo-caminho-a-proposito-de-8-de-marco\\\/\",\"name\":\"DE MULHERES E...HOMENS! LONGO CAMINHO... A prop\u00f3sito de 8 de Mar\u00e7o - Hijas de Jes\u00fas\",\"isPartOf\":{\"@id\":\"https:\\\/\\\/hijasdejesus.org\\\/pt-br\\\/#website\"},\"primaryImageOfPage\":{\"@id\":\"https:\\\/\\\/hijasdejesus.org\\\/pt-br\\\/de-mulheres-e-homens-longo-caminho-a-proposito-de-8-de-marco\\\/#primaryimage\"},\"image\":{\"@id\":\"https:\\\/\\\/hijasdejesus.org\\\/pt-br\\\/de-mulheres-e-homens-longo-caminho-a-proposito-de-8-de-marco\\\/#primaryimage\"},\"thumbnailUrl\":\"https:\\\/\\\/hijasdejesus.org\\\/wp-content\\\/uploads\\\/2017\\\/03\\\/camino1.jpg\",\"datePublished\":\"2017-03-08T09:46:05+00:00\",\"dateModified\":\"2017-03-08T19:27:16+00:00\",\"breadcrumb\":{\"@id\":\"https:\\\/\\\/hijasdejesus.org\\\/pt-br\\\/de-mulheres-e-homens-longo-caminho-a-proposito-de-8-de-marco\\\/#breadcrumb\"},\"inLanguage\":\"pt-BR\",\"potentialAction\":[{\"@type\":\"ReadAction\",\"target\":[\"https:\\\/\\\/hijasdejesus.org\\\/pt-br\\\/de-mulheres-e-homens-longo-caminho-a-proposito-de-8-de-marco\\\/\"]}]},{\"@type\":\"ImageObject\",\"inLanguage\":\"pt-BR\",\"@id\":\"https:\\\/\\\/hijasdejesus.org\\\/pt-br\\\/de-mulheres-e-homens-longo-caminho-a-proposito-de-8-de-marco\\\/#primaryimage\",\"url\":\"https:\\\/\\\/hijasdejesus.org\\\/wp-content\\\/uploads\\\/2017\\\/03\\\/camino1.jpg\",\"contentUrl\":\"https:\\\/\\\/hijasdejesus.org\\\/wp-content\\\/uploads\\\/2017\\\/03\\\/camino1.jpg\",\"width\":1299,\"height\":974},{\"@type\":\"BreadcrumbList\",\"@id\":\"https:\\\/\\\/hijasdejesus.org\\\/pt-br\\\/de-mulheres-e-homens-longo-caminho-a-proposito-de-8-de-marco\\\/#breadcrumb\",\"itemListElement\":[{\"@type\":\"ListItem\",\"position\":1,\"name\":\"Portada\",\"item\":\"https:\\\/\\\/hijasdejesus.org\\\/pt-br\\\/\"},{\"@type\":\"ListItem\",\"position\":2,\"name\":\"DE MULHERES E&#8230;HOMENS! LONGO CAMINHO&#8230; A prop\u00f3sito de 8 de Mar\u00e7o\"}]},{\"@type\":\"WebSite\",\"@id\":\"https:\\\/\\\/hijasdejesus.org\\\/pt-br\\\/#website\",\"url\":\"https:\\\/\\\/hijasdejesus.org\\\/pt-br\\\/\",\"name\":\"Hijas de Jes\u00fas\",\"description\":\"Despertamos a Jes\u00fas en el coraz\u00f3n, sacando lo mejor de las personas. Somos una congregaci\u00f3n religiosa ignaciana fundada por la Madre Candida\",\"publisher\":{\"@id\":\"https:\\\/\\\/hijasdejesus.org\\\/pt-br\\\/#organization\"},\"potentialAction\":[{\"@type\":\"SearchAction\",\"target\":{\"@type\":\"EntryPoint\",\"urlTemplate\":\"https:\\\/\\\/hijasdejesus.org\\\/pt-br\\\/?s={search_term_string}\"},\"query-input\":{\"@type\":\"PropertyValueSpecification\",\"valueRequired\":true,\"valueName\":\"search_term_string\"}}],\"inLanguage\":\"pt-BR\"},{\"@type\":\"Organization\",\"@id\":\"https:\\\/\\\/hijasdejesus.org\\\/pt-br\\\/#organization\",\"name\":\"Hijas de Jes\u00fas\",\"url\":\"https:\\\/\\\/hijasdejesus.org\\\/pt-br\\\/\",\"logo\":{\"@type\":\"ImageObject\",\"inLanguage\":\"pt-BR\",\"@id\":\"https:\\\/\\\/hijasdejesus.org\\\/pt-br\\\/#\\\/schema\\\/logo\\\/image\\\/\",\"url\":\"https:\\\/\\\/hijasdejesus.org\\\/wp-content\\\/uploads\\\/2023\\\/01\\\/Hijas-de-Jesus_hor-A7C957.png\",\"contentUrl\":\"https:\\\/\\\/hijasdejesus.org\\\/wp-content\\\/uploads\\\/2023\\\/01\\\/Hijas-de-Jesus_hor-A7C957.png\",\"width\":700,\"height\":360,\"caption\":\"Hijas de Jes\u00fas\"},\"image\":{\"@id\":\"https:\\\/\\\/hijasdejesus.org\\\/pt-br\\\/#\\\/schema\\\/logo\\\/image\\\/\"},\"sameAs\":[\"https:\\\/\\\/www.facebook.com\\\/hijasdejesusenelmundo\\\/\",\"https:\\\/\\\/x.com\\\/hijasdjesus\"]},{\"@type\":\"Person\",\"@id\":\"https:\\\/\\\/hijasdejesus.org\\\/pt-br\\\/#\\\/schema\\\/person\\\/ce4455965da733f2791f23b6ec14e9b6\",\"name\":\"Webmaster\",\"image\":{\"@type\":\"ImageObject\",\"inLanguage\":\"pt-BR\",\"@id\":\"https:\\\/\\\/secure.gravatar.com\\\/avatar\\\/cfd0acaac86c3981d541d2e99a0ffb7b6d33a5ac8989a62f5518b9e0f7ee128a?s=96&d=mm&r=g\",\"url\":\"https:\\\/\\\/secure.gravatar.com\\\/avatar\\\/cfd0acaac86c3981d541d2e99a0ffb7b6d33a5ac8989a62f5518b9e0f7ee128a?s=96&d=mm&r=g\",\"contentUrl\":\"https:\\\/\\\/secure.gravatar.com\\\/avatar\\\/cfd0acaac86c3981d541d2e99a0ffb7b6d33a5ac8989a62f5518b9e0f7ee128a?s=96&d=mm&r=g\",\"caption\":\"Webmaster\"},\"url\":\"https:\\\/\\\/hijasdejesus.org\\\/pt-br\\\/author\\\/webmaster\\\/\"}]}<\/script>\n<!-- \/ Yoast SEO plugin. -->","yoast_head_json":{"title":"DE MULHERES E...HOMENS! LONGO CAMINHO... A prop\u00f3sito de 8 de Mar\u00e7o - Hijas de Jes\u00fas","robots":{"index":"index","follow":"follow","max-snippet":"max-snippet:-1","max-image-preview":"max-image-preview:large","max-video-preview":"max-video-preview:-1"},"canonical":"https:\/\/hijasdejesus.org\/pt-br\/de-mulheres-e-homens-longo-caminho-a-proposito-de-8-de-marco\/","og_locale":"pt_BR","og_type":"article","og_title":"DE MULHERES E...HOMENS! LONGO CAMINHO... A prop\u00f3sito de 8 de Mar\u00e7o - Hijas de Jes\u00fas","og_description":"Faz tempo que venho refletindo sobre a viol\u00eancia que escutamos, quase diariamente, praticada em mulheres que morrem nas m\u00e3os de seus ex companheiros, inclusive usando os filhos como escudo&#8230; na Espanha 16 desde o in\u00edcio do ano e, infelizmente, a porcentagem em outros pa\u00edses \u00e9 maior. Por que estamos chegando a tais extremos? Por que [&hellip;]","og_url":"https:\/\/hijasdejesus.org\/pt-br\/de-mulheres-e-homens-longo-caminho-a-proposito-de-8-de-marco\/","og_site_name":"Hijas de Jes\u00fas","article_publisher":"https:\/\/www.facebook.com\/hijasdejesusenelmundo\/","article_published_time":"2017-03-08T09:46:05+00:00","article_modified_time":"2017-03-08T19:27:16+00:00","og_image":[{"width":1299,"height":974,"url":"https:\/\/hijasdejesus.org\/wp-content\/uploads\/2017\/03\/camino1.jpg","type":"image\/jpeg"}],"author":"Webmaster","twitter_card":"summary_large_image","twitter_creator":"@hijasdjesus","twitter_site":"@hijasdjesus","twitter_misc":{"Escrito por":"Webmaster","Est. tempo de leitura":"3 minutos"},"schema":{"@context":"https:\/\/schema.org","@graph":[{"@type":"Article","@id":"https:\/\/hijasdejesus.org\/pt-br\/de-mulheres-e-homens-longo-caminho-a-proposito-de-8-de-marco\/#article","isPartOf":{"@id":"https:\/\/hijasdejesus.org\/pt-br\/de-mulheres-e-homens-longo-caminho-a-proposito-de-8-de-marco\/"},"author":{"name":"Webmaster","@id":"https:\/\/hijasdejesus.org\/pt-br\/#\/schema\/person\/ce4455965da733f2791f23b6ec14e9b6"},"headline":"DE MULHERES E&#8230;HOMENS! LONGO CAMINHO&#8230; A prop\u00f3sito de 8 de Mar\u00e7o","datePublished":"2017-03-08T09:46:05+00:00","dateModified":"2017-03-08T19:27:16+00:00","mainEntityOfPage":{"@id":"https:\/\/hijasdejesus.org\/pt-br\/de-mulheres-e-homens-longo-caminho-a-proposito-de-8-de-marco\/"},"wordCount":616,"publisher":{"@id":"https:\/\/hijasdejesus.org\/pt-br\/#organization"},"image":{"@id":"https:\/\/hijasdejesus.org\/pt-br\/de-mulheres-e-homens-longo-caminho-a-proposito-de-8-de-marco\/#primaryimage"},"thumbnailUrl":"https:\/\/hijasdejesus.org\/wp-content\/uploads\/2017\/03\/camino1.jpg","articleSection":["Justi\u00e7a Social","Not\u00edcias"],"inLanguage":"pt-BR"},{"@type":"WebPage","@id":"https:\/\/hijasdejesus.org\/pt-br\/de-mulheres-e-homens-longo-caminho-a-proposito-de-8-de-marco\/","url":"https:\/\/hijasdejesus.org\/pt-br\/de-mulheres-e-homens-longo-caminho-a-proposito-de-8-de-marco\/","name":"DE MULHERES E...HOMENS! LONGO CAMINHO... A prop\u00f3sito de 8 de Mar\u00e7o - Hijas de Jes\u00fas","isPartOf":{"@id":"https:\/\/hijasdejesus.org\/pt-br\/#website"},"primaryImageOfPage":{"@id":"https:\/\/hijasdejesus.org\/pt-br\/de-mulheres-e-homens-longo-caminho-a-proposito-de-8-de-marco\/#primaryimage"},"image":{"@id":"https:\/\/hijasdejesus.org\/pt-br\/de-mulheres-e-homens-longo-caminho-a-proposito-de-8-de-marco\/#primaryimage"},"thumbnailUrl":"https:\/\/hijasdejesus.org\/wp-content\/uploads\/2017\/03\/camino1.jpg","datePublished":"2017-03-08T09:46:05+00:00","dateModified":"2017-03-08T19:27:16+00:00","breadcrumb":{"@id":"https:\/\/hijasdejesus.org\/pt-br\/de-mulheres-e-homens-longo-caminho-a-proposito-de-8-de-marco\/#breadcrumb"},"inLanguage":"pt-BR","potentialAction":[{"@type":"ReadAction","target":["https:\/\/hijasdejesus.org\/pt-br\/de-mulheres-e-homens-longo-caminho-a-proposito-de-8-de-marco\/"]}]},{"@type":"ImageObject","inLanguage":"pt-BR","@id":"https:\/\/hijasdejesus.org\/pt-br\/de-mulheres-e-homens-longo-caminho-a-proposito-de-8-de-marco\/#primaryimage","url":"https:\/\/hijasdejesus.org\/wp-content\/uploads\/2017\/03\/camino1.jpg","contentUrl":"https:\/\/hijasdejesus.org\/wp-content\/uploads\/2017\/03\/camino1.jpg","width":1299,"height":974},{"@type":"BreadcrumbList","@id":"https:\/\/hijasdejesus.org\/pt-br\/de-mulheres-e-homens-longo-caminho-a-proposito-de-8-de-marco\/#breadcrumb","itemListElement":[{"@type":"ListItem","position":1,"name":"Portada","item":"https:\/\/hijasdejesus.org\/pt-br\/"},{"@type":"ListItem","position":2,"name":"DE MULHERES E&#8230;HOMENS! LONGO CAMINHO&#8230; A prop\u00f3sito de 8 de Mar\u00e7o"}]},{"@type":"WebSite","@id":"https:\/\/hijasdejesus.org\/pt-br\/#website","url":"https:\/\/hijasdejesus.org\/pt-br\/","name":"Hijas de Jes\u00fas","description":"Despertamos a Jes\u00fas en el coraz\u00f3n, sacando lo mejor de las personas. Somos una congregaci\u00f3n religiosa ignaciana fundada por la Madre Candida","publisher":{"@id":"https:\/\/hijasdejesus.org\/pt-br\/#organization"},"potentialAction":[{"@type":"SearchAction","target":{"@type":"EntryPoint","urlTemplate":"https:\/\/hijasdejesus.org\/pt-br\/?s={search_term_string}"},"query-input":{"@type":"PropertyValueSpecification","valueRequired":true,"valueName":"search_term_string"}}],"inLanguage":"pt-BR"},{"@type":"Organization","@id":"https:\/\/hijasdejesus.org\/pt-br\/#organization","name":"Hijas de Jes\u00fas","url":"https:\/\/hijasdejesus.org\/pt-br\/","logo":{"@type":"ImageObject","inLanguage":"pt-BR","@id":"https:\/\/hijasdejesus.org\/pt-br\/#\/schema\/logo\/image\/","url":"https:\/\/hijasdejesus.org\/wp-content\/uploads\/2023\/01\/Hijas-de-Jesus_hor-A7C957.png","contentUrl":"https:\/\/hijasdejesus.org\/wp-content\/uploads\/2023\/01\/Hijas-de-Jesus_hor-A7C957.png","width":700,"height":360,"caption":"Hijas de Jes\u00fas"},"image":{"@id":"https:\/\/hijasdejesus.org\/pt-br\/#\/schema\/logo\/image\/"},"sameAs":["https:\/\/www.facebook.com\/hijasdejesusenelmundo\/","https:\/\/x.com\/hijasdjesus"]},{"@type":"Person","@id":"https:\/\/hijasdejesus.org\/pt-br\/#\/schema\/person\/ce4455965da733f2791f23b6ec14e9b6","name":"Webmaster","image":{"@type":"ImageObject","inLanguage":"pt-BR","@id":"https:\/\/secure.gravatar.com\/avatar\/cfd0acaac86c3981d541d2e99a0ffb7b6d33a5ac8989a62f5518b9e0f7ee128a?s=96&d=mm&r=g","url":"https:\/\/secure.gravatar.com\/avatar\/cfd0acaac86c3981d541d2e99a0ffb7b6d33a5ac8989a62f5518b9e0f7ee128a?s=96&d=mm&r=g","contentUrl":"https:\/\/secure.gravatar.com\/avatar\/cfd0acaac86c3981d541d2e99a0ffb7b6d33a5ac8989a62f5518b9e0f7ee128a?s=96&d=mm&r=g","caption":"Webmaster"},"url":"https:\/\/hijasdejesus.org\/pt-br\/author\/webmaster\/"}]}},"_links":{"self":[{"href":"https:\/\/hijasdejesus.org\/pt-br\/wp-json\/wp\/v2\/posts\/28247","targetHints":{"allow":["GET"]}}],"collection":[{"href":"https:\/\/hijasdejesus.org\/pt-br\/wp-json\/wp\/v2\/posts"}],"about":[{"href":"https:\/\/hijasdejesus.org\/pt-br\/wp-json\/wp\/v2\/types\/post"}],"author":[{"embeddable":true,"href":"https:\/\/hijasdejesus.org\/pt-br\/wp-json\/wp\/v2\/users\/28"}],"replies":[{"embeddable":true,"href":"https:\/\/hijasdejesus.org\/pt-br\/wp-json\/wp\/v2\/comments?post=28247"}],"version-history":[{"count":0,"href":"https:\/\/hijasdejesus.org\/pt-br\/wp-json\/wp\/v2\/posts\/28247\/revisions"}],"wp:featuredmedia":[{"embeddable":true,"href":"https:\/\/hijasdejesus.org\/pt-br\/wp-json\/wp\/v2\/media\/8516"}],"wp:attachment":[{"href":"https:\/\/hijasdejesus.org\/pt-br\/wp-json\/wp\/v2\/media?parent=28247"}],"wp:term":[{"taxonomy":"category","embeddable":true,"href":"https:\/\/hijasdejesus.org\/pt-br\/wp-json\/wp\/v2\/categories?post=28247"},{"taxonomy":"post_tag","embeddable":true,"href":"https:\/\/hijasdejesus.org\/pt-br\/wp-json\/wp\/v2\/tags?post=28247"}],"curies":[{"name":"wp","href":"https:\/\/api.w.org\/{rel}","templated":true}]}}