{"id":28265,"date":"2017-03-14T11:36:09","date_gmt":"2017-03-14T10:36:09","guid":{"rendered":"https:\/\/nueva.hijasdejesus.org\/retiro-espiritual-aos-professores-de-potosi\/"},"modified":"2017-03-15T12:29:47","modified_gmt":"2017-03-15T11:29:47","slug":"retiro-espiritual-aos-professores-de-potosi","status":"publish","type":"post","link":"https:\/\/hijasdejesus.org\/pt-br\/retiro-espiritual-aos-professores-de-potosi\/","title":{"rendered":"Retiro espiritual aos professores de Potos\u00ed"},"content":{"rendered":"<p style=\"text-align: justify;\">Como todos os anos, depois de algumas semanas do in\u00edcio das aulas, os professores de San Clemente tivemos um dia de retiro espiritual. Neste ano o retiro aconteceu dia 10 de mar\u00e7o na localidade de Molino \u2013 Potos\u00ed. Uniram-se ao retiro os do Instituto San Ignacio, um lugar privilegiado que se tem para esta experi\u00eancia. O retiro foi orientado por Rommy Villarroel fi com tr\u00eas pontos dos Exerc\u00edcios Espirituais, o Princ\u00edpio e fundamento de nossa vida, Deus misericordioso e n\u00f3s pecadores, por\u00e9m chamados por Deus. Depois vimos o filme \u201cLa vida de Pi\u201d que muito nos ajudou a entrar e compreender a experi\u00eancia de Deus em nossas vidas.<\/p>\n<p style=\"text-align: justify;\"><img loading=\"lazy\" decoding=\"async\" class=\"pull-left size-full wp-image-8568\" src=\"https:\/\/hijasdejesus.org\/wp-content\/uploads\/2017\/03\/potosi_retiroprofes1.jpg\" alt=\"\" width=\"195\" height=\"278\" srcset=\"https:\/\/hijasdejesus.org\/wp-content\/uploads\/2017\/03\/potosi_retiroprofes1.jpg 286w, https:\/\/hijasdejesus.org\/wp-content\/uploads\/2017\/03\/potosi_retiroprofes1-210x300.jpg 210w\" sizes=\"(max-width: 195px) 100vw, 195px\" \/>Partilhamos algumas resson\u00e2ncias do retiro:<em><br \/>Momentos que nos ajudaram: as reflex\u00f5es ajudadas pelas passagens b\u00edblicas, o encontro com meu eu; apesar de sermos diferentes somos obras de Deus e podemos ser instrumentos para guiar e acompanhar outras pessoas com nossas qualidades e imperfei\u00e7\u00f5es. <br \/>Minha mensagem: uma experi\u00eancia \u00fanica! Reencontrei-me comigo mesmo e com nosso Criador, que \u00e9 capaz de chegar ao nosso ser atrav\u00e9s de sua palavra e que fortalece o esp\u00edrito. De verdade todos os docentes somos capazes, mesmo com nossas imperfei\u00e7\u00f5es, de moldar PESSOAS, portanto, \u00e2nimo colegas, somos artistas na vida dos demais!\u00a0<\/em><strong> (Prof. Cesar Vargas).<\/strong><em><br \/>Em 10 de mar\u00e7o os professores fomos ao Molino para um retiro com a finalidade de uma renova\u00e7\u00e3o pessoal: um encontro com a natureza, com nossa alma e sobretudo, com Deus. Uma experi\u00eancia que muitas vezes esquecemos, por diversos motivos, mas que nos ajuda a pensar em nosso passado, presente e futuro. Deus cuida tanto de n\u00f3s que nos faz viver coisas boas e experi\u00eancias duras para que possamos aprender, crescer e fortalecer nossa f\u00e9. <\/em><strong>(Prof. Melina C\u00f3rdova).<\/strong><em><br \/>O mais significativo \u00e9 o encontro com Deus e comigo mesma. Aprender a partilhar, escutar e compreender, sobretudo aprender a nos querermos bem. Dizemos que os valores est\u00e3o perdidos, mas na realidade somos n\u00f3s que estamos perdidos e se n\u00e3o nos recuperamos, tudo ficar\u00e1 perdido. Lutarei por recuperar a f\u00e9, o amor e a alegria.<br \/><\/em><\/p>\n<p><img loading=\"lazy\" decoding=\"async\" class=\"pull-center size-full wp-image-8570\" style=\"display: block; margin-left: auto; margin-right: auto;\" src=\"https:\/\/hijasdejesus.org\/wp-content\/uploads\/2017\/03\/potosi_retiroprofes3.jpg\" alt=\"\" width=\"803\" height=\"414\" srcset=\"https:\/\/hijasdejesus.org\/wp-content\/uploads\/2017\/03\/potosi_retiroprofes3.jpg 803w, https:\/\/hijasdejesus.org\/wp-content\/uploads\/2017\/03\/potosi_retiroprofes3-480x247.jpg 480w\" sizes=\"(min-width: 0px) and (max-width: 480px) 480px, (min-width: 481px) 803px, 100vw\" \/><br \/><em>O retiro ajudou-me bastante no crescimento espiritual: as cita\u00e7\u00f5es b\u00edblicas e outras leituras complementares. Saber que o Senhor est\u00e1 comigo em todo momento e n\u00e3o me deixa s\u00f3, como na vida de Pi. Agrade\u00e7o muito \u00e0s Filhas de Jesus por nos brindar este espa\u00e7o, e por nos dar tudo o que aprendem. Agradecer \u00e0 Ir. Rommy por ser facilitadora com simplicidade, proximidade e profundidade. Obrigada <\/em><strong>(Prof. Nelly Estrada).<\/strong><br \/><em>Ajudaram-me muito os momentos de ora\u00e7\u00e3o pessoal com as guias que Ir. Rommy nos deu para falar e me encontrar com Deus. Tamb\u00e9m foram significativas as reflex\u00f5es em grupo, ao escutar as experi\u00eancias de outras pessoas. Volto fortalecido \u00e0 minha vida di\u00e1ria, e esperan\u00e7oso para que a equipe de educadores desperte \u201co melhor\u201d em nossos alunos<\/em><strong> (Prof. Ra\u00fal Velasco).<\/strong><\/p>\n<p><img loading=\"lazy\" decoding=\"async\" class=\"pull-center size-full wp-image-8572\" style=\"display: block; margin-left: auto; margin-right: auto;\" src=\"https:\/\/hijasdejesus.org\/wp-content\/uploads\/2017\/03\/potosi_retiroprofes2.jpg\" alt=\"\" width=\"1280\" height=\"719\" srcset=\"https:\/\/hijasdejesus.org\/wp-content\/uploads\/2017\/03\/potosi_retiroprofes2.jpg 1280w, https:\/\/hijasdejesus.org\/wp-content\/uploads\/2017\/03\/potosi_retiroprofes2-980x550.jpg 980w, https:\/\/hijasdejesus.org\/wp-content\/uploads\/2017\/03\/potosi_retiroprofes2-480x270.jpg 480w\" sizes=\"(min-width: 0px) and (max-width: 480px) 480px, (min-width: 481px) and (max-width: 980px) 980px, (min-width: 981px) 1280px, 100vw\" \/><\/p>\n<p style=\"text-align: justify;\">Simplesmente agradecemos a Deus por tanto bem recebido, \u00e0s Filhas de Jesus por nos facilitar um espa\u00e7o de encontro pessoal, e em especial \u00e0s irm\u00e3s que est\u00e3o em Potos\u00ed acompanhando-nos na forma\u00e7\u00e3o como educadores.<\/p>\n<p style=\"text-align: center;\"><strong>Educadores de Potos\u00ed<\/strong><\/p>\n","protected":false},"excerpt":{"rendered":"<p>Como todos os anos, depois de algumas semanas do in\u00edcio das aulas, os professores de San Clemente tivemos um dia de retiro espiritual. Neste ano o retiro aconteceu dia 10 de mar\u00e7o na localidade de Molino \u2013 Potos\u00ed. Uniram-se ao retiro os do Instituto San Ignacio, um lugar privilegiado que se tem para esta experi\u00eancia. [&hellip;]<\/p>\n","protected":false},"author":28,"featured_media":8566,"comment_status":"closed","ping_status":"closed","sticky":false,"template":"","format":"standard","meta":{"_et_pb_use_builder":"","_et_pb_old_content":"","_et_gb_content_width":"","footnotes":"","_links_to":"","_links_to_target":""},"categories":[483,503,517,469],"tags":[],"class_list":["post-28265","post","type-post","status-publish","format-standard","has-post-thumbnail","hentry","category-america-andina-pt-br","category-bolivia-pt-br","category-educacao","category-noticias-pt-br"],"yoast_head":"<!-- This site is optimized with the Yoast SEO plugin v27.5 - https:\/\/yoast.com\/product\/yoast-seo-wordpress\/ -->\n<title>Retiro espiritual aos professores de Potos\u00ed - Hijas de Jes\u00fas<\/title>\n<meta name=\"robots\" content=\"index, follow, max-snippet:-1, max-image-preview:large, max-video-preview:-1\" \/>\n<link rel=\"canonical\" href=\"https:\/\/hijasdejesus.org\/pt-br\/retiro-espiritual-aos-professores-de-potosi\/\" \/>\n<meta property=\"og:locale\" content=\"pt_BR\" \/>\n<meta property=\"og:type\" content=\"article\" \/>\n<meta property=\"og:title\" content=\"Retiro espiritual aos professores de Potos\u00ed - Hijas de Jes\u00fas\" \/>\n<meta property=\"og:description\" content=\"Como todos os anos, depois de algumas semanas do in\u00edcio das aulas, os professores de San Clemente tivemos um dia de retiro espiritual. Neste ano o retiro aconteceu dia 10 de mar\u00e7o na localidade de Molino \u2013 Potos\u00ed. Uniram-se ao retiro os do Instituto San Ignacio, um lugar privilegiado que se tem para esta experi\u00eancia. [&hellip;]\" \/>\n<meta property=\"og:url\" content=\"https:\/\/hijasdejesus.org\/pt-br\/retiro-espiritual-aos-professores-de-potosi\/\" \/>\n<meta property=\"og:site_name\" content=\"Hijas de Jes\u00fas\" \/>\n<meta property=\"article:publisher\" content=\"https:\/\/www.facebook.com\/hijasdejesusenelmundo\/\" \/>\n<meta property=\"article:published_time\" content=\"2017-03-14T10:36:09+00:00\" \/>\n<meta property=\"article:modified_time\" content=\"2017-03-15T11:29:47+00:00\" \/>\n<meta property=\"og:image\" content=\"https:\/\/hijasdejesus.org\/wp-content\/uploads\/2017\/03\/potosi_retiroprofes4.jpg\" \/>\n\t<meta property=\"og:image:width\" content=\"556\" \/>\n\t<meta property=\"og:image:height\" content=\"557\" \/>\n\t<meta property=\"og:image:type\" content=\"image\/jpeg\" \/>\n<meta name=\"author\" content=\"Webmaster\" \/>\n<meta name=\"twitter:card\" content=\"summary_large_image\" \/>\n<meta name=\"twitter:creator\" content=\"@hijasdjesus\" \/>\n<meta name=\"twitter:site\" content=\"@hijasdjesus\" \/>\n<meta name=\"twitter:label1\" content=\"Escrito por\" \/>\n\t<meta name=\"twitter:data1\" content=\"Webmaster\" \/>\n\t<meta name=\"twitter:label2\" content=\"Est. tempo de leitura\" \/>\n\t<meta name=\"twitter:data2\" content=\"3 minutos\" \/>\n<script type=\"application\/ld+json\" class=\"yoast-schema-graph\">{\"@context\":\"https:\\\/\\\/schema.org\",\"@graph\":[{\"@type\":\"Article\",\"@id\":\"https:\\\/\\\/hijasdejesus.org\\\/pt-br\\\/retiro-espiritual-aos-professores-de-potosi\\\/#article\",\"isPartOf\":{\"@id\":\"https:\\\/\\\/hijasdejesus.org\\\/pt-br\\\/retiro-espiritual-aos-professores-de-potosi\\\/\"},\"author\":{\"name\":\"Webmaster\",\"@id\":\"https:\\\/\\\/hijasdejesus.org\\\/pt-br\\\/#\\\/schema\\\/person\\\/ce4455965da733f2791f23b6ec14e9b6\"},\"headline\":\"Retiro espiritual aos professores de Potos\u00ed\",\"datePublished\":\"2017-03-14T10:36:09+00:00\",\"dateModified\":\"2017-03-15T11:29:47+00:00\",\"mainEntityOfPage\":{\"@id\":\"https:\\\/\\\/hijasdejesus.org\\\/pt-br\\\/retiro-espiritual-aos-professores-de-potosi\\\/\"},\"wordCount\":544,\"publisher\":{\"@id\":\"https:\\\/\\\/hijasdejesus.org\\\/pt-br\\\/#organization\"},\"image\":{\"@id\":\"https:\\\/\\\/hijasdejesus.org\\\/pt-br\\\/retiro-espiritual-aos-professores-de-potosi\\\/#primaryimage\"},\"thumbnailUrl\":\"https:\\\/\\\/hijasdejesus.org\\\/wp-content\\\/uploads\\\/2017\\\/03\\\/potosi_retiroprofes4.jpg\",\"articleSection\":[\"Am\u00e9rica Andina\",\"Bol\u00edvia\",\"Educa\u00e7\u00e3o\",\"Not\u00edcias\"],\"inLanguage\":\"pt-BR\"},{\"@type\":\"WebPage\",\"@id\":\"https:\\\/\\\/hijasdejesus.org\\\/pt-br\\\/retiro-espiritual-aos-professores-de-potosi\\\/\",\"url\":\"https:\\\/\\\/hijasdejesus.org\\\/pt-br\\\/retiro-espiritual-aos-professores-de-potosi\\\/\",\"name\":\"Retiro espiritual aos professores de Potos\u00ed - Hijas de Jes\u00fas\",\"isPartOf\":{\"@id\":\"https:\\\/\\\/hijasdejesus.org\\\/pt-br\\\/#website\"},\"primaryImageOfPage\":{\"@id\":\"https:\\\/\\\/hijasdejesus.org\\\/pt-br\\\/retiro-espiritual-aos-professores-de-potosi\\\/#primaryimage\"},\"image\":{\"@id\":\"https:\\\/\\\/hijasdejesus.org\\\/pt-br\\\/retiro-espiritual-aos-professores-de-potosi\\\/#primaryimage\"},\"thumbnailUrl\":\"https:\\\/\\\/hijasdejesus.org\\\/wp-content\\\/uploads\\\/2017\\\/03\\\/potosi_retiroprofes4.jpg\",\"datePublished\":\"2017-03-14T10:36:09+00:00\",\"dateModified\":\"2017-03-15T11:29:47+00:00\",\"breadcrumb\":{\"@id\":\"https:\\\/\\\/hijasdejesus.org\\\/pt-br\\\/retiro-espiritual-aos-professores-de-potosi\\\/#breadcrumb\"},\"inLanguage\":\"pt-BR\",\"potentialAction\":[{\"@type\":\"ReadAction\",\"target\":[\"https:\\\/\\\/hijasdejesus.org\\\/pt-br\\\/retiro-espiritual-aos-professores-de-potosi\\\/\"]}]},{\"@type\":\"ImageObject\",\"inLanguage\":\"pt-BR\",\"@id\":\"https:\\\/\\\/hijasdejesus.org\\\/pt-br\\\/retiro-espiritual-aos-professores-de-potosi\\\/#primaryimage\",\"url\":\"https:\\\/\\\/hijasdejesus.org\\\/wp-content\\\/uploads\\\/2017\\\/03\\\/potosi_retiroprofes4.jpg\",\"contentUrl\":\"https:\\\/\\\/hijasdejesus.org\\\/wp-content\\\/uploads\\\/2017\\\/03\\\/potosi_retiroprofes4.jpg\",\"width\":556,\"height\":557},{\"@type\":\"BreadcrumbList\",\"@id\":\"https:\\\/\\\/hijasdejesus.org\\\/pt-br\\\/retiro-espiritual-aos-professores-de-potosi\\\/#breadcrumb\",\"itemListElement\":[{\"@type\":\"ListItem\",\"position\":1,\"name\":\"Portada\",\"item\":\"https:\\\/\\\/hijasdejesus.org\\\/pt-br\\\/\"},{\"@type\":\"ListItem\",\"position\":2,\"name\":\"Retiro espiritual aos professores de Potos\u00ed\"}]},{\"@type\":\"WebSite\",\"@id\":\"https:\\\/\\\/hijasdejesus.org\\\/pt-br\\\/#website\",\"url\":\"https:\\\/\\\/hijasdejesus.org\\\/pt-br\\\/\",\"name\":\"Hijas de Jes\u00fas\",\"description\":\"Despertamos a Jes\u00fas en el coraz\u00f3n, sacando lo mejor de las personas. Somos una congregaci\u00f3n religiosa ignaciana fundada por la Madre Candida\",\"publisher\":{\"@id\":\"https:\\\/\\\/hijasdejesus.org\\\/pt-br\\\/#organization\"},\"potentialAction\":[{\"@type\":\"SearchAction\",\"target\":{\"@type\":\"EntryPoint\",\"urlTemplate\":\"https:\\\/\\\/hijasdejesus.org\\\/pt-br\\\/?s={search_term_string}\"},\"query-input\":{\"@type\":\"PropertyValueSpecification\",\"valueRequired\":true,\"valueName\":\"search_term_string\"}}],\"inLanguage\":\"pt-BR\"},{\"@type\":\"Organization\",\"@id\":\"https:\\\/\\\/hijasdejesus.org\\\/pt-br\\\/#organization\",\"name\":\"Hijas de Jes\u00fas\",\"url\":\"https:\\\/\\\/hijasdejesus.org\\\/pt-br\\\/\",\"logo\":{\"@type\":\"ImageObject\",\"inLanguage\":\"pt-BR\",\"@id\":\"https:\\\/\\\/hijasdejesus.org\\\/pt-br\\\/#\\\/schema\\\/logo\\\/image\\\/\",\"url\":\"https:\\\/\\\/hijasdejesus.org\\\/wp-content\\\/uploads\\\/2023\\\/01\\\/Hijas-de-Jesus_hor-A7C957.png\",\"contentUrl\":\"https:\\\/\\\/hijasdejesus.org\\\/wp-content\\\/uploads\\\/2023\\\/01\\\/Hijas-de-Jesus_hor-A7C957.png\",\"width\":700,\"height\":360,\"caption\":\"Hijas de Jes\u00fas\"},\"image\":{\"@id\":\"https:\\\/\\\/hijasdejesus.org\\\/pt-br\\\/#\\\/schema\\\/logo\\\/image\\\/\"},\"sameAs\":[\"https:\\\/\\\/www.facebook.com\\\/hijasdejesusenelmundo\\\/\",\"https:\\\/\\\/x.com\\\/hijasdjesus\"]},{\"@type\":\"Person\",\"@id\":\"https:\\\/\\\/hijasdejesus.org\\\/pt-br\\\/#\\\/schema\\\/person\\\/ce4455965da733f2791f23b6ec14e9b6\",\"name\":\"Webmaster\",\"image\":{\"@type\":\"ImageObject\",\"inLanguage\":\"pt-BR\",\"@id\":\"https:\\\/\\\/secure.gravatar.com\\\/avatar\\\/cfd0acaac86c3981d541d2e99a0ffb7b6d33a5ac8989a62f5518b9e0f7ee128a?s=96&d=mm&r=g\",\"url\":\"https:\\\/\\\/secure.gravatar.com\\\/avatar\\\/cfd0acaac86c3981d541d2e99a0ffb7b6d33a5ac8989a62f5518b9e0f7ee128a?s=96&d=mm&r=g\",\"contentUrl\":\"https:\\\/\\\/secure.gravatar.com\\\/avatar\\\/cfd0acaac86c3981d541d2e99a0ffb7b6d33a5ac8989a62f5518b9e0f7ee128a?s=96&d=mm&r=g\",\"caption\":\"Webmaster\"},\"url\":\"https:\\\/\\\/hijasdejesus.org\\\/pt-br\\\/author\\\/webmaster\\\/\"}]}<\/script>\n<!-- \/ Yoast SEO plugin. -->","yoast_head_json":{"title":"Retiro espiritual aos professores de Potos\u00ed - Hijas de Jes\u00fas","robots":{"index":"index","follow":"follow","max-snippet":"max-snippet:-1","max-image-preview":"max-image-preview:large","max-video-preview":"max-video-preview:-1"},"canonical":"https:\/\/hijasdejesus.org\/pt-br\/retiro-espiritual-aos-professores-de-potosi\/","og_locale":"pt_BR","og_type":"article","og_title":"Retiro espiritual aos professores de Potos\u00ed - Hijas de Jes\u00fas","og_description":"Como todos os anos, depois de algumas semanas do in\u00edcio das aulas, os professores de San Clemente tivemos um dia de retiro espiritual. Neste ano o retiro aconteceu dia 10 de mar\u00e7o na localidade de Molino \u2013 Potos\u00ed. Uniram-se ao retiro os do Instituto San Ignacio, um lugar privilegiado que se tem para esta experi\u00eancia. [&hellip;]","og_url":"https:\/\/hijasdejesus.org\/pt-br\/retiro-espiritual-aos-professores-de-potosi\/","og_site_name":"Hijas de Jes\u00fas","article_publisher":"https:\/\/www.facebook.com\/hijasdejesusenelmundo\/","article_published_time":"2017-03-14T10:36:09+00:00","article_modified_time":"2017-03-15T11:29:47+00:00","og_image":[{"width":556,"height":557,"url":"https:\/\/hijasdejesus.org\/wp-content\/uploads\/2017\/03\/potosi_retiroprofes4.jpg","type":"image\/jpeg"}],"author":"Webmaster","twitter_card":"summary_large_image","twitter_creator":"@hijasdjesus","twitter_site":"@hijasdjesus","twitter_misc":{"Escrito por":"Webmaster","Est. tempo de leitura":"3 minutos"},"schema":{"@context":"https:\/\/schema.org","@graph":[{"@type":"Article","@id":"https:\/\/hijasdejesus.org\/pt-br\/retiro-espiritual-aos-professores-de-potosi\/#article","isPartOf":{"@id":"https:\/\/hijasdejesus.org\/pt-br\/retiro-espiritual-aos-professores-de-potosi\/"},"author":{"name":"Webmaster","@id":"https:\/\/hijasdejesus.org\/pt-br\/#\/schema\/person\/ce4455965da733f2791f23b6ec14e9b6"},"headline":"Retiro espiritual aos professores de Potos\u00ed","datePublished":"2017-03-14T10:36:09+00:00","dateModified":"2017-03-15T11:29:47+00:00","mainEntityOfPage":{"@id":"https:\/\/hijasdejesus.org\/pt-br\/retiro-espiritual-aos-professores-de-potosi\/"},"wordCount":544,"publisher":{"@id":"https:\/\/hijasdejesus.org\/pt-br\/#organization"},"image":{"@id":"https:\/\/hijasdejesus.org\/pt-br\/retiro-espiritual-aos-professores-de-potosi\/#primaryimage"},"thumbnailUrl":"https:\/\/hijasdejesus.org\/wp-content\/uploads\/2017\/03\/potosi_retiroprofes4.jpg","articleSection":["Am\u00e9rica Andina","Bol\u00edvia","Educa\u00e7\u00e3o","Not\u00edcias"],"inLanguage":"pt-BR"},{"@type":"WebPage","@id":"https:\/\/hijasdejesus.org\/pt-br\/retiro-espiritual-aos-professores-de-potosi\/","url":"https:\/\/hijasdejesus.org\/pt-br\/retiro-espiritual-aos-professores-de-potosi\/","name":"Retiro espiritual aos professores de Potos\u00ed - Hijas de Jes\u00fas","isPartOf":{"@id":"https:\/\/hijasdejesus.org\/pt-br\/#website"},"primaryImageOfPage":{"@id":"https:\/\/hijasdejesus.org\/pt-br\/retiro-espiritual-aos-professores-de-potosi\/#primaryimage"},"image":{"@id":"https:\/\/hijasdejesus.org\/pt-br\/retiro-espiritual-aos-professores-de-potosi\/#primaryimage"},"thumbnailUrl":"https:\/\/hijasdejesus.org\/wp-content\/uploads\/2017\/03\/potosi_retiroprofes4.jpg","datePublished":"2017-03-14T10:36:09+00:00","dateModified":"2017-03-15T11:29:47+00:00","breadcrumb":{"@id":"https:\/\/hijasdejesus.org\/pt-br\/retiro-espiritual-aos-professores-de-potosi\/#breadcrumb"},"inLanguage":"pt-BR","potentialAction":[{"@type":"ReadAction","target":["https:\/\/hijasdejesus.org\/pt-br\/retiro-espiritual-aos-professores-de-potosi\/"]}]},{"@type":"ImageObject","inLanguage":"pt-BR","@id":"https:\/\/hijasdejesus.org\/pt-br\/retiro-espiritual-aos-professores-de-potosi\/#primaryimage","url":"https:\/\/hijasdejesus.org\/wp-content\/uploads\/2017\/03\/potosi_retiroprofes4.jpg","contentUrl":"https:\/\/hijasdejesus.org\/wp-content\/uploads\/2017\/03\/potosi_retiroprofes4.jpg","width":556,"height":557},{"@type":"BreadcrumbList","@id":"https:\/\/hijasdejesus.org\/pt-br\/retiro-espiritual-aos-professores-de-potosi\/#breadcrumb","itemListElement":[{"@type":"ListItem","position":1,"name":"Portada","item":"https:\/\/hijasdejesus.org\/pt-br\/"},{"@type":"ListItem","position":2,"name":"Retiro espiritual aos professores de Potos\u00ed"}]},{"@type":"WebSite","@id":"https:\/\/hijasdejesus.org\/pt-br\/#website","url":"https:\/\/hijasdejesus.org\/pt-br\/","name":"Hijas de Jes\u00fas","description":"Despertamos a Jes\u00fas en el coraz\u00f3n, sacando lo mejor de las personas. Somos una congregaci\u00f3n religiosa ignaciana fundada por la Madre Candida","publisher":{"@id":"https:\/\/hijasdejesus.org\/pt-br\/#organization"},"potentialAction":[{"@type":"SearchAction","target":{"@type":"EntryPoint","urlTemplate":"https:\/\/hijasdejesus.org\/pt-br\/?s={search_term_string}"},"query-input":{"@type":"PropertyValueSpecification","valueRequired":true,"valueName":"search_term_string"}}],"inLanguage":"pt-BR"},{"@type":"Organization","@id":"https:\/\/hijasdejesus.org\/pt-br\/#organization","name":"Hijas de Jes\u00fas","url":"https:\/\/hijasdejesus.org\/pt-br\/","logo":{"@type":"ImageObject","inLanguage":"pt-BR","@id":"https:\/\/hijasdejesus.org\/pt-br\/#\/schema\/logo\/image\/","url":"https:\/\/hijasdejesus.org\/wp-content\/uploads\/2023\/01\/Hijas-de-Jesus_hor-A7C957.png","contentUrl":"https:\/\/hijasdejesus.org\/wp-content\/uploads\/2023\/01\/Hijas-de-Jesus_hor-A7C957.png","width":700,"height":360,"caption":"Hijas de Jes\u00fas"},"image":{"@id":"https:\/\/hijasdejesus.org\/pt-br\/#\/schema\/logo\/image\/"},"sameAs":["https:\/\/www.facebook.com\/hijasdejesusenelmundo\/","https:\/\/x.com\/hijasdjesus"]},{"@type":"Person","@id":"https:\/\/hijasdejesus.org\/pt-br\/#\/schema\/person\/ce4455965da733f2791f23b6ec14e9b6","name":"Webmaster","image":{"@type":"ImageObject","inLanguage":"pt-BR","@id":"https:\/\/secure.gravatar.com\/avatar\/cfd0acaac86c3981d541d2e99a0ffb7b6d33a5ac8989a62f5518b9e0f7ee128a?s=96&d=mm&r=g","url":"https:\/\/secure.gravatar.com\/avatar\/cfd0acaac86c3981d541d2e99a0ffb7b6d33a5ac8989a62f5518b9e0f7ee128a?s=96&d=mm&r=g","contentUrl":"https:\/\/secure.gravatar.com\/avatar\/cfd0acaac86c3981d541d2e99a0ffb7b6d33a5ac8989a62f5518b9e0f7ee128a?s=96&d=mm&r=g","caption":"Webmaster"},"url":"https:\/\/hijasdejesus.org\/pt-br\/author\/webmaster\/"}]}},"_links":{"self":[{"href":"https:\/\/hijasdejesus.org\/pt-br\/wp-json\/wp\/v2\/posts\/28265","targetHints":{"allow":["GET"]}}],"collection":[{"href":"https:\/\/hijasdejesus.org\/pt-br\/wp-json\/wp\/v2\/posts"}],"about":[{"href":"https:\/\/hijasdejesus.org\/pt-br\/wp-json\/wp\/v2\/types\/post"}],"author":[{"embeddable":true,"href":"https:\/\/hijasdejesus.org\/pt-br\/wp-json\/wp\/v2\/users\/28"}],"replies":[{"embeddable":true,"href":"https:\/\/hijasdejesus.org\/pt-br\/wp-json\/wp\/v2\/comments?post=28265"}],"version-history":[{"count":0,"href":"https:\/\/hijasdejesus.org\/pt-br\/wp-json\/wp\/v2\/posts\/28265\/revisions"}],"wp:featuredmedia":[{"embeddable":true,"href":"https:\/\/hijasdejesus.org\/pt-br\/wp-json\/wp\/v2\/media\/8566"}],"wp:attachment":[{"href":"https:\/\/hijasdejesus.org\/pt-br\/wp-json\/wp\/v2\/media?parent=28265"}],"wp:term":[{"taxonomy":"category","embeddable":true,"href":"https:\/\/hijasdejesus.org\/pt-br\/wp-json\/wp\/v2\/categories?post=28265"},{"taxonomy":"post_tag","embeddable":true,"href":"https:\/\/hijasdejesus.org\/pt-br\/wp-json\/wp\/v2\/tags?post=28265"}],"curies":[{"name":"wp","href":"https:\/\/api.w.org\/{rel}","templated":true}]}}