{"id":28316,"date":"2017-03-24T20:32:55","date_gmt":"2017-03-24T19:32:55","guid":{"rendered":"https:\/\/nueva.hijasdejesus.org\/a-floracao-e-o-fruto-nosso-tesouro-desde-alcarras\/"},"modified":"2017-04-04T23:17:18","modified_gmt":"2017-04-04T21:17:18","slug":"a-floracao-e-o-fruto-nosso-tesouro-desde-alcarras","status":"publish","type":"post","link":"https:\/\/hijasdejesus.org\/pt-br\/a-floracao-e-o-fruto-nosso-tesouro-desde-alcarras\/","title":{"rendered":"A flora\u00e7\u00e3o e o fruto, nosso tesouro&#8230; desde Alcarr\u00e1s"},"content":{"rendered":"<p style=\"text-align: justify;\">De novo \u00e9 primavera, mas em Alcarr\u00e0s (Lleida) a primavera traz consigo muitas conota\u00e7\u00f5es especiais que a fazem diferente de outros lugares. <br \/>As \u00e1rvores, como em muitos lugares, florescem nesta \u00e9poca, mas a impress\u00e3o \u00e9 diferente quando est\u00e1s rodeada em um di\u00e2metro de muitos quil\u00f4metros por flores de cores branca, rosa, rocha\u2026 Com elas floresce tamb\u00e9m a esperan\u00e7a de trabalho para milhares de imigrantes africanos que colhem a nectarina, os \u201cparaguaios\u201d, os p\u00eassegos\u2026 E este trabalho \u00e9 realizado em grupos que favorecem novas amizades, acolhida, calor, cansa\u00e7o. Chegam buscando o p\u00e3o\u00a0 de cada dia ou, inclusive muitos, a sobreviv\u00eancia neste tempo de crise no qual cada vez mais fica dif\u00edcil para eles encontrarem alguns dias de trabalho. <br \/>O que para n\u00f3s \u00e9 beleza, todo o horizonte cheio de cores, para eles se transforma em esperan\u00e7a\u00a0 de trabalho em pleno sol de julho e agosto com temperaturas de 40\u00ba e 45\u00ba, trabalho que lhes d\u00e1 a oportunidade de enviar dinheiro a suas fam\u00edlias, de pagar as d\u00edvidas do resto do ano, de guardar algum dinheiro para uma moradia durante os pr\u00f3ximos meses. Somente uns poucos t\u00eam a sorte de encontrar algum \u201cPag\u00e9s\u201d que esteja disposto a contrat\u00e1-lo durante todo o ano para poder arrumarem os pap\u00e9is, o que sup\u00f5e se tornarem vis\u00edveis, legais, cidad\u00e3os.<br \/>O que para n\u00f3s \u00e9 explos\u00e3o de vida e alegria, para eles \u00e9 uma oferta de trabalho que os convida a\u00a0 percorrer milhares de quil\u00f4metros\u00a0 e que nem sempre acontece como eles sonhavam. Em muitas ocasi\u00f5es passam semanas ou meses sem encontrar quem lhes ofere\u00e7a o trabalho que vieram buscar. E em muitas ocasi\u00f5es n\u00e3o encontram uma moradia digna para passar os tr\u00eas ou quatro meses da temporada.\u00a0 Para os que por meio de C\u00e1ritas e de nossa comunidade religiosa nos preocupamos por eles, tamb\u00e9m \u00e9 uma boa not\u00edcia a paisagem multicolorida porque muitos ter\u00e3o realizadas suas expectativas, e valer\u00e1 a pena a viagem, o cansa\u00e7o. Embora tr\u00eas ou quatro meses de trabalho n\u00e3o solucionam a vida de ningu\u00e9m, para eles que vivem com muito pouco d\u00e1 para partilhar com suas fam\u00edlias e se preparar para o inverno. Nossa aten\u00e7\u00e3o vai dirigida a esses que, cada vez em maior n\u00famero, n\u00e3o t\u00eam a sorte de serem contratados no princ\u00edpio da temporada e que perambulam pelas ruas sem trabalho nem ajuda, para os que o p\u00e3o de cada dia lhes sup\u00f5e mais esfor\u00e7o do que um dia de trabalho.<\/p>\n<p style=\"text-align: center;\"><strong>Enriqueta Seva fi, da comunidade de Alcarr\u00e0s<\/strong><\/p>\n<p style=\"text-align: center;\"><a href=\"https:\/\/www.hijasdejesus.es\/noticias\/98-la-floracion-y-la-fruta-nuestro-tesoro\" target=\"_blank\" rel=\"noopener\"><strong>Publicado na web de Espanha-It\u00e1lia<\/strong><\/a><\/p>\n","protected":false},"excerpt":{"rendered":"<p>De novo \u00e9 primavera, mas em Alcarr\u00e0s (Lleida) a primavera traz consigo muitas conota\u00e7\u00f5es especiais que a fazem diferente de outros lugares. As \u00e1rvores, como em muitos lugares, florescem nesta \u00e9poca, mas a impress\u00e3o \u00e9 diferente quando est\u00e1s rodeada em um di\u00e2metro de muitos quil\u00f4metros por flores de cores branca, rosa, rocha\u2026 Com elas floresce [&hellip;]<\/p>\n","protected":false},"author":28,"featured_media":13458,"comment_status":"closed","ping_status":"closed","sticky":false,"template":"","format":"standard","meta":{"_et_pb_use_builder":"","_et_pb_old_content":"","_et_gb_content_width":"","footnotes":"","_links_to":"","_links_to_target":""},"categories":[521,742,469],"tags":[],"class_list":["post-28316","post","type-post","status-publish","format-standard","has-post-thumbnail","hentry","category-espanha-italia","category-justica-social","category-noticias-pt-br"],"yoast_head":"<!-- This site is optimized with the Yoast SEO plugin v27.5 - https:\/\/yoast.com\/product\/yoast-seo-wordpress\/ -->\n<title>A flora\u00e7\u00e3o e o fruto, nosso tesouro... desde Alcarr\u00e1s - Hijas de Jes\u00fas<\/title>\n<meta name=\"robots\" content=\"index, follow, max-snippet:-1, max-image-preview:large, max-video-preview:-1\" \/>\n<link rel=\"canonical\" href=\"https:\/\/hijasdejesus.org\/pt-br\/a-floracao-e-o-fruto-nosso-tesouro-desde-alcarras\/\" \/>\n<meta property=\"og:locale\" content=\"pt_BR\" \/>\n<meta property=\"og:type\" content=\"article\" \/>\n<meta property=\"og:title\" content=\"A flora\u00e7\u00e3o e o fruto, nosso tesouro... desde Alcarr\u00e1s - Hijas de Jes\u00fas\" \/>\n<meta property=\"og:description\" content=\"De novo \u00e9 primavera, mas em Alcarr\u00e0s (Lleida) a primavera traz consigo muitas conota\u00e7\u00f5es especiais que a fazem diferente de outros lugares. As \u00e1rvores, como em muitos lugares, florescem nesta \u00e9poca, mas a impress\u00e3o \u00e9 diferente quando est\u00e1s rodeada em um di\u00e2metro de muitos quil\u00f4metros por flores de cores branca, rosa, rocha\u2026 Com elas floresce [&hellip;]\" \/>\n<meta property=\"og:url\" content=\"https:\/\/hijasdejesus.org\/pt-br\/a-floracao-e-o-fruto-nosso-tesouro-desde-alcarras\/\" \/>\n<meta property=\"og:site_name\" content=\"Hijas de Jes\u00fas\" \/>\n<meta property=\"article:publisher\" content=\"https:\/\/www.facebook.com\/hijasdejesusenelmundo\/\" \/>\n<meta property=\"article:published_time\" content=\"2017-03-24T19:32:55+00:00\" \/>\n<meta property=\"article:modified_time\" content=\"2017-04-04T21:17:18+00:00\" \/>\n<meta property=\"og:image\" content=\"https:\/\/hijasdejesus.org\/wp-content\/uploads\/2017\/04\/melocotones.jpg\" \/>\n\t<meta property=\"og:image:width\" content=\"1\" \/>\n\t<meta property=\"og:image:height\" content=\"1\" \/>\n\t<meta property=\"og:image:type\" content=\"image\/jpeg\" \/>\n<meta name=\"author\" content=\"Webmaster\" \/>\n<meta name=\"twitter:card\" content=\"summary_large_image\" \/>\n<meta name=\"twitter:creator\" content=\"@hijasdjesus\" \/>\n<meta name=\"twitter:site\" content=\"@hijasdjesus\" \/>\n<meta name=\"twitter:label1\" content=\"Escrito por\" \/>\n\t<meta name=\"twitter:data1\" content=\"Webmaster\" \/>\n\t<meta name=\"twitter:label2\" content=\"Est. tempo de leitura\" \/>\n\t<meta name=\"twitter:data2\" content=\"2 minutos\" \/>\n<script type=\"application\/ld+json\" class=\"yoast-schema-graph\">{\"@context\":\"https:\\\/\\\/schema.org\",\"@graph\":[{\"@type\":\"Article\",\"@id\":\"https:\\\/\\\/hijasdejesus.org\\\/pt-br\\\/a-floracao-e-o-fruto-nosso-tesouro-desde-alcarras\\\/#article\",\"isPartOf\":{\"@id\":\"https:\\\/\\\/hijasdejesus.org\\\/pt-br\\\/a-floracao-e-o-fruto-nosso-tesouro-desde-alcarras\\\/\"},\"author\":{\"name\":\"Webmaster\",\"@id\":\"https:\\\/\\\/hijasdejesus.org\\\/pt-br\\\/#\\\/schema\\\/person\\\/ce4455965da733f2791f23b6ec14e9b6\"},\"headline\":\"A flora\u00e7\u00e3o e o fruto, nosso tesouro&#8230; desde Alcarr\u00e1s\",\"datePublished\":\"2017-03-24T19:32:55+00:00\",\"dateModified\":\"2017-04-04T21:17:18+00:00\",\"mainEntityOfPage\":{\"@id\":\"https:\\\/\\\/hijasdejesus.org\\\/pt-br\\\/a-floracao-e-o-fruto-nosso-tesouro-desde-alcarras\\\/\"},\"wordCount\":467,\"publisher\":{\"@id\":\"https:\\\/\\\/hijasdejesus.org\\\/pt-br\\\/#organization\"},\"image\":{\"@id\":\"https:\\\/\\\/hijasdejesus.org\\\/pt-br\\\/a-floracao-e-o-fruto-nosso-tesouro-desde-alcarras\\\/#primaryimage\"},\"thumbnailUrl\":\"https:\\\/\\\/hijasdejesus.org\\\/wp-content\\\/uploads\\\/2017\\\/04\\\/melocotones.jpg\",\"articleSection\":[\"Espanha-It\u00e1lia\",\"Justi\u00e7a Social\",\"Not\u00edcias\"],\"inLanguage\":\"pt-BR\"},{\"@type\":\"WebPage\",\"@id\":\"https:\\\/\\\/hijasdejesus.org\\\/pt-br\\\/a-floracao-e-o-fruto-nosso-tesouro-desde-alcarras\\\/\",\"url\":\"https:\\\/\\\/hijasdejesus.org\\\/pt-br\\\/a-floracao-e-o-fruto-nosso-tesouro-desde-alcarras\\\/\",\"name\":\"A flora\u00e7\u00e3o e o fruto, nosso tesouro... desde Alcarr\u00e1s - Hijas de Jes\u00fas\",\"isPartOf\":{\"@id\":\"https:\\\/\\\/hijasdejesus.org\\\/pt-br\\\/#website\"},\"primaryImageOfPage\":{\"@id\":\"https:\\\/\\\/hijasdejesus.org\\\/pt-br\\\/a-floracao-e-o-fruto-nosso-tesouro-desde-alcarras\\\/#primaryimage\"},\"image\":{\"@id\":\"https:\\\/\\\/hijasdejesus.org\\\/pt-br\\\/a-floracao-e-o-fruto-nosso-tesouro-desde-alcarras\\\/#primaryimage\"},\"thumbnailUrl\":\"https:\\\/\\\/hijasdejesus.org\\\/wp-content\\\/uploads\\\/2017\\\/04\\\/melocotones.jpg\",\"datePublished\":\"2017-03-24T19:32:55+00:00\",\"dateModified\":\"2017-04-04T21:17:18+00:00\",\"breadcrumb\":{\"@id\":\"https:\\\/\\\/hijasdejesus.org\\\/pt-br\\\/a-floracao-e-o-fruto-nosso-tesouro-desde-alcarras\\\/#breadcrumb\"},\"inLanguage\":\"pt-BR\",\"potentialAction\":[{\"@type\":\"ReadAction\",\"target\":[\"https:\\\/\\\/hijasdejesus.org\\\/pt-br\\\/a-floracao-e-o-fruto-nosso-tesouro-desde-alcarras\\\/\"]}]},{\"@type\":\"ImageObject\",\"inLanguage\":\"pt-BR\",\"@id\":\"https:\\\/\\\/hijasdejesus.org\\\/pt-br\\\/a-floracao-e-o-fruto-nosso-tesouro-desde-alcarras\\\/#primaryimage\",\"url\":\"https:\\\/\\\/hijasdejesus.org\\\/wp-content\\\/uploads\\\/2017\\\/04\\\/melocotones.jpg\",\"contentUrl\":\"https:\\\/\\\/hijasdejesus.org\\\/wp-content\\\/uploads\\\/2017\\\/04\\\/melocotones.jpg\"},{\"@type\":\"BreadcrumbList\",\"@id\":\"https:\\\/\\\/hijasdejesus.org\\\/pt-br\\\/a-floracao-e-o-fruto-nosso-tesouro-desde-alcarras\\\/#breadcrumb\",\"itemListElement\":[{\"@type\":\"ListItem\",\"position\":1,\"name\":\"Portada\",\"item\":\"https:\\\/\\\/hijasdejesus.org\\\/pt-br\\\/\"},{\"@type\":\"ListItem\",\"position\":2,\"name\":\"A flora\u00e7\u00e3o e o fruto, nosso tesouro&#8230; desde Alcarr\u00e1s\"}]},{\"@type\":\"WebSite\",\"@id\":\"https:\\\/\\\/hijasdejesus.org\\\/pt-br\\\/#website\",\"url\":\"https:\\\/\\\/hijasdejesus.org\\\/pt-br\\\/\",\"name\":\"Hijas de Jes\u00fas\",\"description\":\"Despertamos a Jes\u00fas en el coraz\u00f3n, sacando lo mejor de las personas. Somos una congregaci\u00f3n religiosa ignaciana fundada por la Madre Candida\",\"publisher\":{\"@id\":\"https:\\\/\\\/hijasdejesus.org\\\/pt-br\\\/#organization\"},\"potentialAction\":[{\"@type\":\"SearchAction\",\"target\":{\"@type\":\"EntryPoint\",\"urlTemplate\":\"https:\\\/\\\/hijasdejesus.org\\\/pt-br\\\/?s={search_term_string}\"},\"query-input\":{\"@type\":\"PropertyValueSpecification\",\"valueRequired\":true,\"valueName\":\"search_term_string\"}}],\"inLanguage\":\"pt-BR\"},{\"@type\":\"Organization\",\"@id\":\"https:\\\/\\\/hijasdejesus.org\\\/pt-br\\\/#organization\",\"name\":\"Hijas de Jes\u00fas\",\"url\":\"https:\\\/\\\/hijasdejesus.org\\\/pt-br\\\/\",\"logo\":{\"@type\":\"ImageObject\",\"inLanguage\":\"pt-BR\",\"@id\":\"https:\\\/\\\/hijasdejesus.org\\\/pt-br\\\/#\\\/schema\\\/logo\\\/image\\\/\",\"url\":\"https:\\\/\\\/hijasdejesus.org\\\/wp-content\\\/uploads\\\/2023\\\/01\\\/Hijas-de-Jesus_hor-A7C957.png\",\"contentUrl\":\"https:\\\/\\\/hijasdejesus.org\\\/wp-content\\\/uploads\\\/2023\\\/01\\\/Hijas-de-Jesus_hor-A7C957.png\",\"width\":700,\"height\":360,\"caption\":\"Hijas de Jes\u00fas\"},\"image\":{\"@id\":\"https:\\\/\\\/hijasdejesus.org\\\/pt-br\\\/#\\\/schema\\\/logo\\\/image\\\/\"},\"sameAs\":[\"https:\\\/\\\/www.facebook.com\\\/hijasdejesusenelmundo\\\/\",\"https:\\\/\\\/x.com\\\/hijasdjesus\"]},{\"@type\":\"Person\",\"@id\":\"https:\\\/\\\/hijasdejesus.org\\\/pt-br\\\/#\\\/schema\\\/person\\\/ce4455965da733f2791f23b6ec14e9b6\",\"name\":\"Webmaster\",\"image\":{\"@type\":\"ImageObject\",\"inLanguage\":\"pt-BR\",\"@id\":\"https:\\\/\\\/secure.gravatar.com\\\/avatar\\\/cfd0acaac86c3981d541d2e99a0ffb7b6d33a5ac8989a62f5518b9e0f7ee128a?s=96&d=mm&r=g\",\"url\":\"https:\\\/\\\/secure.gravatar.com\\\/avatar\\\/cfd0acaac86c3981d541d2e99a0ffb7b6d33a5ac8989a62f5518b9e0f7ee128a?s=96&d=mm&r=g\",\"contentUrl\":\"https:\\\/\\\/secure.gravatar.com\\\/avatar\\\/cfd0acaac86c3981d541d2e99a0ffb7b6d33a5ac8989a62f5518b9e0f7ee128a?s=96&d=mm&r=g\",\"caption\":\"Webmaster\"},\"url\":\"https:\\\/\\\/hijasdejesus.org\\\/pt-br\\\/author\\\/webmaster\\\/\"}]}<\/script>\n<!-- \/ Yoast SEO plugin. -->","yoast_head_json":{"title":"A flora\u00e7\u00e3o e o fruto, nosso tesouro... desde Alcarr\u00e1s - Hijas de Jes\u00fas","robots":{"index":"index","follow":"follow","max-snippet":"max-snippet:-1","max-image-preview":"max-image-preview:large","max-video-preview":"max-video-preview:-1"},"canonical":"https:\/\/hijasdejesus.org\/pt-br\/a-floracao-e-o-fruto-nosso-tesouro-desde-alcarras\/","og_locale":"pt_BR","og_type":"article","og_title":"A flora\u00e7\u00e3o e o fruto, nosso tesouro... desde Alcarr\u00e1s - Hijas de Jes\u00fas","og_description":"De novo \u00e9 primavera, mas em Alcarr\u00e0s (Lleida) a primavera traz consigo muitas conota\u00e7\u00f5es especiais que a fazem diferente de outros lugares. As \u00e1rvores, como em muitos lugares, florescem nesta \u00e9poca, mas a impress\u00e3o \u00e9 diferente quando est\u00e1s rodeada em um di\u00e2metro de muitos quil\u00f4metros por flores de cores branca, rosa, rocha\u2026 Com elas floresce [&hellip;]","og_url":"https:\/\/hijasdejesus.org\/pt-br\/a-floracao-e-o-fruto-nosso-tesouro-desde-alcarras\/","og_site_name":"Hijas de Jes\u00fas","article_publisher":"https:\/\/www.facebook.com\/hijasdejesusenelmundo\/","article_published_time":"2017-03-24T19:32:55+00:00","article_modified_time":"2017-04-04T21:17:18+00:00","og_image":[{"url":"https:\/\/hijasdejesus.org\/wp-content\/uploads\/2017\/04\/melocotones.jpg","width":1,"height":1,"type":"image\/jpeg"}],"author":"Webmaster","twitter_card":"summary_large_image","twitter_creator":"@hijasdjesus","twitter_site":"@hijasdjesus","twitter_misc":{"Escrito por":"Webmaster","Est. tempo de leitura":"2 minutos"},"schema":{"@context":"https:\/\/schema.org","@graph":[{"@type":"Article","@id":"https:\/\/hijasdejesus.org\/pt-br\/a-floracao-e-o-fruto-nosso-tesouro-desde-alcarras\/#article","isPartOf":{"@id":"https:\/\/hijasdejesus.org\/pt-br\/a-floracao-e-o-fruto-nosso-tesouro-desde-alcarras\/"},"author":{"name":"Webmaster","@id":"https:\/\/hijasdejesus.org\/pt-br\/#\/schema\/person\/ce4455965da733f2791f23b6ec14e9b6"},"headline":"A flora\u00e7\u00e3o e o fruto, nosso tesouro&#8230; desde Alcarr\u00e1s","datePublished":"2017-03-24T19:32:55+00:00","dateModified":"2017-04-04T21:17:18+00:00","mainEntityOfPage":{"@id":"https:\/\/hijasdejesus.org\/pt-br\/a-floracao-e-o-fruto-nosso-tesouro-desde-alcarras\/"},"wordCount":467,"publisher":{"@id":"https:\/\/hijasdejesus.org\/pt-br\/#organization"},"image":{"@id":"https:\/\/hijasdejesus.org\/pt-br\/a-floracao-e-o-fruto-nosso-tesouro-desde-alcarras\/#primaryimage"},"thumbnailUrl":"https:\/\/hijasdejesus.org\/wp-content\/uploads\/2017\/04\/melocotones.jpg","articleSection":["Espanha-It\u00e1lia","Justi\u00e7a Social","Not\u00edcias"],"inLanguage":"pt-BR"},{"@type":"WebPage","@id":"https:\/\/hijasdejesus.org\/pt-br\/a-floracao-e-o-fruto-nosso-tesouro-desde-alcarras\/","url":"https:\/\/hijasdejesus.org\/pt-br\/a-floracao-e-o-fruto-nosso-tesouro-desde-alcarras\/","name":"A flora\u00e7\u00e3o e o fruto, nosso tesouro... desde Alcarr\u00e1s - Hijas de Jes\u00fas","isPartOf":{"@id":"https:\/\/hijasdejesus.org\/pt-br\/#website"},"primaryImageOfPage":{"@id":"https:\/\/hijasdejesus.org\/pt-br\/a-floracao-e-o-fruto-nosso-tesouro-desde-alcarras\/#primaryimage"},"image":{"@id":"https:\/\/hijasdejesus.org\/pt-br\/a-floracao-e-o-fruto-nosso-tesouro-desde-alcarras\/#primaryimage"},"thumbnailUrl":"https:\/\/hijasdejesus.org\/wp-content\/uploads\/2017\/04\/melocotones.jpg","datePublished":"2017-03-24T19:32:55+00:00","dateModified":"2017-04-04T21:17:18+00:00","breadcrumb":{"@id":"https:\/\/hijasdejesus.org\/pt-br\/a-floracao-e-o-fruto-nosso-tesouro-desde-alcarras\/#breadcrumb"},"inLanguage":"pt-BR","potentialAction":[{"@type":"ReadAction","target":["https:\/\/hijasdejesus.org\/pt-br\/a-floracao-e-o-fruto-nosso-tesouro-desde-alcarras\/"]}]},{"@type":"ImageObject","inLanguage":"pt-BR","@id":"https:\/\/hijasdejesus.org\/pt-br\/a-floracao-e-o-fruto-nosso-tesouro-desde-alcarras\/#primaryimage","url":"https:\/\/hijasdejesus.org\/wp-content\/uploads\/2017\/04\/melocotones.jpg","contentUrl":"https:\/\/hijasdejesus.org\/wp-content\/uploads\/2017\/04\/melocotones.jpg"},{"@type":"BreadcrumbList","@id":"https:\/\/hijasdejesus.org\/pt-br\/a-floracao-e-o-fruto-nosso-tesouro-desde-alcarras\/#breadcrumb","itemListElement":[{"@type":"ListItem","position":1,"name":"Portada","item":"https:\/\/hijasdejesus.org\/pt-br\/"},{"@type":"ListItem","position":2,"name":"A flora\u00e7\u00e3o e o fruto, nosso tesouro&#8230; desde Alcarr\u00e1s"}]},{"@type":"WebSite","@id":"https:\/\/hijasdejesus.org\/pt-br\/#website","url":"https:\/\/hijasdejesus.org\/pt-br\/","name":"Hijas de Jes\u00fas","description":"Despertamos a Jes\u00fas en el coraz\u00f3n, sacando lo mejor de las personas. Somos una congregaci\u00f3n religiosa ignaciana fundada por la Madre Candida","publisher":{"@id":"https:\/\/hijasdejesus.org\/pt-br\/#organization"},"potentialAction":[{"@type":"SearchAction","target":{"@type":"EntryPoint","urlTemplate":"https:\/\/hijasdejesus.org\/pt-br\/?s={search_term_string}"},"query-input":{"@type":"PropertyValueSpecification","valueRequired":true,"valueName":"search_term_string"}}],"inLanguage":"pt-BR"},{"@type":"Organization","@id":"https:\/\/hijasdejesus.org\/pt-br\/#organization","name":"Hijas de Jes\u00fas","url":"https:\/\/hijasdejesus.org\/pt-br\/","logo":{"@type":"ImageObject","inLanguage":"pt-BR","@id":"https:\/\/hijasdejesus.org\/pt-br\/#\/schema\/logo\/image\/","url":"https:\/\/hijasdejesus.org\/wp-content\/uploads\/2023\/01\/Hijas-de-Jesus_hor-A7C957.png","contentUrl":"https:\/\/hijasdejesus.org\/wp-content\/uploads\/2023\/01\/Hijas-de-Jesus_hor-A7C957.png","width":700,"height":360,"caption":"Hijas de Jes\u00fas"},"image":{"@id":"https:\/\/hijasdejesus.org\/pt-br\/#\/schema\/logo\/image\/"},"sameAs":["https:\/\/www.facebook.com\/hijasdejesusenelmundo\/","https:\/\/x.com\/hijasdjesus"]},{"@type":"Person","@id":"https:\/\/hijasdejesus.org\/pt-br\/#\/schema\/person\/ce4455965da733f2791f23b6ec14e9b6","name":"Webmaster","image":{"@type":"ImageObject","inLanguage":"pt-BR","@id":"https:\/\/secure.gravatar.com\/avatar\/cfd0acaac86c3981d541d2e99a0ffb7b6d33a5ac8989a62f5518b9e0f7ee128a?s=96&d=mm&r=g","url":"https:\/\/secure.gravatar.com\/avatar\/cfd0acaac86c3981d541d2e99a0ffb7b6d33a5ac8989a62f5518b9e0f7ee128a?s=96&d=mm&r=g","contentUrl":"https:\/\/secure.gravatar.com\/avatar\/cfd0acaac86c3981d541d2e99a0ffb7b6d33a5ac8989a62f5518b9e0f7ee128a?s=96&d=mm&r=g","caption":"Webmaster"},"url":"https:\/\/hijasdejesus.org\/pt-br\/author\/webmaster\/"}]}},"_links":{"self":[{"href":"https:\/\/hijasdejesus.org\/pt-br\/wp-json\/wp\/v2\/posts\/28316","targetHints":{"allow":["GET"]}}],"collection":[{"href":"https:\/\/hijasdejesus.org\/pt-br\/wp-json\/wp\/v2\/posts"}],"about":[{"href":"https:\/\/hijasdejesus.org\/pt-br\/wp-json\/wp\/v2\/types\/post"}],"author":[{"embeddable":true,"href":"https:\/\/hijasdejesus.org\/pt-br\/wp-json\/wp\/v2\/users\/28"}],"replies":[{"embeddable":true,"href":"https:\/\/hijasdejesus.org\/pt-br\/wp-json\/wp\/v2\/comments?post=28316"}],"version-history":[{"count":0,"href":"https:\/\/hijasdejesus.org\/pt-br\/wp-json\/wp\/v2\/posts\/28316\/revisions"}],"wp:featuredmedia":[{"embeddable":true,"href":"https:\/\/hijasdejesus.org\/pt-br\/wp-json\/wp\/v2\/media\/13458"}],"wp:attachment":[{"href":"https:\/\/hijasdejesus.org\/pt-br\/wp-json\/wp\/v2\/media?parent=28316"}],"wp:term":[{"taxonomy":"category","embeddable":true,"href":"https:\/\/hijasdejesus.org\/pt-br\/wp-json\/wp\/v2\/categories?post=28316"},{"taxonomy":"post_tag","embeddable":true,"href":"https:\/\/hijasdejesus.org\/pt-br\/wp-json\/wp\/v2\/tags?post=28316"}],"curies":[{"name":"wp","href":"https:\/\/api.w.org\/{rel}","templated":true}]}}