{"id":28329,"date":"2017-04-09T12:46:44","date_gmt":"2017-04-09T10:46:44","guid":{"rendered":"https:\/\/nueva.hijasdejesus.org\/maria-inez-parecer-nos-cada-vez-mais-a-jesus-e-transparecer-seu-rosto-nas-circunstancias-que-nos-toca-viver\/"},"modified":"2017-04-11T17:00:33","modified_gmt":"2017-04-11T15:00:33","slug":"maria-inez-parecer-nos-cada-vez-mais-a-jesus-e-transparecer-seu-rosto-nas-circunstancias-que-nos-toca-viver","status":"publish","type":"post","link":"https:\/\/hijasdejesus.org\/pt-br\/maria-inez-parecer-nos-cada-vez-mais-a-jesus-e-transparecer-seu-rosto-nas-circunstancias-que-nos-toca-viver\/","title":{"rendered":"Maria Inez: &#8220;Parecer-nos cada vez mais a Jesus e transparecer seu rosto nas circunst\u00e2ncias que nos toca viver\u201d"},"content":{"rendered":"<p style=\"text-align: justify;\">Dia 1\u00ba de abril nossa Superiora Geral, Maria Inez Furtado fi, terminou sua visita can\u00f4nica em Filipinas e a caminho para Mianmar, tamb\u00e9m para a visita, passou por Jap\u00e3o e esteve uns dias descansando e desfrutando a beleza da paisagem, especialmente nesta \u00e9poca da flora\u00e7\u00e3o das cerejeiras.Sentimos que n\u00e3o tenha podido desfrutar de tudo como gostaria, devido ao cansa\u00e7o acumulado e \u00e0s mudan\u00e7as de clima. No dia 05, as irm\u00e3s da comunidade do Jap\u00e3o nos reunimos para um encontro de confraterniza\u00e7\u00e3o com Maria Inez. Em suas palavras de \u00e2nimo deixou-nos claro que o futuro, n\u00e3o somente de Jap\u00e3o como da Congrega\u00e7\u00e3o inteira, est\u00e1 nas m\u00e3os de Deus e nos toca viver em fidelidade nosso carisma:\u00a0 parecer-nos cada vez mais a Jesus e transparecer seu rosto nas circunst\u00e2ncias concretas que nos toca viver. Para isto, este \u00e9 um momento privilegiado, um momento de gra\u00e7a.<\/p>\n<p><img loading=\"lazy\" decoding=\"async\" class=\"pull-center size-full wp-image-8698\" style=\"display: block; margin-left: auto; margin-right: auto;\" src=\"https:\/\/hijasdejesus.org\/wp-content\/uploads\/2017\/04\/japon_minez2.JPG\" alt=\"\" width=\"1024\" height=\"768\" srcset=\"https:\/\/hijasdejesus.org\/wp-content\/uploads\/2017\/04\/japon_minez2.JPG 1024w, https:\/\/hijasdejesus.org\/wp-content\/uploads\/2017\/04\/japon_minez2-300x225.jpg 300w, https:\/\/hijasdejesus.org\/wp-content\/uploads\/2017\/04\/japon_minez2-768x576.jpg 768w, https:\/\/hijasdejesus.org\/wp-content\/uploads\/2017\/04\/japon_minez2-510x382.jpg 510w, https:\/\/hijasdejesus.org\/wp-content\/uploads\/2017\/04\/japon_minez2-980x735.jpg 980w, https:\/\/hijasdejesus.org\/wp-content\/uploads\/2017\/04\/japon_minez2-480x360.jpg 480w\" sizes=\"(max-width: 1024px) 100vw, 1024px\" \/><img loading=\"lazy\" decoding=\"async\" class=\"pull-center size-full wp-image-8700\" style=\"display: block; margin-left: auto; margin-right: auto;\" src=\"https:\/\/hijasdejesus.org\/wp-content\/uploads\/2017\/04\/japon_minez3.JPG\" alt=\"\" width=\"1024\" height=\"768\" srcset=\"https:\/\/hijasdejesus.org\/wp-content\/uploads\/2017\/04\/japon_minez3.JPG 1024w, https:\/\/hijasdejesus.org\/wp-content\/uploads\/2017\/04\/japon_minez3-300x225.jpg 300w, https:\/\/hijasdejesus.org\/wp-content\/uploads\/2017\/04\/japon_minez3-768x576.jpg 768w, https:\/\/hijasdejesus.org\/wp-content\/uploads\/2017\/04\/japon_minez3-510x382.jpg 510w, https:\/\/hijasdejesus.org\/wp-content\/uploads\/2017\/04\/japon_minez3-980x735.jpg 980w, https:\/\/hijasdejesus.org\/wp-content\/uploads\/2017\/04\/japon_minez3-480x360.jpg 480w\" sizes=\"(max-width: 1024px) 100vw, 1024px\" \/><img loading=\"lazy\" decoding=\"async\" class=\"pull-center size-full wp-image-8702\" style=\"display: block; margin-left: auto; margin-right: auto;\" src=\"https:\/\/hijasdejesus.org\/wp-content\/uploads\/2017\/04\/japon_minez7-rotated.jpg\" alt=\"\" width=\"1024\" height=\"768\" srcset=\"https:\/\/hijasdejesus.org\/wp-content\/uploads\/2017\/04\/japon_minez7-rotated.jpg 1024w, https:\/\/hijasdejesus.org\/wp-content\/uploads\/2017\/04\/japon_minez7-980x735.jpg 980w, https:\/\/hijasdejesus.org\/wp-content\/uploads\/2017\/04\/japon_minez7-480x360.jpg 480w\" sizes=\"(min-width: 0px) and (max-width: 480px) 480px, (min-width: 481px) and (max-width: 980px) 980px, (min-width: 981px) 1024px, 100vw\" \/>Sentimos profundamente a aus\u00eancia de Ester Yamashita fi, que luta pela vida em um hospital de Matsue e das duas irm\u00e3s que a acompanham, Teresa Ikazaki fi e Marianita Te\u00f1oso fi. As duas acompanharam a fala de Maria Inez atrav\u00e9s do Skype. Tamb\u00e9m Fuencisla Perlado fi n\u00e3o p\u00f4de estar presente porque viajava, neste mesmo dia, regressando da Espanha depois de suas f\u00e9rias. Aproveitamos a oportunidade de estarmos juntas para nos despedir de Carmen Segovia fi, que depois de 22 anos como mission\u00e1ria no Jap\u00e3o, foi enviada novamente a Filipinas.<br \/>\u00c0 tarde tivemos a oportunidade de ver um v\u00eddeo preparado por Carmela Rey, professora leiga de Shotoku, com as atividades no col\u00e9gio, par\u00f3quia, etc. por motivo da sa\u00edda das Filhas de Jesus de Matsue e o fechamento da Educa\u00e7\u00e3o Pr\u00e9-escolar de Shotoku. Percebemos o profundo agradecimento das pessoas pelo trabalho realizado por n\u00f3s ao longo de muitos anos. Depois de 63 anos de miss\u00e3o em Matsue, sair de l\u00e1 \u00e9 um momento dif\u00edcil para todas, por\u00e9m nos consolaram as palavras de Maria Inez: \u201cPlantamos a vida, e com a ajuda do Esp\u00edrito continuar\u00e1 frutificando\u201d.<\/p>\n<p><img loading=\"lazy\" decoding=\"async\" class=\"pull-center size-full wp-image-8704\" style=\"display: block; margin-left: auto; margin-right: auto;\" src=\"https:\/\/hijasdejesus.org\/wp-content\/uploads\/2017\/04\/japon_minez5.JPG\" alt=\"\" width=\"836\" height=\"486\" srcset=\"https:\/\/hijasdejesus.org\/wp-content\/uploads\/2017\/04\/japon_minez5.JPG 836w, https:\/\/hijasdejesus.org\/wp-content\/uploads\/2017\/04\/japon_minez5-300x174.jpg 300w, https:\/\/hijasdejesus.org\/wp-content\/uploads\/2017\/04\/japon_minez5-768x446.jpg 768w, https:\/\/hijasdejesus.org\/wp-content\/uploads\/2017\/04\/japon_minez5-480x279.jpg 480w\" sizes=\"(max-width: 836px) 100vw, 836px\" \/><img loading=\"lazy\" decoding=\"async\" class=\"pull-center size-full wp-image-8706\" style=\"display: block; margin-left: auto; margin-right: auto;\" src=\"https:\/\/hijasdejesus.org\/wp-content\/uploads\/2017\/04\/japon_minez4.JPG\" alt=\"\" width=\"743\" height=\"557\" srcset=\"https:\/\/hijasdejesus.org\/wp-content\/uploads\/2017\/04\/japon_minez4.JPG 1024w, https:\/\/hijasdejesus.org\/wp-content\/uploads\/2017\/04\/japon_minez4-300x225.jpg 300w, https:\/\/hijasdejesus.org\/wp-content\/uploads\/2017\/04\/japon_minez4-768x576.jpg 768w, https:\/\/hijasdejesus.org\/wp-content\/uploads\/2017\/04\/japon_minez4-510x382.jpg 510w, https:\/\/hijasdejesus.org\/wp-content\/uploads\/2017\/04\/japon_minez4-980x735.jpg 980w, https:\/\/hijasdejesus.org\/wp-content\/uploads\/2017\/04\/japon_minez4-480x360.jpg 480w\" sizes=\"(max-width: 743px) 100vw, 743px\" \/><img loading=\"lazy\" decoding=\"async\" class=\"pull-center size-full wp-image-8708\" style=\"display: block; margin-left: auto; margin-right: auto;\" src=\"https:\/\/hijasdejesus.org\/wp-content\/uploads\/2017\/04\/japon_minez6.JPG\" alt=\"\" width=\"706\" height=\"397\" srcset=\"https:\/\/hijasdejesus.org\/wp-content\/uploads\/2017\/04\/japon_minez6.JPG 1024w, https:\/\/hijasdejesus.org\/wp-content\/uploads\/2017\/04\/japon_minez6-300x169.jpg 300w, https:\/\/hijasdejesus.org\/wp-content\/uploads\/2017\/04\/japon_minez6-768x432.jpg 768w, https:\/\/hijasdejesus.org\/wp-content\/uploads\/2017\/04\/japon_minez6-980x551.jpg 980w, https:\/\/hijasdejesus.org\/wp-content\/uploads\/2017\/04\/japon_minez6-480x270.jpg 480w\" sizes=\"(max-width: 706px) 100vw, 706px\" \/><img loading=\"lazy\" decoding=\"async\" class=\"pull-center size-full wp-image-8710\" style=\"display: block; margin-left: auto; margin-right: auto;\" src=\"https:\/\/hijasdejesus.org\/wp-content\/uploads\/2017\/04\/japon_minez8.JPG\" alt=\"\" width=\"639\" height=\"479\" srcset=\"https:\/\/hijasdejesus.org\/wp-content\/uploads\/2017\/04\/japon_minez8.JPG 1024w, https:\/\/hijasdejesus.org\/wp-content\/uploads\/2017\/04\/japon_minez8-300x225.jpg 300w, https:\/\/hijasdejesus.org\/wp-content\/uploads\/2017\/04\/japon_minez8-768x576.jpg 768w, https:\/\/hijasdejesus.org\/wp-content\/uploads\/2017\/04\/japon_minez8-510x382.jpg 510w, https:\/\/hijasdejesus.org\/wp-content\/uploads\/2017\/04\/japon_minez8-980x735.jpg 980w, https:\/\/hijasdejesus.org\/wp-content\/uploads\/2017\/04\/japon_minez8-480x360.jpg 480w\" sizes=\"(max-width: 639px) 100vw, 639px\" \/>Terminamos o dia agradecendo a Deus e a Maria por tudo o que Ele fez e continua fazendo\u00a0 conosco e a seguir tivemos uma merenda ceia. Depois, os diferentes grupos de irm\u00e3s retornaram para suas respectivas casas com \u00e2nimo, confian\u00e7a e esperan\u00e7a renovadas. \u201cTudo est\u00e1 nas m\u00e3os de Deus, Ele \u00e9 nosso Pai e nunca nos abandona\u201d.<\/p>\n<p style=\"text-align: center;\"><strong>Isabel Romero fi<\/strong><\/p>\n","protected":false},"excerpt":{"rendered":"<p>Dia 1\u00ba de abril nossa Superiora Geral, Maria Inez Furtado fi, terminou sua visita can\u00f4nica em Filipinas e a caminho para Mianmar, tamb\u00e9m para a visita, passou por Jap\u00e3o e esteve uns dias descansando e desfrutando a beleza da paisagem, especialmente nesta \u00e9poca da flora\u00e7\u00e3o das cerejeiras.Sentimos que n\u00e3o tenha podido desfrutar de tudo como [&hellip;]<\/p>\n","protected":false},"author":28,"featured_media":8696,"comment_status":"closed","ping_status":"closed","sticky":false,"template":"","format":"standard","meta":{"_et_pb_use_builder":"","_et_pb_old_content":"","_et_gb_content_width":"","footnotes":"","_links_to":"","_links_to_target":""},"categories":[527,529,555,469],"tags":[729],"class_list":["post-28329","post","type-post","status-publish","format-standard","has-post-thumbnail","hentry","category-governo_geral","category-hijas-de-jesus-pt-br","category-indico-pacifico-pt-br","category-noticias-pt-br","tag-superior-geral"],"yoast_head":"<!-- This site is optimized with the Yoast SEO plugin v27.5 - https:\/\/yoast.com\/product\/yoast-seo-wordpress\/ -->\n<title>Maria Inez: &quot;Parecer-nos cada vez mais a Jesus e transparecer seu rosto nas circunst\u00e2ncias que nos toca viver\u201d - Hijas de Jes\u00fas<\/title>\n<meta name=\"robots\" content=\"index, follow, max-snippet:-1, max-image-preview:large, max-video-preview:-1\" \/>\n<link rel=\"canonical\" href=\"https:\/\/hijasdejesus.org\/pt-br\/maria-inez-parecer-nos-cada-vez-mais-a-jesus-e-transparecer-seu-rosto-nas-circunstancias-que-nos-toca-viver\/\" \/>\n<meta property=\"og:locale\" content=\"pt_BR\" \/>\n<meta property=\"og:type\" content=\"article\" \/>\n<meta property=\"og:title\" content=\"Maria Inez: &quot;Parecer-nos cada vez mais a Jesus e transparecer seu rosto nas circunst\u00e2ncias que nos toca viver\u201d - Hijas de Jes\u00fas\" \/>\n<meta property=\"og:description\" content=\"Dia 1\u00ba de abril nossa Superiora Geral, Maria Inez Furtado fi, terminou sua visita can\u00f4nica em Filipinas e a caminho para Mianmar, tamb\u00e9m para a visita, passou por Jap\u00e3o e esteve uns dias descansando e desfrutando a beleza da paisagem, especialmente nesta \u00e9poca da flora\u00e7\u00e3o das cerejeiras.Sentimos que n\u00e3o tenha podido desfrutar de tudo como [&hellip;]\" \/>\n<meta property=\"og:url\" content=\"https:\/\/hijasdejesus.org\/pt-br\/maria-inez-parecer-nos-cada-vez-mais-a-jesus-e-transparecer-seu-rosto-nas-circunstancias-que-nos-toca-viver\/\" \/>\n<meta property=\"og:site_name\" content=\"Hijas de Jes\u00fas\" \/>\n<meta property=\"article:publisher\" content=\"https:\/\/www.facebook.com\/hijasdejesusenelmundo\/\" \/>\n<meta property=\"article:published_time\" content=\"2017-04-09T10:46:44+00:00\" \/>\n<meta property=\"article:modified_time\" content=\"2017-04-11T15:00:33+00:00\" \/>\n<meta property=\"og:image\" content=\"https:\/\/hijasdejesus.org\/wp-content\/uploads\/2017\/04\/japon_minez1.JPG\" \/>\n\t<meta property=\"og:image:width\" content=\"1024\" \/>\n\t<meta property=\"og:image:height\" content=\"768\" \/>\n\t<meta property=\"og:image:type\" content=\"image\/jpeg\" \/>\n<meta name=\"author\" content=\"Webmaster\" \/>\n<meta name=\"twitter:card\" content=\"summary_large_image\" \/>\n<meta name=\"twitter:creator\" content=\"@hijasdjesus\" \/>\n<meta name=\"twitter:site\" content=\"@hijasdjesus\" \/>\n<meta name=\"twitter:label1\" content=\"Escrito por\" \/>\n\t<meta name=\"twitter:data1\" content=\"Webmaster\" \/>\n\t<meta name=\"twitter:label2\" content=\"Est. tempo de leitura\" \/>\n\t<meta name=\"twitter:data2\" content=\"2 minutos\" \/>\n<script type=\"application\/ld+json\" class=\"yoast-schema-graph\">{\"@context\":\"https:\\\/\\\/schema.org\",\"@graph\":[{\"@type\":\"Article\",\"@id\":\"https:\\\/\\\/hijasdejesus.org\\\/pt-br\\\/maria-inez-parecer-nos-cada-vez-mais-a-jesus-e-transparecer-seu-rosto-nas-circunstancias-que-nos-toca-viver\\\/#article\",\"isPartOf\":{\"@id\":\"https:\\\/\\\/hijasdejesus.org\\\/pt-br\\\/maria-inez-parecer-nos-cada-vez-mais-a-jesus-e-transparecer-seu-rosto-nas-circunstancias-que-nos-toca-viver\\\/\"},\"author\":{\"name\":\"Webmaster\",\"@id\":\"https:\\\/\\\/hijasdejesus.org\\\/pt-br\\\/#\\\/schema\\\/person\\\/ce4455965da733f2791f23b6ec14e9b6\"},\"headline\":\"Maria Inez: &#8220;Parecer-nos cada vez mais a Jesus e transparecer seu rosto nas circunst\u00e2ncias que nos toca viver\u201d\",\"datePublished\":\"2017-04-09T10:46:44+00:00\",\"dateModified\":\"2017-04-11T15:00:33+00:00\",\"mainEntityOfPage\":{\"@id\":\"https:\\\/\\\/hijasdejesus.org\\\/pt-br\\\/maria-inez-parecer-nos-cada-vez-mais-a-jesus-e-transparecer-seu-rosto-nas-circunstancias-que-nos-toca-viver\\\/\"},\"wordCount\":439,\"publisher\":{\"@id\":\"https:\\\/\\\/hijasdejesus.org\\\/pt-br\\\/#organization\"},\"image\":{\"@id\":\"https:\\\/\\\/hijasdejesus.org\\\/pt-br\\\/maria-inez-parecer-nos-cada-vez-mais-a-jesus-e-transparecer-seu-rosto-nas-circunstancias-que-nos-toca-viver\\\/#primaryimage\"},\"thumbnailUrl\":\"https:\\\/\\\/hijasdejesus.org\\\/wp-content\\\/uploads\\\/2017\\\/04\\\/japon_minez1.JPG\",\"keywords\":[\"Superior Geral\"],\"articleSection\":[\"Governo geral\",\"Hijas de Jes\u00fas\",\"\u00cdndico-Pac\u00edfico\",\"Not\u00edcias\"],\"inLanguage\":\"pt-BR\"},{\"@type\":\"WebPage\",\"@id\":\"https:\\\/\\\/hijasdejesus.org\\\/pt-br\\\/maria-inez-parecer-nos-cada-vez-mais-a-jesus-e-transparecer-seu-rosto-nas-circunstancias-que-nos-toca-viver\\\/\",\"url\":\"https:\\\/\\\/hijasdejesus.org\\\/pt-br\\\/maria-inez-parecer-nos-cada-vez-mais-a-jesus-e-transparecer-seu-rosto-nas-circunstancias-que-nos-toca-viver\\\/\",\"name\":\"Maria Inez: \\\"Parecer-nos cada vez mais a Jesus e transparecer seu rosto nas circunst\u00e2ncias que nos toca viver\u201d - Hijas de Jes\u00fas\",\"isPartOf\":{\"@id\":\"https:\\\/\\\/hijasdejesus.org\\\/pt-br\\\/#website\"},\"primaryImageOfPage\":{\"@id\":\"https:\\\/\\\/hijasdejesus.org\\\/pt-br\\\/maria-inez-parecer-nos-cada-vez-mais-a-jesus-e-transparecer-seu-rosto-nas-circunstancias-que-nos-toca-viver\\\/#primaryimage\"},\"image\":{\"@id\":\"https:\\\/\\\/hijasdejesus.org\\\/pt-br\\\/maria-inez-parecer-nos-cada-vez-mais-a-jesus-e-transparecer-seu-rosto-nas-circunstancias-que-nos-toca-viver\\\/#primaryimage\"},\"thumbnailUrl\":\"https:\\\/\\\/hijasdejesus.org\\\/wp-content\\\/uploads\\\/2017\\\/04\\\/japon_minez1.JPG\",\"datePublished\":\"2017-04-09T10:46:44+00:00\",\"dateModified\":\"2017-04-11T15:00:33+00:00\",\"breadcrumb\":{\"@id\":\"https:\\\/\\\/hijasdejesus.org\\\/pt-br\\\/maria-inez-parecer-nos-cada-vez-mais-a-jesus-e-transparecer-seu-rosto-nas-circunstancias-que-nos-toca-viver\\\/#breadcrumb\"},\"inLanguage\":\"pt-BR\",\"potentialAction\":[{\"@type\":\"ReadAction\",\"target\":[\"https:\\\/\\\/hijasdejesus.org\\\/pt-br\\\/maria-inez-parecer-nos-cada-vez-mais-a-jesus-e-transparecer-seu-rosto-nas-circunstancias-que-nos-toca-viver\\\/\"]}]},{\"@type\":\"ImageObject\",\"inLanguage\":\"pt-BR\",\"@id\":\"https:\\\/\\\/hijasdejesus.org\\\/pt-br\\\/maria-inez-parecer-nos-cada-vez-mais-a-jesus-e-transparecer-seu-rosto-nas-circunstancias-que-nos-toca-viver\\\/#primaryimage\",\"url\":\"https:\\\/\\\/hijasdejesus.org\\\/wp-content\\\/uploads\\\/2017\\\/04\\\/japon_minez1.JPG\",\"contentUrl\":\"https:\\\/\\\/hijasdejesus.org\\\/wp-content\\\/uploads\\\/2017\\\/04\\\/japon_minez1.JPG\",\"width\":1024,\"height\":768},{\"@type\":\"BreadcrumbList\",\"@id\":\"https:\\\/\\\/hijasdejesus.org\\\/pt-br\\\/maria-inez-parecer-nos-cada-vez-mais-a-jesus-e-transparecer-seu-rosto-nas-circunstancias-que-nos-toca-viver\\\/#breadcrumb\",\"itemListElement\":[{\"@type\":\"ListItem\",\"position\":1,\"name\":\"Portada\",\"item\":\"https:\\\/\\\/hijasdejesus.org\\\/pt-br\\\/\"},{\"@type\":\"ListItem\",\"position\":2,\"name\":\"Maria Inez: \u00abParecer-nos cada vez mais a Jesus e transparecer seu rosto nas circunst\u00e2ncias que nos toca viver\u201d\"}]},{\"@type\":\"WebSite\",\"@id\":\"https:\\\/\\\/hijasdejesus.org\\\/pt-br\\\/#website\",\"url\":\"https:\\\/\\\/hijasdejesus.org\\\/pt-br\\\/\",\"name\":\"Hijas de Jes\u00fas\",\"description\":\"Despertamos a Jes\u00fas en el coraz\u00f3n, sacando lo mejor de las personas. Somos una congregaci\u00f3n religiosa ignaciana fundada por la Madre Candida\",\"publisher\":{\"@id\":\"https:\\\/\\\/hijasdejesus.org\\\/pt-br\\\/#organization\"},\"potentialAction\":[{\"@type\":\"SearchAction\",\"target\":{\"@type\":\"EntryPoint\",\"urlTemplate\":\"https:\\\/\\\/hijasdejesus.org\\\/pt-br\\\/?s={search_term_string}\"},\"query-input\":{\"@type\":\"PropertyValueSpecification\",\"valueRequired\":true,\"valueName\":\"search_term_string\"}}],\"inLanguage\":\"pt-BR\"},{\"@type\":\"Organization\",\"@id\":\"https:\\\/\\\/hijasdejesus.org\\\/pt-br\\\/#organization\",\"name\":\"Hijas de Jes\u00fas\",\"url\":\"https:\\\/\\\/hijasdejesus.org\\\/pt-br\\\/\",\"logo\":{\"@type\":\"ImageObject\",\"inLanguage\":\"pt-BR\",\"@id\":\"https:\\\/\\\/hijasdejesus.org\\\/pt-br\\\/#\\\/schema\\\/logo\\\/image\\\/\",\"url\":\"https:\\\/\\\/hijasdejesus.org\\\/wp-content\\\/uploads\\\/2023\\\/01\\\/Hijas-de-Jesus_hor-A7C957.png\",\"contentUrl\":\"https:\\\/\\\/hijasdejesus.org\\\/wp-content\\\/uploads\\\/2023\\\/01\\\/Hijas-de-Jesus_hor-A7C957.png\",\"width\":700,\"height\":360,\"caption\":\"Hijas de Jes\u00fas\"},\"image\":{\"@id\":\"https:\\\/\\\/hijasdejesus.org\\\/pt-br\\\/#\\\/schema\\\/logo\\\/image\\\/\"},\"sameAs\":[\"https:\\\/\\\/www.facebook.com\\\/hijasdejesusenelmundo\\\/\",\"https:\\\/\\\/x.com\\\/hijasdjesus\"]},{\"@type\":\"Person\",\"@id\":\"https:\\\/\\\/hijasdejesus.org\\\/pt-br\\\/#\\\/schema\\\/person\\\/ce4455965da733f2791f23b6ec14e9b6\",\"name\":\"Webmaster\",\"image\":{\"@type\":\"ImageObject\",\"inLanguage\":\"pt-BR\",\"@id\":\"https:\\\/\\\/secure.gravatar.com\\\/avatar\\\/cfd0acaac86c3981d541d2e99a0ffb7b6d33a5ac8989a62f5518b9e0f7ee128a?s=96&d=mm&r=g\",\"url\":\"https:\\\/\\\/secure.gravatar.com\\\/avatar\\\/cfd0acaac86c3981d541d2e99a0ffb7b6d33a5ac8989a62f5518b9e0f7ee128a?s=96&d=mm&r=g\",\"contentUrl\":\"https:\\\/\\\/secure.gravatar.com\\\/avatar\\\/cfd0acaac86c3981d541d2e99a0ffb7b6d33a5ac8989a62f5518b9e0f7ee128a?s=96&d=mm&r=g\",\"caption\":\"Webmaster\"},\"url\":\"https:\\\/\\\/hijasdejesus.org\\\/pt-br\\\/author\\\/webmaster\\\/\"}]}<\/script>\n<!-- \/ Yoast SEO plugin. -->","yoast_head_json":{"title":"Maria Inez: \"Parecer-nos cada vez mais a Jesus e transparecer seu rosto nas circunst\u00e2ncias que nos toca viver\u201d - Hijas de Jes\u00fas","robots":{"index":"index","follow":"follow","max-snippet":"max-snippet:-1","max-image-preview":"max-image-preview:large","max-video-preview":"max-video-preview:-1"},"canonical":"https:\/\/hijasdejesus.org\/pt-br\/maria-inez-parecer-nos-cada-vez-mais-a-jesus-e-transparecer-seu-rosto-nas-circunstancias-que-nos-toca-viver\/","og_locale":"pt_BR","og_type":"article","og_title":"Maria Inez: \"Parecer-nos cada vez mais a Jesus e transparecer seu rosto nas circunst\u00e2ncias que nos toca viver\u201d - Hijas de Jes\u00fas","og_description":"Dia 1\u00ba de abril nossa Superiora Geral, Maria Inez Furtado fi, terminou sua visita can\u00f4nica em Filipinas e a caminho para Mianmar, tamb\u00e9m para a visita, passou por Jap\u00e3o e esteve uns dias descansando e desfrutando a beleza da paisagem, especialmente nesta \u00e9poca da flora\u00e7\u00e3o das cerejeiras.Sentimos que n\u00e3o tenha podido desfrutar de tudo como [&hellip;]","og_url":"https:\/\/hijasdejesus.org\/pt-br\/maria-inez-parecer-nos-cada-vez-mais-a-jesus-e-transparecer-seu-rosto-nas-circunstancias-que-nos-toca-viver\/","og_site_name":"Hijas de Jes\u00fas","article_publisher":"https:\/\/www.facebook.com\/hijasdejesusenelmundo\/","article_published_time":"2017-04-09T10:46:44+00:00","article_modified_time":"2017-04-11T15:00:33+00:00","og_image":[{"width":1024,"height":768,"url":"https:\/\/hijasdejesus.org\/wp-content\/uploads\/2017\/04\/japon_minez1.JPG","type":"image\/jpeg"}],"author":"Webmaster","twitter_card":"summary_large_image","twitter_creator":"@hijasdjesus","twitter_site":"@hijasdjesus","twitter_misc":{"Escrito por":"Webmaster","Est. tempo de leitura":"2 minutos"},"schema":{"@context":"https:\/\/schema.org","@graph":[{"@type":"Article","@id":"https:\/\/hijasdejesus.org\/pt-br\/maria-inez-parecer-nos-cada-vez-mais-a-jesus-e-transparecer-seu-rosto-nas-circunstancias-que-nos-toca-viver\/#article","isPartOf":{"@id":"https:\/\/hijasdejesus.org\/pt-br\/maria-inez-parecer-nos-cada-vez-mais-a-jesus-e-transparecer-seu-rosto-nas-circunstancias-que-nos-toca-viver\/"},"author":{"name":"Webmaster","@id":"https:\/\/hijasdejesus.org\/pt-br\/#\/schema\/person\/ce4455965da733f2791f23b6ec14e9b6"},"headline":"Maria Inez: &#8220;Parecer-nos cada vez mais a Jesus e transparecer seu rosto nas circunst\u00e2ncias que nos toca viver\u201d","datePublished":"2017-04-09T10:46:44+00:00","dateModified":"2017-04-11T15:00:33+00:00","mainEntityOfPage":{"@id":"https:\/\/hijasdejesus.org\/pt-br\/maria-inez-parecer-nos-cada-vez-mais-a-jesus-e-transparecer-seu-rosto-nas-circunstancias-que-nos-toca-viver\/"},"wordCount":439,"publisher":{"@id":"https:\/\/hijasdejesus.org\/pt-br\/#organization"},"image":{"@id":"https:\/\/hijasdejesus.org\/pt-br\/maria-inez-parecer-nos-cada-vez-mais-a-jesus-e-transparecer-seu-rosto-nas-circunstancias-que-nos-toca-viver\/#primaryimage"},"thumbnailUrl":"https:\/\/hijasdejesus.org\/wp-content\/uploads\/2017\/04\/japon_minez1.JPG","keywords":["Superior Geral"],"articleSection":["Governo geral","Hijas de Jes\u00fas","\u00cdndico-Pac\u00edfico","Not\u00edcias"],"inLanguage":"pt-BR"},{"@type":"WebPage","@id":"https:\/\/hijasdejesus.org\/pt-br\/maria-inez-parecer-nos-cada-vez-mais-a-jesus-e-transparecer-seu-rosto-nas-circunstancias-que-nos-toca-viver\/","url":"https:\/\/hijasdejesus.org\/pt-br\/maria-inez-parecer-nos-cada-vez-mais-a-jesus-e-transparecer-seu-rosto-nas-circunstancias-que-nos-toca-viver\/","name":"Maria Inez: \"Parecer-nos cada vez mais a Jesus e transparecer seu rosto nas circunst\u00e2ncias que nos toca viver\u201d - Hijas de Jes\u00fas","isPartOf":{"@id":"https:\/\/hijasdejesus.org\/pt-br\/#website"},"primaryImageOfPage":{"@id":"https:\/\/hijasdejesus.org\/pt-br\/maria-inez-parecer-nos-cada-vez-mais-a-jesus-e-transparecer-seu-rosto-nas-circunstancias-que-nos-toca-viver\/#primaryimage"},"image":{"@id":"https:\/\/hijasdejesus.org\/pt-br\/maria-inez-parecer-nos-cada-vez-mais-a-jesus-e-transparecer-seu-rosto-nas-circunstancias-que-nos-toca-viver\/#primaryimage"},"thumbnailUrl":"https:\/\/hijasdejesus.org\/wp-content\/uploads\/2017\/04\/japon_minez1.JPG","datePublished":"2017-04-09T10:46:44+00:00","dateModified":"2017-04-11T15:00:33+00:00","breadcrumb":{"@id":"https:\/\/hijasdejesus.org\/pt-br\/maria-inez-parecer-nos-cada-vez-mais-a-jesus-e-transparecer-seu-rosto-nas-circunstancias-que-nos-toca-viver\/#breadcrumb"},"inLanguage":"pt-BR","potentialAction":[{"@type":"ReadAction","target":["https:\/\/hijasdejesus.org\/pt-br\/maria-inez-parecer-nos-cada-vez-mais-a-jesus-e-transparecer-seu-rosto-nas-circunstancias-que-nos-toca-viver\/"]}]},{"@type":"ImageObject","inLanguage":"pt-BR","@id":"https:\/\/hijasdejesus.org\/pt-br\/maria-inez-parecer-nos-cada-vez-mais-a-jesus-e-transparecer-seu-rosto-nas-circunstancias-que-nos-toca-viver\/#primaryimage","url":"https:\/\/hijasdejesus.org\/wp-content\/uploads\/2017\/04\/japon_minez1.JPG","contentUrl":"https:\/\/hijasdejesus.org\/wp-content\/uploads\/2017\/04\/japon_minez1.JPG","width":1024,"height":768},{"@type":"BreadcrumbList","@id":"https:\/\/hijasdejesus.org\/pt-br\/maria-inez-parecer-nos-cada-vez-mais-a-jesus-e-transparecer-seu-rosto-nas-circunstancias-que-nos-toca-viver\/#breadcrumb","itemListElement":[{"@type":"ListItem","position":1,"name":"Portada","item":"https:\/\/hijasdejesus.org\/pt-br\/"},{"@type":"ListItem","position":2,"name":"Maria Inez: \u00abParecer-nos cada vez mais a Jesus e transparecer seu rosto nas circunst\u00e2ncias que nos toca viver\u201d"}]},{"@type":"WebSite","@id":"https:\/\/hijasdejesus.org\/pt-br\/#website","url":"https:\/\/hijasdejesus.org\/pt-br\/","name":"Hijas de Jes\u00fas","description":"Despertamos a Jes\u00fas en el coraz\u00f3n, sacando lo mejor de las personas. Somos una congregaci\u00f3n religiosa ignaciana fundada por la Madre Candida","publisher":{"@id":"https:\/\/hijasdejesus.org\/pt-br\/#organization"},"potentialAction":[{"@type":"SearchAction","target":{"@type":"EntryPoint","urlTemplate":"https:\/\/hijasdejesus.org\/pt-br\/?s={search_term_string}"},"query-input":{"@type":"PropertyValueSpecification","valueRequired":true,"valueName":"search_term_string"}}],"inLanguage":"pt-BR"},{"@type":"Organization","@id":"https:\/\/hijasdejesus.org\/pt-br\/#organization","name":"Hijas de Jes\u00fas","url":"https:\/\/hijasdejesus.org\/pt-br\/","logo":{"@type":"ImageObject","inLanguage":"pt-BR","@id":"https:\/\/hijasdejesus.org\/pt-br\/#\/schema\/logo\/image\/","url":"https:\/\/hijasdejesus.org\/wp-content\/uploads\/2023\/01\/Hijas-de-Jesus_hor-A7C957.png","contentUrl":"https:\/\/hijasdejesus.org\/wp-content\/uploads\/2023\/01\/Hijas-de-Jesus_hor-A7C957.png","width":700,"height":360,"caption":"Hijas de Jes\u00fas"},"image":{"@id":"https:\/\/hijasdejesus.org\/pt-br\/#\/schema\/logo\/image\/"},"sameAs":["https:\/\/www.facebook.com\/hijasdejesusenelmundo\/","https:\/\/x.com\/hijasdjesus"]},{"@type":"Person","@id":"https:\/\/hijasdejesus.org\/pt-br\/#\/schema\/person\/ce4455965da733f2791f23b6ec14e9b6","name":"Webmaster","image":{"@type":"ImageObject","inLanguage":"pt-BR","@id":"https:\/\/secure.gravatar.com\/avatar\/cfd0acaac86c3981d541d2e99a0ffb7b6d33a5ac8989a62f5518b9e0f7ee128a?s=96&d=mm&r=g","url":"https:\/\/secure.gravatar.com\/avatar\/cfd0acaac86c3981d541d2e99a0ffb7b6d33a5ac8989a62f5518b9e0f7ee128a?s=96&d=mm&r=g","contentUrl":"https:\/\/secure.gravatar.com\/avatar\/cfd0acaac86c3981d541d2e99a0ffb7b6d33a5ac8989a62f5518b9e0f7ee128a?s=96&d=mm&r=g","caption":"Webmaster"},"url":"https:\/\/hijasdejesus.org\/pt-br\/author\/webmaster\/"}]}},"_links":{"self":[{"href":"https:\/\/hijasdejesus.org\/pt-br\/wp-json\/wp\/v2\/posts\/28329","targetHints":{"allow":["GET"]}}],"collection":[{"href":"https:\/\/hijasdejesus.org\/pt-br\/wp-json\/wp\/v2\/posts"}],"about":[{"href":"https:\/\/hijasdejesus.org\/pt-br\/wp-json\/wp\/v2\/types\/post"}],"author":[{"embeddable":true,"href":"https:\/\/hijasdejesus.org\/pt-br\/wp-json\/wp\/v2\/users\/28"}],"replies":[{"embeddable":true,"href":"https:\/\/hijasdejesus.org\/pt-br\/wp-json\/wp\/v2\/comments?post=28329"}],"version-history":[{"count":0,"href":"https:\/\/hijasdejesus.org\/pt-br\/wp-json\/wp\/v2\/posts\/28329\/revisions"}],"wp:featuredmedia":[{"embeddable":true,"href":"https:\/\/hijasdejesus.org\/pt-br\/wp-json\/wp\/v2\/media\/8696"}],"wp:attachment":[{"href":"https:\/\/hijasdejesus.org\/pt-br\/wp-json\/wp\/v2\/media?parent=28329"}],"wp:term":[{"taxonomy":"category","embeddable":true,"href":"https:\/\/hijasdejesus.org\/pt-br\/wp-json\/wp\/v2\/categories?post=28329"},{"taxonomy":"post_tag","embeddable":true,"href":"https:\/\/hijasdejesus.org\/pt-br\/wp-json\/wp\/v2\/tags?post=28329"}],"curies":[{"name":"wp","href":"https:\/\/api.w.org\/{rel}","templated":true}]}}