{"id":28342,"date":"2017-04-26T11:53:54","date_gmt":"2017-04-26T09:53:54","guid":{"rendered":"https:\/\/nueva.hijasdejesus.org\/a-vida-consagrada-esta-chamada-a-fortalecer-o-essencial-de-sua-vocacao-e-carisma\/"},"modified":"2017-04-26T20:01:07","modified_gmt":"2017-04-26T18:01:07","slug":"a-vida-consagrada-esta-chamada-a-fortalecer-o-essencial-de-sua-vocacao-e-carisma","status":"publish","type":"post","link":"https:\/\/hijasdejesus.org\/pt-br\/a-vida-consagrada-esta-chamada-a-fortalecer-o-essencial-de-sua-vocacao-e-carisma\/","title":{"rendered":"\u201cA Vida Consagrada est\u00e1 chamada a fortalecer o essencial de sua voca\u00e7\u00e3o e carisma\u201d"},"content":{"rendered":"<p style=\"text-align: justify;\"><em><\/em><\/p>\n<p style=\"text-align: justify;\">\u201cPor qu\u00ea nos custa tanto superar o excesso de \u2018instrumentalidade\u2019 que, \u00e0s vezes, caracteriza nossa VRA quando se centra demasiado na realiza\u00e7\u00e3o de servi\u00e7os (educativos, de sa\u00fade, sociais, pastorais, etc.)?\u201d. Assim pergunta a Superiora Geral, Maria Inez Furtado fi em sua \u00faltima carta circular, ao regressar da visita a Filipinas, Jap\u00e3o e Mianmar. Para ela, \u201ca Vida Consagrada est\u00e1 chamada -especialmente hoje- a entrar em uma fase nova na qual se fortale\u00e7a nosso \u2018car\u00e1ter parab\u00f3lico\u2019 obscurecido em tempos de excessivo \u2018funcionalismo\u2019, isto \u00e9, uma proposta de vida que priorize o essencial de sua pr\u00f3pria voca\u00e7\u00e3o e carisma\u201d. Por isso, concretizando em nosso ser de Filhas de Jesus, sup\u00f5e \u201co empenho s\u00e9rio e\u00a0 priorit\u00e1rio de \u201cter a Deus como Pai\u2026\u201d de parecer-nos mais e mais a Jesus \u201ccomo um filho se parece a seu Pai\u201d e de n\u00e3o se esquecer de que o \u2018bem do pr\u00f3ximo\u2019 somente se faz poss\u00edvel quando vivemos \u201csegundo a gra\u00e7a com que nos ajudar\u00e1 o Esp\u00edrito Santo\u201d e quando assumimos com alegria \u201cseguir suas pegadas at\u00e9 a cruz, certas de que morrendo com Ele, tamb\u00e9m com Ele haver\u00e3o de ressuscitar\u201d (CFI 136).<br \/>Maria Inez Furtado expressa sua alegria porque nas comunidades que acaba de visitar encontrou \u201cprojetos que apontam mais para a viv\u00eancia testemunhal dos rasgos essenciais de nosso carisma do que ao que fazemos. \u00c9 verdade que expressar assim os projetos nem sempre traz consigo ter encontrado o modo de viv\u00ea-lo, mas n\u00e3o deixa de ser mais um passo, e a vida \u00e9 n\u00e3o deixar de dar passos\u2026 e saber se alegrar com cada um deles\u201d. Para nossa Superiora Geral vivemos em um tempo de \u201cgra\u00e7a do decrescimento\u201d e agradece \u201cquando nos impele a nos deixarmos ensinar pelos outros; a nos relacionarmos mais com outras institui\u00e7\u00f5es, voca\u00e7\u00f5es e projetos; a estarmos mais integradas com os pastores, par\u00f3quias e Igrejas particulares. Quando nos ensina \u2013ainda que com sofrimento em alguns casos- a sermos mulheres de confian\u00e7a, simplicidade e humildade e, a partir da\u00ed irmos recuperando a esperan\u00e7a porque, com frequ\u00eancia e muito concretamente, experimentamos que Deus escolhe os instrumentos mais fr\u00e1geis para serem portadores de Sua for\u00e7a e apoio aos mais pequenos\u201d. Sua partilha sobre a visita termina com uma pergunta: ser\u00e1 a semente de uma nova fase em nosso Corpo? Um Corpo que vai se deixando transformar para voltar a ser pequeno e encantado com a heran\u00e7a que lhe toca: pobreza em sobriedade e gratuidade como a de Jesus; humildade agradecida e pequenez evang\u00e9lica como a de Maria; f\u00e9 e confian\u00e7a filial, sem medida nem condi\u00e7\u00f5es, como a da Madre C\u00e2ndida. Assim seja Senhor!<\/p>\n","protected":false},"excerpt":{"rendered":"<p>\u201cPor qu\u00ea nos custa tanto superar o excesso de \u2018instrumentalidade\u2019 que, \u00e0s vezes, caracteriza nossa VRA quando se centra demasiado na realiza\u00e7\u00e3o de servi\u00e7os (educativos, de sa\u00fade, sociais, pastorais, etc.)?\u201d. Assim pergunta a Superiora Geral, Maria Inez Furtado fi em sua \u00faltima carta circular, ao regressar da visita a Filipinas, Jap\u00e3o e Mianmar. Para ela, [&hellip;]<\/p>\n","protected":false},"author":28,"featured_media":13485,"comment_status":"closed","ping_status":"closed","sticky":false,"template":"","format":"standard","meta":{"_et_pb_use_builder":"","_et_pb_old_content":"","_et_gb_content_width":"","footnotes":"","_links_to":"","_links_to_target":""},"categories":[529,469,704],"tags":[],"class_list":["post-28342","post","type-post","status-publish","format-standard","has-post-thumbnail","hentry","category-hijas-de-jesus-pt-br","category-noticias-pt-br","category-vida-religiosa-pt-br"],"yoast_head":"<!-- This site is optimized with the Yoast SEO plugin v27.5 - https:\/\/yoast.com\/product\/yoast-seo-wordpress\/ -->\n<title>\u201cA Vida Consagrada est\u00e1 chamada a fortalecer o essencial de sua voca\u00e7\u00e3o e carisma\u201d - Hijas de Jes\u00fas<\/title>\n<meta name=\"robots\" content=\"index, follow, max-snippet:-1, max-image-preview:large, max-video-preview:-1\" \/>\n<link rel=\"canonical\" href=\"https:\/\/hijasdejesus.org\/pt-br\/a-vida-consagrada-esta-chamada-a-fortalecer-o-essencial-de-sua-vocacao-e-carisma\/\" \/>\n<meta property=\"og:locale\" content=\"pt_BR\" \/>\n<meta property=\"og:type\" content=\"article\" \/>\n<meta property=\"og:title\" content=\"\u201cA Vida Consagrada est\u00e1 chamada a fortalecer o essencial de sua voca\u00e7\u00e3o e carisma\u201d - Hijas de Jes\u00fas\" \/>\n<meta property=\"og:description\" content=\"\u201cPor qu\u00ea nos custa tanto superar o excesso de \u2018instrumentalidade\u2019 que, \u00e0s vezes, caracteriza nossa VRA quando se centra demasiado na realiza\u00e7\u00e3o de servi\u00e7os (educativos, de sa\u00fade, sociais, pastorais, etc.)?\u201d. Assim pergunta a Superiora Geral, Maria Inez Furtado fi em sua \u00faltima carta circular, ao regressar da visita a Filipinas, Jap\u00e3o e Mianmar. Para ela, [&hellip;]\" \/>\n<meta property=\"og:url\" content=\"https:\/\/hijasdejesus.org\/pt-br\/a-vida-consagrada-esta-chamada-a-fortalecer-o-essencial-de-sua-vocacao-e-carisma\/\" \/>\n<meta property=\"og:site_name\" content=\"Hijas de Jes\u00fas\" \/>\n<meta property=\"article:publisher\" content=\"https:\/\/www.facebook.com\/hijasdejesusenelmundo\/\" \/>\n<meta property=\"article:published_time\" content=\"2017-04-26T09:53:54+00:00\" \/>\n<meta property=\"article:modified_time\" content=\"2017-04-26T18:01:07+00:00\" \/>\n<meta property=\"og:image\" content=\"https:\/\/hijasdejesus.org\/wp-content\/uploads\/2017\/04\/fil_Postulant-Mary-May-Srs-Ma-Ines-Florie.jpg\" \/>\n\t<meta property=\"og:image:width\" content=\"1\" \/>\n\t<meta property=\"og:image:height\" content=\"1\" \/>\n\t<meta property=\"og:image:type\" content=\"image\/jpeg\" \/>\n<meta name=\"author\" content=\"Webmaster\" \/>\n<meta name=\"twitter:card\" content=\"summary_large_image\" \/>\n<meta name=\"twitter:creator\" content=\"@hijasdjesus\" \/>\n<meta name=\"twitter:site\" content=\"@hijasdjesus\" \/>\n<meta name=\"twitter:label1\" content=\"Escrito por\" \/>\n\t<meta name=\"twitter:data1\" content=\"Webmaster\" \/>\n\t<meta name=\"twitter:label2\" content=\"Est. tempo de leitura\" \/>\n\t<meta name=\"twitter:data2\" content=\"2 minutos\" \/>\n<script type=\"application\/ld+json\" class=\"yoast-schema-graph\">{\"@context\":\"https:\\\/\\\/schema.org\",\"@graph\":[{\"@type\":\"Article\",\"@id\":\"https:\\\/\\\/hijasdejesus.org\\\/pt-br\\\/a-vida-consagrada-esta-chamada-a-fortalecer-o-essencial-de-sua-vocacao-e-carisma\\\/#article\",\"isPartOf\":{\"@id\":\"https:\\\/\\\/hijasdejesus.org\\\/pt-br\\\/a-vida-consagrada-esta-chamada-a-fortalecer-o-essencial-de-sua-vocacao-e-carisma\\\/\"},\"author\":{\"name\":\"Webmaster\",\"@id\":\"https:\\\/\\\/hijasdejesus.org\\\/pt-br\\\/#\\\/schema\\\/person\\\/ce4455965da733f2791f23b6ec14e9b6\"},\"headline\":\"\u201cA Vida Consagrada est\u00e1 chamada a fortalecer o essencial de sua voca\u00e7\u00e3o e carisma\u201d\",\"datePublished\":\"2017-04-26T09:53:54+00:00\",\"dateModified\":\"2017-04-26T18:01:07+00:00\",\"mainEntityOfPage\":{\"@id\":\"https:\\\/\\\/hijasdejesus.org\\\/pt-br\\\/a-vida-consagrada-esta-chamada-a-fortalecer-o-essencial-de-sua-vocacao-e-carisma\\\/\"},\"wordCount\":477,\"publisher\":{\"@id\":\"https:\\\/\\\/hijasdejesus.org\\\/pt-br\\\/#organization\"},\"image\":{\"@id\":\"https:\\\/\\\/hijasdejesus.org\\\/pt-br\\\/a-vida-consagrada-esta-chamada-a-fortalecer-o-essencial-de-sua-vocacao-e-carisma\\\/#primaryimage\"},\"thumbnailUrl\":\"https:\\\/\\\/hijasdejesus.org\\\/wp-content\\\/uploads\\\/2017\\\/04\\\/fil_Postulant-Mary-May-Srs-Ma-Ines-Florie.jpg\",\"articleSection\":[\"Hijas de Jes\u00fas\",\"Not\u00edcias\",\"Vida Religiosa\"],\"inLanguage\":\"pt-BR\"},{\"@type\":\"WebPage\",\"@id\":\"https:\\\/\\\/hijasdejesus.org\\\/pt-br\\\/a-vida-consagrada-esta-chamada-a-fortalecer-o-essencial-de-sua-vocacao-e-carisma\\\/\",\"url\":\"https:\\\/\\\/hijasdejesus.org\\\/pt-br\\\/a-vida-consagrada-esta-chamada-a-fortalecer-o-essencial-de-sua-vocacao-e-carisma\\\/\",\"name\":\"\u201cA Vida Consagrada est\u00e1 chamada a fortalecer o essencial de sua voca\u00e7\u00e3o e carisma\u201d - Hijas de Jes\u00fas\",\"isPartOf\":{\"@id\":\"https:\\\/\\\/hijasdejesus.org\\\/pt-br\\\/#website\"},\"primaryImageOfPage\":{\"@id\":\"https:\\\/\\\/hijasdejesus.org\\\/pt-br\\\/a-vida-consagrada-esta-chamada-a-fortalecer-o-essencial-de-sua-vocacao-e-carisma\\\/#primaryimage\"},\"image\":{\"@id\":\"https:\\\/\\\/hijasdejesus.org\\\/pt-br\\\/a-vida-consagrada-esta-chamada-a-fortalecer-o-essencial-de-sua-vocacao-e-carisma\\\/#primaryimage\"},\"thumbnailUrl\":\"https:\\\/\\\/hijasdejesus.org\\\/wp-content\\\/uploads\\\/2017\\\/04\\\/fil_Postulant-Mary-May-Srs-Ma-Ines-Florie.jpg\",\"datePublished\":\"2017-04-26T09:53:54+00:00\",\"dateModified\":\"2017-04-26T18:01:07+00:00\",\"breadcrumb\":{\"@id\":\"https:\\\/\\\/hijasdejesus.org\\\/pt-br\\\/a-vida-consagrada-esta-chamada-a-fortalecer-o-essencial-de-sua-vocacao-e-carisma\\\/#breadcrumb\"},\"inLanguage\":\"pt-BR\",\"potentialAction\":[{\"@type\":\"ReadAction\",\"target\":[\"https:\\\/\\\/hijasdejesus.org\\\/pt-br\\\/a-vida-consagrada-esta-chamada-a-fortalecer-o-essencial-de-sua-vocacao-e-carisma\\\/\"]}]},{\"@type\":\"ImageObject\",\"inLanguage\":\"pt-BR\",\"@id\":\"https:\\\/\\\/hijasdejesus.org\\\/pt-br\\\/a-vida-consagrada-esta-chamada-a-fortalecer-o-essencial-de-sua-vocacao-e-carisma\\\/#primaryimage\",\"url\":\"https:\\\/\\\/hijasdejesus.org\\\/wp-content\\\/uploads\\\/2017\\\/04\\\/fil_Postulant-Mary-May-Srs-Ma-Ines-Florie.jpg\",\"contentUrl\":\"https:\\\/\\\/hijasdejesus.org\\\/wp-content\\\/uploads\\\/2017\\\/04\\\/fil_Postulant-Mary-May-Srs-Ma-Ines-Florie.jpg\"},{\"@type\":\"BreadcrumbList\",\"@id\":\"https:\\\/\\\/hijasdejesus.org\\\/pt-br\\\/a-vida-consagrada-esta-chamada-a-fortalecer-o-essencial-de-sua-vocacao-e-carisma\\\/#breadcrumb\",\"itemListElement\":[{\"@type\":\"ListItem\",\"position\":1,\"name\":\"Portada\",\"item\":\"https:\\\/\\\/hijasdejesus.org\\\/pt-br\\\/\"},{\"@type\":\"ListItem\",\"position\":2,\"name\":\"\u201cA Vida Consagrada est\u00e1 chamada a fortalecer o essencial de sua voca\u00e7\u00e3o e carisma\u201d\"}]},{\"@type\":\"WebSite\",\"@id\":\"https:\\\/\\\/hijasdejesus.org\\\/pt-br\\\/#website\",\"url\":\"https:\\\/\\\/hijasdejesus.org\\\/pt-br\\\/\",\"name\":\"Hijas de Jes\u00fas\",\"description\":\"Despertamos a Jes\u00fas en el coraz\u00f3n, sacando lo mejor de las personas. Somos una congregaci\u00f3n religiosa ignaciana fundada por la Madre Candida\",\"publisher\":{\"@id\":\"https:\\\/\\\/hijasdejesus.org\\\/pt-br\\\/#organization\"},\"potentialAction\":[{\"@type\":\"SearchAction\",\"target\":{\"@type\":\"EntryPoint\",\"urlTemplate\":\"https:\\\/\\\/hijasdejesus.org\\\/pt-br\\\/?s={search_term_string}\"},\"query-input\":{\"@type\":\"PropertyValueSpecification\",\"valueRequired\":true,\"valueName\":\"search_term_string\"}}],\"inLanguage\":\"pt-BR\"},{\"@type\":\"Organization\",\"@id\":\"https:\\\/\\\/hijasdejesus.org\\\/pt-br\\\/#organization\",\"name\":\"Hijas de Jes\u00fas\",\"url\":\"https:\\\/\\\/hijasdejesus.org\\\/pt-br\\\/\",\"logo\":{\"@type\":\"ImageObject\",\"inLanguage\":\"pt-BR\",\"@id\":\"https:\\\/\\\/hijasdejesus.org\\\/pt-br\\\/#\\\/schema\\\/logo\\\/image\\\/\",\"url\":\"https:\\\/\\\/hijasdejesus.org\\\/wp-content\\\/uploads\\\/2023\\\/01\\\/Hijas-de-Jesus_hor-A7C957.png\",\"contentUrl\":\"https:\\\/\\\/hijasdejesus.org\\\/wp-content\\\/uploads\\\/2023\\\/01\\\/Hijas-de-Jesus_hor-A7C957.png\",\"width\":700,\"height\":360,\"caption\":\"Hijas de Jes\u00fas\"},\"image\":{\"@id\":\"https:\\\/\\\/hijasdejesus.org\\\/pt-br\\\/#\\\/schema\\\/logo\\\/image\\\/\"},\"sameAs\":[\"https:\\\/\\\/www.facebook.com\\\/hijasdejesusenelmundo\\\/\",\"https:\\\/\\\/x.com\\\/hijasdjesus\"]},{\"@type\":\"Person\",\"@id\":\"https:\\\/\\\/hijasdejesus.org\\\/pt-br\\\/#\\\/schema\\\/person\\\/ce4455965da733f2791f23b6ec14e9b6\",\"name\":\"Webmaster\",\"image\":{\"@type\":\"ImageObject\",\"inLanguage\":\"pt-BR\",\"@id\":\"https:\\\/\\\/secure.gravatar.com\\\/avatar\\\/cfd0acaac86c3981d541d2e99a0ffb7b6d33a5ac8989a62f5518b9e0f7ee128a?s=96&d=mm&r=g\",\"url\":\"https:\\\/\\\/secure.gravatar.com\\\/avatar\\\/cfd0acaac86c3981d541d2e99a0ffb7b6d33a5ac8989a62f5518b9e0f7ee128a?s=96&d=mm&r=g\",\"contentUrl\":\"https:\\\/\\\/secure.gravatar.com\\\/avatar\\\/cfd0acaac86c3981d541d2e99a0ffb7b6d33a5ac8989a62f5518b9e0f7ee128a?s=96&d=mm&r=g\",\"caption\":\"Webmaster\"},\"url\":\"https:\\\/\\\/hijasdejesus.org\\\/pt-br\\\/author\\\/webmaster\\\/\"}]}<\/script>\n<!-- \/ Yoast SEO plugin. -->","yoast_head_json":{"title":"\u201cA Vida Consagrada est\u00e1 chamada a fortalecer o essencial de sua voca\u00e7\u00e3o e carisma\u201d - Hijas de Jes\u00fas","robots":{"index":"index","follow":"follow","max-snippet":"max-snippet:-1","max-image-preview":"max-image-preview:large","max-video-preview":"max-video-preview:-1"},"canonical":"https:\/\/hijasdejesus.org\/pt-br\/a-vida-consagrada-esta-chamada-a-fortalecer-o-essencial-de-sua-vocacao-e-carisma\/","og_locale":"pt_BR","og_type":"article","og_title":"\u201cA Vida Consagrada est\u00e1 chamada a fortalecer o essencial de sua voca\u00e7\u00e3o e carisma\u201d - Hijas de Jes\u00fas","og_description":"\u201cPor qu\u00ea nos custa tanto superar o excesso de \u2018instrumentalidade\u2019 que, \u00e0s vezes, caracteriza nossa VRA quando se centra demasiado na realiza\u00e7\u00e3o de servi\u00e7os (educativos, de sa\u00fade, sociais, pastorais, etc.)?\u201d. Assim pergunta a Superiora Geral, Maria Inez Furtado fi em sua \u00faltima carta circular, ao regressar da visita a Filipinas, Jap\u00e3o e Mianmar. Para ela, [&hellip;]","og_url":"https:\/\/hijasdejesus.org\/pt-br\/a-vida-consagrada-esta-chamada-a-fortalecer-o-essencial-de-sua-vocacao-e-carisma\/","og_site_name":"Hijas de Jes\u00fas","article_publisher":"https:\/\/www.facebook.com\/hijasdejesusenelmundo\/","article_published_time":"2017-04-26T09:53:54+00:00","article_modified_time":"2017-04-26T18:01:07+00:00","og_image":[{"url":"https:\/\/hijasdejesus.org\/wp-content\/uploads\/2017\/04\/fil_Postulant-Mary-May-Srs-Ma-Ines-Florie.jpg","width":1,"height":1,"type":"image\/jpeg"}],"author":"Webmaster","twitter_card":"summary_large_image","twitter_creator":"@hijasdjesus","twitter_site":"@hijasdjesus","twitter_misc":{"Escrito por":"Webmaster","Est. tempo de leitura":"2 minutos"},"schema":{"@context":"https:\/\/schema.org","@graph":[{"@type":"Article","@id":"https:\/\/hijasdejesus.org\/pt-br\/a-vida-consagrada-esta-chamada-a-fortalecer-o-essencial-de-sua-vocacao-e-carisma\/#article","isPartOf":{"@id":"https:\/\/hijasdejesus.org\/pt-br\/a-vida-consagrada-esta-chamada-a-fortalecer-o-essencial-de-sua-vocacao-e-carisma\/"},"author":{"name":"Webmaster","@id":"https:\/\/hijasdejesus.org\/pt-br\/#\/schema\/person\/ce4455965da733f2791f23b6ec14e9b6"},"headline":"\u201cA Vida Consagrada est\u00e1 chamada a fortalecer o essencial de sua voca\u00e7\u00e3o e carisma\u201d","datePublished":"2017-04-26T09:53:54+00:00","dateModified":"2017-04-26T18:01:07+00:00","mainEntityOfPage":{"@id":"https:\/\/hijasdejesus.org\/pt-br\/a-vida-consagrada-esta-chamada-a-fortalecer-o-essencial-de-sua-vocacao-e-carisma\/"},"wordCount":477,"publisher":{"@id":"https:\/\/hijasdejesus.org\/pt-br\/#organization"},"image":{"@id":"https:\/\/hijasdejesus.org\/pt-br\/a-vida-consagrada-esta-chamada-a-fortalecer-o-essencial-de-sua-vocacao-e-carisma\/#primaryimage"},"thumbnailUrl":"https:\/\/hijasdejesus.org\/wp-content\/uploads\/2017\/04\/fil_Postulant-Mary-May-Srs-Ma-Ines-Florie.jpg","articleSection":["Hijas de Jes\u00fas","Not\u00edcias","Vida Religiosa"],"inLanguage":"pt-BR"},{"@type":"WebPage","@id":"https:\/\/hijasdejesus.org\/pt-br\/a-vida-consagrada-esta-chamada-a-fortalecer-o-essencial-de-sua-vocacao-e-carisma\/","url":"https:\/\/hijasdejesus.org\/pt-br\/a-vida-consagrada-esta-chamada-a-fortalecer-o-essencial-de-sua-vocacao-e-carisma\/","name":"\u201cA Vida Consagrada est\u00e1 chamada a fortalecer o essencial de sua voca\u00e7\u00e3o e carisma\u201d - Hijas de Jes\u00fas","isPartOf":{"@id":"https:\/\/hijasdejesus.org\/pt-br\/#website"},"primaryImageOfPage":{"@id":"https:\/\/hijasdejesus.org\/pt-br\/a-vida-consagrada-esta-chamada-a-fortalecer-o-essencial-de-sua-vocacao-e-carisma\/#primaryimage"},"image":{"@id":"https:\/\/hijasdejesus.org\/pt-br\/a-vida-consagrada-esta-chamada-a-fortalecer-o-essencial-de-sua-vocacao-e-carisma\/#primaryimage"},"thumbnailUrl":"https:\/\/hijasdejesus.org\/wp-content\/uploads\/2017\/04\/fil_Postulant-Mary-May-Srs-Ma-Ines-Florie.jpg","datePublished":"2017-04-26T09:53:54+00:00","dateModified":"2017-04-26T18:01:07+00:00","breadcrumb":{"@id":"https:\/\/hijasdejesus.org\/pt-br\/a-vida-consagrada-esta-chamada-a-fortalecer-o-essencial-de-sua-vocacao-e-carisma\/#breadcrumb"},"inLanguage":"pt-BR","potentialAction":[{"@type":"ReadAction","target":["https:\/\/hijasdejesus.org\/pt-br\/a-vida-consagrada-esta-chamada-a-fortalecer-o-essencial-de-sua-vocacao-e-carisma\/"]}]},{"@type":"ImageObject","inLanguage":"pt-BR","@id":"https:\/\/hijasdejesus.org\/pt-br\/a-vida-consagrada-esta-chamada-a-fortalecer-o-essencial-de-sua-vocacao-e-carisma\/#primaryimage","url":"https:\/\/hijasdejesus.org\/wp-content\/uploads\/2017\/04\/fil_Postulant-Mary-May-Srs-Ma-Ines-Florie.jpg","contentUrl":"https:\/\/hijasdejesus.org\/wp-content\/uploads\/2017\/04\/fil_Postulant-Mary-May-Srs-Ma-Ines-Florie.jpg"},{"@type":"BreadcrumbList","@id":"https:\/\/hijasdejesus.org\/pt-br\/a-vida-consagrada-esta-chamada-a-fortalecer-o-essencial-de-sua-vocacao-e-carisma\/#breadcrumb","itemListElement":[{"@type":"ListItem","position":1,"name":"Portada","item":"https:\/\/hijasdejesus.org\/pt-br\/"},{"@type":"ListItem","position":2,"name":"\u201cA Vida Consagrada est\u00e1 chamada a fortalecer o essencial de sua voca\u00e7\u00e3o e carisma\u201d"}]},{"@type":"WebSite","@id":"https:\/\/hijasdejesus.org\/pt-br\/#website","url":"https:\/\/hijasdejesus.org\/pt-br\/","name":"Hijas de Jes\u00fas","description":"Despertamos a Jes\u00fas en el coraz\u00f3n, sacando lo mejor de las personas. Somos una congregaci\u00f3n religiosa ignaciana fundada por la Madre Candida","publisher":{"@id":"https:\/\/hijasdejesus.org\/pt-br\/#organization"},"potentialAction":[{"@type":"SearchAction","target":{"@type":"EntryPoint","urlTemplate":"https:\/\/hijasdejesus.org\/pt-br\/?s={search_term_string}"},"query-input":{"@type":"PropertyValueSpecification","valueRequired":true,"valueName":"search_term_string"}}],"inLanguage":"pt-BR"},{"@type":"Organization","@id":"https:\/\/hijasdejesus.org\/pt-br\/#organization","name":"Hijas de Jes\u00fas","url":"https:\/\/hijasdejesus.org\/pt-br\/","logo":{"@type":"ImageObject","inLanguage":"pt-BR","@id":"https:\/\/hijasdejesus.org\/pt-br\/#\/schema\/logo\/image\/","url":"https:\/\/hijasdejesus.org\/wp-content\/uploads\/2023\/01\/Hijas-de-Jesus_hor-A7C957.png","contentUrl":"https:\/\/hijasdejesus.org\/wp-content\/uploads\/2023\/01\/Hijas-de-Jesus_hor-A7C957.png","width":700,"height":360,"caption":"Hijas de Jes\u00fas"},"image":{"@id":"https:\/\/hijasdejesus.org\/pt-br\/#\/schema\/logo\/image\/"},"sameAs":["https:\/\/www.facebook.com\/hijasdejesusenelmundo\/","https:\/\/x.com\/hijasdjesus"]},{"@type":"Person","@id":"https:\/\/hijasdejesus.org\/pt-br\/#\/schema\/person\/ce4455965da733f2791f23b6ec14e9b6","name":"Webmaster","image":{"@type":"ImageObject","inLanguage":"pt-BR","@id":"https:\/\/secure.gravatar.com\/avatar\/cfd0acaac86c3981d541d2e99a0ffb7b6d33a5ac8989a62f5518b9e0f7ee128a?s=96&d=mm&r=g","url":"https:\/\/secure.gravatar.com\/avatar\/cfd0acaac86c3981d541d2e99a0ffb7b6d33a5ac8989a62f5518b9e0f7ee128a?s=96&d=mm&r=g","contentUrl":"https:\/\/secure.gravatar.com\/avatar\/cfd0acaac86c3981d541d2e99a0ffb7b6d33a5ac8989a62f5518b9e0f7ee128a?s=96&d=mm&r=g","caption":"Webmaster"},"url":"https:\/\/hijasdejesus.org\/pt-br\/author\/webmaster\/"}]}},"_links":{"self":[{"href":"https:\/\/hijasdejesus.org\/pt-br\/wp-json\/wp\/v2\/posts\/28342","targetHints":{"allow":["GET"]}}],"collection":[{"href":"https:\/\/hijasdejesus.org\/pt-br\/wp-json\/wp\/v2\/posts"}],"about":[{"href":"https:\/\/hijasdejesus.org\/pt-br\/wp-json\/wp\/v2\/types\/post"}],"author":[{"embeddable":true,"href":"https:\/\/hijasdejesus.org\/pt-br\/wp-json\/wp\/v2\/users\/28"}],"replies":[{"embeddable":true,"href":"https:\/\/hijasdejesus.org\/pt-br\/wp-json\/wp\/v2\/comments?post=28342"}],"version-history":[{"count":0,"href":"https:\/\/hijasdejesus.org\/pt-br\/wp-json\/wp\/v2\/posts\/28342\/revisions"}],"wp:featuredmedia":[{"embeddable":true,"href":"https:\/\/hijasdejesus.org\/pt-br\/wp-json\/wp\/v2\/media\/13485"}],"wp:attachment":[{"href":"https:\/\/hijasdejesus.org\/pt-br\/wp-json\/wp\/v2\/media?parent=28342"}],"wp:term":[{"taxonomy":"category","embeddable":true,"href":"https:\/\/hijasdejesus.org\/pt-br\/wp-json\/wp\/v2\/categories?post=28342"},{"taxonomy":"post_tag","embeddable":true,"href":"https:\/\/hijasdejesus.org\/pt-br\/wp-json\/wp\/v2\/tags?post=28342"}],"curies":[{"name":"wp","href":"https:\/\/api.w.org\/{rel}","templated":true}]}}