{"id":28351,"date":"2017-04-27T13:00:46","date_gmt":"2017-04-27T11:00:46","guid":{"rendered":"https:\/\/nueva.hijasdejesus.org\/m-antonia-bandres-fi-toda-so-e-sempre-quero-ser-tua\/"},"modified":"2017-04-28T12:12:41","modified_gmt":"2017-04-28T10:12:41","slug":"m-antonia-bandres-fi-toda-so-e-sempre-quero-ser-tua","status":"publish","type":"post","link":"https:\/\/hijasdejesus.org\/pt-br\/m-antonia-bandres-fi-toda-so-e-sempre-quero-ser-tua\/","title":{"rendered":"M\u00aa Antonia Bandr\u00e9s fi: &#8220;Toda, s\u00f3 e sempre, quero ser tua&#8221;"},"content":{"rendered":"<p style=\"text-align: justify;\">Celebramos dia 27 de abril o verdadeiro nascimento \u00e0 vida de Maria Antonia Bandr\u00e9s fi. Com ela podemos aprender a entrega incondicional a Jesus, a totalidade na doa\u00e7\u00e3o, a fidelidade no pequeno e no ordin\u00e1rio da vida: \u201cao fazer, fazer inteiramente\u201d \u00e9 como uma guerra \u00e0 mediocridade.<br \/>Junto \u00e0 nossa Fundadora, de quem todas recebemos o esp\u00edrito de Filhas de Jesus que hoje nos une, coloquemo-la como intercessora junto a Jesus, e como exemplo na radicalidade do seguimento.<\/p>\n<p>Express\u00f5es tiradas das anota\u00e7\u00f5es espirituais da Beata Maria Antonia Bandr\u00e9s: \u201cEm tuas m\u00e3os, meu Jesus, abandono-me incondicionalmente. Por Maria, tua miseric\u00f3rdia me receba porque toda, s\u00f3 e sempre, quero ser tua. Tu \u00e9s meu princ\u00edpio, fim e todas as coisas, e quero me orientar a esse c\u00e9u que me preparas pela perfeita observ\u00e2ncia das santas regras e costumes das Filhas de Jesus, propagando o zelo pelas almas com o exemplo, a palavra e a ora\u00e7\u00e3o. <br \/>Meus desejos de santidade s\u00e3o grandes, mas o esp\u00edrito de sacrif\u00edcio e amor \u00e0 cruz, muito pequenos. D\u00e1-me, Jesus, o cora\u00e7\u00e3o desprendido dos santos, com uma sincera indiferen\u00e7a para tudo o que a obedi\u00eancia me ordenar, e que o cumpra sem desculpas, custe o que custar, pensando em tua vontade\u201d. \u00a0<\/p>\n<p style=\"text-align: justify;\"><strong>Compartilhamos sua vida<\/strong><br \/>Nasce em Tolosa (Espanha) em 06 de mar\u00e7o de 1898. Foi a segunda de 15 irm\u00e3os. Antonita sentia um amor entranh\u00e1vel a seus pais e irm\u00e3os, por isso, afetivamente, custou-lhe muito a separa\u00e7\u00e3o quando ingressou no noviciado. Algu\u00e9m a escutou dizer: \u201cSomente por Deus eu os deixei\u201d. <br \/>Naquele lar se vivia a f\u00e9 e a caridade crist\u00e3. Sua m\u00e3e, Teresa, era uma mulher exemplar e santa, que soube ajudar os filhos a crescerem em tudo, especialmente no amor a Deus, a Maria e aos mais pobres e necessitados. <br \/>Sua sa\u00fade era um tanto fraca. Seus pais tiveram cuidados especiais com ela. A debilidade e o excessivo zelo dos familiares ajudaram a acentuar naquela menina um car\u00e1ter sens\u00edvel at\u00e9 a suscetibilidade, que nos primeiros anos chegou a preocupar sua m\u00e3e: \u201cQue menina cansativa! Ir\u00e1 sofrer com este car\u00e1ter!\u201d. E sofreu sim, mas sem que se apagasse de seus l\u00e1bios o sorriso, embora, algumas vezes, matizado pela melancolia.<br \/>Fez seus estudos no col\u00e9gio de S\u00e3o Jos\u00e9 (Tolosa), fundado pela Madre C\u00e2ndida que, l\u00e1, conheceu a encantadora Antonita ainda menina. Cativada por seu olhar profundo e transparente a Madre C\u00e2ndida profetizou: \u201cTu ser\u00e1s Filha de Jesus\u201d. Sem d\u00favida estas palavras ficaram gravadas com desejo de resposta fiel em seu cora\u00e7\u00e3o, que j\u00e1 queria ser s\u00f3 de Jesus.<br \/>O amor \u00e0 Virgem, que tinha germinado nos bra\u00e7os de sua m\u00e3e, floresceu no col\u00e9gio marcado pela invoca\u00e7\u00e3o da Virgem do Belo Amor. Mar\u00eda Antonia Bandr\u00e9s foi congregada mariana por m\u00e9ritos de conduta e aplica\u00e7\u00e3o. <\/p>\n<p><strong>Seu amor aos pobres e necessitados<\/strong><br \/>Com eles compartia, desde menina, suas economias e tudo o que tinha, e soube sempre praticar as obras de miseric\u00f3rdia com simplicidade e naturalidade para que ningu\u00e9m se sentisse ferido.\u00a0 Para Antonita, seguir Jesus Cristo e estar pr\u00f3xima aos pobres era a mesma coisa. Aprendera de seus pais que o amor aos outros era um dever. <br \/>Primeiro visitava-os com sua m\u00e3e; depois, com 14 ou 15 anos, ia ao encontro deles com a simplicidade e humildade que a caracterizavam. \u00c0s vezes, quando o lugar ou a pessoa visitada poderiam supor algum risco, a acompanhava Francisca, uma empregada de sua casa, c\u00famplice na caridade e no sil\u00eancio com que Maria Antonia atuava em situa\u00e7\u00f5es dif\u00edceis: aquela velhinha da favela que respondia com gritos e mau humor \u00e0 sua ternura; o marido amea\u00e7ador que se acalmava somente quando \u201ca senhorita\u201d o esperava em sua pr\u00f3pria casa, para evitar o terror das crian\u00e7as; as oper\u00e1rias do sindicato, para quem ela era \u201cdiferente das demais, embora todas fossem boas\u201d; lugares, pessoas nas quais a passagem de Mar\u00eda Antonia deixou marcas.. <\/p>\n<p><strong>Seu chamado<\/strong><br \/>O chamado para ser Filha de Jesus encontrou seu cora\u00e7\u00e3o bem disposto. A decis\u00e3o estava tomada.\u00a0 . Realiz\u00e1-la era-lhe muito custoso, mas chegaria a bom termo: \u201c\u00c9 preciso chegar ao cume\u201d. E Maria Antonia iniciou aquela subida, que nunca teve retrocessos. As pedras do caminho foram ferindo seus p\u00e9s sem que jamais se detivesse para cobrir as feridas. Era natural sofrer por Jesus, \u201cque tanto sofreu por n\u00f3s\u201d. Ter algo a lhe oferecer era uma compensa\u00e7\u00e3o a seus desejos de doa\u00e7\u00e3o total, porque, \u201cao fazer, fazer inteiramente\u201d.<\/p>\n<p><strong>Entrega total para o bem de&#8230;<\/strong> <br \/>Movida por um impulso do Esp\u00edrito Santo ofereceu a Deus sua vida por quem fora seu padrinho de batismo, o querido tio Ant\u00f3n. Por ter uma postura agn\u00f3stica, ele manifestou a Antonita seu desacordo quando ela foi ao Noviciado, mas logo compreendeu o gesto misericordioso de sua afilhada e descobriu, atrav\u00e9s dele, a miseric\u00f3rdia do Pai que o acolheu em seus bra\u00e7os em um dia de gra\u00e7a e de perd\u00e3o, sob o olhar materno da\u00a0 Virgem de Ar\u00e1nzazu. <br \/>Para os \u00faltimos instantes de Antonita estavam reservadas gra\u00e7as de paz e a consola\u00e7\u00e3o verdadeira: \u201cIsto \u00e9 morrer? Como \u00e9 doce morrer na vida religiosa! Sinto que a Virgem est\u00e1 ao meu lado, que Jes\u00fas me ama e eu o amo\u2026\u201d<\/p>\n","protected":false},"excerpt":{"rendered":"<p>Celebramos dia 27 de abril o verdadeiro nascimento \u00e0 vida de Maria Antonia Bandr\u00e9s fi. Com ela podemos aprender a entrega incondicional a Jesus, a totalidade na doa\u00e7\u00e3o, a fidelidade no pequeno e no ordin\u00e1rio da vida: \u201cao fazer, fazer inteiramente\u201d \u00e9 como uma guerra \u00e0 mediocridade.Junto \u00e0 nossa Fundadora, de quem todas recebemos o [&hellip;]<\/p>\n","protected":false},"author":28,"featured_media":8780,"comment_status":"closed","ping_status":"closed","sticky":false,"template":"","format":"standard","meta":{"_et_pb_use_builder":"","_et_pb_old_content":"","_et_gb_content_width":"","footnotes":"","_links_to":"","_links_to_target":""},"categories":[529,469],"tags":[],"class_list":["post-28351","post","type-post","status-publish","format-standard","has-post-thumbnail","hentry","category-hijas-de-jesus-pt-br","category-noticias-pt-br"],"yoast_head":"<!-- This site is optimized with the Yoast SEO plugin v27.4 - https:\/\/yoast.com\/product\/yoast-seo-wordpress\/ -->\n<title>M\u00aa Antonia Bandr\u00e9s fi: &quot;Toda, s\u00f3 e sempre, quero ser tua&quot; - Hijas de Jes\u00fas<\/title>\n<meta name=\"robots\" content=\"index, follow, max-snippet:-1, max-image-preview:large, max-video-preview:-1\" \/>\n<link rel=\"canonical\" href=\"https:\/\/hijasdejesus.org\/pt-br\/m-antonia-bandres-fi-toda-so-e-sempre-quero-ser-tua\/\" \/>\n<meta property=\"og:locale\" content=\"pt_BR\" \/>\n<meta property=\"og:type\" content=\"article\" \/>\n<meta property=\"og:title\" content=\"M\u00aa Antonia Bandr\u00e9s fi: &quot;Toda, s\u00f3 e sempre, quero ser tua&quot; - Hijas de Jes\u00fas\" \/>\n<meta property=\"og:description\" content=\"Celebramos dia 27 de abril o verdadeiro nascimento \u00e0 vida de Maria Antonia Bandr\u00e9s fi. Com ela podemos aprender a entrega incondicional a Jesus, a totalidade na doa\u00e7\u00e3o, a fidelidade no pequeno e no ordin\u00e1rio da vida: \u201cao fazer, fazer inteiramente\u201d \u00e9 como uma guerra \u00e0 mediocridade.Junto \u00e0 nossa Fundadora, de quem todas recebemos o [&hellip;]\" \/>\n<meta property=\"og:url\" content=\"https:\/\/hijasdejesus.org\/pt-br\/m-antonia-bandres-fi-toda-so-e-sempre-quero-ser-tua\/\" \/>\n<meta property=\"og:site_name\" content=\"Hijas de Jes\u00fas\" \/>\n<meta property=\"article:publisher\" content=\"https:\/\/www.facebook.com\/hijasdejesusenelmundo\/\" \/>\n<meta property=\"article:published_time\" content=\"2017-04-27T11:00:46+00:00\" \/>\n<meta property=\"article:modified_time\" content=\"2017-04-28T10:12:41+00:00\" \/>\n<meta property=\"og:image\" content=\"https:\/\/hijasdejesus.org\/wp-content\/uploads\/2017\/04\/antonita.jpg\" \/>\n\t<meta property=\"og:image:width\" content=\"480\" \/>\n\t<meta property=\"og:image:height\" content=\"240\" \/>\n\t<meta property=\"og:image:type\" content=\"image\/jpeg\" \/>\n<meta name=\"author\" content=\"Webmaster\" \/>\n<meta name=\"twitter:card\" content=\"summary_large_image\" \/>\n<meta name=\"twitter:creator\" content=\"@hijasdjesus\" \/>\n<meta name=\"twitter:site\" content=\"@hijasdjesus\" \/>\n<meta name=\"twitter:label1\" content=\"Escrito por\" \/>\n\t<meta name=\"twitter:data1\" content=\"Webmaster\" \/>\n\t<meta name=\"twitter:label2\" content=\"Est. tempo de leitura\" \/>\n\t<meta name=\"twitter:data2\" content=\"5 minutos\" \/>\n<script type=\"application\/ld+json\" class=\"yoast-schema-graph\">{\"@context\":\"https:\\\/\\\/schema.org\",\"@graph\":[{\"@type\":\"Article\",\"@id\":\"https:\\\/\\\/hijasdejesus.org\\\/pt-br\\\/m-antonia-bandres-fi-toda-so-e-sempre-quero-ser-tua\\\/#article\",\"isPartOf\":{\"@id\":\"https:\\\/\\\/hijasdejesus.org\\\/pt-br\\\/m-antonia-bandres-fi-toda-so-e-sempre-quero-ser-tua\\\/\"},\"author\":{\"name\":\"Webmaster\",\"@id\":\"https:\\\/\\\/hijasdejesus.org\\\/pt-br\\\/#\\\/schema\\\/person\\\/ce4455965da733f2791f23b6ec14e9b6\"},\"headline\":\"M\u00aa Antonia Bandr\u00e9s fi: &#8220;Toda, s\u00f3 e sempre, quero ser tua&#8221;\",\"datePublished\":\"2017-04-27T11:00:46+00:00\",\"dateModified\":\"2017-04-28T10:12:41+00:00\",\"mainEntityOfPage\":{\"@id\":\"https:\\\/\\\/hijasdejesus.org\\\/pt-br\\\/m-antonia-bandres-fi-toda-so-e-sempre-quero-ser-tua\\\/\"},\"wordCount\":926,\"publisher\":{\"@id\":\"https:\\\/\\\/hijasdejesus.org\\\/pt-br\\\/#organization\"},\"image\":{\"@id\":\"https:\\\/\\\/hijasdejesus.org\\\/pt-br\\\/m-antonia-bandres-fi-toda-so-e-sempre-quero-ser-tua\\\/#primaryimage\"},\"thumbnailUrl\":\"https:\\\/\\\/hijasdejesus.org\\\/wp-content\\\/uploads\\\/2017\\\/04\\\/antonita.jpg\",\"articleSection\":[\"Hijas de Jes\u00fas\",\"Not\u00edcias\"],\"inLanguage\":\"pt-BR\"},{\"@type\":\"WebPage\",\"@id\":\"https:\\\/\\\/hijasdejesus.org\\\/pt-br\\\/m-antonia-bandres-fi-toda-so-e-sempre-quero-ser-tua\\\/\",\"url\":\"https:\\\/\\\/hijasdejesus.org\\\/pt-br\\\/m-antonia-bandres-fi-toda-so-e-sempre-quero-ser-tua\\\/\",\"name\":\"M\u00aa Antonia Bandr\u00e9s fi: \\\"Toda, s\u00f3 e sempre, quero ser tua\\\" - Hijas de Jes\u00fas\",\"isPartOf\":{\"@id\":\"https:\\\/\\\/hijasdejesus.org\\\/pt-br\\\/#website\"},\"primaryImageOfPage\":{\"@id\":\"https:\\\/\\\/hijasdejesus.org\\\/pt-br\\\/m-antonia-bandres-fi-toda-so-e-sempre-quero-ser-tua\\\/#primaryimage\"},\"image\":{\"@id\":\"https:\\\/\\\/hijasdejesus.org\\\/pt-br\\\/m-antonia-bandres-fi-toda-so-e-sempre-quero-ser-tua\\\/#primaryimage\"},\"thumbnailUrl\":\"https:\\\/\\\/hijasdejesus.org\\\/wp-content\\\/uploads\\\/2017\\\/04\\\/antonita.jpg\",\"datePublished\":\"2017-04-27T11:00:46+00:00\",\"dateModified\":\"2017-04-28T10:12:41+00:00\",\"breadcrumb\":{\"@id\":\"https:\\\/\\\/hijasdejesus.org\\\/pt-br\\\/m-antonia-bandres-fi-toda-so-e-sempre-quero-ser-tua\\\/#breadcrumb\"},\"inLanguage\":\"pt-BR\",\"potentialAction\":[{\"@type\":\"ReadAction\",\"target\":[\"https:\\\/\\\/hijasdejesus.org\\\/pt-br\\\/m-antonia-bandres-fi-toda-so-e-sempre-quero-ser-tua\\\/\"]}]},{\"@type\":\"ImageObject\",\"inLanguage\":\"pt-BR\",\"@id\":\"https:\\\/\\\/hijasdejesus.org\\\/pt-br\\\/m-antonia-bandres-fi-toda-so-e-sempre-quero-ser-tua\\\/#primaryimage\",\"url\":\"https:\\\/\\\/hijasdejesus.org\\\/wp-content\\\/uploads\\\/2017\\\/04\\\/antonita.jpg\",\"contentUrl\":\"https:\\\/\\\/hijasdejesus.org\\\/wp-content\\\/uploads\\\/2017\\\/04\\\/antonita.jpg\",\"width\":480,\"height\":240},{\"@type\":\"BreadcrumbList\",\"@id\":\"https:\\\/\\\/hijasdejesus.org\\\/pt-br\\\/m-antonia-bandres-fi-toda-so-e-sempre-quero-ser-tua\\\/#breadcrumb\",\"itemListElement\":[{\"@type\":\"ListItem\",\"position\":1,\"name\":\"Portada\",\"item\":\"https:\\\/\\\/hijasdejesus.org\\\/pt-br\\\/\"},{\"@type\":\"ListItem\",\"position\":2,\"name\":\"M\u00aa Antonia Bandr\u00e9s fi: \u00abToda, s\u00f3 e sempre, quero ser tua\u00bb\"}]},{\"@type\":\"WebSite\",\"@id\":\"https:\\\/\\\/hijasdejesus.org\\\/pt-br\\\/#website\",\"url\":\"https:\\\/\\\/hijasdejesus.org\\\/pt-br\\\/\",\"name\":\"Hijas de Jes\u00fas\",\"description\":\"Despertamos a Jes\u00fas en el coraz\u00f3n, sacando lo mejor de las personas. Somos una congregaci\u00f3n religiosa ignaciana fundada por la Madre Candida\",\"publisher\":{\"@id\":\"https:\\\/\\\/hijasdejesus.org\\\/pt-br\\\/#organization\"},\"potentialAction\":[{\"@type\":\"SearchAction\",\"target\":{\"@type\":\"EntryPoint\",\"urlTemplate\":\"https:\\\/\\\/hijasdejesus.org\\\/pt-br\\\/?s={search_term_string}\"},\"query-input\":{\"@type\":\"PropertyValueSpecification\",\"valueRequired\":true,\"valueName\":\"search_term_string\"}}],\"inLanguage\":\"pt-BR\"},{\"@type\":\"Organization\",\"@id\":\"https:\\\/\\\/hijasdejesus.org\\\/pt-br\\\/#organization\",\"name\":\"Hijas de Jes\u00fas\",\"url\":\"https:\\\/\\\/hijasdejesus.org\\\/pt-br\\\/\",\"logo\":{\"@type\":\"ImageObject\",\"inLanguage\":\"pt-BR\",\"@id\":\"https:\\\/\\\/hijasdejesus.org\\\/pt-br\\\/#\\\/schema\\\/logo\\\/image\\\/\",\"url\":\"https:\\\/\\\/hijasdejesus.org\\\/wp-content\\\/uploads\\\/2023\\\/01\\\/Hijas-de-Jesus_hor-A7C957.png\",\"contentUrl\":\"https:\\\/\\\/hijasdejesus.org\\\/wp-content\\\/uploads\\\/2023\\\/01\\\/Hijas-de-Jesus_hor-A7C957.png\",\"width\":700,\"height\":360,\"caption\":\"Hijas de Jes\u00fas\"},\"image\":{\"@id\":\"https:\\\/\\\/hijasdejesus.org\\\/pt-br\\\/#\\\/schema\\\/logo\\\/image\\\/\"},\"sameAs\":[\"https:\\\/\\\/www.facebook.com\\\/hijasdejesusenelmundo\\\/\",\"https:\\\/\\\/x.com\\\/hijasdjesus\"]},{\"@type\":\"Person\",\"@id\":\"https:\\\/\\\/hijasdejesus.org\\\/pt-br\\\/#\\\/schema\\\/person\\\/ce4455965da733f2791f23b6ec14e9b6\",\"name\":\"Webmaster\",\"image\":{\"@type\":\"ImageObject\",\"inLanguage\":\"pt-BR\",\"@id\":\"https:\\\/\\\/secure.gravatar.com\\\/avatar\\\/cfd0acaac86c3981d541d2e99a0ffb7b6d33a5ac8989a62f5518b9e0f7ee128a?s=96&d=mm&r=g\",\"url\":\"https:\\\/\\\/secure.gravatar.com\\\/avatar\\\/cfd0acaac86c3981d541d2e99a0ffb7b6d33a5ac8989a62f5518b9e0f7ee128a?s=96&d=mm&r=g\",\"contentUrl\":\"https:\\\/\\\/secure.gravatar.com\\\/avatar\\\/cfd0acaac86c3981d541d2e99a0ffb7b6d33a5ac8989a62f5518b9e0f7ee128a?s=96&d=mm&r=g\",\"caption\":\"Webmaster\"},\"url\":\"https:\\\/\\\/hijasdejesus.org\\\/pt-br\\\/author\\\/webmaster\\\/\"}]}<\/script>\n<!-- \/ Yoast SEO plugin. -->","yoast_head_json":{"title":"M\u00aa Antonia Bandr\u00e9s fi: \"Toda, s\u00f3 e sempre, quero ser tua\" - Hijas de Jes\u00fas","robots":{"index":"index","follow":"follow","max-snippet":"max-snippet:-1","max-image-preview":"max-image-preview:large","max-video-preview":"max-video-preview:-1"},"canonical":"https:\/\/hijasdejesus.org\/pt-br\/m-antonia-bandres-fi-toda-so-e-sempre-quero-ser-tua\/","og_locale":"pt_BR","og_type":"article","og_title":"M\u00aa Antonia Bandr\u00e9s fi: \"Toda, s\u00f3 e sempre, quero ser tua\" - Hijas de Jes\u00fas","og_description":"Celebramos dia 27 de abril o verdadeiro nascimento \u00e0 vida de Maria Antonia Bandr\u00e9s fi. Com ela podemos aprender a entrega incondicional a Jesus, a totalidade na doa\u00e7\u00e3o, a fidelidade no pequeno e no ordin\u00e1rio da vida: \u201cao fazer, fazer inteiramente\u201d \u00e9 como uma guerra \u00e0 mediocridade.Junto \u00e0 nossa Fundadora, de quem todas recebemos o [&hellip;]","og_url":"https:\/\/hijasdejesus.org\/pt-br\/m-antonia-bandres-fi-toda-so-e-sempre-quero-ser-tua\/","og_site_name":"Hijas de Jes\u00fas","article_publisher":"https:\/\/www.facebook.com\/hijasdejesusenelmundo\/","article_published_time":"2017-04-27T11:00:46+00:00","article_modified_time":"2017-04-28T10:12:41+00:00","og_image":[{"width":480,"height":240,"url":"https:\/\/hijasdejesus.org\/wp-content\/uploads\/2017\/04\/antonita.jpg","type":"image\/jpeg"}],"author":"Webmaster","twitter_card":"summary_large_image","twitter_creator":"@hijasdjesus","twitter_site":"@hijasdjesus","twitter_misc":{"Escrito por":"Webmaster","Est. tempo de leitura":"5 minutos"},"schema":{"@context":"https:\/\/schema.org","@graph":[{"@type":"Article","@id":"https:\/\/hijasdejesus.org\/pt-br\/m-antonia-bandres-fi-toda-so-e-sempre-quero-ser-tua\/#article","isPartOf":{"@id":"https:\/\/hijasdejesus.org\/pt-br\/m-antonia-bandres-fi-toda-so-e-sempre-quero-ser-tua\/"},"author":{"name":"Webmaster","@id":"https:\/\/hijasdejesus.org\/pt-br\/#\/schema\/person\/ce4455965da733f2791f23b6ec14e9b6"},"headline":"M\u00aa Antonia Bandr\u00e9s fi: &#8220;Toda, s\u00f3 e sempre, quero ser tua&#8221;","datePublished":"2017-04-27T11:00:46+00:00","dateModified":"2017-04-28T10:12:41+00:00","mainEntityOfPage":{"@id":"https:\/\/hijasdejesus.org\/pt-br\/m-antonia-bandres-fi-toda-so-e-sempre-quero-ser-tua\/"},"wordCount":926,"publisher":{"@id":"https:\/\/hijasdejesus.org\/pt-br\/#organization"},"image":{"@id":"https:\/\/hijasdejesus.org\/pt-br\/m-antonia-bandres-fi-toda-so-e-sempre-quero-ser-tua\/#primaryimage"},"thumbnailUrl":"https:\/\/hijasdejesus.org\/wp-content\/uploads\/2017\/04\/antonita.jpg","articleSection":["Hijas de Jes\u00fas","Not\u00edcias"],"inLanguage":"pt-BR"},{"@type":"WebPage","@id":"https:\/\/hijasdejesus.org\/pt-br\/m-antonia-bandres-fi-toda-so-e-sempre-quero-ser-tua\/","url":"https:\/\/hijasdejesus.org\/pt-br\/m-antonia-bandres-fi-toda-so-e-sempre-quero-ser-tua\/","name":"M\u00aa Antonia Bandr\u00e9s fi: \"Toda, s\u00f3 e sempre, quero ser tua\" - Hijas de Jes\u00fas","isPartOf":{"@id":"https:\/\/hijasdejesus.org\/pt-br\/#website"},"primaryImageOfPage":{"@id":"https:\/\/hijasdejesus.org\/pt-br\/m-antonia-bandres-fi-toda-so-e-sempre-quero-ser-tua\/#primaryimage"},"image":{"@id":"https:\/\/hijasdejesus.org\/pt-br\/m-antonia-bandres-fi-toda-so-e-sempre-quero-ser-tua\/#primaryimage"},"thumbnailUrl":"https:\/\/hijasdejesus.org\/wp-content\/uploads\/2017\/04\/antonita.jpg","datePublished":"2017-04-27T11:00:46+00:00","dateModified":"2017-04-28T10:12:41+00:00","breadcrumb":{"@id":"https:\/\/hijasdejesus.org\/pt-br\/m-antonia-bandres-fi-toda-so-e-sempre-quero-ser-tua\/#breadcrumb"},"inLanguage":"pt-BR","potentialAction":[{"@type":"ReadAction","target":["https:\/\/hijasdejesus.org\/pt-br\/m-antonia-bandres-fi-toda-so-e-sempre-quero-ser-tua\/"]}]},{"@type":"ImageObject","inLanguage":"pt-BR","@id":"https:\/\/hijasdejesus.org\/pt-br\/m-antonia-bandres-fi-toda-so-e-sempre-quero-ser-tua\/#primaryimage","url":"https:\/\/hijasdejesus.org\/wp-content\/uploads\/2017\/04\/antonita.jpg","contentUrl":"https:\/\/hijasdejesus.org\/wp-content\/uploads\/2017\/04\/antonita.jpg","width":480,"height":240},{"@type":"BreadcrumbList","@id":"https:\/\/hijasdejesus.org\/pt-br\/m-antonia-bandres-fi-toda-so-e-sempre-quero-ser-tua\/#breadcrumb","itemListElement":[{"@type":"ListItem","position":1,"name":"Portada","item":"https:\/\/hijasdejesus.org\/pt-br\/"},{"@type":"ListItem","position":2,"name":"M\u00aa Antonia Bandr\u00e9s fi: \u00abToda, s\u00f3 e sempre, quero ser tua\u00bb"}]},{"@type":"WebSite","@id":"https:\/\/hijasdejesus.org\/pt-br\/#website","url":"https:\/\/hijasdejesus.org\/pt-br\/","name":"Hijas de Jes\u00fas","description":"Despertamos a Jes\u00fas en el coraz\u00f3n, sacando lo mejor de las personas. Somos una congregaci\u00f3n religiosa ignaciana fundada por la Madre Candida","publisher":{"@id":"https:\/\/hijasdejesus.org\/pt-br\/#organization"},"potentialAction":[{"@type":"SearchAction","target":{"@type":"EntryPoint","urlTemplate":"https:\/\/hijasdejesus.org\/pt-br\/?s={search_term_string}"},"query-input":{"@type":"PropertyValueSpecification","valueRequired":true,"valueName":"search_term_string"}}],"inLanguage":"pt-BR"},{"@type":"Organization","@id":"https:\/\/hijasdejesus.org\/pt-br\/#organization","name":"Hijas de Jes\u00fas","url":"https:\/\/hijasdejesus.org\/pt-br\/","logo":{"@type":"ImageObject","inLanguage":"pt-BR","@id":"https:\/\/hijasdejesus.org\/pt-br\/#\/schema\/logo\/image\/","url":"https:\/\/hijasdejesus.org\/wp-content\/uploads\/2023\/01\/Hijas-de-Jesus_hor-A7C957.png","contentUrl":"https:\/\/hijasdejesus.org\/wp-content\/uploads\/2023\/01\/Hijas-de-Jesus_hor-A7C957.png","width":700,"height":360,"caption":"Hijas de Jes\u00fas"},"image":{"@id":"https:\/\/hijasdejesus.org\/pt-br\/#\/schema\/logo\/image\/"},"sameAs":["https:\/\/www.facebook.com\/hijasdejesusenelmundo\/","https:\/\/x.com\/hijasdjesus"]},{"@type":"Person","@id":"https:\/\/hijasdejesus.org\/pt-br\/#\/schema\/person\/ce4455965da733f2791f23b6ec14e9b6","name":"Webmaster","image":{"@type":"ImageObject","inLanguage":"pt-BR","@id":"https:\/\/secure.gravatar.com\/avatar\/cfd0acaac86c3981d541d2e99a0ffb7b6d33a5ac8989a62f5518b9e0f7ee128a?s=96&d=mm&r=g","url":"https:\/\/secure.gravatar.com\/avatar\/cfd0acaac86c3981d541d2e99a0ffb7b6d33a5ac8989a62f5518b9e0f7ee128a?s=96&d=mm&r=g","contentUrl":"https:\/\/secure.gravatar.com\/avatar\/cfd0acaac86c3981d541d2e99a0ffb7b6d33a5ac8989a62f5518b9e0f7ee128a?s=96&d=mm&r=g","caption":"Webmaster"},"url":"https:\/\/hijasdejesus.org\/pt-br\/author\/webmaster\/"}]}},"_links":{"self":[{"href":"https:\/\/hijasdejesus.org\/pt-br\/wp-json\/wp\/v2\/posts\/28351","targetHints":{"allow":["GET"]}}],"collection":[{"href":"https:\/\/hijasdejesus.org\/pt-br\/wp-json\/wp\/v2\/posts"}],"about":[{"href":"https:\/\/hijasdejesus.org\/pt-br\/wp-json\/wp\/v2\/types\/post"}],"author":[{"embeddable":true,"href":"https:\/\/hijasdejesus.org\/pt-br\/wp-json\/wp\/v2\/users\/28"}],"replies":[{"embeddable":true,"href":"https:\/\/hijasdejesus.org\/pt-br\/wp-json\/wp\/v2\/comments?post=28351"}],"version-history":[{"count":0,"href":"https:\/\/hijasdejesus.org\/pt-br\/wp-json\/wp\/v2\/posts\/28351\/revisions"}],"wp:featuredmedia":[{"embeddable":true,"href":"https:\/\/hijasdejesus.org\/pt-br\/wp-json\/wp\/v2\/media\/8780"}],"wp:attachment":[{"href":"https:\/\/hijasdejesus.org\/pt-br\/wp-json\/wp\/v2\/media?parent=28351"}],"wp:term":[{"taxonomy":"category","embeddable":true,"href":"https:\/\/hijasdejesus.org\/pt-br\/wp-json\/wp\/v2\/categories?post=28351"},{"taxonomy":"post_tag","embeddable":true,"href":"https:\/\/hijasdejesus.org\/pt-br\/wp-json\/wp\/v2\/tags?post=28351"}],"curies":[{"name":"wp","href":"https:\/\/api.w.org\/{rel}","templated":true}]}}