{"id":28359,"date":"2017-04-30T11:33:10","date_gmt":"2017-04-30T09:33:10","guid":{"rendered":"https:\/\/nueva.hijasdejesus.org\/anny-pena-fi-minha-passagem-pela-asia\/"},"modified":"2017-05-01T23:58:36","modified_gmt":"2017-05-01T21:58:36","slug":"anny-pena-fi-minha-passagem-pela-asia","status":"publish","type":"post","link":"https:\/\/hijasdejesus.org\/pt-br\/anny-pena-fi-minha-passagem-pela-asia\/","title":{"rendered":"Anny Pe\u00f1a fi: MINHA PASSAGEM PELA \u00c1SIA"},"content":{"rendered":"<p style=\"text-align: justify;\">Anny Pe\u00f1a fi acaba de ser enviada \u00e0 Rep\u00fablica Dominicana depois de viver 07 anos na \u00c1sia. Saiu de seu pa\u00eds no ano 2010. Residiu uns meses nas Filipinas, e dali foi \u00e0 Tail\u00e2ndia e \u00e0 Mianmar. Ela mesma nos conta sua experi\u00eancia.<\/p>\n<p style=\"text-align: center;\"><strong>MINHA PASSAGEM PELA \u00c1SIA<\/strong><\/p>\n<p style=\"text-align: justify;\">Dou gra\u00e7as a Deus e \u00e0 Madre geral por me ter enviado \u00e0 \u00c1frica. <br \/>Sete anos na \u00c1sia significaram uma grande experi\u00eancia. Anos que, como toda caminhada, trouxeram alegrias, tristezas, sacrif\u00edcios e, sobretudo, muito amor. Amor \u00e0s pessoas, respeito \u00e0 cultura, abertura de mente \u00e9 tudo o que vivi.<br \/>Aprendi que muitas coisas s\u00e3o relativas na vida. Quando estava na Rep\u00fablica Dominicana, eu era baixinha, de nariz grande, de cabelo ruim e morena. Ao chegar \u00e0 Tail\u00e2ndia eu passei a ser alta (porque minhas duas irm\u00e3s Filipinas s\u00e3o alguns cent\u00edmetros mais baixas do que eu) de nariz fino, de cabelo ex\u00f3tico e o \u00fanico que n\u00e3o mudou foi ser morena, sim mudou, a mais morena. E assim muit\u00edssimas coisas que acreditamos absolutas na vida.<br \/>Aprendi com o povo grande valores como a simplicidade, honradez, o respeito aos mais velhos, o cuidado com os bens comuns, a limpeza do entorno, a express\u00e3o p\u00fablica de sua f\u00e9 (budistas), Poderia colocar muitos exemplos, a\u00ed v\u00e3o alguns: <br \/>\u2022\u00a0\u00a0\u00a0 Se algu\u00e9m perde alguma coisa na rua, deixam-na no mesmo lugar dias e dias sen\u00e3o a entregam na policia.<br \/>\u2022\u00a0\u00a0 De manh\u00e3 cedo, quando os monges saem para mendigar (caminham pela rua em fila levando um recipiente) as pessoas desligam o motor, descem, se ajoelham e d\u00e3o a oferta ao monge que, por sua vez, reza por elas. <br \/>\u2022\u00a0\u00a0\u00a0 N\u00e3o h\u00e1 lixo nas ruas, n\u00e3o porque n\u00e3o haja pl\u00e1stico (creio que \u00e9 o pa\u00eds que mais usa o pl\u00e1stico), mas porque os cidad\u00e3os cuidam de sua cidade.<br \/>Na Igreja experimentei o que \u00e9 certo e efetivo, a linguagem do amor. Ser capaz de estabelecer uma conversa com minhas poucas palavras em tailand\u00eas e suas poucas palavras em ingl\u00eas e nos entendermos, sentir-nos em conex\u00e3o e rirmos juntos. \u00a0<br \/>O trabalho com os refugiados, e com uma ONG (Jesuit Refugee Service, JRS), foi outra das muitas b\u00ean\u00e7\u00e3os da \u00c1sia para mim. \u00a0<br \/>Entrar por inteiro neste mundo de escrever projetos, fazer reportagens, planificar atividades, fazer avalia\u00e7\u00f5es e, sobretudo, trabalhar para promover os mais necessitados, neste caso os refugiados na Tail\u00e2ndia e os migrantes internos em Mianmar.<br \/>O que aprendi na vida comunit\u00e1ria? <br \/>Aprendi a conhecer-nos, amar-nos e aceitar-nos como somos, e que isto \u00e9 a chave de uma vida comunit\u00e1ria, que n\u00e3o foi perfeita, por\u00e9m sim, a melhor como costum\u00e1vamos dizer. N\u00e3o porque n\u00e3o tiv\u00e9ssemos problemas, mas porque quer\u00edamos bem umas \u00e0s outras, n\u00e3o nos v\u00edamos como compet\u00eancia, mas, como suporte de uma para com a outra. Vivemos realmente isso que tanto falamos, mas que em geral pouco vivenciamos, a Ajuda Fraterna. E quando uma irm\u00e3 dizia algo ou eu dizia algo o receb\u00edamos como uma ajuda porque assim vinha da irm\u00e3. Viver em atitude de fazer a irm\u00e3 feliz nos pequenos detalhes de cada dia. <br \/>Potenci\u00e1vamos o sentido de corpo universal atrav\u00e9s de nossas preces na ora\u00e7\u00e3o comunit\u00e1ria e com a recita\u00e7\u00e3o do Ros\u00e1rio todas as quartas feiras por uma comunidade espec\u00edfica (l\u00edamos no cat\u00e1logo a informa\u00e7\u00e3o sobre cada irm\u00e3 da comunidade e rez\u00e1vamos por ela e pela miss\u00e3o).<br \/>O sentido de Igreja tamb\u00e9m cresce, neste lado do mundo, atrav\u00e9s da leitura dos documentos papais, e rezando uma Ave Maria pelo Papa no final de nossa ora\u00e7\u00e3o comunit\u00e1ria. Estes detalhes s\u00e3o express\u00e3o de f\u00e9; pequenos, antigos, repetitivos, por\u00e9m alimentam e fortalecem o esp\u00edrito.<br \/>Crescemos tamb\u00e9m em universalismo quando rez\u00e1vamos a Ave Mar\u00eda em ingl\u00eas, tagalo, chin\u00eas, tailand\u00eas ou espanhol, na abertura e respeito ao diferente da outra. \u00a0<br \/>Tudo isto ajuda a viver conscientemente que a obra \u00e9 de Deus. N\u00e3o sou eu a protagonista s\u00e3o eles a quem sirvo. Sou apenas o instrumento que \u00e0s vezes deixa a Gra\u00e7a passar, e outras vezes a obstaculiza. Por isso nossas ora\u00e7\u00f5es comunit\u00e1rias estavam carregadas do nosso trabalho. \u00a0<br \/>E agora me toca regressar \u00e0 Rep\u00fablica Dominicana onde, sem contar meus anos de forma\u00e7\u00e3o, vivi cinco anos, e retorno com a mesma ilus\u00e3o com que sa\u00ed, por\u00e9m agora com um cora\u00e7\u00e3o maior pelos nomes que est\u00e3o escritos nele, com um horizonte mais amplo por tudo que recebi da cultura asi\u00e1tica. Regresso com imenso desejo de descobrir a vontade de Deus em meu cotidiano e, para isto, conto com suas ora\u00e7\u00f5es.<\/p>\n","protected":false},"excerpt":{"rendered":"<p>Anny Pe\u00f1a fi acaba de ser enviada \u00e0 Rep\u00fablica Dominicana depois de viver 07 anos na \u00c1sia. Saiu de seu pa\u00eds no ano 2010. Residiu uns meses nas Filipinas, e dali foi \u00e0 Tail\u00e2ndia e \u00e0 Mianmar. Ela mesma nos conta sua experi\u00eancia. MINHA PASSAGEM PELA \u00c1SIA Dou gra\u00e7as a Deus e \u00e0 Madre geral [&hellip;]<\/p>\n","protected":false},"author":28,"featured_media":13509,"comment_status":"closed","ping_status":"closed","sticky":false,"template":"","format":"standard","meta":{"_et_pb_use_builder":"","_et_pb_old_content":"","_et_gb_content_width":"","footnotes":"","_links_to":"","_links_to_target":""},"categories":[529,469],"tags":[],"class_list":["post-28359","post","type-post","status-publish","format-standard","has-post-thumbnail","hentry","category-hijas-de-jesus-pt-br","category-noticias-pt-br"],"yoast_head":"<!-- This site is optimized with the Yoast SEO plugin v27.5 - https:\/\/yoast.com\/product\/yoast-seo-wordpress\/ -->\n<title>Anny Pe\u00f1a fi: MINHA PASSAGEM PELA \u00c1SIA - Hijas de Jes\u00fas<\/title>\n<meta name=\"robots\" content=\"index, follow, max-snippet:-1, max-image-preview:large, max-video-preview:-1\" \/>\n<link rel=\"canonical\" href=\"https:\/\/hijasdejesus.org\/pt-br\/anny-pena-fi-minha-passagem-pela-asia\/\" \/>\n<meta property=\"og:locale\" content=\"pt_BR\" \/>\n<meta property=\"og:type\" content=\"article\" \/>\n<meta property=\"og:title\" content=\"Anny Pe\u00f1a fi: MINHA PASSAGEM PELA \u00c1SIA - Hijas de Jes\u00fas\" \/>\n<meta property=\"og:description\" content=\"Anny Pe\u00f1a fi acaba de ser enviada \u00e0 Rep\u00fablica Dominicana depois de viver 07 anos na \u00c1sia. Saiu de seu pa\u00eds no ano 2010. Residiu uns meses nas Filipinas, e dali foi \u00e0 Tail\u00e2ndia e \u00e0 Mianmar. Ela mesma nos conta sua experi\u00eancia. MINHA PASSAGEM PELA \u00c1SIA Dou gra\u00e7as a Deus e \u00e0 Madre geral [&hellip;]\" \/>\n<meta property=\"og:url\" content=\"https:\/\/hijasdejesus.org\/pt-br\/anny-pena-fi-minha-passagem-pela-asia\/\" \/>\n<meta property=\"og:site_name\" content=\"Hijas de Jes\u00fas\" \/>\n<meta property=\"article:publisher\" content=\"https:\/\/www.facebook.com\/hijasdejesusenelmundo\/\" \/>\n<meta property=\"article:published_time\" content=\"2017-04-30T09:33:10+00:00\" \/>\n<meta property=\"article:modified_time\" content=\"2017-05-01T21:58:36+00:00\" \/>\n<meta property=\"og:image\" content=\"https:\/\/hijasdejesus.org\/wp-content\/uploads\/2017\/05\/anny.jpg\" \/>\n\t<meta property=\"og:image:width\" content=\"1\" \/>\n\t<meta property=\"og:image:height\" content=\"1\" \/>\n\t<meta property=\"og:image:type\" content=\"image\/jpeg\" \/>\n<meta name=\"author\" content=\"Webmaster\" \/>\n<meta name=\"twitter:card\" content=\"summary_large_image\" \/>\n<meta name=\"twitter:creator\" content=\"@hijasdjesus\" \/>\n<meta name=\"twitter:site\" content=\"@hijasdjesus\" \/>\n<meta name=\"twitter:label1\" content=\"Escrito por\" \/>\n\t<meta name=\"twitter:data1\" content=\"Webmaster\" \/>\n\t<meta name=\"twitter:label2\" content=\"Est. tempo de leitura\" \/>\n\t<meta name=\"twitter:data2\" content=\"4 minutos\" \/>\n<script type=\"application\/ld+json\" class=\"yoast-schema-graph\">{\"@context\":\"https:\\\/\\\/schema.org\",\"@graph\":[{\"@type\":\"Article\",\"@id\":\"https:\\\/\\\/hijasdejesus.org\\\/pt-br\\\/anny-pena-fi-minha-passagem-pela-asia\\\/#article\",\"isPartOf\":{\"@id\":\"https:\\\/\\\/hijasdejesus.org\\\/pt-br\\\/anny-pena-fi-minha-passagem-pela-asia\\\/\"},\"author\":{\"name\":\"Webmaster\",\"@id\":\"https:\\\/\\\/hijasdejesus.org\\\/pt-br\\\/#\\\/schema\\\/person\\\/ce4455965da733f2791f23b6ec14e9b6\"},\"headline\":\"Anny Pe\u00f1a fi: MINHA PASSAGEM PELA \u00c1SIA\",\"datePublished\":\"2017-04-30T09:33:10+00:00\",\"dateModified\":\"2017-05-01T21:58:36+00:00\",\"mainEntityOfPage\":{\"@id\":\"https:\\\/\\\/hijasdejesus.org\\\/pt-br\\\/anny-pena-fi-minha-passagem-pela-asia\\\/\"},\"wordCount\":814,\"publisher\":{\"@id\":\"https:\\\/\\\/hijasdejesus.org\\\/pt-br\\\/#organization\"},\"image\":{\"@id\":\"https:\\\/\\\/hijasdejesus.org\\\/pt-br\\\/anny-pena-fi-minha-passagem-pela-asia\\\/#primaryimage\"},\"thumbnailUrl\":\"https:\\\/\\\/hijasdejesus.org\\\/wp-content\\\/uploads\\\/2017\\\/05\\\/anny.jpg\",\"articleSection\":[\"Hijas de Jes\u00fas\",\"Not\u00edcias\"],\"inLanguage\":\"pt-BR\"},{\"@type\":\"WebPage\",\"@id\":\"https:\\\/\\\/hijasdejesus.org\\\/pt-br\\\/anny-pena-fi-minha-passagem-pela-asia\\\/\",\"url\":\"https:\\\/\\\/hijasdejesus.org\\\/pt-br\\\/anny-pena-fi-minha-passagem-pela-asia\\\/\",\"name\":\"Anny Pe\u00f1a fi: MINHA PASSAGEM PELA \u00c1SIA - Hijas de Jes\u00fas\",\"isPartOf\":{\"@id\":\"https:\\\/\\\/hijasdejesus.org\\\/pt-br\\\/#website\"},\"primaryImageOfPage\":{\"@id\":\"https:\\\/\\\/hijasdejesus.org\\\/pt-br\\\/anny-pena-fi-minha-passagem-pela-asia\\\/#primaryimage\"},\"image\":{\"@id\":\"https:\\\/\\\/hijasdejesus.org\\\/pt-br\\\/anny-pena-fi-minha-passagem-pela-asia\\\/#primaryimage\"},\"thumbnailUrl\":\"https:\\\/\\\/hijasdejesus.org\\\/wp-content\\\/uploads\\\/2017\\\/05\\\/anny.jpg\",\"datePublished\":\"2017-04-30T09:33:10+00:00\",\"dateModified\":\"2017-05-01T21:58:36+00:00\",\"breadcrumb\":{\"@id\":\"https:\\\/\\\/hijasdejesus.org\\\/pt-br\\\/anny-pena-fi-minha-passagem-pela-asia\\\/#breadcrumb\"},\"inLanguage\":\"pt-BR\",\"potentialAction\":[{\"@type\":\"ReadAction\",\"target\":[\"https:\\\/\\\/hijasdejesus.org\\\/pt-br\\\/anny-pena-fi-minha-passagem-pela-asia\\\/\"]}]},{\"@type\":\"ImageObject\",\"inLanguage\":\"pt-BR\",\"@id\":\"https:\\\/\\\/hijasdejesus.org\\\/pt-br\\\/anny-pena-fi-minha-passagem-pela-asia\\\/#primaryimage\",\"url\":\"https:\\\/\\\/hijasdejesus.org\\\/wp-content\\\/uploads\\\/2017\\\/05\\\/anny.jpg\",\"contentUrl\":\"https:\\\/\\\/hijasdejesus.org\\\/wp-content\\\/uploads\\\/2017\\\/05\\\/anny.jpg\"},{\"@type\":\"BreadcrumbList\",\"@id\":\"https:\\\/\\\/hijasdejesus.org\\\/pt-br\\\/anny-pena-fi-minha-passagem-pela-asia\\\/#breadcrumb\",\"itemListElement\":[{\"@type\":\"ListItem\",\"position\":1,\"name\":\"Portada\",\"item\":\"https:\\\/\\\/hijasdejesus.org\\\/pt-br\\\/\"},{\"@type\":\"ListItem\",\"position\":2,\"name\":\"Anny Pe\u00f1a fi: MINHA PASSAGEM PELA \u00c1SIA\"}]},{\"@type\":\"WebSite\",\"@id\":\"https:\\\/\\\/hijasdejesus.org\\\/pt-br\\\/#website\",\"url\":\"https:\\\/\\\/hijasdejesus.org\\\/pt-br\\\/\",\"name\":\"Hijas de Jes\u00fas\",\"description\":\"Despertamos a Jes\u00fas en el coraz\u00f3n, sacando lo mejor de las personas. Somos una congregaci\u00f3n religiosa ignaciana fundada por la Madre Candida\",\"publisher\":{\"@id\":\"https:\\\/\\\/hijasdejesus.org\\\/pt-br\\\/#organization\"},\"potentialAction\":[{\"@type\":\"SearchAction\",\"target\":{\"@type\":\"EntryPoint\",\"urlTemplate\":\"https:\\\/\\\/hijasdejesus.org\\\/pt-br\\\/?s={search_term_string}\"},\"query-input\":{\"@type\":\"PropertyValueSpecification\",\"valueRequired\":true,\"valueName\":\"search_term_string\"}}],\"inLanguage\":\"pt-BR\"},{\"@type\":\"Organization\",\"@id\":\"https:\\\/\\\/hijasdejesus.org\\\/pt-br\\\/#organization\",\"name\":\"Hijas de Jes\u00fas\",\"url\":\"https:\\\/\\\/hijasdejesus.org\\\/pt-br\\\/\",\"logo\":{\"@type\":\"ImageObject\",\"inLanguage\":\"pt-BR\",\"@id\":\"https:\\\/\\\/hijasdejesus.org\\\/pt-br\\\/#\\\/schema\\\/logo\\\/image\\\/\",\"url\":\"https:\\\/\\\/hijasdejesus.org\\\/wp-content\\\/uploads\\\/2023\\\/01\\\/Hijas-de-Jesus_hor-A7C957.png\",\"contentUrl\":\"https:\\\/\\\/hijasdejesus.org\\\/wp-content\\\/uploads\\\/2023\\\/01\\\/Hijas-de-Jesus_hor-A7C957.png\",\"width\":700,\"height\":360,\"caption\":\"Hijas de Jes\u00fas\"},\"image\":{\"@id\":\"https:\\\/\\\/hijasdejesus.org\\\/pt-br\\\/#\\\/schema\\\/logo\\\/image\\\/\"},\"sameAs\":[\"https:\\\/\\\/www.facebook.com\\\/hijasdejesusenelmundo\\\/\",\"https:\\\/\\\/x.com\\\/hijasdjesus\"]},{\"@type\":\"Person\",\"@id\":\"https:\\\/\\\/hijasdejesus.org\\\/pt-br\\\/#\\\/schema\\\/person\\\/ce4455965da733f2791f23b6ec14e9b6\",\"name\":\"Webmaster\",\"image\":{\"@type\":\"ImageObject\",\"inLanguage\":\"pt-BR\",\"@id\":\"https:\\\/\\\/secure.gravatar.com\\\/avatar\\\/cfd0acaac86c3981d541d2e99a0ffb7b6d33a5ac8989a62f5518b9e0f7ee128a?s=96&d=mm&r=g\",\"url\":\"https:\\\/\\\/secure.gravatar.com\\\/avatar\\\/cfd0acaac86c3981d541d2e99a0ffb7b6d33a5ac8989a62f5518b9e0f7ee128a?s=96&d=mm&r=g\",\"contentUrl\":\"https:\\\/\\\/secure.gravatar.com\\\/avatar\\\/cfd0acaac86c3981d541d2e99a0ffb7b6d33a5ac8989a62f5518b9e0f7ee128a?s=96&d=mm&r=g\",\"caption\":\"Webmaster\"},\"url\":\"https:\\\/\\\/hijasdejesus.org\\\/pt-br\\\/author\\\/webmaster\\\/\"}]}<\/script>\n<!-- \/ Yoast SEO plugin. -->","yoast_head_json":{"title":"Anny Pe\u00f1a fi: MINHA PASSAGEM PELA \u00c1SIA - Hijas de Jes\u00fas","robots":{"index":"index","follow":"follow","max-snippet":"max-snippet:-1","max-image-preview":"max-image-preview:large","max-video-preview":"max-video-preview:-1"},"canonical":"https:\/\/hijasdejesus.org\/pt-br\/anny-pena-fi-minha-passagem-pela-asia\/","og_locale":"pt_BR","og_type":"article","og_title":"Anny Pe\u00f1a fi: MINHA PASSAGEM PELA \u00c1SIA - Hijas de Jes\u00fas","og_description":"Anny Pe\u00f1a fi acaba de ser enviada \u00e0 Rep\u00fablica Dominicana depois de viver 07 anos na \u00c1sia. Saiu de seu pa\u00eds no ano 2010. Residiu uns meses nas Filipinas, e dali foi \u00e0 Tail\u00e2ndia e \u00e0 Mianmar. Ela mesma nos conta sua experi\u00eancia. MINHA PASSAGEM PELA \u00c1SIA Dou gra\u00e7as a Deus e \u00e0 Madre geral [&hellip;]","og_url":"https:\/\/hijasdejesus.org\/pt-br\/anny-pena-fi-minha-passagem-pela-asia\/","og_site_name":"Hijas de Jes\u00fas","article_publisher":"https:\/\/www.facebook.com\/hijasdejesusenelmundo\/","article_published_time":"2017-04-30T09:33:10+00:00","article_modified_time":"2017-05-01T21:58:36+00:00","og_image":[{"url":"https:\/\/hijasdejesus.org\/wp-content\/uploads\/2017\/05\/anny.jpg","width":1,"height":1,"type":"image\/jpeg"}],"author":"Webmaster","twitter_card":"summary_large_image","twitter_creator":"@hijasdjesus","twitter_site":"@hijasdjesus","twitter_misc":{"Escrito por":"Webmaster","Est. tempo de leitura":"4 minutos"},"schema":{"@context":"https:\/\/schema.org","@graph":[{"@type":"Article","@id":"https:\/\/hijasdejesus.org\/pt-br\/anny-pena-fi-minha-passagem-pela-asia\/#article","isPartOf":{"@id":"https:\/\/hijasdejesus.org\/pt-br\/anny-pena-fi-minha-passagem-pela-asia\/"},"author":{"name":"Webmaster","@id":"https:\/\/hijasdejesus.org\/pt-br\/#\/schema\/person\/ce4455965da733f2791f23b6ec14e9b6"},"headline":"Anny Pe\u00f1a fi: MINHA PASSAGEM PELA \u00c1SIA","datePublished":"2017-04-30T09:33:10+00:00","dateModified":"2017-05-01T21:58:36+00:00","mainEntityOfPage":{"@id":"https:\/\/hijasdejesus.org\/pt-br\/anny-pena-fi-minha-passagem-pela-asia\/"},"wordCount":814,"publisher":{"@id":"https:\/\/hijasdejesus.org\/pt-br\/#organization"},"image":{"@id":"https:\/\/hijasdejesus.org\/pt-br\/anny-pena-fi-minha-passagem-pela-asia\/#primaryimage"},"thumbnailUrl":"https:\/\/hijasdejesus.org\/wp-content\/uploads\/2017\/05\/anny.jpg","articleSection":["Hijas de Jes\u00fas","Not\u00edcias"],"inLanguage":"pt-BR"},{"@type":"WebPage","@id":"https:\/\/hijasdejesus.org\/pt-br\/anny-pena-fi-minha-passagem-pela-asia\/","url":"https:\/\/hijasdejesus.org\/pt-br\/anny-pena-fi-minha-passagem-pela-asia\/","name":"Anny Pe\u00f1a fi: MINHA PASSAGEM PELA \u00c1SIA - Hijas de Jes\u00fas","isPartOf":{"@id":"https:\/\/hijasdejesus.org\/pt-br\/#website"},"primaryImageOfPage":{"@id":"https:\/\/hijasdejesus.org\/pt-br\/anny-pena-fi-minha-passagem-pela-asia\/#primaryimage"},"image":{"@id":"https:\/\/hijasdejesus.org\/pt-br\/anny-pena-fi-minha-passagem-pela-asia\/#primaryimage"},"thumbnailUrl":"https:\/\/hijasdejesus.org\/wp-content\/uploads\/2017\/05\/anny.jpg","datePublished":"2017-04-30T09:33:10+00:00","dateModified":"2017-05-01T21:58:36+00:00","breadcrumb":{"@id":"https:\/\/hijasdejesus.org\/pt-br\/anny-pena-fi-minha-passagem-pela-asia\/#breadcrumb"},"inLanguage":"pt-BR","potentialAction":[{"@type":"ReadAction","target":["https:\/\/hijasdejesus.org\/pt-br\/anny-pena-fi-minha-passagem-pela-asia\/"]}]},{"@type":"ImageObject","inLanguage":"pt-BR","@id":"https:\/\/hijasdejesus.org\/pt-br\/anny-pena-fi-minha-passagem-pela-asia\/#primaryimage","url":"https:\/\/hijasdejesus.org\/wp-content\/uploads\/2017\/05\/anny.jpg","contentUrl":"https:\/\/hijasdejesus.org\/wp-content\/uploads\/2017\/05\/anny.jpg"},{"@type":"BreadcrumbList","@id":"https:\/\/hijasdejesus.org\/pt-br\/anny-pena-fi-minha-passagem-pela-asia\/#breadcrumb","itemListElement":[{"@type":"ListItem","position":1,"name":"Portada","item":"https:\/\/hijasdejesus.org\/pt-br\/"},{"@type":"ListItem","position":2,"name":"Anny Pe\u00f1a fi: MINHA PASSAGEM PELA \u00c1SIA"}]},{"@type":"WebSite","@id":"https:\/\/hijasdejesus.org\/pt-br\/#website","url":"https:\/\/hijasdejesus.org\/pt-br\/","name":"Hijas de Jes\u00fas","description":"Despertamos a Jes\u00fas en el coraz\u00f3n, sacando lo mejor de las personas. Somos una congregaci\u00f3n religiosa ignaciana fundada por la Madre Candida","publisher":{"@id":"https:\/\/hijasdejesus.org\/pt-br\/#organization"},"potentialAction":[{"@type":"SearchAction","target":{"@type":"EntryPoint","urlTemplate":"https:\/\/hijasdejesus.org\/pt-br\/?s={search_term_string}"},"query-input":{"@type":"PropertyValueSpecification","valueRequired":true,"valueName":"search_term_string"}}],"inLanguage":"pt-BR"},{"@type":"Organization","@id":"https:\/\/hijasdejesus.org\/pt-br\/#organization","name":"Hijas de Jes\u00fas","url":"https:\/\/hijasdejesus.org\/pt-br\/","logo":{"@type":"ImageObject","inLanguage":"pt-BR","@id":"https:\/\/hijasdejesus.org\/pt-br\/#\/schema\/logo\/image\/","url":"https:\/\/hijasdejesus.org\/wp-content\/uploads\/2023\/01\/Hijas-de-Jesus_hor-A7C957.png","contentUrl":"https:\/\/hijasdejesus.org\/wp-content\/uploads\/2023\/01\/Hijas-de-Jesus_hor-A7C957.png","width":700,"height":360,"caption":"Hijas de Jes\u00fas"},"image":{"@id":"https:\/\/hijasdejesus.org\/pt-br\/#\/schema\/logo\/image\/"},"sameAs":["https:\/\/www.facebook.com\/hijasdejesusenelmundo\/","https:\/\/x.com\/hijasdjesus"]},{"@type":"Person","@id":"https:\/\/hijasdejesus.org\/pt-br\/#\/schema\/person\/ce4455965da733f2791f23b6ec14e9b6","name":"Webmaster","image":{"@type":"ImageObject","inLanguage":"pt-BR","@id":"https:\/\/secure.gravatar.com\/avatar\/cfd0acaac86c3981d541d2e99a0ffb7b6d33a5ac8989a62f5518b9e0f7ee128a?s=96&d=mm&r=g","url":"https:\/\/secure.gravatar.com\/avatar\/cfd0acaac86c3981d541d2e99a0ffb7b6d33a5ac8989a62f5518b9e0f7ee128a?s=96&d=mm&r=g","contentUrl":"https:\/\/secure.gravatar.com\/avatar\/cfd0acaac86c3981d541d2e99a0ffb7b6d33a5ac8989a62f5518b9e0f7ee128a?s=96&d=mm&r=g","caption":"Webmaster"},"url":"https:\/\/hijasdejesus.org\/pt-br\/author\/webmaster\/"}]}},"_links":{"self":[{"href":"https:\/\/hijasdejesus.org\/pt-br\/wp-json\/wp\/v2\/posts\/28359","targetHints":{"allow":["GET"]}}],"collection":[{"href":"https:\/\/hijasdejesus.org\/pt-br\/wp-json\/wp\/v2\/posts"}],"about":[{"href":"https:\/\/hijasdejesus.org\/pt-br\/wp-json\/wp\/v2\/types\/post"}],"author":[{"embeddable":true,"href":"https:\/\/hijasdejesus.org\/pt-br\/wp-json\/wp\/v2\/users\/28"}],"replies":[{"embeddable":true,"href":"https:\/\/hijasdejesus.org\/pt-br\/wp-json\/wp\/v2\/comments?post=28359"}],"version-history":[{"count":0,"href":"https:\/\/hijasdejesus.org\/pt-br\/wp-json\/wp\/v2\/posts\/28359\/revisions"}],"wp:featuredmedia":[{"embeddable":true,"href":"https:\/\/hijasdejesus.org\/pt-br\/wp-json\/wp\/v2\/media\/13509"}],"wp:attachment":[{"href":"https:\/\/hijasdejesus.org\/pt-br\/wp-json\/wp\/v2\/media?parent=28359"}],"wp:term":[{"taxonomy":"category","embeddable":true,"href":"https:\/\/hijasdejesus.org\/pt-br\/wp-json\/wp\/v2\/categories?post=28359"},{"taxonomy":"post_tag","embeddable":true,"href":"https:\/\/hijasdejesus.org\/pt-br\/wp-json\/wp\/v2\/tags?post=28359"}],"curies":[{"name":"wp","href":"https:\/\/api.w.org\/{rel}","templated":true}]}}