{"id":28375,"date":"2017-05-09T20:03:22","date_gmt":"2017-05-09T18:03:22","guid":{"rendered":"https:\/\/nueva.hijasdejesus.org\/carta-a-maria-inez-furtado-de-cochabamba\/"},"modified":"2017-05-14T11:01:04","modified_gmt":"2017-05-14T09:01:04","slug":"carta-a-maria-inez-furtado-de-cochabamba","status":"publish","type":"post","link":"https:\/\/hijasdejesus.org\/pt-br\/carta-a-maria-inez-furtado-de-cochabamba\/","title":{"rendered":"Carta a Maria Inez Furtado, de Cochabamba"},"content":{"rendered":"<p><em><\/em><\/p>\n<p style=\"text-align: justify;\">Querida Maria Inez: Ao recordar, desde a v\u00e9spera, mais um ano de sua nomea\u00e7\u00e3o como Superiora Geral, as Filhas de Jes\u00fas da Am\u00e9rica Andina com mais de 65 anos, participantes do ENCONTRO DE FORMA\u00c7\u00c3O que acabamos de realizar em Cochabamba, queremos lhe expressar nosso agradecimento pelo seu servi\u00e7o e anima\u00e7\u00e3o no governo da Congrega\u00e7\u00e3o.<br \/>Rezamos por voc\u00ea e pelos assuntos que a ocupam neste momento; de modo especial pela nomea\u00e7\u00e3o das novas equipes de governo da Am\u00e9rica Latina e Caribe.<br \/>Foi uma riqueza a leitura sapiencial da F\u00f3rmula, \u201cfonte dos tr\u00eas desejos\u201d como voc\u00ea gosta de cham\u00e1-la, e das Constitui\u00e7\u00f5es, trabalho que Graciela animou na segunda parte do encontro, motivando-nos a manter nossa voca\u00e7\u00e3o em seu bom ser, dia a dia, nesta etapa de nossa vida. Na primeira parte iluminou-nos Victor Codina SI, com sua simplicidade e sabedoria \u201cde velho te\u00f3logo\u201d, no aprofundamento do Reino e do \u201catuar do Esp\u00edrito a partir do pequeno\u201d, que tamb\u00e9m estimulou evangelicamente nossas vidas de Filhas de Jesus.<br \/>Em Notiandina voc\u00ea ler\u00e1 com mais detalhes o que significou este encontro, do qual todas sa\u00edmos muito contentes e agradecidas.<br \/>Que a Virgem, neste m\u00eas dedicado a ela, continue acompanhando-a com sua maternal prote\u00e7\u00e3o. <br \/>Um abra\u00e7o fraterno de todas, e esperamos noticias quando lhe for poss\u00edvel.<\/p>\n","protected":false},"excerpt":{"rendered":"<p>Querida Maria Inez: Ao recordar, desde a v\u00e9spera, mais um ano de sua nomea\u00e7\u00e3o como Superiora Geral, as Filhas de Jes\u00fas da Am\u00e9rica Andina com mais de 65 anos, participantes do ENCONTRO DE FORMA\u00c7\u00c3O que acabamos de realizar em Cochabamba, queremos lhe expressar nosso agradecimento pelo seu servi\u00e7o e anima\u00e7\u00e3o no governo da Congrega\u00e7\u00e3o.Rezamos por [&hellip;]<\/p>\n","protected":false},"author":28,"featured_media":8796,"comment_status":"closed","ping_status":"closed","sticky":false,"template":"","format":"standard","meta":{"_et_pb_use_builder":"","_et_pb_old_content":"","_et_gb_content_width":"","footnotes":"","_links_to":"","_links_to_target":""},"categories":[483,529,469],"tags":[],"class_list":["post-28375","post","type-post","status-publish","format-standard","has-post-thumbnail","hentry","category-america-andina-pt-br","category-hijas-de-jesus-pt-br","category-noticias-pt-br"],"yoast_head":"<!-- This site is optimized with the Yoast SEO plugin v27.5 - https:\/\/yoast.com\/product\/yoast-seo-wordpress\/ -->\n<title>Carta a Maria Inez Furtado, de Cochabamba - Hijas de Jes\u00fas<\/title>\n<meta name=\"robots\" content=\"index, follow, max-snippet:-1, max-image-preview:large, max-video-preview:-1\" \/>\n<link rel=\"canonical\" href=\"https:\/\/hijasdejesus.org\/pt-br\/carta-a-maria-inez-furtado-de-cochabamba\/\" \/>\n<meta property=\"og:locale\" content=\"pt_BR\" \/>\n<meta property=\"og:type\" content=\"article\" \/>\n<meta property=\"og:title\" content=\"Carta a Maria Inez Furtado, de Cochabamba - Hijas de Jes\u00fas\" \/>\n<meta property=\"og:description\" content=\"Querida Maria Inez: Ao recordar, desde a v\u00e9spera, mais um ano de sua nomea\u00e7\u00e3o como Superiora Geral, as Filhas de Jes\u00fas da Am\u00e9rica Andina com mais de 65 anos, participantes do ENCONTRO DE FORMA\u00c7\u00c3O que acabamos de realizar em Cochabamba, queremos lhe expressar nosso agradecimento pelo seu servi\u00e7o e anima\u00e7\u00e3o no governo da Congrega\u00e7\u00e3o.Rezamos por [&hellip;]\" \/>\n<meta property=\"og:url\" content=\"https:\/\/hijasdejesus.org\/pt-br\/carta-a-maria-inez-furtado-de-cochabamba\/\" \/>\n<meta property=\"og:site_name\" content=\"Hijas de Jes\u00fas\" \/>\n<meta property=\"article:publisher\" content=\"https:\/\/www.facebook.com\/hijasdejesusenelmundo\/\" \/>\n<meta property=\"article:published_time\" content=\"2017-05-09T18:03:22+00:00\" \/>\n<meta property=\"article:modified_time\" content=\"2017-05-14T09:01:04+00:00\" \/>\n<meta property=\"og:image\" content=\"https:\/\/hijasdejesus.org\/wp-content\/uploads\/2017\/05\/aa_hnasmayores.jpg\" \/>\n\t<meta property=\"og:image:width\" content=\"776\" \/>\n\t<meta property=\"og:image:height\" content=\"399\" \/>\n\t<meta property=\"og:image:type\" content=\"image\/jpeg\" \/>\n<meta name=\"author\" content=\"Webmaster\" \/>\n<meta name=\"twitter:card\" content=\"summary_large_image\" \/>\n<meta name=\"twitter:creator\" content=\"@hijasdjesus\" \/>\n<meta name=\"twitter:site\" content=\"@hijasdjesus\" \/>\n<meta name=\"twitter:label1\" content=\"Escrito por\" \/>\n\t<meta name=\"twitter:data1\" content=\"Webmaster\" \/>\n\t<meta name=\"twitter:label2\" content=\"Est. tempo de leitura\" \/>\n\t<meta name=\"twitter:data2\" content=\"1 minuto\" \/>\n<script type=\"application\/ld+json\" class=\"yoast-schema-graph\">{\"@context\":\"https:\\\/\\\/schema.org\",\"@graph\":[{\"@type\":\"Article\",\"@id\":\"https:\\\/\\\/hijasdejesus.org\\\/pt-br\\\/carta-a-maria-inez-furtado-de-cochabamba\\\/#article\",\"isPartOf\":{\"@id\":\"https:\\\/\\\/hijasdejesus.org\\\/pt-br\\\/carta-a-maria-inez-furtado-de-cochabamba\\\/\"},\"author\":{\"name\":\"Webmaster\",\"@id\":\"https:\\\/\\\/hijasdejesus.org\\\/pt-br\\\/#\\\/schema\\\/person\\\/ce4455965da733f2791f23b6ec14e9b6\"},\"headline\":\"Carta a Maria Inez Furtado, de Cochabamba\",\"datePublished\":\"2017-05-09T18:03:22+00:00\",\"dateModified\":\"2017-05-14T09:01:04+00:00\",\"mainEntityOfPage\":{\"@id\":\"https:\\\/\\\/hijasdejesus.org\\\/pt-br\\\/carta-a-maria-inez-furtado-de-cochabamba\\\/\"},\"wordCount\":239,\"publisher\":{\"@id\":\"https:\\\/\\\/hijasdejesus.org\\\/pt-br\\\/#organization\"},\"image\":{\"@id\":\"https:\\\/\\\/hijasdejesus.org\\\/pt-br\\\/carta-a-maria-inez-furtado-de-cochabamba\\\/#primaryimage\"},\"thumbnailUrl\":\"https:\\\/\\\/hijasdejesus.org\\\/wp-content\\\/uploads\\\/2017\\\/05\\\/aa_hnasmayores.jpg\",\"articleSection\":[\"Am\u00e9rica Andina\",\"Hijas de Jes\u00fas\",\"Not\u00edcias\"],\"inLanguage\":\"pt-BR\"},{\"@type\":\"WebPage\",\"@id\":\"https:\\\/\\\/hijasdejesus.org\\\/pt-br\\\/carta-a-maria-inez-furtado-de-cochabamba\\\/\",\"url\":\"https:\\\/\\\/hijasdejesus.org\\\/pt-br\\\/carta-a-maria-inez-furtado-de-cochabamba\\\/\",\"name\":\"Carta a Maria Inez Furtado, de Cochabamba - Hijas de Jes\u00fas\",\"isPartOf\":{\"@id\":\"https:\\\/\\\/hijasdejesus.org\\\/pt-br\\\/#website\"},\"primaryImageOfPage\":{\"@id\":\"https:\\\/\\\/hijasdejesus.org\\\/pt-br\\\/carta-a-maria-inez-furtado-de-cochabamba\\\/#primaryimage\"},\"image\":{\"@id\":\"https:\\\/\\\/hijasdejesus.org\\\/pt-br\\\/carta-a-maria-inez-furtado-de-cochabamba\\\/#primaryimage\"},\"thumbnailUrl\":\"https:\\\/\\\/hijasdejesus.org\\\/wp-content\\\/uploads\\\/2017\\\/05\\\/aa_hnasmayores.jpg\",\"datePublished\":\"2017-05-09T18:03:22+00:00\",\"dateModified\":\"2017-05-14T09:01:04+00:00\",\"breadcrumb\":{\"@id\":\"https:\\\/\\\/hijasdejesus.org\\\/pt-br\\\/carta-a-maria-inez-furtado-de-cochabamba\\\/#breadcrumb\"},\"inLanguage\":\"pt-BR\",\"potentialAction\":[{\"@type\":\"ReadAction\",\"target\":[\"https:\\\/\\\/hijasdejesus.org\\\/pt-br\\\/carta-a-maria-inez-furtado-de-cochabamba\\\/\"]}]},{\"@type\":\"ImageObject\",\"inLanguage\":\"pt-BR\",\"@id\":\"https:\\\/\\\/hijasdejesus.org\\\/pt-br\\\/carta-a-maria-inez-furtado-de-cochabamba\\\/#primaryimage\",\"url\":\"https:\\\/\\\/hijasdejesus.org\\\/wp-content\\\/uploads\\\/2017\\\/05\\\/aa_hnasmayores.jpg\",\"contentUrl\":\"https:\\\/\\\/hijasdejesus.org\\\/wp-content\\\/uploads\\\/2017\\\/05\\\/aa_hnasmayores.jpg\",\"width\":776,\"height\":399},{\"@type\":\"BreadcrumbList\",\"@id\":\"https:\\\/\\\/hijasdejesus.org\\\/pt-br\\\/carta-a-maria-inez-furtado-de-cochabamba\\\/#breadcrumb\",\"itemListElement\":[{\"@type\":\"ListItem\",\"position\":1,\"name\":\"Portada\",\"item\":\"https:\\\/\\\/hijasdejesus.org\\\/pt-br\\\/\"},{\"@type\":\"ListItem\",\"position\":2,\"name\":\"Carta a Maria Inez Furtado, de Cochabamba\"}]},{\"@type\":\"WebSite\",\"@id\":\"https:\\\/\\\/hijasdejesus.org\\\/pt-br\\\/#website\",\"url\":\"https:\\\/\\\/hijasdejesus.org\\\/pt-br\\\/\",\"name\":\"Hijas de Jes\u00fas\",\"description\":\"Despertamos a Jes\u00fas en el coraz\u00f3n, sacando lo mejor de las personas. Somos una congregaci\u00f3n religiosa ignaciana fundada por la Madre Candida\",\"publisher\":{\"@id\":\"https:\\\/\\\/hijasdejesus.org\\\/pt-br\\\/#organization\"},\"potentialAction\":[{\"@type\":\"SearchAction\",\"target\":{\"@type\":\"EntryPoint\",\"urlTemplate\":\"https:\\\/\\\/hijasdejesus.org\\\/pt-br\\\/?s={search_term_string}\"},\"query-input\":{\"@type\":\"PropertyValueSpecification\",\"valueRequired\":true,\"valueName\":\"search_term_string\"}}],\"inLanguage\":\"pt-BR\"},{\"@type\":\"Organization\",\"@id\":\"https:\\\/\\\/hijasdejesus.org\\\/pt-br\\\/#organization\",\"name\":\"Hijas de Jes\u00fas\",\"url\":\"https:\\\/\\\/hijasdejesus.org\\\/pt-br\\\/\",\"logo\":{\"@type\":\"ImageObject\",\"inLanguage\":\"pt-BR\",\"@id\":\"https:\\\/\\\/hijasdejesus.org\\\/pt-br\\\/#\\\/schema\\\/logo\\\/image\\\/\",\"url\":\"https:\\\/\\\/hijasdejesus.org\\\/wp-content\\\/uploads\\\/2023\\\/01\\\/Hijas-de-Jesus_hor-A7C957.png\",\"contentUrl\":\"https:\\\/\\\/hijasdejesus.org\\\/wp-content\\\/uploads\\\/2023\\\/01\\\/Hijas-de-Jesus_hor-A7C957.png\",\"width\":700,\"height\":360,\"caption\":\"Hijas de Jes\u00fas\"},\"image\":{\"@id\":\"https:\\\/\\\/hijasdejesus.org\\\/pt-br\\\/#\\\/schema\\\/logo\\\/image\\\/\"},\"sameAs\":[\"https:\\\/\\\/www.facebook.com\\\/hijasdejesusenelmundo\\\/\",\"https:\\\/\\\/x.com\\\/hijasdjesus\"]},{\"@type\":\"Person\",\"@id\":\"https:\\\/\\\/hijasdejesus.org\\\/pt-br\\\/#\\\/schema\\\/person\\\/ce4455965da733f2791f23b6ec14e9b6\",\"name\":\"Webmaster\",\"image\":{\"@type\":\"ImageObject\",\"inLanguage\":\"pt-BR\",\"@id\":\"https:\\\/\\\/secure.gravatar.com\\\/avatar\\\/cfd0acaac86c3981d541d2e99a0ffb7b6d33a5ac8989a62f5518b9e0f7ee128a?s=96&d=mm&r=g\",\"url\":\"https:\\\/\\\/secure.gravatar.com\\\/avatar\\\/cfd0acaac86c3981d541d2e99a0ffb7b6d33a5ac8989a62f5518b9e0f7ee128a?s=96&d=mm&r=g\",\"contentUrl\":\"https:\\\/\\\/secure.gravatar.com\\\/avatar\\\/cfd0acaac86c3981d541d2e99a0ffb7b6d33a5ac8989a62f5518b9e0f7ee128a?s=96&d=mm&r=g\",\"caption\":\"Webmaster\"},\"url\":\"https:\\\/\\\/hijasdejesus.org\\\/pt-br\\\/author\\\/webmaster\\\/\"}]}<\/script>\n<!-- \/ Yoast SEO plugin. -->","yoast_head_json":{"title":"Carta a Maria Inez Furtado, de Cochabamba - Hijas de Jes\u00fas","robots":{"index":"index","follow":"follow","max-snippet":"max-snippet:-1","max-image-preview":"max-image-preview:large","max-video-preview":"max-video-preview:-1"},"canonical":"https:\/\/hijasdejesus.org\/pt-br\/carta-a-maria-inez-furtado-de-cochabamba\/","og_locale":"pt_BR","og_type":"article","og_title":"Carta a Maria Inez Furtado, de Cochabamba - Hijas de Jes\u00fas","og_description":"Querida Maria Inez: Ao recordar, desde a v\u00e9spera, mais um ano de sua nomea\u00e7\u00e3o como Superiora Geral, as Filhas de Jes\u00fas da Am\u00e9rica Andina com mais de 65 anos, participantes do ENCONTRO DE FORMA\u00c7\u00c3O que acabamos de realizar em Cochabamba, queremos lhe expressar nosso agradecimento pelo seu servi\u00e7o e anima\u00e7\u00e3o no governo da Congrega\u00e7\u00e3o.Rezamos por [&hellip;]","og_url":"https:\/\/hijasdejesus.org\/pt-br\/carta-a-maria-inez-furtado-de-cochabamba\/","og_site_name":"Hijas de Jes\u00fas","article_publisher":"https:\/\/www.facebook.com\/hijasdejesusenelmundo\/","article_published_time":"2017-05-09T18:03:22+00:00","article_modified_time":"2017-05-14T09:01:04+00:00","og_image":[{"width":776,"height":399,"url":"https:\/\/hijasdejesus.org\/wp-content\/uploads\/2017\/05\/aa_hnasmayores.jpg","type":"image\/jpeg"}],"author":"Webmaster","twitter_card":"summary_large_image","twitter_creator":"@hijasdjesus","twitter_site":"@hijasdjesus","twitter_misc":{"Escrito por":"Webmaster","Est. tempo de leitura":"1 minuto"},"schema":{"@context":"https:\/\/schema.org","@graph":[{"@type":"Article","@id":"https:\/\/hijasdejesus.org\/pt-br\/carta-a-maria-inez-furtado-de-cochabamba\/#article","isPartOf":{"@id":"https:\/\/hijasdejesus.org\/pt-br\/carta-a-maria-inez-furtado-de-cochabamba\/"},"author":{"name":"Webmaster","@id":"https:\/\/hijasdejesus.org\/pt-br\/#\/schema\/person\/ce4455965da733f2791f23b6ec14e9b6"},"headline":"Carta a Maria Inez Furtado, de Cochabamba","datePublished":"2017-05-09T18:03:22+00:00","dateModified":"2017-05-14T09:01:04+00:00","mainEntityOfPage":{"@id":"https:\/\/hijasdejesus.org\/pt-br\/carta-a-maria-inez-furtado-de-cochabamba\/"},"wordCount":239,"publisher":{"@id":"https:\/\/hijasdejesus.org\/pt-br\/#organization"},"image":{"@id":"https:\/\/hijasdejesus.org\/pt-br\/carta-a-maria-inez-furtado-de-cochabamba\/#primaryimage"},"thumbnailUrl":"https:\/\/hijasdejesus.org\/wp-content\/uploads\/2017\/05\/aa_hnasmayores.jpg","articleSection":["Am\u00e9rica Andina","Hijas de Jes\u00fas","Not\u00edcias"],"inLanguage":"pt-BR"},{"@type":"WebPage","@id":"https:\/\/hijasdejesus.org\/pt-br\/carta-a-maria-inez-furtado-de-cochabamba\/","url":"https:\/\/hijasdejesus.org\/pt-br\/carta-a-maria-inez-furtado-de-cochabamba\/","name":"Carta a Maria Inez Furtado, de Cochabamba - Hijas de Jes\u00fas","isPartOf":{"@id":"https:\/\/hijasdejesus.org\/pt-br\/#website"},"primaryImageOfPage":{"@id":"https:\/\/hijasdejesus.org\/pt-br\/carta-a-maria-inez-furtado-de-cochabamba\/#primaryimage"},"image":{"@id":"https:\/\/hijasdejesus.org\/pt-br\/carta-a-maria-inez-furtado-de-cochabamba\/#primaryimage"},"thumbnailUrl":"https:\/\/hijasdejesus.org\/wp-content\/uploads\/2017\/05\/aa_hnasmayores.jpg","datePublished":"2017-05-09T18:03:22+00:00","dateModified":"2017-05-14T09:01:04+00:00","breadcrumb":{"@id":"https:\/\/hijasdejesus.org\/pt-br\/carta-a-maria-inez-furtado-de-cochabamba\/#breadcrumb"},"inLanguage":"pt-BR","potentialAction":[{"@type":"ReadAction","target":["https:\/\/hijasdejesus.org\/pt-br\/carta-a-maria-inez-furtado-de-cochabamba\/"]}]},{"@type":"ImageObject","inLanguage":"pt-BR","@id":"https:\/\/hijasdejesus.org\/pt-br\/carta-a-maria-inez-furtado-de-cochabamba\/#primaryimage","url":"https:\/\/hijasdejesus.org\/wp-content\/uploads\/2017\/05\/aa_hnasmayores.jpg","contentUrl":"https:\/\/hijasdejesus.org\/wp-content\/uploads\/2017\/05\/aa_hnasmayores.jpg","width":776,"height":399},{"@type":"BreadcrumbList","@id":"https:\/\/hijasdejesus.org\/pt-br\/carta-a-maria-inez-furtado-de-cochabamba\/#breadcrumb","itemListElement":[{"@type":"ListItem","position":1,"name":"Portada","item":"https:\/\/hijasdejesus.org\/pt-br\/"},{"@type":"ListItem","position":2,"name":"Carta a Maria Inez Furtado, de Cochabamba"}]},{"@type":"WebSite","@id":"https:\/\/hijasdejesus.org\/pt-br\/#website","url":"https:\/\/hijasdejesus.org\/pt-br\/","name":"Hijas de Jes\u00fas","description":"Despertamos a Jes\u00fas en el coraz\u00f3n, sacando lo mejor de las personas. Somos una congregaci\u00f3n religiosa ignaciana fundada por la Madre Candida","publisher":{"@id":"https:\/\/hijasdejesus.org\/pt-br\/#organization"},"potentialAction":[{"@type":"SearchAction","target":{"@type":"EntryPoint","urlTemplate":"https:\/\/hijasdejesus.org\/pt-br\/?s={search_term_string}"},"query-input":{"@type":"PropertyValueSpecification","valueRequired":true,"valueName":"search_term_string"}}],"inLanguage":"pt-BR"},{"@type":"Organization","@id":"https:\/\/hijasdejesus.org\/pt-br\/#organization","name":"Hijas de Jes\u00fas","url":"https:\/\/hijasdejesus.org\/pt-br\/","logo":{"@type":"ImageObject","inLanguage":"pt-BR","@id":"https:\/\/hijasdejesus.org\/pt-br\/#\/schema\/logo\/image\/","url":"https:\/\/hijasdejesus.org\/wp-content\/uploads\/2023\/01\/Hijas-de-Jesus_hor-A7C957.png","contentUrl":"https:\/\/hijasdejesus.org\/wp-content\/uploads\/2023\/01\/Hijas-de-Jesus_hor-A7C957.png","width":700,"height":360,"caption":"Hijas de Jes\u00fas"},"image":{"@id":"https:\/\/hijasdejesus.org\/pt-br\/#\/schema\/logo\/image\/"},"sameAs":["https:\/\/www.facebook.com\/hijasdejesusenelmundo\/","https:\/\/x.com\/hijasdjesus"]},{"@type":"Person","@id":"https:\/\/hijasdejesus.org\/pt-br\/#\/schema\/person\/ce4455965da733f2791f23b6ec14e9b6","name":"Webmaster","image":{"@type":"ImageObject","inLanguage":"pt-BR","@id":"https:\/\/secure.gravatar.com\/avatar\/cfd0acaac86c3981d541d2e99a0ffb7b6d33a5ac8989a62f5518b9e0f7ee128a?s=96&d=mm&r=g","url":"https:\/\/secure.gravatar.com\/avatar\/cfd0acaac86c3981d541d2e99a0ffb7b6d33a5ac8989a62f5518b9e0f7ee128a?s=96&d=mm&r=g","contentUrl":"https:\/\/secure.gravatar.com\/avatar\/cfd0acaac86c3981d541d2e99a0ffb7b6d33a5ac8989a62f5518b9e0f7ee128a?s=96&d=mm&r=g","caption":"Webmaster"},"url":"https:\/\/hijasdejesus.org\/pt-br\/author\/webmaster\/"}]}},"_links":{"self":[{"href":"https:\/\/hijasdejesus.org\/pt-br\/wp-json\/wp\/v2\/posts\/28375","targetHints":{"allow":["GET"]}}],"collection":[{"href":"https:\/\/hijasdejesus.org\/pt-br\/wp-json\/wp\/v2\/posts"}],"about":[{"href":"https:\/\/hijasdejesus.org\/pt-br\/wp-json\/wp\/v2\/types\/post"}],"author":[{"embeddable":true,"href":"https:\/\/hijasdejesus.org\/pt-br\/wp-json\/wp\/v2\/users\/28"}],"replies":[{"embeddable":true,"href":"https:\/\/hijasdejesus.org\/pt-br\/wp-json\/wp\/v2\/comments?post=28375"}],"version-history":[{"count":0,"href":"https:\/\/hijasdejesus.org\/pt-br\/wp-json\/wp\/v2\/posts\/28375\/revisions"}],"wp:featuredmedia":[{"embeddable":true,"href":"https:\/\/hijasdejesus.org\/pt-br\/wp-json\/wp\/v2\/media\/8796"}],"wp:attachment":[{"href":"https:\/\/hijasdejesus.org\/pt-br\/wp-json\/wp\/v2\/media?parent=28375"}],"wp:term":[{"taxonomy":"category","embeddable":true,"href":"https:\/\/hijasdejesus.org\/pt-br\/wp-json\/wp\/v2\/categories?post=28375"},{"taxonomy":"post_tag","embeddable":true,"href":"https:\/\/hijasdejesus.org\/pt-br\/wp-json\/wp\/v2\/tags?post=28375"}],"curies":[{"name":"wp","href":"https:\/\/api.w.org\/{rel}","templated":true}]}}