{"id":28424,"date":"2017-06-08T14:16:37","date_gmt":"2017-06-08T12:16:37","guid":{"rendered":"https:\/\/nueva.hijasdejesus.org\/espanha-levanta-um-muro-contra-os-imigrantes-na-fronteira-sul\/"},"modified":"2017-06-09T11:17:02","modified_gmt":"2017-06-09T09:17:02","slug":"espanha-levanta-um-muro-contra-os-imigrantes-na-fronteira-sul","status":"publish","type":"post","link":"https:\/\/hijasdejesus.org\/pt-br\/espanha-levanta-um-muro-contra-os-imigrantes-na-fronteira-sul\/","title":{"rendered":"Espanha levanta um muro contra os imigrantes na fronteira sul"},"content":{"rendered":"<p style=\"text-align: justify;\">\n<p style=\"text-align: justify;\">A m\u00e9dia de repatria\u00e7\u00f5es di\u00e1rias na Espanha \u00e9 de 25,66%, enquanto que se det\u00e9m em m\u00e9dia cada dia por perman\u00eancia irregular 99,68 estrangeiros. Esta \u00e9 a principal constata\u00e7\u00e3o do informe sobre a situa\u00e7\u00e3o nos Centros de Interna\u00e7\u00e3o de Estrangeiros (CIE) na Espanha, elaborada cada ano, desde 2010, pelo Servi\u00e7o Jesu\u00edta a Migrantes (SJM).<br \/>O estudo relativo ao ano 2016 apresentado quinta-feira, 8 de junho, na sede do Defensor do Povo em Madri, revela que um total de 7.597 pessoas foram presas no ano passado em algum dos CIE de nosso pa\u00eds. E 5.695 delas o foram diretamente ap\u00f3s chegarem \u00e0s costas espanholas.<br \/>\u00c9 um n\u00famero significativo, porque das 14.558 pessoas que entraram irregularmente por nossas fronteiras em 2016, 13.173 o fizeram pelo Estreito de Gibraltar.<br \/>Expulsos dos CIE e desde pontos de fronteira<br \/>Por\u00e9m, o mais significativo ainda, para Miguel Gonz\u00e1lez, coordenador do SJM, \u00e9 que 70% dos presos em um CIE em 2016, n\u00e3o foram finalmente expulsos o que demonstra que estamos ante um instrumento de Estado \u201cineficaz\u201d e que infringe \u201cuma situa\u00e7\u00e3o de reclus\u00e3o desnecess\u00e1ria para uma maioria dos que passam por um destes centros\u201d.<br \/>Do total de estrangeiros presos, 2.110 foram expulsos e 95 repatriados, o que sup\u00f5e que 29,02% foram repatriados for\u00e7osamente. No total, em 2016 na Espanha, houve 9.241 repatria\u00e7\u00f5es for\u00e7adas, contando tanto os presos como os que n\u00e3o chegaram a ficar presos, podendo ter sido repatriados pelas for\u00e7as policiais em pontos de fronteira.<br \/>Assim, chama a aten\u00e7\u00e3o que, se o total de presos em um CIE diminui em compara\u00e7\u00e3o com anos anteriores, o \u00edndice aumenta de modo claro nos centros da chamada \u201cfronteira sul\u201d, como em Tarifa-Algeciras.<br \/>Residindo na Espanha at\u00e9 15 anos.<br \/>Na apresenta\u00e7\u00e3o \u00e0 m\u00eddia, os autores do informe, Santiago Yerga (advogado de Pueblos Unidos) e Josep Buades (da Associa\u00e7\u00e3o Claver), manifestaram sua surpresa pelo fato de que, entre os presos, al\u00e9m de 513 mulheres estavam 51 menores (eram19 em 2015).<br \/>Foram apresentadas 770 solicita\u00e7\u00f5es de prote\u00e7\u00e3o internacional, mas, somente 158 foram admitidas para tramitar, menos\u00a0 que em 2015.<br \/>Tamb\u00e9m \u00e9 chamativo o fato de que muitos dos presos nos CIE tinham uma situa\u00e7\u00e3o estabilizada na Espanha, podendo ter perdido os pap\u00e9is depois de terem ficado sem emprego. Assim, das 658 pessoas visitadas por membros do SJM em algum centro ao longo do ano passado, 26% estava residindo aqui h\u00e1 mais de 15 anos, 16% estava entre dez e 15 anos, e 7% entre sete e dez anos.<\/p>\n<p style=\"text-align: center;\"><strong>Por Miguel \u00c1ngel Malavia, siga lendo em <a href=\"http:\/\/www.vidanuevadigital.com\/2017\/06\/08\/espana-levanta-muro-los-inmigrantes-la-frontera-sur\/\" target=\"_blank\" rel=\"noopener\">Vida Nueva<\/a><\/strong><\/p>\n","protected":false},"excerpt":{"rendered":"<p>A m\u00e9dia de repatria\u00e7\u00f5es di\u00e1rias na Espanha \u00e9 de 25,66%, enquanto que se det\u00e9m em m\u00e9dia cada dia por perman\u00eancia irregular 99,68 estrangeiros. Esta \u00e9 a principal constata\u00e7\u00e3o do informe sobre a situa\u00e7\u00e3o nos Centros de Interna\u00e7\u00e3o de Estrangeiros (CIE) na Espanha, elaborada cada ano, desde 2010, pelo Servi\u00e7o Jesu\u00edta a Migrantes (SJM).O estudo relativo [&hellip;]<\/p>\n","protected":false},"author":28,"featured_media":8876,"comment_status":"closed","ping_status":"closed","sticky":false,"template":"","format":"standard","meta":{"_et_pb_use_builder":"","_et_pb_old_content":"","_et_gb_content_width":"","footnotes":"","_links_to":"","_links_to_target":""},"categories":[519,742,469],"tags":[],"class_list":["post-28424","post","type-post","status-publish","format-standard","has-post-thumbnail","hentry","category-espanha","category-justica-social","category-noticias-pt-br"],"yoast_head":"<!-- This site is optimized with the Yoast SEO plugin v27.5 - https:\/\/yoast.com\/product\/yoast-seo-wordpress\/ -->\n<title>Espanha levanta um muro contra os imigrantes na fronteira sul - Hijas de Jes\u00fas<\/title>\n<meta name=\"robots\" content=\"index, follow, max-snippet:-1, max-image-preview:large, max-video-preview:-1\" \/>\n<link rel=\"canonical\" href=\"https:\/\/hijasdejesus.org\/pt-br\/espanha-levanta-um-muro-contra-os-imigrantes-na-fronteira-sul\/\" \/>\n<meta property=\"og:locale\" content=\"pt_BR\" \/>\n<meta property=\"og:type\" content=\"article\" \/>\n<meta property=\"og:title\" content=\"Espanha levanta um muro contra os imigrantes na fronteira sul - Hijas de Jes\u00fas\" \/>\n<meta property=\"og:description\" content=\"A m\u00e9dia de repatria\u00e7\u00f5es di\u00e1rias na Espanha \u00e9 de 25,66%, enquanto que se det\u00e9m em m\u00e9dia cada dia por perman\u00eancia irregular 99,68 estrangeiros. Esta \u00e9 a principal constata\u00e7\u00e3o do informe sobre a situa\u00e7\u00e3o nos Centros de Interna\u00e7\u00e3o de Estrangeiros (CIE) na Espanha, elaborada cada ano, desde 2010, pelo Servi\u00e7o Jesu\u00edta a Migrantes (SJM).O estudo relativo [&hellip;]\" \/>\n<meta property=\"og:url\" content=\"https:\/\/hijasdejesus.org\/pt-br\/espanha-levanta-um-muro-contra-os-imigrantes-na-fronteira-sul\/\" \/>\n<meta property=\"og:site_name\" content=\"Hijas de Jes\u00fas\" \/>\n<meta property=\"article:publisher\" content=\"https:\/\/www.facebook.com\/hijasdejesusenelmundo\/\" \/>\n<meta property=\"article:published_time\" content=\"2017-06-08T12:16:37+00:00\" \/>\n<meta property=\"article:modified_time\" content=\"2017-06-09T09:17:02+00:00\" \/>\n<meta property=\"og:image\" content=\"https:\/\/hijasdejesus.org\/wp-content\/uploads\/2017\/06\/cie.png\" \/>\n\t<meta property=\"og:image:width\" content=\"800\" \/>\n\t<meta property=\"og:image:height\" content=\"800\" \/>\n\t<meta property=\"og:image:type\" content=\"image\/png\" \/>\n<meta name=\"author\" content=\"Webmaster\" \/>\n<meta name=\"twitter:card\" content=\"summary_large_image\" \/>\n<meta name=\"twitter:creator\" content=\"@hijasdjesus\" \/>\n<meta name=\"twitter:site\" content=\"@hijasdjesus\" \/>\n<meta name=\"twitter:label1\" content=\"Escrito por\" \/>\n\t<meta name=\"twitter:data1\" content=\"Webmaster\" \/>\n\t<meta name=\"twitter:label2\" content=\"Est. tempo de leitura\" \/>\n\t<meta name=\"twitter:data2\" content=\"2 minutos\" \/>\n<script type=\"application\/ld+json\" class=\"yoast-schema-graph\">{\"@context\":\"https:\\\/\\\/schema.org\",\"@graph\":[{\"@type\":\"Article\",\"@id\":\"https:\\\/\\\/hijasdejesus.org\\\/pt-br\\\/espanha-levanta-um-muro-contra-os-imigrantes-na-fronteira-sul\\\/#article\",\"isPartOf\":{\"@id\":\"https:\\\/\\\/hijasdejesus.org\\\/pt-br\\\/espanha-levanta-um-muro-contra-os-imigrantes-na-fronteira-sul\\\/\"},\"author\":{\"name\":\"Webmaster\",\"@id\":\"https:\\\/\\\/hijasdejesus.org\\\/pt-br\\\/#\\\/schema\\\/person\\\/ce4455965da733f2791f23b6ec14e9b6\"},\"headline\":\"Espanha levanta um muro contra os imigrantes na fronteira sul\",\"datePublished\":\"2017-06-08T12:16:37+00:00\",\"dateModified\":\"2017-06-09T09:17:02+00:00\",\"mainEntityOfPage\":{\"@id\":\"https:\\\/\\\/hijasdejesus.org\\\/pt-br\\\/espanha-levanta-um-muro-contra-os-imigrantes-na-fronteira-sul\\\/\"},\"wordCount\":425,\"publisher\":{\"@id\":\"https:\\\/\\\/hijasdejesus.org\\\/pt-br\\\/#organization\"},\"image\":{\"@id\":\"https:\\\/\\\/hijasdejesus.org\\\/pt-br\\\/espanha-levanta-um-muro-contra-os-imigrantes-na-fronteira-sul\\\/#primaryimage\"},\"thumbnailUrl\":\"https:\\\/\\\/hijasdejesus.org\\\/wp-content\\\/uploads\\\/2017\\\/06\\\/cie.png\",\"articleSection\":[\"Espanha\",\"Justi\u00e7a Social\",\"Not\u00edcias\"],\"inLanguage\":\"pt-BR\"},{\"@type\":\"WebPage\",\"@id\":\"https:\\\/\\\/hijasdejesus.org\\\/pt-br\\\/espanha-levanta-um-muro-contra-os-imigrantes-na-fronteira-sul\\\/\",\"url\":\"https:\\\/\\\/hijasdejesus.org\\\/pt-br\\\/espanha-levanta-um-muro-contra-os-imigrantes-na-fronteira-sul\\\/\",\"name\":\"Espanha levanta um muro contra os imigrantes na fronteira sul - Hijas de Jes\u00fas\",\"isPartOf\":{\"@id\":\"https:\\\/\\\/hijasdejesus.org\\\/pt-br\\\/#website\"},\"primaryImageOfPage\":{\"@id\":\"https:\\\/\\\/hijasdejesus.org\\\/pt-br\\\/espanha-levanta-um-muro-contra-os-imigrantes-na-fronteira-sul\\\/#primaryimage\"},\"image\":{\"@id\":\"https:\\\/\\\/hijasdejesus.org\\\/pt-br\\\/espanha-levanta-um-muro-contra-os-imigrantes-na-fronteira-sul\\\/#primaryimage\"},\"thumbnailUrl\":\"https:\\\/\\\/hijasdejesus.org\\\/wp-content\\\/uploads\\\/2017\\\/06\\\/cie.png\",\"datePublished\":\"2017-06-08T12:16:37+00:00\",\"dateModified\":\"2017-06-09T09:17:02+00:00\",\"breadcrumb\":{\"@id\":\"https:\\\/\\\/hijasdejesus.org\\\/pt-br\\\/espanha-levanta-um-muro-contra-os-imigrantes-na-fronteira-sul\\\/#breadcrumb\"},\"inLanguage\":\"pt-BR\",\"potentialAction\":[{\"@type\":\"ReadAction\",\"target\":[\"https:\\\/\\\/hijasdejesus.org\\\/pt-br\\\/espanha-levanta-um-muro-contra-os-imigrantes-na-fronteira-sul\\\/\"]}]},{\"@type\":\"ImageObject\",\"inLanguage\":\"pt-BR\",\"@id\":\"https:\\\/\\\/hijasdejesus.org\\\/pt-br\\\/espanha-levanta-um-muro-contra-os-imigrantes-na-fronteira-sul\\\/#primaryimage\",\"url\":\"https:\\\/\\\/hijasdejesus.org\\\/wp-content\\\/uploads\\\/2017\\\/06\\\/cie.png\",\"contentUrl\":\"https:\\\/\\\/hijasdejesus.org\\\/wp-content\\\/uploads\\\/2017\\\/06\\\/cie.png\",\"width\":800,\"height\":800},{\"@type\":\"BreadcrumbList\",\"@id\":\"https:\\\/\\\/hijasdejesus.org\\\/pt-br\\\/espanha-levanta-um-muro-contra-os-imigrantes-na-fronteira-sul\\\/#breadcrumb\",\"itemListElement\":[{\"@type\":\"ListItem\",\"position\":1,\"name\":\"Portada\",\"item\":\"https:\\\/\\\/hijasdejesus.org\\\/pt-br\\\/\"},{\"@type\":\"ListItem\",\"position\":2,\"name\":\"Espanha levanta um muro contra os imigrantes na fronteira sul\"}]},{\"@type\":\"WebSite\",\"@id\":\"https:\\\/\\\/hijasdejesus.org\\\/pt-br\\\/#website\",\"url\":\"https:\\\/\\\/hijasdejesus.org\\\/pt-br\\\/\",\"name\":\"Hijas de Jes\u00fas\",\"description\":\"Despertamos a Jes\u00fas en el coraz\u00f3n, sacando lo mejor de las personas. Somos una congregaci\u00f3n religiosa ignaciana fundada por la Madre Candida\",\"publisher\":{\"@id\":\"https:\\\/\\\/hijasdejesus.org\\\/pt-br\\\/#organization\"},\"potentialAction\":[{\"@type\":\"SearchAction\",\"target\":{\"@type\":\"EntryPoint\",\"urlTemplate\":\"https:\\\/\\\/hijasdejesus.org\\\/pt-br\\\/?s={search_term_string}\"},\"query-input\":{\"@type\":\"PropertyValueSpecification\",\"valueRequired\":true,\"valueName\":\"search_term_string\"}}],\"inLanguage\":\"pt-BR\"},{\"@type\":\"Organization\",\"@id\":\"https:\\\/\\\/hijasdejesus.org\\\/pt-br\\\/#organization\",\"name\":\"Hijas de Jes\u00fas\",\"url\":\"https:\\\/\\\/hijasdejesus.org\\\/pt-br\\\/\",\"logo\":{\"@type\":\"ImageObject\",\"inLanguage\":\"pt-BR\",\"@id\":\"https:\\\/\\\/hijasdejesus.org\\\/pt-br\\\/#\\\/schema\\\/logo\\\/image\\\/\",\"url\":\"https:\\\/\\\/hijasdejesus.org\\\/wp-content\\\/uploads\\\/2023\\\/01\\\/Hijas-de-Jesus_hor-A7C957.png\",\"contentUrl\":\"https:\\\/\\\/hijasdejesus.org\\\/wp-content\\\/uploads\\\/2023\\\/01\\\/Hijas-de-Jesus_hor-A7C957.png\",\"width\":700,\"height\":360,\"caption\":\"Hijas de Jes\u00fas\"},\"image\":{\"@id\":\"https:\\\/\\\/hijasdejesus.org\\\/pt-br\\\/#\\\/schema\\\/logo\\\/image\\\/\"},\"sameAs\":[\"https:\\\/\\\/www.facebook.com\\\/hijasdejesusenelmundo\\\/\",\"https:\\\/\\\/x.com\\\/hijasdjesus\"]},{\"@type\":\"Person\",\"@id\":\"https:\\\/\\\/hijasdejesus.org\\\/pt-br\\\/#\\\/schema\\\/person\\\/ce4455965da733f2791f23b6ec14e9b6\",\"name\":\"Webmaster\",\"image\":{\"@type\":\"ImageObject\",\"inLanguage\":\"pt-BR\",\"@id\":\"https:\\\/\\\/secure.gravatar.com\\\/avatar\\\/cfd0acaac86c3981d541d2e99a0ffb7b6d33a5ac8989a62f5518b9e0f7ee128a?s=96&d=mm&r=g\",\"url\":\"https:\\\/\\\/secure.gravatar.com\\\/avatar\\\/cfd0acaac86c3981d541d2e99a0ffb7b6d33a5ac8989a62f5518b9e0f7ee128a?s=96&d=mm&r=g\",\"contentUrl\":\"https:\\\/\\\/secure.gravatar.com\\\/avatar\\\/cfd0acaac86c3981d541d2e99a0ffb7b6d33a5ac8989a62f5518b9e0f7ee128a?s=96&d=mm&r=g\",\"caption\":\"Webmaster\"},\"url\":\"https:\\\/\\\/hijasdejesus.org\\\/pt-br\\\/author\\\/webmaster\\\/\"}]}<\/script>\n<!-- \/ Yoast SEO plugin. -->","yoast_head_json":{"title":"Espanha levanta um muro contra os imigrantes na fronteira sul - Hijas de Jes\u00fas","robots":{"index":"index","follow":"follow","max-snippet":"max-snippet:-1","max-image-preview":"max-image-preview:large","max-video-preview":"max-video-preview:-1"},"canonical":"https:\/\/hijasdejesus.org\/pt-br\/espanha-levanta-um-muro-contra-os-imigrantes-na-fronteira-sul\/","og_locale":"pt_BR","og_type":"article","og_title":"Espanha levanta um muro contra os imigrantes na fronteira sul - Hijas de Jes\u00fas","og_description":"A m\u00e9dia de repatria\u00e7\u00f5es di\u00e1rias na Espanha \u00e9 de 25,66%, enquanto que se det\u00e9m em m\u00e9dia cada dia por perman\u00eancia irregular 99,68 estrangeiros. Esta \u00e9 a principal constata\u00e7\u00e3o do informe sobre a situa\u00e7\u00e3o nos Centros de Interna\u00e7\u00e3o de Estrangeiros (CIE) na Espanha, elaborada cada ano, desde 2010, pelo Servi\u00e7o Jesu\u00edta a Migrantes (SJM).O estudo relativo [&hellip;]","og_url":"https:\/\/hijasdejesus.org\/pt-br\/espanha-levanta-um-muro-contra-os-imigrantes-na-fronteira-sul\/","og_site_name":"Hijas de Jes\u00fas","article_publisher":"https:\/\/www.facebook.com\/hijasdejesusenelmundo\/","article_published_time":"2017-06-08T12:16:37+00:00","article_modified_time":"2017-06-09T09:17:02+00:00","og_image":[{"width":800,"height":800,"url":"https:\/\/hijasdejesus.org\/wp-content\/uploads\/2017\/06\/cie.png","type":"image\/png"}],"author":"Webmaster","twitter_card":"summary_large_image","twitter_creator":"@hijasdjesus","twitter_site":"@hijasdjesus","twitter_misc":{"Escrito por":"Webmaster","Est. tempo de leitura":"2 minutos"},"schema":{"@context":"https:\/\/schema.org","@graph":[{"@type":"Article","@id":"https:\/\/hijasdejesus.org\/pt-br\/espanha-levanta-um-muro-contra-os-imigrantes-na-fronteira-sul\/#article","isPartOf":{"@id":"https:\/\/hijasdejesus.org\/pt-br\/espanha-levanta-um-muro-contra-os-imigrantes-na-fronteira-sul\/"},"author":{"name":"Webmaster","@id":"https:\/\/hijasdejesus.org\/pt-br\/#\/schema\/person\/ce4455965da733f2791f23b6ec14e9b6"},"headline":"Espanha levanta um muro contra os imigrantes na fronteira sul","datePublished":"2017-06-08T12:16:37+00:00","dateModified":"2017-06-09T09:17:02+00:00","mainEntityOfPage":{"@id":"https:\/\/hijasdejesus.org\/pt-br\/espanha-levanta-um-muro-contra-os-imigrantes-na-fronteira-sul\/"},"wordCount":425,"publisher":{"@id":"https:\/\/hijasdejesus.org\/pt-br\/#organization"},"image":{"@id":"https:\/\/hijasdejesus.org\/pt-br\/espanha-levanta-um-muro-contra-os-imigrantes-na-fronteira-sul\/#primaryimage"},"thumbnailUrl":"https:\/\/hijasdejesus.org\/wp-content\/uploads\/2017\/06\/cie.png","articleSection":["Espanha","Justi\u00e7a Social","Not\u00edcias"],"inLanguage":"pt-BR"},{"@type":"WebPage","@id":"https:\/\/hijasdejesus.org\/pt-br\/espanha-levanta-um-muro-contra-os-imigrantes-na-fronteira-sul\/","url":"https:\/\/hijasdejesus.org\/pt-br\/espanha-levanta-um-muro-contra-os-imigrantes-na-fronteira-sul\/","name":"Espanha levanta um muro contra os imigrantes na fronteira sul - Hijas de Jes\u00fas","isPartOf":{"@id":"https:\/\/hijasdejesus.org\/pt-br\/#website"},"primaryImageOfPage":{"@id":"https:\/\/hijasdejesus.org\/pt-br\/espanha-levanta-um-muro-contra-os-imigrantes-na-fronteira-sul\/#primaryimage"},"image":{"@id":"https:\/\/hijasdejesus.org\/pt-br\/espanha-levanta-um-muro-contra-os-imigrantes-na-fronteira-sul\/#primaryimage"},"thumbnailUrl":"https:\/\/hijasdejesus.org\/wp-content\/uploads\/2017\/06\/cie.png","datePublished":"2017-06-08T12:16:37+00:00","dateModified":"2017-06-09T09:17:02+00:00","breadcrumb":{"@id":"https:\/\/hijasdejesus.org\/pt-br\/espanha-levanta-um-muro-contra-os-imigrantes-na-fronteira-sul\/#breadcrumb"},"inLanguage":"pt-BR","potentialAction":[{"@type":"ReadAction","target":["https:\/\/hijasdejesus.org\/pt-br\/espanha-levanta-um-muro-contra-os-imigrantes-na-fronteira-sul\/"]}]},{"@type":"ImageObject","inLanguage":"pt-BR","@id":"https:\/\/hijasdejesus.org\/pt-br\/espanha-levanta-um-muro-contra-os-imigrantes-na-fronteira-sul\/#primaryimage","url":"https:\/\/hijasdejesus.org\/wp-content\/uploads\/2017\/06\/cie.png","contentUrl":"https:\/\/hijasdejesus.org\/wp-content\/uploads\/2017\/06\/cie.png","width":800,"height":800},{"@type":"BreadcrumbList","@id":"https:\/\/hijasdejesus.org\/pt-br\/espanha-levanta-um-muro-contra-os-imigrantes-na-fronteira-sul\/#breadcrumb","itemListElement":[{"@type":"ListItem","position":1,"name":"Portada","item":"https:\/\/hijasdejesus.org\/pt-br\/"},{"@type":"ListItem","position":2,"name":"Espanha levanta um muro contra os imigrantes na fronteira sul"}]},{"@type":"WebSite","@id":"https:\/\/hijasdejesus.org\/pt-br\/#website","url":"https:\/\/hijasdejesus.org\/pt-br\/","name":"Hijas de Jes\u00fas","description":"Despertamos a Jes\u00fas en el coraz\u00f3n, sacando lo mejor de las personas. Somos una congregaci\u00f3n religiosa ignaciana fundada por la Madre Candida","publisher":{"@id":"https:\/\/hijasdejesus.org\/pt-br\/#organization"},"potentialAction":[{"@type":"SearchAction","target":{"@type":"EntryPoint","urlTemplate":"https:\/\/hijasdejesus.org\/pt-br\/?s={search_term_string}"},"query-input":{"@type":"PropertyValueSpecification","valueRequired":true,"valueName":"search_term_string"}}],"inLanguage":"pt-BR"},{"@type":"Organization","@id":"https:\/\/hijasdejesus.org\/pt-br\/#organization","name":"Hijas de Jes\u00fas","url":"https:\/\/hijasdejesus.org\/pt-br\/","logo":{"@type":"ImageObject","inLanguage":"pt-BR","@id":"https:\/\/hijasdejesus.org\/pt-br\/#\/schema\/logo\/image\/","url":"https:\/\/hijasdejesus.org\/wp-content\/uploads\/2023\/01\/Hijas-de-Jesus_hor-A7C957.png","contentUrl":"https:\/\/hijasdejesus.org\/wp-content\/uploads\/2023\/01\/Hijas-de-Jesus_hor-A7C957.png","width":700,"height":360,"caption":"Hijas de Jes\u00fas"},"image":{"@id":"https:\/\/hijasdejesus.org\/pt-br\/#\/schema\/logo\/image\/"},"sameAs":["https:\/\/www.facebook.com\/hijasdejesusenelmundo\/","https:\/\/x.com\/hijasdjesus"]},{"@type":"Person","@id":"https:\/\/hijasdejesus.org\/pt-br\/#\/schema\/person\/ce4455965da733f2791f23b6ec14e9b6","name":"Webmaster","image":{"@type":"ImageObject","inLanguage":"pt-BR","@id":"https:\/\/secure.gravatar.com\/avatar\/cfd0acaac86c3981d541d2e99a0ffb7b6d33a5ac8989a62f5518b9e0f7ee128a?s=96&d=mm&r=g","url":"https:\/\/secure.gravatar.com\/avatar\/cfd0acaac86c3981d541d2e99a0ffb7b6d33a5ac8989a62f5518b9e0f7ee128a?s=96&d=mm&r=g","contentUrl":"https:\/\/secure.gravatar.com\/avatar\/cfd0acaac86c3981d541d2e99a0ffb7b6d33a5ac8989a62f5518b9e0f7ee128a?s=96&d=mm&r=g","caption":"Webmaster"},"url":"https:\/\/hijasdejesus.org\/pt-br\/author\/webmaster\/"}]}},"_links":{"self":[{"href":"https:\/\/hijasdejesus.org\/pt-br\/wp-json\/wp\/v2\/posts\/28424","targetHints":{"allow":["GET"]}}],"collection":[{"href":"https:\/\/hijasdejesus.org\/pt-br\/wp-json\/wp\/v2\/posts"}],"about":[{"href":"https:\/\/hijasdejesus.org\/pt-br\/wp-json\/wp\/v2\/types\/post"}],"author":[{"embeddable":true,"href":"https:\/\/hijasdejesus.org\/pt-br\/wp-json\/wp\/v2\/users\/28"}],"replies":[{"embeddable":true,"href":"https:\/\/hijasdejesus.org\/pt-br\/wp-json\/wp\/v2\/comments?post=28424"}],"version-history":[{"count":0,"href":"https:\/\/hijasdejesus.org\/pt-br\/wp-json\/wp\/v2\/posts\/28424\/revisions"}],"wp:featuredmedia":[{"embeddable":true,"href":"https:\/\/hijasdejesus.org\/pt-br\/wp-json\/wp\/v2\/media\/8876"}],"wp:attachment":[{"href":"https:\/\/hijasdejesus.org\/pt-br\/wp-json\/wp\/v2\/media?parent=28424"}],"wp:term":[{"taxonomy":"category","embeddable":true,"href":"https:\/\/hijasdejesus.org\/pt-br\/wp-json\/wp\/v2\/categories?post=28424"},{"taxonomy":"post_tag","embeddable":true,"href":"https:\/\/hijasdejesus.org\/pt-br\/wp-json\/wp\/v2\/tags?post=28424"}],"curies":[{"name":"wp","href":"https:\/\/api.w.org\/{rel}","templated":true}]}}