{"id":28440,"date":"2017-06-17T13:23:22","date_gmt":"2017-06-17T11:23:22","guid":{"rendered":"https:\/\/nueva.hijasdejesus.org\/somente-uma-europa-que-defenda-os-direitos-das-pessoas-pode-estar-orgulhosa-de-si-mesma\/"},"modified":"2017-06-21T18:49:58","modified_gmt":"2017-06-21T16:49:58","slug":"somente-uma-europa-que-defenda-os-direitos-das-pessoas-pode-estar-orgulhosa-de-si-mesma","status":"publish","type":"post","link":"https:\/\/hijasdejesus.org\/pt-br\/somente-uma-europa-que-defenda-os-direitos-das-pessoas-pode-estar-orgulhosa-de-si-mesma\/","title":{"rendered":"Somente uma Europa que defenda os direitos das pessoas pode estar orgulhosa de si mesma"},"content":{"rendered":"<p style=\"text-align: justify;\">O crescente clima de hostilidade para a entrada de pessoas refugiadas em territ\u00f3rio europeu \u00e9 consequ\u00eancia, em grande parte, das pol\u00edticas migrat\u00f3rias cada vez mais restritivas para aqueles que procuram ref\u00fagio seguro. Estas pol\u00edticas restritivas t\u00eam seu reflexo nos recentes discursos adotados no seio dos Estados membros da Uni\u00e3o Europeia. Contudo, as pessoas refugiadas continuam fugindo de seus pa\u00edses de origem. Segundo ACNUR, 65,3 milh\u00f5es de pessoas se viram for\u00e7adas a abandonar seu lugar de origem e 21,3 milh\u00f5es s\u00e3o refugiadas.<br \/>Em setembro de 2015, a Comiss\u00e3o Europeia prop\u00f4s aos Estados membros a recoloca\u00e7\u00e3o de\u00a0 160.000 pessoas e o reassentamento de 20.000 no prazo de dois anos. Hoje, o n\u00famero total de recoloca\u00e7\u00f5es realizadas pelos Estados membros da Uni\u00e3o Europeia sobe a 13.546, e o de reassentamentos a 14.422. No caso da Espanha, foram acolhidos somente 1.212 refugiados dos 17.337 comprometidos, dos quais 878 por recoloca\u00e7\u00e3o e 334 por reassentamento. A falta de vontade pol\u00edtica se reflete no n\u00e3o cumprimento das cotas, dado que a maioria dos Estados ainda est\u00e1 muito longe de alcan\u00e7\u00e1-las. Ante o fracasso na gest\u00e3o migrat\u00f3ria, os Estados membros optaram por tratar de impedir que refugiados e migrantes possam entrar em seu territ\u00f3rio.<br \/>\u00c9 que, al\u00e9m disso, as medidas contra as pessoas migrantes em situa\u00e7\u00e3o irregular se endureceram consideravelmente. Em 02 de mar\u00e7o passado, a Comiss\u00e3o Europeia se posicionou duramente contra aquelas pessoas consideradas migrantes econ\u00f4micos que n\u00e3o t\u00eam direito a asilo. Neste caso, se pede aos Estados que ampliem at\u00e9 o per\u00edodo m\u00e1ximo de deten\u00e7\u00e3o previsto na Diretiva de Retorno (18 meses) as pessoas que se encontram em situa\u00e7\u00e3o irregular. Deste modo se pretende fomentar a expuls\u00e3o de migrantes em situa\u00e7\u00e3o irregular incrementando o n\u00famero de retornos a seus pa\u00edses de origem. As pol\u00edticas migrat\u00f3rias por parte de Europa se endureceram desde o principio do ano, fomentando o retorno dos migrantes em situa\u00e7\u00e3o irregular.<br \/>Em 03 de fevereiro passado teve lugar a \u201cCumbre de Malta\u201d onde se reuniram os chefes de Estado da UE para debater os aspectos exteriores da migra\u00e7\u00e3o, concretamente a rota do Mediterr\u00e2neo Central. A resolu\u00e7\u00e3o do Conselho Europeu tem como objetivo garantir o controle das fronteiras exteriores e conter os fluxos ilegais para a UE atrav\u00e9s de um novo acordo com a L\u00edbia. Pelo acordo entre a UE e Turquia, que completou um ano, se reduziram drasticamente as chegadas de pessoas refugiadas atrav\u00e9s da rota do Mediterr\u00e2neo Oriental.\u00a0 Por\u00e9m, grande parte das 50.000 pessoas refugiadas e migrantes segue em campos na Gr\u00e9cia, em m\u00e1s condiciones e em um clima de desesperan\u00e7a cada vez maior. Tamb\u00e9m as mortes no mar se incrementaram. No final de 2016 as mortes no Mediterr\u00e2neo ascenderam a 5.000 pessoas frente \u00e0s 3.771 ocorridas em 2015, e continuou no decorrer do ano; 336 pessoas perderam a vida no mar. A rota do Mediterr\u00e2neo Central se converteu na via mais perigosa de entrada na It\u00e1lia, com mais de 180.000 chegadas em 2016, e sua maioria procedente da L\u00edbia. Com o novo acordo, a UE pretende devolver \u00e0 L\u00edbia os migrantes em situa\u00e7\u00e3o irregular, melhorando a vigil\u00e2ncia das fronteiras terrestres, formando e apoiando os guarda-costas l\u00edbios, com o pretexto de frear os traficantes de pessoas e intensificar as opera\u00e7\u00f5es de salvamento. Ademais, o Conselho Europeu de Justi\u00e7a e Assuntos de Interior se reuniu em 27 e 28 de mar\u00e7o para levar adiante as medidas que considera necess\u00e1rias para frear a entrada de imigrantes em situa\u00e7\u00e3o irregular, entre elas, refor\u00e7ar as fronteiras exteriores \u00e0 UE e aplicar uma pol\u00edtica de retorno mais eficaz.<br \/>As respostas no se fizeram esperar. O alto comissariado das Na\u00e7\u00f5es Unidas para os Direitos Humanos denunciou as tentativas da Uni\u00e3o Europeia de externalizar a pol\u00edtica migrat\u00f3ria. Diversas organiza\u00e7\u00f5es sociais reclamaram a necessidade de respeitar os direitos humanos e n\u00e3o colocar em risco a vida daquelas pessoas que buscam asilo. Devolver as pessoas que buscam ref\u00fagio a terceiros pa\u00edses n\u00e3o seguros, ou cont\u00ea-las em prec\u00e1rias condi\u00e7\u00f5es, \u00e9 exp\u00f4-las a vulnera\u00e7\u00f5es de direitos humanos. A resposta para acabar com o tr\u00e1fico de pessoas deve ser a abertura de vias de acesso legais e seguras \u00e0 Europa e n\u00e3o os acordos restritivos para frear a migra\u00e7\u00e3o. Estes acordos, longe de solucionar de maneira adequada as migra\u00e7\u00f5es, contribuem a vulnerar os direitos fundamentais das pessoas, lan\u00e7am com clareza a mensagem de que n\u00e3o s\u00e3o bem-vindas violando o direito humanit\u00e1rio e de asilo, contribuem ao incremento da xenofobia nas sociedades de acolhida, e n\u00e3o conseguem os objetivos que dizem perseguir, como acabar com as m\u00e1fias. No 60\u00ba anivers\u00e1rio da Uni\u00e3o Europeia, urge reivindicar uma Europa com os princ\u00edpios e valores fundacionais de justi\u00e7a, liberdade, solidariedade e defesa do Estado de direito, que proporcione prote\u00e7\u00e3o e acolhida \u00e0s pessoas refugiadas e migrantes, e que garanta seus direitos fundamentais. Como assinalam diversas organiza\u00e7\u00f5es sociais, somente uma Europa que defenda os direitos das pessoas, sem exce\u00e7\u00e3o, pode estar orgulhosa de si mesma.<\/p>\n<p style=\"text-align: center;\"><strong>Por Valeria M\u00e9ndez de Vigo e Carla Sala<\/strong><br \/><a href=\"http:\/\/blog.cristianismeijusticia.net\/2017\/05\/25\/una-europa-que-defienda-los-derechos-las-personas-puede-estar-orgullosa\" target=\"_blank\" rel=\"noopener\">Publicado em Cristianismo y Justicia<\/a><\/p>\n","protected":false},"excerpt":{"rendered":"<p>O crescente clima de hostilidade para a entrada de pessoas refugiadas em territ\u00f3rio europeu \u00e9 consequ\u00eancia, em grande parte, das pol\u00edticas migrat\u00f3rias cada vez mais restritivas para aqueles que procuram ref\u00fagio seguro. Estas pol\u00edticas restritivas t\u00eam seu reflexo nos recentes discursos adotados no seio dos Estados membros da Uni\u00e3o Europeia. Contudo, as pessoas refugiadas continuam [&hellip;]<\/p>\n","protected":false},"author":28,"featured_media":8882,"comment_status":"closed","ping_status":"closed","sticky":false,"template":"","format":"standard","meta":{"_et_pb_use_builder":"","_et_pb_old_content":"","_et_gb_content_width":"","footnotes":"","_links_to":"","_links_to_target":""},"categories":[742,469],"tags":[],"class_list":["post-28440","post","type-post","status-publish","format-standard","has-post-thumbnail","hentry","category-justica-social","category-noticias-pt-br"],"yoast_head":"<!-- This site is optimized with the Yoast SEO plugin v27.5 - https:\/\/yoast.com\/product\/yoast-seo-wordpress\/ -->\n<title>Somente uma Europa que defenda os direitos das pessoas pode estar orgulhosa de si mesma - Hijas de Jes\u00fas<\/title>\n<meta name=\"robots\" content=\"index, follow, max-snippet:-1, max-image-preview:large, max-video-preview:-1\" \/>\n<link rel=\"canonical\" href=\"https:\/\/hijasdejesus.org\/pt-br\/somente-uma-europa-que-defenda-os-direitos-das-pessoas-pode-estar-orgulhosa-de-si-mesma\/\" \/>\n<meta property=\"og:locale\" content=\"pt_BR\" \/>\n<meta property=\"og:type\" content=\"article\" \/>\n<meta property=\"og:title\" content=\"Somente uma Europa que defenda os direitos das pessoas pode estar orgulhosa de si mesma - Hijas de Jes\u00fas\" \/>\n<meta property=\"og:description\" content=\"O crescente clima de hostilidade para a entrada de pessoas refugiadas em territ\u00f3rio europeu \u00e9 consequ\u00eancia, em grande parte, das pol\u00edticas migrat\u00f3rias cada vez mais restritivas para aqueles que procuram ref\u00fagio seguro. Estas pol\u00edticas restritivas t\u00eam seu reflexo nos recentes discursos adotados no seio dos Estados membros da Uni\u00e3o Europeia. Contudo, as pessoas refugiadas continuam [&hellip;]\" \/>\n<meta property=\"og:url\" content=\"https:\/\/hijasdejesus.org\/pt-br\/somente-uma-europa-que-defenda-os-direitos-das-pessoas-pode-estar-orgulhosa-de-si-mesma\/\" \/>\n<meta property=\"og:site_name\" content=\"Hijas de Jes\u00fas\" \/>\n<meta property=\"article:publisher\" content=\"https:\/\/www.facebook.com\/hijasdejesusenelmundo\/\" \/>\n<meta property=\"article:published_time\" content=\"2017-06-17T11:23:22+00:00\" \/>\n<meta property=\"article:modified_time\" content=\"2017-06-21T16:49:58+00:00\" \/>\n<meta property=\"og:image\" content=\"https:\/\/hijasdejesus.org\/wp-content\/uploads\/2017\/06\/refugiados1.jpg\" \/>\n\t<meta property=\"og:image:width\" content=\"636\" \/>\n\t<meta property=\"og:image:height\" content=\"310\" \/>\n\t<meta property=\"og:image:type\" content=\"image\/jpeg\" \/>\n<meta name=\"author\" content=\"Webmaster\" \/>\n<meta name=\"twitter:card\" content=\"summary_large_image\" \/>\n<meta name=\"twitter:creator\" content=\"@hijasdjesus\" \/>\n<meta name=\"twitter:site\" content=\"@hijasdjesus\" \/>\n<meta name=\"twitter:label1\" content=\"Escrito por\" \/>\n\t<meta name=\"twitter:data1\" content=\"Webmaster\" \/>\n\t<meta name=\"twitter:label2\" content=\"Est. tempo de leitura\" \/>\n\t<meta name=\"twitter:data2\" content=\"4 minutos\" \/>\n<script type=\"application\/ld+json\" class=\"yoast-schema-graph\">{\"@context\":\"https:\\\/\\\/schema.org\",\"@graph\":[{\"@type\":\"Article\",\"@id\":\"https:\\\/\\\/hijasdejesus.org\\\/pt-br\\\/somente-uma-europa-que-defenda-os-direitos-das-pessoas-pode-estar-orgulhosa-de-si-mesma\\\/#article\",\"isPartOf\":{\"@id\":\"https:\\\/\\\/hijasdejesus.org\\\/pt-br\\\/somente-uma-europa-que-defenda-os-direitos-das-pessoas-pode-estar-orgulhosa-de-si-mesma\\\/\"},\"author\":{\"name\":\"Webmaster\",\"@id\":\"https:\\\/\\\/hijasdejesus.org\\\/pt-br\\\/#\\\/schema\\\/person\\\/ce4455965da733f2791f23b6ec14e9b6\"},\"headline\":\"Somente uma Europa que defenda os direitos das pessoas pode estar orgulhosa de si mesma\",\"datePublished\":\"2017-06-17T11:23:22+00:00\",\"dateModified\":\"2017-06-21T16:49:58+00:00\",\"mainEntityOfPage\":{\"@id\":\"https:\\\/\\\/hijasdejesus.org\\\/pt-br\\\/somente-uma-europa-que-defenda-os-direitos-das-pessoas-pode-estar-orgulhosa-de-si-mesma\\\/\"},\"wordCount\":907,\"publisher\":{\"@id\":\"https:\\\/\\\/hijasdejesus.org\\\/pt-br\\\/#organization\"},\"image\":{\"@id\":\"https:\\\/\\\/hijasdejesus.org\\\/pt-br\\\/somente-uma-europa-que-defenda-os-direitos-das-pessoas-pode-estar-orgulhosa-de-si-mesma\\\/#primaryimage\"},\"thumbnailUrl\":\"https:\\\/\\\/hijasdejesus.org\\\/wp-content\\\/uploads\\\/2017\\\/06\\\/refugiados1.jpg\",\"articleSection\":[\"Justi\u00e7a Social\",\"Not\u00edcias\"],\"inLanguage\":\"pt-BR\"},{\"@type\":\"WebPage\",\"@id\":\"https:\\\/\\\/hijasdejesus.org\\\/pt-br\\\/somente-uma-europa-que-defenda-os-direitos-das-pessoas-pode-estar-orgulhosa-de-si-mesma\\\/\",\"url\":\"https:\\\/\\\/hijasdejesus.org\\\/pt-br\\\/somente-uma-europa-que-defenda-os-direitos-das-pessoas-pode-estar-orgulhosa-de-si-mesma\\\/\",\"name\":\"Somente uma Europa que defenda os direitos das pessoas pode estar orgulhosa de si mesma - Hijas de Jes\u00fas\",\"isPartOf\":{\"@id\":\"https:\\\/\\\/hijasdejesus.org\\\/pt-br\\\/#website\"},\"primaryImageOfPage\":{\"@id\":\"https:\\\/\\\/hijasdejesus.org\\\/pt-br\\\/somente-uma-europa-que-defenda-os-direitos-das-pessoas-pode-estar-orgulhosa-de-si-mesma\\\/#primaryimage\"},\"image\":{\"@id\":\"https:\\\/\\\/hijasdejesus.org\\\/pt-br\\\/somente-uma-europa-que-defenda-os-direitos-das-pessoas-pode-estar-orgulhosa-de-si-mesma\\\/#primaryimage\"},\"thumbnailUrl\":\"https:\\\/\\\/hijasdejesus.org\\\/wp-content\\\/uploads\\\/2017\\\/06\\\/refugiados1.jpg\",\"datePublished\":\"2017-06-17T11:23:22+00:00\",\"dateModified\":\"2017-06-21T16:49:58+00:00\",\"breadcrumb\":{\"@id\":\"https:\\\/\\\/hijasdejesus.org\\\/pt-br\\\/somente-uma-europa-que-defenda-os-direitos-das-pessoas-pode-estar-orgulhosa-de-si-mesma\\\/#breadcrumb\"},\"inLanguage\":\"pt-BR\",\"potentialAction\":[{\"@type\":\"ReadAction\",\"target\":[\"https:\\\/\\\/hijasdejesus.org\\\/pt-br\\\/somente-uma-europa-que-defenda-os-direitos-das-pessoas-pode-estar-orgulhosa-de-si-mesma\\\/\"]}]},{\"@type\":\"ImageObject\",\"inLanguage\":\"pt-BR\",\"@id\":\"https:\\\/\\\/hijasdejesus.org\\\/pt-br\\\/somente-uma-europa-que-defenda-os-direitos-das-pessoas-pode-estar-orgulhosa-de-si-mesma\\\/#primaryimage\",\"url\":\"https:\\\/\\\/hijasdejesus.org\\\/wp-content\\\/uploads\\\/2017\\\/06\\\/refugiados1.jpg\",\"contentUrl\":\"https:\\\/\\\/hijasdejesus.org\\\/wp-content\\\/uploads\\\/2017\\\/06\\\/refugiados1.jpg\",\"width\":636,\"height\":310},{\"@type\":\"BreadcrumbList\",\"@id\":\"https:\\\/\\\/hijasdejesus.org\\\/pt-br\\\/somente-uma-europa-que-defenda-os-direitos-das-pessoas-pode-estar-orgulhosa-de-si-mesma\\\/#breadcrumb\",\"itemListElement\":[{\"@type\":\"ListItem\",\"position\":1,\"name\":\"Portada\",\"item\":\"https:\\\/\\\/hijasdejesus.org\\\/pt-br\\\/\"},{\"@type\":\"ListItem\",\"position\":2,\"name\":\"Somente uma Europa que defenda os direitos das pessoas pode estar orgulhosa de si mesma\"}]},{\"@type\":\"WebSite\",\"@id\":\"https:\\\/\\\/hijasdejesus.org\\\/pt-br\\\/#website\",\"url\":\"https:\\\/\\\/hijasdejesus.org\\\/pt-br\\\/\",\"name\":\"Hijas de Jes\u00fas\",\"description\":\"Despertamos a Jes\u00fas en el coraz\u00f3n, sacando lo mejor de las personas. Somos una congregaci\u00f3n religiosa ignaciana fundada por la Madre Candida\",\"publisher\":{\"@id\":\"https:\\\/\\\/hijasdejesus.org\\\/pt-br\\\/#organization\"},\"potentialAction\":[{\"@type\":\"SearchAction\",\"target\":{\"@type\":\"EntryPoint\",\"urlTemplate\":\"https:\\\/\\\/hijasdejesus.org\\\/pt-br\\\/?s={search_term_string}\"},\"query-input\":{\"@type\":\"PropertyValueSpecification\",\"valueRequired\":true,\"valueName\":\"search_term_string\"}}],\"inLanguage\":\"pt-BR\"},{\"@type\":\"Organization\",\"@id\":\"https:\\\/\\\/hijasdejesus.org\\\/pt-br\\\/#organization\",\"name\":\"Hijas de Jes\u00fas\",\"url\":\"https:\\\/\\\/hijasdejesus.org\\\/pt-br\\\/\",\"logo\":{\"@type\":\"ImageObject\",\"inLanguage\":\"pt-BR\",\"@id\":\"https:\\\/\\\/hijasdejesus.org\\\/pt-br\\\/#\\\/schema\\\/logo\\\/image\\\/\",\"url\":\"https:\\\/\\\/hijasdejesus.org\\\/wp-content\\\/uploads\\\/2023\\\/01\\\/Hijas-de-Jesus_hor-A7C957.png\",\"contentUrl\":\"https:\\\/\\\/hijasdejesus.org\\\/wp-content\\\/uploads\\\/2023\\\/01\\\/Hijas-de-Jesus_hor-A7C957.png\",\"width\":700,\"height\":360,\"caption\":\"Hijas de Jes\u00fas\"},\"image\":{\"@id\":\"https:\\\/\\\/hijasdejesus.org\\\/pt-br\\\/#\\\/schema\\\/logo\\\/image\\\/\"},\"sameAs\":[\"https:\\\/\\\/www.facebook.com\\\/hijasdejesusenelmundo\\\/\",\"https:\\\/\\\/x.com\\\/hijasdjesus\"]},{\"@type\":\"Person\",\"@id\":\"https:\\\/\\\/hijasdejesus.org\\\/pt-br\\\/#\\\/schema\\\/person\\\/ce4455965da733f2791f23b6ec14e9b6\",\"name\":\"Webmaster\",\"image\":{\"@type\":\"ImageObject\",\"inLanguage\":\"pt-BR\",\"@id\":\"https:\\\/\\\/secure.gravatar.com\\\/avatar\\\/cfd0acaac86c3981d541d2e99a0ffb7b6d33a5ac8989a62f5518b9e0f7ee128a?s=96&d=mm&r=g\",\"url\":\"https:\\\/\\\/secure.gravatar.com\\\/avatar\\\/cfd0acaac86c3981d541d2e99a0ffb7b6d33a5ac8989a62f5518b9e0f7ee128a?s=96&d=mm&r=g\",\"contentUrl\":\"https:\\\/\\\/secure.gravatar.com\\\/avatar\\\/cfd0acaac86c3981d541d2e99a0ffb7b6d33a5ac8989a62f5518b9e0f7ee128a?s=96&d=mm&r=g\",\"caption\":\"Webmaster\"},\"url\":\"https:\\\/\\\/hijasdejesus.org\\\/pt-br\\\/author\\\/webmaster\\\/\"}]}<\/script>\n<!-- \/ Yoast SEO plugin. -->","yoast_head_json":{"title":"Somente uma Europa que defenda os direitos das pessoas pode estar orgulhosa de si mesma - Hijas de Jes\u00fas","robots":{"index":"index","follow":"follow","max-snippet":"max-snippet:-1","max-image-preview":"max-image-preview:large","max-video-preview":"max-video-preview:-1"},"canonical":"https:\/\/hijasdejesus.org\/pt-br\/somente-uma-europa-que-defenda-os-direitos-das-pessoas-pode-estar-orgulhosa-de-si-mesma\/","og_locale":"pt_BR","og_type":"article","og_title":"Somente uma Europa que defenda os direitos das pessoas pode estar orgulhosa de si mesma - Hijas de Jes\u00fas","og_description":"O crescente clima de hostilidade para a entrada de pessoas refugiadas em territ\u00f3rio europeu \u00e9 consequ\u00eancia, em grande parte, das pol\u00edticas migrat\u00f3rias cada vez mais restritivas para aqueles que procuram ref\u00fagio seguro. Estas pol\u00edticas restritivas t\u00eam seu reflexo nos recentes discursos adotados no seio dos Estados membros da Uni\u00e3o Europeia. Contudo, as pessoas refugiadas continuam [&hellip;]","og_url":"https:\/\/hijasdejesus.org\/pt-br\/somente-uma-europa-que-defenda-os-direitos-das-pessoas-pode-estar-orgulhosa-de-si-mesma\/","og_site_name":"Hijas de Jes\u00fas","article_publisher":"https:\/\/www.facebook.com\/hijasdejesusenelmundo\/","article_published_time":"2017-06-17T11:23:22+00:00","article_modified_time":"2017-06-21T16:49:58+00:00","og_image":[{"width":636,"height":310,"url":"https:\/\/hijasdejesus.org\/wp-content\/uploads\/2017\/06\/refugiados1.jpg","type":"image\/jpeg"}],"author":"Webmaster","twitter_card":"summary_large_image","twitter_creator":"@hijasdjesus","twitter_site":"@hijasdjesus","twitter_misc":{"Escrito por":"Webmaster","Est. tempo de leitura":"4 minutos"},"schema":{"@context":"https:\/\/schema.org","@graph":[{"@type":"Article","@id":"https:\/\/hijasdejesus.org\/pt-br\/somente-uma-europa-que-defenda-os-direitos-das-pessoas-pode-estar-orgulhosa-de-si-mesma\/#article","isPartOf":{"@id":"https:\/\/hijasdejesus.org\/pt-br\/somente-uma-europa-que-defenda-os-direitos-das-pessoas-pode-estar-orgulhosa-de-si-mesma\/"},"author":{"name":"Webmaster","@id":"https:\/\/hijasdejesus.org\/pt-br\/#\/schema\/person\/ce4455965da733f2791f23b6ec14e9b6"},"headline":"Somente uma Europa que defenda os direitos das pessoas pode estar orgulhosa de si mesma","datePublished":"2017-06-17T11:23:22+00:00","dateModified":"2017-06-21T16:49:58+00:00","mainEntityOfPage":{"@id":"https:\/\/hijasdejesus.org\/pt-br\/somente-uma-europa-que-defenda-os-direitos-das-pessoas-pode-estar-orgulhosa-de-si-mesma\/"},"wordCount":907,"publisher":{"@id":"https:\/\/hijasdejesus.org\/pt-br\/#organization"},"image":{"@id":"https:\/\/hijasdejesus.org\/pt-br\/somente-uma-europa-que-defenda-os-direitos-das-pessoas-pode-estar-orgulhosa-de-si-mesma\/#primaryimage"},"thumbnailUrl":"https:\/\/hijasdejesus.org\/wp-content\/uploads\/2017\/06\/refugiados1.jpg","articleSection":["Justi\u00e7a Social","Not\u00edcias"],"inLanguage":"pt-BR"},{"@type":"WebPage","@id":"https:\/\/hijasdejesus.org\/pt-br\/somente-uma-europa-que-defenda-os-direitos-das-pessoas-pode-estar-orgulhosa-de-si-mesma\/","url":"https:\/\/hijasdejesus.org\/pt-br\/somente-uma-europa-que-defenda-os-direitos-das-pessoas-pode-estar-orgulhosa-de-si-mesma\/","name":"Somente uma Europa que defenda os direitos das pessoas pode estar orgulhosa de si mesma - Hijas de Jes\u00fas","isPartOf":{"@id":"https:\/\/hijasdejesus.org\/pt-br\/#website"},"primaryImageOfPage":{"@id":"https:\/\/hijasdejesus.org\/pt-br\/somente-uma-europa-que-defenda-os-direitos-das-pessoas-pode-estar-orgulhosa-de-si-mesma\/#primaryimage"},"image":{"@id":"https:\/\/hijasdejesus.org\/pt-br\/somente-uma-europa-que-defenda-os-direitos-das-pessoas-pode-estar-orgulhosa-de-si-mesma\/#primaryimage"},"thumbnailUrl":"https:\/\/hijasdejesus.org\/wp-content\/uploads\/2017\/06\/refugiados1.jpg","datePublished":"2017-06-17T11:23:22+00:00","dateModified":"2017-06-21T16:49:58+00:00","breadcrumb":{"@id":"https:\/\/hijasdejesus.org\/pt-br\/somente-uma-europa-que-defenda-os-direitos-das-pessoas-pode-estar-orgulhosa-de-si-mesma\/#breadcrumb"},"inLanguage":"pt-BR","potentialAction":[{"@type":"ReadAction","target":["https:\/\/hijasdejesus.org\/pt-br\/somente-uma-europa-que-defenda-os-direitos-das-pessoas-pode-estar-orgulhosa-de-si-mesma\/"]}]},{"@type":"ImageObject","inLanguage":"pt-BR","@id":"https:\/\/hijasdejesus.org\/pt-br\/somente-uma-europa-que-defenda-os-direitos-das-pessoas-pode-estar-orgulhosa-de-si-mesma\/#primaryimage","url":"https:\/\/hijasdejesus.org\/wp-content\/uploads\/2017\/06\/refugiados1.jpg","contentUrl":"https:\/\/hijasdejesus.org\/wp-content\/uploads\/2017\/06\/refugiados1.jpg","width":636,"height":310},{"@type":"BreadcrumbList","@id":"https:\/\/hijasdejesus.org\/pt-br\/somente-uma-europa-que-defenda-os-direitos-das-pessoas-pode-estar-orgulhosa-de-si-mesma\/#breadcrumb","itemListElement":[{"@type":"ListItem","position":1,"name":"Portada","item":"https:\/\/hijasdejesus.org\/pt-br\/"},{"@type":"ListItem","position":2,"name":"Somente uma Europa que defenda os direitos das pessoas pode estar orgulhosa de si mesma"}]},{"@type":"WebSite","@id":"https:\/\/hijasdejesus.org\/pt-br\/#website","url":"https:\/\/hijasdejesus.org\/pt-br\/","name":"Hijas de Jes\u00fas","description":"Despertamos a Jes\u00fas en el coraz\u00f3n, sacando lo mejor de las personas. Somos una congregaci\u00f3n religiosa ignaciana fundada por la Madre Candida","publisher":{"@id":"https:\/\/hijasdejesus.org\/pt-br\/#organization"},"potentialAction":[{"@type":"SearchAction","target":{"@type":"EntryPoint","urlTemplate":"https:\/\/hijasdejesus.org\/pt-br\/?s={search_term_string}"},"query-input":{"@type":"PropertyValueSpecification","valueRequired":true,"valueName":"search_term_string"}}],"inLanguage":"pt-BR"},{"@type":"Organization","@id":"https:\/\/hijasdejesus.org\/pt-br\/#organization","name":"Hijas de Jes\u00fas","url":"https:\/\/hijasdejesus.org\/pt-br\/","logo":{"@type":"ImageObject","inLanguage":"pt-BR","@id":"https:\/\/hijasdejesus.org\/pt-br\/#\/schema\/logo\/image\/","url":"https:\/\/hijasdejesus.org\/wp-content\/uploads\/2023\/01\/Hijas-de-Jesus_hor-A7C957.png","contentUrl":"https:\/\/hijasdejesus.org\/wp-content\/uploads\/2023\/01\/Hijas-de-Jesus_hor-A7C957.png","width":700,"height":360,"caption":"Hijas de Jes\u00fas"},"image":{"@id":"https:\/\/hijasdejesus.org\/pt-br\/#\/schema\/logo\/image\/"},"sameAs":["https:\/\/www.facebook.com\/hijasdejesusenelmundo\/","https:\/\/x.com\/hijasdjesus"]},{"@type":"Person","@id":"https:\/\/hijasdejesus.org\/pt-br\/#\/schema\/person\/ce4455965da733f2791f23b6ec14e9b6","name":"Webmaster","image":{"@type":"ImageObject","inLanguage":"pt-BR","@id":"https:\/\/secure.gravatar.com\/avatar\/cfd0acaac86c3981d541d2e99a0ffb7b6d33a5ac8989a62f5518b9e0f7ee128a?s=96&d=mm&r=g","url":"https:\/\/secure.gravatar.com\/avatar\/cfd0acaac86c3981d541d2e99a0ffb7b6d33a5ac8989a62f5518b9e0f7ee128a?s=96&d=mm&r=g","contentUrl":"https:\/\/secure.gravatar.com\/avatar\/cfd0acaac86c3981d541d2e99a0ffb7b6d33a5ac8989a62f5518b9e0f7ee128a?s=96&d=mm&r=g","caption":"Webmaster"},"url":"https:\/\/hijasdejesus.org\/pt-br\/author\/webmaster\/"}]}},"_links":{"self":[{"href":"https:\/\/hijasdejesus.org\/pt-br\/wp-json\/wp\/v2\/posts\/28440","targetHints":{"allow":["GET"]}}],"collection":[{"href":"https:\/\/hijasdejesus.org\/pt-br\/wp-json\/wp\/v2\/posts"}],"about":[{"href":"https:\/\/hijasdejesus.org\/pt-br\/wp-json\/wp\/v2\/types\/post"}],"author":[{"embeddable":true,"href":"https:\/\/hijasdejesus.org\/pt-br\/wp-json\/wp\/v2\/users\/28"}],"replies":[{"embeddable":true,"href":"https:\/\/hijasdejesus.org\/pt-br\/wp-json\/wp\/v2\/comments?post=28440"}],"version-history":[{"count":0,"href":"https:\/\/hijasdejesus.org\/pt-br\/wp-json\/wp\/v2\/posts\/28440\/revisions"}],"wp:featuredmedia":[{"embeddable":true,"href":"https:\/\/hijasdejesus.org\/pt-br\/wp-json\/wp\/v2\/media\/8882"}],"wp:attachment":[{"href":"https:\/\/hijasdejesus.org\/pt-br\/wp-json\/wp\/v2\/media?parent=28440"}],"wp:term":[{"taxonomy":"category","embeddable":true,"href":"https:\/\/hijasdejesus.org\/pt-br\/wp-json\/wp\/v2\/categories?post=28440"},{"taxonomy":"post_tag","embeddable":true,"href":"https:\/\/hijasdejesus.org\/pt-br\/wp-json\/wp\/v2\/tags?post=28440"}],"curies":[{"name":"wp","href":"https:\/\/api.w.org\/{rel}","templated":true}]}}