{"id":28560,"date":"2017-09-05T13:23:22","date_gmt":"2017-09-05T11:23:22","guid":{"rendered":"https:\/\/nueva.hijasdejesus.org\/hoje-a-igreja-celebra-santa-teresa-de-calcuta\/"},"modified":"2017-09-05T13:25:36","modified_gmt":"2017-09-05T11:25:36","slug":"hoje-a-igreja-celebra-santa-teresa-de-calcuta","status":"publish","type":"post","link":"https:\/\/hijasdejesus.org\/pt-br\/hoje-a-igreja-celebra-santa-teresa-de-calcuta\/","title":{"rendered":"Hoje a Igreja celebra Santa Teresa de Calcut\u00e1"},"content":{"rendered":"<p style=\"text-align: justify;\">Hoy, 5 de septiembre, celebramos la fiesta de Santa Teresa de Calcuta, canonizada hace un a\u00f1o por el Papa Francisco en una Misa celebrada en la Plaza de San Pedro, a la cual asistieron unas 120 mil personas. La Santa albanesa muri\u00f3 exactamente hace 20 a\u00f1os, el 5 de septiembre de 1997 en Calcuta, India a los 87 a\u00f1os de edad a causa de un paro cardiaco.<br \/>Santa Teresa de Calcuta dio siempre testimonio de servir a Cristo en los \u201cm\u00e1s pobres entre los pobres\u201d, ense\u00f1ando que la mayor pobreza no estaba en los barrios humildes de Calcuta, sino en los lugares donde muchas veces falta el amor o en las sociedades que permiten el aborto.<br \/>Madre Teresa naci\u00f3 el 26 de agosto de 1910 en Skopje, perteneciente en ese entonces a Albania, y actualmente a Macedonia. Su nombre original fue Gonxha Agnes Bojaxhiu, el cual cambio a Teresa al ingresar al Instituto de la Bienaventurada Virgen Mar\u00eda.<br \/>Fue bautizada al d\u00eda siguiente de nacer, recibi\u00f3 la Primera Comuni\u00f3n a la edad de 5 a\u00f1os, y la confirmaci\u00f3n un a\u00f1o despu\u00e9s.<br \/>Ingres\u00f3 a la Congregaci\u00f3n de las Hermanas de Loreto en 1928, un a\u00f1o despu\u00e9s lleg\u00f3 a la India e hizo sus primeros votos en 1937. Estuvo 20 a\u00f1os en dicha congregaci\u00f3n.<br \/>El 7 de octubre de 1950 fund\u00f3 a las Misioneras de la Caridad, con el carisma de entregarse por los m\u00e1s pobres entre los pobres. En 1963 fund\u00f3 la rama masculina los Hermanos Misioneros de la Caridad, en 1973 a las Hermanas Contemplativas, en 1979 a los Hermanos Contemplativos, y en 1984 a los Padres Misioneros de la Caridad y el movimiento Corpus Christi para sacerdotes.<br \/>En 1979 se le confiri\u00f3 el Premio Nobel de la Paz.<br \/>Cuando la Congregaci\u00f3n contaba con 3,842 religiosas en 594 casas en todo el mundo, fue llamada a la Casa del Padre el 5 de septiembre de 1997.<br \/>Fue beatificada por su gran amigo San Juan Pablo II el 19 de octubre del 2003, qui\u00e9n la record\u00f3 de la siguiente manera: \u201cSaciar la sed de amor y de almas de Jes\u00fas en uni\u00f3n con Mar\u00eda, la Madre de Jes\u00fas, se convirti\u00f3 en el \u00fanico objetivo de la existencia de la Madre Teresa, y en la fuerza interior que la impulsaba y la hac\u00eda superarse a s\u00ed misma e \u2018ir deprisa\u2019 a trav\u00e9s del mundo para trabajar por la salvaci\u00f3n y la santificaci\u00f3n de los m\u00e1s pobres de entre los pobres\u201d.<br \/>Fue canonizada 13 a\u00f1os despu\u00e9s por el Papa Francisco dentro de la celebraci\u00f3n del Jubileo de los voluntarios y operarios de la misericordia.<br \/>El Pont\u00edfice se\u00f1alo que &#8220;Madre Teresa, a lo largo de toda su existencia, ha sido una generosa dispensadora de la misericordia divina, poni\u00e9ndose a disposici\u00f3n de todos por medio de la acogida y la defensa de la vida humana, tanto la no nacida como la abandonada y descartada. Se ha comprometido en la defensa de la vida proclamando incesantemente que &#8216;el no nacido es el m\u00e1s d\u00e9bil, el m\u00e1s peque\u00f1o, el m\u00e1s pobre'&#8221;.<br \/>En una c\u00e9lebre entrevista poco antes de morir, Santa Teresa de Calcuta dej\u00f3 este mensaje a la revista brasile\u00f1a misionera \u201cSem Fronteras\u201d en 1997: \u201c\u00c1mense los unos a los otros, como Jes\u00fas los ama. No tengo nada que a\u00f1adir al mensaje que Jes\u00fas nos dej\u00f3. Para poder amar hay que tener un coraz\u00f3n puro y rezar. El fruto de la oraci\u00f3n es la profundizaci\u00f3n en la fe. El fruto de la fe es el amor. Y el fruto del amor es el servicio al pr\u00f3jimo. Esto nos trae la paz\u201d.<br \/>\u00a1Feliz Fiesta de Santa Teresa de Calcuta!<\/p>\n<p style=\"text-align: center;\"><a href=\"http:\/\/www.acidigital.com\/noticias\/hoje-a-igreja-celebra-santa-teresa-de-calcuta-38360\/\" target=\"_blank\" rel=\"noopener noreferrer\">Publicado en ACI Prensa por Liliana Montes<\/a><\/p>\n","protected":false},"excerpt":{"rendered":"<p>Hoy, 5 de septiembre, celebramos la fiesta de Santa Teresa de Calcuta, canonizada hace un a\u00f1o por el Papa Francisco en una Misa celebrada en la Plaza de San Pedro, a la cual asistieron unas 120 mil personas. La Santa albanesa muri\u00f3 exactamente hace 20 a\u00f1os, el 5 de septiembre de 1997 en Calcuta, India [&hellip;]<\/p>\n","protected":false},"author":28,"featured_media":9292,"comment_status":"closed","ping_status":"closed","sticky":false,"template":"","format":"standard","meta":{"_et_pb_use_builder":"","_et_pb_old_content":"","_et_gb_content_width":"","footnotes":"","_links_to":"","_links_to_target":""},"categories":[533,469],"tags":[],"class_list":["post-28560","post","type-post","status-publish","format-standard","has-post-thumbnail","hentry","category-igreja","category-noticias-pt-br"],"yoast_head":"<!-- This site is optimized with the Yoast SEO plugin v27.5 - https:\/\/yoast.com\/product\/yoast-seo-wordpress\/ -->\n<title>Hoje a Igreja celebra Santa Teresa de Calcut\u00e1 - Hijas de Jes\u00fas<\/title>\n<meta name=\"robots\" content=\"index, follow, max-snippet:-1, max-image-preview:large, max-video-preview:-1\" \/>\n<link rel=\"canonical\" href=\"https:\/\/hijasdejesus.org\/pt-br\/hoje-a-igreja-celebra-santa-teresa-de-calcuta\/\" \/>\n<meta property=\"og:locale\" content=\"pt_BR\" \/>\n<meta property=\"og:type\" content=\"article\" \/>\n<meta property=\"og:title\" content=\"Hoje a Igreja celebra Santa Teresa de Calcut\u00e1 - Hijas de Jes\u00fas\" \/>\n<meta property=\"og:description\" content=\"Hoy, 5 de septiembre, celebramos la fiesta de Santa Teresa de Calcuta, canonizada hace un a\u00f1o por el Papa Francisco en una Misa celebrada en la Plaza de San Pedro, a la cual asistieron unas 120 mil personas. La Santa albanesa muri\u00f3 exactamente hace 20 a\u00f1os, el 5 de septiembre de 1997 en Calcuta, India [&hellip;]\" \/>\n<meta property=\"og:url\" content=\"https:\/\/hijasdejesus.org\/pt-br\/hoje-a-igreja-celebra-santa-teresa-de-calcuta\/\" \/>\n<meta property=\"og:site_name\" content=\"Hijas de Jes\u00fas\" \/>\n<meta property=\"article:publisher\" content=\"https:\/\/www.facebook.com\/hijasdejesusenelmundo\/\" \/>\n<meta property=\"article:published_time\" content=\"2017-09-05T11:23:22+00:00\" \/>\n<meta property=\"article:modified_time\" content=\"2017-09-05T11:25:36+00:00\" \/>\n<meta property=\"og:image\" content=\"https:\/\/hijasdejesus.org\/wp-content\/uploads\/2017\/09\/TeresaCalcuta-5Setiembre.jpg\" \/>\n\t<meta property=\"og:image:width\" content=\"680\" \/>\n\t<meta property=\"og:image:height\" content=\"378\" \/>\n\t<meta property=\"og:image:type\" content=\"image\/jpeg\" \/>\n<meta name=\"author\" content=\"Webmaster\" \/>\n<meta name=\"twitter:card\" content=\"summary_large_image\" \/>\n<meta name=\"twitter:creator\" content=\"@hijasdjesus\" \/>\n<meta name=\"twitter:site\" content=\"@hijasdjesus\" \/>\n<meta name=\"twitter:label1\" content=\"Escrito por\" \/>\n\t<meta name=\"twitter:data1\" content=\"Webmaster\" \/>\n\t<meta name=\"twitter:label2\" content=\"Est. tempo de leitura\" \/>\n\t<meta name=\"twitter:data2\" content=\"3 minutos\" \/>\n<script type=\"application\/ld+json\" class=\"yoast-schema-graph\">{\"@context\":\"https:\\\/\\\/schema.org\",\"@graph\":[{\"@type\":\"Article\",\"@id\":\"https:\\\/\\\/hijasdejesus.org\\\/pt-br\\\/hoje-a-igreja-celebra-santa-teresa-de-calcuta\\\/#article\",\"isPartOf\":{\"@id\":\"https:\\\/\\\/hijasdejesus.org\\\/pt-br\\\/hoje-a-igreja-celebra-santa-teresa-de-calcuta\\\/\"},\"author\":{\"name\":\"Webmaster\",\"@id\":\"https:\\\/\\\/hijasdejesus.org\\\/pt-br\\\/#\\\/schema\\\/person\\\/ce4455965da733f2791f23b6ec14e9b6\"},\"headline\":\"Hoje a Igreja celebra Santa Teresa de Calcut\u00e1\",\"datePublished\":\"2017-09-05T11:23:22+00:00\",\"dateModified\":\"2017-09-05T11:25:36+00:00\",\"mainEntityOfPage\":{\"@id\":\"https:\\\/\\\/hijasdejesus.org\\\/pt-br\\\/hoje-a-igreja-celebra-santa-teresa-de-calcuta\\\/\"},\"wordCount\":639,\"publisher\":{\"@id\":\"https:\\\/\\\/hijasdejesus.org\\\/pt-br\\\/#organization\"},\"image\":{\"@id\":\"https:\\\/\\\/hijasdejesus.org\\\/pt-br\\\/hoje-a-igreja-celebra-santa-teresa-de-calcuta\\\/#primaryimage\"},\"thumbnailUrl\":\"https:\\\/\\\/hijasdejesus.org\\\/wp-content\\\/uploads\\\/2017\\\/09\\\/TeresaCalcuta-5Setiembre.jpg\",\"articleSection\":[\"Igreja\",\"Not\u00edcias\"],\"inLanguage\":\"pt-BR\"},{\"@type\":\"WebPage\",\"@id\":\"https:\\\/\\\/hijasdejesus.org\\\/pt-br\\\/hoje-a-igreja-celebra-santa-teresa-de-calcuta\\\/\",\"url\":\"https:\\\/\\\/hijasdejesus.org\\\/pt-br\\\/hoje-a-igreja-celebra-santa-teresa-de-calcuta\\\/\",\"name\":\"Hoje a Igreja celebra Santa Teresa de Calcut\u00e1 - Hijas de Jes\u00fas\",\"isPartOf\":{\"@id\":\"https:\\\/\\\/hijasdejesus.org\\\/pt-br\\\/#website\"},\"primaryImageOfPage\":{\"@id\":\"https:\\\/\\\/hijasdejesus.org\\\/pt-br\\\/hoje-a-igreja-celebra-santa-teresa-de-calcuta\\\/#primaryimage\"},\"image\":{\"@id\":\"https:\\\/\\\/hijasdejesus.org\\\/pt-br\\\/hoje-a-igreja-celebra-santa-teresa-de-calcuta\\\/#primaryimage\"},\"thumbnailUrl\":\"https:\\\/\\\/hijasdejesus.org\\\/wp-content\\\/uploads\\\/2017\\\/09\\\/TeresaCalcuta-5Setiembre.jpg\",\"datePublished\":\"2017-09-05T11:23:22+00:00\",\"dateModified\":\"2017-09-05T11:25:36+00:00\",\"breadcrumb\":{\"@id\":\"https:\\\/\\\/hijasdejesus.org\\\/pt-br\\\/hoje-a-igreja-celebra-santa-teresa-de-calcuta\\\/#breadcrumb\"},\"inLanguage\":\"pt-BR\",\"potentialAction\":[{\"@type\":\"ReadAction\",\"target\":[\"https:\\\/\\\/hijasdejesus.org\\\/pt-br\\\/hoje-a-igreja-celebra-santa-teresa-de-calcuta\\\/\"]}]},{\"@type\":\"ImageObject\",\"inLanguage\":\"pt-BR\",\"@id\":\"https:\\\/\\\/hijasdejesus.org\\\/pt-br\\\/hoje-a-igreja-celebra-santa-teresa-de-calcuta\\\/#primaryimage\",\"url\":\"https:\\\/\\\/hijasdejesus.org\\\/wp-content\\\/uploads\\\/2017\\\/09\\\/TeresaCalcuta-5Setiembre.jpg\",\"contentUrl\":\"https:\\\/\\\/hijasdejesus.org\\\/wp-content\\\/uploads\\\/2017\\\/09\\\/TeresaCalcuta-5Setiembre.jpg\",\"width\":680,\"height\":378},{\"@type\":\"BreadcrumbList\",\"@id\":\"https:\\\/\\\/hijasdejesus.org\\\/pt-br\\\/hoje-a-igreja-celebra-santa-teresa-de-calcuta\\\/#breadcrumb\",\"itemListElement\":[{\"@type\":\"ListItem\",\"position\":1,\"name\":\"Portada\",\"item\":\"https:\\\/\\\/hijasdejesus.org\\\/pt-br\\\/\"},{\"@type\":\"ListItem\",\"position\":2,\"name\":\"Hoje a Igreja celebra Santa Teresa de Calcut\u00e1\"}]},{\"@type\":\"WebSite\",\"@id\":\"https:\\\/\\\/hijasdejesus.org\\\/pt-br\\\/#website\",\"url\":\"https:\\\/\\\/hijasdejesus.org\\\/pt-br\\\/\",\"name\":\"Hijas de Jes\u00fas\",\"description\":\"Despertamos a Jes\u00fas en el coraz\u00f3n, sacando lo mejor de las personas. Somos una congregaci\u00f3n religiosa ignaciana fundada por la Madre Candida\",\"publisher\":{\"@id\":\"https:\\\/\\\/hijasdejesus.org\\\/pt-br\\\/#organization\"},\"potentialAction\":[{\"@type\":\"SearchAction\",\"target\":{\"@type\":\"EntryPoint\",\"urlTemplate\":\"https:\\\/\\\/hijasdejesus.org\\\/pt-br\\\/?s={search_term_string}\"},\"query-input\":{\"@type\":\"PropertyValueSpecification\",\"valueRequired\":true,\"valueName\":\"search_term_string\"}}],\"inLanguage\":\"pt-BR\"},{\"@type\":\"Organization\",\"@id\":\"https:\\\/\\\/hijasdejesus.org\\\/pt-br\\\/#organization\",\"name\":\"Hijas de Jes\u00fas\",\"url\":\"https:\\\/\\\/hijasdejesus.org\\\/pt-br\\\/\",\"logo\":{\"@type\":\"ImageObject\",\"inLanguage\":\"pt-BR\",\"@id\":\"https:\\\/\\\/hijasdejesus.org\\\/pt-br\\\/#\\\/schema\\\/logo\\\/image\\\/\",\"url\":\"https:\\\/\\\/hijasdejesus.org\\\/wp-content\\\/uploads\\\/2023\\\/01\\\/Hijas-de-Jesus_hor-A7C957.png\",\"contentUrl\":\"https:\\\/\\\/hijasdejesus.org\\\/wp-content\\\/uploads\\\/2023\\\/01\\\/Hijas-de-Jesus_hor-A7C957.png\",\"width\":700,\"height\":360,\"caption\":\"Hijas de Jes\u00fas\"},\"image\":{\"@id\":\"https:\\\/\\\/hijasdejesus.org\\\/pt-br\\\/#\\\/schema\\\/logo\\\/image\\\/\"},\"sameAs\":[\"https:\\\/\\\/www.facebook.com\\\/hijasdejesusenelmundo\\\/\",\"https:\\\/\\\/x.com\\\/hijasdjesus\"]},{\"@type\":\"Person\",\"@id\":\"https:\\\/\\\/hijasdejesus.org\\\/pt-br\\\/#\\\/schema\\\/person\\\/ce4455965da733f2791f23b6ec14e9b6\",\"name\":\"Webmaster\",\"image\":{\"@type\":\"ImageObject\",\"inLanguage\":\"pt-BR\",\"@id\":\"https:\\\/\\\/secure.gravatar.com\\\/avatar\\\/cfd0acaac86c3981d541d2e99a0ffb7b6d33a5ac8989a62f5518b9e0f7ee128a?s=96&d=mm&r=g\",\"url\":\"https:\\\/\\\/secure.gravatar.com\\\/avatar\\\/cfd0acaac86c3981d541d2e99a0ffb7b6d33a5ac8989a62f5518b9e0f7ee128a?s=96&d=mm&r=g\",\"contentUrl\":\"https:\\\/\\\/secure.gravatar.com\\\/avatar\\\/cfd0acaac86c3981d541d2e99a0ffb7b6d33a5ac8989a62f5518b9e0f7ee128a?s=96&d=mm&r=g\",\"caption\":\"Webmaster\"},\"url\":\"https:\\\/\\\/hijasdejesus.org\\\/pt-br\\\/author\\\/webmaster\\\/\"}]}<\/script>\n<!-- \/ Yoast SEO plugin. -->","yoast_head_json":{"title":"Hoje a Igreja celebra Santa Teresa de Calcut\u00e1 - Hijas de Jes\u00fas","robots":{"index":"index","follow":"follow","max-snippet":"max-snippet:-1","max-image-preview":"max-image-preview:large","max-video-preview":"max-video-preview:-1"},"canonical":"https:\/\/hijasdejesus.org\/pt-br\/hoje-a-igreja-celebra-santa-teresa-de-calcuta\/","og_locale":"pt_BR","og_type":"article","og_title":"Hoje a Igreja celebra Santa Teresa de Calcut\u00e1 - Hijas de Jes\u00fas","og_description":"Hoy, 5 de septiembre, celebramos la fiesta de Santa Teresa de Calcuta, canonizada hace un a\u00f1o por el Papa Francisco en una Misa celebrada en la Plaza de San Pedro, a la cual asistieron unas 120 mil personas. La Santa albanesa muri\u00f3 exactamente hace 20 a\u00f1os, el 5 de septiembre de 1997 en Calcuta, India [&hellip;]","og_url":"https:\/\/hijasdejesus.org\/pt-br\/hoje-a-igreja-celebra-santa-teresa-de-calcuta\/","og_site_name":"Hijas de Jes\u00fas","article_publisher":"https:\/\/www.facebook.com\/hijasdejesusenelmundo\/","article_published_time":"2017-09-05T11:23:22+00:00","article_modified_time":"2017-09-05T11:25:36+00:00","og_image":[{"width":680,"height":378,"url":"https:\/\/hijasdejesus.org\/wp-content\/uploads\/2017\/09\/TeresaCalcuta-5Setiembre.jpg","type":"image\/jpeg"}],"author":"Webmaster","twitter_card":"summary_large_image","twitter_creator":"@hijasdjesus","twitter_site":"@hijasdjesus","twitter_misc":{"Escrito por":"Webmaster","Est. tempo de leitura":"3 minutos"},"schema":{"@context":"https:\/\/schema.org","@graph":[{"@type":"Article","@id":"https:\/\/hijasdejesus.org\/pt-br\/hoje-a-igreja-celebra-santa-teresa-de-calcuta\/#article","isPartOf":{"@id":"https:\/\/hijasdejesus.org\/pt-br\/hoje-a-igreja-celebra-santa-teresa-de-calcuta\/"},"author":{"name":"Webmaster","@id":"https:\/\/hijasdejesus.org\/pt-br\/#\/schema\/person\/ce4455965da733f2791f23b6ec14e9b6"},"headline":"Hoje a Igreja celebra Santa Teresa de Calcut\u00e1","datePublished":"2017-09-05T11:23:22+00:00","dateModified":"2017-09-05T11:25:36+00:00","mainEntityOfPage":{"@id":"https:\/\/hijasdejesus.org\/pt-br\/hoje-a-igreja-celebra-santa-teresa-de-calcuta\/"},"wordCount":639,"publisher":{"@id":"https:\/\/hijasdejesus.org\/pt-br\/#organization"},"image":{"@id":"https:\/\/hijasdejesus.org\/pt-br\/hoje-a-igreja-celebra-santa-teresa-de-calcuta\/#primaryimage"},"thumbnailUrl":"https:\/\/hijasdejesus.org\/wp-content\/uploads\/2017\/09\/TeresaCalcuta-5Setiembre.jpg","articleSection":["Igreja","Not\u00edcias"],"inLanguage":"pt-BR"},{"@type":"WebPage","@id":"https:\/\/hijasdejesus.org\/pt-br\/hoje-a-igreja-celebra-santa-teresa-de-calcuta\/","url":"https:\/\/hijasdejesus.org\/pt-br\/hoje-a-igreja-celebra-santa-teresa-de-calcuta\/","name":"Hoje a Igreja celebra Santa Teresa de Calcut\u00e1 - Hijas de Jes\u00fas","isPartOf":{"@id":"https:\/\/hijasdejesus.org\/pt-br\/#website"},"primaryImageOfPage":{"@id":"https:\/\/hijasdejesus.org\/pt-br\/hoje-a-igreja-celebra-santa-teresa-de-calcuta\/#primaryimage"},"image":{"@id":"https:\/\/hijasdejesus.org\/pt-br\/hoje-a-igreja-celebra-santa-teresa-de-calcuta\/#primaryimage"},"thumbnailUrl":"https:\/\/hijasdejesus.org\/wp-content\/uploads\/2017\/09\/TeresaCalcuta-5Setiembre.jpg","datePublished":"2017-09-05T11:23:22+00:00","dateModified":"2017-09-05T11:25:36+00:00","breadcrumb":{"@id":"https:\/\/hijasdejesus.org\/pt-br\/hoje-a-igreja-celebra-santa-teresa-de-calcuta\/#breadcrumb"},"inLanguage":"pt-BR","potentialAction":[{"@type":"ReadAction","target":["https:\/\/hijasdejesus.org\/pt-br\/hoje-a-igreja-celebra-santa-teresa-de-calcuta\/"]}]},{"@type":"ImageObject","inLanguage":"pt-BR","@id":"https:\/\/hijasdejesus.org\/pt-br\/hoje-a-igreja-celebra-santa-teresa-de-calcuta\/#primaryimage","url":"https:\/\/hijasdejesus.org\/wp-content\/uploads\/2017\/09\/TeresaCalcuta-5Setiembre.jpg","contentUrl":"https:\/\/hijasdejesus.org\/wp-content\/uploads\/2017\/09\/TeresaCalcuta-5Setiembre.jpg","width":680,"height":378},{"@type":"BreadcrumbList","@id":"https:\/\/hijasdejesus.org\/pt-br\/hoje-a-igreja-celebra-santa-teresa-de-calcuta\/#breadcrumb","itemListElement":[{"@type":"ListItem","position":1,"name":"Portada","item":"https:\/\/hijasdejesus.org\/pt-br\/"},{"@type":"ListItem","position":2,"name":"Hoje a Igreja celebra Santa Teresa de Calcut\u00e1"}]},{"@type":"WebSite","@id":"https:\/\/hijasdejesus.org\/pt-br\/#website","url":"https:\/\/hijasdejesus.org\/pt-br\/","name":"Hijas de Jes\u00fas","description":"Despertamos a Jes\u00fas en el coraz\u00f3n, sacando lo mejor de las personas. Somos una congregaci\u00f3n religiosa ignaciana fundada por la Madre Candida","publisher":{"@id":"https:\/\/hijasdejesus.org\/pt-br\/#organization"},"potentialAction":[{"@type":"SearchAction","target":{"@type":"EntryPoint","urlTemplate":"https:\/\/hijasdejesus.org\/pt-br\/?s={search_term_string}"},"query-input":{"@type":"PropertyValueSpecification","valueRequired":true,"valueName":"search_term_string"}}],"inLanguage":"pt-BR"},{"@type":"Organization","@id":"https:\/\/hijasdejesus.org\/pt-br\/#organization","name":"Hijas de Jes\u00fas","url":"https:\/\/hijasdejesus.org\/pt-br\/","logo":{"@type":"ImageObject","inLanguage":"pt-BR","@id":"https:\/\/hijasdejesus.org\/pt-br\/#\/schema\/logo\/image\/","url":"https:\/\/hijasdejesus.org\/wp-content\/uploads\/2023\/01\/Hijas-de-Jesus_hor-A7C957.png","contentUrl":"https:\/\/hijasdejesus.org\/wp-content\/uploads\/2023\/01\/Hijas-de-Jesus_hor-A7C957.png","width":700,"height":360,"caption":"Hijas de Jes\u00fas"},"image":{"@id":"https:\/\/hijasdejesus.org\/pt-br\/#\/schema\/logo\/image\/"},"sameAs":["https:\/\/www.facebook.com\/hijasdejesusenelmundo\/","https:\/\/x.com\/hijasdjesus"]},{"@type":"Person","@id":"https:\/\/hijasdejesus.org\/pt-br\/#\/schema\/person\/ce4455965da733f2791f23b6ec14e9b6","name":"Webmaster","image":{"@type":"ImageObject","inLanguage":"pt-BR","@id":"https:\/\/secure.gravatar.com\/avatar\/cfd0acaac86c3981d541d2e99a0ffb7b6d33a5ac8989a62f5518b9e0f7ee128a?s=96&d=mm&r=g","url":"https:\/\/secure.gravatar.com\/avatar\/cfd0acaac86c3981d541d2e99a0ffb7b6d33a5ac8989a62f5518b9e0f7ee128a?s=96&d=mm&r=g","contentUrl":"https:\/\/secure.gravatar.com\/avatar\/cfd0acaac86c3981d541d2e99a0ffb7b6d33a5ac8989a62f5518b9e0f7ee128a?s=96&d=mm&r=g","caption":"Webmaster"},"url":"https:\/\/hijasdejesus.org\/pt-br\/author\/webmaster\/"}]}},"_links":{"self":[{"href":"https:\/\/hijasdejesus.org\/pt-br\/wp-json\/wp\/v2\/posts\/28560","targetHints":{"allow":["GET"]}}],"collection":[{"href":"https:\/\/hijasdejesus.org\/pt-br\/wp-json\/wp\/v2\/posts"}],"about":[{"href":"https:\/\/hijasdejesus.org\/pt-br\/wp-json\/wp\/v2\/types\/post"}],"author":[{"embeddable":true,"href":"https:\/\/hijasdejesus.org\/pt-br\/wp-json\/wp\/v2\/users\/28"}],"replies":[{"embeddable":true,"href":"https:\/\/hijasdejesus.org\/pt-br\/wp-json\/wp\/v2\/comments?post=28560"}],"version-history":[{"count":0,"href":"https:\/\/hijasdejesus.org\/pt-br\/wp-json\/wp\/v2\/posts\/28560\/revisions"}],"wp:featuredmedia":[{"embeddable":true,"href":"https:\/\/hijasdejesus.org\/pt-br\/wp-json\/wp\/v2\/media\/9292"}],"wp:attachment":[{"href":"https:\/\/hijasdejesus.org\/pt-br\/wp-json\/wp\/v2\/media?parent=28560"}],"wp:term":[{"taxonomy":"category","embeddable":true,"href":"https:\/\/hijasdejesus.org\/pt-br\/wp-json\/wp\/v2\/categories?post=28560"},{"taxonomy":"post_tag","embeddable":true,"href":"https:\/\/hijasdejesus.org\/pt-br\/wp-json\/wp\/v2\/tags?post=28560"}],"curies":[{"name":"wp","href":"https:\/\/api.w.org\/{rel}","templated":true}]}}